{"id":121836,"date":"2021-02-18T14:07:51","date_gmt":"2021-02-18T13:07:51","guid":{"rendered":"http:\/\/www.bellunopress.it\/?p=121836"},"modified":"2021-02-18T14:07:52","modified_gmt":"2021-02-18T13:07:52","slug":"al-museo-civico-e-alla-galleria-rizzarda-un-nuovo-bookshop-con-i-prodotti-dei-maestri-feltrini","status":"publish","type":"post","link":"https:\/\/www.bellunopress.it\/fr\/2021\/02\/18\/al-museo-civico-e-alla-galleria-rizzarda-un-nuovo-bookshop-con-i-prodotti-dei-maestri-feltrini\/","title":{"rendered":"Al Museo Civico e alla Galleria Rizzarda un nuovo bookshop con i prodotti dei maestri feltrini"},"content":{"rendered":"<figure id=\"attachment_121837\" aria-describedby=\"caption-attachment-121837\" style=\"width: 563px\" class=\"wp-caption alignleft\"><a href=\"http:\/\/www.bellunopress.it\/fr\/2021\/02\/18\/al-museo-civico-e-alla-galleria-rizzarda-un-nuovo-bookshop-con-i-prodotti-dei-maestri-feltrini\/museo-civico-feltre_edited\/\" rel=\"attachment wp-att-121837\"><img loading=\"lazy\" decoding=\"async\" class=\"size-full wp-image-121837\" src=\"http:\/\/www.bellunopress.it\/wp-content\/uploads\/2021\/02\/Museo-Civico-Feltre_edited.jpg\" alt=\"\" width=\"563\" height=\"1000\" srcset=\"https:\/\/www.bellunopress.it\/wp-content\/uploads\/2021\/02\/Museo-Civico-Feltre_edited.jpg 563w, https:\/\/www.bellunopress.it\/wp-content\/uploads\/2021\/02\/Museo-Civico-Feltre_edited-282x500.jpg 282w, https:\/\/www.bellunopress.it\/wp-content\/uploads\/2021\/02\/Museo-Civico-Feltre_edited-236x420.jpg 236w\" sizes=\"auto, (max-width: 563px) 100vw, 563px\" \/><\/a><figcaption id=\"caption-attachment-121837\" class=\"wp-caption-text\">Museo Civico di Feltre<\/figcaption><\/figure>\n<figure id=\"attachment_121838\" aria-describedby=\"caption-attachment-121838\" style=\"width: 1000px\" class=\"wp-caption alignleft\"><a href=\"http:\/\/www.bellunopress.it\/fr\/2021\/02\/18\/al-museo-civico-e-alla-galleria-rizzarda-un-nuovo-bookshop-con-i-prodotti-dei-maestri-feltrini\/galleria-rizzarda-feltre_edited\/\" rel=\"attachment wp-att-121838\"><img loading=\"lazy\" decoding=\"async\" class=\"size-full wp-image-121838\" src=\"http:\/\/www.bellunopress.it\/wp-content\/uploads\/2021\/02\/Galleria-Rizzarda-Feltre_edited.jpg\" alt=\"\" width=\"1000\" height=\"563\" srcset=\"https:\/\/www.bellunopress.it\/wp-content\/uploads\/2021\/02\/Galleria-Rizzarda-Feltre_edited.jpg 1000w, https:\/\/www.bellunopress.it\/wp-content\/uploads\/2021\/02\/Galleria-Rizzarda-Feltre_edited-500x282.jpg 500w, https:\/\/www.bellunopress.it\/wp-content\/uploads\/2021\/02\/Galleria-Rizzarda-Feltre_edited-696x392.jpg 696w, https:\/\/www.bellunopress.it\/wp-content\/uploads\/2021\/02\/Galleria-Rizzarda-Feltre_edited-746x420.jpg 746w\" sizes=\"auto, (max-width: 1000px) 100vw, 1000px\" \/><\/a><figcaption id=\"caption-attachment-121838\" class=\"wp-caption-text\">Galleria Rizzarda di Feltre<\/figcaption><\/figure>\n<p>Feltre, 18 febbraio 2021 &#8211;\u00a0Valorizzare i musei cittadini, arricchendo l&#8217;esperienza di visita con delle proposte integrative, come \u2013 in primis &#8211; la creazione di spazi bookshop dedicati alla vendita di prodotti editoriali, riproduzioni di beni culturali e oggetti di artigianato artistico correlati al patrimonio e alle proposte degli stessi musei.<\/p>\n<p>Va in questa direzione la scelta dell&#8217;Amministrazione comunale di Feltre che ha dato il via libera, con una delibera di giunta, ad un restyling, che verr\u00e0 condotto nei prossimi mesi, degli spazi di vendita del Museo Civico e della Galleria d&#8217;Arte Moderna Carlo Rizzarda.<br \/>\nLa decisione va di pari passo con il fatto che in questi mesi entrambe le strutture sono oggetto di importanti interventi di rinnovamento, finalizzati all&#8217;apertura presso la Galleria Rizzarda della sezione espositiva permanente della collezione di vetri d&#8217;arte Nasci-Franzoia e alla creazione della nuova sezione archeologica e del percorso ad essa collegato presso il Museo Civico.<\/p>\n<p>Gli oggetti selezionati dovranno soddisfare alcuni criteri, tra i quali essere espressione delle produzioni tipiche locali, essere caratterizzati dall&#8217;elevata innovativit\u00e0 della proposta, o ancora essere realizzati con materiali di pregio per essere rappresentativi della bellezza e ricchezza della cultura locale nelle sue diverse componenti naturalistica, storica e artistica.<br \/>\nTra le produzioni artigianali di interesse potranno rientrare, a titolo indicativo, ceramiche e terracotta, produzioni tessili, oggetti in carta o cartapesta, oggetti in pietra, oggetti in cuoio, produzioni di bigiotteria\/gioielleria.<\/p>\n<figure id=\"attachment_108002\" aria-describedby=\"caption-attachment-108002\" style=\"width: 139px\" class=\"wp-caption alignleft\"><a href=\"http:\/\/www.bellunopress.it\/fr\/2019\/09\/19\/primi-dati-sulla-stagione-turistica-feltrina-laumento-e-a-doppia-cifra\/alessandro-del-bianco-2\/\" rel=\"attachment wp-att-108002\"><img loading=\"lazy\" decoding=\"async\" class=\"size-full wp-image-108002\" src=\"http:\/\/www.bellunopress.it\/wp-content\/uploads\/2019\/09\/Alessandro-Del-Bianco.jpg\" alt=\"\" width=\"139\" height=\"171\" \/><\/a><figcaption id=\"caption-attachment-108002\" class=\"wp-caption-text\">Alessandro Del Bianco, assessore Comune di Feltre<\/figcaption><\/figure>\n<p>\u201cCon questa scelta vogliamo mettere in atto una nuova sinergia, peraltro gi\u00e0 sperimentata con successo presso altre importanti strutture espositive, sottolinea l&#8217;assessore alla cultura del Comune di Feltre Alessandro Del Bianco. Musei ed artigiani locali diventano in questo senso un volano importante per lo sviluppo turistico del territorio: il visitatore \u2013 continua Del Bianco \u2013 chiede spesso di poter proseguire la propria esperienza museale portando con s\u00e9 un oggetto che e identifichi e rappresenti la citt\u00e0 o il territorio di appartenenza. In questo modo potremo fornire un incentivo alle produzioni locali di qualit\u00e0, arricchendo al contempo l&#8217;offerta della Galleria Rizzarda e del Museo Civico, soprattutto in vista delle prossime importanti aperture\u201d.<\/p>\n<p>Nelle prossime settimane verranno avviati i lavori di restyling dei bookshop.<br \/>\nGli artigiani interessati a proporre i propri oggetti, che rispondano alle caratteristiche citate, potranno contattare direttamente l\u2019Ufficio Cultura del Comune di Feltre.<\/p>\n<p>&nbsp;<\/p>","protected":false},"excerpt":{"rendered":"<p>Feltre, 18 febbraio 2021 &#8211;\u00a0Valorizzare i musei cittadini, arricchendo l&#8217;esperienza di visita con delle proposte integrative, come \u2013 in primis &#8211; la creazione di spazi bookshop dedicati alla vendita di prodotti editoriali, riproduzioni di beni culturali e oggetti di artigianato artistico correlati al patrimonio e alle proposte degli stessi musei. Va in questa direzione la [&hellip;]<\/p>\n","protected":false},"author":2,"featured_media":121838,"comment_status":"closed","ping_status":"open","sticky":false,"template":"","format":"standard","meta":{"footnotes":""},"categories":[3,25],"tags":[],"class_list":["post-121836","post","type-post","status-publish","format-standard","has-post-thumbnail","category-arte-cultura-spettacoli-scienza-archivi","category-pausa-caffe"],"yoast_head":"<!-- This site is optimized with the Yoast SEO plugin v28.4 - https:\/\/yoast.com\/product\/yoast-seo-wordpress\/ -->\n<title>Al Museo Civico e alla Galleria Rizzarda un nuovo bookshop con i prodotti dei maestri feltrini - Bellunopress - Dolomiti<\/title>\n<meta name=\"robots\" content=\"index, follow, max-snippet:-1, max-image-preview:large, max-video-preview:-1\" \/>\n<link rel=\"canonical\" href=\"https:\/\/www.bellunopress.it\/fr\/2021\/02\/18\/al-museo-civico-e-alla-galleria-rizzarda-un-nuovo-bookshop-con-i-prodotti-dei-maestri-feltrini\/\" \/>\n<meta property=\"og:locale\" content=\"fr_FR\" \/>\n<meta property=\"og:type\" content=\"article\" \/>\n<meta property=\"og:title\" content=\"Al Museo Civico e alla Galleria Rizzarda un nuovo bookshop con i prodotti dei maestri feltrini - Bellunopress - Dolomiti\" \/>\n<meta property=\"og:description\" content=\"Feltre, 18 febbraio 2021 &#8211;\u00a0Valorizzare i musei cittadini, arricchendo l&#8217;esperienza di visita con delle proposte integrative, come \u2013 in primis &#8211; la creazione di spazi bookshop dedicati alla vendita di prodotti editoriali, riproduzioni di beni culturali e oggetti di artigianato artistico correlati al patrimonio e alle proposte degli stessi musei. Va in questa direzione la [&hellip;]\" \/>\n<meta property=\"og:url\" content=\"https:\/\/www.bellunopress.it\/fr\/2021\/02\/18\/al-museo-civico-e-alla-galleria-rizzarda-un-nuovo-bookshop-con-i-prodotti-dei-maestri-feltrini\/\" \/>\n<meta property=\"og:site_name\" content=\"Bellunopress - Dolomiti\" \/>\n<meta property=\"article:publisher\" content=\"https:\/\/www.facebook.com\/profile.php?id=100008943462799\" \/>\n<meta property=\"article:published_time\" content=\"2021-02-18T13:07:51+00:00\" \/>\n<meta property=\"article:modified_time\" content=\"2021-02-18T13:07:52+00:00\" \/>\n<meta property=\"og:image\" content=\"https:\/\/www.bellunopress.it\/wp-content\/uploads\/2021\/02\/Galleria-Rizzarda-Feltre_edited.jpg\" \/>\n\t<meta property=\"og:image:width\" content=\"1000\" \/>\n\t<meta property=\"og:image:height\" content=\"563\" \/>\n\t<meta property=\"og:image:type\" content=\"image\/jpeg\" \/>\n<meta name=\"author\" content=\"redazione\" \/>\n<meta name=\"twitter:card\" content=\"summary_large_image\" \/>\n<meta name=\"twitter:creator\" content=\"@bellunopress\" \/>\n<meta name=\"twitter:site\" content=\"@bellunopress\" \/>\n<meta name=\"twitter:label1\" content=\"\u00c9crit par\" \/>\n\t<meta name=\"twitter:data1\" content=\"redazione\" \/>\n\t<meta name=\"twitter:label2\" content=\"Dur\u00e9e de lecture estim\u00e9e\" \/>\n\t<meta name=\"twitter:data2\" content=\"2 minutes\" \/>\n<script type=\"application\/ld+json\" class=\"yoast-schema-graph\">{\"@context\":\"https:\\\/\\\/schema.org\",\"@graph\":[{\"@type\":\"Article\",\"@id\":\"https:\\\/\\\/www.bellunopress.it\\\/2021\\\/02\\\/18\\\/al-museo-civico-e-alla-galleria-rizzarda-un-nuovo-bookshop-con-i-prodotti-dei-maestri-feltrini\\\/#article\",\"isPartOf\":{\"@id\":\"https:\\\/\\\/www.bellunopress.it\\\/2021\\\/02\\\/18\\\/al-museo-civico-e-alla-galleria-rizzarda-un-nuovo-bookshop-con-i-prodotti-dei-maestri-feltrini\\\/\"},\"author\":{\"name\":\"redazione\",\"@id\":\"https:\\\/\\\/www.bellunopress.it\\\/#\\\/schema\\\/person\\\/79bb06722b37ece1c03d3e94beb30d73\"},\"headline\":\"Al Museo Civico e alla Galleria Rizzarda un nuovo bookshop con i prodotti dei maestri feltrini\",\"datePublished\":\"2021-02-18T13:07:51+00:00\",\"dateModified\":\"2021-02-18T13:07:52+00:00\",\"mainEntityOfPage\":{\"@id\":\"https:\\\/\\\/www.bellunopress.it\\\/2021\\\/02\\\/18\\\/al-museo-civico-e-alla-galleria-rizzarda-un-nuovo-bookshop-con-i-prodotti-dei-maestri-feltrini\\\/\"},\"wordCount\":431,\"publisher\":{\"@id\":\"https:\\\/\\\/www.bellunopress.it\\\/#organization\"},\"image\":{\"@id\":\"https:\\\/\\\/www.bellunopress.it\\\/2021\\\/02\\\/18\\\/al-museo-civico-e-alla-galleria-rizzarda-un-nuovo-bookshop-con-i-prodotti-dei-maestri-feltrini\\\/#primaryimage\"},\"thumbnailUrl\":\"https:\\\/\\\/www.bellunopress.it\\\/wp-content\\\/uploads\\\/2021\\\/02\\\/Galleria-Rizzarda-Feltre_edited.jpg\",\"articleSection\":[\"Arte, Cultura, Spettacoli, Scienza\",\"Pausa Caff\u00e8\"],\"inLanguage\":\"fr-FR\"},{\"@type\":\"WebPage\",\"@id\":\"https:\\\/\\\/www.bellunopress.it\\\/2021\\\/02\\\/18\\\/al-museo-civico-e-alla-galleria-rizzarda-un-nuovo-bookshop-con-i-prodotti-dei-maestri-feltrini\\\/\",\"url\":\"https:\\\/\\\/www.bellunopress.it\\\/2021\\\/02\\\/18\\\/al-museo-civico-e-alla-galleria-rizzarda-un-nuovo-bookshop-con-i-prodotti-dei-maestri-feltrini\\\/\",\"name\":\"Al Museo Civico e alla Galleria Rizzarda un nuovo bookshop con i prodotti dei maestri feltrini - Bellunopress - Dolomiti\",\"isPartOf\":{\"@id\":\"https:\\\/\\\/www.bellunopress.it\\\/#website\"},\"primaryImageOfPage\":{\"@id\":\"https:\\\/\\\/www.bellunopress.it\\\/2021\\\/02\\\/18\\\/al-museo-civico-e-alla-galleria-rizzarda-un-nuovo-bookshop-con-i-prodotti-dei-maestri-feltrini\\\/#primaryimage\"},\"image\":{\"@id\":\"https:\\\/\\\/www.bellunopress.it\\\/2021\\\/02\\\/18\\\/al-museo-civico-e-alla-galleria-rizzarda-un-nuovo-bookshop-con-i-prodotti-dei-maestri-feltrini\\\/#primaryimage\"},\"thumbnailUrl\":\"https:\\\/\\\/www.bellunopress.it\\\/wp-content\\\/uploads\\\/2021\\\/02\\\/Galleria-Rizzarda-Feltre_edited.jpg\",\"datePublished\":\"2021-02-18T13:07:51+00:00\",\"dateModified\":\"2021-02-18T13:07:52+00:00\",\"breadcrumb\":{\"@id\":\"https:\\\/\\\/www.bellunopress.it\\\/2021\\\/02\\\/18\\\/al-museo-civico-e-alla-galleria-rizzarda-un-nuovo-bookshop-con-i-prodotti-dei-maestri-feltrini\\\/#breadcrumb\"},\"inLanguage\":\"fr-FR\",\"potentialAction\":[{\"@type\":\"ReadAction\",\"target\":[\"https:\\\/\\\/www.bellunopress.it\\\/2021\\\/02\\\/18\\\/al-museo-civico-e-alla-galleria-rizzarda-un-nuovo-bookshop-con-i-prodotti-dei-maestri-feltrini\\\/\"]}]},{\"@type\":\"ImageObject\",\"inLanguage\":\"fr-FR\",\"@id\":\"https:\\\/\\\/www.bellunopress.it\\\/2021\\\/02\\\/18\\\/al-museo-civico-e-alla-galleria-rizzarda-un-nuovo-bookshop-con-i-prodotti-dei-maestri-feltrini\\\/#primaryimage\",\"url\":\"https:\\\/\\\/www.bellunopress.it\\\/wp-content\\\/uploads\\\/2021\\\/02\\\/Galleria-Rizzarda-Feltre_edited.jpg\",\"contentUrl\":\"https:\\\/\\\/www.bellunopress.it\\\/wp-content\\\/uploads\\\/2021\\\/02\\\/Galleria-Rizzarda-Feltre_edited.jpg\",\"width\":1000,\"height\":563,\"caption\":\"Galleria Rizzarda di Feltre\"},{\"@type\":\"BreadcrumbList\",\"@id\":\"https:\\\/\\\/www.bellunopress.it\\\/2021\\\/02\\\/18\\\/al-museo-civico-e-alla-galleria-rizzarda-un-nuovo-bookshop-con-i-prodotti-dei-maestri-feltrini\\\/#breadcrumb\",\"itemListElement\":[{\"@type\":\"ListItem\",\"position\":1,\"name\":\"Home\",\"item\":\"https:\\\/\\\/www.bellunopress.it\\\/\"},{\"@type\":\"ListItem\",\"position\":2,\"name\":\"Al Museo Civico e alla Galleria Rizzarda un nuovo bookshop con i prodotti dei maestri feltrini\"}]},{\"@type\":\"WebSite\",\"@id\":\"https:\\\/\\\/www.bellunopress.it\\\/#website\",\"url\":\"https:\\\/\\\/www.bellunopress.it\\\/\",\"name\":\"Bellunopress - Dolomiti\",\"description\":\"e-mail: redazione@bellunopress.it\",\"publisher\":{\"@id\":\"https:\\\/\\\/www.bellunopress.it\\\/#organization\"},\"potentialAction\":[{\"@type\":\"SearchAction\",\"target\":{\"@type\":\"EntryPoint\",\"urlTemplate\":\"https:\\\/\\\/www.bellunopress.it\\\/?s={search_term_string}\"},\"query-input\":{\"@type\":\"PropertyValueSpecification\",\"valueRequired\":true,\"valueName\":\"search_term_string\"}}],\"inLanguage\":\"fr-FR\"},{\"@type\":\"Organization\",\"@id\":\"https:\\\/\\\/www.bellunopress.it\\\/#organization\",\"name\":\"Bellunopress\",\"url\":\"https:\\\/\\\/www.bellunopress.it\\\/\",\"logo\":{\"@type\":\"ImageObject\",\"inLanguage\":\"fr-FR\",\"@id\":\"https:\\\/\\\/www.bellunopress.it\\\/#\\\/schema\\\/logo\\\/image\\\/\",\"url\":\"https:\\\/\\\/www.bellunopress.it\\\/wp-content\\\/uploads\\\/2011\\\/05\\\/cropped-logo-bellunopress-.jpg\",\"contentUrl\":\"https:\\\/\\\/www.bellunopress.it\\\/wp-content\\\/uploads\\\/2011\\\/05\\\/cropped-logo-bellunopress-.jpg\",\"width\":512,\"height\":512,\"caption\":\"Bellunopress\"},\"image\":{\"@id\":\"https:\\\/\\\/www.bellunopress.it\\\/#\\\/schema\\\/logo\\\/image\\\/\"},\"sameAs\":[\"https:\\\/\\\/www.facebook.com\\\/profile.php?id=100008943462799\",\"https:\\\/\\\/x.com\\\/bellunopress\",\"https:\\\/\\\/www.linkedin.com\\\/hp\\\/?dnr=JBzUWaJfMUw8vbXJJ2tVW5-I3jZKvC4wsoxE&amp;amp;amp;amp;amp;amp;trk=nav_responsive_tab_home\",\"https:\\\/\\\/www.youtube.com\\\/channel\\\/UCxL0wu1uN0_3_7hGG0306cw\"]},{\"@type\":\"Person\",\"@id\":\"https:\\\/\\\/www.bellunopress.it\\\/#\\\/schema\\\/person\\\/79bb06722b37ece1c03d3e94beb30d73\",\"name\":\"redazione\",\"image\":{\"@type\":\"ImageObject\",\"inLanguage\":\"fr-FR\",\"@id\":\"https:\\\/\\\/secure.gravatar.com\\\/avatar\\\/37d968a2e67a6fd04c169c4bdef102d0bc5d31b2546345219e348575eb80e9a0?s=96&d=mm&r=g\",\"url\":\"https:\\\/\\\/secure.gravatar.com\\\/avatar\\\/37d968a2e67a6fd04c169c4bdef102d0bc5d31b2546345219e348575eb80e9a0?s=96&d=mm&r=g\",\"contentUrl\":\"https:\\\/\\\/secure.gravatar.com\\\/avatar\\\/37d968a2e67a6fd04c169c4bdef102d0bc5d31b2546345219e348575eb80e9a0?s=96&d=mm&r=g\",\"caption\":\"redazione\"},\"sameAs\":[\"http:\\\/\\\/www.bellunopress.it\",\"https:\\\/\\\/x.com\\\/bellunopress\"],\"url\":\"https:\\\/\\\/www.bellunopress.it\\\/fr\\\/author\\\/redazione\\\/\"}]}<\/script>\n<!-- \/ Yoast SEO plugin. -->","yoast_head_json":{"title":"Al Museo Civico e alla Galleria Rizzarda un nuovo bookshop con i prodotti dei maestri feltrini - Bellunopress - Dolomiti","robots":{"index":"index","follow":"follow","max-snippet":"max-snippet:-1","max-image-preview":"max-image-preview:large","max-video-preview":"max-video-preview:-1"},"canonical":"https:\/\/www.bellunopress.it\/fr\/2021\/02\/18\/al-museo-civico-e-alla-galleria-rizzarda-un-nuovo-bookshop-con-i-prodotti-dei-maestri-feltrini\/","og_locale":"fr_FR","og_type":"article","og_title":"Al Museo Civico e alla Galleria Rizzarda un nuovo bookshop con i prodotti dei maestri feltrini - Bellunopress - Dolomiti","og_description":"Feltre, 18 febbraio 2021 &#8211;\u00a0Valorizzare i musei cittadini, arricchendo l&#8217;esperienza di visita con delle proposte integrative, come \u2013 in primis &#8211; la creazione di spazi bookshop dedicati alla vendita di prodotti editoriali, riproduzioni di beni culturali e oggetti di artigianato artistico correlati al patrimonio e alle proposte degli stessi musei. Va in questa direzione la [&hellip;]","og_url":"https:\/\/www.bellunopress.it\/fr\/2021\/02\/18\/al-museo-civico-e-alla-galleria-rizzarda-un-nuovo-bookshop-con-i-prodotti-dei-maestri-feltrini\/","og_site_name":"Bellunopress - Dolomiti","article_publisher":"https:\/\/www.facebook.com\/profile.php?id=100008943462799","article_published_time":"2021-02-18T13:07:51+00:00","article_modified_time":"2021-02-18T13:07:52+00:00","og_image":[{"width":1000,"height":563,"url":"https:\/\/www.bellunopress.it\/wp-content\/uploads\/2021\/02\/Galleria-Rizzarda-Feltre_edited.jpg","type":"image\/jpeg"}],"author":"redazione","twitter_card":"summary_large_image","twitter_creator":"@bellunopress","twitter_site":"@bellunopress","twitter_misc":{"\u00c9crit par":"redazione","Dur\u00e9e de lecture estim\u00e9e":"2 minutes"},"schema":{"@context":"https:\/\/schema.org","@graph":[{"@type":"Article","@id":"https:\/\/www.bellunopress.it\/2021\/02\/18\/al-museo-civico-e-alla-galleria-rizzarda-un-nuovo-bookshop-con-i-prodotti-dei-maestri-feltrini\/#article","isPartOf":{"@id":"https:\/\/www.bellunopress.it\/2021\/02\/18\/al-museo-civico-e-alla-galleria-rizzarda-un-nuovo-bookshop-con-i-prodotti-dei-maestri-feltrini\/"},"author":{"name":"redazione","@id":"https:\/\/www.bellunopress.it\/#\/schema\/person\/79bb06722b37ece1c03d3e94beb30d73"},"headline":"Al Museo Civico e alla Galleria Rizzarda un nuovo bookshop con i prodotti dei maestri feltrini","datePublished":"2021-02-18T13:07:51+00:00","dateModified":"2021-02-18T13:07:52+00:00","mainEntityOfPage":{"@id":"https:\/\/www.bellunopress.it\/2021\/02\/18\/al-museo-civico-e-alla-galleria-rizzarda-un-nuovo-bookshop-con-i-prodotti-dei-maestri-feltrini\/"},"wordCount":431,"publisher":{"@id":"https:\/\/www.bellunopress.it\/#organization"},"image":{"@id":"https:\/\/www.bellunopress.it\/2021\/02\/18\/al-museo-civico-e-alla-galleria-rizzarda-un-nuovo-bookshop-con-i-prodotti-dei-maestri-feltrini\/#primaryimage"},"thumbnailUrl":"https:\/\/www.bellunopress.it\/wp-content\/uploads\/2021\/02\/Galleria-Rizzarda-Feltre_edited.jpg","articleSection":["Arte, Cultura, Spettacoli, Scienza","Pausa Caff\u00e8"],"inLanguage":"fr-FR"},{"@type":"WebPage","@id":"https:\/\/www.bellunopress.it\/2021\/02\/18\/al-museo-civico-e-alla-galleria-rizzarda-un-nuovo-bookshop-con-i-prodotti-dei-maestri-feltrini\/","url":"https:\/\/www.bellunopress.it\/2021\/02\/18\/al-museo-civico-e-alla-galleria-rizzarda-un-nuovo-bookshop-con-i-prodotti-dei-maestri-feltrini\/","name":"Al Museo Civico e alla Galleria Rizzarda un nuovo bookshop con i prodotti dei maestri feltrini - Bellunopress - Dolomiti","isPartOf":{"@id":"https:\/\/www.bellunopress.it\/#website"},"primaryImageOfPage":{"@id":"https:\/\/www.bellunopress.it\/2021\/02\/18\/al-museo-civico-e-alla-galleria-rizzarda-un-nuovo-bookshop-con-i-prodotti-dei-maestri-feltrini\/#primaryimage"},"image":{"@id":"https:\/\/www.bellunopress.it\/2021\/02\/18\/al-museo-civico-e-alla-galleria-rizzarda-un-nuovo-bookshop-con-i-prodotti-dei-maestri-feltrini\/#primaryimage"},"thumbnailUrl":"https:\/\/www.bellunopress.it\/wp-content\/uploads\/2021\/02\/Galleria-Rizzarda-Feltre_edited.jpg","datePublished":"2021-02-18T13:07:51+00:00","dateModified":"2021-02-18T13:07:52+00:00","breadcrumb":{"@id":"https:\/\/www.bellunopress.it\/2021\/02\/18\/al-museo-civico-e-alla-galleria-rizzarda-un-nuovo-bookshop-con-i-prodotti-dei-maestri-feltrini\/#breadcrumb"},"inLanguage":"fr-FR","potentialAction":[{"@type":"ReadAction","target":["https:\/\/www.bellunopress.it\/2021\/02\/18\/al-museo-civico-e-alla-galleria-rizzarda-un-nuovo-bookshop-con-i-prodotti-dei-maestri-feltrini\/"]}]},{"@type":"ImageObject","inLanguage":"fr-FR","@id":"https:\/\/www.bellunopress.it\/2021\/02\/18\/al-museo-civico-e-alla-galleria-rizzarda-un-nuovo-bookshop-con-i-prodotti-dei-maestri-feltrini\/#primaryimage","url":"https:\/\/www.bellunopress.it\/wp-content\/uploads\/2021\/02\/Galleria-Rizzarda-Feltre_edited.jpg","contentUrl":"https:\/\/www.bellunopress.it\/wp-content\/uploads\/2021\/02\/Galleria-Rizzarda-Feltre_edited.jpg","width":1000,"height":563,"caption":"Galleria Rizzarda di Feltre"},{"@type":"BreadcrumbList","@id":"https:\/\/www.bellunopress.it\/2021\/02\/18\/al-museo-civico-e-alla-galleria-rizzarda-un-nuovo-bookshop-con-i-prodotti-dei-maestri-feltrini\/#breadcrumb","itemListElement":[{"@type":"ListItem","position":1,"name":"Home","item":"https:\/\/www.bellunopress.it\/"},{"@type":"ListItem","position":2,"name":"Al Museo Civico e alla Galleria Rizzarda un nuovo bookshop con i prodotti dei maestri feltrini"}]},{"@type":"WebSite","@id":"https:\/\/www.bellunopress.it\/#website","url":"https:\/\/www.bellunopress.it\/","name":"Bellunopress - Dolomiti","description":"e-mail: redazione@bellunopress.it","publisher":{"@id":"https:\/\/www.bellunopress.it\/#organization"},"potentialAction":[{"@type":"SearchAction","target":{"@type":"EntryPoint","urlTemplate":"https:\/\/www.bellunopress.it\/?s={search_term_string}"},"query-input":{"@type":"PropertyValueSpecification","valueRequired":true,"valueName":"search_term_string"}}],"inLanguage":"fr-FR"},{"@type":"Organization","@id":"https:\/\/www.bellunopress.it\/#organization","name":"Bellunopress","url":"https:\/\/www.bellunopress.it\/","logo":{"@type":"ImageObject","inLanguage":"fr-FR","@id":"https:\/\/www.bellunopress.it\/#\/schema\/logo\/image\/","url":"https:\/\/www.bellunopress.it\/wp-content\/uploads\/2011\/05\/cropped-logo-bellunopress-.jpg","contentUrl":"https:\/\/www.bellunopress.it\/wp-content\/uploads\/2011\/05\/cropped-logo-bellunopress-.jpg","width":512,"height":512,"caption":"Bellunopress"},"image":{"@id":"https:\/\/www.bellunopress.it\/#\/schema\/logo\/image\/"},"sameAs":["https:\/\/www.facebook.com\/profile.php?id=100008943462799","https:\/\/x.com\/bellunopress","https:\/\/www.linkedin.com\/hp\/?dnr=JBzUWaJfMUw8vbXJJ2tVW5-I3jZKvC4wsoxE&amp;amp;amp;amp;amp;amp;trk=nav_responsive_tab_home","https:\/\/www.youtube.com\/channel\/UCxL0wu1uN0_3_7hGG0306cw"]},{"@type":"Person","@id":"https:\/\/www.bellunopress.it\/#\/schema\/person\/79bb06722b37ece1c03d3e94beb30d73","name":"r\u00e9daction","image":{"@type":"ImageObject","inLanguage":"fr-FR","@id":"https:\/\/secure.gravatar.com\/avatar\/37d968a2e67a6fd04c169c4bdef102d0bc5d31b2546345219e348575eb80e9a0?s=96&d=mm&r=g","url":"https:\/\/secure.gravatar.com\/avatar\/37d968a2e67a6fd04c169c4bdef102d0bc5d31b2546345219e348575eb80e9a0?s=96&d=mm&r=g","contentUrl":"https:\/\/secure.gravatar.com\/avatar\/37d968a2e67a6fd04c169c4bdef102d0bc5d31b2546345219e348575eb80e9a0?s=96&d=mm&r=g","caption":"redazione"},"sameAs":["http:\/\/www.bellunopress.it","https:\/\/x.com\/bellunopress"],"url":"https:\/\/www.bellunopress.it\/fr\/author\/redazione\/"}]}},"_links":{"self":[{"href":"https:\/\/www.bellunopress.it\/fr\/wp-json\/wp\/v2\/posts\/121836","targetHints":{"allow":["GET"]}}],"collection":[{"href":"https:\/\/www.bellunopress.it\/fr\/wp-json\/wp\/v2\/posts"}],"about":[{"href":"https:\/\/www.bellunopress.it\/fr\/wp-json\/wp\/v2\/types\/post"}],"author":[{"embeddable":true,"href":"https:\/\/www.bellunopress.it\/fr\/wp-json\/wp\/v2\/users\/2"}],"replies":[{"embeddable":true,"href":"https:\/\/www.bellunopress.it\/fr\/wp-json\/wp\/v2\/comments?post=121836"}],"version-history":[{"count":2,"href":"https:\/\/www.bellunopress.it\/fr\/wp-json\/wp\/v2\/posts\/121836\/revisions"}],"predecessor-version":[{"id":121840,"href":"https:\/\/www.bellunopress.it\/fr\/wp-json\/wp\/v2\/posts\/121836\/revisions\/121840"}],"wp:featuredmedia":[{"embeddable":true,"href":"https:\/\/www.bellunopress.it\/fr\/wp-json\/wp\/v2\/media\/121838"}],"wp:attachment":[{"href":"https:\/\/www.bellunopress.it\/fr\/wp-json\/wp\/v2\/media?parent=121836"}],"wp:term":[{"taxonomy":"category","embeddable":true,"href":"https:\/\/www.bellunopress.it\/fr\/wp-json\/wp\/v2\/categories?post=121836"},{"taxonomy":"post_tag","embeddable":true,"href":"https:\/\/www.bellunopress.it\/fr\/wp-json\/wp\/v2\/tags?post=121836"}],"curies":[{"name":"wp","href":"https:\/\/api.w.org\/{rel}","templated":true}]}}