{"id":121831,"date":"2021-02-18T13:34:18","date_gmt":"2021-02-18T12:34:18","guid":{"rendered":"http:\/\/www.bellunopress.it\/?p=121831"},"modified":"2021-02-18T13:34:19","modified_gmt":"2021-02-18T12:34:19","slug":"vaccinazioni-investimenti-imprese-scuola-fisco-cna-condivide-gli-obiettivi-del-presidente-draghi","status":"publish","type":"post","link":"https:\/\/www.bellunopress.it\/fr\/2021\/02\/18\/vaccinazioni-investimenti-imprese-scuola-fisco-cna-condivide-gli-obiettivi-del-presidente-draghi\/","title":{"rendered":"Vaccinazioni, investimenti, imprese, scuola, fisco. Cna condivide gli obiettivi del presidente Draghi"},"content":{"rendered":"<p><em>Alessandro Conte, Presidente CNA Veneto: \u00abCome abbiamo gi\u00e0 indicato, accogliamo positivamente le indicazioni del Presidente Draghi sulla necessit\u00e0 di investire sul Green e sul Digitale, settori strategici per il rilancio dell\u2019economia del territorio, che si modellano alla dimensione delle nostre imprese artigiane.\u00bb<\/em><br \/>\n<em>Matteo Ribon, Segretario CNA Veneto: \u00abSul tavolo, assieme alle priorit\u00e0 indicate dal Presidente Draghi, le nostre proposte: focus sul Recovery Plan, sulle PMI e sui territori economicamente trainanti e sulla riforma fiscale\u00bb.<\/em><\/p>\n<p>&nbsp;<\/p>\n<figure id=\"attachment_121832\" aria-describedby=\"caption-attachment-121832\" style=\"width: 525px\" class=\"wp-caption alignleft\"><a href=\"http:\/\/www.bellunopress.it\/fr\/2021\/02\/18\/vaccinazioni-investimenti-imprese-scuola-fisco-cna-condivide-gli-obiettivi-del-presidente-draghi\/alessandro-conte-presidente-cna-veneto_edited\/\" rel=\"attachment wp-att-121832\"><img loading=\"lazy\" decoding=\"async\" class=\"size-full wp-image-121832\" src=\"http:\/\/www.bellunopress.it\/wp-content\/uploads\/2021\/02\/Alessandro-Conte-Presidente-CNA-Veneto_edited.jpg\" alt=\"\" width=\"525\" height=\"587\" srcset=\"https:\/\/www.bellunopress.it\/wp-content\/uploads\/2021\/02\/Alessandro-Conte-Presidente-CNA-Veneto_edited.jpg 525w, https:\/\/www.bellunopress.it\/wp-content\/uploads\/2021\/02\/Alessandro-Conte-Presidente-CNA-Veneto_edited-447x500.jpg 447w, https:\/\/www.bellunopress.it\/wp-content\/uploads\/2021\/02\/Alessandro-Conte-Presidente-CNA-Veneto_edited-376x420.jpg 376w\" sizes=\"auto, (max-width: 525px) 100vw, 525px\" \/><\/a><figcaption id=\"caption-attachment-121832\" class=\"wp-caption-text\">Alessandro Conte<\/figcaption><\/figure>\n<p>Marghera,18 febbraio 2021 &#8211; All\u2019indomani del discorso programmatico del neo Presidente del Consiglio Mario Draghi, CNA si attende ora che dal confronto con le parti sociali si possa attivare una collaborazione proficua sulla spinta per la ripartenza.<br \/>\nLa prima necessit\u00e0 \u00e8 il varo di un potente piano di vaccinazione, che CNA auspica sar\u00e0 in grado di immunizzare perlomeno 30 milioni di cittadini pi\u00f9 a rischio entro giugno, misura quanto mai necessaria per far ripartire l\u2019economia.<br \/>\nAltro importante punto \u00e8 rappresentato dal riferimento costante del presidente Draghi \u00aball\u2019innovazione e alla transizione green che dovranno essere sostenuti da una combinazione di politiche strutturali e finanziarie per agevolare gli investimenti\u00bb. Su questo punto CNA Veneto ha gi\u00e0 messo sul piatto importanti valutazioni emerse da un recente studio sull\u2019impatto del Covid sull\u2019economia veneta. \u00abGreen e Digitale sono la partita da giocare \u2013 ribadisce Alessandro Conte, Presidente CNA Veneto \u2013 perch\u00e9 \u2018a misura d\u2019uomo\u2019, declinabili nella piccola e media dimensione, calzati a pennello sul nostro modello imprenditoriale. Su questi settori infatti riteniamo sia strategico concentrare maggiori risorse. La Digitalizzazione, come abbiamo constatato in questo anno di pandemia, ha facilitato la connessione per tutti e a tutti i livelli con un relativo investimento in termini di tecnologia; la Sostenibilit\u00e0 propone soluzioni che si modellano con maggior facilit\u00e0 alla dimensione delle nostre imprese artigiane\u00bb.<\/p>\n<p>Per quanto riguarda il Piano nazionale di ripresa e resilienza, Draghi ha annunciato il potenziamento del programma in termini di obiettivi strategici e riforme: le componenti di maggior interesse del PNRR rispetto all\u2019artigianato e alla PMI, siano i settori dedicati alla digitalizzazione, all\u2019innovazione e alla competitivit\u00e0 del sistema produttivo, all\u2019efficienza energetica e alla riqualificazione degli edifici.<\/p>\n<p>Altra priorit\u00e0 \u00e8 la scuola sulla quale \u00e8 necessario investire per adeguare l\u2019offerta educativa alla domanda delle nuove generazioni e del mondo del lavoro. CNA apprezza in particolare il riferimento del presidente del Consiglio alla grande attenzione che va riservata agli Istituti tecnici, guardando all\u2019esempio di Francia e Germania dove rappresentano un pilastro importante del sistema formativo. Vitale una maggior collaborazione con il tessuto produttivo e una istruzione professionale che sia davvero opportunit\u00e0 per i giovani e per le donne, i quali, assieme ai liberi professionisti, sono tra le categorie che hanno pagato il prezzo pi\u00f9 alto di questa crisi.<br \/>\nSul tema delle riforme fiscali, CNA Veneto condivide l\u2019orientamento espresso da Draghi di coinvolgere esperti e forze sociali con l\u2019obiettivo di semplificare e razionalizzare la struttura del prelievo, riducendo gradualmente il carico fiscale. Nel corso dell\u2019audizione davanti alle commissioni finanze di Camera e Senato la Confederazione ha sottolineato l\u2019urgenza di procedere ad una complessiva riforma dell\u2019Irpef orientata all\u2019equit\u00e0 del prelievo e alla semplicit\u00e0 dell\u2019applicazione per ridurre progressivamente la pressione fiscale: in quasi mezzo secolo \u00e8 salita dal 30 al 42% trasformando di fatto il fisco italiano in un meccanismo farraginoso, complicato ed iniquo basato su un sistema delle detrazioni che penalizza gli imprenditori individuali ed i professionisti, tra i quali gli artigiani che aderiscono a queste formule contributive.<br \/>\nL\u2019altra riforma urgente \u00e8 quella della pubblica amministrazione con investimenti in connettivit\u00e0 e migliorando costantemente la formazione dei dipendenti pubblici, nel quadro di un processo di profonda e radicale semplificazione per mandare in archivio l\u2019attuale mala-burocrazia.<\/p>\n<figure id=\"attachment_121833\" aria-describedby=\"caption-attachment-121833\" style=\"width: 887px\" class=\"wp-caption alignleft\"><a href=\"http:\/\/www.bellunopress.it\/fr\/2021\/02\/18\/vaccinazioni-investimenti-imprese-scuola-fisco-cna-condivide-gli-obiettivi-del-presidente-draghi\/matteo-ribon-segretario-cna-veneto-_edited\/\" rel=\"attachment wp-att-121833\"><img loading=\"lazy\" decoding=\"async\" class=\"size-full wp-image-121833\" src=\"http:\/\/www.bellunopress.it\/wp-content\/uploads\/2021\/02\/Matteo-Ribon-Segretario-CNA-Veneto-_edited.jpg\" alt=\"\" width=\"887\" height=\"1000\" srcset=\"https:\/\/www.bellunopress.it\/wp-content\/uploads\/2021\/02\/Matteo-Ribon-Segretario-CNA-Veneto-_edited.jpg 887w, https:\/\/www.bellunopress.it\/wp-content\/uploads\/2021\/02\/Matteo-Ribon-Segretario-CNA-Veneto-_edited-444x500.jpg 444w, https:\/\/www.bellunopress.it\/wp-content\/uploads\/2021\/02\/Matteo-Ribon-Segretario-CNA-Veneto-_edited-696x785.jpg 696w, https:\/\/www.bellunopress.it\/wp-content\/uploads\/2021\/02\/Matteo-Ribon-Segretario-CNA-Veneto-_edited-373x420.jpg 373w\" sizes=\"auto, (max-width: 887px) 100vw, 887px\" \/><\/a><figcaption id=\"caption-attachment-121833\" class=\"wp-caption-text\">Matteo Ribon<\/figcaption><\/figure>\n<p>\u00abRidurre la pressione fiscale in questo difficilissimo momento storico non pu\u00f2 che contribuire in maniera concreta al rilancio dell\u2019economia del nostro territorio, fortemente impattata dalla pandemia \u2013 conclude Matteo Ribon, Segretario CNA Veneto \u2013. Oltre alla riforma fiscale, sul tavolo assieme alle priorit\u00e0 indicate dal Presidente Draghi, le nostre proposte: focus sul Recovery Plan, sulle PMI e sui territori economicamente trainanti. Attendiamo ora che il confronto tra governo e parti sociali, gi\u00e0 avviato proficuamente, possa proseguire per giungere ad una collaborazione fattiva tra l\u2019esecutivo e le forze economiche che rappresentano il nostro Paese.\u00bb<\/p>\n<p>&nbsp;<\/p>","protected":false},"excerpt":{"rendered":"<p>Alessandro Conte, Presidente CNA Veneto: \u00abCome abbiamo gi\u00e0 indicato, accogliamo positivamente le indicazioni del Presidente Draghi sulla necessit\u00e0 di investire sul Green e sul Digitale, settori strategici per il rilancio dell\u2019economia del territorio, che si modellano alla dimensione delle nostre imprese artigiane.\u00bb Matteo Ribon, Segretario CNA Veneto: \u00abSul tavolo, assieme alle priorit\u00e0 indicate dal Presidente [&hellip;]<\/p>\n","protected":false},"author":2,"featured_media":121832,"comment_status":"closed","ping_status":"open","sticky":false,"template":"","format":"standard","meta":{"footnotes":""},"categories":[36,26],"tags":[],"class_list":["post-121831","post","type-post","status-publish","format-standard","has-post-thumbnail","category-lavoro-economia","category-prima-pagina"],"yoast_head":"<!-- This site is optimized with the Yoast SEO plugin v28.4 - https:\/\/yoast.com\/product\/yoast-seo-wordpress\/ -->\n<title>Vaccinazioni, investimenti, imprese, scuola, fisco. Cna condivide gli obiettivi del presidente Draghi - Bellunopress - Dolomiti<\/title>\n<meta name=\"robots\" content=\"index, follow, max-snippet:-1, max-image-preview:large, max-video-preview:-1\" \/>\n<link rel=\"canonical\" href=\"https:\/\/www.bellunopress.it\/fr\/2021\/02\/18\/vaccinazioni-investimenti-imprese-scuola-fisco-cna-condivide-gli-obiettivi-del-presidente-draghi\/\" \/>\n<meta property=\"og:locale\" content=\"fr_FR\" \/>\n<meta property=\"og:type\" content=\"article\" \/>\n<meta property=\"og:title\" content=\"Vaccinazioni, investimenti, imprese, scuola, fisco. Cna condivide gli obiettivi del presidente Draghi - Bellunopress - Dolomiti\" \/>\n<meta property=\"og:description\" content=\"Alessandro Conte, Presidente CNA Veneto: \u00abCome abbiamo gi\u00e0 indicato, accogliamo positivamente le indicazioni del Presidente Draghi sulla necessit\u00e0 di investire sul Green e sul Digitale, settori strategici per il rilancio dell\u2019economia del territorio, che si modellano alla dimensione delle nostre imprese artigiane.\u00bb Matteo Ribon, Segretario CNA Veneto: \u00abSul tavolo, assieme alle priorit\u00e0 indicate dal Presidente [&hellip;]\" \/>\n<meta property=\"og:url\" content=\"https:\/\/www.bellunopress.it\/fr\/2021\/02\/18\/vaccinazioni-investimenti-imprese-scuola-fisco-cna-condivide-gli-obiettivi-del-presidente-draghi\/\" \/>\n<meta property=\"og:site_name\" content=\"Bellunopress - Dolomiti\" \/>\n<meta property=\"article:publisher\" content=\"https:\/\/www.facebook.com\/profile.php?id=100008943462799\" \/>\n<meta property=\"article:published_time\" content=\"2021-02-18T12:34:18+00:00\" \/>\n<meta property=\"article:modified_time\" content=\"2021-02-18T12:34:19+00:00\" \/>\n<meta property=\"og:image\" content=\"https:\/\/www.bellunopress.it\/wp-content\/uploads\/2021\/02\/Alessandro-Conte-Presidente-CNA-Veneto_edited.jpg\" \/>\n\t<meta property=\"og:image:width\" content=\"525\" \/>\n\t<meta property=\"og:image:height\" content=\"587\" \/>\n\t<meta property=\"og:image:type\" content=\"image\/jpeg\" \/>\n<meta name=\"author\" content=\"redazione\" \/>\n<meta name=\"twitter:card\" content=\"summary_large_image\" \/>\n<meta name=\"twitter:creator\" content=\"@bellunopress\" \/>\n<meta name=\"twitter:site\" content=\"@bellunopress\" \/>\n<meta name=\"twitter:label1\" content=\"\u00c9crit par\" \/>\n\t<meta name=\"twitter:data1\" content=\"redazione\" \/>\n\t<meta name=\"twitter:label2\" content=\"Dur\u00e9e de lecture estim\u00e9e\" \/>\n\t<meta name=\"twitter:data2\" content=\"4 minutes\" \/>\n<script type=\"application\/ld+json\" class=\"yoast-schema-graph\">{\"@context\":\"https:\\\/\\\/schema.org\",\"@graph\":[{\"@type\":\"Article\",\"@id\":\"https:\\\/\\\/www.bellunopress.it\\\/2021\\\/02\\\/18\\\/vaccinazioni-investimenti-imprese-scuola-fisco-cna-condivide-gli-obiettivi-del-presidente-draghi\\\/#article\",\"isPartOf\":{\"@id\":\"https:\\\/\\\/www.bellunopress.it\\\/2021\\\/02\\\/18\\\/vaccinazioni-investimenti-imprese-scuola-fisco-cna-condivide-gli-obiettivi-del-presidente-draghi\\\/\"},\"author\":{\"name\":\"redazione\",\"@id\":\"https:\\\/\\\/www.bellunopress.it\\\/#\\\/schema\\\/person\\\/79bb06722b37ece1c03d3e94beb30d73\"},\"headline\":\"Vaccinazioni, investimenti, imprese, scuola, fisco. Cna condivide gli obiettivi del presidente Draghi\",\"datePublished\":\"2021-02-18T12:34:18+00:00\",\"dateModified\":\"2021-02-18T12:34:19+00:00\",\"mainEntityOfPage\":{\"@id\":\"https:\\\/\\\/www.bellunopress.it\\\/2021\\\/02\\\/18\\\/vaccinazioni-investimenti-imprese-scuola-fisco-cna-condivide-gli-obiettivi-del-presidente-draghi\\\/\"},\"wordCount\":735,\"publisher\":{\"@id\":\"https:\\\/\\\/www.bellunopress.it\\\/#organization\"},\"image\":{\"@id\":\"https:\\\/\\\/www.bellunopress.it\\\/2021\\\/02\\\/18\\\/vaccinazioni-investimenti-imprese-scuola-fisco-cna-condivide-gli-obiettivi-del-presidente-draghi\\\/#primaryimage\"},\"thumbnailUrl\":\"https:\\\/\\\/www.bellunopress.it\\\/wp-content\\\/uploads\\\/2021\\\/02\\\/Alessandro-Conte-Presidente-CNA-Veneto_edited.jpg\",\"articleSection\":[\"Lavoro, Economia, Turismo\",\"Prima Pagina\"],\"inLanguage\":\"fr-FR\"},{\"@type\":\"WebPage\",\"@id\":\"https:\\\/\\\/www.bellunopress.it\\\/2021\\\/02\\\/18\\\/vaccinazioni-investimenti-imprese-scuola-fisco-cna-condivide-gli-obiettivi-del-presidente-draghi\\\/\",\"url\":\"https:\\\/\\\/www.bellunopress.it\\\/2021\\\/02\\\/18\\\/vaccinazioni-investimenti-imprese-scuola-fisco-cna-condivide-gli-obiettivi-del-presidente-draghi\\\/\",\"name\":\"Vaccinazioni, investimenti, imprese, scuola, fisco. Cna condivide gli obiettivi del presidente Draghi - Bellunopress - Dolomiti\",\"isPartOf\":{\"@id\":\"https:\\\/\\\/www.bellunopress.it\\\/#website\"},\"primaryImageOfPage\":{\"@id\":\"https:\\\/\\\/www.bellunopress.it\\\/2021\\\/02\\\/18\\\/vaccinazioni-investimenti-imprese-scuola-fisco-cna-condivide-gli-obiettivi-del-presidente-draghi\\\/#primaryimage\"},\"image\":{\"@id\":\"https:\\\/\\\/www.bellunopress.it\\\/2021\\\/02\\\/18\\\/vaccinazioni-investimenti-imprese-scuola-fisco-cna-condivide-gli-obiettivi-del-presidente-draghi\\\/#primaryimage\"},\"thumbnailUrl\":\"https:\\\/\\\/www.bellunopress.it\\\/wp-content\\\/uploads\\\/2021\\\/02\\\/Alessandro-Conte-Presidente-CNA-Veneto_edited.jpg\",\"datePublished\":\"2021-02-18T12:34:18+00:00\",\"dateModified\":\"2021-02-18T12:34:19+00:00\",\"breadcrumb\":{\"@id\":\"https:\\\/\\\/www.bellunopress.it\\\/2021\\\/02\\\/18\\\/vaccinazioni-investimenti-imprese-scuola-fisco-cna-condivide-gli-obiettivi-del-presidente-draghi\\\/#breadcrumb\"},\"inLanguage\":\"fr-FR\",\"potentialAction\":[{\"@type\":\"ReadAction\",\"target\":[\"https:\\\/\\\/www.bellunopress.it\\\/2021\\\/02\\\/18\\\/vaccinazioni-investimenti-imprese-scuola-fisco-cna-condivide-gli-obiettivi-del-presidente-draghi\\\/\"]}]},{\"@type\":\"ImageObject\",\"inLanguage\":\"fr-FR\",\"@id\":\"https:\\\/\\\/www.bellunopress.it\\\/2021\\\/02\\\/18\\\/vaccinazioni-investimenti-imprese-scuola-fisco-cna-condivide-gli-obiettivi-del-presidente-draghi\\\/#primaryimage\",\"url\":\"https:\\\/\\\/www.bellunopress.it\\\/wp-content\\\/uploads\\\/2021\\\/02\\\/Alessandro-Conte-Presidente-CNA-Veneto_edited.jpg\",\"contentUrl\":\"https:\\\/\\\/www.bellunopress.it\\\/wp-content\\\/uploads\\\/2021\\\/02\\\/Alessandro-Conte-Presidente-CNA-Veneto_edited.jpg\",\"width\":525,\"height\":587,\"caption\":\"Alessandro Conte - Presidente Cna Veneto\"},{\"@type\":\"BreadcrumbList\",\"@id\":\"https:\\\/\\\/www.bellunopress.it\\\/2021\\\/02\\\/18\\\/vaccinazioni-investimenti-imprese-scuola-fisco-cna-condivide-gli-obiettivi-del-presidente-draghi\\\/#breadcrumb\",\"itemListElement\":[{\"@type\":\"ListItem\",\"position\":1,\"name\":\"Home\",\"item\":\"https:\\\/\\\/www.bellunopress.it\\\/\"},{\"@type\":\"ListItem\",\"position\":2,\"name\":\"Vaccinazioni, investimenti, imprese, scuola, fisco. Cna condivide gli obiettivi del presidente Draghi\"}]},{\"@type\":\"WebSite\",\"@id\":\"https:\\\/\\\/www.bellunopress.it\\\/#website\",\"url\":\"https:\\\/\\\/www.bellunopress.it\\\/\",\"name\":\"Bellunopress - Dolomiti\",\"description\":\"e-mail: redazione@bellunopress.it\",\"publisher\":{\"@id\":\"https:\\\/\\\/www.bellunopress.it\\\/#organization\"},\"potentialAction\":[{\"@type\":\"SearchAction\",\"target\":{\"@type\":\"EntryPoint\",\"urlTemplate\":\"https:\\\/\\\/www.bellunopress.it\\\/?s={search_term_string}\"},\"query-input\":{\"@type\":\"PropertyValueSpecification\",\"valueRequired\":true,\"valueName\":\"search_term_string\"}}],\"inLanguage\":\"fr-FR\"},{\"@type\":\"Organization\",\"@id\":\"https:\\\/\\\/www.bellunopress.it\\\/#organization\",\"name\":\"Bellunopress\",\"url\":\"https:\\\/\\\/www.bellunopress.it\\\/\",\"logo\":{\"@type\":\"ImageObject\",\"inLanguage\":\"fr-FR\",\"@id\":\"https:\\\/\\\/www.bellunopress.it\\\/#\\\/schema\\\/logo\\\/image\\\/\",\"url\":\"https:\\\/\\\/www.bellunopress.it\\\/wp-content\\\/uploads\\\/2011\\\/05\\\/cropped-logo-bellunopress-.jpg\",\"contentUrl\":\"https:\\\/\\\/www.bellunopress.it\\\/wp-content\\\/uploads\\\/2011\\\/05\\\/cropped-logo-bellunopress-.jpg\",\"width\":512,\"height\":512,\"caption\":\"Bellunopress\"},\"image\":{\"@id\":\"https:\\\/\\\/www.bellunopress.it\\\/#\\\/schema\\\/logo\\\/image\\\/\"},\"sameAs\":[\"https:\\\/\\\/www.facebook.com\\\/profile.php?id=100008943462799\",\"https:\\\/\\\/x.com\\\/bellunopress\",\"https:\\\/\\\/www.linkedin.com\\\/hp\\\/?dnr=JBzUWaJfMUw8vbXJJ2tVW5-I3jZKvC4wsoxE&amp;amp;amp;amp;amp;amp;trk=nav_responsive_tab_home\",\"https:\\\/\\\/www.youtube.com\\\/channel\\\/UCxL0wu1uN0_3_7hGG0306cw\"]},{\"@type\":\"Person\",\"@id\":\"https:\\\/\\\/www.bellunopress.it\\\/#\\\/schema\\\/person\\\/79bb06722b37ece1c03d3e94beb30d73\",\"name\":\"redazione\",\"image\":{\"@type\":\"ImageObject\",\"inLanguage\":\"fr-FR\",\"@id\":\"https:\\\/\\\/secure.gravatar.com\\\/avatar\\\/37d968a2e67a6fd04c169c4bdef102d0bc5d31b2546345219e348575eb80e9a0?s=96&d=mm&r=g\",\"url\":\"https:\\\/\\\/secure.gravatar.com\\\/avatar\\\/37d968a2e67a6fd04c169c4bdef102d0bc5d31b2546345219e348575eb80e9a0?s=96&d=mm&r=g\",\"contentUrl\":\"https:\\\/\\\/secure.gravatar.com\\\/avatar\\\/37d968a2e67a6fd04c169c4bdef102d0bc5d31b2546345219e348575eb80e9a0?s=96&d=mm&r=g\",\"caption\":\"redazione\"},\"sameAs\":[\"http:\\\/\\\/www.bellunopress.it\",\"https:\\\/\\\/x.com\\\/bellunopress\"],\"url\":\"https:\\\/\\\/www.bellunopress.it\\\/fr\\\/author\\\/redazione\\\/\"}]}<\/script>\n<!-- \/ Yoast SEO plugin. -->","yoast_head_json":{"title":"Vaccinazioni, investimenti, imprese, scuola, fisco. Cna condivide gli obiettivi del presidente Draghi - Bellunopress - Dolomiti","robots":{"index":"index","follow":"follow","max-snippet":"max-snippet:-1","max-image-preview":"max-image-preview:large","max-video-preview":"max-video-preview:-1"},"canonical":"https:\/\/www.bellunopress.it\/fr\/2021\/02\/18\/vaccinazioni-investimenti-imprese-scuola-fisco-cna-condivide-gli-obiettivi-del-presidente-draghi\/","og_locale":"fr_FR","og_type":"article","og_title":"Vaccinazioni, investimenti, imprese, scuola, fisco. Cna condivide gli obiettivi del presidente Draghi - Bellunopress - Dolomiti","og_description":"Alessandro Conte, Presidente CNA Veneto: \u00abCome abbiamo gi\u00e0 indicato, accogliamo positivamente le indicazioni del Presidente Draghi sulla necessit\u00e0 di investire sul Green e sul Digitale, settori strategici per il rilancio dell\u2019economia del territorio, che si modellano alla dimensione delle nostre imprese artigiane.\u00bb Matteo Ribon, Segretario CNA Veneto: \u00abSul tavolo, assieme alle priorit\u00e0 indicate dal Presidente [&hellip;]","og_url":"https:\/\/www.bellunopress.it\/fr\/2021\/02\/18\/vaccinazioni-investimenti-imprese-scuola-fisco-cna-condivide-gli-obiettivi-del-presidente-draghi\/","og_site_name":"Bellunopress - Dolomiti","article_publisher":"https:\/\/www.facebook.com\/profile.php?id=100008943462799","article_published_time":"2021-02-18T12:34:18+00:00","article_modified_time":"2021-02-18T12:34:19+00:00","og_image":[{"width":525,"height":587,"url":"https:\/\/www.bellunopress.it\/wp-content\/uploads\/2021\/02\/Alessandro-Conte-Presidente-CNA-Veneto_edited.jpg","type":"image\/jpeg"}],"author":"redazione","twitter_card":"summary_large_image","twitter_creator":"@bellunopress","twitter_site":"@bellunopress","twitter_misc":{"\u00c9crit par":"redazione","Dur\u00e9e de lecture estim\u00e9e":"4 minutes"},"schema":{"@context":"https:\/\/schema.org","@graph":[{"@type":"Article","@id":"https:\/\/www.bellunopress.it\/2021\/02\/18\/vaccinazioni-investimenti-imprese-scuola-fisco-cna-condivide-gli-obiettivi-del-presidente-draghi\/#article","isPartOf":{"@id":"https:\/\/www.bellunopress.it\/2021\/02\/18\/vaccinazioni-investimenti-imprese-scuola-fisco-cna-condivide-gli-obiettivi-del-presidente-draghi\/"},"author":{"name":"redazione","@id":"https:\/\/www.bellunopress.it\/#\/schema\/person\/79bb06722b37ece1c03d3e94beb30d73"},"headline":"Vaccinazioni, investimenti, imprese, scuola, fisco. Cna condivide gli obiettivi del presidente Draghi","datePublished":"2021-02-18T12:34:18+00:00","dateModified":"2021-02-18T12:34:19+00:00","mainEntityOfPage":{"@id":"https:\/\/www.bellunopress.it\/2021\/02\/18\/vaccinazioni-investimenti-imprese-scuola-fisco-cna-condivide-gli-obiettivi-del-presidente-draghi\/"},"wordCount":735,"publisher":{"@id":"https:\/\/www.bellunopress.it\/#organization"},"image":{"@id":"https:\/\/www.bellunopress.it\/2021\/02\/18\/vaccinazioni-investimenti-imprese-scuola-fisco-cna-condivide-gli-obiettivi-del-presidente-draghi\/#primaryimage"},"thumbnailUrl":"https:\/\/www.bellunopress.it\/wp-content\/uploads\/2021\/02\/Alessandro-Conte-Presidente-CNA-Veneto_edited.jpg","articleSection":["Lavoro, Economia, Turismo","Prima Pagina"],"inLanguage":"fr-FR"},{"@type":"WebPage","@id":"https:\/\/www.bellunopress.it\/2021\/02\/18\/vaccinazioni-investimenti-imprese-scuola-fisco-cna-condivide-gli-obiettivi-del-presidente-draghi\/","url":"https:\/\/www.bellunopress.it\/2021\/02\/18\/vaccinazioni-investimenti-imprese-scuola-fisco-cna-condivide-gli-obiettivi-del-presidente-draghi\/","name":"Vaccinazioni, investimenti, imprese, scuola, fisco. Cna condivide gli obiettivi del presidente Draghi - Bellunopress - Dolomiti","isPartOf":{"@id":"https:\/\/www.bellunopress.it\/#website"},"primaryImageOfPage":{"@id":"https:\/\/www.bellunopress.it\/2021\/02\/18\/vaccinazioni-investimenti-imprese-scuola-fisco-cna-condivide-gli-obiettivi-del-presidente-draghi\/#primaryimage"},"image":{"@id":"https:\/\/www.bellunopress.it\/2021\/02\/18\/vaccinazioni-investimenti-imprese-scuola-fisco-cna-condivide-gli-obiettivi-del-presidente-draghi\/#primaryimage"},"thumbnailUrl":"https:\/\/www.bellunopress.it\/wp-content\/uploads\/2021\/02\/Alessandro-Conte-Presidente-CNA-Veneto_edited.jpg","datePublished":"2021-02-18T12:34:18+00:00","dateModified":"2021-02-18T12:34:19+00:00","breadcrumb":{"@id":"https:\/\/www.bellunopress.it\/2021\/02\/18\/vaccinazioni-investimenti-imprese-scuola-fisco-cna-condivide-gli-obiettivi-del-presidente-draghi\/#breadcrumb"},"inLanguage":"fr-FR","potentialAction":[{"@type":"ReadAction","target":["https:\/\/www.bellunopress.it\/2021\/02\/18\/vaccinazioni-investimenti-imprese-scuola-fisco-cna-condivide-gli-obiettivi-del-presidente-draghi\/"]}]},{"@type":"ImageObject","inLanguage":"fr-FR","@id":"https:\/\/www.bellunopress.it\/2021\/02\/18\/vaccinazioni-investimenti-imprese-scuola-fisco-cna-condivide-gli-obiettivi-del-presidente-draghi\/#primaryimage","url":"https:\/\/www.bellunopress.it\/wp-content\/uploads\/2021\/02\/Alessandro-Conte-Presidente-CNA-Veneto_edited.jpg","contentUrl":"https:\/\/www.bellunopress.it\/wp-content\/uploads\/2021\/02\/Alessandro-Conte-Presidente-CNA-Veneto_edited.jpg","width":525,"height":587,"caption":"Alessandro Conte - Presidente Cna Veneto"},{"@type":"BreadcrumbList","@id":"https:\/\/www.bellunopress.it\/2021\/02\/18\/vaccinazioni-investimenti-imprese-scuola-fisco-cna-condivide-gli-obiettivi-del-presidente-draghi\/#breadcrumb","itemListElement":[{"@type":"ListItem","position":1,"name":"Home","item":"https:\/\/www.bellunopress.it\/"},{"@type":"ListItem","position":2,"name":"Vaccinazioni, investimenti, imprese, scuola, fisco. Cna condivide gli obiettivi del presidente Draghi"}]},{"@type":"WebSite","@id":"https:\/\/www.bellunopress.it\/#website","url":"https:\/\/www.bellunopress.it\/","name":"Bellunopress - Dolomiti","description":"e-mail: redazione@bellunopress.it","publisher":{"@id":"https:\/\/www.bellunopress.it\/#organization"},"potentialAction":[{"@type":"SearchAction","target":{"@type":"EntryPoint","urlTemplate":"https:\/\/www.bellunopress.it\/?s={search_term_string}"},"query-input":{"@type":"PropertyValueSpecification","valueRequired":true,"valueName":"search_term_string"}}],"inLanguage":"fr-FR"},{"@type":"Organization","@id":"https:\/\/www.bellunopress.it\/#organization","name":"Bellunopress","url":"https:\/\/www.bellunopress.it\/","logo":{"@type":"ImageObject","inLanguage":"fr-FR","@id":"https:\/\/www.bellunopress.it\/#\/schema\/logo\/image\/","url":"https:\/\/www.bellunopress.it\/wp-content\/uploads\/2011\/05\/cropped-logo-bellunopress-.jpg","contentUrl":"https:\/\/www.bellunopress.it\/wp-content\/uploads\/2011\/05\/cropped-logo-bellunopress-.jpg","width":512,"height":512,"caption":"Bellunopress"},"image":{"@id":"https:\/\/www.bellunopress.it\/#\/schema\/logo\/image\/"},"sameAs":["https:\/\/www.facebook.com\/profile.php?id=100008943462799","https:\/\/x.com\/bellunopress","https:\/\/www.linkedin.com\/hp\/?dnr=JBzUWaJfMUw8vbXJJ2tVW5-I3jZKvC4wsoxE&amp;amp;amp;amp;amp;amp;trk=nav_responsive_tab_home","https:\/\/www.youtube.com\/channel\/UCxL0wu1uN0_3_7hGG0306cw"]},{"@type":"Person","@id":"https:\/\/www.bellunopress.it\/#\/schema\/person\/79bb06722b37ece1c03d3e94beb30d73","name":"r\u00e9daction","image":{"@type":"ImageObject","inLanguage":"fr-FR","@id":"https:\/\/secure.gravatar.com\/avatar\/37d968a2e67a6fd04c169c4bdef102d0bc5d31b2546345219e348575eb80e9a0?s=96&d=mm&r=g","url":"https:\/\/secure.gravatar.com\/avatar\/37d968a2e67a6fd04c169c4bdef102d0bc5d31b2546345219e348575eb80e9a0?s=96&d=mm&r=g","contentUrl":"https:\/\/secure.gravatar.com\/avatar\/37d968a2e67a6fd04c169c4bdef102d0bc5d31b2546345219e348575eb80e9a0?s=96&d=mm&r=g","caption":"redazione"},"sameAs":["http:\/\/www.bellunopress.it","https:\/\/x.com\/bellunopress"],"url":"https:\/\/www.bellunopress.it\/fr\/author\/redazione\/"}]}},"_links":{"self":[{"href":"https:\/\/www.bellunopress.it\/fr\/wp-json\/wp\/v2\/posts\/121831","targetHints":{"allow":["GET"]}}],"collection":[{"href":"https:\/\/www.bellunopress.it\/fr\/wp-json\/wp\/v2\/posts"}],"about":[{"href":"https:\/\/www.bellunopress.it\/fr\/wp-json\/wp\/v2\/types\/post"}],"author":[{"embeddable":true,"href":"https:\/\/www.bellunopress.it\/fr\/wp-json\/wp\/v2\/users\/2"}],"replies":[{"embeddable":true,"href":"https:\/\/www.bellunopress.it\/fr\/wp-json\/wp\/v2\/comments?post=121831"}],"version-history":[{"count":2,"href":"https:\/\/www.bellunopress.it\/fr\/wp-json\/wp\/v2\/posts\/121831\/revisions"}],"predecessor-version":[{"id":121835,"href":"https:\/\/www.bellunopress.it\/fr\/wp-json\/wp\/v2\/posts\/121831\/revisions\/121835"}],"wp:featuredmedia":[{"embeddable":true,"href":"https:\/\/www.bellunopress.it\/fr\/wp-json\/wp\/v2\/media\/121832"}],"wp:attachment":[{"href":"https:\/\/www.bellunopress.it\/fr\/wp-json\/wp\/v2\/media?parent=121831"}],"wp:term":[{"taxonomy":"category","embeddable":true,"href":"https:\/\/www.bellunopress.it\/fr\/wp-json\/wp\/v2\/categories?post=121831"},{"taxonomy":"post_tag","embeddable":true,"href":"https:\/\/www.bellunopress.it\/fr\/wp-json\/wp\/v2\/tags?post=121831"}],"curies":[{"name":"wp","href":"https:\/\/api.w.org\/{rel}","templated":true}]}}