{"id":121815,"date":"2021-02-17T16:28:14","date_gmt":"2021-02-17T15:28:14","guid":{"rendered":"http:\/\/www.bellunopress.it\/?p=121815"},"modified":"2021-02-17T16:28:14","modified_gmt":"2021-02-17T15:28:14","slug":"recupero-immobili-abbandonati-programma-nazionale-per-la-qualita-dellabitare-belluno-cerca-partner","status":"publish","type":"post","link":"https:\/\/www.bellunopress.it\/fr\/2021\/02\/17\/recupero-immobili-abbandonati-programma-nazionale-per-la-qualita-dellabitare-belluno-cerca-partner\/","title":{"rendered":"Recupero immobili abbandonati, programma nazionale per la \u201cQualit\u00e0 dell&#8217;abitare\u201d. Belluno cerca partner"},"content":{"rendered":"<figure id=\"attachment_114754\" aria-describedby=\"caption-attachment-114754\" style=\"width: 755px\" class=\"wp-caption alignleft\"><a href=\"http:\/\/www.bellunopress.it\/fr\/2020\/05\/29\/rigenerazione-del-parco-fluviale-di-lambioi-frison-ok-da-roma-alla-modifica-del-progetto\/franco-frison_edited\/\" rel=\"attachment wp-att-114754\"><img loading=\"lazy\" decoding=\"async\" class=\"size-full wp-image-114754\" src=\"http:\/\/www.bellunopress.it\/wp-content\/uploads\/2020\/05\/franco-frison_edited.jpg\" alt=\"\" width=\"755\" height=\"800\" srcset=\"https:\/\/www.bellunopress.it\/wp-content\/uploads\/2020\/05\/franco-frison_edited.jpg 755w, https:\/\/www.bellunopress.it\/wp-content\/uploads\/2020\/05\/franco-frison_edited-472x500.jpg 472w, https:\/\/www.bellunopress.it\/wp-content\/uploads\/2020\/05\/franco-frison_edited-696x737.jpg 696w, https:\/\/www.bellunopress.it\/wp-content\/uploads\/2020\/05\/franco-frison_edited-396x420.jpg 396w\" sizes=\"auto, (max-width: 755px) 100vw, 755px\" \/><\/a><figcaption id=\"caption-attachment-114754\" class=\"wp-caption-text\">Franco Frison, assessore<\/figcaption><\/figure>\n<p>Il Comune di Belluno al lavoro sulla proposta da presentare al Ministero delle Infrastrutture e dei Trasporti per la partecipazione al bando del PINquA &#8211; Programma Innovativo Nazionale per la Qualit\u00e0 dell\u2019Abitare, in scadenza a met\u00e0 marzo.<\/p>\n<p>\u00abSi tratta di una proposta di lungo periodo che definisce una strategia innovativa per il recupero di importanti immobili di propriet\u00e0 pubblica abbandonati da anni, il potenziamento di alcuni servizi centrali per il contesto urbano e il completamento di importanti infrastrutture di rete. &#8211; spiega l&#8217;assessore all&#8217;urbanistica Franco Frison &#8211; I principi a cui si ispira sono quelli di incrementare la residenzialit\u00e0 senza consumare territorio e migliorare i servizi, in particolare quelli legati alla mobilit\u00e0 ciclopedonale\u00bb.<\/p>\n<p>Con ATER Belluno in qualit\u00e0 di partner privilegiato \u00e8 gi\u00e0 stata avviata una importante sinergia per definire i contenuti di questo programma per dare attuazione agli interventi di rifunzionalizzazione e recupero degli importanti contenitori pubblici.<br \/>\nNon si tratta per\u00f2 dell&#8217;unico partner in questa avventura: prossimamente verr\u00e0 pubblicato uno specifico avviso pubblico per raccogliere l&#8217;interesse anche di eventuali soggetti privati che abbiano in programma degli interventi coerenti con le finalit\u00e0 del bando.<\/p>\n<p>\u00c8 ancora presto per parlare di interventi precisi e definiti, ma alcune idee sono gi\u00e0 ben chiare: \u00abUno sguardo particolare sar\u00e0 rivolto alla frazione di Levego che attualmente \u00e8 sprovvista di spazi di relazione qualificanti e servizi per gli abitanti. &#8211; anticipa Frison \u2013 Altre proposte sulle quali il programma intende lavorare sono la rigenerazione del tessuto residenziale nel centro storico cittadino e il potenziamento e l&#8217;innovazione dell&#8217;offerta residenziale in citt\u00e0\u00bb.<br \/>\nIl lavoro si preannuncia particolarmente impegnativo e vede la stretta collaborazione delle due strutture tecniche di Comune e ATER per adempiere alle richieste del bando.<\/p>","protected":false},"excerpt":{"rendered":"<p>Il Comune di Belluno al lavoro sulla proposta da presentare al Ministero delle Infrastrutture e dei Trasporti per la partecipazione al bando del PINquA &#8211; Programma Innovativo Nazionale per la Qualit\u00e0 dell\u2019Abitare, in scadenza a met\u00e0 marzo. \u00abSi tratta di una proposta di lungo periodo che definisce una strategia innovativa per il recupero di importanti [&hellip;]<\/p>\n","protected":false},"author":2,"featured_media":114754,"comment_status":"closed","ping_status":"open","sticky":false,"template":"","format":"standard","meta":{"footnotes":""},"categories":[36,8],"tags":[],"class_list":["post-121815","post","type-post","status-publish","format-standard","has-post-thumbnail","category-lavoro-economia","category-societa-istituzioni"],"yoast_head":"<!-- This site is optimized with the Yoast SEO plugin v28.4 - https:\/\/yoast.com\/product\/yoast-seo-wordpress\/ -->\n<title>Recupero immobili abbandonati, programma nazionale per la \u201cQualit\u00e0 dell&#039;abitare\u201d. Belluno cerca partner - Bellunopress - Dolomiti<\/title>\n<meta name=\"robots\" content=\"index, follow, max-snippet:-1, max-image-preview:large, max-video-preview:-1\" \/>\n<link rel=\"canonical\" href=\"https:\/\/www.bellunopress.it\/fr\/2021\/02\/17\/recupero-immobili-abbandonati-programma-nazionale-per-la-qualita-dellabitare-belluno-cerca-partner\/\" \/>\n<meta property=\"og:locale\" content=\"fr_FR\" \/>\n<meta property=\"og:type\" content=\"article\" \/>\n<meta property=\"og:title\" content=\"Recupero immobili abbandonati, programma nazionale per la \u201cQualit\u00e0 dell&#039;abitare\u201d. Belluno cerca partner - Bellunopress - Dolomiti\" \/>\n<meta property=\"og:description\" content=\"Il Comune di Belluno al lavoro sulla proposta da presentare al Ministero delle Infrastrutture e dei Trasporti per la partecipazione al bando del PINquA &#8211; Programma Innovativo Nazionale per la Qualit\u00e0 dell\u2019Abitare, in scadenza a met\u00e0 marzo. \u00abSi tratta di una proposta di lungo periodo che definisce una strategia innovativa per il recupero di importanti [&hellip;]\" \/>\n<meta property=\"og:url\" content=\"https:\/\/www.bellunopress.it\/fr\/2021\/02\/17\/recupero-immobili-abbandonati-programma-nazionale-per-la-qualita-dellabitare-belluno-cerca-partner\/\" \/>\n<meta property=\"og:site_name\" content=\"Bellunopress - Dolomiti\" \/>\n<meta property=\"article:publisher\" content=\"https:\/\/www.facebook.com\/profile.php?id=100008943462799\" \/>\n<meta property=\"article:published_time\" content=\"2021-02-17T15:28:14+00:00\" \/>\n<meta property=\"og:image\" content=\"https:\/\/www.bellunopress.it\/wp-content\/uploads\/2020\/05\/franco-frison_edited.jpg\" \/>\n\t<meta property=\"og:image:width\" content=\"755\" \/>\n\t<meta property=\"og:image:height\" content=\"800\" \/>\n\t<meta property=\"og:image:type\" content=\"image\/jpeg\" \/>\n<meta name=\"author\" content=\"redazione\" \/>\n<meta name=\"twitter:card\" content=\"summary_large_image\" \/>\n<meta name=\"twitter:creator\" content=\"@bellunopress\" \/>\n<meta name=\"twitter:site\" content=\"@bellunopress\" \/>\n<meta name=\"twitter:label1\" content=\"\u00c9crit par\" \/>\n\t<meta name=\"twitter:data1\" content=\"redazione\" \/>\n\t<meta name=\"twitter:label2\" content=\"Dur\u00e9e de lecture estim\u00e9e\" \/>\n\t<meta name=\"twitter:data2\" content=\"1 minute\" \/>\n<script type=\"application\/ld+json\" class=\"yoast-schema-graph\">{\"@context\":\"https:\\\/\\\/schema.org\",\"@graph\":[{\"@type\":\"Article\",\"@id\":\"https:\\\/\\\/www.bellunopress.it\\\/2021\\\/02\\\/17\\\/recupero-immobili-abbandonati-programma-nazionale-per-la-qualita-dellabitare-belluno-cerca-partner\\\/#article\",\"isPartOf\":{\"@id\":\"https:\\\/\\\/www.bellunopress.it\\\/2021\\\/02\\\/17\\\/recupero-immobili-abbandonati-programma-nazionale-per-la-qualita-dellabitare-belluno-cerca-partner\\\/\"},\"author\":{\"name\":\"redazione\",\"@id\":\"https:\\\/\\\/www.bellunopress.it\\\/#\\\/schema\\\/person\\\/79bb06722b37ece1c03d3e94beb30d73\"},\"headline\":\"Recupero immobili abbandonati, programma nazionale per la \u201cQualit\u00e0 dell&#8217;abitare\u201d. Belluno cerca partner\",\"datePublished\":\"2021-02-17T15:28:14+00:00\",\"mainEntityOfPage\":{\"@id\":\"https:\\\/\\\/www.bellunopress.it\\\/2021\\\/02\\\/17\\\/recupero-immobili-abbandonati-programma-nazionale-per-la-qualita-dellabitare-belluno-cerca-partner\\\/\"},\"wordCount\":306,\"publisher\":{\"@id\":\"https:\\\/\\\/www.bellunopress.it\\\/#organization\"},\"image\":{\"@id\":\"https:\\\/\\\/www.bellunopress.it\\\/2021\\\/02\\\/17\\\/recupero-immobili-abbandonati-programma-nazionale-per-la-qualita-dellabitare-belluno-cerca-partner\\\/#primaryimage\"},\"thumbnailUrl\":\"https:\\\/\\\/www.bellunopress.it\\\/wp-content\\\/uploads\\\/2020\\\/05\\\/franco-frison_edited.jpg\",\"articleSection\":[\"Lavoro, Economia, Turismo\",\"Societ\u00e0, Associazioni, Istituzioni\"],\"inLanguage\":\"fr-FR\"},{\"@type\":\"WebPage\",\"@id\":\"https:\\\/\\\/www.bellunopress.it\\\/2021\\\/02\\\/17\\\/recupero-immobili-abbandonati-programma-nazionale-per-la-qualita-dellabitare-belluno-cerca-partner\\\/\",\"url\":\"https:\\\/\\\/www.bellunopress.it\\\/2021\\\/02\\\/17\\\/recupero-immobili-abbandonati-programma-nazionale-per-la-qualita-dellabitare-belluno-cerca-partner\\\/\",\"name\":\"Recupero immobili abbandonati, programma nazionale per la \u201cQualit\u00e0 dell'abitare\u201d. Belluno cerca partner - Bellunopress - Dolomiti\",\"isPartOf\":{\"@id\":\"https:\\\/\\\/www.bellunopress.it\\\/#website\"},\"primaryImageOfPage\":{\"@id\":\"https:\\\/\\\/www.bellunopress.it\\\/2021\\\/02\\\/17\\\/recupero-immobili-abbandonati-programma-nazionale-per-la-qualita-dellabitare-belluno-cerca-partner\\\/#primaryimage\"},\"image\":{\"@id\":\"https:\\\/\\\/www.bellunopress.it\\\/2021\\\/02\\\/17\\\/recupero-immobili-abbandonati-programma-nazionale-per-la-qualita-dellabitare-belluno-cerca-partner\\\/#primaryimage\"},\"thumbnailUrl\":\"https:\\\/\\\/www.bellunopress.it\\\/wp-content\\\/uploads\\\/2020\\\/05\\\/franco-frison_edited.jpg\",\"datePublished\":\"2021-02-17T15:28:14+00:00\",\"breadcrumb\":{\"@id\":\"https:\\\/\\\/www.bellunopress.it\\\/2021\\\/02\\\/17\\\/recupero-immobili-abbandonati-programma-nazionale-per-la-qualita-dellabitare-belluno-cerca-partner\\\/#breadcrumb\"},\"inLanguage\":\"fr-FR\",\"potentialAction\":[{\"@type\":\"ReadAction\",\"target\":[\"https:\\\/\\\/www.bellunopress.it\\\/2021\\\/02\\\/17\\\/recupero-immobili-abbandonati-programma-nazionale-per-la-qualita-dellabitare-belluno-cerca-partner\\\/\"]}]},{\"@type\":\"ImageObject\",\"inLanguage\":\"fr-FR\",\"@id\":\"https:\\\/\\\/www.bellunopress.it\\\/2021\\\/02\\\/17\\\/recupero-immobili-abbandonati-programma-nazionale-per-la-qualita-dellabitare-belluno-cerca-partner\\\/#primaryimage\",\"url\":\"https:\\\/\\\/www.bellunopress.it\\\/wp-content\\\/uploads\\\/2020\\\/05\\\/franco-frison_edited.jpg\",\"contentUrl\":\"https:\\\/\\\/www.bellunopress.it\\\/wp-content\\\/uploads\\\/2020\\\/05\\\/franco-frison_edited.jpg\",\"width\":755,\"height\":800,\"caption\":\"Franco Frison, assessore\"},{\"@type\":\"BreadcrumbList\",\"@id\":\"https:\\\/\\\/www.bellunopress.it\\\/2021\\\/02\\\/17\\\/recupero-immobili-abbandonati-programma-nazionale-per-la-qualita-dellabitare-belluno-cerca-partner\\\/#breadcrumb\",\"itemListElement\":[{\"@type\":\"ListItem\",\"position\":1,\"name\":\"Home\",\"item\":\"https:\\\/\\\/www.bellunopress.it\\\/\"},{\"@type\":\"ListItem\",\"position\":2,\"name\":\"Recupero immobili abbandonati, programma nazionale per la \u201cQualit\u00e0 dell&#8217;abitare\u201d. Belluno cerca partner\"}]},{\"@type\":\"WebSite\",\"@id\":\"https:\\\/\\\/www.bellunopress.it\\\/#website\",\"url\":\"https:\\\/\\\/www.bellunopress.it\\\/\",\"name\":\"Bellunopress - Dolomiti\",\"description\":\"e-mail: redazione@bellunopress.it\",\"publisher\":{\"@id\":\"https:\\\/\\\/www.bellunopress.it\\\/#organization\"},\"potentialAction\":[{\"@type\":\"SearchAction\",\"target\":{\"@type\":\"EntryPoint\",\"urlTemplate\":\"https:\\\/\\\/www.bellunopress.it\\\/?s={search_term_string}\"},\"query-input\":{\"@type\":\"PropertyValueSpecification\",\"valueRequired\":true,\"valueName\":\"search_term_string\"}}],\"inLanguage\":\"fr-FR\"},{\"@type\":\"Organization\",\"@id\":\"https:\\\/\\\/www.bellunopress.it\\\/#organization\",\"name\":\"Bellunopress\",\"url\":\"https:\\\/\\\/www.bellunopress.it\\\/\",\"logo\":{\"@type\":\"ImageObject\",\"inLanguage\":\"fr-FR\",\"@id\":\"https:\\\/\\\/www.bellunopress.it\\\/#\\\/schema\\\/logo\\\/image\\\/\",\"url\":\"https:\\\/\\\/www.bellunopress.it\\\/wp-content\\\/uploads\\\/2011\\\/05\\\/cropped-logo-bellunopress-.jpg\",\"contentUrl\":\"https:\\\/\\\/www.bellunopress.it\\\/wp-content\\\/uploads\\\/2011\\\/05\\\/cropped-logo-bellunopress-.jpg\",\"width\":512,\"height\":512,\"caption\":\"Bellunopress\"},\"image\":{\"@id\":\"https:\\\/\\\/www.bellunopress.it\\\/#\\\/schema\\\/logo\\\/image\\\/\"},\"sameAs\":[\"https:\\\/\\\/www.facebook.com\\\/profile.php?id=100008943462799\",\"https:\\\/\\\/x.com\\\/bellunopress\",\"https:\\\/\\\/www.linkedin.com\\\/hp\\\/?dnr=JBzUWaJfMUw8vbXJJ2tVW5-I3jZKvC4wsoxE&amp;amp;amp;amp;amp;amp;trk=nav_responsive_tab_home\",\"https:\\\/\\\/www.youtube.com\\\/channel\\\/UCxL0wu1uN0_3_7hGG0306cw\"]},{\"@type\":\"Person\",\"@id\":\"https:\\\/\\\/www.bellunopress.it\\\/#\\\/schema\\\/person\\\/79bb06722b37ece1c03d3e94beb30d73\",\"name\":\"redazione\",\"image\":{\"@type\":\"ImageObject\",\"inLanguage\":\"fr-FR\",\"@id\":\"https:\\\/\\\/secure.gravatar.com\\\/avatar\\\/37d968a2e67a6fd04c169c4bdef102d0bc5d31b2546345219e348575eb80e9a0?s=96&d=mm&r=g\",\"url\":\"https:\\\/\\\/secure.gravatar.com\\\/avatar\\\/37d968a2e67a6fd04c169c4bdef102d0bc5d31b2546345219e348575eb80e9a0?s=96&d=mm&r=g\",\"contentUrl\":\"https:\\\/\\\/secure.gravatar.com\\\/avatar\\\/37d968a2e67a6fd04c169c4bdef102d0bc5d31b2546345219e348575eb80e9a0?s=96&d=mm&r=g\",\"caption\":\"redazione\"},\"sameAs\":[\"http:\\\/\\\/www.bellunopress.it\",\"https:\\\/\\\/x.com\\\/bellunopress\"],\"url\":\"https:\\\/\\\/www.bellunopress.it\\\/fr\\\/author\\\/redazione\\\/\"}]}<\/script>\n<!-- \/ Yoast SEO plugin. -->","yoast_head_json":{"title":"Recupero immobili abbandonati, programma nazionale per la \u201cQualit\u00e0 dell'abitare\u201d. Belluno cerca partner - Bellunopress - Dolomiti","robots":{"index":"index","follow":"follow","max-snippet":"max-snippet:-1","max-image-preview":"max-image-preview:large","max-video-preview":"max-video-preview:-1"},"canonical":"https:\/\/www.bellunopress.it\/fr\/2021\/02\/17\/recupero-immobili-abbandonati-programma-nazionale-per-la-qualita-dellabitare-belluno-cerca-partner\/","og_locale":"fr_FR","og_type":"article","og_title":"Recupero immobili abbandonati, programma nazionale per la \u201cQualit\u00e0 dell'abitare\u201d. Belluno cerca partner - Bellunopress - Dolomiti","og_description":"Il Comune di Belluno al lavoro sulla proposta da presentare al Ministero delle Infrastrutture e dei Trasporti per la partecipazione al bando del PINquA &#8211; Programma Innovativo Nazionale per la Qualit\u00e0 dell\u2019Abitare, in scadenza a met\u00e0 marzo. \u00abSi tratta di una proposta di lungo periodo che definisce una strategia innovativa per il recupero di importanti [&hellip;]","og_url":"https:\/\/www.bellunopress.it\/fr\/2021\/02\/17\/recupero-immobili-abbandonati-programma-nazionale-per-la-qualita-dellabitare-belluno-cerca-partner\/","og_site_name":"Bellunopress - Dolomiti","article_publisher":"https:\/\/www.facebook.com\/profile.php?id=100008943462799","article_published_time":"2021-02-17T15:28:14+00:00","og_image":[{"width":755,"height":800,"url":"https:\/\/www.bellunopress.it\/wp-content\/uploads\/2020\/05\/franco-frison_edited.jpg","type":"image\/jpeg"}],"author":"redazione","twitter_card":"summary_large_image","twitter_creator":"@bellunopress","twitter_site":"@bellunopress","twitter_misc":{"\u00c9crit par":"redazione","Dur\u00e9e de lecture estim\u00e9e":"1 minute"},"schema":{"@context":"https:\/\/schema.org","@graph":[{"@type":"Article","@id":"https:\/\/www.bellunopress.it\/2021\/02\/17\/recupero-immobili-abbandonati-programma-nazionale-per-la-qualita-dellabitare-belluno-cerca-partner\/#article","isPartOf":{"@id":"https:\/\/www.bellunopress.it\/2021\/02\/17\/recupero-immobili-abbandonati-programma-nazionale-per-la-qualita-dellabitare-belluno-cerca-partner\/"},"author":{"name":"redazione","@id":"https:\/\/www.bellunopress.it\/#\/schema\/person\/79bb06722b37ece1c03d3e94beb30d73"},"headline":"Recupero immobili abbandonati, programma nazionale per la \u201cQualit\u00e0 dell&#8217;abitare\u201d. Belluno cerca partner","datePublished":"2021-02-17T15:28:14+00:00","mainEntityOfPage":{"@id":"https:\/\/www.bellunopress.it\/2021\/02\/17\/recupero-immobili-abbandonati-programma-nazionale-per-la-qualita-dellabitare-belluno-cerca-partner\/"},"wordCount":306,"publisher":{"@id":"https:\/\/www.bellunopress.it\/#organization"},"image":{"@id":"https:\/\/www.bellunopress.it\/2021\/02\/17\/recupero-immobili-abbandonati-programma-nazionale-per-la-qualita-dellabitare-belluno-cerca-partner\/#primaryimage"},"thumbnailUrl":"https:\/\/www.bellunopress.it\/wp-content\/uploads\/2020\/05\/franco-frison_edited.jpg","articleSection":["Lavoro, Economia, Turismo","Societ\u00e0, Associazioni, Istituzioni"],"inLanguage":"fr-FR"},{"@type":"WebPage","@id":"https:\/\/www.bellunopress.it\/2021\/02\/17\/recupero-immobili-abbandonati-programma-nazionale-per-la-qualita-dellabitare-belluno-cerca-partner\/","url":"https:\/\/www.bellunopress.it\/2021\/02\/17\/recupero-immobili-abbandonati-programma-nazionale-per-la-qualita-dellabitare-belluno-cerca-partner\/","name":"Recupero immobili abbandonati, programma nazionale per la \u201cQualit\u00e0 dell'abitare\u201d. Belluno cerca partner - Bellunopress - Dolomiti","isPartOf":{"@id":"https:\/\/www.bellunopress.it\/#website"},"primaryImageOfPage":{"@id":"https:\/\/www.bellunopress.it\/2021\/02\/17\/recupero-immobili-abbandonati-programma-nazionale-per-la-qualita-dellabitare-belluno-cerca-partner\/#primaryimage"},"image":{"@id":"https:\/\/www.bellunopress.it\/2021\/02\/17\/recupero-immobili-abbandonati-programma-nazionale-per-la-qualita-dellabitare-belluno-cerca-partner\/#primaryimage"},"thumbnailUrl":"https:\/\/www.bellunopress.it\/wp-content\/uploads\/2020\/05\/franco-frison_edited.jpg","datePublished":"2021-02-17T15:28:14+00:00","breadcrumb":{"@id":"https:\/\/www.bellunopress.it\/2021\/02\/17\/recupero-immobili-abbandonati-programma-nazionale-per-la-qualita-dellabitare-belluno-cerca-partner\/#breadcrumb"},"inLanguage":"fr-FR","potentialAction":[{"@type":"ReadAction","target":["https:\/\/www.bellunopress.it\/2021\/02\/17\/recupero-immobili-abbandonati-programma-nazionale-per-la-qualita-dellabitare-belluno-cerca-partner\/"]}]},{"@type":"ImageObject","inLanguage":"fr-FR","@id":"https:\/\/www.bellunopress.it\/2021\/02\/17\/recupero-immobili-abbandonati-programma-nazionale-per-la-qualita-dellabitare-belluno-cerca-partner\/#primaryimage","url":"https:\/\/www.bellunopress.it\/wp-content\/uploads\/2020\/05\/franco-frison_edited.jpg","contentUrl":"https:\/\/www.bellunopress.it\/wp-content\/uploads\/2020\/05\/franco-frison_edited.jpg","width":755,"height":800,"caption":"Franco Frison, assessore"},{"@type":"BreadcrumbList","@id":"https:\/\/www.bellunopress.it\/2021\/02\/17\/recupero-immobili-abbandonati-programma-nazionale-per-la-qualita-dellabitare-belluno-cerca-partner\/#breadcrumb","itemListElement":[{"@type":"ListItem","position":1,"name":"Home","item":"https:\/\/www.bellunopress.it\/"},{"@type":"ListItem","position":2,"name":"Recupero immobili abbandonati, programma nazionale per la \u201cQualit\u00e0 dell&#8217;abitare\u201d. Belluno cerca partner"}]},{"@type":"WebSite","@id":"https:\/\/www.bellunopress.it\/#website","url":"https:\/\/www.bellunopress.it\/","name":"Bellunopress - Dolomiti","description":"e-mail: redazione@bellunopress.it","publisher":{"@id":"https:\/\/www.bellunopress.it\/#organization"},"potentialAction":[{"@type":"SearchAction","target":{"@type":"EntryPoint","urlTemplate":"https:\/\/www.bellunopress.it\/?s={search_term_string}"},"query-input":{"@type":"PropertyValueSpecification","valueRequired":true,"valueName":"search_term_string"}}],"inLanguage":"fr-FR"},{"@type":"Organization","@id":"https:\/\/www.bellunopress.it\/#organization","name":"Bellunopress","url":"https:\/\/www.bellunopress.it\/","logo":{"@type":"ImageObject","inLanguage":"fr-FR","@id":"https:\/\/www.bellunopress.it\/#\/schema\/logo\/image\/","url":"https:\/\/www.bellunopress.it\/wp-content\/uploads\/2011\/05\/cropped-logo-bellunopress-.jpg","contentUrl":"https:\/\/www.bellunopress.it\/wp-content\/uploads\/2011\/05\/cropped-logo-bellunopress-.jpg","width":512,"height":512,"caption":"Bellunopress"},"image":{"@id":"https:\/\/www.bellunopress.it\/#\/schema\/logo\/image\/"},"sameAs":["https:\/\/www.facebook.com\/profile.php?id=100008943462799","https:\/\/x.com\/bellunopress","https:\/\/www.linkedin.com\/hp\/?dnr=JBzUWaJfMUw8vbXJJ2tVW5-I3jZKvC4wsoxE&amp;amp;amp;amp;amp;amp;trk=nav_responsive_tab_home","https:\/\/www.youtube.com\/channel\/UCxL0wu1uN0_3_7hGG0306cw"]},{"@type":"Person","@id":"https:\/\/www.bellunopress.it\/#\/schema\/person\/79bb06722b37ece1c03d3e94beb30d73","name":"r\u00e9daction","image":{"@type":"ImageObject","inLanguage":"fr-FR","@id":"https:\/\/secure.gravatar.com\/avatar\/37d968a2e67a6fd04c169c4bdef102d0bc5d31b2546345219e348575eb80e9a0?s=96&d=mm&r=g","url":"https:\/\/secure.gravatar.com\/avatar\/37d968a2e67a6fd04c169c4bdef102d0bc5d31b2546345219e348575eb80e9a0?s=96&d=mm&r=g","contentUrl":"https:\/\/secure.gravatar.com\/avatar\/37d968a2e67a6fd04c169c4bdef102d0bc5d31b2546345219e348575eb80e9a0?s=96&d=mm&r=g","caption":"redazione"},"sameAs":["http:\/\/www.bellunopress.it","https:\/\/x.com\/bellunopress"],"url":"https:\/\/www.bellunopress.it\/fr\/author\/redazione\/"}]}},"_links":{"self":[{"href":"https:\/\/www.bellunopress.it\/fr\/wp-json\/wp\/v2\/posts\/121815","targetHints":{"allow":["GET"]}}],"collection":[{"href":"https:\/\/www.bellunopress.it\/fr\/wp-json\/wp\/v2\/posts"}],"about":[{"href":"https:\/\/www.bellunopress.it\/fr\/wp-json\/wp\/v2\/types\/post"}],"author":[{"embeddable":true,"href":"https:\/\/www.bellunopress.it\/fr\/wp-json\/wp\/v2\/users\/2"}],"replies":[{"embeddable":true,"href":"https:\/\/www.bellunopress.it\/fr\/wp-json\/wp\/v2\/comments?post=121815"}],"version-history":[{"count":1,"href":"https:\/\/www.bellunopress.it\/fr\/wp-json\/wp\/v2\/posts\/121815\/revisions"}],"predecessor-version":[{"id":121816,"href":"https:\/\/www.bellunopress.it\/fr\/wp-json\/wp\/v2\/posts\/121815\/revisions\/121816"}],"wp:featuredmedia":[{"embeddable":true,"href":"https:\/\/www.bellunopress.it\/fr\/wp-json\/wp\/v2\/media\/114754"}],"wp:attachment":[{"href":"https:\/\/www.bellunopress.it\/fr\/wp-json\/wp\/v2\/media?parent=121815"}],"wp:term":[{"taxonomy":"category","embeddable":true,"href":"https:\/\/www.bellunopress.it\/fr\/wp-json\/wp\/v2\/categories?post=121815"},{"taxonomy":"post_tag","embeddable":true,"href":"https:\/\/www.bellunopress.it\/fr\/wp-json\/wp\/v2\/tags?post=121815"}],"curies":[{"name":"wp","href":"https:\/\/api.w.org\/{rel}","templated":true}]}}