{"id":12178,"date":"2010-02-06T11:59:39","date_gmt":"2010-02-06T10:59:39","guid":{"rendered":"http:\/\/www.bellunopress.it\/?p=12178"},"modified":"2010-02-06T14:05:53","modified_gmt":"2010-02-06T13:05:53","slug":"arriva-lannuncio-elettorale-laghi-e-corsi-dacqua-passeranno-sotto-la-proprieta-delle-province-ma-lo-stabiliva-gia-lart3-della-legge-regionale-n2-del-2006","status":"publish","type":"post","link":"https:\/\/www.bellunopress.it\/fr\/2010\/02\/06\/arriva-lannuncio-elettorale-laghi-e-corsi-dacqua-passeranno-sotto-la-proprieta-delle-province-ma-lo-stabiliva-gia-lart3-della-legge-regionale-n2-del-2006\/","title":{"rendered":"Arriva l&#8217;annuncio elettorale: laghi e corsi d&#8217;acqua passeranno sotto la propriet\u00e0 delle Province. Ma lo stabiliva gi\u00e0 l&#8217;art.3 della Legge regionale n.2 del 2006"},"content":{"rendered":"<p><a href=\"http:\/\/www.bellunopress.it\/wp-content\/uploads\/2009\/06\/gianpaolo-bottacin-270x180.jpg\"><img loading=\"lazy\" decoding=\"async\" class=\"alignleft size-medium wp-image-5262\" title=\"gianpaolo-bottacin-270x180\" src=\"http:\/\/www.bellunopress.it\/wp-content\/uploads\/2009\/06\/gianpaolo-bottacin-270x180.jpg\" alt=\"\" width=\"270\" height=\"180\" \/><\/a>Nel corso della presentazione del documento sul Federalismo, oggi a Treviso nell\u2019ambito del convegno \u201cPer un Insieme Differente. In Veneto\u201d, il presidente della Commissione tecnica paritetica per l&#8217;attuazione del Federalismo Fiscale, prof. Luca Antonimi, ha annunciato che nella prossima primavera i laghi e i corsi d\u2019acqua, compresi quelli inter-provinciali, passeranno sotto la propriet\u00e0 delle Province. Peccato che l&#8217;attribuzione del demanio idrico e le relative risorse alla Provincia di Belluno dovesse gi\u00e0 essere attuato ai sensi dell&#8217;art.3 della Legge Regionale n.2 del 2006 che la Regione Veneto ha costantemente rinviato! (*) E tuttavia, nonostante gli ingiustificati ritardi per la realizzazione di un vero federalismo, il presidente della Provincia Bottacin esulta dicendo che &#8220;Si tratta di una autentica rivoluzione. \u00c8 esattamente quanto avevamo chiesto noi, insieme alle altre Province montane di Sondrio e Verbania, proposta alla quale ha poi aderito anche l\u2019URPV. Il Governo ha dunque recepito le nostre istanze e a maggio, stando a quanto detto oggi dal professore Antonini (docente di Diritto Costituzionale all\u2019Universit\u00e0 di Padova), ci sar\u00e0 la definizione precisa del decreto che passer\u00e0 poi all\u2019esame del Parlamento\u00bb. Il provvedimento sar\u00e0 valido anche per quanto riguarda gli assi fluviali come il Piave, che attraversa un intero territorio regionale &#8211; ha proseguito Bottacin &#8211; . Finalmente si procede lungo la via di assegnare alle Province sempre maggiori competenze, in linea con il percorso federalista che vede il Veneto in prima linea, viste le capacit\u00e0 economiche di cui dispone. Con quanto verr\u00e0 attuato dal Governo, avremo il totale controllo del demanio idrico, esattamente come accade oggi per le Province autonome di Trento e di Bolzano&#8221;.<\/p>\n<p>(*) Art. 3\u00a0 Legge regionale 3 febbraio 2006, n. 2 (BUR n. 14\/2006)<br \/>\n&#8211; Attribuzione alla provincia di Belluno delle funzioni relative alla gestione del Demanio Idrico e dell\u2019introito di canoni ricavati all\u2019utilizzazione del demanio stesso.<br \/>\n1. Alla Provincia di Belluno sono trasferite, nelle more dell\u2019attuazione dell\u2019articolo 4, comma 38, della legge 24 dicembre 2003, n. 350 \u201cDisposizioni per la formazione del bilancio annuale e pluriennale dello Stato (legge finanziaria 2004)\u201d, le risorse equivalenti ai proventi dei canoni introitati dalla Regione per concessione di derivazione d\u2019acqua a scopo idroelettrico, comprese le grandi derivazioni, nonch\u00e9 per concessioni di beni del demanio idrico rilasciate nell\u2019ambito della Provincia di Belluno e sono destinate all\u2019attuazione di interventi di sistemazione idrogeologica nel territorio provinciale, in conformit\u00e0 alla programmazione regionale.<br \/>\n2. Gli interventi da realizzare sono definiti mediante accordo quadro con la Regione, previa intesa con le comunit\u00e0 montane e i comuni.<br \/>\n3. Nell\u2019accordo quadro tra la Regione e la Provincia di Belluno sono definiti gli interventi da attuare con le risorse quantificate sulla base dei proventi introitati nell\u2019anno precedente a quello di riferimento.<br \/>\n4. Le modalit\u00e0 di trasferimento alla Provincia di Belluno delle funzioni di gestione del demanio idrico, sono definite con legge regionale da presentare, da parte della Giunta regionale, entro centottanta giorni dall\u2019entrata in vigore della presente legge. Qualora il Consiglio regionale non approvi detta legge entro il 31 dicembre 2007, le funzioni di cui al presente comma si intendono automaticamente trasferite. (1)<br \/>\n5. La quota non inferiore al 10 per cento di cui all\u2019articolo 83, comma 3, della legge regionale 13 aprile 2001, n. 11 \u201cConferimento di funzioni e compiti amministrativi alle autonomie locali in attuazione del decreto legislativo 31 marzo 1998, n. 112\u201d, da attribuire alle altre Province del Veneto, \u00e8 determinata sull\u2019ammontare dei canoni introitati annualmente dalla Regione, detratto l\u2019importo di cui al comma 1.<\/p>","protected":false},"excerpt":{"rendered":"<p>Nel corso della presentazione del documento sul Federalismo, oggi a Treviso nell\u2019ambito del convegno \u201cPer un Insieme Differente. In Veneto\u201d, il presidente della Commissione tecnica paritetica per l&#8217;attuazione del Federalismo Fiscale, prof. Luca Antonimi, ha annunciato che nella prossima primavera i laghi e i corsi d\u2019acqua, compresi quelli inter-provinciali, passeranno sotto la propriet\u00e0 delle Province. [&hellip;]<\/p>\n","protected":false},"author":2,"featured_media":0,"comment_status":"closed","ping_status":"open","sticky":false,"template":"","format":"standard","meta":{"footnotes":""},"categories":[5,26],"tags":[139],"class_list":["post-12178","post","type-post","status-publish","format-standard","category-cronaca","category-prima-pagina","tag-belluno"],"yoast_head":"<!-- This site is optimized with the Yoast SEO plugin v28.4 - https:\/\/yoast.com\/product\/yoast-seo-wordpress\/ -->\n<title>Arriva l&#039;annuncio elettorale: laghi e corsi d&#039;acqua passeranno sotto la propriet\u00e0 delle Province. Ma lo stabiliva gi\u00e0 l&#039;art.3 della Legge regionale n.2 del 2006 - Bellunopress - Dolomiti<\/title>\n<meta name=\"robots\" content=\"index, follow, max-snippet:-1, max-image-preview:large, max-video-preview:-1\" \/>\n<link rel=\"canonical\" href=\"https:\/\/www.bellunopress.it\/fr\/2010\/02\/06\/arriva-lannuncio-elettorale-laghi-e-corsi-dacqua-passeranno-sotto-la-proprieta-delle-province-ma-lo-stabiliva-gia-lart3-della-legge-regionale-n2-del-2006\/\" \/>\n<meta property=\"og:locale\" content=\"fr_FR\" \/>\n<meta property=\"og:type\" content=\"article\" \/>\n<meta property=\"og:title\" content=\"Arriva l&#039;annuncio elettorale: laghi e corsi d&#039;acqua passeranno sotto la propriet\u00e0 delle Province. Ma lo stabiliva gi\u00e0 l&#039;art.3 della Legge regionale n.2 del 2006 - Bellunopress - Dolomiti\" \/>\n<meta property=\"og:description\" content=\"Nel corso della presentazione del documento sul Federalismo, oggi a Treviso nell\u2019ambito del convegno \u201cPer un Insieme Differente. In Veneto\u201d, il presidente della Commissione tecnica paritetica per l&#8217;attuazione del Federalismo Fiscale, prof. Luca Antonimi, ha annunciato che nella prossima primavera i laghi e i corsi d\u2019acqua, compresi quelli inter-provinciali, passeranno sotto la propriet\u00e0 delle Province. [&hellip;]\" \/>\n<meta property=\"og:url\" content=\"https:\/\/www.bellunopress.it\/fr\/2010\/02\/06\/arriva-lannuncio-elettorale-laghi-e-corsi-dacqua-passeranno-sotto-la-proprieta-delle-province-ma-lo-stabiliva-gia-lart3-della-legge-regionale-n2-del-2006\/\" \/>\n<meta property=\"og:site_name\" content=\"Bellunopress - Dolomiti\" \/>\n<meta property=\"article:publisher\" content=\"https:\/\/www.facebook.com\/profile.php?id=100008943462799\" \/>\n<meta property=\"article:published_time\" content=\"2010-02-06T10:59:39+00:00\" \/>\n<meta property=\"article:modified_time\" content=\"2010-02-06T13:05:53+00:00\" \/>\n<meta property=\"og:image\" content=\"http:\/\/www.bellunopress.it\/wp-content\/uploads\/2009\/06\/gianpaolo-bottacin-270x180.jpg\" \/>\n<meta name=\"author\" content=\"redazione\" \/>\n<meta name=\"twitter:card\" content=\"summary_large_image\" \/>\n<meta name=\"twitter:creator\" content=\"@bellunopress\" \/>\n<meta name=\"twitter:site\" content=\"@bellunopress\" \/>\n<meta name=\"twitter:label1\" content=\"\u00c9crit par\" \/>\n\t<meta name=\"twitter:data1\" content=\"redazione\" \/>\n\t<meta name=\"twitter:label2\" content=\"Dur\u00e9e de lecture estim\u00e9e\" \/>\n\t<meta name=\"twitter:data2\" content=\"3 minutes\" \/>\n<script type=\"application\/ld+json\" class=\"yoast-schema-graph\">{\"@context\":\"https:\\\/\\\/schema.org\",\"@graph\":[{\"@type\":\"Article\",\"@id\":\"https:\\\/\\\/www.bellunopress.it\\\/2010\\\/02\\\/06\\\/arriva-lannuncio-elettorale-laghi-e-corsi-dacqua-passeranno-sotto-la-proprieta-delle-province-ma-lo-stabiliva-gia-lart3-della-legge-regionale-n2-del-2006\\\/#article\",\"isPartOf\":{\"@id\":\"https:\\\/\\\/www.bellunopress.it\\\/2010\\\/02\\\/06\\\/arriva-lannuncio-elettorale-laghi-e-corsi-dacqua-passeranno-sotto-la-proprieta-delle-province-ma-lo-stabiliva-gia-lart3-della-legge-regionale-n2-del-2006\\\/\"},\"author\":{\"name\":\"redazione\",\"@id\":\"https:\\\/\\\/www.bellunopress.it\\\/#\\\/schema\\\/person\\\/79bb06722b37ece1c03d3e94beb30d73\"},\"headline\":\"Arriva l&#8217;annuncio elettorale: laghi e corsi d&#8217;acqua passeranno sotto la propriet\u00e0 delle Province. Ma lo stabiliva gi\u00e0 l&#8217;art.3 della Legge regionale n.2 del 2006\",\"datePublished\":\"2010-02-06T10:59:39+00:00\",\"dateModified\":\"2010-02-06T13:05:53+00:00\",\"mainEntityOfPage\":{\"@id\":\"https:\\\/\\\/www.bellunopress.it\\\/2010\\\/02\\\/06\\\/arriva-lannuncio-elettorale-laghi-e-corsi-dacqua-passeranno-sotto-la-proprieta-delle-province-ma-lo-stabiliva-gia-lart3-della-legge-regionale-n2-del-2006\\\/\"},\"wordCount\":581,\"publisher\":{\"@id\":\"https:\\\/\\\/www.bellunopress.it\\\/#organization\"},\"image\":{\"@id\":\"https:\\\/\\\/www.bellunopress.it\\\/2010\\\/02\\\/06\\\/arriva-lannuncio-elettorale-laghi-e-corsi-dacqua-passeranno-sotto-la-proprieta-delle-province-ma-lo-stabiliva-gia-lart3-della-legge-regionale-n2-del-2006\\\/#primaryimage\"},\"thumbnailUrl\":\"http:\\\/\\\/www.bellunopress.it\\\/wp-content\\\/uploads\\\/2009\\\/06\\\/gianpaolo-bottacin-270x180.jpg\",\"keywords\":[\"Belluno\"],\"articleSection\":[\"Cronaca\\\/Politica\",\"Prima Pagina\"],\"inLanguage\":\"fr-FR\"},{\"@type\":\"WebPage\",\"@id\":\"https:\\\/\\\/www.bellunopress.it\\\/2010\\\/02\\\/06\\\/arriva-lannuncio-elettorale-laghi-e-corsi-dacqua-passeranno-sotto-la-proprieta-delle-province-ma-lo-stabiliva-gia-lart3-della-legge-regionale-n2-del-2006\\\/\",\"url\":\"https:\\\/\\\/www.bellunopress.it\\\/2010\\\/02\\\/06\\\/arriva-lannuncio-elettorale-laghi-e-corsi-dacqua-passeranno-sotto-la-proprieta-delle-province-ma-lo-stabiliva-gia-lart3-della-legge-regionale-n2-del-2006\\\/\",\"name\":\"Arriva l'annuncio elettorale: laghi e corsi d'acqua passeranno sotto la propriet\u00e0 delle Province. Ma lo stabiliva gi\u00e0 l'art.3 della Legge regionale n.2 del 2006 - Bellunopress - Dolomiti\",\"isPartOf\":{\"@id\":\"https:\\\/\\\/www.bellunopress.it\\\/#website\"},\"primaryImageOfPage\":{\"@id\":\"https:\\\/\\\/www.bellunopress.it\\\/2010\\\/02\\\/06\\\/arriva-lannuncio-elettorale-laghi-e-corsi-dacqua-passeranno-sotto-la-proprieta-delle-province-ma-lo-stabiliva-gia-lart3-della-legge-regionale-n2-del-2006\\\/#primaryimage\"},\"image\":{\"@id\":\"https:\\\/\\\/www.bellunopress.it\\\/2010\\\/02\\\/06\\\/arriva-lannuncio-elettorale-laghi-e-corsi-dacqua-passeranno-sotto-la-proprieta-delle-province-ma-lo-stabiliva-gia-lart3-della-legge-regionale-n2-del-2006\\\/#primaryimage\"},\"thumbnailUrl\":\"http:\\\/\\\/www.bellunopress.it\\\/wp-content\\\/uploads\\\/2009\\\/06\\\/gianpaolo-bottacin-270x180.jpg\",\"datePublished\":\"2010-02-06T10:59:39+00:00\",\"dateModified\":\"2010-02-06T13:05:53+00:00\",\"breadcrumb\":{\"@id\":\"https:\\\/\\\/www.bellunopress.it\\\/2010\\\/02\\\/06\\\/arriva-lannuncio-elettorale-laghi-e-corsi-dacqua-passeranno-sotto-la-proprieta-delle-province-ma-lo-stabiliva-gia-lart3-della-legge-regionale-n2-del-2006\\\/#breadcrumb\"},\"inLanguage\":\"fr-FR\",\"potentialAction\":[{\"@type\":\"ReadAction\",\"target\":[\"https:\\\/\\\/www.bellunopress.it\\\/2010\\\/02\\\/06\\\/arriva-lannuncio-elettorale-laghi-e-corsi-dacqua-passeranno-sotto-la-proprieta-delle-province-ma-lo-stabiliva-gia-lart3-della-legge-regionale-n2-del-2006\\\/\"]}]},{\"@type\":\"ImageObject\",\"inLanguage\":\"fr-FR\",\"@id\":\"https:\\\/\\\/www.bellunopress.it\\\/2010\\\/02\\\/06\\\/arriva-lannuncio-elettorale-laghi-e-corsi-dacqua-passeranno-sotto-la-proprieta-delle-province-ma-lo-stabiliva-gia-lart3-della-legge-regionale-n2-del-2006\\\/#primaryimage\",\"url\":\"http:\\\/\\\/www.bellunopress.it\\\/wp-content\\\/uploads\\\/2009\\\/06\\\/gianpaolo-bottacin-270x180.jpg\",\"contentUrl\":\"http:\\\/\\\/www.bellunopress.it\\\/wp-content\\\/uploads\\\/2009\\\/06\\\/gianpaolo-bottacin-270x180.jpg\"},{\"@type\":\"BreadcrumbList\",\"@id\":\"https:\\\/\\\/www.bellunopress.it\\\/2010\\\/02\\\/06\\\/arriva-lannuncio-elettorale-laghi-e-corsi-dacqua-passeranno-sotto-la-proprieta-delle-province-ma-lo-stabiliva-gia-lart3-della-legge-regionale-n2-del-2006\\\/#breadcrumb\",\"itemListElement\":[{\"@type\":\"ListItem\",\"position\":1,\"name\":\"Home\",\"item\":\"https:\\\/\\\/www.bellunopress.it\\\/\"},{\"@type\":\"ListItem\",\"position\":2,\"name\":\"Arriva l&#8217;annuncio elettorale: laghi e corsi d&#8217;acqua passeranno sotto la propriet\u00e0 delle Province. Ma lo stabiliva gi\u00e0 l&#8217;art.3 della Legge regionale n.2 del 2006\"}]},{\"@type\":\"WebSite\",\"@id\":\"https:\\\/\\\/www.bellunopress.it\\\/#website\",\"url\":\"https:\\\/\\\/www.bellunopress.it\\\/\",\"name\":\"Bellunopress - Dolomiti\",\"description\":\"e-mail: redazione@bellunopress.it\",\"publisher\":{\"@id\":\"https:\\\/\\\/www.bellunopress.it\\\/#organization\"},\"potentialAction\":[{\"@type\":\"SearchAction\",\"target\":{\"@type\":\"EntryPoint\",\"urlTemplate\":\"https:\\\/\\\/www.bellunopress.it\\\/?s={search_term_string}\"},\"query-input\":{\"@type\":\"PropertyValueSpecification\",\"valueRequired\":true,\"valueName\":\"search_term_string\"}}],\"inLanguage\":\"fr-FR\"},{\"@type\":\"Organization\",\"@id\":\"https:\\\/\\\/www.bellunopress.it\\\/#organization\",\"name\":\"Bellunopress\",\"url\":\"https:\\\/\\\/www.bellunopress.it\\\/\",\"logo\":{\"@type\":\"ImageObject\",\"inLanguage\":\"fr-FR\",\"@id\":\"https:\\\/\\\/www.bellunopress.it\\\/#\\\/schema\\\/logo\\\/image\\\/\",\"url\":\"https:\\\/\\\/www.bellunopress.it\\\/wp-content\\\/uploads\\\/2011\\\/05\\\/cropped-logo-bellunopress-.jpg\",\"contentUrl\":\"https:\\\/\\\/www.bellunopress.it\\\/wp-content\\\/uploads\\\/2011\\\/05\\\/cropped-logo-bellunopress-.jpg\",\"width\":512,\"height\":512,\"caption\":\"Bellunopress\"},\"image\":{\"@id\":\"https:\\\/\\\/www.bellunopress.it\\\/#\\\/schema\\\/logo\\\/image\\\/\"},\"sameAs\":[\"https:\\\/\\\/www.facebook.com\\\/profile.php?id=100008943462799\",\"https:\\\/\\\/x.com\\\/bellunopress\",\"https:\\\/\\\/www.linkedin.com\\\/hp\\\/?dnr=JBzUWaJfMUw8vbXJJ2tVW5-I3jZKvC4wsoxE&amp;amp;amp;amp;amp;amp;trk=nav_responsive_tab_home\",\"https:\\\/\\\/www.youtube.com\\\/channel\\\/UCxL0wu1uN0_3_7hGG0306cw\"]},{\"@type\":\"Person\",\"@id\":\"https:\\\/\\\/www.bellunopress.it\\\/#\\\/schema\\\/person\\\/79bb06722b37ece1c03d3e94beb30d73\",\"name\":\"redazione\",\"image\":{\"@type\":\"ImageObject\",\"inLanguage\":\"fr-FR\",\"@id\":\"https:\\\/\\\/secure.gravatar.com\\\/avatar\\\/37d968a2e67a6fd04c169c4bdef102d0bc5d31b2546345219e348575eb80e9a0?s=96&d=mm&r=g\",\"url\":\"https:\\\/\\\/secure.gravatar.com\\\/avatar\\\/37d968a2e67a6fd04c169c4bdef102d0bc5d31b2546345219e348575eb80e9a0?s=96&d=mm&r=g\",\"contentUrl\":\"https:\\\/\\\/secure.gravatar.com\\\/avatar\\\/37d968a2e67a6fd04c169c4bdef102d0bc5d31b2546345219e348575eb80e9a0?s=96&d=mm&r=g\",\"caption\":\"redazione\"},\"sameAs\":[\"http:\\\/\\\/www.bellunopress.it\",\"https:\\\/\\\/x.com\\\/bellunopress\"],\"url\":\"https:\\\/\\\/www.bellunopress.it\\\/fr\\\/author\\\/redazione\\\/\"}]}<\/script>\n<!-- \/ Yoast SEO plugin. -->","yoast_head_json":{"title":"Arriva l'annuncio elettorale: laghi e corsi d'acqua passeranno sotto la propriet\u00e0 delle Province. Ma lo stabiliva gi\u00e0 l'art.3 della Legge regionale n.2 del 2006 - Bellunopress - Dolomiti","robots":{"index":"index","follow":"follow","max-snippet":"max-snippet:-1","max-image-preview":"max-image-preview:large","max-video-preview":"max-video-preview:-1"},"canonical":"https:\/\/www.bellunopress.it\/fr\/2010\/02\/06\/arriva-lannuncio-elettorale-laghi-e-corsi-dacqua-passeranno-sotto-la-proprieta-delle-province-ma-lo-stabiliva-gia-lart3-della-legge-regionale-n2-del-2006\/","og_locale":"fr_FR","og_type":"article","og_title":"Arriva l'annuncio elettorale: laghi e corsi d'acqua passeranno sotto la propriet\u00e0 delle Province. Ma lo stabiliva gi\u00e0 l'art.3 della Legge regionale n.2 del 2006 - Bellunopress - Dolomiti","og_description":"Nel corso della presentazione del documento sul Federalismo, oggi a Treviso nell\u2019ambito del convegno \u201cPer un Insieme Differente. In Veneto\u201d, il presidente della Commissione tecnica paritetica per l&#8217;attuazione del Federalismo Fiscale, prof. Luca Antonimi, ha annunciato che nella prossima primavera i laghi e i corsi d\u2019acqua, compresi quelli inter-provinciali, passeranno sotto la propriet\u00e0 delle Province. [&hellip;]","og_url":"https:\/\/www.bellunopress.it\/fr\/2010\/02\/06\/arriva-lannuncio-elettorale-laghi-e-corsi-dacqua-passeranno-sotto-la-proprieta-delle-province-ma-lo-stabiliva-gia-lart3-della-legge-regionale-n2-del-2006\/","og_site_name":"Bellunopress - Dolomiti","article_publisher":"https:\/\/www.facebook.com\/profile.php?id=100008943462799","article_published_time":"2010-02-06T10:59:39+00:00","article_modified_time":"2010-02-06T13:05:53+00:00","og_image":[{"url":"http:\/\/www.bellunopress.it\/wp-content\/uploads\/2009\/06\/gianpaolo-bottacin-270x180.jpg","type":"","width":"","height":""}],"author":"redazione","twitter_card":"summary_large_image","twitter_creator":"@bellunopress","twitter_site":"@bellunopress","twitter_misc":{"\u00c9crit par":"redazione","Dur\u00e9e de lecture estim\u00e9e":"3 minutes"},"schema":{"@context":"https:\/\/schema.org","@graph":[{"@type":"Article","@id":"https:\/\/www.bellunopress.it\/2010\/02\/06\/arriva-lannuncio-elettorale-laghi-e-corsi-dacqua-passeranno-sotto-la-proprieta-delle-province-ma-lo-stabiliva-gia-lart3-della-legge-regionale-n2-del-2006\/#article","isPartOf":{"@id":"https:\/\/www.bellunopress.it\/2010\/02\/06\/arriva-lannuncio-elettorale-laghi-e-corsi-dacqua-passeranno-sotto-la-proprieta-delle-province-ma-lo-stabiliva-gia-lart3-della-legge-regionale-n2-del-2006\/"},"author":{"name":"redazione","@id":"https:\/\/www.bellunopress.it\/#\/schema\/person\/79bb06722b37ece1c03d3e94beb30d73"},"headline":"Arriva l&#8217;annuncio elettorale: laghi e corsi d&#8217;acqua passeranno sotto la propriet\u00e0 delle Province. Ma lo stabiliva gi\u00e0 l&#8217;art.3 della Legge regionale n.2 del 2006","datePublished":"2010-02-06T10:59:39+00:00","dateModified":"2010-02-06T13:05:53+00:00","mainEntityOfPage":{"@id":"https:\/\/www.bellunopress.it\/2010\/02\/06\/arriva-lannuncio-elettorale-laghi-e-corsi-dacqua-passeranno-sotto-la-proprieta-delle-province-ma-lo-stabiliva-gia-lart3-della-legge-regionale-n2-del-2006\/"},"wordCount":581,"publisher":{"@id":"https:\/\/www.bellunopress.it\/#organization"},"image":{"@id":"https:\/\/www.bellunopress.it\/2010\/02\/06\/arriva-lannuncio-elettorale-laghi-e-corsi-dacqua-passeranno-sotto-la-proprieta-delle-province-ma-lo-stabiliva-gia-lart3-della-legge-regionale-n2-del-2006\/#primaryimage"},"thumbnailUrl":"http:\/\/www.bellunopress.it\/wp-content\/uploads\/2009\/06\/gianpaolo-bottacin-270x180.jpg","keywords":["Belluno"],"articleSection":["Cronaca\/Politica","Prima Pagina"],"inLanguage":"fr-FR"},{"@type":"WebPage","@id":"https:\/\/www.bellunopress.it\/2010\/02\/06\/arriva-lannuncio-elettorale-laghi-e-corsi-dacqua-passeranno-sotto-la-proprieta-delle-province-ma-lo-stabiliva-gia-lart3-della-legge-regionale-n2-del-2006\/","url":"https:\/\/www.bellunopress.it\/2010\/02\/06\/arriva-lannuncio-elettorale-laghi-e-corsi-dacqua-passeranno-sotto-la-proprieta-delle-province-ma-lo-stabiliva-gia-lart3-della-legge-regionale-n2-del-2006\/","name":"Arriva l'annuncio elettorale: laghi e corsi d'acqua passeranno sotto la propriet\u00e0 delle Province. Ma lo stabiliva gi\u00e0 l'art.3 della Legge regionale n.2 del 2006 - Bellunopress - Dolomiti","isPartOf":{"@id":"https:\/\/www.bellunopress.it\/#website"},"primaryImageOfPage":{"@id":"https:\/\/www.bellunopress.it\/2010\/02\/06\/arriva-lannuncio-elettorale-laghi-e-corsi-dacqua-passeranno-sotto-la-proprieta-delle-province-ma-lo-stabiliva-gia-lart3-della-legge-regionale-n2-del-2006\/#primaryimage"},"image":{"@id":"https:\/\/www.bellunopress.it\/2010\/02\/06\/arriva-lannuncio-elettorale-laghi-e-corsi-dacqua-passeranno-sotto-la-proprieta-delle-province-ma-lo-stabiliva-gia-lart3-della-legge-regionale-n2-del-2006\/#primaryimage"},"thumbnailUrl":"http:\/\/www.bellunopress.it\/wp-content\/uploads\/2009\/06\/gianpaolo-bottacin-270x180.jpg","datePublished":"2010-02-06T10:59:39+00:00","dateModified":"2010-02-06T13:05:53+00:00","breadcrumb":{"@id":"https:\/\/www.bellunopress.it\/2010\/02\/06\/arriva-lannuncio-elettorale-laghi-e-corsi-dacqua-passeranno-sotto-la-proprieta-delle-province-ma-lo-stabiliva-gia-lart3-della-legge-regionale-n2-del-2006\/#breadcrumb"},"inLanguage":"fr-FR","potentialAction":[{"@type":"ReadAction","target":["https:\/\/www.bellunopress.it\/2010\/02\/06\/arriva-lannuncio-elettorale-laghi-e-corsi-dacqua-passeranno-sotto-la-proprieta-delle-province-ma-lo-stabiliva-gia-lart3-della-legge-regionale-n2-del-2006\/"]}]},{"@type":"ImageObject","inLanguage":"fr-FR","@id":"https:\/\/www.bellunopress.it\/2010\/02\/06\/arriva-lannuncio-elettorale-laghi-e-corsi-dacqua-passeranno-sotto-la-proprieta-delle-province-ma-lo-stabiliva-gia-lart3-della-legge-regionale-n2-del-2006\/#primaryimage","url":"http:\/\/www.bellunopress.it\/wp-content\/uploads\/2009\/06\/gianpaolo-bottacin-270x180.jpg","contentUrl":"http:\/\/www.bellunopress.it\/wp-content\/uploads\/2009\/06\/gianpaolo-bottacin-270x180.jpg"},{"@type":"BreadcrumbList","@id":"https:\/\/www.bellunopress.it\/2010\/02\/06\/arriva-lannuncio-elettorale-laghi-e-corsi-dacqua-passeranno-sotto-la-proprieta-delle-province-ma-lo-stabiliva-gia-lart3-della-legge-regionale-n2-del-2006\/#breadcrumb","itemListElement":[{"@type":"ListItem","position":1,"name":"Home","item":"https:\/\/www.bellunopress.it\/"},{"@type":"ListItem","position":2,"name":"Arriva l&#8217;annuncio elettorale: laghi e corsi d&#8217;acqua passeranno sotto la propriet\u00e0 delle Province. Ma lo stabiliva gi\u00e0 l&#8217;art.3 della Legge regionale n.2 del 2006"}]},{"@type":"WebSite","@id":"https:\/\/www.bellunopress.it\/#website","url":"https:\/\/www.bellunopress.it\/","name":"Bellunopress - Dolomiti","description":"e-mail: redazione@bellunopress.it","publisher":{"@id":"https:\/\/www.bellunopress.it\/#organization"},"potentialAction":[{"@type":"SearchAction","target":{"@type":"EntryPoint","urlTemplate":"https:\/\/www.bellunopress.it\/?s={search_term_string}"},"query-input":{"@type":"PropertyValueSpecification","valueRequired":true,"valueName":"search_term_string"}}],"inLanguage":"fr-FR"},{"@type":"Organization","@id":"https:\/\/www.bellunopress.it\/#organization","name":"Bellunopress","url":"https:\/\/www.bellunopress.it\/","logo":{"@type":"ImageObject","inLanguage":"fr-FR","@id":"https:\/\/www.bellunopress.it\/#\/schema\/logo\/image\/","url":"https:\/\/www.bellunopress.it\/wp-content\/uploads\/2011\/05\/cropped-logo-bellunopress-.jpg","contentUrl":"https:\/\/www.bellunopress.it\/wp-content\/uploads\/2011\/05\/cropped-logo-bellunopress-.jpg","width":512,"height":512,"caption":"Bellunopress"},"image":{"@id":"https:\/\/www.bellunopress.it\/#\/schema\/logo\/image\/"},"sameAs":["https:\/\/www.facebook.com\/profile.php?id=100008943462799","https:\/\/x.com\/bellunopress","https:\/\/www.linkedin.com\/hp\/?dnr=JBzUWaJfMUw8vbXJJ2tVW5-I3jZKvC4wsoxE&amp;amp;amp;amp;amp;amp;trk=nav_responsive_tab_home","https:\/\/www.youtube.com\/channel\/UCxL0wu1uN0_3_7hGG0306cw"]},{"@type":"Person","@id":"https:\/\/www.bellunopress.it\/#\/schema\/person\/79bb06722b37ece1c03d3e94beb30d73","name":"r\u00e9daction","image":{"@type":"ImageObject","inLanguage":"fr-FR","@id":"https:\/\/secure.gravatar.com\/avatar\/37d968a2e67a6fd04c169c4bdef102d0bc5d31b2546345219e348575eb80e9a0?s=96&d=mm&r=g","url":"https:\/\/secure.gravatar.com\/avatar\/37d968a2e67a6fd04c169c4bdef102d0bc5d31b2546345219e348575eb80e9a0?s=96&d=mm&r=g","contentUrl":"https:\/\/secure.gravatar.com\/avatar\/37d968a2e67a6fd04c169c4bdef102d0bc5d31b2546345219e348575eb80e9a0?s=96&d=mm&r=g","caption":"redazione"},"sameAs":["http:\/\/www.bellunopress.it","https:\/\/x.com\/bellunopress"],"url":"https:\/\/www.bellunopress.it\/fr\/author\/redazione\/"}]}},"_links":{"self":[{"href":"https:\/\/www.bellunopress.it\/fr\/wp-json\/wp\/v2\/posts\/12178","targetHints":{"allow":["GET"]}}],"collection":[{"href":"https:\/\/www.bellunopress.it\/fr\/wp-json\/wp\/v2\/posts"}],"about":[{"href":"https:\/\/www.bellunopress.it\/fr\/wp-json\/wp\/v2\/types\/post"}],"author":[{"embeddable":true,"href":"https:\/\/www.bellunopress.it\/fr\/wp-json\/wp\/v2\/users\/2"}],"replies":[{"embeddable":true,"href":"https:\/\/www.bellunopress.it\/fr\/wp-json\/wp\/v2\/comments?post=12178"}],"version-history":[{"count":4,"href":"https:\/\/www.bellunopress.it\/fr\/wp-json\/wp\/v2\/posts\/12178\/revisions"}],"predecessor-version":[{"id":12180,"href":"https:\/\/www.bellunopress.it\/fr\/wp-json\/wp\/v2\/posts\/12178\/revisions\/12180"}],"wp:attachment":[{"href":"https:\/\/www.bellunopress.it\/fr\/wp-json\/wp\/v2\/media?parent=12178"}],"wp:term":[{"taxonomy":"category","embeddable":true,"href":"https:\/\/www.bellunopress.it\/fr\/wp-json\/wp\/v2\/categories?post=12178"},{"taxonomy":"post_tag","embeddable":true,"href":"https:\/\/www.bellunopress.it\/fr\/wp-json\/wp\/v2\/tags?post=12178"}],"curies":[{"name":"wp","href":"https:\/\/api.w.org\/{rel}","templated":true}]}}