{"id":12176,"date":"2010-02-05T14:50:15","date_gmt":"2010-02-05T13:50:15","guid":{"rendered":"http:\/\/www.bellunopress.it\/?p=12176"},"modified":"2010-02-06T12:17:44","modified_gmt":"2010-02-06T11:17:44","slug":"grande-festa-ad-alleghe-per-il-trentennale-di-alleghe-funivie-invitato-anche-giancarlo-galan","status":"publish","type":"post","link":"https:\/\/www.bellunopress.it\/fr\/2010\/02\/05\/grande-festa-ad-alleghe-per-il-trentennale-di-alleghe-funivie-invitato-anche-giancarlo-galan\/","title":{"rendered":"Grande festa ad Alleghe per il trentennale di Alleghe Funivie. Invitato anche Giancarlo Galan"},"content":{"rendered":"<p>La Alleghe Funivie Spa compie trent\u2019anni. La festa per il trentennale avr\u00e0 luogo oggi con inizio alle ore 10.30 nella sala congressi presso lo stadio del ghiaccio di Alleghe. Insieme all\u2019ex assessore regionale Floriano Pra, che \u00e8 stato uno dei protagonisti della fondazione della societ\u00e0, sar\u00e0 presente il presidente della Regione Giancarlo Galan, con il sindaco di Alleghe Gloria Pianezze e numerosi amministratori tra cui il presidente della Provincia di Belluno Giampaolo Bottacin, l\u2019assessore regionale ai trasporti a fune Oscar De Bona e il consigliere regionale Dario Bond. E\u2019 previsto l\u2019intervento di Sandro Lazzari presidente di Dolomiti Superski e dell\u2019ANEF.<br \/>\nIl presidente Sergio Pra presenter\u00e0 il libro \u201c30 anni di Alleghe Funivie spa\u201d sulla storia di questa impresa turistica che ora guarda verso il futuro.<\/p>","protected":false},"excerpt":{"rendered":"<p>La Alleghe Funivie Spa compie trent\u2019anni. La festa per il trentennale avr\u00e0 luogo oggi con inizio alle ore 10.30 nella sala congressi presso lo stadio del ghiaccio di Alleghe. Insieme all\u2019ex assessore regionale Floriano Pra, che \u00e8 stato uno dei protagonisti della fondazione della societ\u00e0, sar\u00e0 presente il presidente della Regione Giancarlo Galan, con il [&hellip;]<\/p>\n","protected":false},"author":2,"featured_media":0,"comment_status":"closed","ping_status":"open","sticky":false,"template":"","format":"standard","meta":{"footnotes":""},"categories":[5],"tags":[139,63],"class_list":["post-12176","post","type-post","status-publish","format-standard","category-cronaca","tag-belluno","tag-dolomiti"],"yoast_head":"<!-- This site is optimized with the Yoast SEO plugin v28.4 - https:\/\/yoast.com\/product\/yoast-seo-wordpress\/ -->\n<title>Grande festa ad Alleghe per il trentennale di Alleghe Funivie. Invitato anche Giancarlo Galan - Bellunopress - Dolomiti<\/title>\n<meta name=\"robots\" content=\"index, follow, max-snippet:-1, max-image-preview:large, max-video-preview:-1\" \/>\n<link rel=\"canonical\" href=\"https:\/\/www.bellunopress.it\/fr\/2010\/02\/05\/grande-festa-ad-alleghe-per-il-trentennale-di-alleghe-funivie-invitato-anche-giancarlo-galan\/\" \/>\n<meta property=\"og:locale\" content=\"fr_FR\" \/>\n<meta property=\"og:type\" content=\"article\" \/>\n<meta property=\"og:title\" content=\"Grande festa ad Alleghe per il trentennale di Alleghe Funivie. Invitato anche Giancarlo Galan - Bellunopress - Dolomiti\" \/>\n<meta property=\"og:description\" content=\"La Alleghe Funivie Spa compie trent\u2019anni. La festa per il trentennale avr\u00e0 luogo oggi con inizio alle ore 10.30 nella sala congressi presso lo stadio del ghiaccio di Alleghe. Insieme all\u2019ex assessore regionale Floriano Pra, che \u00e8 stato uno dei protagonisti della fondazione della societ\u00e0, sar\u00e0 presente il presidente della Regione Giancarlo Galan, con il [&hellip;]\" \/>\n<meta property=\"og:url\" content=\"https:\/\/www.bellunopress.it\/fr\/2010\/02\/05\/grande-festa-ad-alleghe-per-il-trentennale-di-alleghe-funivie-invitato-anche-giancarlo-galan\/\" \/>\n<meta property=\"og:site_name\" content=\"Bellunopress - Dolomiti\" \/>\n<meta property=\"article:publisher\" content=\"https:\/\/www.facebook.com\/profile.php?id=100008943462799\" \/>\n<meta property=\"article:published_time\" content=\"2010-02-05T13:50:15+00:00\" \/>\n<meta property=\"article:modified_time\" content=\"2010-02-06T11:17:44+00:00\" \/>\n<meta property=\"og:image\" content=\"http:\/\/www.bellunopress.it\/wp-content\/uploads\/2012\/07\/logo-bellunopress-250x250-2012.jpg\" \/>\n<meta name=\"author\" content=\"redazione\" \/>\n<meta name=\"twitter:card\" content=\"summary_large_image\" \/>\n<meta name=\"twitter:creator\" content=\"@bellunopress\" \/>\n<meta name=\"twitter:site\" content=\"@bellunopress\" \/>\n<meta name=\"twitter:label1\" content=\"\u00c9crit par\" \/>\n\t<meta name=\"twitter:data1\" content=\"redazione\" \/>\n\t<meta name=\"twitter:label2\" content=\"Dur\u00e9e de lecture estim\u00e9e\" \/>\n\t<meta name=\"twitter:data2\" content=\"1 minute\" \/>\n<script type=\"application\/ld+json\" class=\"yoast-schema-graph\">{\"@context\":\"https:\\\/\\\/schema.org\",\"@graph\":[{\"@type\":\"Article\",\"@id\":\"https:\\\/\\\/www.bellunopress.it\\\/2010\\\/02\\\/05\\\/grande-festa-ad-alleghe-per-il-trentennale-di-alleghe-funivie-invitato-anche-giancarlo-galan\\\/#article\",\"isPartOf\":{\"@id\":\"https:\\\/\\\/www.bellunopress.it\\\/2010\\\/02\\\/05\\\/grande-festa-ad-alleghe-per-il-trentennale-di-alleghe-funivie-invitato-anche-giancarlo-galan\\\/\"},\"author\":{\"name\":\"redazione\",\"@id\":\"https:\\\/\\\/www.bellunopress.it\\\/#\\\/schema\\\/person\\\/79bb06722b37ece1c03d3e94beb30d73\"},\"headline\":\"Grande festa ad Alleghe per il trentennale di Alleghe Funivie. Invitato anche Giancarlo Galan\",\"datePublished\":\"2010-02-05T13:50:15+00:00\",\"dateModified\":\"2010-02-06T11:17:44+00:00\",\"mainEntityOfPage\":{\"@id\":\"https:\\\/\\\/www.bellunopress.it\\\/2010\\\/02\\\/05\\\/grande-festa-ad-alleghe-per-il-trentennale-di-alleghe-funivie-invitato-anche-giancarlo-galan\\\/\"},\"wordCount\":141,\"publisher\":{\"@id\":\"https:\\\/\\\/www.bellunopress.it\\\/#organization\"},\"keywords\":[\"Belluno\",\"Dolomiti\"],\"articleSection\":[\"Cronaca\\\/Politica\"],\"inLanguage\":\"fr-FR\"},{\"@type\":\"WebPage\",\"@id\":\"https:\\\/\\\/www.bellunopress.it\\\/2010\\\/02\\\/05\\\/grande-festa-ad-alleghe-per-il-trentennale-di-alleghe-funivie-invitato-anche-giancarlo-galan\\\/\",\"url\":\"https:\\\/\\\/www.bellunopress.it\\\/2010\\\/02\\\/05\\\/grande-festa-ad-alleghe-per-il-trentennale-di-alleghe-funivie-invitato-anche-giancarlo-galan\\\/\",\"name\":\"Grande festa ad Alleghe per il trentennale di Alleghe Funivie. Invitato anche Giancarlo Galan - Bellunopress - Dolomiti\",\"isPartOf\":{\"@id\":\"https:\\\/\\\/www.bellunopress.it\\\/#website\"},\"datePublished\":\"2010-02-05T13:50:15+00:00\",\"dateModified\":\"2010-02-06T11:17:44+00:00\",\"breadcrumb\":{\"@id\":\"https:\\\/\\\/www.bellunopress.it\\\/2010\\\/02\\\/05\\\/grande-festa-ad-alleghe-per-il-trentennale-di-alleghe-funivie-invitato-anche-giancarlo-galan\\\/#breadcrumb\"},\"inLanguage\":\"fr-FR\",\"potentialAction\":[{\"@type\":\"ReadAction\",\"target\":[\"https:\\\/\\\/www.bellunopress.it\\\/2010\\\/02\\\/05\\\/grande-festa-ad-alleghe-per-il-trentennale-di-alleghe-funivie-invitato-anche-giancarlo-galan\\\/\"]}]},{\"@type\":\"BreadcrumbList\",\"@id\":\"https:\\\/\\\/www.bellunopress.it\\\/2010\\\/02\\\/05\\\/grande-festa-ad-alleghe-per-il-trentennale-di-alleghe-funivie-invitato-anche-giancarlo-galan\\\/#breadcrumb\",\"itemListElement\":[{\"@type\":\"ListItem\",\"position\":1,\"name\":\"Home\",\"item\":\"https:\\\/\\\/www.bellunopress.it\\\/\"},{\"@type\":\"ListItem\",\"position\":2,\"name\":\"Grande festa ad Alleghe per il trentennale di Alleghe Funivie. Invitato anche Giancarlo Galan\"}]},{\"@type\":\"WebSite\",\"@id\":\"https:\\\/\\\/www.bellunopress.it\\\/#website\",\"url\":\"https:\\\/\\\/www.bellunopress.it\\\/\",\"name\":\"Bellunopress - Dolomiti\",\"description\":\"e-mail: redazione@bellunopress.it\",\"publisher\":{\"@id\":\"https:\\\/\\\/www.bellunopress.it\\\/#organization\"},\"potentialAction\":[{\"@type\":\"SearchAction\",\"target\":{\"@type\":\"EntryPoint\",\"urlTemplate\":\"https:\\\/\\\/www.bellunopress.it\\\/?s={search_term_string}\"},\"query-input\":{\"@type\":\"PropertyValueSpecification\",\"valueRequired\":true,\"valueName\":\"search_term_string\"}}],\"inLanguage\":\"fr-FR\"},{\"@type\":\"Organization\",\"@id\":\"https:\\\/\\\/www.bellunopress.it\\\/#organization\",\"name\":\"Bellunopress\",\"url\":\"https:\\\/\\\/www.bellunopress.it\\\/\",\"logo\":{\"@type\":\"ImageObject\",\"inLanguage\":\"fr-FR\",\"@id\":\"https:\\\/\\\/www.bellunopress.it\\\/#\\\/schema\\\/logo\\\/image\\\/\",\"url\":\"https:\\\/\\\/www.bellunopress.it\\\/wp-content\\\/uploads\\\/2011\\\/05\\\/cropped-logo-bellunopress-.jpg\",\"contentUrl\":\"https:\\\/\\\/www.bellunopress.it\\\/wp-content\\\/uploads\\\/2011\\\/05\\\/cropped-logo-bellunopress-.jpg\",\"width\":512,\"height\":512,\"caption\":\"Bellunopress\"},\"image\":{\"@id\":\"https:\\\/\\\/www.bellunopress.it\\\/#\\\/schema\\\/logo\\\/image\\\/\"},\"sameAs\":[\"https:\\\/\\\/www.facebook.com\\\/profile.php?id=100008943462799\",\"https:\\\/\\\/x.com\\\/bellunopress\",\"https:\\\/\\\/www.linkedin.com\\\/hp\\\/?dnr=JBzUWaJfMUw8vbXJJ2tVW5-I3jZKvC4wsoxE&amp;amp;amp;amp;amp;amp;trk=nav_responsive_tab_home\",\"https:\\\/\\\/www.youtube.com\\\/channel\\\/UCxL0wu1uN0_3_7hGG0306cw\"]},{\"@type\":\"Person\",\"@id\":\"https:\\\/\\\/www.bellunopress.it\\\/#\\\/schema\\\/person\\\/79bb06722b37ece1c03d3e94beb30d73\",\"name\":\"redazione\",\"image\":{\"@type\":\"ImageObject\",\"inLanguage\":\"fr-FR\",\"@id\":\"https:\\\/\\\/secure.gravatar.com\\\/avatar\\\/37d968a2e67a6fd04c169c4bdef102d0bc5d31b2546345219e348575eb80e9a0?s=96&d=mm&r=g\",\"url\":\"https:\\\/\\\/secure.gravatar.com\\\/avatar\\\/37d968a2e67a6fd04c169c4bdef102d0bc5d31b2546345219e348575eb80e9a0?s=96&d=mm&r=g\",\"contentUrl\":\"https:\\\/\\\/secure.gravatar.com\\\/avatar\\\/37d968a2e67a6fd04c169c4bdef102d0bc5d31b2546345219e348575eb80e9a0?s=96&d=mm&r=g\",\"caption\":\"redazione\"},\"sameAs\":[\"http:\\\/\\\/www.bellunopress.it\",\"https:\\\/\\\/x.com\\\/bellunopress\"],\"url\":\"https:\\\/\\\/www.bellunopress.it\\\/fr\\\/author\\\/redazione\\\/\"}]}<\/script>\n<!-- \/ Yoast SEO plugin. -->","yoast_head_json":{"title":"Grande festa ad Alleghe per il trentennale di Alleghe Funivie. Invitato anche Giancarlo Galan - Bellunopress - Dolomiti","robots":{"index":"index","follow":"follow","max-snippet":"max-snippet:-1","max-image-preview":"max-image-preview:large","max-video-preview":"max-video-preview:-1"},"canonical":"https:\/\/www.bellunopress.it\/fr\/2010\/02\/05\/grande-festa-ad-alleghe-per-il-trentennale-di-alleghe-funivie-invitato-anche-giancarlo-galan\/","og_locale":"fr_FR","og_type":"article","og_title":"Grande festa ad Alleghe per il trentennale di Alleghe Funivie. Invitato anche Giancarlo Galan - Bellunopress - Dolomiti","og_description":"La Alleghe Funivie Spa compie trent\u2019anni. La festa per il trentennale avr\u00e0 luogo oggi con inizio alle ore 10.30 nella sala congressi presso lo stadio del ghiaccio di Alleghe. Insieme all\u2019ex assessore regionale Floriano Pra, che \u00e8 stato uno dei protagonisti della fondazione della societ\u00e0, sar\u00e0 presente il presidente della Regione Giancarlo Galan, con il [&hellip;]","og_url":"https:\/\/www.bellunopress.it\/fr\/2010\/02\/05\/grande-festa-ad-alleghe-per-il-trentennale-di-alleghe-funivie-invitato-anche-giancarlo-galan\/","og_site_name":"Bellunopress - Dolomiti","article_publisher":"https:\/\/www.facebook.com\/profile.php?id=100008943462799","article_published_time":"2010-02-05T13:50:15+00:00","article_modified_time":"2010-02-06T11:17:44+00:00","og_image":[{"url":"http:\/\/www.bellunopress.it\/wp-content\/uploads\/2012\/07\/logo-bellunopress-250x250-2012.jpg","type":"","width":"","height":""}],"author":"redazione","twitter_card":"summary_large_image","twitter_creator":"@bellunopress","twitter_site":"@bellunopress","twitter_misc":{"\u00c9crit par":"redazione","Dur\u00e9e de lecture estim\u00e9e":"1 minute"},"schema":{"@context":"https:\/\/schema.org","@graph":[{"@type":"Article","@id":"https:\/\/www.bellunopress.it\/2010\/02\/05\/grande-festa-ad-alleghe-per-il-trentennale-di-alleghe-funivie-invitato-anche-giancarlo-galan\/#article","isPartOf":{"@id":"https:\/\/www.bellunopress.it\/2010\/02\/05\/grande-festa-ad-alleghe-per-il-trentennale-di-alleghe-funivie-invitato-anche-giancarlo-galan\/"},"author":{"name":"redazione","@id":"https:\/\/www.bellunopress.it\/#\/schema\/person\/79bb06722b37ece1c03d3e94beb30d73"},"headline":"Grande festa ad Alleghe per il trentennale di Alleghe Funivie. Invitato anche Giancarlo Galan","datePublished":"2010-02-05T13:50:15+00:00","dateModified":"2010-02-06T11:17:44+00:00","mainEntityOfPage":{"@id":"https:\/\/www.bellunopress.it\/2010\/02\/05\/grande-festa-ad-alleghe-per-il-trentennale-di-alleghe-funivie-invitato-anche-giancarlo-galan\/"},"wordCount":141,"publisher":{"@id":"https:\/\/www.bellunopress.it\/#organization"},"keywords":["Belluno","Dolomiti"],"articleSection":["Cronaca\/Politica"],"inLanguage":"fr-FR"},{"@type":"WebPage","@id":"https:\/\/www.bellunopress.it\/2010\/02\/05\/grande-festa-ad-alleghe-per-il-trentennale-di-alleghe-funivie-invitato-anche-giancarlo-galan\/","url":"https:\/\/www.bellunopress.it\/2010\/02\/05\/grande-festa-ad-alleghe-per-il-trentennale-di-alleghe-funivie-invitato-anche-giancarlo-galan\/","name":"Grande festa ad Alleghe per il trentennale di Alleghe Funivie. Invitato anche Giancarlo Galan - Bellunopress - Dolomiti","isPartOf":{"@id":"https:\/\/www.bellunopress.it\/#website"},"datePublished":"2010-02-05T13:50:15+00:00","dateModified":"2010-02-06T11:17:44+00:00","breadcrumb":{"@id":"https:\/\/www.bellunopress.it\/2010\/02\/05\/grande-festa-ad-alleghe-per-il-trentennale-di-alleghe-funivie-invitato-anche-giancarlo-galan\/#breadcrumb"},"inLanguage":"fr-FR","potentialAction":[{"@type":"ReadAction","target":["https:\/\/www.bellunopress.it\/2010\/02\/05\/grande-festa-ad-alleghe-per-il-trentennale-di-alleghe-funivie-invitato-anche-giancarlo-galan\/"]}]},{"@type":"BreadcrumbList","@id":"https:\/\/www.bellunopress.it\/2010\/02\/05\/grande-festa-ad-alleghe-per-il-trentennale-di-alleghe-funivie-invitato-anche-giancarlo-galan\/#breadcrumb","itemListElement":[{"@type":"ListItem","position":1,"name":"Home","item":"https:\/\/www.bellunopress.it\/"},{"@type":"ListItem","position":2,"name":"Grande festa ad Alleghe per il trentennale di Alleghe Funivie. Invitato anche Giancarlo Galan"}]},{"@type":"WebSite","@id":"https:\/\/www.bellunopress.it\/#website","url":"https:\/\/www.bellunopress.it\/","name":"Bellunopress - Dolomiti","description":"e-mail: redazione@bellunopress.it","publisher":{"@id":"https:\/\/www.bellunopress.it\/#organization"},"potentialAction":[{"@type":"SearchAction","target":{"@type":"EntryPoint","urlTemplate":"https:\/\/www.bellunopress.it\/?s={search_term_string}"},"query-input":{"@type":"PropertyValueSpecification","valueRequired":true,"valueName":"search_term_string"}}],"inLanguage":"fr-FR"},{"@type":"Organization","@id":"https:\/\/www.bellunopress.it\/#organization","name":"Bellunopress","url":"https:\/\/www.bellunopress.it\/","logo":{"@type":"ImageObject","inLanguage":"fr-FR","@id":"https:\/\/www.bellunopress.it\/#\/schema\/logo\/image\/","url":"https:\/\/www.bellunopress.it\/wp-content\/uploads\/2011\/05\/cropped-logo-bellunopress-.jpg","contentUrl":"https:\/\/www.bellunopress.it\/wp-content\/uploads\/2011\/05\/cropped-logo-bellunopress-.jpg","width":512,"height":512,"caption":"Bellunopress"},"image":{"@id":"https:\/\/www.bellunopress.it\/#\/schema\/logo\/image\/"},"sameAs":["https:\/\/www.facebook.com\/profile.php?id=100008943462799","https:\/\/x.com\/bellunopress","https:\/\/www.linkedin.com\/hp\/?dnr=JBzUWaJfMUw8vbXJJ2tVW5-I3jZKvC4wsoxE&amp;amp;amp;amp;amp;amp;trk=nav_responsive_tab_home","https:\/\/www.youtube.com\/channel\/UCxL0wu1uN0_3_7hGG0306cw"]},{"@type":"Person","@id":"https:\/\/www.bellunopress.it\/#\/schema\/person\/79bb06722b37ece1c03d3e94beb30d73","name":"r\u00e9daction","image":{"@type":"ImageObject","inLanguage":"fr-FR","@id":"https:\/\/secure.gravatar.com\/avatar\/37d968a2e67a6fd04c169c4bdef102d0bc5d31b2546345219e348575eb80e9a0?s=96&d=mm&r=g","url":"https:\/\/secure.gravatar.com\/avatar\/37d968a2e67a6fd04c169c4bdef102d0bc5d31b2546345219e348575eb80e9a0?s=96&d=mm&r=g","contentUrl":"https:\/\/secure.gravatar.com\/avatar\/37d968a2e67a6fd04c169c4bdef102d0bc5d31b2546345219e348575eb80e9a0?s=96&d=mm&r=g","caption":"redazione"},"sameAs":["http:\/\/www.bellunopress.it","https:\/\/x.com\/bellunopress"],"url":"https:\/\/www.bellunopress.it\/fr\/author\/redazione\/"}]}},"_links":{"self":[{"href":"https:\/\/www.bellunopress.it\/fr\/wp-json\/wp\/v2\/posts\/12176","targetHints":{"allow":["GET"]}}],"collection":[{"href":"https:\/\/www.bellunopress.it\/fr\/wp-json\/wp\/v2\/posts"}],"about":[{"href":"https:\/\/www.bellunopress.it\/fr\/wp-json\/wp\/v2\/types\/post"}],"author":[{"embeddable":true,"href":"https:\/\/www.bellunopress.it\/fr\/wp-json\/wp\/v2\/users\/2"}],"replies":[{"embeddable":true,"href":"https:\/\/www.bellunopress.it\/fr\/wp-json\/wp\/v2\/comments?post=12176"}],"version-history":[{"count":2,"href":"https:\/\/www.bellunopress.it\/fr\/wp-json\/wp\/v2\/posts\/12176\/revisions"}],"predecessor-version":[{"id":12200,"href":"https:\/\/www.bellunopress.it\/fr\/wp-json\/wp\/v2\/posts\/12176\/revisions\/12200"}],"wp:attachment":[{"href":"https:\/\/www.bellunopress.it\/fr\/wp-json\/wp\/v2\/media?parent=12176"}],"wp:term":[{"taxonomy":"category","embeddable":true,"href":"https:\/\/www.bellunopress.it\/fr\/wp-json\/wp\/v2\/categories?post=12176"},{"taxonomy":"post_tag","embeddable":true,"href":"https:\/\/www.bellunopress.it\/fr\/wp-json\/wp\/v2\/tags?post=12176"}],"curies":[{"name":"wp","href":"https:\/\/api.w.org\/{rel}","templated":true}]}}