{"id":12161,"date":"2010-02-05T12:18:06","date_gmt":"2010-02-05T11:18:06","guid":{"rendered":"http:\/\/www.bellunopress.it\/?p=12161"},"modified":"2010-02-05T12:18:06","modified_gmt":"2010-02-05T11:18:06","slug":"equilibri-naturali-no-child-left-inside-restituire-la-natura-ai-bambini-e-i-bambini-alla-natura","status":"publish","type":"post","link":"https:\/\/www.bellunopress.it\/fr\/2010\/02\/05\/equilibri-naturali-no-child-left-inside-restituire-la-natura-ai-bambini-e-i-bambini-alla-natura\/","title":{"rendered":"Equilibri Naturali-No Child Left Inside: restituire la Natura ai Bambini e i bambini alla Natura"},"content":{"rendered":"<p>Un gruppo di parchi italiani ha lanciato una campagna di sensibilizzazione e educazione sul distacco tra le giovani generazioni e l&#8217;ambiente naturale. Marted\u00ec 9 febbraio lo scambio di esperienze con il National Park Service, presso l&#8217;Ambasciata USA a Roma.<br \/>\nIperattivit\u00e0, disturbi dell&#8217;attenzione, obesit\u00e0, difficolt\u00e0 di socializzazione, disinteresse per il territorio e per il suo patrimonio ambientale. Sono solo alcune delle conseguenze che il progressivo distacco dall&#8217;ambiente naturale da parte delle giovani generazioni sta determinando sullo sviluppo psicofisico di bambini e adolescenti. Un problema di dimensioni \u201cglobali\u201d, che \u00e8 insieme sanitario, educativo e culturale e cui \u00e8 dedicato il progetto &#8220;Equilibri naturali&#8221;.<br \/>\nL&#8217;iniziativa, promossa in Italia nel 2009 dal Parco Nazionale dei Monti Sibillini, si ispira alla campagna americana \u201cNo child left inside\u201d, nata anch&#8217;essa per restituire ai pi\u00f9 giovani un sano rapporto con la Natura. Le esperienze fatte in questo campo fino a oggi in Italia e negli USA si confronteranno marted\u00ec 9 febbraio, alle 15.30, presso l\u2019Ambasciata degli Stati Uniti a Roma. Obiettivi in comune delle \u201ccampagne\u201d, la sensibilizzazione dell&#8217;opinione pubblica sul tema del cosiddetto \u201cdisturbo da deficit di natura\u201d e la maggiore utilizzazione del territorio dei parchi come \u201claboratori en plein air\u201d, in cui riavvicinare i bambini (e le proprie famiglie) al mondo naturale, attraverso escursioni, lezioni all&#8217;aria aperta, \u201cscoperte\u201d ed esperienze memorabili, giochi in libert\u00e0 e altre attivit\u00e0 di gruppo.<br \/>\nAl progetto Equilibri Naturali (e quindi alla \u201ccoalizione\u201d virtuale dei sostenitori della campagna No Child Left Inside) hanno aderito diverse aree protette in tutta Italia: i Parchi nazionali delle Dolomiti Bellunesi e del Circeo, l\u2019Area Marina Protetta del Plemmirio, il Parco regionale del Po torinese, il Parco Urbano dell\u2019Irno, l\u2019ARPA Sicilia, l&#8217;Agenzia Parchi del Lazio. Il coordinamento operativo del progetto \u00e8 garantito dall\u2019AIDAP-Unione per i Parchi e la Natura d\u2019Italia (l&#8217;Associazione dei direttori e funzionari delle aree naturali protette) e si propone oggi come un\u2019importante campagna nazionale di sensibilizzazione, educazione ambientale e animazione culturale, cui stanno aderendo altri Parchi, Istituzioni e Organizzazioni pubbliche e Associazioni private e che coinvolger\u00e0 il mondo della scuola, delle politiche sociali e operatori della salute.<br \/>\nI due progetti si incontreranno a Roma, per confrontarsi, nel corso di una conferenza trasmessa in diretta sul sito dell&#8217;Ambasciata USA http:\/\/italy.usembassy.gov\/events\/2010\/parks e sul social network Facebook http:\/\/apps.facebook.com\/ambasciatausalive. I lavori, volti anche a facilitare i futuri scambi di esperienze tra parchi italiani e americani, saranno introdotti dall\u2019Ambasciatore degli Stati Uniti in Italia, David Thorne. Interverranno inoltre Aldo Cosentino, Direttore Generale per la Protezione della Natura del Ministero dell\u2019Ambiente, Massimo Marcaccio, Presidente del Parco Nazionale dei Monti Sibillini, Benedetto Fiori, Commissario straordinario del Parco Nazionale delle Dolomiti Bellunesi, psicologi della ASL di Latina impegnati nella sperimentazione nel Parco Nazionale del Circeo e Maurilio Cipparone, portavoce di \u201cUnione per i Parchi e la Natura d\u2019Italia\u201d e coordinatore del progetto. Dagli Stati Uniti sono previsti, in videoconferenza, interventi di George McDonald, responsabile dei programmi per giovani del National Park Service (NPS), Gina McCarthy dell\u2019Agenzia americana per la Protezione dell\u2019Ambiente (EPA) e Sheridan Steele, direttore del Parco Nazionale Acadia, nel Maine.<br \/>\nI giornalisti interessati a partecipare sono pregati di accreditarsi presso l\u2019ufficio stampa dell\u2019Ambasciata entro le ore 11.00 di luned\u00ec 8 febbraio telefonando ai numeri 06.4674.2462 &#8211; 2426 o inviando una mail a: Romepressoffice@state.gov o un fax allo 06.4674.2655<\/p>","protected":false},"excerpt":{"rendered":"<p>Un gruppo di parchi italiani ha lanciato una campagna di sensibilizzazione e educazione sul distacco tra le giovani generazioni e l&#8217;ambiente naturale. Marted\u00ec 9 febbraio lo scambio di esperienze con il National Park Service, presso l&#8217;Ambasciata USA a Roma. Iperattivit\u00e0, disturbi dell&#8217;attenzione, obesit\u00e0, difficolt\u00e0 di socializzazione, disinteresse per il territorio e per il suo patrimonio [&hellip;]<\/p>\n","protected":false},"author":2,"featured_media":0,"comment_status":"closed","ping_status":"open","sticky":false,"template":"","format":"standard","meta":{"footnotes":""},"categories":[38,26],"tags":[63],"class_list":["post-12161","post","type-post","status-publish","format-standard","category-natura-ambiente","category-prima-pagina","tag-dolomiti"],"yoast_head":"<!-- This site is optimized with the Yoast SEO plugin v28.4 - https:\/\/yoast.com\/product\/yoast-seo-wordpress\/ -->\n<title>Equilibri Naturali-No Child Left Inside: restituire la Natura ai Bambini e i bambini alla Natura - Bellunopress - Dolomiti<\/title>\n<meta name=\"robots\" content=\"index, follow, max-snippet:-1, max-image-preview:large, max-video-preview:-1\" \/>\n<link rel=\"canonical\" href=\"https:\/\/www.bellunopress.it\/fr\/2010\/02\/05\/equilibri-naturali-no-child-left-inside-restituire-la-natura-ai-bambini-e-i-bambini-alla-natura\/\" \/>\n<meta property=\"og:locale\" content=\"fr_FR\" \/>\n<meta property=\"og:type\" content=\"article\" \/>\n<meta property=\"og:title\" content=\"Equilibri Naturali-No Child Left Inside: restituire la Natura ai Bambini e i bambini alla Natura - Bellunopress - Dolomiti\" \/>\n<meta property=\"og:description\" content=\"Un gruppo di parchi italiani ha lanciato una campagna di sensibilizzazione e educazione sul distacco tra le giovani generazioni e l&#8217;ambiente naturale. Marted\u00ec 9 febbraio lo scambio di esperienze con il National Park Service, presso l&#8217;Ambasciata USA a Roma. Iperattivit\u00e0, disturbi dell&#8217;attenzione, obesit\u00e0, difficolt\u00e0 di socializzazione, disinteresse per il territorio e per il suo patrimonio [&hellip;]\" \/>\n<meta property=\"og:url\" content=\"https:\/\/www.bellunopress.it\/fr\/2010\/02\/05\/equilibri-naturali-no-child-left-inside-restituire-la-natura-ai-bambini-e-i-bambini-alla-natura\/\" \/>\n<meta property=\"og:site_name\" content=\"Bellunopress - Dolomiti\" \/>\n<meta property=\"article:publisher\" content=\"https:\/\/www.facebook.com\/profile.php?id=100008943462799\" \/>\n<meta property=\"article:published_time\" content=\"2010-02-05T11:18:06+00:00\" \/>\n<meta property=\"og:image\" content=\"http:\/\/www.bellunopress.it\/wp-content\/uploads\/2012\/07\/logo-bellunopress-250x250-2012.jpg\" \/>\n<meta name=\"author\" content=\"redazione\" \/>\n<meta name=\"twitter:card\" content=\"summary_large_image\" \/>\n<meta name=\"twitter:creator\" content=\"@bellunopress\" \/>\n<meta name=\"twitter:site\" content=\"@bellunopress\" \/>\n<meta name=\"twitter:label1\" content=\"\u00c9crit par\" \/>\n\t<meta name=\"twitter:data1\" content=\"redazione\" \/>\n\t<meta name=\"twitter:label2\" content=\"Dur\u00e9e de lecture estim\u00e9e\" \/>\n\t<meta name=\"twitter:data2\" content=\"3 minutes\" \/>\n<script type=\"application\/ld+json\" class=\"yoast-schema-graph\">{\"@context\":\"https:\\\/\\\/schema.org\",\"@graph\":[{\"@type\":\"Article\",\"@id\":\"https:\\\/\\\/www.bellunopress.it\\\/2010\\\/02\\\/05\\\/equilibri-naturali-no-child-left-inside-restituire-la-natura-ai-bambini-e-i-bambini-alla-natura\\\/#article\",\"isPartOf\":{\"@id\":\"https:\\\/\\\/www.bellunopress.it\\\/2010\\\/02\\\/05\\\/equilibri-naturali-no-child-left-inside-restituire-la-natura-ai-bambini-e-i-bambini-alla-natura\\\/\"},\"author\":{\"name\":\"redazione\",\"@id\":\"https:\\\/\\\/www.bellunopress.it\\\/#\\\/schema\\\/person\\\/79bb06722b37ece1c03d3e94beb30d73\"},\"headline\":\"Equilibri Naturali-No Child Left Inside: restituire la Natura ai Bambini e i bambini alla Natura\",\"datePublished\":\"2010-02-05T11:18:06+00:00\",\"mainEntityOfPage\":{\"@id\":\"https:\\\/\\\/www.bellunopress.it\\\/2010\\\/02\\\/05\\\/equilibri-naturali-no-child-left-inside-restituire-la-natura-ai-bambini-e-i-bambini-alla-natura\\\/\"},\"wordCount\":577,\"publisher\":{\"@id\":\"https:\\\/\\\/www.bellunopress.it\\\/#organization\"},\"keywords\":[\"Dolomiti\"],\"articleSection\":[\"Meteo, natura, ambiente, animali\",\"Prima Pagina\"],\"inLanguage\":\"fr-FR\"},{\"@type\":\"WebPage\",\"@id\":\"https:\\\/\\\/www.bellunopress.it\\\/2010\\\/02\\\/05\\\/equilibri-naturali-no-child-left-inside-restituire-la-natura-ai-bambini-e-i-bambini-alla-natura\\\/\",\"url\":\"https:\\\/\\\/www.bellunopress.it\\\/2010\\\/02\\\/05\\\/equilibri-naturali-no-child-left-inside-restituire-la-natura-ai-bambini-e-i-bambini-alla-natura\\\/\",\"name\":\"Equilibri Naturali-No Child Left Inside: restituire la Natura ai Bambini e i bambini alla Natura - Bellunopress - Dolomiti\",\"isPartOf\":{\"@id\":\"https:\\\/\\\/www.bellunopress.it\\\/#website\"},\"datePublished\":\"2010-02-05T11:18:06+00:00\",\"breadcrumb\":{\"@id\":\"https:\\\/\\\/www.bellunopress.it\\\/2010\\\/02\\\/05\\\/equilibri-naturali-no-child-left-inside-restituire-la-natura-ai-bambini-e-i-bambini-alla-natura\\\/#breadcrumb\"},\"inLanguage\":\"fr-FR\",\"potentialAction\":[{\"@type\":\"ReadAction\",\"target\":[\"https:\\\/\\\/www.bellunopress.it\\\/2010\\\/02\\\/05\\\/equilibri-naturali-no-child-left-inside-restituire-la-natura-ai-bambini-e-i-bambini-alla-natura\\\/\"]}]},{\"@type\":\"BreadcrumbList\",\"@id\":\"https:\\\/\\\/www.bellunopress.it\\\/2010\\\/02\\\/05\\\/equilibri-naturali-no-child-left-inside-restituire-la-natura-ai-bambini-e-i-bambini-alla-natura\\\/#breadcrumb\",\"itemListElement\":[{\"@type\":\"ListItem\",\"position\":1,\"name\":\"Home\",\"item\":\"https:\\\/\\\/www.bellunopress.it\\\/\"},{\"@type\":\"ListItem\",\"position\":2,\"name\":\"Equilibri Naturali-No Child Left Inside: restituire la Natura ai Bambini e i bambini alla Natura\"}]},{\"@type\":\"WebSite\",\"@id\":\"https:\\\/\\\/www.bellunopress.it\\\/#website\",\"url\":\"https:\\\/\\\/www.bellunopress.it\\\/\",\"name\":\"Bellunopress - Dolomiti\",\"description\":\"e-mail: redazione@bellunopress.it\",\"publisher\":{\"@id\":\"https:\\\/\\\/www.bellunopress.it\\\/#organization\"},\"potentialAction\":[{\"@type\":\"SearchAction\",\"target\":{\"@type\":\"EntryPoint\",\"urlTemplate\":\"https:\\\/\\\/www.bellunopress.it\\\/?s={search_term_string}\"},\"query-input\":{\"@type\":\"PropertyValueSpecification\",\"valueRequired\":true,\"valueName\":\"search_term_string\"}}],\"inLanguage\":\"fr-FR\"},{\"@type\":\"Organization\",\"@id\":\"https:\\\/\\\/www.bellunopress.it\\\/#organization\",\"name\":\"Bellunopress\",\"url\":\"https:\\\/\\\/www.bellunopress.it\\\/\",\"logo\":{\"@type\":\"ImageObject\",\"inLanguage\":\"fr-FR\",\"@id\":\"https:\\\/\\\/www.bellunopress.it\\\/#\\\/schema\\\/logo\\\/image\\\/\",\"url\":\"https:\\\/\\\/www.bellunopress.it\\\/wp-content\\\/uploads\\\/2011\\\/05\\\/cropped-logo-bellunopress-.jpg\",\"contentUrl\":\"https:\\\/\\\/www.bellunopress.it\\\/wp-content\\\/uploads\\\/2011\\\/05\\\/cropped-logo-bellunopress-.jpg\",\"width\":512,\"height\":512,\"caption\":\"Bellunopress\"},\"image\":{\"@id\":\"https:\\\/\\\/www.bellunopress.it\\\/#\\\/schema\\\/logo\\\/image\\\/\"},\"sameAs\":[\"https:\\\/\\\/www.facebook.com\\\/profile.php?id=100008943462799\",\"https:\\\/\\\/x.com\\\/bellunopress\",\"https:\\\/\\\/www.linkedin.com\\\/hp\\\/?dnr=JBzUWaJfMUw8vbXJJ2tVW5-I3jZKvC4wsoxE&amp;amp;amp;amp;amp;amp;trk=nav_responsive_tab_home\",\"https:\\\/\\\/www.youtube.com\\\/channel\\\/UCxL0wu1uN0_3_7hGG0306cw\"]},{\"@type\":\"Person\",\"@id\":\"https:\\\/\\\/www.bellunopress.it\\\/#\\\/schema\\\/person\\\/79bb06722b37ece1c03d3e94beb30d73\",\"name\":\"redazione\",\"image\":{\"@type\":\"ImageObject\",\"inLanguage\":\"fr-FR\",\"@id\":\"https:\\\/\\\/secure.gravatar.com\\\/avatar\\\/37d968a2e67a6fd04c169c4bdef102d0bc5d31b2546345219e348575eb80e9a0?s=96&d=mm&r=g\",\"url\":\"https:\\\/\\\/secure.gravatar.com\\\/avatar\\\/37d968a2e67a6fd04c169c4bdef102d0bc5d31b2546345219e348575eb80e9a0?s=96&d=mm&r=g\",\"contentUrl\":\"https:\\\/\\\/secure.gravatar.com\\\/avatar\\\/37d968a2e67a6fd04c169c4bdef102d0bc5d31b2546345219e348575eb80e9a0?s=96&d=mm&r=g\",\"caption\":\"redazione\"},\"sameAs\":[\"http:\\\/\\\/www.bellunopress.it\",\"https:\\\/\\\/x.com\\\/bellunopress\"],\"url\":\"https:\\\/\\\/www.bellunopress.it\\\/fr\\\/author\\\/redazione\\\/\"}]}<\/script>\n<!-- \/ Yoast SEO plugin. -->","yoast_head_json":{"title":"Equilibri Naturali-No Child Left Inside: restituire la Natura ai Bambini e i bambini alla Natura - Bellunopress - Dolomiti","robots":{"index":"index","follow":"follow","max-snippet":"max-snippet:-1","max-image-preview":"max-image-preview:large","max-video-preview":"max-video-preview:-1"},"canonical":"https:\/\/www.bellunopress.it\/fr\/2010\/02\/05\/equilibri-naturali-no-child-left-inside-restituire-la-natura-ai-bambini-e-i-bambini-alla-natura\/","og_locale":"fr_FR","og_type":"article","og_title":"Equilibri Naturali-No Child Left Inside: restituire la Natura ai Bambini e i bambini alla Natura - Bellunopress - Dolomiti","og_description":"Un gruppo di parchi italiani ha lanciato una campagna di sensibilizzazione e educazione sul distacco tra le giovani generazioni e l&#8217;ambiente naturale. Marted\u00ec 9 febbraio lo scambio di esperienze con il National Park Service, presso l&#8217;Ambasciata USA a Roma. Iperattivit\u00e0, disturbi dell&#8217;attenzione, obesit\u00e0, difficolt\u00e0 di socializzazione, disinteresse per il territorio e per il suo patrimonio [&hellip;]","og_url":"https:\/\/www.bellunopress.it\/fr\/2010\/02\/05\/equilibri-naturali-no-child-left-inside-restituire-la-natura-ai-bambini-e-i-bambini-alla-natura\/","og_site_name":"Bellunopress - Dolomiti","article_publisher":"https:\/\/www.facebook.com\/profile.php?id=100008943462799","article_published_time":"2010-02-05T11:18:06+00:00","og_image":[{"url":"http:\/\/www.bellunopress.it\/wp-content\/uploads\/2012\/07\/logo-bellunopress-250x250-2012.jpg","type":"","width":"","height":""}],"author":"redazione","twitter_card":"summary_large_image","twitter_creator":"@bellunopress","twitter_site":"@bellunopress","twitter_misc":{"\u00c9crit par":"redazione","Dur\u00e9e de lecture estim\u00e9e":"3 minutes"},"schema":{"@context":"https:\/\/schema.org","@graph":[{"@type":"Article","@id":"https:\/\/www.bellunopress.it\/2010\/02\/05\/equilibri-naturali-no-child-left-inside-restituire-la-natura-ai-bambini-e-i-bambini-alla-natura\/#article","isPartOf":{"@id":"https:\/\/www.bellunopress.it\/2010\/02\/05\/equilibri-naturali-no-child-left-inside-restituire-la-natura-ai-bambini-e-i-bambini-alla-natura\/"},"author":{"name":"redazione","@id":"https:\/\/www.bellunopress.it\/#\/schema\/person\/79bb06722b37ece1c03d3e94beb30d73"},"headline":"Equilibri Naturali-No Child Left Inside: restituire la Natura ai Bambini e i bambini alla Natura","datePublished":"2010-02-05T11:18:06+00:00","mainEntityOfPage":{"@id":"https:\/\/www.bellunopress.it\/2010\/02\/05\/equilibri-naturali-no-child-left-inside-restituire-la-natura-ai-bambini-e-i-bambini-alla-natura\/"},"wordCount":577,"publisher":{"@id":"https:\/\/www.bellunopress.it\/#organization"},"keywords":["Dolomiti"],"articleSection":["Meteo, natura, ambiente, animali","Prima Pagina"],"inLanguage":"fr-FR"},{"@type":"WebPage","@id":"https:\/\/www.bellunopress.it\/2010\/02\/05\/equilibri-naturali-no-child-left-inside-restituire-la-natura-ai-bambini-e-i-bambini-alla-natura\/","url":"https:\/\/www.bellunopress.it\/2010\/02\/05\/equilibri-naturali-no-child-left-inside-restituire-la-natura-ai-bambini-e-i-bambini-alla-natura\/","name":"Equilibri Naturali-No Child Left Inside: restituire la Natura ai Bambini e i bambini alla Natura - Bellunopress - Dolomiti","isPartOf":{"@id":"https:\/\/www.bellunopress.it\/#website"},"datePublished":"2010-02-05T11:18:06+00:00","breadcrumb":{"@id":"https:\/\/www.bellunopress.it\/2010\/02\/05\/equilibri-naturali-no-child-left-inside-restituire-la-natura-ai-bambini-e-i-bambini-alla-natura\/#breadcrumb"},"inLanguage":"fr-FR","potentialAction":[{"@type":"ReadAction","target":["https:\/\/www.bellunopress.it\/2010\/02\/05\/equilibri-naturali-no-child-left-inside-restituire-la-natura-ai-bambini-e-i-bambini-alla-natura\/"]}]},{"@type":"BreadcrumbList","@id":"https:\/\/www.bellunopress.it\/2010\/02\/05\/equilibri-naturali-no-child-left-inside-restituire-la-natura-ai-bambini-e-i-bambini-alla-natura\/#breadcrumb","itemListElement":[{"@type":"ListItem","position":1,"name":"Home","item":"https:\/\/www.bellunopress.it\/"},{"@type":"ListItem","position":2,"name":"Equilibri Naturali-No Child Left Inside: restituire la Natura ai Bambini e i bambini alla Natura"}]},{"@type":"WebSite","@id":"https:\/\/www.bellunopress.it\/#website","url":"https:\/\/www.bellunopress.it\/","name":"Bellunopress - Dolomiti","description":"e-mail: redazione@bellunopress.it","publisher":{"@id":"https:\/\/www.bellunopress.it\/#organization"},"potentialAction":[{"@type":"SearchAction","target":{"@type":"EntryPoint","urlTemplate":"https:\/\/www.bellunopress.it\/?s={search_term_string}"},"query-input":{"@type":"PropertyValueSpecification","valueRequired":true,"valueName":"search_term_string"}}],"inLanguage":"fr-FR"},{"@type":"Organization","@id":"https:\/\/www.bellunopress.it\/#organization","name":"Bellunopress","url":"https:\/\/www.bellunopress.it\/","logo":{"@type":"ImageObject","inLanguage":"fr-FR","@id":"https:\/\/www.bellunopress.it\/#\/schema\/logo\/image\/","url":"https:\/\/www.bellunopress.it\/wp-content\/uploads\/2011\/05\/cropped-logo-bellunopress-.jpg","contentUrl":"https:\/\/www.bellunopress.it\/wp-content\/uploads\/2011\/05\/cropped-logo-bellunopress-.jpg","width":512,"height":512,"caption":"Bellunopress"},"image":{"@id":"https:\/\/www.bellunopress.it\/#\/schema\/logo\/image\/"},"sameAs":["https:\/\/www.facebook.com\/profile.php?id=100008943462799","https:\/\/x.com\/bellunopress","https:\/\/www.linkedin.com\/hp\/?dnr=JBzUWaJfMUw8vbXJJ2tVW5-I3jZKvC4wsoxE&amp;amp;amp;amp;amp;amp;trk=nav_responsive_tab_home","https:\/\/www.youtube.com\/channel\/UCxL0wu1uN0_3_7hGG0306cw"]},{"@type":"Person","@id":"https:\/\/www.bellunopress.it\/#\/schema\/person\/79bb06722b37ece1c03d3e94beb30d73","name":"r\u00e9daction","image":{"@type":"ImageObject","inLanguage":"fr-FR","@id":"https:\/\/secure.gravatar.com\/avatar\/37d968a2e67a6fd04c169c4bdef102d0bc5d31b2546345219e348575eb80e9a0?s=96&d=mm&r=g","url":"https:\/\/secure.gravatar.com\/avatar\/37d968a2e67a6fd04c169c4bdef102d0bc5d31b2546345219e348575eb80e9a0?s=96&d=mm&r=g","contentUrl":"https:\/\/secure.gravatar.com\/avatar\/37d968a2e67a6fd04c169c4bdef102d0bc5d31b2546345219e348575eb80e9a0?s=96&d=mm&r=g","caption":"redazione"},"sameAs":["http:\/\/www.bellunopress.it","https:\/\/x.com\/bellunopress"],"url":"https:\/\/www.bellunopress.it\/fr\/author\/redazione\/"}]}},"_links":{"self":[{"href":"https:\/\/www.bellunopress.it\/fr\/wp-json\/wp\/v2\/posts\/12161","targetHints":{"allow":["GET"]}}],"collection":[{"href":"https:\/\/www.bellunopress.it\/fr\/wp-json\/wp\/v2\/posts"}],"about":[{"href":"https:\/\/www.bellunopress.it\/fr\/wp-json\/wp\/v2\/types\/post"}],"author":[{"embeddable":true,"href":"https:\/\/www.bellunopress.it\/fr\/wp-json\/wp\/v2\/users\/2"}],"replies":[{"embeddable":true,"href":"https:\/\/www.bellunopress.it\/fr\/wp-json\/wp\/v2\/comments?post=12161"}],"version-history":[{"count":1,"href":"https:\/\/www.bellunopress.it\/fr\/wp-json\/wp\/v2\/posts\/12161\/revisions"}],"predecessor-version":[{"id":12162,"href":"https:\/\/www.bellunopress.it\/fr\/wp-json\/wp\/v2\/posts\/12161\/revisions\/12162"}],"wp:attachment":[{"href":"https:\/\/www.bellunopress.it\/fr\/wp-json\/wp\/v2\/media?parent=12161"}],"wp:term":[{"taxonomy":"category","embeddable":true,"href":"https:\/\/www.bellunopress.it\/fr\/wp-json\/wp\/v2\/categories?post=12161"},{"taxonomy":"post_tag","embeddable":true,"href":"https:\/\/www.bellunopress.it\/fr\/wp-json\/wp\/v2\/tags?post=12161"}],"curies":[{"name":"wp","href":"https:\/\/api.w.org\/{rel}","templated":true}]}}