{"id":121509,"date":"2021-02-08T11:27:35","date_gmt":"2021-02-08T10:27:35","guid":{"rendered":"http:\/\/www.bellunopress.it\/?p=121509"},"modified":"2021-02-08T11:27:37","modified_gmt":"2021-02-08T10:27:37","slug":"parole-che-parlano-di-noi-il-nuovo-concorso-letterario-de-il-veses-iscrizioni-entro-il-28-febbraio","status":"publish","type":"post","link":"https:\/\/www.bellunopress.it\/fr\/2021\/02\/08\/parole-che-parlano-di-noi-il-nuovo-concorso-letterario-de-il-veses-iscrizioni-entro-il-28-febbraio\/","title":{"rendered":"Parole che parlano di noi. Il nuovo concorso letterario de Il Veses. Iscrizioni entro il 28 febbraio"},"content":{"rendered":"<p><a href=\"http:\/\/www.bellunopress.it\/fr\/2021\/02\/08\/parole-che-parlano-di-noi-il-nuovo-concorso-letterario-de-il-veses-iscrizioni-entro-il-28-febbraio\/opera-zero-di-paolo-moro\/\" rel=\"attachment wp-att-121510\"><img loading=\"lazy\" decoding=\"async\" class=\"alignleft size-full wp-image-121510\" src=\"http:\/\/www.bellunopress.it\/wp-content\/uploads\/2021\/02\/Opera-Zero-di-Paolo-Moro.jpg\" alt=\"\" width=\"1000\" height=\"686\" srcset=\"https:\/\/www.bellunopress.it\/wp-content\/uploads\/2021\/02\/Opera-Zero-di-Paolo-Moro.jpg 1000w, https:\/\/www.bellunopress.it\/wp-content\/uploads\/2021\/02\/Opera-Zero-di-Paolo-Moro-500x343.jpg 500w, https:\/\/www.bellunopress.it\/wp-content\/uploads\/2021\/02\/Opera-Zero-di-Paolo-Moro-218x150.jpg 218w, https:\/\/www.bellunopress.it\/wp-content\/uploads\/2021\/02\/Opera-Zero-di-Paolo-Moro-696x477.jpg 696w, https:\/\/www.bellunopress.it\/wp-content\/uploads\/2021\/02\/Opera-Zero-di-Paolo-Moro-612x420.jpg 612w, https:\/\/www.bellunopress.it\/wp-content\/uploads\/2021\/02\/Opera-Zero-di-Paolo-Moro-100x70.jpg 100w\" sizes=\"auto, (max-width: 1000px) 100vw, 1000px\" \/><\/a>C&#8217;\u00e8 tempo fino al 28 febbraio per prendere parte al concorso letterario &#8220;Parole che parlano di noi&#8221; promosso dall&#8217;associazione culturale &#8220;il Veses&#8221; con il patrocinio del Comune di Borgo Valbelluna.<\/p>\n<p>La proposta nasce dall&#8217;installazione artistica di Paolo Moro &#8220;Opera Zero&#8221; inaugurata a Trichiana lo scorso 5 settembre, in occasione del trentennale del premio letterario &#8220;Trichiana Paese del Libro&#8221;.<\/p>\n<p>L&#8217;opera \u00e8 incentrata sulla figura in legno di un bambino intento a leggere un libro, alle cui spalle escono serigrafate delle lettere che rappresentano &#8220;La Parola&#8221;, in armonia con i due libri su cui \u00e8 seduto; l&#8217;insieme ha alla base una panchina a forma di libro rovesciato. L&#8217;opera, secondo le parole dell&#8217;autore Paolo Moro, &#8220;sar\u00e0 completata solo quando le persone si siederanno sulla panchina per conversare, socializzare, leggere e pensare&#8221;.<\/p>\n<p>L&#8217;idea del concorso \u00e8 ora quella di coinvolgere i fruitori dell&#8217;installazione in una riflessione individuale, che poi diventer\u00e0 collettiva, sulla parola che ha pi\u00f9 valore per s\u00e9, come individuo in questo tempo e in questo territorio, nel rapporto con gli altri rispetto a due tematiche fondamentali: la socialit\u00e0 (io e gli altri, quale parola meglio rappresenta il mio rapporto con gli altri o quello che desidererei fosse la mia relazione con gli altri? Qual \u00e8 il nuovo senso che attribuisco a questa socialit\u00e0 ritrovata e forzatamente ripensata nell&#8217;ultimo anno?) e la partecipazione (quale parola rappresenta il mio essere parte integrante del luogo in cui vivo? Cosa faccio per essere parte della mia comunit\u00e0, cittadino attivo e in relazione con gli altri?). La parola individuata da ogni partecipante andr\u00e0 corredata da un breve testo che ne motivi la scelta. Il concorso si rivolge ai nati e residenti in provincia di Belluno. La partecipazione \u00e8 gratuita. Ogni concorrente pu\u00f2 partecipare con la scelta di una parola accompagnata da un testo inedito della lunghezza massima di 600 battute, spazi inclusi.<\/p>\n<p>Sono previste 2 sezioni: 1^ \u2013 Sezione Scuole, riservata alle classi seconde e terze della scuola secondaria di primo grado; 2^ \u2013 Sezione Aperta (dai 14 anni in su). Le opere dovranno pervenire via e-mail all&#8217;indirizzo concorso@ilveses.com entro e non oltre il 28 febbraio. La cerimonia di premiazione si terr\u00e0 a Trichiana di Borgo Valbelluna, dove \u00e8 collocata l&#8217;Opera Zero, domenica 21 marzo. Regolamento completo sulla pagina Facebook &#8220;Il Veses&#8221; o scrivendo a concorso@ilveses.com<\/p>\n<p>&nbsp;<\/p>","protected":false},"excerpt":{"rendered":"<p>C&#8217;\u00e8 tempo fino al 28 febbraio per prendere parte al concorso letterario &#8220;Parole che parlano di noi&#8221; promosso dall&#8217;associazione culturale &#8220;il Veses&#8221; con il patrocinio del Comune di Borgo Valbelluna. La proposta nasce dall&#8217;installazione artistica di Paolo Moro &#8220;Opera Zero&#8221; inaugurata a Trichiana lo scorso 5 settembre, in occasione del trentennale del premio letterario &#8220;Trichiana [&hellip;]<\/p>\n","protected":false},"author":2,"featured_media":121510,"comment_status":"closed","ping_status":"open","sticky":false,"template":"","format":"standard","meta":{"footnotes":""},"categories":[3,25],"tags":[],"class_list":["post-121509","post","type-post","status-publish","format-standard","has-post-thumbnail","category-arte-cultura-spettacoli-scienza-archivi","category-pausa-caffe"],"yoast_head":"<!-- This site is optimized with the Yoast SEO plugin v28.4 - https:\/\/yoast.com\/product\/yoast-seo-wordpress\/ -->\n<title>Parole che parlano di noi. Il nuovo concorso letterario de Il Veses. Iscrizioni entro il 28 febbraio - Bellunopress - Dolomiti<\/title>\n<meta name=\"robots\" content=\"index, follow, max-snippet:-1, max-image-preview:large, max-video-preview:-1\" \/>\n<link rel=\"canonical\" href=\"https:\/\/www.bellunopress.it\/fr\/2021\/02\/08\/parole-che-parlano-di-noi-il-nuovo-concorso-letterario-de-il-veses-iscrizioni-entro-il-28-febbraio\/\" \/>\n<meta property=\"og:locale\" content=\"fr_FR\" \/>\n<meta property=\"og:type\" content=\"article\" \/>\n<meta property=\"og:title\" content=\"Parole che parlano di noi. Il nuovo concorso letterario de Il Veses. Iscrizioni entro il 28 febbraio - Bellunopress - Dolomiti\" \/>\n<meta property=\"og:description\" content=\"C&#8217;\u00e8 tempo fino al 28 febbraio per prendere parte al concorso letterario &#8220;Parole che parlano di noi&#8221; promosso dall&#8217;associazione culturale &#8220;il Veses&#8221; con il patrocinio del Comune di Borgo Valbelluna. La proposta nasce dall&#8217;installazione artistica di Paolo Moro &#8220;Opera Zero&#8221; inaugurata a Trichiana lo scorso 5 settembre, in occasione del trentennale del premio letterario &#8220;Trichiana [&hellip;]\" \/>\n<meta property=\"og:url\" content=\"https:\/\/www.bellunopress.it\/fr\/2021\/02\/08\/parole-che-parlano-di-noi-il-nuovo-concorso-letterario-de-il-veses-iscrizioni-entro-il-28-febbraio\/\" \/>\n<meta property=\"og:site_name\" content=\"Bellunopress - Dolomiti\" \/>\n<meta property=\"article:publisher\" content=\"https:\/\/www.facebook.com\/profile.php?id=100008943462799\" \/>\n<meta property=\"article:published_time\" content=\"2021-02-08T10:27:35+00:00\" \/>\n<meta property=\"article:modified_time\" content=\"2021-02-08T10:27:37+00:00\" \/>\n<meta property=\"og:image\" content=\"https:\/\/www.bellunopress.it\/wp-content\/uploads\/2021\/02\/Opera-Zero-di-Paolo-Moro.jpg\" \/>\n\t<meta property=\"og:image:width\" content=\"1000\" \/>\n\t<meta property=\"og:image:height\" content=\"686\" \/>\n\t<meta property=\"og:image:type\" content=\"image\/jpeg\" \/>\n<meta name=\"author\" content=\"redazione\" \/>\n<meta name=\"twitter:card\" content=\"summary_large_image\" \/>\n<meta name=\"twitter:creator\" content=\"@bellunopress\" \/>\n<meta name=\"twitter:site\" content=\"@bellunopress\" \/>\n<meta name=\"twitter:label1\" content=\"\u00c9crit par\" \/>\n\t<meta name=\"twitter:data1\" content=\"redazione\" \/>\n\t<meta name=\"twitter:label2\" content=\"Dur\u00e9e de lecture estim\u00e9e\" \/>\n\t<meta name=\"twitter:data2\" content=\"2 minutes\" \/>\n<script type=\"application\/ld+json\" class=\"yoast-schema-graph\">{\"@context\":\"https:\\\/\\\/schema.org\",\"@graph\":[{\"@type\":\"Article\",\"@id\":\"https:\\\/\\\/www.bellunopress.it\\\/2021\\\/02\\\/08\\\/parole-che-parlano-di-noi-il-nuovo-concorso-letterario-de-il-veses-iscrizioni-entro-il-28-febbraio\\\/#article\",\"isPartOf\":{\"@id\":\"https:\\\/\\\/www.bellunopress.it\\\/2021\\\/02\\\/08\\\/parole-che-parlano-di-noi-il-nuovo-concorso-letterario-de-il-veses-iscrizioni-entro-il-28-febbraio\\\/\"},\"author\":{\"name\":\"redazione\",\"@id\":\"https:\\\/\\\/www.bellunopress.it\\\/#\\\/schema\\\/person\\\/79bb06722b37ece1c03d3e94beb30d73\"},\"headline\":\"Parole che parlano di noi. Il nuovo concorso letterario de Il Veses. Iscrizioni entro il 28 febbraio\",\"datePublished\":\"2021-02-08T10:27:35+00:00\",\"dateModified\":\"2021-02-08T10:27:37+00:00\",\"mainEntityOfPage\":{\"@id\":\"https:\\\/\\\/www.bellunopress.it\\\/2021\\\/02\\\/08\\\/parole-che-parlano-di-noi-il-nuovo-concorso-letterario-de-il-veses-iscrizioni-entro-il-28-febbraio\\\/\"},\"wordCount\":394,\"publisher\":{\"@id\":\"https:\\\/\\\/www.bellunopress.it\\\/#organization\"},\"image\":{\"@id\":\"https:\\\/\\\/www.bellunopress.it\\\/2021\\\/02\\\/08\\\/parole-che-parlano-di-noi-il-nuovo-concorso-letterario-de-il-veses-iscrizioni-entro-il-28-febbraio\\\/#primaryimage\"},\"thumbnailUrl\":\"https:\\\/\\\/www.bellunopress.it\\\/wp-content\\\/uploads\\\/2021\\\/02\\\/Opera-Zero-di-Paolo-Moro.jpg\",\"articleSection\":[\"Arte, Cultura, Spettacoli, Scienza\",\"Pausa Caff\u00e8\"],\"inLanguage\":\"fr-FR\"},{\"@type\":\"WebPage\",\"@id\":\"https:\\\/\\\/www.bellunopress.it\\\/2021\\\/02\\\/08\\\/parole-che-parlano-di-noi-il-nuovo-concorso-letterario-de-il-veses-iscrizioni-entro-il-28-febbraio\\\/\",\"url\":\"https:\\\/\\\/www.bellunopress.it\\\/2021\\\/02\\\/08\\\/parole-che-parlano-di-noi-il-nuovo-concorso-letterario-de-il-veses-iscrizioni-entro-il-28-febbraio\\\/\",\"name\":\"Parole che parlano di noi. Il nuovo concorso letterario de Il Veses. Iscrizioni entro il 28 febbraio - Bellunopress - Dolomiti\",\"isPartOf\":{\"@id\":\"https:\\\/\\\/www.bellunopress.it\\\/#website\"},\"primaryImageOfPage\":{\"@id\":\"https:\\\/\\\/www.bellunopress.it\\\/2021\\\/02\\\/08\\\/parole-che-parlano-di-noi-il-nuovo-concorso-letterario-de-il-veses-iscrizioni-entro-il-28-febbraio\\\/#primaryimage\"},\"image\":{\"@id\":\"https:\\\/\\\/www.bellunopress.it\\\/2021\\\/02\\\/08\\\/parole-che-parlano-di-noi-il-nuovo-concorso-letterario-de-il-veses-iscrizioni-entro-il-28-febbraio\\\/#primaryimage\"},\"thumbnailUrl\":\"https:\\\/\\\/www.bellunopress.it\\\/wp-content\\\/uploads\\\/2021\\\/02\\\/Opera-Zero-di-Paolo-Moro.jpg\",\"datePublished\":\"2021-02-08T10:27:35+00:00\",\"dateModified\":\"2021-02-08T10:27:37+00:00\",\"breadcrumb\":{\"@id\":\"https:\\\/\\\/www.bellunopress.it\\\/2021\\\/02\\\/08\\\/parole-che-parlano-di-noi-il-nuovo-concorso-letterario-de-il-veses-iscrizioni-entro-il-28-febbraio\\\/#breadcrumb\"},\"inLanguage\":\"fr-FR\",\"potentialAction\":[{\"@type\":\"ReadAction\",\"target\":[\"https:\\\/\\\/www.bellunopress.it\\\/2021\\\/02\\\/08\\\/parole-che-parlano-di-noi-il-nuovo-concorso-letterario-de-il-veses-iscrizioni-entro-il-28-febbraio\\\/\"]}]},{\"@type\":\"ImageObject\",\"inLanguage\":\"fr-FR\",\"@id\":\"https:\\\/\\\/www.bellunopress.it\\\/2021\\\/02\\\/08\\\/parole-che-parlano-di-noi-il-nuovo-concorso-letterario-de-il-veses-iscrizioni-entro-il-28-febbraio\\\/#primaryimage\",\"url\":\"https:\\\/\\\/www.bellunopress.it\\\/wp-content\\\/uploads\\\/2021\\\/02\\\/Opera-Zero-di-Paolo-Moro.jpg\",\"contentUrl\":\"https:\\\/\\\/www.bellunopress.it\\\/wp-content\\\/uploads\\\/2021\\\/02\\\/Opera-Zero-di-Paolo-Moro.jpg\",\"width\":1000,\"height\":686},{\"@type\":\"BreadcrumbList\",\"@id\":\"https:\\\/\\\/www.bellunopress.it\\\/2021\\\/02\\\/08\\\/parole-che-parlano-di-noi-il-nuovo-concorso-letterario-de-il-veses-iscrizioni-entro-il-28-febbraio\\\/#breadcrumb\",\"itemListElement\":[{\"@type\":\"ListItem\",\"position\":1,\"name\":\"Home\",\"item\":\"https:\\\/\\\/www.bellunopress.it\\\/\"},{\"@type\":\"ListItem\",\"position\":2,\"name\":\"Parole che parlano di noi. Il nuovo concorso letterario de Il Veses. Iscrizioni entro il 28 febbraio\"}]},{\"@type\":\"WebSite\",\"@id\":\"https:\\\/\\\/www.bellunopress.it\\\/#website\",\"url\":\"https:\\\/\\\/www.bellunopress.it\\\/\",\"name\":\"Bellunopress - Dolomiti\",\"description\":\"e-mail: redazione@bellunopress.it\",\"publisher\":{\"@id\":\"https:\\\/\\\/www.bellunopress.it\\\/#organization\"},\"potentialAction\":[{\"@type\":\"SearchAction\",\"target\":{\"@type\":\"EntryPoint\",\"urlTemplate\":\"https:\\\/\\\/www.bellunopress.it\\\/?s={search_term_string}\"},\"query-input\":{\"@type\":\"PropertyValueSpecification\",\"valueRequired\":true,\"valueName\":\"search_term_string\"}}],\"inLanguage\":\"fr-FR\"},{\"@type\":\"Organization\",\"@id\":\"https:\\\/\\\/www.bellunopress.it\\\/#organization\",\"name\":\"Bellunopress\",\"url\":\"https:\\\/\\\/www.bellunopress.it\\\/\",\"logo\":{\"@type\":\"ImageObject\",\"inLanguage\":\"fr-FR\",\"@id\":\"https:\\\/\\\/www.bellunopress.it\\\/#\\\/schema\\\/logo\\\/image\\\/\",\"url\":\"https:\\\/\\\/www.bellunopress.it\\\/wp-content\\\/uploads\\\/2011\\\/05\\\/cropped-logo-bellunopress-.jpg\",\"contentUrl\":\"https:\\\/\\\/www.bellunopress.it\\\/wp-content\\\/uploads\\\/2011\\\/05\\\/cropped-logo-bellunopress-.jpg\",\"width\":512,\"height\":512,\"caption\":\"Bellunopress\"},\"image\":{\"@id\":\"https:\\\/\\\/www.bellunopress.it\\\/#\\\/schema\\\/logo\\\/image\\\/\"},\"sameAs\":[\"https:\\\/\\\/www.facebook.com\\\/profile.php?id=100008943462799\",\"https:\\\/\\\/x.com\\\/bellunopress\",\"https:\\\/\\\/www.linkedin.com\\\/hp\\\/?dnr=JBzUWaJfMUw8vbXJJ2tVW5-I3jZKvC4wsoxE&amp;amp;amp;amp;amp;amp;trk=nav_responsive_tab_home\",\"https:\\\/\\\/www.youtube.com\\\/channel\\\/UCxL0wu1uN0_3_7hGG0306cw\"]},{\"@type\":\"Person\",\"@id\":\"https:\\\/\\\/www.bellunopress.it\\\/#\\\/schema\\\/person\\\/79bb06722b37ece1c03d3e94beb30d73\",\"name\":\"redazione\",\"image\":{\"@type\":\"ImageObject\",\"inLanguage\":\"fr-FR\",\"@id\":\"https:\\\/\\\/secure.gravatar.com\\\/avatar\\\/37d968a2e67a6fd04c169c4bdef102d0bc5d31b2546345219e348575eb80e9a0?s=96&d=mm&r=g\",\"url\":\"https:\\\/\\\/secure.gravatar.com\\\/avatar\\\/37d968a2e67a6fd04c169c4bdef102d0bc5d31b2546345219e348575eb80e9a0?s=96&d=mm&r=g\",\"contentUrl\":\"https:\\\/\\\/secure.gravatar.com\\\/avatar\\\/37d968a2e67a6fd04c169c4bdef102d0bc5d31b2546345219e348575eb80e9a0?s=96&d=mm&r=g\",\"caption\":\"redazione\"},\"sameAs\":[\"http:\\\/\\\/www.bellunopress.it\",\"https:\\\/\\\/x.com\\\/bellunopress\"],\"url\":\"https:\\\/\\\/www.bellunopress.it\\\/fr\\\/author\\\/redazione\\\/\"}]}<\/script>\n<!-- \/ Yoast SEO plugin. -->","yoast_head_json":{"title":"Parole che parlano di noi. Il nuovo concorso letterario de Il Veses. Iscrizioni entro il 28 febbraio - Bellunopress - Dolomiti","robots":{"index":"index","follow":"follow","max-snippet":"max-snippet:-1","max-image-preview":"max-image-preview:large","max-video-preview":"max-video-preview:-1"},"canonical":"https:\/\/www.bellunopress.it\/fr\/2021\/02\/08\/parole-che-parlano-di-noi-il-nuovo-concorso-letterario-de-il-veses-iscrizioni-entro-il-28-febbraio\/","og_locale":"fr_FR","og_type":"article","og_title":"Parole che parlano di noi. Il nuovo concorso letterario de Il Veses. Iscrizioni entro il 28 febbraio - Bellunopress - Dolomiti","og_description":"C&#8217;\u00e8 tempo fino al 28 febbraio per prendere parte al concorso letterario &#8220;Parole che parlano di noi&#8221; promosso dall&#8217;associazione culturale &#8220;il Veses&#8221; con il patrocinio del Comune di Borgo Valbelluna. La proposta nasce dall&#8217;installazione artistica di Paolo Moro &#8220;Opera Zero&#8221; inaugurata a Trichiana lo scorso 5 settembre, in occasione del trentennale del premio letterario &#8220;Trichiana [&hellip;]","og_url":"https:\/\/www.bellunopress.it\/fr\/2021\/02\/08\/parole-che-parlano-di-noi-il-nuovo-concorso-letterario-de-il-veses-iscrizioni-entro-il-28-febbraio\/","og_site_name":"Bellunopress - Dolomiti","article_publisher":"https:\/\/www.facebook.com\/profile.php?id=100008943462799","article_published_time":"2021-02-08T10:27:35+00:00","article_modified_time":"2021-02-08T10:27:37+00:00","og_image":[{"width":1000,"height":686,"url":"https:\/\/www.bellunopress.it\/wp-content\/uploads\/2021\/02\/Opera-Zero-di-Paolo-Moro.jpg","type":"image\/jpeg"}],"author":"redazione","twitter_card":"summary_large_image","twitter_creator":"@bellunopress","twitter_site":"@bellunopress","twitter_misc":{"\u00c9crit par":"redazione","Dur\u00e9e de lecture estim\u00e9e":"2 minutes"},"schema":{"@context":"https:\/\/schema.org","@graph":[{"@type":"Article","@id":"https:\/\/www.bellunopress.it\/2021\/02\/08\/parole-che-parlano-di-noi-il-nuovo-concorso-letterario-de-il-veses-iscrizioni-entro-il-28-febbraio\/#article","isPartOf":{"@id":"https:\/\/www.bellunopress.it\/2021\/02\/08\/parole-che-parlano-di-noi-il-nuovo-concorso-letterario-de-il-veses-iscrizioni-entro-il-28-febbraio\/"},"author":{"name":"redazione","@id":"https:\/\/www.bellunopress.it\/#\/schema\/person\/79bb06722b37ece1c03d3e94beb30d73"},"headline":"Parole che parlano di noi. Il nuovo concorso letterario de Il Veses. Iscrizioni entro il 28 febbraio","datePublished":"2021-02-08T10:27:35+00:00","dateModified":"2021-02-08T10:27:37+00:00","mainEntityOfPage":{"@id":"https:\/\/www.bellunopress.it\/2021\/02\/08\/parole-che-parlano-di-noi-il-nuovo-concorso-letterario-de-il-veses-iscrizioni-entro-il-28-febbraio\/"},"wordCount":394,"publisher":{"@id":"https:\/\/www.bellunopress.it\/#organization"},"image":{"@id":"https:\/\/www.bellunopress.it\/2021\/02\/08\/parole-che-parlano-di-noi-il-nuovo-concorso-letterario-de-il-veses-iscrizioni-entro-il-28-febbraio\/#primaryimage"},"thumbnailUrl":"https:\/\/www.bellunopress.it\/wp-content\/uploads\/2021\/02\/Opera-Zero-di-Paolo-Moro.jpg","articleSection":["Arte, Cultura, Spettacoli, Scienza","Pausa Caff\u00e8"],"inLanguage":"fr-FR"},{"@type":"WebPage","@id":"https:\/\/www.bellunopress.it\/2021\/02\/08\/parole-che-parlano-di-noi-il-nuovo-concorso-letterario-de-il-veses-iscrizioni-entro-il-28-febbraio\/","url":"https:\/\/www.bellunopress.it\/2021\/02\/08\/parole-che-parlano-di-noi-il-nuovo-concorso-letterario-de-il-veses-iscrizioni-entro-il-28-febbraio\/","name":"Parole che parlano di noi. Il nuovo concorso letterario de Il Veses. Iscrizioni entro il 28 febbraio - Bellunopress - Dolomiti","isPartOf":{"@id":"https:\/\/www.bellunopress.it\/#website"},"primaryImageOfPage":{"@id":"https:\/\/www.bellunopress.it\/2021\/02\/08\/parole-che-parlano-di-noi-il-nuovo-concorso-letterario-de-il-veses-iscrizioni-entro-il-28-febbraio\/#primaryimage"},"image":{"@id":"https:\/\/www.bellunopress.it\/2021\/02\/08\/parole-che-parlano-di-noi-il-nuovo-concorso-letterario-de-il-veses-iscrizioni-entro-il-28-febbraio\/#primaryimage"},"thumbnailUrl":"https:\/\/www.bellunopress.it\/wp-content\/uploads\/2021\/02\/Opera-Zero-di-Paolo-Moro.jpg","datePublished":"2021-02-08T10:27:35+00:00","dateModified":"2021-02-08T10:27:37+00:00","breadcrumb":{"@id":"https:\/\/www.bellunopress.it\/2021\/02\/08\/parole-che-parlano-di-noi-il-nuovo-concorso-letterario-de-il-veses-iscrizioni-entro-il-28-febbraio\/#breadcrumb"},"inLanguage":"fr-FR","potentialAction":[{"@type":"ReadAction","target":["https:\/\/www.bellunopress.it\/2021\/02\/08\/parole-che-parlano-di-noi-il-nuovo-concorso-letterario-de-il-veses-iscrizioni-entro-il-28-febbraio\/"]}]},{"@type":"ImageObject","inLanguage":"fr-FR","@id":"https:\/\/www.bellunopress.it\/2021\/02\/08\/parole-che-parlano-di-noi-il-nuovo-concorso-letterario-de-il-veses-iscrizioni-entro-il-28-febbraio\/#primaryimage","url":"https:\/\/www.bellunopress.it\/wp-content\/uploads\/2021\/02\/Opera-Zero-di-Paolo-Moro.jpg","contentUrl":"https:\/\/www.bellunopress.it\/wp-content\/uploads\/2021\/02\/Opera-Zero-di-Paolo-Moro.jpg","width":1000,"height":686},{"@type":"BreadcrumbList","@id":"https:\/\/www.bellunopress.it\/2021\/02\/08\/parole-che-parlano-di-noi-il-nuovo-concorso-letterario-de-il-veses-iscrizioni-entro-il-28-febbraio\/#breadcrumb","itemListElement":[{"@type":"ListItem","position":1,"name":"Home","item":"https:\/\/www.bellunopress.it\/"},{"@type":"ListItem","position":2,"name":"Parole che parlano di noi. Il nuovo concorso letterario de Il Veses. Iscrizioni entro il 28 febbraio"}]},{"@type":"WebSite","@id":"https:\/\/www.bellunopress.it\/#website","url":"https:\/\/www.bellunopress.it\/","name":"Bellunopress - Dolomiti","description":"e-mail: redazione@bellunopress.it","publisher":{"@id":"https:\/\/www.bellunopress.it\/#organization"},"potentialAction":[{"@type":"SearchAction","target":{"@type":"EntryPoint","urlTemplate":"https:\/\/www.bellunopress.it\/?s={search_term_string}"},"query-input":{"@type":"PropertyValueSpecification","valueRequired":true,"valueName":"search_term_string"}}],"inLanguage":"fr-FR"},{"@type":"Organization","@id":"https:\/\/www.bellunopress.it\/#organization","name":"Bellunopress","url":"https:\/\/www.bellunopress.it\/","logo":{"@type":"ImageObject","inLanguage":"fr-FR","@id":"https:\/\/www.bellunopress.it\/#\/schema\/logo\/image\/","url":"https:\/\/www.bellunopress.it\/wp-content\/uploads\/2011\/05\/cropped-logo-bellunopress-.jpg","contentUrl":"https:\/\/www.bellunopress.it\/wp-content\/uploads\/2011\/05\/cropped-logo-bellunopress-.jpg","width":512,"height":512,"caption":"Bellunopress"},"image":{"@id":"https:\/\/www.bellunopress.it\/#\/schema\/logo\/image\/"},"sameAs":["https:\/\/www.facebook.com\/profile.php?id=100008943462799","https:\/\/x.com\/bellunopress","https:\/\/www.linkedin.com\/hp\/?dnr=JBzUWaJfMUw8vbXJJ2tVW5-I3jZKvC4wsoxE&amp;amp;amp;amp;amp;amp;trk=nav_responsive_tab_home","https:\/\/www.youtube.com\/channel\/UCxL0wu1uN0_3_7hGG0306cw"]},{"@type":"Person","@id":"https:\/\/www.bellunopress.it\/#\/schema\/person\/79bb06722b37ece1c03d3e94beb30d73","name":"r\u00e9daction","image":{"@type":"ImageObject","inLanguage":"fr-FR","@id":"https:\/\/secure.gravatar.com\/avatar\/37d968a2e67a6fd04c169c4bdef102d0bc5d31b2546345219e348575eb80e9a0?s=96&d=mm&r=g","url":"https:\/\/secure.gravatar.com\/avatar\/37d968a2e67a6fd04c169c4bdef102d0bc5d31b2546345219e348575eb80e9a0?s=96&d=mm&r=g","contentUrl":"https:\/\/secure.gravatar.com\/avatar\/37d968a2e67a6fd04c169c4bdef102d0bc5d31b2546345219e348575eb80e9a0?s=96&d=mm&r=g","caption":"redazione"},"sameAs":["http:\/\/www.bellunopress.it","https:\/\/x.com\/bellunopress"],"url":"https:\/\/www.bellunopress.it\/fr\/author\/redazione\/"}]}},"_links":{"self":[{"href":"https:\/\/www.bellunopress.it\/fr\/wp-json\/wp\/v2\/posts\/121509","targetHints":{"allow":["GET"]}}],"collection":[{"href":"https:\/\/www.bellunopress.it\/fr\/wp-json\/wp\/v2\/posts"}],"about":[{"href":"https:\/\/www.bellunopress.it\/fr\/wp-json\/wp\/v2\/types\/post"}],"author":[{"embeddable":true,"href":"https:\/\/www.bellunopress.it\/fr\/wp-json\/wp\/v2\/users\/2"}],"replies":[{"embeddable":true,"href":"https:\/\/www.bellunopress.it\/fr\/wp-json\/wp\/v2\/comments?post=121509"}],"version-history":[{"count":2,"href":"https:\/\/www.bellunopress.it\/fr\/wp-json\/wp\/v2\/posts\/121509\/revisions"}],"predecessor-version":[{"id":121512,"href":"https:\/\/www.bellunopress.it\/fr\/wp-json\/wp\/v2\/posts\/121509\/revisions\/121512"}],"wp:featuredmedia":[{"embeddable":true,"href":"https:\/\/www.bellunopress.it\/fr\/wp-json\/wp\/v2\/media\/121510"}],"wp:attachment":[{"href":"https:\/\/www.bellunopress.it\/fr\/wp-json\/wp\/v2\/media?parent=121509"}],"wp:term":[{"taxonomy":"category","embeddable":true,"href":"https:\/\/www.bellunopress.it\/fr\/wp-json\/wp\/v2\/categories?post=121509"},{"taxonomy":"post_tag","embeddable":true,"href":"https:\/\/www.bellunopress.it\/fr\/wp-json\/wp\/v2\/tags?post=121509"}],"curies":[{"name":"wp","href":"https:\/\/api.w.org\/{rel}","templated":true}]}}