{"id":121502,"date":"2021-02-07T18:14:34","date_gmt":"2021-02-07T17:14:34","guid":{"rendered":"http:\/\/www.bellunopress.it\/?p=121502"},"modified":"2021-02-07T18:14:37","modified_gmt":"2021-02-07T17:14:37","slug":"il-centro-sportivo-dellesercito-vince-il-memorial-arduino-costantin-nella-due-giorni-di-coppa-italia-di-biathlon-in-val-di-zoldo","status":"publish","type":"post","link":"https:\/\/www.bellunopress.it\/fr\/2021\/02\/07\/il-centro-sportivo-dellesercito-vince-il-memorial-arduino-costantin-nella-due-giorni-di-coppa-italia-di-biathlon-in-val-di-zoldo\/","title":{"rendered":"Il Centro sportivo dell&#8217;Esercito vince il Memorial &#8220;Arduino Costantin&#8221; nella due giorni di Coppa Italia di biathlon in Val di Zoldo"},"content":{"rendered":"<p><a href=\"http:\/\/www.bellunopress.it\/fr\/2021\/02\/07\/il-centro-sportivo-dellesercito-vince-il-memorial-arduino-costantin-nella-due-giorni-di-coppa-italia-di-biathlon-in-val-di-zoldo\/biathlon-zoldo-esercito-vince-il-memorial-arduino-costantin-7-feb-2021_edited\/\" rel=\"attachment wp-att-121503\"><img loading=\"lazy\" decoding=\"async\" class=\"alignleft size-full wp-image-121503\" src=\"http:\/\/www.bellunopress.it\/wp-content\/uploads\/2021\/02\/biathlon-zoldo-esercito-vince-il-memorial-arduino-costantin-7-feb-2021_edited.jpg\" alt=\"\" width=\"1000\" height=\"667\" srcset=\"https:\/\/www.bellunopress.it\/wp-content\/uploads\/2021\/02\/biathlon-zoldo-esercito-vince-il-memorial-arduino-costantin-7-feb-2021_edited.jpg 1000w, https:\/\/www.bellunopress.it\/wp-content\/uploads\/2021\/02\/biathlon-zoldo-esercito-vince-il-memorial-arduino-costantin-7-feb-2021_edited-500x334.jpg 500w, https:\/\/www.bellunopress.it\/wp-content\/uploads\/2021\/02\/biathlon-zoldo-esercito-vince-il-memorial-arduino-costantin-7-feb-2021_edited-696x464.jpg 696w, https:\/\/www.bellunopress.it\/wp-content\/uploads\/2021\/02\/biathlon-zoldo-esercito-vince-il-memorial-arduino-costantin-7-feb-2021_edited-630x420.jpg 630w\" sizes=\"auto, (max-width: 1000px) 100vw, 1000px\" \/><\/a>Val di Zoldo (Belluno), 7 febbraio 2021 \u2013 Due giorni di grande biathlon, sabato 6 e domenica 7 febbraio, in Val di Zoldo (Belluno) dove, a cura dello Sci club Valzoldana, si \u00e8 disputata una due giorni della Coppa Italia Fiocchi, il circuito istituzionale della federazione italiana sport invernali che vede al via gli atleti del settore assoluto ma anche quelli delle categorie giovanili.<\/p>\n<p>Al termine del fine settimana, svoltosi, al centro biathlon di Palafav\u00e8ra, a imporsi nel memorial Arduino Costantin, a ricordo di un grande appassionato zoldano delle discipline nordiche scomparso tre anni fa (pap\u00e0 di Pierluigi, apprezzato tecnico delle Fiamme Oro e in passato atleta azzurro dello sci di fondo), \u00e8 stato il Centro sportivo Esercito che con 416 punti si \u00e8 imposto sulle Fiamme Oro (342) e sui Carabinieri (334).<\/p>\n<p>A livello individuale, tre atleti si sono posti in evidenza, vincendo in entrambe le giornate, la prima dedicata alla mass start (partenza di gruppo, quattro serie di tiri al poligono), la seconda alla sprint (partenze individuali a cronometro, due poligoni). Si tratta di Hannah Auchentaller, altoatesina del Centro sportivo Carabinieri, vincitrice nella categoria Juniores (under 21), di un altro atleta altoatesino, Jan Kuppelvieser (Val Martello), primo tra i Seniores, e di Jacopo Leonesio, valdostano dei Carabinieri, primo Juniores (under 21).<\/p>\n<p>Nelle altre categorie, al femminile successo della friulana Ilaria Scattolo (Fiamme Oro) nella mass start e della trentina Fabiana Carpella (Fiamme Oro) nella sprint della categoria Aspiranti (under 17), dell&#8217;altoatesina Linda Zingerle (Fiamme Gialle) e della friulana Sara Scattolo (Fiamme Oro) rispettivamente nella mass start e nella sprint Giovani (under 19).<\/p>\n<p>Al maschile, la categoria Aspiranti (under 17), ha visto imporsi nella mass start il valdostano dello sci club Bionaz Simone Betemps e nella sprint il piemontese dello sci club Entraque Alpi Marittime Michele carollo, la categoria Giovani (under 19) nella mass start il piemontese delle Fiamme Oro Marco Barale e nella sprint il carabiniere di Sappada Fabio Piller Cottrer.<\/p>\n<p>La manifestazione, che nella seconda giornata si \u00e8 corsa in condizioni meteo difficili, con neve e pioggia ad aumentare la fatica degli atleti sia sugli sci sia al poligono, era prova di selezione in vista della formazione delle squadre azzurre che parteciperanno ai Campionati del mondo Giovani e Juniores, in programma ad Obertilliach, in Austria, dal 27 febbraio al 6 marzo.<\/p>\n<p>\u00abNonostante il meteo non ci abbia favorito, abbiamo allestita una bella due giorni che vogliamo sia un ulteriore mattone nella crescita del nostro centro del biathlon di Palafav\u00e8ra, una struttura giovane che vuole svilupparsi\u00bb dice il presidente dello Sci club Valzodana, Arcangelo Panciera. \u00abUn ringraziamento va agli oltre sessanta volontari che hanno lavorato intensamente per rendere possibile questo fine settimana con la Coppa Italia\u00bb.<\/p>","protected":false},"excerpt":{"rendered":"<p>Val di Zoldo (Belluno), 7 febbraio 2021 \u2013 Due giorni di grande biathlon, sabato 6 e domenica 7 febbraio, in Val di Zoldo (Belluno) dove, a cura dello Sci club Valzoldana, si \u00e8 disputata una due giorni della Coppa Italia Fiocchi, il circuito istituzionale della federazione italiana sport invernali che vede al via gli atleti [&hellip;]<\/p>\n","protected":false},"author":2,"featured_media":121503,"comment_status":"closed","ping_status":"open","sticky":false,"template":"","format":"standard","meta":{"footnotes":""},"categories":[26,8,4],"tags":[],"class_list":["post-121502","post","type-post","status-publish","format-standard","has-post-thumbnail","category-prima-pagina","category-societa-istituzioni","category-sport"],"yoast_head":"<!-- This site is optimized with the Yoast SEO plugin v28.4 - https:\/\/yoast.com\/product\/yoast-seo-wordpress\/ -->\n<title>Il Centro sportivo dell&#039;Esercito vince il Memorial &quot;Arduino Costantin&quot; nella due giorni di Coppa Italia di biathlon in Val di Zoldo - Bellunopress - Dolomiti<\/title>\n<meta name=\"robots\" content=\"index, follow, max-snippet:-1, max-image-preview:large, max-video-preview:-1\" \/>\n<link rel=\"canonical\" href=\"https:\/\/www.bellunopress.it\/fr\/2021\/02\/07\/il-centro-sportivo-dellesercito-vince-il-memorial-arduino-costantin-nella-due-giorni-di-coppa-italia-di-biathlon-in-val-di-zoldo\/\" \/>\n<meta property=\"og:locale\" content=\"fr_FR\" \/>\n<meta property=\"og:type\" content=\"article\" \/>\n<meta property=\"og:title\" content=\"Il Centro sportivo dell&#039;Esercito vince il Memorial &quot;Arduino Costantin&quot; nella due giorni di Coppa Italia di biathlon in Val di Zoldo - Bellunopress - Dolomiti\" \/>\n<meta property=\"og:description\" content=\"Val di Zoldo (Belluno), 7 febbraio 2021 \u2013 Due giorni di grande biathlon, sabato 6 e domenica 7 febbraio, in Val di Zoldo (Belluno) dove, a cura dello Sci club Valzoldana, si \u00e8 disputata una due giorni della Coppa Italia Fiocchi, il circuito istituzionale della federazione italiana sport invernali che vede al via gli atleti [&hellip;]\" \/>\n<meta property=\"og:url\" content=\"https:\/\/www.bellunopress.it\/fr\/2021\/02\/07\/il-centro-sportivo-dellesercito-vince-il-memorial-arduino-costantin-nella-due-giorni-di-coppa-italia-di-biathlon-in-val-di-zoldo\/\" \/>\n<meta property=\"og:site_name\" content=\"Bellunopress - Dolomiti\" \/>\n<meta property=\"article:publisher\" content=\"https:\/\/www.facebook.com\/profile.php?id=100008943462799\" \/>\n<meta property=\"article:published_time\" content=\"2021-02-07T17:14:34+00:00\" \/>\n<meta property=\"article:modified_time\" content=\"2021-02-07T17:14:37+00:00\" \/>\n<meta property=\"og:image\" content=\"https:\/\/www.bellunopress.it\/wp-content\/uploads\/2021\/02\/biathlon-zoldo-esercito-vince-il-memorial-arduino-costantin-7-feb-2021_edited.jpg\" \/>\n\t<meta property=\"og:image:width\" content=\"1000\" \/>\n\t<meta property=\"og:image:height\" content=\"667\" \/>\n\t<meta property=\"og:image:type\" content=\"image\/jpeg\" \/>\n<meta name=\"author\" content=\"redazione\" \/>\n<meta name=\"twitter:card\" content=\"summary_large_image\" \/>\n<meta name=\"twitter:creator\" content=\"@bellunopress\" \/>\n<meta name=\"twitter:site\" content=\"@bellunopress\" \/>\n<meta name=\"twitter:label1\" content=\"\u00c9crit par\" \/>\n\t<meta name=\"twitter:data1\" content=\"redazione\" \/>\n\t<meta name=\"twitter:label2\" content=\"Dur\u00e9e de lecture estim\u00e9e\" \/>\n\t<meta name=\"twitter:data2\" content=\"2 minutes\" \/>\n<script type=\"application\/ld+json\" class=\"yoast-schema-graph\">{\"@context\":\"https:\\\/\\\/schema.org\",\"@graph\":[{\"@type\":\"Article\",\"@id\":\"https:\\\/\\\/www.bellunopress.it\\\/2021\\\/02\\\/07\\\/il-centro-sportivo-dellesercito-vince-il-memorial-arduino-costantin-nella-due-giorni-di-coppa-italia-di-biathlon-in-val-di-zoldo\\\/#article\",\"isPartOf\":{\"@id\":\"https:\\\/\\\/www.bellunopress.it\\\/2021\\\/02\\\/07\\\/il-centro-sportivo-dellesercito-vince-il-memorial-arduino-costantin-nella-due-giorni-di-coppa-italia-di-biathlon-in-val-di-zoldo\\\/\"},\"author\":{\"name\":\"redazione\",\"@id\":\"https:\\\/\\\/www.bellunopress.it\\\/#\\\/schema\\\/person\\\/79bb06722b37ece1c03d3e94beb30d73\"},\"headline\":\"Il Centro sportivo dell&#8217;Esercito vince il Memorial &#8220;Arduino Costantin&#8221; nella due giorni di Coppa Italia di biathlon in Val di Zoldo\",\"datePublished\":\"2021-02-07T17:14:34+00:00\",\"dateModified\":\"2021-02-07T17:14:37+00:00\",\"mainEntityOfPage\":{\"@id\":\"https:\\\/\\\/www.bellunopress.it\\\/2021\\\/02\\\/07\\\/il-centro-sportivo-dellesercito-vince-il-memorial-arduino-costantin-nella-due-giorni-di-coppa-italia-di-biathlon-in-val-di-zoldo\\\/\"},\"wordCount\":453,\"publisher\":{\"@id\":\"https:\\\/\\\/www.bellunopress.it\\\/#organization\"},\"image\":{\"@id\":\"https:\\\/\\\/www.bellunopress.it\\\/2021\\\/02\\\/07\\\/il-centro-sportivo-dellesercito-vince-il-memorial-arduino-costantin-nella-due-giorni-di-coppa-italia-di-biathlon-in-val-di-zoldo\\\/#primaryimage\"},\"thumbnailUrl\":\"https:\\\/\\\/www.bellunopress.it\\\/wp-content\\\/uploads\\\/2021\\\/02\\\/biathlon-zoldo-esercito-vince-il-memorial-arduino-costantin-7-feb-2021_edited.jpg\",\"articleSection\":[\"Prima Pagina\",\"Societ\u00e0, Associazioni, Istituzioni\",\"Sport, tempo libero\"],\"inLanguage\":\"fr-FR\"},{\"@type\":\"WebPage\",\"@id\":\"https:\\\/\\\/www.bellunopress.it\\\/2021\\\/02\\\/07\\\/il-centro-sportivo-dellesercito-vince-il-memorial-arduino-costantin-nella-due-giorni-di-coppa-italia-di-biathlon-in-val-di-zoldo\\\/\",\"url\":\"https:\\\/\\\/www.bellunopress.it\\\/2021\\\/02\\\/07\\\/il-centro-sportivo-dellesercito-vince-il-memorial-arduino-costantin-nella-due-giorni-di-coppa-italia-di-biathlon-in-val-di-zoldo\\\/\",\"name\":\"Il Centro sportivo dell'Esercito vince il Memorial \\\"Arduino Costantin\\\" nella due giorni di Coppa Italia di biathlon in Val di Zoldo - Bellunopress - Dolomiti\",\"isPartOf\":{\"@id\":\"https:\\\/\\\/www.bellunopress.it\\\/#website\"},\"primaryImageOfPage\":{\"@id\":\"https:\\\/\\\/www.bellunopress.it\\\/2021\\\/02\\\/07\\\/il-centro-sportivo-dellesercito-vince-il-memorial-arduino-costantin-nella-due-giorni-di-coppa-italia-di-biathlon-in-val-di-zoldo\\\/#primaryimage\"},\"image\":{\"@id\":\"https:\\\/\\\/www.bellunopress.it\\\/2021\\\/02\\\/07\\\/il-centro-sportivo-dellesercito-vince-il-memorial-arduino-costantin-nella-due-giorni-di-coppa-italia-di-biathlon-in-val-di-zoldo\\\/#primaryimage\"},\"thumbnailUrl\":\"https:\\\/\\\/www.bellunopress.it\\\/wp-content\\\/uploads\\\/2021\\\/02\\\/biathlon-zoldo-esercito-vince-il-memorial-arduino-costantin-7-feb-2021_edited.jpg\",\"datePublished\":\"2021-02-07T17:14:34+00:00\",\"dateModified\":\"2021-02-07T17:14:37+00:00\",\"breadcrumb\":{\"@id\":\"https:\\\/\\\/www.bellunopress.it\\\/2021\\\/02\\\/07\\\/il-centro-sportivo-dellesercito-vince-il-memorial-arduino-costantin-nella-due-giorni-di-coppa-italia-di-biathlon-in-val-di-zoldo\\\/#breadcrumb\"},\"inLanguage\":\"fr-FR\",\"potentialAction\":[{\"@type\":\"ReadAction\",\"target\":[\"https:\\\/\\\/www.bellunopress.it\\\/2021\\\/02\\\/07\\\/il-centro-sportivo-dellesercito-vince-il-memorial-arduino-costantin-nella-due-giorni-di-coppa-italia-di-biathlon-in-val-di-zoldo\\\/\"]}]},{\"@type\":\"ImageObject\",\"inLanguage\":\"fr-FR\",\"@id\":\"https:\\\/\\\/www.bellunopress.it\\\/2021\\\/02\\\/07\\\/il-centro-sportivo-dellesercito-vince-il-memorial-arduino-costantin-nella-due-giorni-di-coppa-italia-di-biathlon-in-val-di-zoldo\\\/#primaryimage\",\"url\":\"https:\\\/\\\/www.bellunopress.it\\\/wp-content\\\/uploads\\\/2021\\\/02\\\/biathlon-zoldo-esercito-vince-il-memorial-arduino-costantin-7-feb-2021_edited.jpg\",\"contentUrl\":\"https:\\\/\\\/www.bellunopress.it\\\/wp-content\\\/uploads\\\/2021\\\/02\\\/biathlon-zoldo-esercito-vince-il-memorial-arduino-costantin-7-feb-2021_edited.jpg\",\"width\":1000,\"height\":667},{\"@type\":\"BreadcrumbList\",\"@id\":\"https:\\\/\\\/www.bellunopress.it\\\/2021\\\/02\\\/07\\\/il-centro-sportivo-dellesercito-vince-il-memorial-arduino-costantin-nella-due-giorni-di-coppa-italia-di-biathlon-in-val-di-zoldo\\\/#breadcrumb\",\"itemListElement\":[{\"@type\":\"ListItem\",\"position\":1,\"name\":\"Home\",\"item\":\"https:\\\/\\\/www.bellunopress.it\\\/\"},{\"@type\":\"ListItem\",\"position\":2,\"name\":\"Il Centro sportivo dell&#8217;Esercito vince il Memorial &#8220;Arduino Costantin&#8221; nella due giorni di Coppa Italia di biathlon in Val di Zoldo\"}]},{\"@type\":\"WebSite\",\"@id\":\"https:\\\/\\\/www.bellunopress.it\\\/#website\",\"url\":\"https:\\\/\\\/www.bellunopress.it\\\/\",\"name\":\"Bellunopress - Dolomiti\",\"description\":\"e-mail: redazione@bellunopress.it\",\"publisher\":{\"@id\":\"https:\\\/\\\/www.bellunopress.it\\\/#organization\"},\"potentialAction\":[{\"@type\":\"SearchAction\",\"target\":{\"@type\":\"EntryPoint\",\"urlTemplate\":\"https:\\\/\\\/www.bellunopress.it\\\/?s={search_term_string}\"},\"query-input\":{\"@type\":\"PropertyValueSpecification\",\"valueRequired\":true,\"valueName\":\"search_term_string\"}}],\"inLanguage\":\"fr-FR\"},{\"@type\":\"Organization\",\"@id\":\"https:\\\/\\\/www.bellunopress.it\\\/#organization\",\"name\":\"Bellunopress\",\"url\":\"https:\\\/\\\/www.bellunopress.it\\\/\",\"logo\":{\"@type\":\"ImageObject\",\"inLanguage\":\"fr-FR\",\"@id\":\"https:\\\/\\\/www.bellunopress.it\\\/#\\\/schema\\\/logo\\\/image\\\/\",\"url\":\"https:\\\/\\\/www.bellunopress.it\\\/wp-content\\\/uploads\\\/2011\\\/05\\\/cropped-logo-bellunopress-.jpg\",\"contentUrl\":\"https:\\\/\\\/www.bellunopress.it\\\/wp-content\\\/uploads\\\/2011\\\/05\\\/cropped-logo-bellunopress-.jpg\",\"width\":512,\"height\":512,\"caption\":\"Bellunopress\"},\"image\":{\"@id\":\"https:\\\/\\\/www.bellunopress.it\\\/#\\\/schema\\\/logo\\\/image\\\/\"},\"sameAs\":[\"https:\\\/\\\/www.facebook.com\\\/profile.php?id=100008943462799\",\"https:\\\/\\\/x.com\\\/bellunopress\",\"https:\\\/\\\/www.linkedin.com\\\/hp\\\/?dnr=JBzUWaJfMUw8vbXJJ2tVW5-I3jZKvC4wsoxE&amp;amp;amp;amp;amp;amp;trk=nav_responsive_tab_home\",\"https:\\\/\\\/www.youtube.com\\\/channel\\\/UCxL0wu1uN0_3_7hGG0306cw\"]},{\"@type\":\"Person\",\"@id\":\"https:\\\/\\\/www.bellunopress.it\\\/#\\\/schema\\\/person\\\/79bb06722b37ece1c03d3e94beb30d73\",\"name\":\"redazione\",\"image\":{\"@type\":\"ImageObject\",\"inLanguage\":\"fr-FR\",\"@id\":\"https:\\\/\\\/secure.gravatar.com\\\/avatar\\\/37d968a2e67a6fd04c169c4bdef102d0bc5d31b2546345219e348575eb80e9a0?s=96&d=mm&r=g\",\"url\":\"https:\\\/\\\/secure.gravatar.com\\\/avatar\\\/37d968a2e67a6fd04c169c4bdef102d0bc5d31b2546345219e348575eb80e9a0?s=96&d=mm&r=g\",\"contentUrl\":\"https:\\\/\\\/secure.gravatar.com\\\/avatar\\\/37d968a2e67a6fd04c169c4bdef102d0bc5d31b2546345219e348575eb80e9a0?s=96&d=mm&r=g\",\"caption\":\"redazione\"},\"sameAs\":[\"http:\\\/\\\/www.bellunopress.it\",\"https:\\\/\\\/x.com\\\/bellunopress\"],\"url\":\"https:\\\/\\\/www.bellunopress.it\\\/fr\\\/author\\\/redazione\\\/\"}]}<\/script>\n<!-- \/ Yoast SEO plugin. -->","yoast_head_json":{"title":"Il Centro sportivo dell'Esercito vince il Memorial \"Arduino Costantin\" nella due giorni di Coppa Italia di biathlon in Val di Zoldo - Bellunopress - Dolomiti","robots":{"index":"index","follow":"follow","max-snippet":"max-snippet:-1","max-image-preview":"max-image-preview:large","max-video-preview":"max-video-preview:-1"},"canonical":"https:\/\/www.bellunopress.it\/fr\/2021\/02\/07\/il-centro-sportivo-dellesercito-vince-il-memorial-arduino-costantin-nella-due-giorni-di-coppa-italia-di-biathlon-in-val-di-zoldo\/","og_locale":"fr_FR","og_type":"article","og_title":"Il Centro sportivo dell'Esercito vince il Memorial \"Arduino Costantin\" nella due giorni di Coppa Italia di biathlon in Val di Zoldo - Bellunopress - Dolomiti","og_description":"Val di Zoldo (Belluno), 7 febbraio 2021 \u2013 Due giorni di grande biathlon, sabato 6 e domenica 7 febbraio, in Val di Zoldo (Belluno) dove, a cura dello Sci club Valzoldana, si \u00e8 disputata una due giorni della Coppa Italia Fiocchi, il circuito istituzionale della federazione italiana sport invernali che vede al via gli atleti [&hellip;]","og_url":"https:\/\/www.bellunopress.it\/fr\/2021\/02\/07\/il-centro-sportivo-dellesercito-vince-il-memorial-arduino-costantin-nella-due-giorni-di-coppa-italia-di-biathlon-in-val-di-zoldo\/","og_site_name":"Bellunopress - Dolomiti","article_publisher":"https:\/\/www.facebook.com\/profile.php?id=100008943462799","article_published_time":"2021-02-07T17:14:34+00:00","article_modified_time":"2021-02-07T17:14:37+00:00","og_image":[{"width":1000,"height":667,"url":"https:\/\/www.bellunopress.it\/wp-content\/uploads\/2021\/02\/biathlon-zoldo-esercito-vince-il-memorial-arduino-costantin-7-feb-2021_edited.jpg","type":"image\/jpeg"}],"author":"redazione","twitter_card":"summary_large_image","twitter_creator":"@bellunopress","twitter_site":"@bellunopress","twitter_misc":{"\u00c9crit par":"redazione","Dur\u00e9e de lecture estim\u00e9e":"2 minutes"},"schema":{"@context":"https:\/\/schema.org","@graph":[{"@type":"Article","@id":"https:\/\/www.bellunopress.it\/2021\/02\/07\/il-centro-sportivo-dellesercito-vince-il-memorial-arduino-costantin-nella-due-giorni-di-coppa-italia-di-biathlon-in-val-di-zoldo\/#article","isPartOf":{"@id":"https:\/\/www.bellunopress.it\/2021\/02\/07\/il-centro-sportivo-dellesercito-vince-il-memorial-arduino-costantin-nella-due-giorni-di-coppa-italia-di-biathlon-in-val-di-zoldo\/"},"author":{"name":"redazione","@id":"https:\/\/www.bellunopress.it\/#\/schema\/person\/79bb06722b37ece1c03d3e94beb30d73"},"headline":"Il Centro sportivo dell&#8217;Esercito vince il Memorial &#8220;Arduino Costantin&#8221; nella due giorni di Coppa Italia di biathlon in Val di Zoldo","datePublished":"2021-02-07T17:14:34+00:00","dateModified":"2021-02-07T17:14:37+00:00","mainEntityOfPage":{"@id":"https:\/\/www.bellunopress.it\/2021\/02\/07\/il-centro-sportivo-dellesercito-vince-il-memorial-arduino-costantin-nella-due-giorni-di-coppa-italia-di-biathlon-in-val-di-zoldo\/"},"wordCount":453,"publisher":{"@id":"https:\/\/www.bellunopress.it\/#organization"},"image":{"@id":"https:\/\/www.bellunopress.it\/2021\/02\/07\/il-centro-sportivo-dellesercito-vince-il-memorial-arduino-costantin-nella-due-giorni-di-coppa-italia-di-biathlon-in-val-di-zoldo\/#primaryimage"},"thumbnailUrl":"https:\/\/www.bellunopress.it\/wp-content\/uploads\/2021\/02\/biathlon-zoldo-esercito-vince-il-memorial-arduino-costantin-7-feb-2021_edited.jpg","articleSection":["Prima Pagina","Societ\u00e0, Associazioni, Istituzioni","Sport, tempo libero"],"inLanguage":"fr-FR"},{"@type":"WebPage","@id":"https:\/\/www.bellunopress.it\/2021\/02\/07\/il-centro-sportivo-dellesercito-vince-il-memorial-arduino-costantin-nella-due-giorni-di-coppa-italia-di-biathlon-in-val-di-zoldo\/","url":"https:\/\/www.bellunopress.it\/2021\/02\/07\/il-centro-sportivo-dellesercito-vince-il-memorial-arduino-costantin-nella-due-giorni-di-coppa-italia-di-biathlon-in-val-di-zoldo\/","name":"Il Centro sportivo dell'Esercito vince il Memorial \"Arduino Costantin\" nella due giorni di Coppa Italia di biathlon in Val di Zoldo - Bellunopress - Dolomiti","isPartOf":{"@id":"https:\/\/www.bellunopress.it\/#website"},"primaryImageOfPage":{"@id":"https:\/\/www.bellunopress.it\/2021\/02\/07\/il-centro-sportivo-dellesercito-vince-il-memorial-arduino-costantin-nella-due-giorni-di-coppa-italia-di-biathlon-in-val-di-zoldo\/#primaryimage"},"image":{"@id":"https:\/\/www.bellunopress.it\/2021\/02\/07\/il-centro-sportivo-dellesercito-vince-il-memorial-arduino-costantin-nella-due-giorni-di-coppa-italia-di-biathlon-in-val-di-zoldo\/#primaryimage"},"thumbnailUrl":"https:\/\/www.bellunopress.it\/wp-content\/uploads\/2021\/02\/biathlon-zoldo-esercito-vince-il-memorial-arduino-costantin-7-feb-2021_edited.jpg","datePublished":"2021-02-07T17:14:34+00:00","dateModified":"2021-02-07T17:14:37+00:00","breadcrumb":{"@id":"https:\/\/www.bellunopress.it\/2021\/02\/07\/il-centro-sportivo-dellesercito-vince-il-memorial-arduino-costantin-nella-due-giorni-di-coppa-italia-di-biathlon-in-val-di-zoldo\/#breadcrumb"},"inLanguage":"fr-FR","potentialAction":[{"@type":"ReadAction","target":["https:\/\/www.bellunopress.it\/2021\/02\/07\/il-centro-sportivo-dellesercito-vince-il-memorial-arduino-costantin-nella-due-giorni-di-coppa-italia-di-biathlon-in-val-di-zoldo\/"]}]},{"@type":"ImageObject","inLanguage":"fr-FR","@id":"https:\/\/www.bellunopress.it\/2021\/02\/07\/il-centro-sportivo-dellesercito-vince-il-memorial-arduino-costantin-nella-due-giorni-di-coppa-italia-di-biathlon-in-val-di-zoldo\/#primaryimage","url":"https:\/\/www.bellunopress.it\/wp-content\/uploads\/2021\/02\/biathlon-zoldo-esercito-vince-il-memorial-arduino-costantin-7-feb-2021_edited.jpg","contentUrl":"https:\/\/www.bellunopress.it\/wp-content\/uploads\/2021\/02\/biathlon-zoldo-esercito-vince-il-memorial-arduino-costantin-7-feb-2021_edited.jpg","width":1000,"height":667},{"@type":"BreadcrumbList","@id":"https:\/\/www.bellunopress.it\/2021\/02\/07\/il-centro-sportivo-dellesercito-vince-il-memorial-arduino-costantin-nella-due-giorni-di-coppa-italia-di-biathlon-in-val-di-zoldo\/#breadcrumb","itemListElement":[{"@type":"ListItem","position":1,"name":"Home","item":"https:\/\/www.bellunopress.it\/"},{"@type":"ListItem","position":2,"name":"Il Centro sportivo dell&#8217;Esercito vince il Memorial &#8220;Arduino Costantin&#8221; nella due giorni di Coppa Italia di biathlon in Val di Zoldo"}]},{"@type":"WebSite","@id":"https:\/\/www.bellunopress.it\/#website","url":"https:\/\/www.bellunopress.it\/","name":"Bellunopress - Dolomiti","description":"e-mail: redazione@bellunopress.it","publisher":{"@id":"https:\/\/www.bellunopress.it\/#organization"},"potentialAction":[{"@type":"SearchAction","target":{"@type":"EntryPoint","urlTemplate":"https:\/\/www.bellunopress.it\/?s={search_term_string}"},"query-input":{"@type":"PropertyValueSpecification","valueRequired":true,"valueName":"search_term_string"}}],"inLanguage":"fr-FR"},{"@type":"Organization","@id":"https:\/\/www.bellunopress.it\/#organization","name":"Bellunopress","url":"https:\/\/www.bellunopress.it\/","logo":{"@type":"ImageObject","inLanguage":"fr-FR","@id":"https:\/\/www.bellunopress.it\/#\/schema\/logo\/image\/","url":"https:\/\/www.bellunopress.it\/wp-content\/uploads\/2011\/05\/cropped-logo-bellunopress-.jpg","contentUrl":"https:\/\/www.bellunopress.it\/wp-content\/uploads\/2011\/05\/cropped-logo-bellunopress-.jpg","width":512,"height":512,"caption":"Bellunopress"},"image":{"@id":"https:\/\/www.bellunopress.it\/#\/schema\/logo\/image\/"},"sameAs":["https:\/\/www.facebook.com\/profile.php?id=100008943462799","https:\/\/x.com\/bellunopress","https:\/\/www.linkedin.com\/hp\/?dnr=JBzUWaJfMUw8vbXJJ2tVW5-I3jZKvC4wsoxE&amp;amp;amp;amp;amp;amp;trk=nav_responsive_tab_home","https:\/\/www.youtube.com\/channel\/UCxL0wu1uN0_3_7hGG0306cw"]},{"@type":"Person","@id":"https:\/\/www.bellunopress.it\/#\/schema\/person\/79bb06722b37ece1c03d3e94beb30d73","name":"r\u00e9daction","image":{"@type":"ImageObject","inLanguage":"fr-FR","@id":"https:\/\/secure.gravatar.com\/avatar\/37d968a2e67a6fd04c169c4bdef102d0bc5d31b2546345219e348575eb80e9a0?s=96&d=mm&r=g","url":"https:\/\/secure.gravatar.com\/avatar\/37d968a2e67a6fd04c169c4bdef102d0bc5d31b2546345219e348575eb80e9a0?s=96&d=mm&r=g","contentUrl":"https:\/\/secure.gravatar.com\/avatar\/37d968a2e67a6fd04c169c4bdef102d0bc5d31b2546345219e348575eb80e9a0?s=96&d=mm&r=g","caption":"redazione"},"sameAs":["http:\/\/www.bellunopress.it","https:\/\/x.com\/bellunopress"],"url":"https:\/\/www.bellunopress.it\/fr\/author\/redazione\/"}]}},"_links":{"self":[{"href":"https:\/\/www.bellunopress.it\/fr\/wp-json\/wp\/v2\/posts\/121502","targetHints":{"allow":["GET"]}}],"collection":[{"href":"https:\/\/www.bellunopress.it\/fr\/wp-json\/wp\/v2\/posts"}],"about":[{"href":"https:\/\/www.bellunopress.it\/fr\/wp-json\/wp\/v2\/types\/post"}],"author":[{"embeddable":true,"href":"https:\/\/www.bellunopress.it\/fr\/wp-json\/wp\/v2\/users\/2"}],"replies":[{"embeddable":true,"href":"https:\/\/www.bellunopress.it\/fr\/wp-json\/wp\/v2\/comments?post=121502"}],"version-history":[{"count":2,"href":"https:\/\/www.bellunopress.it\/fr\/wp-json\/wp\/v2\/posts\/121502\/revisions"}],"predecessor-version":[{"id":121505,"href":"https:\/\/www.bellunopress.it\/fr\/wp-json\/wp\/v2\/posts\/121502\/revisions\/121505"}],"wp:featuredmedia":[{"embeddable":true,"href":"https:\/\/www.bellunopress.it\/fr\/wp-json\/wp\/v2\/media\/121503"}],"wp:attachment":[{"href":"https:\/\/www.bellunopress.it\/fr\/wp-json\/wp\/v2\/media?parent=121502"}],"wp:term":[{"taxonomy":"category","embeddable":true,"href":"https:\/\/www.bellunopress.it\/fr\/wp-json\/wp\/v2\/categories?post=121502"},{"taxonomy":"post_tag","embeddable":true,"href":"https:\/\/www.bellunopress.it\/fr\/wp-json\/wp\/v2\/tags?post=121502"}],"curies":[{"name":"wp","href":"https:\/\/api.w.org\/{rel}","templated":true}]}}