{"id":121433,"date":"2021-02-04T13:53:19","date_gmt":"2021-02-04T12:53:19","guid":{"rendered":"http:\/\/www.bellunopress.it\/?p=121433"},"modified":"2021-02-04T13:53:19","modified_gmt":"2021-02-04T12:53:19","slug":"linea-elettrica-auronzo-cortina-disse-motawi-impossibile-interrare-fatemi-voi-il-progetto","status":"publish","type":"post","link":"https:\/\/www.bellunopress.it\/fr\/2021\/02\/04\/linea-elettrica-auronzo-cortina-disse-motawi-impossibile-interrare-fatemi-voi-il-progetto\/","title":{"rendered":"Linea elettrica Auronzo-Cortina. Disse Motawi: impossibile interrare, fatemi voi il progetto"},"content":{"rendered":"<figure id=\"attachment_117665\" aria-describedby=\"caption-attachment-117665\" style=\"width: 622px\" class=\"wp-caption alignleft\"><a href=\"http:\/\/www.bellunopress.it\/fr\/2020\/09\/17\/treni-conegliano-vittorio-veneto-belluno-vivaio-dolomiti-lelettrificazione-fa-aumentare-i-tempi-di-percorrenza\/gianni-pastella-vivaio-dolomiti_edited\/\" rel=\"attachment wp-att-117665\"><img loading=\"lazy\" decoding=\"async\" class=\"size-full wp-image-117665\" src=\"http:\/\/www.bellunopress.it\/wp-content\/uploads\/2020\/09\/Gianni-Pastella-Vivaio-Dolomiti_edited.jpg\" alt=\"\" width=\"622\" height=\"800\" srcset=\"https:\/\/www.bellunopress.it\/wp-content\/uploads\/2020\/09\/Gianni-Pastella-Vivaio-Dolomiti_edited.jpg 622w, https:\/\/www.bellunopress.it\/wp-content\/uploads\/2020\/09\/Gianni-Pastella-Vivaio-Dolomiti_edited-389x500.jpg 389w, https:\/\/www.bellunopress.it\/wp-content\/uploads\/2020\/09\/Gianni-Pastella-Vivaio-Dolomiti_edited-327x420.jpg 327w\" sizes=\"auto, (max-width: 622px) 100vw, 622px\" \/><\/a><figcaption id=\"caption-attachment-117665\" class=\"wp-caption-text\">Gianni Pastella<\/figcaption><\/figure>\n<p>Un paio di anni fa ci trovammo con Adel Motawi, dirigente di Terna, al caff\u00e8 Manin di Belluno. E alla nostra richiesta d&#8217;interrare la linea elettrica Auronzo-Cortina, ci mise un foglio bianco davanti e per sfida disse: &#8220;Progettatemi voi il tracciato&#8221;. Era una provocazione, alla quale replicammo &#8220;Non siamo in grado ovviamente, per\u00f2 dovrebbe interrare tutto lungo il passo Tre croci&#8221;. La sua risposta fu: &#8220;Impossibile&#8221;!<\/p>\n<p>Lo ricorda oggi, a linea completamente interrata Auronzo-Cortina di Terna, Gianni Pastella presidente dell&#8217;Associazione Vivaio Dolomiti.<\/p>\n<p>Da quel momento &#8211; prosegue Pastella &#8211; sono iniziate le concertazioni pubbliche e in un anno e mezzo \u00e8 stato risolto il problema. Testimonianza che dove si lavora in sinergia e le amministrazioni comunali sono di qualit\u00e0 i risultati si ottengono velocemente.<br \/>\nBrava Terna, siamo felici di aver fatto scoprire un mondo nuovo, al nostro carissimo amico Motawi. Dispiace che per la media valle del Piave si sia dimenticato di coinvolgerci, la sinergia con noi si \u00e8 sempre dimostrata vincente e la linea Auronzo-Cortina lo dimostra. Peccato non poter dire altrettanto di altre alleanze fatte da Terna nel territorio.<br \/>\nNoi siamo il porta fortuna di Terna per il Bellunese, quindi ci auguriamo un coinvolgimento molto presto.<br \/>\nGrazie &#8211; conclude Pastella &#8211; complimenti anche per aver accettato il nostro umile suggerimento.<\/p>","protected":false},"excerpt":{"rendered":"<p>Un paio di anni fa ci trovammo con Adel Motawi, dirigente di Terna, al caff\u00e8 Manin di Belluno. E alla nostra richiesta d&#8217;interrare la linea elettrica Auronzo-Cortina, ci mise un foglio bianco davanti e per sfida disse: &#8220;Progettatemi voi il tracciato&#8221;. Era una provocazione, alla quale replicammo &#8220;Non siamo in grado ovviamente, per\u00f2 dovrebbe interrare [&hellip;]<\/p>\n","protected":false},"author":2,"featured_media":117665,"comment_status":"closed","ping_status":"open","sticky":false,"template":"","format":"standard","meta":{"footnotes":""},"categories":[26,8],"tags":[],"class_list":["post-121433","post","type-post","status-publish","format-standard","has-post-thumbnail","category-prima-pagina","category-societa-istituzioni"],"yoast_head":"<!-- This site is optimized with the Yoast SEO plugin v28.4 - https:\/\/yoast.com\/product\/yoast-seo-wordpress\/ -->\n<title>Linea elettrica Auronzo-Cortina. Disse Motawi: impossibile interrare, fatemi voi il progetto - Bellunopress - Dolomiti<\/title>\n<meta name=\"robots\" content=\"index, follow, max-snippet:-1, max-image-preview:large, max-video-preview:-1\" \/>\n<link rel=\"canonical\" href=\"https:\/\/www.bellunopress.it\/fr\/2021\/02\/04\/linea-elettrica-auronzo-cortina-disse-motawi-impossibile-interrare-fatemi-voi-il-progetto\/\" \/>\n<meta property=\"og:locale\" content=\"fr_FR\" \/>\n<meta property=\"og:type\" content=\"article\" \/>\n<meta property=\"og:title\" content=\"Linea elettrica Auronzo-Cortina. Disse Motawi: impossibile interrare, fatemi voi il progetto - Bellunopress - Dolomiti\" \/>\n<meta property=\"og:description\" content=\"Un paio di anni fa ci trovammo con Adel Motawi, dirigente di Terna, al caff\u00e8 Manin di Belluno. E alla nostra richiesta d&#8217;interrare la linea elettrica Auronzo-Cortina, ci mise un foglio bianco davanti e per sfida disse: &#8220;Progettatemi voi il tracciato&#8221;. Era una provocazione, alla quale replicammo &#8220;Non siamo in grado ovviamente, per\u00f2 dovrebbe interrare [&hellip;]\" \/>\n<meta property=\"og:url\" content=\"https:\/\/www.bellunopress.it\/fr\/2021\/02\/04\/linea-elettrica-auronzo-cortina-disse-motawi-impossibile-interrare-fatemi-voi-il-progetto\/\" \/>\n<meta property=\"og:site_name\" content=\"Bellunopress - Dolomiti\" \/>\n<meta property=\"article:publisher\" content=\"https:\/\/www.facebook.com\/profile.php?id=100008943462799\" \/>\n<meta property=\"article:published_time\" content=\"2021-02-04T12:53:19+00:00\" \/>\n<meta property=\"og:image\" content=\"https:\/\/www.bellunopress.it\/wp-content\/uploads\/2020\/09\/Gianni-Pastella-Vivaio-Dolomiti_edited.jpg\" \/>\n\t<meta property=\"og:image:width\" content=\"622\" \/>\n\t<meta property=\"og:image:height\" content=\"800\" \/>\n\t<meta property=\"og:image:type\" content=\"image\/jpeg\" \/>\n<meta name=\"author\" content=\"redazione\" \/>\n<meta name=\"twitter:card\" content=\"summary_large_image\" \/>\n<meta name=\"twitter:creator\" content=\"@bellunopress\" \/>\n<meta name=\"twitter:site\" content=\"@bellunopress\" \/>\n<meta name=\"twitter:label1\" content=\"\u00c9crit par\" \/>\n\t<meta name=\"twitter:data1\" content=\"redazione\" \/>\n\t<meta name=\"twitter:label2\" content=\"Dur\u00e9e de lecture estim\u00e9e\" \/>\n\t<meta name=\"twitter:data2\" content=\"1 minute\" \/>\n<script type=\"application\/ld+json\" class=\"yoast-schema-graph\">{\"@context\":\"https:\\\/\\\/schema.org\",\"@graph\":[{\"@type\":\"Article\",\"@id\":\"https:\\\/\\\/www.bellunopress.it\\\/2021\\\/02\\\/04\\\/linea-elettrica-auronzo-cortina-disse-motawi-impossibile-interrare-fatemi-voi-il-progetto\\\/#article\",\"isPartOf\":{\"@id\":\"https:\\\/\\\/www.bellunopress.it\\\/2021\\\/02\\\/04\\\/linea-elettrica-auronzo-cortina-disse-motawi-impossibile-interrare-fatemi-voi-il-progetto\\\/\"},\"author\":{\"name\":\"redazione\",\"@id\":\"https:\\\/\\\/www.bellunopress.it\\\/#\\\/schema\\\/person\\\/79bb06722b37ece1c03d3e94beb30d73\"},\"headline\":\"Linea elettrica Auronzo-Cortina. Disse Motawi: impossibile interrare, fatemi voi il progetto\",\"datePublished\":\"2021-02-04T12:53:19+00:00\",\"mainEntityOfPage\":{\"@id\":\"https:\\\/\\\/www.bellunopress.it\\\/2021\\\/02\\\/04\\\/linea-elettrica-auronzo-cortina-disse-motawi-impossibile-interrare-fatemi-voi-il-progetto\\\/\"},\"wordCount\":232,\"publisher\":{\"@id\":\"https:\\\/\\\/www.bellunopress.it\\\/#organization\"},\"image\":{\"@id\":\"https:\\\/\\\/www.bellunopress.it\\\/2021\\\/02\\\/04\\\/linea-elettrica-auronzo-cortina-disse-motawi-impossibile-interrare-fatemi-voi-il-progetto\\\/#primaryimage\"},\"thumbnailUrl\":\"https:\\\/\\\/www.bellunopress.it\\\/wp-content\\\/uploads\\\/2020\\\/09\\\/Gianni-Pastella-Vivaio-Dolomiti_edited.jpg\",\"articleSection\":[\"Prima Pagina\",\"Societ\u00e0, Associazioni, Istituzioni\"],\"inLanguage\":\"fr-FR\"},{\"@type\":\"WebPage\",\"@id\":\"https:\\\/\\\/www.bellunopress.it\\\/2021\\\/02\\\/04\\\/linea-elettrica-auronzo-cortina-disse-motawi-impossibile-interrare-fatemi-voi-il-progetto\\\/\",\"url\":\"https:\\\/\\\/www.bellunopress.it\\\/2021\\\/02\\\/04\\\/linea-elettrica-auronzo-cortina-disse-motawi-impossibile-interrare-fatemi-voi-il-progetto\\\/\",\"name\":\"Linea elettrica Auronzo-Cortina. Disse Motawi: impossibile interrare, fatemi voi il progetto - Bellunopress - Dolomiti\",\"isPartOf\":{\"@id\":\"https:\\\/\\\/www.bellunopress.it\\\/#website\"},\"primaryImageOfPage\":{\"@id\":\"https:\\\/\\\/www.bellunopress.it\\\/2021\\\/02\\\/04\\\/linea-elettrica-auronzo-cortina-disse-motawi-impossibile-interrare-fatemi-voi-il-progetto\\\/#primaryimage\"},\"image\":{\"@id\":\"https:\\\/\\\/www.bellunopress.it\\\/2021\\\/02\\\/04\\\/linea-elettrica-auronzo-cortina-disse-motawi-impossibile-interrare-fatemi-voi-il-progetto\\\/#primaryimage\"},\"thumbnailUrl\":\"https:\\\/\\\/www.bellunopress.it\\\/wp-content\\\/uploads\\\/2020\\\/09\\\/Gianni-Pastella-Vivaio-Dolomiti_edited.jpg\",\"datePublished\":\"2021-02-04T12:53:19+00:00\",\"breadcrumb\":{\"@id\":\"https:\\\/\\\/www.bellunopress.it\\\/2021\\\/02\\\/04\\\/linea-elettrica-auronzo-cortina-disse-motawi-impossibile-interrare-fatemi-voi-il-progetto\\\/#breadcrumb\"},\"inLanguage\":\"fr-FR\",\"potentialAction\":[{\"@type\":\"ReadAction\",\"target\":[\"https:\\\/\\\/www.bellunopress.it\\\/2021\\\/02\\\/04\\\/linea-elettrica-auronzo-cortina-disse-motawi-impossibile-interrare-fatemi-voi-il-progetto\\\/\"]}]},{\"@type\":\"ImageObject\",\"inLanguage\":\"fr-FR\",\"@id\":\"https:\\\/\\\/www.bellunopress.it\\\/2021\\\/02\\\/04\\\/linea-elettrica-auronzo-cortina-disse-motawi-impossibile-interrare-fatemi-voi-il-progetto\\\/#primaryimage\",\"url\":\"https:\\\/\\\/www.bellunopress.it\\\/wp-content\\\/uploads\\\/2020\\\/09\\\/Gianni-Pastella-Vivaio-Dolomiti_edited.jpg\",\"contentUrl\":\"https:\\\/\\\/www.bellunopress.it\\\/wp-content\\\/uploads\\\/2020\\\/09\\\/Gianni-Pastella-Vivaio-Dolomiti_edited.jpg\",\"width\":622,\"height\":800,\"caption\":\"Gianni Pastella - Presidente Associazione Vivaio Dolomiti\"},{\"@type\":\"BreadcrumbList\",\"@id\":\"https:\\\/\\\/www.bellunopress.it\\\/2021\\\/02\\\/04\\\/linea-elettrica-auronzo-cortina-disse-motawi-impossibile-interrare-fatemi-voi-il-progetto\\\/#breadcrumb\",\"itemListElement\":[{\"@type\":\"ListItem\",\"position\":1,\"name\":\"Home\",\"item\":\"https:\\\/\\\/www.bellunopress.it\\\/\"},{\"@type\":\"ListItem\",\"position\":2,\"name\":\"Linea elettrica Auronzo-Cortina. Disse Motawi: impossibile interrare, fatemi voi il progetto\"}]},{\"@type\":\"WebSite\",\"@id\":\"https:\\\/\\\/www.bellunopress.it\\\/#website\",\"url\":\"https:\\\/\\\/www.bellunopress.it\\\/\",\"name\":\"Bellunopress - Dolomiti\",\"description\":\"e-mail: redazione@bellunopress.it\",\"publisher\":{\"@id\":\"https:\\\/\\\/www.bellunopress.it\\\/#organization\"},\"potentialAction\":[{\"@type\":\"SearchAction\",\"target\":{\"@type\":\"EntryPoint\",\"urlTemplate\":\"https:\\\/\\\/www.bellunopress.it\\\/?s={search_term_string}\"},\"query-input\":{\"@type\":\"PropertyValueSpecification\",\"valueRequired\":true,\"valueName\":\"search_term_string\"}}],\"inLanguage\":\"fr-FR\"},{\"@type\":\"Organization\",\"@id\":\"https:\\\/\\\/www.bellunopress.it\\\/#organization\",\"name\":\"Bellunopress\",\"url\":\"https:\\\/\\\/www.bellunopress.it\\\/\",\"logo\":{\"@type\":\"ImageObject\",\"inLanguage\":\"fr-FR\",\"@id\":\"https:\\\/\\\/www.bellunopress.it\\\/#\\\/schema\\\/logo\\\/image\\\/\",\"url\":\"https:\\\/\\\/www.bellunopress.it\\\/wp-content\\\/uploads\\\/2011\\\/05\\\/cropped-logo-bellunopress-.jpg\",\"contentUrl\":\"https:\\\/\\\/www.bellunopress.it\\\/wp-content\\\/uploads\\\/2011\\\/05\\\/cropped-logo-bellunopress-.jpg\",\"width\":512,\"height\":512,\"caption\":\"Bellunopress\"},\"image\":{\"@id\":\"https:\\\/\\\/www.bellunopress.it\\\/#\\\/schema\\\/logo\\\/image\\\/\"},\"sameAs\":[\"https:\\\/\\\/www.facebook.com\\\/profile.php?id=100008943462799\",\"https:\\\/\\\/x.com\\\/bellunopress\",\"https:\\\/\\\/www.linkedin.com\\\/hp\\\/?dnr=JBzUWaJfMUw8vbXJJ2tVW5-I3jZKvC4wsoxE&amp;amp;amp;amp;amp;amp;trk=nav_responsive_tab_home\",\"https:\\\/\\\/www.youtube.com\\\/channel\\\/UCxL0wu1uN0_3_7hGG0306cw\"]},{\"@type\":\"Person\",\"@id\":\"https:\\\/\\\/www.bellunopress.it\\\/#\\\/schema\\\/person\\\/79bb06722b37ece1c03d3e94beb30d73\",\"name\":\"redazione\",\"image\":{\"@type\":\"ImageObject\",\"inLanguage\":\"fr-FR\",\"@id\":\"https:\\\/\\\/secure.gravatar.com\\\/avatar\\\/37d968a2e67a6fd04c169c4bdef102d0bc5d31b2546345219e348575eb80e9a0?s=96&d=mm&r=g\",\"url\":\"https:\\\/\\\/secure.gravatar.com\\\/avatar\\\/37d968a2e67a6fd04c169c4bdef102d0bc5d31b2546345219e348575eb80e9a0?s=96&d=mm&r=g\",\"contentUrl\":\"https:\\\/\\\/secure.gravatar.com\\\/avatar\\\/37d968a2e67a6fd04c169c4bdef102d0bc5d31b2546345219e348575eb80e9a0?s=96&d=mm&r=g\",\"caption\":\"redazione\"},\"sameAs\":[\"http:\\\/\\\/www.bellunopress.it\",\"https:\\\/\\\/x.com\\\/bellunopress\"],\"url\":\"https:\\\/\\\/www.bellunopress.it\\\/fr\\\/author\\\/redazione\\\/\"}]}<\/script>\n<!-- \/ Yoast SEO plugin. -->","yoast_head_json":{"title":"Linea elettrica Auronzo-Cortina. Disse Motawi: impossibile interrare, fatemi voi il progetto - Bellunopress - Dolomiti","robots":{"index":"index","follow":"follow","max-snippet":"max-snippet:-1","max-image-preview":"max-image-preview:large","max-video-preview":"max-video-preview:-1"},"canonical":"https:\/\/www.bellunopress.it\/fr\/2021\/02\/04\/linea-elettrica-auronzo-cortina-disse-motawi-impossibile-interrare-fatemi-voi-il-progetto\/","og_locale":"fr_FR","og_type":"article","og_title":"Linea elettrica Auronzo-Cortina. Disse Motawi: impossibile interrare, fatemi voi il progetto - Bellunopress - Dolomiti","og_description":"Un paio di anni fa ci trovammo con Adel Motawi, dirigente di Terna, al caff\u00e8 Manin di Belluno. E alla nostra richiesta d&#8217;interrare la linea elettrica Auronzo-Cortina, ci mise un foglio bianco davanti e per sfida disse: &#8220;Progettatemi voi il tracciato&#8221;. Era una provocazione, alla quale replicammo &#8220;Non siamo in grado ovviamente, per\u00f2 dovrebbe interrare [&hellip;]","og_url":"https:\/\/www.bellunopress.it\/fr\/2021\/02\/04\/linea-elettrica-auronzo-cortina-disse-motawi-impossibile-interrare-fatemi-voi-il-progetto\/","og_site_name":"Bellunopress - Dolomiti","article_publisher":"https:\/\/www.facebook.com\/profile.php?id=100008943462799","article_published_time":"2021-02-04T12:53:19+00:00","og_image":[{"width":622,"height":800,"url":"https:\/\/www.bellunopress.it\/wp-content\/uploads\/2020\/09\/Gianni-Pastella-Vivaio-Dolomiti_edited.jpg","type":"image\/jpeg"}],"author":"redazione","twitter_card":"summary_large_image","twitter_creator":"@bellunopress","twitter_site":"@bellunopress","twitter_misc":{"\u00c9crit par":"redazione","Dur\u00e9e de lecture estim\u00e9e":"1 minute"},"schema":{"@context":"https:\/\/schema.org","@graph":[{"@type":"Article","@id":"https:\/\/www.bellunopress.it\/2021\/02\/04\/linea-elettrica-auronzo-cortina-disse-motawi-impossibile-interrare-fatemi-voi-il-progetto\/#article","isPartOf":{"@id":"https:\/\/www.bellunopress.it\/2021\/02\/04\/linea-elettrica-auronzo-cortina-disse-motawi-impossibile-interrare-fatemi-voi-il-progetto\/"},"author":{"name":"redazione","@id":"https:\/\/www.bellunopress.it\/#\/schema\/person\/79bb06722b37ece1c03d3e94beb30d73"},"headline":"Linea elettrica Auronzo-Cortina. Disse Motawi: impossibile interrare, fatemi voi il progetto","datePublished":"2021-02-04T12:53:19+00:00","mainEntityOfPage":{"@id":"https:\/\/www.bellunopress.it\/2021\/02\/04\/linea-elettrica-auronzo-cortina-disse-motawi-impossibile-interrare-fatemi-voi-il-progetto\/"},"wordCount":232,"publisher":{"@id":"https:\/\/www.bellunopress.it\/#organization"},"image":{"@id":"https:\/\/www.bellunopress.it\/2021\/02\/04\/linea-elettrica-auronzo-cortina-disse-motawi-impossibile-interrare-fatemi-voi-il-progetto\/#primaryimage"},"thumbnailUrl":"https:\/\/www.bellunopress.it\/wp-content\/uploads\/2020\/09\/Gianni-Pastella-Vivaio-Dolomiti_edited.jpg","articleSection":["Prima Pagina","Societ\u00e0, Associazioni, Istituzioni"],"inLanguage":"fr-FR"},{"@type":"WebPage","@id":"https:\/\/www.bellunopress.it\/2021\/02\/04\/linea-elettrica-auronzo-cortina-disse-motawi-impossibile-interrare-fatemi-voi-il-progetto\/","url":"https:\/\/www.bellunopress.it\/2021\/02\/04\/linea-elettrica-auronzo-cortina-disse-motawi-impossibile-interrare-fatemi-voi-il-progetto\/","name":"Linea elettrica Auronzo-Cortina. Disse Motawi: impossibile interrare, fatemi voi il progetto - Bellunopress - Dolomiti","isPartOf":{"@id":"https:\/\/www.bellunopress.it\/#website"},"primaryImageOfPage":{"@id":"https:\/\/www.bellunopress.it\/2021\/02\/04\/linea-elettrica-auronzo-cortina-disse-motawi-impossibile-interrare-fatemi-voi-il-progetto\/#primaryimage"},"image":{"@id":"https:\/\/www.bellunopress.it\/2021\/02\/04\/linea-elettrica-auronzo-cortina-disse-motawi-impossibile-interrare-fatemi-voi-il-progetto\/#primaryimage"},"thumbnailUrl":"https:\/\/www.bellunopress.it\/wp-content\/uploads\/2020\/09\/Gianni-Pastella-Vivaio-Dolomiti_edited.jpg","datePublished":"2021-02-04T12:53:19+00:00","breadcrumb":{"@id":"https:\/\/www.bellunopress.it\/2021\/02\/04\/linea-elettrica-auronzo-cortina-disse-motawi-impossibile-interrare-fatemi-voi-il-progetto\/#breadcrumb"},"inLanguage":"fr-FR","potentialAction":[{"@type":"ReadAction","target":["https:\/\/www.bellunopress.it\/2021\/02\/04\/linea-elettrica-auronzo-cortina-disse-motawi-impossibile-interrare-fatemi-voi-il-progetto\/"]}]},{"@type":"ImageObject","inLanguage":"fr-FR","@id":"https:\/\/www.bellunopress.it\/2021\/02\/04\/linea-elettrica-auronzo-cortina-disse-motawi-impossibile-interrare-fatemi-voi-il-progetto\/#primaryimage","url":"https:\/\/www.bellunopress.it\/wp-content\/uploads\/2020\/09\/Gianni-Pastella-Vivaio-Dolomiti_edited.jpg","contentUrl":"https:\/\/www.bellunopress.it\/wp-content\/uploads\/2020\/09\/Gianni-Pastella-Vivaio-Dolomiti_edited.jpg","width":622,"height":800,"caption":"Gianni Pastella - Presidente Associazione Vivaio Dolomiti"},{"@type":"BreadcrumbList","@id":"https:\/\/www.bellunopress.it\/2021\/02\/04\/linea-elettrica-auronzo-cortina-disse-motawi-impossibile-interrare-fatemi-voi-il-progetto\/#breadcrumb","itemListElement":[{"@type":"ListItem","position":1,"name":"Home","item":"https:\/\/www.bellunopress.it\/"},{"@type":"ListItem","position":2,"name":"Linea elettrica Auronzo-Cortina. Disse Motawi: impossibile interrare, fatemi voi il progetto"}]},{"@type":"WebSite","@id":"https:\/\/www.bellunopress.it\/#website","url":"https:\/\/www.bellunopress.it\/","name":"Bellunopress - Dolomiti","description":"e-mail: redazione@bellunopress.it","publisher":{"@id":"https:\/\/www.bellunopress.it\/#organization"},"potentialAction":[{"@type":"SearchAction","target":{"@type":"EntryPoint","urlTemplate":"https:\/\/www.bellunopress.it\/?s={search_term_string}"},"query-input":{"@type":"PropertyValueSpecification","valueRequired":true,"valueName":"search_term_string"}}],"inLanguage":"fr-FR"},{"@type":"Organization","@id":"https:\/\/www.bellunopress.it\/#organization","name":"Bellunopress","url":"https:\/\/www.bellunopress.it\/","logo":{"@type":"ImageObject","inLanguage":"fr-FR","@id":"https:\/\/www.bellunopress.it\/#\/schema\/logo\/image\/","url":"https:\/\/www.bellunopress.it\/wp-content\/uploads\/2011\/05\/cropped-logo-bellunopress-.jpg","contentUrl":"https:\/\/www.bellunopress.it\/wp-content\/uploads\/2011\/05\/cropped-logo-bellunopress-.jpg","width":512,"height":512,"caption":"Bellunopress"},"image":{"@id":"https:\/\/www.bellunopress.it\/#\/schema\/logo\/image\/"},"sameAs":["https:\/\/www.facebook.com\/profile.php?id=100008943462799","https:\/\/x.com\/bellunopress","https:\/\/www.linkedin.com\/hp\/?dnr=JBzUWaJfMUw8vbXJJ2tVW5-I3jZKvC4wsoxE&amp;amp;amp;amp;amp;amp;trk=nav_responsive_tab_home","https:\/\/www.youtube.com\/channel\/UCxL0wu1uN0_3_7hGG0306cw"]},{"@type":"Person","@id":"https:\/\/www.bellunopress.it\/#\/schema\/person\/79bb06722b37ece1c03d3e94beb30d73","name":"r\u00e9daction","image":{"@type":"ImageObject","inLanguage":"fr-FR","@id":"https:\/\/secure.gravatar.com\/avatar\/37d968a2e67a6fd04c169c4bdef102d0bc5d31b2546345219e348575eb80e9a0?s=96&d=mm&r=g","url":"https:\/\/secure.gravatar.com\/avatar\/37d968a2e67a6fd04c169c4bdef102d0bc5d31b2546345219e348575eb80e9a0?s=96&d=mm&r=g","contentUrl":"https:\/\/secure.gravatar.com\/avatar\/37d968a2e67a6fd04c169c4bdef102d0bc5d31b2546345219e348575eb80e9a0?s=96&d=mm&r=g","caption":"redazione"},"sameAs":["http:\/\/www.bellunopress.it","https:\/\/x.com\/bellunopress"],"url":"https:\/\/www.bellunopress.it\/fr\/author\/redazione\/"}]}},"_links":{"self":[{"href":"https:\/\/www.bellunopress.it\/fr\/wp-json\/wp\/v2\/posts\/121433","targetHints":{"allow":["GET"]}}],"collection":[{"href":"https:\/\/www.bellunopress.it\/fr\/wp-json\/wp\/v2\/posts"}],"about":[{"href":"https:\/\/www.bellunopress.it\/fr\/wp-json\/wp\/v2\/types\/post"}],"author":[{"embeddable":true,"href":"https:\/\/www.bellunopress.it\/fr\/wp-json\/wp\/v2\/users\/2"}],"replies":[{"embeddable":true,"href":"https:\/\/www.bellunopress.it\/fr\/wp-json\/wp\/v2\/comments?post=121433"}],"version-history":[{"count":1,"href":"https:\/\/www.bellunopress.it\/fr\/wp-json\/wp\/v2\/posts\/121433\/revisions"}],"predecessor-version":[{"id":121434,"href":"https:\/\/www.bellunopress.it\/fr\/wp-json\/wp\/v2\/posts\/121433\/revisions\/121434"}],"wp:featuredmedia":[{"embeddable":true,"href":"https:\/\/www.bellunopress.it\/fr\/wp-json\/wp\/v2\/media\/117665"}],"wp:attachment":[{"href":"https:\/\/www.bellunopress.it\/fr\/wp-json\/wp\/v2\/media?parent=121433"}],"wp:term":[{"taxonomy":"category","embeddable":true,"href":"https:\/\/www.bellunopress.it\/fr\/wp-json\/wp\/v2\/categories?post=121433"},{"taxonomy":"post_tag","embeddable":true,"href":"https:\/\/www.bellunopress.it\/fr\/wp-json\/wp\/v2\/tags?post=121433"}],"curies":[{"name":"wp","href":"https:\/\/api.w.org\/{rel}","templated":true}]}}