{"id":121420,"date":"2021-02-04T11:10:52","date_gmt":"2021-02-04T10:10:52","guid":{"rendered":"http:\/\/www.bellunopress.it\/?p=121420"},"modified":"2021-02-04T11:10:52","modified_gmt":"2021-02-04T10:10:52","slug":"longarone-murazzi-e-scuola-dellinfanzia-a-lauro-al-via-il-concorso-di-progettazione","status":"publish","type":"post","link":"https:\/\/www.bellunopress.it\/fr\/2021\/02\/04\/longarone-murazzi-e-scuola-dellinfanzia-a-lauro-al-via-il-concorso-di-progettazione\/","title":{"rendered":"Longarone. Murazzi e scuola dell\u2019Infanzia \u201cA. Lauro\u201d: al via il concorso di progettazione"},"content":{"rendered":"<p><a href=\"http:\/\/www.bellunopress.it\/fr\/2021\/02\/04\/longarone-murazzi-e-scuola-dellinfanzia-a-lauro-al-via-il-concorso-di-progettazione\/default\/\" rel=\"attachment wp-att-121421\"><img loading=\"lazy\" decoding=\"async\" class=\"alignleft size-full wp-image-121421\" src=\"http:\/\/www.bellunopress.it\/wp-content\/uploads\/2021\/02\/Longarone-asilo-A_edited.jpg\" alt=\"\" width=\"1000\" height=\"667\" srcset=\"https:\/\/www.bellunopress.it\/wp-content\/uploads\/2021\/02\/Longarone-asilo-A_edited.jpg 1000w, https:\/\/www.bellunopress.it\/wp-content\/uploads\/2021\/02\/Longarone-asilo-A_edited-500x334.jpg 500w, https:\/\/www.bellunopress.it\/wp-content\/uploads\/2021\/02\/Longarone-asilo-A_edited-696x464.jpg 696w, https:\/\/www.bellunopress.it\/wp-content\/uploads\/2021\/02\/Longarone-asilo-A_edited-630x420.jpg 630w\" sizes=\"auto, (max-width: 1000px) 100vw, 1000px\" \/><\/a>Venerd\u00ec 5 febbraio 2020 sar\u00e0 pubblicato il bando per il concorso di progettazione, curato dalla Fondazione Architettura Belluno Dolomiti e promosso dal Comune di Longarone, che ha per oggetto la valorizzazione dell\u2019ambito storico dei Murazzi e la riqualificazione della scuola dell\u2019infanzia \u201cAngelina Lauro\u201d.<\/p>\n<p>L\u2019obiettivo generale dell\u2019Amministrazione \u00e8 quello di ricontestualizzare il complesso della Scuola Materna \u201cA. Lauro\u201d e dei \u201cMurazzi\u201d all\u2019interno del pi\u00f9 ampio sistema di Longarone, migliorando la fruibilit\u00e0 dell\u2019area da parte della popolazione.<\/p>\n<p>\u201cLa riqualificazione dell\u2019asilo sar\u00e0 il volano per lo sviluppo e il rilancio dell\u2019intera area trasformando i \u201cMurazzi\u201d, oggi a margine della citt\u00e0, in una cerniera con il centro del paese \u2013 afferma l\u2019assessore al patrimonio, Elena De Bona, che ha seguito in prima persona l\u2019iniziativa -. Questa azione rientra in una progettualit\u00e0 pi\u00f9 ampia che interessa l\u2019intero territorio comunale, con lo scopo di creare un polo primario d\u2019eccellenza per l\u2019infanzia, oltre che alla valorizzazione turistica delle peculiarit\u00e0 del nostro territorio. Per questo primo importante intervento l\u2019Amministrazione ha stanziato 1.920.000 euro di fondi propri\u201d.<br \/>\n\u00c8 stato un lungo lavoro frutto di una stretta collaborazione tra la Fondazione Architettura Belluno Dolomiti, con il supporto amministrativo della Provincia di Belluno. Nei mesi scorsi, infatti, sono stati svolti numerosi studi per approfondire la conoscenza del sito e in particolare dell\u2019edificio.<\/p>\n<p>\u201cI \u201cMurazzi\u201d, imponenti muri a secco alti pi\u00f9 di 10 metri, sono scampati all\u2019onda del Vajont e rimangono a testimonianza di un glorioso passato \u2013 aggiunge il sindaco Roberto Padrin -. La scuola dell\u2019infanzia Angelina Lauro, donata all\u2019indomani del disastro dall\u2019armatore Achille Lauro, \u00e8 un elemento importante nel processo di ricostruzione non solo di Longarone, ma dell\u2019intera comunit\u00e0. La scelta di ricorrere al concorso di progettazione, in forma totalmente anonima, \u00e8 stata dettata dalla volont\u00e0 di premiare il miglior progetto, dando cos\u00ec pari possibilit\u00e0 a tutti i professionisti in particolare ai giovani talenti emergenti. Il totale dei premi ammonta a 30.000 euro\u201d.<\/p>\n<p>Il concorso a procedura aperta in due gradi prevede il primo libero e aperto a tutti i professionisti, e il secondo ristretto a cinque professionisti selezionati da una giuria di esperti. Il vincitore, oltre al premio, sar\u00e0 incaricato della progettazione definitiva ed esecutiva, del coordinamento della sicurezza e della direzione lavori.<br \/>\nI professionisti che intendono partecipare al concorso devono inviare, in forma anonima attraverso la piattaforma telematica, le loro proposte entro il 19 marzo 2021. Il 1\u00b0 aprile 2021 la commissione giudicatrice pubblicher\u00e0 i codici dei cinque professionisti che saranno ammessi alla seconda fase, per la quale sono previsti altri due mesi per perfezionare i progetti. Il 18 giugno 2021 si sapr\u00e0 chi avr\u00e0 vinto ed entro la fine del 2021 \u00e8 prevista l\u2019inaugurazione della mostra dei progetti.<\/p>","protected":false},"excerpt":{"rendered":"<p>Venerd\u00ec 5 febbraio 2020 sar\u00e0 pubblicato il bando per il concorso di progettazione, curato dalla Fondazione Architettura Belluno Dolomiti e promosso dal Comune di Longarone, che ha per oggetto la valorizzazione dell\u2019ambito storico dei Murazzi e la riqualificazione della scuola dell\u2019infanzia \u201cAngelina Lauro\u201d. L\u2019obiettivo generale dell\u2019Amministrazione \u00e8 quello di ricontestualizzare il complesso della Scuola Materna [&hellip;]<\/p>\n","protected":false},"author":2,"featured_media":121421,"comment_status":"closed","ping_status":"open","sticky":false,"template":"","format":"standard","meta":{"footnotes":""},"categories":[8],"tags":[],"class_list":["post-121420","post","type-post","status-publish","format-standard","has-post-thumbnail","category-societa-istituzioni"],"yoast_head":"<!-- This site is optimized with the Yoast SEO plugin v28.4 - https:\/\/yoast.com\/product\/yoast-seo-wordpress\/ -->\n<title>Longarone. Murazzi e scuola dell\u2019Infanzia \u201cA. Lauro\u201d: al via il concorso di progettazione - Bellunopress - Dolomiti<\/title>\n<meta name=\"robots\" content=\"index, follow, max-snippet:-1, max-image-preview:large, max-video-preview:-1\" \/>\n<link rel=\"canonical\" href=\"https:\/\/www.bellunopress.it\/fr\/2021\/02\/04\/longarone-murazzi-e-scuola-dellinfanzia-a-lauro-al-via-il-concorso-di-progettazione\/\" \/>\n<meta property=\"og:locale\" content=\"fr_FR\" \/>\n<meta property=\"og:type\" content=\"article\" \/>\n<meta property=\"og:title\" content=\"Longarone. Murazzi e scuola dell\u2019Infanzia \u201cA. Lauro\u201d: al via il concorso di progettazione - Bellunopress - Dolomiti\" \/>\n<meta property=\"og:description\" content=\"Venerd\u00ec 5 febbraio 2020 sar\u00e0 pubblicato il bando per il concorso di progettazione, curato dalla Fondazione Architettura Belluno Dolomiti e promosso dal Comune di Longarone, che ha per oggetto la valorizzazione dell\u2019ambito storico dei Murazzi e la riqualificazione della scuola dell\u2019infanzia \u201cAngelina Lauro\u201d. L\u2019obiettivo generale dell\u2019Amministrazione \u00e8 quello di ricontestualizzare il complesso della Scuola Materna [&hellip;]\" \/>\n<meta property=\"og:url\" content=\"https:\/\/www.bellunopress.it\/fr\/2021\/02\/04\/longarone-murazzi-e-scuola-dellinfanzia-a-lauro-al-via-il-concorso-di-progettazione\/\" \/>\n<meta property=\"og:site_name\" content=\"Bellunopress - Dolomiti\" \/>\n<meta property=\"article:publisher\" content=\"https:\/\/www.facebook.com\/profile.php?id=100008943462799\" \/>\n<meta property=\"article:published_time\" content=\"2021-02-04T10:10:52+00:00\" \/>\n<meta property=\"og:image\" content=\"https:\/\/www.bellunopress.it\/wp-content\/uploads\/2021\/02\/Longarone-asilo-A_edited.jpg\" \/>\n\t<meta property=\"og:image:width\" content=\"1000\" \/>\n\t<meta property=\"og:image:height\" content=\"667\" \/>\n\t<meta property=\"og:image:type\" content=\"image\/jpeg\" \/>\n<meta name=\"author\" content=\"redazione\" \/>\n<meta name=\"twitter:card\" content=\"summary_large_image\" \/>\n<meta name=\"twitter:creator\" content=\"@bellunopress\" \/>\n<meta name=\"twitter:site\" content=\"@bellunopress\" \/>\n<meta name=\"twitter:label1\" content=\"\u00c9crit par\" \/>\n\t<meta name=\"twitter:data1\" content=\"redazione\" \/>\n\t<meta name=\"twitter:label2\" content=\"Dur\u00e9e de lecture estim\u00e9e\" \/>\n\t<meta name=\"twitter:data2\" content=\"2 minutes\" \/>\n<script type=\"application\/ld+json\" class=\"yoast-schema-graph\">{\"@context\":\"https:\\\/\\\/schema.org\",\"@graph\":[{\"@type\":\"Article\",\"@id\":\"https:\\\/\\\/www.bellunopress.it\\\/2021\\\/02\\\/04\\\/longarone-murazzi-e-scuola-dellinfanzia-a-lauro-al-via-il-concorso-di-progettazione\\\/#article\",\"isPartOf\":{\"@id\":\"https:\\\/\\\/www.bellunopress.it\\\/2021\\\/02\\\/04\\\/longarone-murazzi-e-scuola-dellinfanzia-a-lauro-al-via-il-concorso-di-progettazione\\\/\"},\"author\":{\"name\":\"redazione\",\"@id\":\"https:\\\/\\\/www.bellunopress.it\\\/#\\\/schema\\\/person\\\/79bb06722b37ece1c03d3e94beb30d73\"},\"headline\":\"Longarone. Murazzi e scuola dell\u2019Infanzia \u201cA. Lauro\u201d: al via il concorso di progettazione\",\"datePublished\":\"2021-02-04T10:10:52+00:00\",\"mainEntityOfPage\":{\"@id\":\"https:\\\/\\\/www.bellunopress.it\\\/2021\\\/02\\\/04\\\/longarone-murazzi-e-scuola-dellinfanzia-a-lauro-al-via-il-concorso-di-progettazione\\\/\"},\"wordCount\":457,\"publisher\":{\"@id\":\"https:\\\/\\\/www.bellunopress.it\\\/#organization\"},\"image\":{\"@id\":\"https:\\\/\\\/www.bellunopress.it\\\/2021\\\/02\\\/04\\\/longarone-murazzi-e-scuola-dellinfanzia-a-lauro-al-via-il-concorso-di-progettazione\\\/#primaryimage\"},\"thumbnailUrl\":\"https:\\\/\\\/www.bellunopress.it\\\/wp-content\\\/uploads\\\/2021\\\/02\\\/Longarone-asilo-A_edited.jpg\",\"articleSection\":[\"Societ\u00e0, Associazioni, Istituzioni\"],\"inLanguage\":\"fr-FR\"},{\"@type\":\"WebPage\",\"@id\":\"https:\\\/\\\/www.bellunopress.it\\\/2021\\\/02\\\/04\\\/longarone-murazzi-e-scuola-dellinfanzia-a-lauro-al-via-il-concorso-di-progettazione\\\/\",\"url\":\"https:\\\/\\\/www.bellunopress.it\\\/2021\\\/02\\\/04\\\/longarone-murazzi-e-scuola-dellinfanzia-a-lauro-al-via-il-concorso-di-progettazione\\\/\",\"name\":\"Longarone. Murazzi e scuola dell\u2019Infanzia \u201cA. Lauro\u201d: al via il concorso di progettazione - Bellunopress - Dolomiti\",\"isPartOf\":{\"@id\":\"https:\\\/\\\/www.bellunopress.it\\\/#website\"},\"primaryImageOfPage\":{\"@id\":\"https:\\\/\\\/www.bellunopress.it\\\/2021\\\/02\\\/04\\\/longarone-murazzi-e-scuola-dellinfanzia-a-lauro-al-via-il-concorso-di-progettazione\\\/#primaryimage\"},\"image\":{\"@id\":\"https:\\\/\\\/www.bellunopress.it\\\/2021\\\/02\\\/04\\\/longarone-murazzi-e-scuola-dellinfanzia-a-lauro-al-via-il-concorso-di-progettazione\\\/#primaryimage\"},\"thumbnailUrl\":\"https:\\\/\\\/www.bellunopress.it\\\/wp-content\\\/uploads\\\/2021\\\/02\\\/Longarone-asilo-A_edited.jpg\",\"datePublished\":\"2021-02-04T10:10:52+00:00\",\"breadcrumb\":{\"@id\":\"https:\\\/\\\/www.bellunopress.it\\\/2021\\\/02\\\/04\\\/longarone-murazzi-e-scuola-dellinfanzia-a-lauro-al-via-il-concorso-di-progettazione\\\/#breadcrumb\"},\"inLanguage\":\"fr-FR\",\"potentialAction\":[{\"@type\":\"ReadAction\",\"target\":[\"https:\\\/\\\/www.bellunopress.it\\\/2021\\\/02\\\/04\\\/longarone-murazzi-e-scuola-dellinfanzia-a-lauro-al-via-il-concorso-di-progettazione\\\/\"]}]},{\"@type\":\"ImageObject\",\"inLanguage\":\"fr-FR\",\"@id\":\"https:\\\/\\\/www.bellunopress.it\\\/2021\\\/02\\\/04\\\/longarone-murazzi-e-scuola-dellinfanzia-a-lauro-al-via-il-concorso-di-progettazione\\\/#primaryimage\",\"url\":\"https:\\\/\\\/www.bellunopress.it\\\/wp-content\\\/uploads\\\/2021\\\/02\\\/Longarone-asilo-A_edited.jpg\",\"contentUrl\":\"https:\\\/\\\/www.bellunopress.it\\\/wp-content\\\/uploads\\\/2021\\\/02\\\/Longarone-asilo-A_edited.jpg\",\"width\":1000,\"height\":667},{\"@type\":\"BreadcrumbList\",\"@id\":\"https:\\\/\\\/www.bellunopress.it\\\/2021\\\/02\\\/04\\\/longarone-murazzi-e-scuola-dellinfanzia-a-lauro-al-via-il-concorso-di-progettazione\\\/#breadcrumb\",\"itemListElement\":[{\"@type\":\"ListItem\",\"position\":1,\"name\":\"Home\",\"item\":\"https:\\\/\\\/www.bellunopress.it\\\/\"},{\"@type\":\"ListItem\",\"position\":2,\"name\":\"Longarone. Murazzi e scuola dell\u2019Infanzia \u201cA. Lauro\u201d: al via il concorso di progettazione\"}]},{\"@type\":\"WebSite\",\"@id\":\"https:\\\/\\\/www.bellunopress.it\\\/#website\",\"url\":\"https:\\\/\\\/www.bellunopress.it\\\/\",\"name\":\"Bellunopress - Dolomiti\",\"description\":\"e-mail: redazione@bellunopress.it\",\"publisher\":{\"@id\":\"https:\\\/\\\/www.bellunopress.it\\\/#organization\"},\"potentialAction\":[{\"@type\":\"SearchAction\",\"target\":{\"@type\":\"EntryPoint\",\"urlTemplate\":\"https:\\\/\\\/www.bellunopress.it\\\/?s={search_term_string}\"},\"query-input\":{\"@type\":\"PropertyValueSpecification\",\"valueRequired\":true,\"valueName\":\"search_term_string\"}}],\"inLanguage\":\"fr-FR\"},{\"@type\":\"Organization\",\"@id\":\"https:\\\/\\\/www.bellunopress.it\\\/#organization\",\"name\":\"Bellunopress\",\"url\":\"https:\\\/\\\/www.bellunopress.it\\\/\",\"logo\":{\"@type\":\"ImageObject\",\"inLanguage\":\"fr-FR\",\"@id\":\"https:\\\/\\\/www.bellunopress.it\\\/#\\\/schema\\\/logo\\\/image\\\/\",\"url\":\"https:\\\/\\\/www.bellunopress.it\\\/wp-content\\\/uploads\\\/2011\\\/05\\\/cropped-logo-bellunopress-.jpg\",\"contentUrl\":\"https:\\\/\\\/www.bellunopress.it\\\/wp-content\\\/uploads\\\/2011\\\/05\\\/cropped-logo-bellunopress-.jpg\",\"width\":512,\"height\":512,\"caption\":\"Bellunopress\"},\"image\":{\"@id\":\"https:\\\/\\\/www.bellunopress.it\\\/#\\\/schema\\\/logo\\\/image\\\/\"},\"sameAs\":[\"https:\\\/\\\/www.facebook.com\\\/profile.php?id=100008943462799\",\"https:\\\/\\\/x.com\\\/bellunopress\",\"https:\\\/\\\/www.linkedin.com\\\/hp\\\/?dnr=JBzUWaJfMUw8vbXJJ2tVW5-I3jZKvC4wsoxE&amp;amp;amp;amp;amp;amp;trk=nav_responsive_tab_home\",\"https:\\\/\\\/www.youtube.com\\\/channel\\\/UCxL0wu1uN0_3_7hGG0306cw\"]},{\"@type\":\"Person\",\"@id\":\"https:\\\/\\\/www.bellunopress.it\\\/#\\\/schema\\\/person\\\/79bb06722b37ece1c03d3e94beb30d73\",\"name\":\"redazione\",\"image\":{\"@type\":\"ImageObject\",\"inLanguage\":\"fr-FR\",\"@id\":\"https:\\\/\\\/secure.gravatar.com\\\/avatar\\\/37d968a2e67a6fd04c169c4bdef102d0bc5d31b2546345219e348575eb80e9a0?s=96&d=mm&r=g\",\"url\":\"https:\\\/\\\/secure.gravatar.com\\\/avatar\\\/37d968a2e67a6fd04c169c4bdef102d0bc5d31b2546345219e348575eb80e9a0?s=96&d=mm&r=g\",\"contentUrl\":\"https:\\\/\\\/secure.gravatar.com\\\/avatar\\\/37d968a2e67a6fd04c169c4bdef102d0bc5d31b2546345219e348575eb80e9a0?s=96&d=mm&r=g\",\"caption\":\"redazione\"},\"sameAs\":[\"http:\\\/\\\/www.bellunopress.it\",\"https:\\\/\\\/x.com\\\/bellunopress\"],\"url\":\"https:\\\/\\\/www.bellunopress.it\\\/fr\\\/author\\\/redazione\\\/\"}]}<\/script>\n<!-- \/ Yoast SEO plugin. -->","yoast_head_json":{"title":"Longarone. Murazzi e scuola dell\u2019Infanzia \u201cA. Lauro\u201d: al via il concorso di progettazione - Bellunopress - Dolomiti","robots":{"index":"index","follow":"follow","max-snippet":"max-snippet:-1","max-image-preview":"max-image-preview:large","max-video-preview":"max-video-preview:-1"},"canonical":"https:\/\/www.bellunopress.it\/fr\/2021\/02\/04\/longarone-murazzi-e-scuola-dellinfanzia-a-lauro-al-via-il-concorso-di-progettazione\/","og_locale":"fr_FR","og_type":"article","og_title":"Longarone. Murazzi e scuola dell\u2019Infanzia \u201cA. Lauro\u201d: al via il concorso di progettazione - Bellunopress - Dolomiti","og_description":"Venerd\u00ec 5 febbraio 2020 sar\u00e0 pubblicato il bando per il concorso di progettazione, curato dalla Fondazione Architettura Belluno Dolomiti e promosso dal Comune di Longarone, che ha per oggetto la valorizzazione dell\u2019ambito storico dei Murazzi e la riqualificazione della scuola dell\u2019infanzia \u201cAngelina Lauro\u201d. L\u2019obiettivo generale dell\u2019Amministrazione \u00e8 quello di ricontestualizzare il complesso della Scuola Materna [&hellip;]","og_url":"https:\/\/www.bellunopress.it\/fr\/2021\/02\/04\/longarone-murazzi-e-scuola-dellinfanzia-a-lauro-al-via-il-concorso-di-progettazione\/","og_site_name":"Bellunopress - Dolomiti","article_publisher":"https:\/\/www.facebook.com\/profile.php?id=100008943462799","article_published_time":"2021-02-04T10:10:52+00:00","og_image":[{"width":1000,"height":667,"url":"https:\/\/www.bellunopress.it\/wp-content\/uploads\/2021\/02\/Longarone-asilo-A_edited.jpg","type":"image\/jpeg"}],"author":"redazione","twitter_card":"summary_large_image","twitter_creator":"@bellunopress","twitter_site":"@bellunopress","twitter_misc":{"\u00c9crit par":"redazione","Dur\u00e9e de lecture estim\u00e9e":"2 minutes"},"schema":{"@context":"https:\/\/schema.org","@graph":[{"@type":"Article","@id":"https:\/\/www.bellunopress.it\/2021\/02\/04\/longarone-murazzi-e-scuola-dellinfanzia-a-lauro-al-via-il-concorso-di-progettazione\/#article","isPartOf":{"@id":"https:\/\/www.bellunopress.it\/2021\/02\/04\/longarone-murazzi-e-scuola-dellinfanzia-a-lauro-al-via-il-concorso-di-progettazione\/"},"author":{"name":"redazione","@id":"https:\/\/www.bellunopress.it\/#\/schema\/person\/79bb06722b37ece1c03d3e94beb30d73"},"headline":"Longarone. Murazzi e scuola dell\u2019Infanzia \u201cA. Lauro\u201d: al via il concorso di progettazione","datePublished":"2021-02-04T10:10:52+00:00","mainEntityOfPage":{"@id":"https:\/\/www.bellunopress.it\/2021\/02\/04\/longarone-murazzi-e-scuola-dellinfanzia-a-lauro-al-via-il-concorso-di-progettazione\/"},"wordCount":457,"publisher":{"@id":"https:\/\/www.bellunopress.it\/#organization"},"image":{"@id":"https:\/\/www.bellunopress.it\/2021\/02\/04\/longarone-murazzi-e-scuola-dellinfanzia-a-lauro-al-via-il-concorso-di-progettazione\/#primaryimage"},"thumbnailUrl":"https:\/\/www.bellunopress.it\/wp-content\/uploads\/2021\/02\/Longarone-asilo-A_edited.jpg","articleSection":["Societ\u00e0, Associazioni, Istituzioni"],"inLanguage":"fr-FR"},{"@type":"WebPage","@id":"https:\/\/www.bellunopress.it\/2021\/02\/04\/longarone-murazzi-e-scuola-dellinfanzia-a-lauro-al-via-il-concorso-di-progettazione\/","url":"https:\/\/www.bellunopress.it\/2021\/02\/04\/longarone-murazzi-e-scuola-dellinfanzia-a-lauro-al-via-il-concorso-di-progettazione\/","name":"Longarone. Murazzi e scuola dell\u2019Infanzia \u201cA. Lauro\u201d: al via il concorso di progettazione - Bellunopress - Dolomiti","isPartOf":{"@id":"https:\/\/www.bellunopress.it\/#website"},"primaryImageOfPage":{"@id":"https:\/\/www.bellunopress.it\/2021\/02\/04\/longarone-murazzi-e-scuola-dellinfanzia-a-lauro-al-via-il-concorso-di-progettazione\/#primaryimage"},"image":{"@id":"https:\/\/www.bellunopress.it\/2021\/02\/04\/longarone-murazzi-e-scuola-dellinfanzia-a-lauro-al-via-il-concorso-di-progettazione\/#primaryimage"},"thumbnailUrl":"https:\/\/www.bellunopress.it\/wp-content\/uploads\/2021\/02\/Longarone-asilo-A_edited.jpg","datePublished":"2021-02-04T10:10:52+00:00","breadcrumb":{"@id":"https:\/\/www.bellunopress.it\/2021\/02\/04\/longarone-murazzi-e-scuola-dellinfanzia-a-lauro-al-via-il-concorso-di-progettazione\/#breadcrumb"},"inLanguage":"fr-FR","potentialAction":[{"@type":"ReadAction","target":["https:\/\/www.bellunopress.it\/2021\/02\/04\/longarone-murazzi-e-scuola-dellinfanzia-a-lauro-al-via-il-concorso-di-progettazione\/"]}]},{"@type":"ImageObject","inLanguage":"fr-FR","@id":"https:\/\/www.bellunopress.it\/2021\/02\/04\/longarone-murazzi-e-scuola-dellinfanzia-a-lauro-al-via-il-concorso-di-progettazione\/#primaryimage","url":"https:\/\/www.bellunopress.it\/wp-content\/uploads\/2021\/02\/Longarone-asilo-A_edited.jpg","contentUrl":"https:\/\/www.bellunopress.it\/wp-content\/uploads\/2021\/02\/Longarone-asilo-A_edited.jpg","width":1000,"height":667},{"@type":"BreadcrumbList","@id":"https:\/\/www.bellunopress.it\/2021\/02\/04\/longarone-murazzi-e-scuola-dellinfanzia-a-lauro-al-via-il-concorso-di-progettazione\/#breadcrumb","itemListElement":[{"@type":"ListItem","position":1,"name":"Home","item":"https:\/\/www.bellunopress.it\/"},{"@type":"ListItem","position":2,"name":"Longarone. Murazzi e scuola dell\u2019Infanzia \u201cA. Lauro\u201d: al via il concorso di progettazione"}]},{"@type":"WebSite","@id":"https:\/\/www.bellunopress.it\/#website","url":"https:\/\/www.bellunopress.it\/","name":"Bellunopress - Dolomiti","description":"e-mail: redazione@bellunopress.it","publisher":{"@id":"https:\/\/www.bellunopress.it\/#organization"},"potentialAction":[{"@type":"SearchAction","target":{"@type":"EntryPoint","urlTemplate":"https:\/\/www.bellunopress.it\/?s={search_term_string}"},"query-input":{"@type":"PropertyValueSpecification","valueRequired":true,"valueName":"search_term_string"}}],"inLanguage":"fr-FR"},{"@type":"Organization","@id":"https:\/\/www.bellunopress.it\/#organization","name":"Bellunopress","url":"https:\/\/www.bellunopress.it\/","logo":{"@type":"ImageObject","inLanguage":"fr-FR","@id":"https:\/\/www.bellunopress.it\/#\/schema\/logo\/image\/","url":"https:\/\/www.bellunopress.it\/wp-content\/uploads\/2011\/05\/cropped-logo-bellunopress-.jpg","contentUrl":"https:\/\/www.bellunopress.it\/wp-content\/uploads\/2011\/05\/cropped-logo-bellunopress-.jpg","width":512,"height":512,"caption":"Bellunopress"},"image":{"@id":"https:\/\/www.bellunopress.it\/#\/schema\/logo\/image\/"},"sameAs":["https:\/\/www.facebook.com\/profile.php?id=100008943462799","https:\/\/x.com\/bellunopress","https:\/\/www.linkedin.com\/hp\/?dnr=JBzUWaJfMUw8vbXJJ2tVW5-I3jZKvC4wsoxE&amp;amp;amp;amp;amp;amp;trk=nav_responsive_tab_home","https:\/\/www.youtube.com\/channel\/UCxL0wu1uN0_3_7hGG0306cw"]},{"@type":"Person","@id":"https:\/\/www.bellunopress.it\/#\/schema\/person\/79bb06722b37ece1c03d3e94beb30d73","name":"r\u00e9daction","image":{"@type":"ImageObject","inLanguage":"fr-FR","@id":"https:\/\/secure.gravatar.com\/avatar\/37d968a2e67a6fd04c169c4bdef102d0bc5d31b2546345219e348575eb80e9a0?s=96&d=mm&r=g","url":"https:\/\/secure.gravatar.com\/avatar\/37d968a2e67a6fd04c169c4bdef102d0bc5d31b2546345219e348575eb80e9a0?s=96&d=mm&r=g","contentUrl":"https:\/\/secure.gravatar.com\/avatar\/37d968a2e67a6fd04c169c4bdef102d0bc5d31b2546345219e348575eb80e9a0?s=96&d=mm&r=g","caption":"redazione"},"sameAs":["http:\/\/www.bellunopress.it","https:\/\/x.com\/bellunopress"],"url":"https:\/\/www.bellunopress.it\/fr\/author\/redazione\/"}]}},"_links":{"self":[{"href":"https:\/\/www.bellunopress.it\/fr\/wp-json\/wp\/v2\/posts\/121420","targetHints":{"allow":["GET"]}}],"collection":[{"href":"https:\/\/www.bellunopress.it\/fr\/wp-json\/wp\/v2\/posts"}],"about":[{"href":"https:\/\/www.bellunopress.it\/fr\/wp-json\/wp\/v2\/types\/post"}],"author":[{"embeddable":true,"href":"https:\/\/www.bellunopress.it\/fr\/wp-json\/wp\/v2\/users\/2"}],"replies":[{"embeddable":true,"href":"https:\/\/www.bellunopress.it\/fr\/wp-json\/wp\/v2\/comments?post=121420"}],"version-history":[{"count":2,"href":"https:\/\/www.bellunopress.it\/fr\/wp-json\/wp\/v2\/posts\/121420\/revisions"}],"predecessor-version":[{"id":121423,"href":"https:\/\/www.bellunopress.it\/fr\/wp-json\/wp\/v2\/posts\/121420\/revisions\/121423"}],"wp:featuredmedia":[{"embeddable":true,"href":"https:\/\/www.bellunopress.it\/fr\/wp-json\/wp\/v2\/media\/121421"}],"wp:attachment":[{"href":"https:\/\/www.bellunopress.it\/fr\/wp-json\/wp\/v2\/media?parent=121420"}],"wp:term":[{"taxonomy":"category","embeddable":true,"href":"https:\/\/www.bellunopress.it\/fr\/wp-json\/wp\/v2\/categories?post=121420"},{"taxonomy":"post_tag","embeddable":true,"href":"https:\/\/www.bellunopress.it\/fr\/wp-json\/wp\/v2\/tags?post=121420"}],"curies":[{"name":"wp","href":"https:\/\/api.w.org\/{rel}","templated":true}]}}