{"id":12120,"date":"2010-02-03T21:05:43","date_gmt":"2010-02-03T20:05:43","guid":{"rendered":"http:\/\/www.bellunopress.it\/?p=12120"},"modified":"2010-02-03T21:05:43","modified_gmt":"2010-02-03T20:05:43","slug":"via-libera-alloncologia-e-attivita-biologica-molecolare-allospedale-di-feltre-dalla-giunta-regionale","status":"publish","type":"post","link":"https:\/\/www.bellunopress.it\/fr\/2010\/02\/03\/via-libera-alloncologia-e-attivita-biologica-molecolare-allospedale-di-feltre-dalla-giunta-regionale\/","title":{"rendered":"Via libera all&#8217;Oncologia e attivit\u00e0 Biologica molecolare all&#8217;Ospedale di Feltre dalla giunta regionale"},"content":{"rendered":"<div class=\"mceTemp\">\n<figure id=\"attachment_11766\" aria-describedby=\"caption-attachment-11766\" style=\"width: 243px\" class=\"wp-caption alignleft\"><a href=\"http:\/\/www.bellunopress.it\/wp-content\/uploads\/2010\/01\/sandro-sandri.jpg\"><img loading=\"lazy\" decoding=\"async\" class=\"size-medium wp-image-11766\" title=\"sandro-sandri\" src=\"http:\/\/www.bellunopress.it\/wp-content\/uploads\/2010\/01\/sandro-sandri.jpg\" alt=\"Sandro Sandri assessore regionale alla Sanit\u00e0\" width=\"243\" height=\"290\" \/><\/a><figcaption id=\"caption-attachment-11766\" class=\"wp-caption-text\">Sandro Sandri assessore regionale alla Sanit\u00e0<\/figcaption><\/figure>\n<dl id=\"attachment_8305\" class=\"wp-caption alignleft\" style=\"width: 150px;\">\n<dt class=\"wp-caption-dt\"><a href=\"http:\/\/www.bellunopress.it\/wp-content\/uploads\/2009\/09\/ospedale-di-feltre.jpg\"><img loading=\"lazy\" decoding=\"async\" class=\"size-medium wp-image-8305\" title=\"ospedale-di-feltre\" src=\"http:\/\/www.bellunopress.it\/wp-content\/uploads\/2009\/09\/ospedale-di-feltre.jpg\" alt=\"Ospedale di Feltre\" width=\"140\" height=\"104\" \/><\/a><\/dt>\n<dd class=\"wp-caption-dd\">Ospedale di Feltre<\/dd>\n<\/dl>\n<\/div>\n<p>Con una delibera proposta dall\u2019Assessore alla Sanit\u00e0 Sandro Sandri la Giunta regionale, riunitasi oggi, ha deciso di apportare due importanti modifiche alla scheda di dotazione ospedaliera dell\u2019ospedale di Feltre (Belluno), attivando la funzione di Oncologia nell\u2019area medica e inserendo l\u2019attivit\u00e0 di Biologia Molecolare nell\u2019ambito della funzione Laboratorio di Analisi. Il provvedimento \u00e8 stato subito trasmesso alla Commissione Sanit\u00e0 del Consiglio per il parere previsto dall\u2019iter. Le modifiche erano state richieste nel luglio scorso con una nota del direttore Generale dell\u2019Ulss 2, alla luce dell\u2019evoluzione degli assetti organizzativi della struttura. \u201cTali proposte \u2013 sottolinea Sandri \u2013 sono ben coerenti con le politiche sanitarie regionali, rappresentano un\u2019importante sviluppo delle attivit\u00e0 di assistenza e cura e realizzano una pi\u00f9 efficeinte distribuzione delle risorse. Ma si tratta soprattutto \u2013 tiene a precisare Sandri &#8211; di una notevole risposta alle esigenze di cura dei cittadini dell\u2019area feltrina emerse anche da rilevazioni statistiche\u201d. Per quanto riguarda l\u2019oncologia, nell\u2019Ulss di Feltre si verificano circa 600 nuovi tumori l\u2019anno e per alcuni di essi l\u2019incidenza \u00e8 superiore a quella in confronto con l\u2019intera popolazione. Nel 2008, ad esempio, sono state erogate 12.152 prestazioni nei confronti di 1.551 pazienti. Tutta l\u2019attivit\u00e0 \u00e8 stata riorganizzata e viene svolta in una logica di rete in stretto collegamento con i Servizi Territoriali di Cure Palliative\u00a0 e con l\u2019Hospice extraospedaliero. Per quanto riguarda l\u2019attivit\u00e0 di biologia molecolare, essa, grazie a tecnologie innovative, \u00e8 volta a soddisfare la crescente esigenza di disporre di analisi sempre pi\u00f9 sensibili e specifiche. In particolare nel campo oncologico le indagini con metodiche di biologia molecolare permettono di individuare situazioni ed alterazioni genetiche e sono in grado di orientare scelte terapeutiche molto mirate per alcuni tipi di tumore.<\/p>","protected":false},"excerpt":{"rendered":"<p>Ospedale di Feltre Con una delibera proposta dall\u2019Assessore alla Sanit\u00e0 Sandro Sandri la Giunta regionale, riunitasi oggi, ha deciso di apportare due importanti modifiche alla scheda di dotazione ospedaliera dell\u2019ospedale di Feltre (Belluno), attivando la funzione di Oncologia nell\u2019area medica e inserendo l\u2019attivit\u00e0 di Biologia Molecolare nell\u2019ambito della funzione Laboratorio di Analisi. Il provvedimento \u00e8 [&hellip;]<\/p>\n","protected":false},"author":2,"featured_media":0,"comment_status":"closed","ping_status":"open","sticky":false,"template":"","format":"standard","meta":{"footnotes":""},"categories":[26,17],"tags":[3050],"class_list":["post-12120","post","type-post","status-publish","format-standard","category-prima-pagina","category-sanita","tag-sanita"],"yoast_head":"<!-- This site is optimized with the Yoast SEO plugin v28.4 - https:\/\/yoast.com\/product\/yoast-seo-wordpress\/ -->\n<title>Via libera all&#039;Oncologia e attivit\u00e0 Biologica molecolare all&#039;Ospedale di Feltre dalla giunta regionale  - Bellunopress - Dolomiti<\/title>\n<meta name=\"robots\" content=\"index, follow, max-snippet:-1, max-image-preview:large, max-video-preview:-1\" \/>\n<link rel=\"canonical\" href=\"https:\/\/www.bellunopress.it\/fr\/2010\/02\/03\/via-libera-alloncologia-e-attivita-biologica-molecolare-allospedale-di-feltre-dalla-giunta-regionale\/\" \/>\n<meta property=\"og:locale\" content=\"fr_FR\" \/>\n<meta property=\"og:type\" content=\"article\" \/>\n<meta property=\"og:title\" content=\"Via libera all&#039;Oncologia e attivit\u00e0 Biologica molecolare all&#039;Ospedale di Feltre dalla giunta regionale  - Bellunopress - Dolomiti\" \/>\n<meta property=\"og:description\" content=\"Ospedale di Feltre Con una delibera proposta dall\u2019Assessore alla Sanit\u00e0 Sandro Sandri la Giunta regionale, riunitasi oggi, ha deciso di apportare due importanti modifiche alla scheda di dotazione ospedaliera dell\u2019ospedale di Feltre (Belluno), attivando la funzione di Oncologia nell\u2019area medica e inserendo l\u2019attivit\u00e0 di Biologia Molecolare nell\u2019ambito della funzione Laboratorio di Analisi. Il provvedimento \u00e8 [&hellip;]\" \/>\n<meta property=\"og:url\" content=\"https:\/\/www.bellunopress.it\/fr\/2010\/02\/03\/via-libera-alloncologia-e-attivita-biologica-molecolare-allospedale-di-feltre-dalla-giunta-regionale\/\" \/>\n<meta property=\"og:site_name\" content=\"Bellunopress - Dolomiti\" \/>\n<meta property=\"article:publisher\" content=\"https:\/\/www.facebook.com\/profile.php?id=100008943462799\" \/>\n<meta property=\"article:published_time\" content=\"2010-02-03T20:05:43+00:00\" \/>\n<meta property=\"og:image\" content=\"http:\/\/www.bellunopress.it\/wp-content\/uploads\/2010\/01\/sandro-sandri.jpg\" \/>\n<meta name=\"author\" content=\"redazione\" \/>\n<meta name=\"twitter:card\" content=\"summary_large_image\" \/>\n<meta name=\"twitter:creator\" content=\"@bellunopress\" \/>\n<meta name=\"twitter:site\" content=\"@bellunopress\" \/>\n<meta name=\"twitter:label1\" content=\"\u00c9crit par\" \/>\n\t<meta name=\"twitter:data1\" content=\"redazione\" \/>\n\t<meta name=\"twitter:label2\" content=\"Dur\u00e9e de lecture estim\u00e9e\" \/>\n\t<meta name=\"twitter:data2\" content=\"2 minutes\" \/>\n<script type=\"application\/ld+json\" class=\"yoast-schema-graph\">{\"@context\":\"https:\\\/\\\/schema.org\",\"@graph\":[{\"@type\":\"Article\",\"@id\":\"https:\\\/\\\/www.bellunopress.it\\\/2010\\\/02\\\/03\\\/via-libera-alloncologia-e-attivita-biologica-molecolare-allospedale-di-feltre-dalla-giunta-regionale\\\/#article\",\"isPartOf\":{\"@id\":\"https:\\\/\\\/www.bellunopress.it\\\/2010\\\/02\\\/03\\\/via-libera-alloncologia-e-attivita-biologica-molecolare-allospedale-di-feltre-dalla-giunta-regionale\\\/\"},\"author\":{\"name\":\"redazione\",\"@id\":\"https:\\\/\\\/www.bellunopress.it\\\/#\\\/schema\\\/person\\\/79bb06722b37ece1c03d3e94beb30d73\"},\"headline\":\"Via libera all&#8217;Oncologia e attivit\u00e0 Biologica molecolare all&#8217;Ospedale di Feltre dalla giunta regionale\",\"datePublished\":\"2010-02-03T20:05:43+00:00\",\"mainEntityOfPage\":{\"@id\":\"https:\\\/\\\/www.bellunopress.it\\\/2010\\\/02\\\/03\\\/via-libera-alloncologia-e-attivita-biologica-molecolare-allospedale-di-feltre-dalla-giunta-regionale\\\/\"},\"wordCount\":317,\"publisher\":{\"@id\":\"https:\\\/\\\/www.bellunopress.it\\\/#organization\"},\"image\":{\"@id\":\"https:\\\/\\\/www.bellunopress.it\\\/2010\\\/02\\\/03\\\/via-libera-alloncologia-e-attivita-biologica-molecolare-allospedale-di-feltre-dalla-giunta-regionale\\\/#primaryimage\"},\"thumbnailUrl\":\"http:\\\/\\\/www.bellunopress.it\\\/wp-content\\\/uploads\\\/2010\\\/01\\\/sandro-sandri.jpg\",\"keywords\":[\"Sanit\u00e0\"],\"articleSection\":[\"Prima Pagina\",\"Sanit\u00e0 Medicina\"],\"inLanguage\":\"fr-FR\"},{\"@type\":\"WebPage\",\"@id\":\"https:\\\/\\\/www.bellunopress.it\\\/2010\\\/02\\\/03\\\/via-libera-alloncologia-e-attivita-biologica-molecolare-allospedale-di-feltre-dalla-giunta-regionale\\\/\",\"url\":\"https:\\\/\\\/www.bellunopress.it\\\/2010\\\/02\\\/03\\\/via-libera-alloncologia-e-attivita-biologica-molecolare-allospedale-di-feltre-dalla-giunta-regionale\\\/\",\"name\":\"Via libera all'Oncologia e attivit\u00e0 Biologica molecolare all'Ospedale di Feltre dalla giunta regionale - Bellunopress - Dolomiti\",\"isPartOf\":{\"@id\":\"https:\\\/\\\/www.bellunopress.it\\\/#website\"},\"primaryImageOfPage\":{\"@id\":\"https:\\\/\\\/www.bellunopress.it\\\/2010\\\/02\\\/03\\\/via-libera-alloncologia-e-attivita-biologica-molecolare-allospedale-di-feltre-dalla-giunta-regionale\\\/#primaryimage\"},\"image\":{\"@id\":\"https:\\\/\\\/www.bellunopress.it\\\/2010\\\/02\\\/03\\\/via-libera-alloncologia-e-attivita-biologica-molecolare-allospedale-di-feltre-dalla-giunta-regionale\\\/#primaryimage\"},\"thumbnailUrl\":\"http:\\\/\\\/www.bellunopress.it\\\/wp-content\\\/uploads\\\/2010\\\/01\\\/sandro-sandri.jpg\",\"datePublished\":\"2010-02-03T20:05:43+00:00\",\"breadcrumb\":{\"@id\":\"https:\\\/\\\/www.bellunopress.it\\\/2010\\\/02\\\/03\\\/via-libera-alloncologia-e-attivita-biologica-molecolare-allospedale-di-feltre-dalla-giunta-regionale\\\/#breadcrumb\"},\"inLanguage\":\"fr-FR\",\"potentialAction\":[{\"@type\":\"ReadAction\",\"target\":[\"https:\\\/\\\/www.bellunopress.it\\\/2010\\\/02\\\/03\\\/via-libera-alloncologia-e-attivita-biologica-molecolare-allospedale-di-feltre-dalla-giunta-regionale\\\/\"]}]},{\"@type\":\"ImageObject\",\"inLanguage\":\"fr-FR\",\"@id\":\"https:\\\/\\\/www.bellunopress.it\\\/2010\\\/02\\\/03\\\/via-libera-alloncologia-e-attivita-biologica-molecolare-allospedale-di-feltre-dalla-giunta-regionale\\\/#primaryimage\",\"url\":\"http:\\\/\\\/www.bellunopress.it\\\/wp-content\\\/uploads\\\/2010\\\/01\\\/sandro-sandri.jpg\",\"contentUrl\":\"http:\\\/\\\/www.bellunopress.it\\\/wp-content\\\/uploads\\\/2010\\\/01\\\/sandro-sandri.jpg\"},{\"@type\":\"BreadcrumbList\",\"@id\":\"https:\\\/\\\/www.bellunopress.it\\\/2010\\\/02\\\/03\\\/via-libera-alloncologia-e-attivita-biologica-molecolare-allospedale-di-feltre-dalla-giunta-regionale\\\/#breadcrumb\",\"itemListElement\":[{\"@type\":\"ListItem\",\"position\":1,\"name\":\"Home\",\"item\":\"https:\\\/\\\/www.bellunopress.it\\\/\"},{\"@type\":\"ListItem\",\"position\":2,\"name\":\"Via libera all&#8217;Oncologia e attivit\u00e0 Biologica molecolare all&#8217;Ospedale di Feltre dalla giunta regionale\"}]},{\"@type\":\"WebSite\",\"@id\":\"https:\\\/\\\/www.bellunopress.it\\\/#website\",\"url\":\"https:\\\/\\\/www.bellunopress.it\\\/\",\"name\":\"Bellunopress - Dolomiti\",\"description\":\"e-mail: redazione@bellunopress.it\",\"publisher\":{\"@id\":\"https:\\\/\\\/www.bellunopress.it\\\/#organization\"},\"potentialAction\":[{\"@type\":\"SearchAction\",\"target\":{\"@type\":\"EntryPoint\",\"urlTemplate\":\"https:\\\/\\\/www.bellunopress.it\\\/?s={search_term_string}\"},\"query-input\":{\"@type\":\"PropertyValueSpecification\",\"valueRequired\":true,\"valueName\":\"search_term_string\"}}],\"inLanguage\":\"fr-FR\"},{\"@type\":\"Organization\",\"@id\":\"https:\\\/\\\/www.bellunopress.it\\\/#organization\",\"name\":\"Bellunopress\",\"url\":\"https:\\\/\\\/www.bellunopress.it\\\/\",\"logo\":{\"@type\":\"ImageObject\",\"inLanguage\":\"fr-FR\",\"@id\":\"https:\\\/\\\/www.bellunopress.it\\\/#\\\/schema\\\/logo\\\/image\\\/\",\"url\":\"https:\\\/\\\/www.bellunopress.it\\\/wp-content\\\/uploads\\\/2011\\\/05\\\/cropped-logo-bellunopress-.jpg\",\"contentUrl\":\"https:\\\/\\\/www.bellunopress.it\\\/wp-content\\\/uploads\\\/2011\\\/05\\\/cropped-logo-bellunopress-.jpg\",\"width\":512,\"height\":512,\"caption\":\"Bellunopress\"},\"image\":{\"@id\":\"https:\\\/\\\/www.bellunopress.it\\\/#\\\/schema\\\/logo\\\/image\\\/\"},\"sameAs\":[\"https:\\\/\\\/www.facebook.com\\\/profile.php?id=100008943462799\",\"https:\\\/\\\/x.com\\\/bellunopress\",\"https:\\\/\\\/www.linkedin.com\\\/hp\\\/?dnr=JBzUWaJfMUw8vbXJJ2tVW5-I3jZKvC4wsoxE&amp;amp;amp;amp;amp;amp;trk=nav_responsive_tab_home\",\"https:\\\/\\\/www.youtube.com\\\/channel\\\/UCxL0wu1uN0_3_7hGG0306cw\"]},{\"@type\":\"Person\",\"@id\":\"https:\\\/\\\/www.bellunopress.it\\\/#\\\/schema\\\/person\\\/79bb06722b37ece1c03d3e94beb30d73\",\"name\":\"redazione\",\"image\":{\"@type\":\"ImageObject\",\"inLanguage\":\"fr-FR\",\"@id\":\"https:\\\/\\\/secure.gravatar.com\\\/avatar\\\/37d968a2e67a6fd04c169c4bdef102d0bc5d31b2546345219e348575eb80e9a0?s=96&d=mm&r=g\",\"url\":\"https:\\\/\\\/secure.gravatar.com\\\/avatar\\\/37d968a2e67a6fd04c169c4bdef102d0bc5d31b2546345219e348575eb80e9a0?s=96&d=mm&r=g\",\"contentUrl\":\"https:\\\/\\\/secure.gravatar.com\\\/avatar\\\/37d968a2e67a6fd04c169c4bdef102d0bc5d31b2546345219e348575eb80e9a0?s=96&d=mm&r=g\",\"caption\":\"redazione\"},\"sameAs\":[\"http:\\\/\\\/www.bellunopress.it\",\"https:\\\/\\\/x.com\\\/bellunopress\"],\"url\":\"https:\\\/\\\/www.bellunopress.it\\\/fr\\\/author\\\/redazione\\\/\"}]}<\/script>\n<!-- \/ Yoast SEO plugin. -->","yoast_head_json":{"title":"Via libera all'Oncologia e attivit\u00e0 Biologica molecolare all'Ospedale di Feltre dalla giunta regionale  - Bellunopress - Dolomiti","robots":{"index":"index","follow":"follow","max-snippet":"max-snippet:-1","max-image-preview":"max-image-preview:large","max-video-preview":"max-video-preview:-1"},"canonical":"https:\/\/www.bellunopress.it\/fr\/2010\/02\/03\/via-libera-alloncologia-e-attivita-biologica-molecolare-allospedale-di-feltre-dalla-giunta-regionale\/","og_locale":"fr_FR","og_type":"article","og_title":"Via libera all'Oncologia e attivit\u00e0 Biologica molecolare all'Ospedale di Feltre dalla giunta regionale  - Bellunopress - Dolomiti","og_description":"Ospedale di Feltre Con una delibera proposta dall\u2019Assessore alla Sanit\u00e0 Sandro Sandri la Giunta regionale, riunitasi oggi, ha deciso di apportare due importanti modifiche alla scheda di dotazione ospedaliera dell\u2019ospedale di Feltre (Belluno), attivando la funzione di Oncologia nell\u2019area medica e inserendo l\u2019attivit\u00e0 di Biologia Molecolare nell\u2019ambito della funzione Laboratorio di Analisi. Il provvedimento \u00e8 [&hellip;]","og_url":"https:\/\/www.bellunopress.it\/fr\/2010\/02\/03\/via-libera-alloncologia-e-attivita-biologica-molecolare-allospedale-di-feltre-dalla-giunta-regionale\/","og_site_name":"Bellunopress - Dolomiti","article_publisher":"https:\/\/www.facebook.com\/profile.php?id=100008943462799","article_published_time":"2010-02-03T20:05:43+00:00","og_image":[{"url":"http:\/\/www.bellunopress.it\/wp-content\/uploads\/2010\/01\/sandro-sandri.jpg","type":"","width":"","height":""}],"author":"redazione","twitter_card":"summary_large_image","twitter_creator":"@bellunopress","twitter_site":"@bellunopress","twitter_misc":{"\u00c9crit par":"redazione","Dur\u00e9e de lecture estim\u00e9e":"2 minutes"},"schema":{"@context":"https:\/\/schema.org","@graph":[{"@type":"Article","@id":"https:\/\/www.bellunopress.it\/2010\/02\/03\/via-libera-alloncologia-e-attivita-biologica-molecolare-allospedale-di-feltre-dalla-giunta-regionale\/#article","isPartOf":{"@id":"https:\/\/www.bellunopress.it\/2010\/02\/03\/via-libera-alloncologia-e-attivita-biologica-molecolare-allospedale-di-feltre-dalla-giunta-regionale\/"},"author":{"name":"redazione","@id":"https:\/\/www.bellunopress.it\/#\/schema\/person\/79bb06722b37ece1c03d3e94beb30d73"},"headline":"Via libera all&#8217;Oncologia e attivit\u00e0 Biologica molecolare all&#8217;Ospedale di Feltre dalla giunta regionale","datePublished":"2010-02-03T20:05:43+00:00","mainEntityOfPage":{"@id":"https:\/\/www.bellunopress.it\/2010\/02\/03\/via-libera-alloncologia-e-attivita-biologica-molecolare-allospedale-di-feltre-dalla-giunta-regionale\/"},"wordCount":317,"publisher":{"@id":"https:\/\/www.bellunopress.it\/#organization"},"image":{"@id":"https:\/\/www.bellunopress.it\/2010\/02\/03\/via-libera-alloncologia-e-attivita-biologica-molecolare-allospedale-di-feltre-dalla-giunta-regionale\/#primaryimage"},"thumbnailUrl":"http:\/\/www.bellunopress.it\/wp-content\/uploads\/2010\/01\/sandro-sandri.jpg","keywords":["Sanit\u00e0"],"articleSection":["Prima Pagina","Sanit\u00e0 Medicina"],"inLanguage":"fr-FR"},{"@type":"WebPage","@id":"https:\/\/www.bellunopress.it\/2010\/02\/03\/via-libera-alloncologia-e-attivita-biologica-molecolare-allospedale-di-feltre-dalla-giunta-regionale\/","url":"https:\/\/www.bellunopress.it\/2010\/02\/03\/via-libera-alloncologia-e-attivita-biologica-molecolare-allospedale-di-feltre-dalla-giunta-regionale\/","name":"Via libera all'Oncologia e attivit\u00e0 Biologica molecolare all'Ospedale di Feltre dalla giunta regionale - Bellunopress - Dolomiti","isPartOf":{"@id":"https:\/\/www.bellunopress.it\/#website"},"primaryImageOfPage":{"@id":"https:\/\/www.bellunopress.it\/2010\/02\/03\/via-libera-alloncologia-e-attivita-biologica-molecolare-allospedale-di-feltre-dalla-giunta-regionale\/#primaryimage"},"image":{"@id":"https:\/\/www.bellunopress.it\/2010\/02\/03\/via-libera-alloncologia-e-attivita-biologica-molecolare-allospedale-di-feltre-dalla-giunta-regionale\/#primaryimage"},"thumbnailUrl":"http:\/\/www.bellunopress.it\/wp-content\/uploads\/2010\/01\/sandro-sandri.jpg","datePublished":"2010-02-03T20:05:43+00:00","breadcrumb":{"@id":"https:\/\/www.bellunopress.it\/2010\/02\/03\/via-libera-alloncologia-e-attivita-biologica-molecolare-allospedale-di-feltre-dalla-giunta-regionale\/#breadcrumb"},"inLanguage":"fr-FR","potentialAction":[{"@type":"ReadAction","target":["https:\/\/www.bellunopress.it\/2010\/02\/03\/via-libera-alloncologia-e-attivita-biologica-molecolare-allospedale-di-feltre-dalla-giunta-regionale\/"]}]},{"@type":"ImageObject","inLanguage":"fr-FR","@id":"https:\/\/www.bellunopress.it\/2010\/02\/03\/via-libera-alloncologia-e-attivita-biologica-molecolare-allospedale-di-feltre-dalla-giunta-regionale\/#primaryimage","url":"http:\/\/www.bellunopress.it\/wp-content\/uploads\/2010\/01\/sandro-sandri.jpg","contentUrl":"http:\/\/www.bellunopress.it\/wp-content\/uploads\/2010\/01\/sandro-sandri.jpg"},{"@type":"BreadcrumbList","@id":"https:\/\/www.bellunopress.it\/2010\/02\/03\/via-libera-alloncologia-e-attivita-biologica-molecolare-allospedale-di-feltre-dalla-giunta-regionale\/#breadcrumb","itemListElement":[{"@type":"ListItem","position":1,"name":"Home","item":"https:\/\/www.bellunopress.it\/"},{"@type":"ListItem","position":2,"name":"Via libera all&#8217;Oncologia e attivit\u00e0 Biologica molecolare all&#8217;Ospedale di Feltre dalla giunta regionale"}]},{"@type":"WebSite","@id":"https:\/\/www.bellunopress.it\/#website","url":"https:\/\/www.bellunopress.it\/","name":"Bellunopress - Dolomiti","description":"e-mail: redazione@bellunopress.it","publisher":{"@id":"https:\/\/www.bellunopress.it\/#organization"},"potentialAction":[{"@type":"SearchAction","target":{"@type":"EntryPoint","urlTemplate":"https:\/\/www.bellunopress.it\/?s={search_term_string}"},"query-input":{"@type":"PropertyValueSpecification","valueRequired":true,"valueName":"search_term_string"}}],"inLanguage":"fr-FR"},{"@type":"Organization","@id":"https:\/\/www.bellunopress.it\/#organization","name":"Bellunopress","url":"https:\/\/www.bellunopress.it\/","logo":{"@type":"ImageObject","inLanguage":"fr-FR","@id":"https:\/\/www.bellunopress.it\/#\/schema\/logo\/image\/","url":"https:\/\/www.bellunopress.it\/wp-content\/uploads\/2011\/05\/cropped-logo-bellunopress-.jpg","contentUrl":"https:\/\/www.bellunopress.it\/wp-content\/uploads\/2011\/05\/cropped-logo-bellunopress-.jpg","width":512,"height":512,"caption":"Bellunopress"},"image":{"@id":"https:\/\/www.bellunopress.it\/#\/schema\/logo\/image\/"},"sameAs":["https:\/\/www.facebook.com\/profile.php?id=100008943462799","https:\/\/x.com\/bellunopress","https:\/\/www.linkedin.com\/hp\/?dnr=JBzUWaJfMUw8vbXJJ2tVW5-I3jZKvC4wsoxE&amp;amp;amp;amp;amp;amp;trk=nav_responsive_tab_home","https:\/\/www.youtube.com\/channel\/UCxL0wu1uN0_3_7hGG0306cw"]},{"@type":"Person","@id":"https:\/\/www.bellunopress.it\/#\/schema\/person\/79bb06722b37ece1c03d3e94beb30d73","name":"r\u00e9daction","image":{"@type":"ImageObject","inLanguage":"fr-FR","@id":"https:\/\/secure.gravatar.com\/avatar\/37d968a2e67a6fd04c169c4bdef102d0bc5d31b2546345219e348575eb80e9a0?s=96&d=mm&r=g","url":"https:\/\/secure.gravatar.com\/avatar\/37d968a2e67a6fd04c169c4bdef102d0bc5d31b2546345219e348575eb80e9a0?s=96&d=mm&r=g","contentUrl":"https:\/\/secure.gravatar.com\/avatar\/37d968a2e67a6fd04c169c4bdef102d0bc5d31b2546345219e348575eb80e9a0?s=96&d=mm&r=g","caption":"redazione"},"sameAs":["http:\/\/www.bellunopress.it","https:\/\/x.com\/bellunopress"],"url":"https:\/\/www.bellunopress.it\/fr\/author\/redazione\/"}]}},"_links":{"self":[{"href":"https:\/\/www.bellunopress.it\/fr\/wp-json\/wp\/v2\/posts\/12120","targetHints":{"allow":["GET"]}}],"collection":[{"href":"https:\/\/www.bellunopress.it\/fr\/wp-json\/wp\/v2\/posts"}],"about":[{"href":"https:\/\/www.bellunopress.it\/fr\/wp-json\/wp\/v2\/types\/post"}],"author":[{"embeddable":true,"href":"https:\/\/www.bellunopress.it\/fr\/wp-json\/wp\/v2\/users\/2"}],"replies":[{"embeddable":true,"href":"https:\/\/www.bellunopress.it\/fr\/wp-json\/wp\/v2\/comments?post=12120"}],"version-history":[{"count":1,"href":"https:\/\/www.bellunopress.it\/fr\/wp-json\/wp\/v2\/posts\/12120\/revisions"}],"predecessor-version":[{"id":12121,"href":"https:\/\/www.bellunopress.it\/fr\/wp-json\/wp\/v2\/posts\/12120\/revisions\/12121"}],"wp:attachment":[{"href":"https:\/\/www.bellunopress.it\/fr\/wp-json\/wp\/v2\/media?parent=12120"}],"wp:term":[{"taxonomy":"category","embeddable":true,"href":"https:\/\/www.bellunopress.it\/fr\/wp-json\/wp\/v2\/categories?post=12120"},{"taxonomy":"post_tag","embeddable":true,"href":"https:\/\/www.bellunopress.it\/fr\/wp-json\/wp\/v2\/tags?post=12120"}],"curies":[{"name":"wp","href":"https:\/\/api.w.org\/{rel}","templated":true}]}}