{"id":121069,"date":"2021-01-21T22:20:28","date_gmt":"2021-01-21T21:20:28","guid":{"rendered":"http:\/\/www.bellunopress.it\/?p=121069"},"modified":"2021-01-21T22:20:28","modified_gmt":"2021-01-21T21:20:28","slug":"rete-elettrica-incontro-provincia-terna-ministro-dinca-padrin-chiediamo-a-terna-di-conoscere-i-piani-relativi-allintero-bellunese","status":"publish","type":"post","link":"https:\/\/www.bellunopress.it\/fr\/2021\/01\/21\/rete-elettrica-incontro-provincia-terna-ministro-dinca-padrin-chiediamo-a-terna-di-conoscere-i-piani-relativi-allintero-bellunese\/","title":{"rendered":"Rete elettrica. Incontro Provincia-Terna-ministro D&#8217;Inc\u00e0. Padrin: \u00abChiediamo a Terna di conoscere i piani relativi all&#8217;intero Bellunese\u00bb"},"content":{"rendered":"<p><a href=\"http:\/\/www.bellunopress.it\/fr\/2010\/07\/21\/via-al-riassetto-della-rete-elettrica-nel-bellunese\/traliccio-270x270\/\" rel=\"attachment wp-att-17386\"><img loading=\"lazy\" decoding=\"async\" class=\"alignleft size-full wp-image-17386\" src=\"http:\/\/www.bellunopress.it\/wp-content\/uploads\/2010\/07\/traliccio-270x270.jpg\" alt=\"\" width=\"270\" height=\"270\" srcset=\"https:\/\/www.bellunopress.it\/wp-content\/uploads\/2010\/07\/traliccio-270x270.jpg 270w, https:\/\/www.bellunopress.it\/wp-content\/uploads\/2010\/07\/traliccio-270x270-150x150.jpg 150w\" sizes=\"auto, (max-width: 270px) 100vw, 270px\" \/><\/a>La Provincia di Belluno ha incontrato oggi i vertici di Terna, per continuare a ragionare dei miglioramenti infrastrutturali che riguardano le reti elettriche del Bellunese. Durante la riunione (in videoconferenza) sono stati trattati alcuni temi di grande importanza per il territorio montano: dalla sicurezza delle reti ai recenti disservizi verificatisi con le grandi nevicate di inizio anno, fino al progetto di razionalizzazione degli elettrodotti nella media valle del Piave. A organizzare l&#8217;incontro, a seguito del vertice di qualche giorno fa con Enel, il ministro per i Rapporti con il Parlamento, Federico D&#8217;Inc\u00e0.<\/p>\n<p>\u00abQuesto primo incontro ci ha permesso di mettere sul tavolo quelle che sono alcune questioni particolarmente prioritarie per il nostro territorio &#8211; il commento del presidente Padrin -.<\/p>\n<figure id=\"attachment_111249\" aria-describedby=\"caption-attachment-111249\" style=\"width: 200px\" class=\"wp-caption alignleft\"><a href=\"http:\/\/www.bellunopress.it\/fr\/2020\/01\/15\/riclassificazione-delle-strade-padrin-bene-ma-si-mantenga-il-sistema-di-gestione-di-veneto-strade\/roberto-padrin-presidente-provincia\/\" rel=\"attachment wp-att-111249\"><img loading=\"lazy\" decoding=\"async\" class=\"size-full wp-image-111249\" src=\"http:\/\/www.bellunopress.it\/wp-content\/uploads\/2020\/01\/roberto-padrin-presidente-provincia.jpg\" alt=\"\" width=\"200\" height=\"279\" \/><\/a><figcaption id=\"caption-attachment-111249\" class=\"wp-caption-text\">Roberto Padrin &#8211; Presidente della Provincia<\/figcaption><\/figure>\n<p>Dopo Enel, abbiamo voluto conoscere anche da Terna i progetti e i programmi relativi alla provincia di Belluno, soprattutto alla luce delle fragilit\u00e0 territoriali palesate con gli eventi meteo, e anche in vista degli investimenti infrastrutturali per le Olimpiadi. Non nascondo poi che c&#8217;\u00e8 un nodo annoso per quanto riguarda la razionalizzazione degli elettrodotti, con problematiche che si trascinano da tempo. Per questo attendiamo una rapida convocazione del tavolo tecnico con la Regione Veneto, per portare a casa un risultato atteso dai nostri cittadini, penso soprattutto a Ponte nelle Alpi e Soverzene\u00bb.<br \/>\nNei prossimi giorni la Provincia preparer\u00e0 una lista di priorit\u00e0 di interventi sulle reti elettriche di Terna, chiedendo la realizzazione di alcune opere. \u00abAbbiamo la necessit\u00e0 di intervenire e di conoscere i piani di Terna sul nostro territorio, per coinvolgere tutte le amministrazioni e i sindaci nelle scelte strategiche &#8211; continua il presidente Padrin -. Soprattutto per evitare l&#8217;errore del passato, quando si sono spezzettati in piccoli interventi piani che riguardavano l&#8217;intero territorio provinciale\u00bb.<\/p>\n<figure id=\"attachment_91252\" aria-describedby=\"caption-attachment-91252\" style=\"width: 226px\" class=\"wp-caption alignleft\"><a href=\"http:\/\/www.bellunopress.it\/fr\/2017\/12\/04\/gelato-ecco-la-legge-per-tutelarlo-dinca-m5s-il-gelato-e-made-in-italy-puro-irradiato-nel-mondo-dalle-montagne-bellunesi-ecco-la-mia-proposta-per-difenderlo\/federico-dinca-7\/\" rel=\"attachment wp-att-91252\"><img loading=\"lazy\" decoding=\"async\" class=\"size-full wp-image-91252\" src=\"http:\/\/www.bellunopress.it\/wp-content\/uploads\/2017\/12\/federico-dinc\u00e0.jpg\" alt=\"\" width=\"226\" height=\"300\" \/><\/a><figcaption id=\"caption-attachment-91252\" class=\"wp-caption-text\">Federico D&#8217;Inc\u00e0, ministro<\/figcaption><\/figure>\n<p>\u00abAbbiamo fortemente voluto l&#8217;incontro con Terna per ottenere una visione chiara sulle intenzioni dell&#8217;azienda nei confronti del territorio: come abbiamo ribadito nell&#8217;importante riunione avvenuta con Enel la scorsa settimana, il Bellunese nel corso degli anni si \u00e8 speso molto sotto il profilo energetico. Questo territorio, per\u00f2, \u00e8 allo stesso tempo un&#8217;area fragile e spesso soggetta ad avversi eventi meteorologici\u00bb afferma il Ministro Federico D&#8217;Inc\u00e0. \u00abDai vertici di Terna \u00e8 emersa l&#8217;intenzione di procedere con una serie di soluzioni che saranno avanzate in un atteso tavolo tecnico con la Regione Veneto: per questo chiediamo, in particolare all&#8217;assessore allo Sviluppo Economico, Roberto Marcato, che lo convochi al pi\u00f9 presto in modo che possano essere indicate tutte le soluzioni previste e la continuazione della razionalizzazione delle linee aree di Terna sul territorio bellunese, su cui l&#8217;azienda ha espresso di continuare a volere investire. \u00c8 emersa, infatti, la volont\u00e0 di procedere anche con un&#8217;opera di messa in sicurezza delle linee per prevenire possibili danni provocati dagli eventi legati al maltempo, come avvenuto nello scorso mese di dicembre. Inoltre, abbiamo appreso la volont\u00e0 di mantenere la linea media Valle del Piave a 220 KV, senza il passaggio a 380 KV e questa dichiarazione rappresenta un passo fondamentale per la visione futura dei progetti sul territorio. Rimaniamo, quindi, in attesa del tavolo tecnico e continueremo a seguire, di concerto con la Provincia di Belluno e l&#8217;onorevole De Menech, sia questa vicenda sia le varie problematiche del nostro territorio attraverso ulteriori e costanti occasioni di confronto\u00bb.<\/p>\n<figure id=\"attachment_46179\" aria-describedby=\"caption-attachment-46179\" style=\"width: 193px\" class=\"wp-caption alignleft\"><a href=\"http:\/\/www.bellunopress.it\/fr\/2013\/01\/29\/via-al-tour-di-roger-de-menech-pd-il-5-febbraio-appuntamento-anche-con-laura-puppato-capolista-al-senato\/roger-de-menech-1\/\" rel=\"attachment wp-att-46179\"><img loading=\"lazy\" decoding=\"async\" class=\"size-full wp-image-46179\" src=\"http:\/\/www.bellunopress.it\/wp-content\/uploads\/2013\/01\/roger-de-menech-1.jpg\" alt=\"\" width=\"193\" height=\"290\" \/><\/a><figcaption id=\"caption-attachment-46179\" class=\"wp-caption-text\">Roger De Menech, deputato Pd<\/figcaption><\/figure>\n<p>\u00abSono anni che seguo da vicino la vicenda degli elettrodotti &#8211; aggiunge il deputato Roger De Menech, presente all&#8217;incontro -. E fin da subito ho affermato che \u00e8 fondamentale avere una visione complessiva del complesso sistema e delle possibilit\u00e0 di un suo miglioramento, ma \u00e8 altrettanto importante &#8211; e forse ancora di pi\u00f9 &#8211; agire subito per risolvere problemi storici che affliggono il nostro territorio come quelli dei Comuni oggetto del progetto della media valle del Piave. La politica e le istituzioni hanno il compito di decidere e assumersi le responsabilit\u00e0: sul progetto di interramento il tempo \u00e8 gi\u00e0 scaduto da molto tempo. A Terna e alla Regione che coordina il tavolo chiedo questa responsabilit\u00e0 e soprattutto velocit\u00e0\u00bb.<\/p>","protected":false},"excerpt":{"rendered":"<p>La Provincia di Belluno ha incontrato oggi i vertici di Terna, per continuare a ragionare dei miglioramenti infrastrutturali che riguardano le reti elettriche del Bellunese. Durante la riunione (in videoconferenza) sono stati trattati alcuni temi di grande importanza per il territorio montano: dalla sicurezza delle reti ai recenti disservizi verificatisi con le grandi nevicate di [&hellip;]<\/p>\n","protected":false},"author":2,"featured_media":17386,"comment_status":"closed","ping_status":"open","sticky":false,"template":"","format":"standard","meta":{"footnotes":""},"categories":[5,26,8],"tags":[],"class_list":["post-121069","post","type-post","status-publish","format-standard","has-post-thumbnail","category-cronaca","category-prima-pagina","category-societa-istituzioni"],"yoast_head":"<!-- This site is optimized with the Yoast SEO plugin v28.4 - https:\/\/yoast.com\/product\/yoast-seo-wordpress\/ -->\n<title>Rete elettrica. Incontro Provincia-Terna-ministro D&#039;Inc\u00e0. Padrin: \u00abChiediamo a Terna di conoscere i piani relativi all&#039;intero Bellunese\u00bb - Bellunopress - Dolomiti<\/title>\n<meta name=\"robots\" content=\"index, follow, max-snippet:-1, max-image-preview:large, max-video-preview:-1\" \/>\n<link rel=\"canonical\" href=\"https:\/\/www.bellunopress.it\/fr\/2021\/01\/21\/rete-elettrica-incontro-provincia-terna-ministro-dinca-padrin-chiediamo-a-terna-di-conoscere-i-piani-relativi-allintero-bellunese\/\" \/>\n<meta property=\"og:locale\" content=\"fr_FR\" \/>\n<meta property=\"og:type\" content=\"article\" \/>\n<meta property=\"og:title\" content=\"Rete elettrica. Incontro Provincia-Terna-ministro D&#039;Inc\u00e0. Padrin: \u00abChiediamo a Terna di conoscere i piani relativi all&#039;intero Bellunese\u00bb - Bellunopress - Dolomiti\" \/>\n<meta property=\"og:description\" content=\"La Provincia di Belluno ha incontrato oggi i vertici di Terna, per continuare a ragionare dei miglioramenti infrastrutturali che riguardano le reti elettriche del Bellunese. Durante la riunione (in videoconferenza) sono stati trattati alcuni temi di grande importanza per il territorio montano: dalla sicurezza delle reti ai recenti disservizi verificatisi con le grandi nevicate di [&hellip;]\" \/>\n<meta property=\"og:url\" content=\"https:\/\/www.bellunopress.it\/fr\/2021\/01\/21\/rete-elettrica-incontro-provincia-terna-ministro-dinca-padrin-chiediamo-a-terna-di-conoscere-i-piani-relativi-allintero-bellunese\/\" \/>\n<meta property=\"og:site_name\" content=\"Bellunopress - Dolomiti\" \/>\n<meta property=\"article:publisher\" content=\"https:\/\/www.facebook.com\/profile.php?id=100008943462799\" \/>\n<meta property=\"article:published_time\" content=\"2021-01-21T21:20:28+00:00\" \/>\n<meta property=\"og:image\" content=\"https:\/\/www.bellunopress.it\/wp-content\/uploads\/2010\/07\/traliccio-270x270.jpg\" \/>\n\t<meta property=\"og:image:width\" content=\"270\" \/>\n\t<meta property=\"og:image:height\" content=\"270\" \/>\n\t<meta property=\"og:image:type\" content=\"image\/jpeg\" \/>\n<meta name=\"author\" content=\"redazione\" \/>\n<meta name=\"twitter:card\" content=\"summary_large_image\" \/>\n<meta name=\"twitter:creator\" content=\"@bellunopress\" \/>\n<meta name=\"twitter:site\" content=\"@bellunopress\" \/>\n<meta name=\"twitter:label1\" content=\"\u00c9crit par\" \/>\n\t<meta name=\"twitter:data1\" content=\"redazione\" \/>\n\t<meta name=\"twitter:label2\" content=\"Dur\u00e9e de lecture estim\u00e9e\" \/>\n\t<meta name=\"twitter:data2\" content=\"3 minutes\" \/>\n<script type=\"application\/ld+json\" class=\"yoast-schema-graph\">{\"@context\":\"https:\\\/\\\/schema.org\",\"@graph\":[{\"@type\":\"Article\",\"@id\":\"https:\\\/\\\/www.bellunopress.it\\\/2021\\\/01\\\/21\\\/rete-elettrica-incontro-provincia-terna-ministro-dinca-padrin-chiediamo-a-terna-di-conoscere-i-piani-relativi-allintero-bellunese\\\/#article\",\"isPartOf\":{\"@id\":\"https:\\\/\\\/www.bellunopress.it\\\/2021\\\/01\\\/21\\\/rete-elettrica-incontro-provincia-terna-ministro-dinca-padrin-chiediamo-a-terna-di-conoscere-i-piani-relativi-allintero-bellunese\\\/\"},\"author\":{\"name\":\"redazione\",\"@id\":\"https:\\\/\\\/www.bellunopress.it\\\/#\\\/schema\\\/person\\\/79bb06722b37ece1c03d3e94beb30d73\"},\"headline\":\"Rete elettrica. Incontro Provincia-Terna-ministro D&#8217;Inc\u00e0. Padrin: \u00abChiediamo a Terna di conoscere i piani relativi all&#8217;intero Bellunese\u00bb\",\"datePublished\":\"2021-01-21T21:20:28+00:00\",\"mainEntityOfPage\":{\"@id\":\"https:\\\/\\\/www.bellunopress.it\\\/2021\\\/01\\\/21\\\/rete-elettrica-incontro-provincia-terna-ministro-dinca-padrin-chiediamo-a-terna-di-conoscere-i-piani-relativi-allintero-bellunese\\\/\"},\"wordCount\":713,\"publisher\":{\"@id\":\"https:\\\/\\\/www.bellunopress.it\\\/#organization\"},\"image\":{\"@id\":\"https:\\\/\\\/www.bellunopress.it\\\/2021\\\/01\\\/21\\\/rete-elettrica-incontro-provincia-terna-ministro-dinca-padrin-chiediamo-a-terna-di-conoscere-i-piani-relativi-allintero-bellunese\\\/#primaryimage\"},\"thumbnailUrl\":\"https:\\\/\\\/www.bellunopress.it\\\/wp-content\\\/uploads\\\/2010\\\/07\\\/traliccio-270x270.jpg\",\"articleSection\":[\"Cronaca\\\/Politica\",\"Prima Pagina\",\"Societ\u00e0, Associazioni, Istituzioni\"],\"inLanguage\":\"fr-FR\"},{\"@type\":\"WebPage\",\"@id\":\"https:\\\/\\\/www.bellunopress.it\\\/2021\\\/01\\\/21\\\/rete-elettrica-incontro-provincia-terna-ministro-dinca-padrin-chiediamo-a-terna-di-conoscere-i-piani-relativi-allintero-bellunese\\\/\",\"url\":\"https:\\\/\\\/www.bellunopress.it\\\/2021\\\/01\\\/21\\\/rete-elettrica-incontro-provincia-terna-ministro-dinca-padrin-chiediamo-a-terna-di-conoscere-i-piani-relativi-allintero-bellunese\\\/\",\"name\":\"Rete elettrica. Incontro Provincia-Terna-ministro D'Inc\u00e0. Padrin: \u00abChiediamo a Terna di conoscere i piani relativi all'intero Bellunese\u00bb - Bellunopress - Dolomiti\",\"isPartOf\":{\"@id\":\"https:\\\/\\\/www.bellunopress.it\\\/#website\"},\"primaryImageOfPage\":{\"@id\":\"https:\\\/\\\/www.bellunopress.it\\\/2021\\\/01\\\/21\\\/rete-elettrica-incontro-provincia-terna-ministro-dinca-padrin-chiediamo-a-terna-di-conoscere-i-piani-relativi-allintero-bellunese\\\/#primaryimage\"},\"image\":{\"@id\":\"https:\\\/\\\/www.bellunopress.it\\\/2021\\\/01\\\/21\\\/rete-elettrica-incontro-provincia-terna-ministro-dinca-padrin-chiediamo-a-terna-di-conoscere-i-piani-relativi-allintero-bellunese\\\/#primaryimage\"},\"thumbnailUrl\":\"https:\\\/\\\/www.bellunopress.it\\\/wp-content\\\/uploads\\\/2010\\\/07\\\/traliccio-270x270.jpg\",\"datePublished\":\"2021-01-21T21:20:28+00:00\",\"breadcrumb\":{\"@id\":\"https:\\\/\\\/www.bellunopress.it\\\/2021\\\/01\\\/21\\\/rete-elettrica-incontro-provincia-terna-ministro-dinca-padrin-chiediamo-a-terna-di-conoscere-i-piani-relativi-allintero-bellunese\\\/#breadcrumb\"},\"inLanguage\":\"fr-FR\",\"potentialAction\":[{\"@type\":\"ReadAction\",\"target\":[\"https:\\\/\\\/www.bellunopress.it\\\/2021\\\/01\\\/21\\\/rete-elettrica-incontro-provincia-terna-ministro-dinca-padrin-chiediamo-a-terna-di-conoscere-i-piani-relativi-allintero-bellunese\\\/\"]}]},{\"@type\":\"ImageObject\",\"inLanguage\":\"fr-FR\",\"@id\":\"https:\\\/\\\/www.bellunopress.it\\\/2021\\\/01\\\/21\\\/rete-elettrica-incontro-provincia-terna-ministro-dinca-padrin-chiediamo-a-terna-di-conoscere-i-piani-relativi-allintero-bellunese\\\/#primaryimage\",\"url\":\"https:\\\/\\\/www.bellunopress.it\\\/wp-content\\\/uploads\\\/2010\\\/07\\\/traliccio-270x270.jpg\",\"contentUrl\":\"https:\\\/\\\/www.bellunopress.it\\\/wp-content\\\/uploads\\\/2010\\\/07\\\/traliccio-270x270.jpg\",\"width\":270,\"height\":270},{\"@type\":\"BreadcrumbList\",\"@id\":\"https:\\\/\\\/www.bellunopress.it\\\/2021\\\/01\\\/21\\\/rete-elettrica-incontro-provincia-terna-ministro-dinca-padrin-chiediamo-a-terna-di-conoscere-i-piani-relativi-allintero-bellunese\\\/#breadcrumb\",\"itemListElement\":[{\"@type\":\"ListItem\",\"position\":1,\"name\":\"Home\",\"item\":\"https:\\\/\\\/www.bellunopress.it\\\/\"},{\"@type\":\"ListItem\",\"position\":2,\"name\":\"Rete elettrica. Incontro Provincia-Terna-ministro D&#8217;Inc\u00e0. Padrin: \u00abChiediamo a Terna di conoscere i piani relativi all&#8217;intero Bellunese\u00bb\"}]},{\"@type\":\"WebSite\",\"@id\":\"https:\\\/\\\/www.bellunopress.it\\\/#website\",\"url\":\"https:\\\/\\\/www.bellunopress.it\\\/\",\"name\":\"Bellunopress - Dolomiti\",\"description\":\"e-mail: redazione@bellunopress.it\",\"publisher\":{\"@id\":\"https:\\\/\\\/www.bellunopress.it\\\/#organization\"},\"potentialAction\":[{\"@type\":\"SearchAction\",\"target\":{\"@type\":\"EntryPoint\",\"urlTemplate\":\"https:\\\/\\\/www.bellunopress.it\\\/?s={search_term_string}\"},\"query-input\":{\"@type\":\"PropertyValueSpecification\",\"valueRequired\":true,\"valueName\":\"search_term_string\"}}],\"inLanguage\":\"fr-FR\"},{\"@type\":\"Organization\",\"@id\":\"https:\\\/\\\/www.bellunopress.it\\\/#organization\",\"name\":\"Bellunopress\",\"url\":\"https:\\\/\\\/www.bellunopress.it\\\/\",\"logo\":{\"@type\":\"ImageObject\",\"inLanguage\":\"fr-FR\",\"@id\":\"https:\\\/\\\/www.bellunopress.it\\\/#\\\/schema\\\/logo\\\/image\\\/\",\"url\":\"https:\\\/\\\/www.bellunopress.it\\\/wp-content\\\/uploads\\\/2011\\\/05\\\/cropped-logo-bellunopress-.jpg\",\"contentUrl\":\"https:\\\/\\\/www.bellunopress.it\\\/wp-content\\\/uploads\\\/2011\\\/05\\\/cropped-logo-bellunopress-.jpg\",\"width\":512,\"height\":512,\"caption\":\"Bellunopress\"},\"image\":{\"@id\":\"https:\\\/\\\/www.bellunopress.it\\\/#\\\/schema\\\/logo\\\/image\\\/\"},\"sameAs\":[\"https:\\\/\\\/www.facebook.com\\\/profile.php?id=100008943462799\",\"https:\\\/\\\/x.com\\\/bellunopress\",\"https:\\\/\\\/www.linkedin.com\\\/hp\\\/?dnr=JBzUWaJfMUw8vbXJJ2tVW5-I3jZKvC4wsoxE&amp;amp;amp;amp;amp;amp;trk=nav_responsive_tab_home\",\"https:\\\/\\\/www.youtube.com\\\/channel\\\/UCxL0wu1uN0_3_7hGG0306cw\"]},{\"@type\":\"Person\",\"@id\":\"https:\\\/\\\/www.bellunopress.it\\\/#\\\/schema\\\/person\\\/79bb06722b37ece1c03d3e94beb30d73\",\"name\":\"redazione\",\"image\":{\"@type\":\"ImageObject\",\"inLanguage\":\"fr-FR\",\"@id\":\"https:\\\/\\\/secure.gravatar.com\\\/avatar\\\/37d968a2e67a6fd04c169c4bdef102d0bc5d31b2546345219e348575eb80e9a0?s=96&d=mm&r=g\",\"url\":\"https:\\\/\\\/secure.gravatar.com\\\/avatar\\\/37d968a2e67a6fd04c169c4bdef102d0bc5d31b2546345219e348575eb80e9a0?s=96&d=mm&r=g\",\"contentUrl\":\"https:\\\/\\\/secure.gravatar.com\\\/avatar\\\/37d968a2e67a6fd04c169c4bdef102d0bc5d31b2546345219e348575eb80e9a0?s=96&d=mm&r=g\",\"caption\":\"redazione\"},\"sameAs\":[\"http:\\\/\\\/www.bellunopress.it\",\"https:\\\/\\\/x.com\\\/bellunopress\"],\"url\":\"https:\\\/\\\/www.bellunopress.it\\\/fr\\\/author\\\/redazione\\\/\"}]}<\/script>\n<!-- \/ Yoast SEO plugin. -->","yoast_head_json":{"title":"Rete elettrica. Incontro Provincia-Terna-ministro D'Inc\u00e0. Padrin: \u00abChiediamo a Terna di conoscere i piani relativi all'intero Bellunese\u00bb - Bellunopress - Dolomiti","robots":{"index":"index","follow":"follow","max-snippet":"max-snippet:-1","max-image-preview":"max-image-preview:large","max-video-preview":"max-video-preview:-1"},"canonical":"https:\/\/www.bellunopress.it\/fr\/2021\/01\/21\/rete-elettrica-incontro-provincia-terna-ministro-dinca-padrin-chiediamo-a-terna-di-conoscere-i-piani-relativi-allintero-bellunese\/","og_locale":"fr_FR","og_type":"article","og_title":"Rete elettrica. Incontro Provincia-Terna-ministro D'Inc\u00e0. Padrin: \u00abChiediamo a Terna di conoscere i piani relativi all'intero Bellunese\u00bb - Bellunopress - Dolomiti","og_description":"La Provincia di Belluno ha incontrato oggi i vertici di Terna, per continuare a ragionare dei miglioramenti infrastrutturali che riguardano le reti elettriche del Bellunese. Durante la riunione (in videoconferenza) sono stati trattati alcuni temi di grande importanza per il territorio montano: dalla sicurezza delle reti ai recenti disservizi verificatisi con le grandi nevicate di [&hellip;]","og_url":"https:\/\/www.bellunopress.it\/fr\/2021\/01\/21\/rete-elettrica-incontro-provincia-terna-ministro-dinca-padrin-chiediamo-a-terna-di-conoscere-i-piani-relativi-allintero-bellunese\/","og_site_name":"Bellunopress - Dolomiti","article_publisher":"https:\/\/www.facebook.com\/profile.php?id=100008943462799","article_published_time":"2021-01-21T21:20:28+00:00","og_image":[{"width":270,"height":270,"url":"https:\/\/www.bellunopress.it\/wp-content\/uploads\/2010\/07\/traliccio-270x270.jpg","type":"image\/jpeg"}],"author":"redazione","twitter_card":"summary_large_image","twitter_creator":"@bellunopress","twitter_site":"@bellunopress","twitter_misc":{"\u00c9crit par":"redazione","Dur\u00e9e de lecture estim\u00e9e":"3 minutes"},"schema":{"@context":"https:\/\/schema.org","@graph":[{"@type":"Article","@id":"https:\/\/www.bellunopress.it\/2021\/01\/21\/rete-elettrica-incontro-provincia-terna-ministro-dinca-padrin-chiediamo-a-terna-di-conoscere-i-piani-relativi-allintero-bellunese\/#article","isPartOf":{"@id":"https:\/\/www.bellunopress.it\/2021\/01\/21\/rete-elettrica-incontro-provincia-terna-ministro-dinca-padrin-chiediamo-a-terna-di-conoscere-i-piani-relativi-allintero-bellunese\/"},"author":{"name":"redazione","@id":"https:\/\/www.bellunopress.it\/#\/schema\/person\/79bb06722b37ece1c03d3e94beb30d73"},"headline":"Rete elettrica. Incontro Provincia-Terna-ministro D&#8217;Inc\u00e0. Padrin: \u00abChiediamo a Terna di conoscere i piani relativi all&#8217;intero Bellunese\u00bb","datePublished":"2021-01-21T21:20:28+00:00","mainEntityOfPage":{"@id":"https:\/\/www.bellunopress.it\/2021\/01\/21\/rete-elettrica-incontro-provincia-terna-ministro-dinca-padrin-chiediamo-a-terna-di-conoscere-i-piani-relativi-allintero-bellunese\/"},"wordCount":713,"publisher":{"@id":"https:\/\/www.bellunopress.it\/#organization"},"image":{"@id":"https:\/\/www.bellunopress.it\/2021\/01\/21\/rete-elettrica-incontro-provincia-terna-ministro-dinca-padrin-chiediamo-a-terna-di-conoscere-i-piani-relativi-allintero-bellunese\/#primaryimage"},"thumbnailUrl":"https:\/\/www.bellunopress.it\/wp-content\/uploads\/2010\/07\/traliccio-270x270.jpg","articleSection":["Cronaca\/Politica","Prima Pagina","Societ\u00e0, Associazioni, Istituzioni"],"inLanguage":"fr-FR"},{"@type":"WebPage","@id":"https:\/\/www.bellunopress.it\/2021\/01\/21\/rete-elettrica-incontro-provincia-terna-ministro-dinca-padrin-chiediamo-a-terna-di-conoscere-i-piani-relativi-allintero-bellunese\/","url":"https:\/\/www.bellunopress.it\/2021\/01\/21\/rete-elettrica-incontro-provincia-terna-ministro-dinca-padrin-chiediamo-a-terna-di-conoscere-i-piani-relativi-allintero-bellunese\/","name":"Rete elettrica. Incontro Provincia-Terna-ministro D'Inc\u00e0. Padrin: \u00abChiediamo a Terna di conoscere i piani relativi all'intero Bellunese\u00bb - Bellunopress - Dolomiti","isPartOf":{"@id":"https:\/\/www.bellunopress.it\/#website"},"primaryImageOfPage":{"@id":"https:\/\/www.bellunopress.it\/2021\/01\/21\/rete-elettrica-incontro-provincia-terna-ministro-dinca-padrin-chiediamo-a-terna-di-conoscere-i-piani-relativi-allintero-bellunese\/#primaryimage"},"image":{"@id":"https:\/\/www.bellunopress.it\/2021\/01\/21\/rete-elettrica-incontro-provincia-terna-ministro-dinca-padrin-chiediamo-a-terna-di-conoscere-i-piani-relativi-allintero-bellunese\/#primaryimage"},"thumbnailUrl":"https:\/\/www.bellunopress.it\/wp-content\/uploads\/2010\/07\/traliccio-270x270.jpg","datePublished":"2021-01-21T21:20:28+00:00","breadcrumb":{"@id":"https:\/\/www.bellunopress.it\/2021\/01\/21\/rete-elettrica-incontro-provincia-terna-ministro-dinca-padrin-chiediamo-a-terna-di-conoscere-i-piani-relativi-allintero-bellunese\/#breadcrumb"},"inLanguage":"fr-FR","potentialAction":[{"@type":"ReadAction","target":["https:\/\/www.bellunopress.it\/2021\/01\/21\/rete-elettrica-incontro-provincia-terna-ministro-dinca-padrin-chiediamo-a-terna-di-conoscere-i-piani-relativi-allintero-bellunese\/"]}]},{"@type":"ImageObject","inLanguage":"fr-FR","@id":"https:\/\/www.bellunopress.it\/2021\/01\/21\/rete-elettrica-incontro-provincia-terna-ministro-dinca-padrin-chiediamo-a-terna-di-conoscere-i-piani-relativi-allintero-bellunese\/#primaryimage","url":"https:\/\/www.bellunopress.it\/wp-content\/uploads\/2010\/07\/traliccio-270x270.jpg","contentUrl":"https:\/\/www.bellunopress.it\/wp-content\/uploads\/2010\/07\/traliccio-270x270.jpg","width":270,"height":270},{"@type":"BreadcrumbList","@id":"https:\/\/www.bellunopress.it\/2021\/01\/21\/rete-elettrica-incontro-provincia-terna-ministro-dinca-padrin-chiediamo-a-terna-di-conoscere-i-piani-relativi-allintero-bellunese\/#breadcrumb","itemListElement":[{"@type":"ListItem","position":1,"name":"Home","item":"https:\/\/www.bellunopress.it\/"},{"@type":"ListItem","position":2,"name":"Rete elettrica. Incontro Provincia-Terna-ministro D&#8217;Inc\u00e0. Padrin: \u00abChiediamo a Terna di conoscere i piani relativi all&#8217;intero Bellunese\u00bb"}]},{"@type":"WebSite","@id":"https:\/\/www.bellunopress.it\/#website","url":"https:\/\/www.bellunopress.it\/","name":"Bellunopress - Dolomiti","description":"e-mail: redazione@bellunopress.it","publisher":{"@id":"https:\/\/www.bellunopress.it\/#organization"},"potentialAction":[{"@type":"SearchAction","target":{"@type":"EntryPoint","urlTemplate":"https:\/\/www.bellunopress.it\/?s={search_term_string}"},"query-input":{"@type":"PropertyValueSpecification","valueRequired":true,"valueName":"search_term_string"}}],"inLanguage":"fr-FR"},{"@type":"Organization","@id":"https:\/\/www.bellunopress.it\/#organization","name":"Bellunopress","url":"https:\/\/www.bellunopress.it\/","logo":{"@type":"ImageObject","inLanguage":"fr-FR","@id":"https:\/\/www.bellunopress.it\/#\/schema\/logo\/image\/","url":"https:\/\/www.bellunopress.it\/wp-content\/uploads\/2011\/05\/cropped-logo-bellunopress-.jpg","contentUrl":"https:\/\/www.bellunopress.it\/wp-content\/uploads\/2011\/05\/cropped-logo-bellunopress-.jpg","width":512,"height":512,"caption":"Bellunopress"},"image":{"@id":"https:\/\/www.bellunopress.it\/#\/schema\/logo\/image\/"},"sameAs":["https:\/\/www.facebook.com\/profile.php?id=100008943462799","https:\/\/x.com\/bellunopress","https:\/\/www.linkedin.com\/hp\/?dnr=JBzUWaJfMUw8vbXJJ2tVW5-I3jZKvC4wsoxE&amp;amp;amp;amp;amp;amp;trk=nav_responsive_tab_home","https:\/\/www.youtube.com\/channel\/UCxL0wu1uN0_3_7hGG0306cw"]},{"@type":"Person","@id":"https:\/\/www.bellunopress.it\/#\/schema\/person\/79bb06722b37ece1c03d3e94beb30d73","name":"r\u00e9daction","image":{"@type":"ImageObject","inLanguage":"fr-FR","@id":"https:\/\/secure.gravatar.com\/avatar\/37d968a2e67a6fd04c169c4bdef102d0bc5d31b2546345219e348575eb80e9a0?s=96&d=mm&r=g","url":"https:\/\/secure.gravatar.com\/avatar\/37d968a2e67a6fd04c169c4bdef102d0bc5d31b2546345219e348575eb80e9a0?s=96&d=mm&r=g","contentUrl":"https:\/\/secure.gravatar.com\/avatar\/37d968a2e67a6fd04c169c4bdef102d0bc5d31b2546345219e348575eb80e9a0?s=96&d=mm&r=g","caption":"redazione"},"sameAs":["http:\/\/www.bellunopress.it","https:\/\/x.com\/bellunopress"],"url":"https:\/\/www.bellunopress.it\/fr\/author\/redazione\/"}]}},"_links":{"self":[{"href":"https:\/\/www.bellunopress.it\/fr\/wp-json\/wp\/v2\/posts\/121069","targetHints":{"allow":["GET"]}}],"collection":[{"href":"https:\/\/www.bellunopress.it\/fr\/wp-json\/wp\/v2\/posts"}],"about":[{"href":"https:\/\/www.bellunopress.it\/fr\/wp-json\/wp\/v2\/types\/post"}],"author":[{"embeddable":true,"href":"https:\/\/www.bellunopress.it\/fr\/wp-json\/wp\/v2\/users\/2"}],"replies":[{"embeddable":true,"href":"https:\/\/www.bellunopress.it\/fr\/wp-json\/wp\/v2\/comments?post=121069"}],"version-history":[{"count":1,"href":"https:\/\/www.bellunopress.it\/fr\/wp-json\/wp\/v2\/posts\/121069\/revisions"}],"predecessor-version":[{"id":121070,"href":"https:\/\/www.bellunopress.it\/fr\/wp-json\/wp\/v2\/posts\/121069\/revisions\/121070"}],"wp:featuredmedia":[{"embeddable":true,"href":"https:\/\/www.bellunopress.it\/fr\/wp-json\/wp\/v2\/media\/17386"}],"wp:attachment":[{"href":"https:\/\/www.bellunopress.it\/fr\/wp-json\/wp\/v2\/media?parent=121069"}],"wp:term":[{"taxonomy":"category","embeddable":true,"href":"https:\/\/www.bellunopress.it\/fr\/wp-json\/wp\/v2\/categories?post=121069"},{"taxonomy":"post_tag","embeddable":true,"href":"https:\/\/www.bellunopress.it\/fr\/wp-json\/wp\/v2\/tags?post=121069"}],"curies":[{"name":"wp","href":"https:\/\/api.w.org\/{rel}","templated":true}]}}