{"id":121067,"date":"2021-01-21T21:50:44","date_gmt":"2021-01-21T20:50:44","guid":{"rendered":"http:\/\/www.bellunopress.it\/?p=121067"},"modified":"2021-01-21T21:50:44","modified_gmt":"2021-01-21T20:50:44","slug":"grandi-opere-padrin-belluno-assente-ma-lavoriamo-affinche-le-olimpiadi-risolvano-i-nostri-gap-bond-ennesima-dimenticanza-del-bellunese","status":"publish","type":"post","link":"https:\/\/www.bellunopress.it\/fr\/2021\/01\/21\/grandi-opere-padrin-belluno-assente-ma-lavoriamo-affinche-le-olimpiadi-risolvano-i-nostri-gap-bond-ennesima-dimenticanza-del-bellunese\/","title":{"rendered":"Grandi opere. Padrin: \u00abBelluno assente ma lavoriamo affinch\u00e9 le Olimpiadi risolvano i nostri gap\u00bb. Bond: \u00abEnnesima dimenticanza del Bellunese\u00bb"},"content":{"rendered":"<figure id=\"attachment_111249\" aria-describedby=\"caption-attachment-111249\" style=\"width: 200px\" class=\"wp-caption alignleft\"><a href=\"http:\/\/www.bellunopress.it\/fr\/2020\/01\/15\/riclassificazione-delle-strade-padrin-bene-ma-si-mantenga-il-sistema-di-gestione-di-veneto-strade\/roberto-padrin-presidente-provincia\/\" rel=\"attachment wp-att-111249\"><img loading=\"lazy\" decoding=\"async\" class=\"size-full wp-image-111249\" src=\"http:\/\/www.bellunopress.it\/wp-content\/uploads\/2020\/01\/roberto-padrin-presidente-provincia.jpg\" alt=\"\" width=\"200\" height=\"279\" \/><\/a><figcaption id=\"caption-attachment-111249\" class=\"wp-caption-text\">Roberto Padrin &#8211; Presidente della Provincia<\/figcaption><\/figure>\n<p>\u00abNon posso dire di non essere sorpreso. Ma sicuramente le strategie relative alle Olimpiadi, pur non rientrando espressamente nella lista grandi opere per il Paese, ci potranno dare una mano a colmare il gap con i territori limitrofi\u00bb. Cos\u00ec il presidente della Provincia di Belluno Roberto Padrin, a commento della lista delle opere infrastrutturali di importanza strategica per l\u2019Italia presentata dal Governo alle Camere. Lista in cui non compare nessuna grande opera per il Bellunese.<br \/>\n\u00abIl nostro territorio sconta da tempo diverse carenze infrastrutturali. Ma negli ultimi anni pi\u00f9 di qualcosa si \u00e8 mosso. Abbiamo gli interventi sulla Alemagna e sulla 51 bis, inizialmente previsti per i Mondiali di Cortina. E ci sono i progetti per le varianti di Longarone e Cortina in vista delle Olimpiadi 2026. Nel frattempo \u00e8 stata completata l\u2019elettrificazione della linea ferroviaria e cercheremo &#8211; se possibile &#8211; di portarla fino a Calalzo. Dovremo lavorare per risolvere anche altre criticit\u00e0, come la diffusione delle infrastrutture digitali e il miglioramento delle reti elettriche\u00bb.<\/p>\n<p><a href=\"http:\/\/www.bellunopress.it\/fr\/2018\/10\/07\/agricoltura-bond-proposta-di-legge-disattesa-dal-governo-per-istituire-il-ministero-del-cibo\/dario-bond-4\/\" rel=\"attachment wp-att-98465\"><img loading=\"lazy\" decoding=\"async\" class=\"alignleft size-full wp-image-98465\" src=\"http:\/\/www.bellunopress.it\/wp-content\/uploads\/2018\/10\/Dario-Bond.jpg\" alt=\"\" width=\"239\" height=\"290\" \/><\/a>\u00abNella lista delle opere pubbliche strategiche per il Paese Belluno non c&#8217;\u00e8. N\u00e9 autostrada n\u00e9 ferrovia. E di questo passo la provincia montana rester\u00e0 sempre pi\u00f9 periferia dell&#8217;impero\u00bb. A dirlo \u00e8 il deputato di Forza Italia Dario Bond, dopo aver visionato l&#8217;elenco delle grandi opere strategiche per l&#8217;Italia e dei relativi commissari straordinari incaricati dal governo.<\/p>\n<p>\u00abNella lista ci sono completamenti dell&#8217;alta velocit\u00e0 ferroviaria e grandi corridoi stradali. Ma manca totalmente il Bellunese, quasi non fossimo il territorio chiamato a ospitare buona parte delle Olimpiadi invernali 2026. Cos\u00ec non va, perch\u00e9 gi\u00e0 la montagna deve scontare grandi problemi infrastrutturali rispetto alla pianura e ai vicini autonomi di Trento e Bolzano. Se poi tutti gli altri territori continuano a correre, mentre il Bellunese resta fermo al palo, significa che tra qualche anno le terre alte saranno abbandonate e sempre pi\u00f9 spopolate. Interrogher\u00f2 il ministro delle infrastrutture. Se vogliamo dare un presente oltre che un futuro al Bellunese, servono opere pubbliche importanti, peraltro richieste in maniera trasversale. Su mio interessamento, \u00e8 stato chiesto pi\u00f9 volte, anche da colleghi alla Camera e al Senato, un&#8217;azione forte su Belluno, dove la crisi demografica sta assumendo contorni drammatici e dove solo investimenti infrastrutturali possono salvare il territorio\u00bb.<\/p>\n<p>\u00abDa parte mia l&#8217;ho sempre detto e non mi nascondo &#8211; conclude Dario Bond -: serve un corridoio infrastrutturale in grado di collegare la montagna sia con la vicina Austria sia con il porto di Venezia. Una strada di scorrimento veloce, ma che sia anche contenitore di tutti i sottoservizi, dalla banda larga all&#8217;alta tensione elettrica\u00bb.<\/p>","protected":false},"excerpt":{"rendered":"<p>\u00abNon posso dire di non essere sorpreso. Ma sicuramente le strategie relative alle Olimpiadi, pur non rientrando espressamente nella lista grandi opere per il Paese, ci potranno dare una mano a colmare il gap con i territori limitrofi\u00bb. Cos\u00ec il presidente della Provincia di Belluno Roberto Padrin, a commento della lista delle opere infrastrutturali di [&hellip;]<\/p>\n","protected":false},"author":2,"featured_media":114304,"comment_status":"closed","ping_status":"open","sticky":false,"template":"","format":"standard","meta":{"footnotes":""},"categories":[5,36,26],"tags":[],"class_list":["post-121067","post","type-post","status-publish","format-standard","has-post-thumbnail","category-cronaca","category-lavoro-economia","category-prima-pagina"],"yoast_head":"<!-- This site is optimized with the Yoast SEO plugin v28.4 - https:\/\/yoast.com\/product\/yoast-seo-wordpress\/ -->\n<title>Grandi opere. Padrin: \u00abBelluno assente ma lavoriamo affinch\u00e9 le Olimpiadi risolvano i nostri gap\u00bb. Bond: \u00abEnnesima dimenticanza del Bellunese\u00bb - Bellunopress - Dolomiti<\/title>\n<meta name=\"robots\" content=\"index, follow, max-snippet:-1, max-image-preview:large, max-video-preview:-1\" \/>\n<link rel=\"canonical\" href=\"https:\/\/www.bellunopress.it\/fr\/2021\/01\/21\/grandi-opere-padrin-belluno-assente-ma-lavoriamo-affinche-le-olimpiadi-risolvano-i-nostri-gap-bond-ennesima-dimenticanza-del-bellunese\/\" \/>\n<meta property=\"og:locale\" content=\"fr_FR\" \/>\n<meta property=\"og:type\" content=\"article\" \/>\n<meta property=\"og:title\" content=\"Grandi opere. Padrin: \u00abBelluno assente ma lavoriamo affinch\u00e9 le Olimpiadi risolvano i nostri gap\u00bb. Bond: \u00abEnnesima dimenticanza del Bellunese\u00bb - Bellunopress - Dolomiti\" \/>\n<meta property=\"og:description\" content=\"\u00abNon posso dire di non essere sorpreso. Ma sicuramente le strategie relative alle Olimpiadi, pur non rientrando espressamente nella lista grandi opere per il Paese, ci potranno dare una mano a colmare il gap con i territori limitrofi\u00bb. Cos\u00ec il presidente della Provincia di Belluno Roberto Padrin, a commento della lista delle opere infrastrutturali di [&hellip;]\" \/>\n<meta property=\"og:url\" content=\"https:\/\/www.bellunopress.it\/fr\/2021\/01\/21\/grandi-opere-padrin-belluno-assente-ma-lavoriamo-affinche-le-olimpiadi-risolvano-i-nostri-gap-bond-ennesima-dimenticanza-del-bellunese\/\" \/>\n<meta property=\"og:site_name\" content=\"Bellunopress - Dolomiti\" \/>\n<meta property=\"article:publisher\" content=\"https:\/\/www.facebook.com\/profile.php?id=100008943462799\" \/>\n<meta property=\"article:published_time\" content=\"2021-01-21T20:50:44+00:00\" \/>\n<meta property=\"og:image\" content=\"https:\/\/www.bellunopress.it\/wp-content\/uploads\/2020\/05\/roberto-padrin_edited.jpg\" \/>\n\t<meta property=\"og:image:width\" content=\"736\" \/>\n\t<meta property=\"og:image:height\" content=\"800\" \/>\n\t<meta property=\"og:image:type\" content=\"image\/jpeg\" \/>\n<meta name=\"author\" content=\"redazione\" \/>\n<meta name=\"twitter:card\" content=\"summary_large_image\" \/>\n<meta name=\"twitter:creator\" content=\"@bellunopress\" \/>\n<meta name=\"twitter:site\" content=\"@bellunopress\" \/>\n<meta name=\"twitter:label1\" content=\"\u00c9crit par\" \/>\n\t<meta name=\"twitter:data1\" content=\"redazione\" \/>\n\t<meta name=\"twitter:label2\" content=\"Dur\u00e9e de lecture estim\u00e9e\" \/>\n\t<meta name=\"twitter:data2\" content=\"2 minutes\" \/>\n<script type=\"application\/ld+json\" class=\"yoast-schema-graph\">{\"@context\":\"https:\\\/\\\/schema.org\",\"@graph\":[{\"@type\":\"Article\",\"@id\":\"https:\\\/\\\/www.bellunopress.it\\\/2021\\\/01\\\/21\\\/grandi-opere-padrin-belluno-assente-ma-lavoriamo-affinche-le-olimpiadi-risolvano-i-nostri-gap-bond-ennesima-dimenticanza-del-bellunese\\\/#article\",\"isPartOf\":{\"@id\":\"https:\\\/\\\/www.bellunopress.it\\\/2021\\\/01\\\/21\\\/grandi-opere-padrin-belluno-assente-ma-lavoriamo-affinche-le-olimpiadi-risolvano-i-nostri-gap-bond-ennesima-dimenticanza-del-bellunese\\\/\"},\"author\":{\"name\":\"redazione\",\"@id\":\"https:\\\/\\\/www.bellunopress.it\\\/#\\\/schema\\\/person\\\/79bb06722b37ece1c03d3e94beb30d73\"},\"headline\":\"Grandi opere. Padrin: \u00abBelluno assente ma lavoriamo affinch\u00e9 le Olimpiadi risolvano i nostri gap\u00bb. Bond: \u00abEnnesima dimenticanza del Bellunese\u00bb\",\"datePublished\":\"2021-01-21T20:50:44+00:00\",\"mainEntityOfPage\":{\"@id\":\"https:\\\/\\\/www.bellunopress.it\\\/2021\\\/01\\\/21\\\/grandi-opere-padrin-belluno-assente-ma-lavoriamo-affinche-le-olimpiadi-risolvano-i-nostri-gap-bond-ennesima-dimenticanza-del-bellunese\\\/\"},\"wordCount\":458,\"publisher\":{\"@id\":\"https:\\\/\\\/www.bellunopress.it\\\/#organization\"},\"image\":{\"@id\":\"https:\\\/\\\/www.bellunopress.it\\\/2021\\\/01\\\/21\\\/grandi-opere-padrin-belluno-assente-ma-lavoriamo-affinche-le-olimpiadi-risolvano-i-nostri-gap-bond-ennesima-dimenticanza-del-bellunese\\\/#primaryimage\"},\"thumbnailUrl\":\"https:\\\/\\\/www.bellunopress.it\\\/wp-content\\\/uploads\\\/2020\\\/05\\\/roberto-padrin_edited.jpg\",\"articleSection\":[\"Cronaca\\\/Politica\",\"Lavoro, Economia, Turismo\",\"Prima Pagina\"],\"inLanguage\":\"fr-FR\"},{\"@type\":\"WebPage\",\"@id\":\"https:\\\/\\\/www.bellunopress.it\\\/2021\\\/01\\\/21\\\/grandi-opere-padrin-belluno-assente-ma-lavoriamo-affinche-le-olimpiadi-risolvano-i-nostri-gap-bond-ennesima-dimenticanza-del-bellunese\\\/\",\"url\":\"https:\\\/\\\/www.bellunopress.it\\\/2021\\\/01\\\/21\\\/grandi-opere-padrin-belluno-assente-ma-lavoriamo-affinche-le-olimpiadi-risolvano-i-nostri-gap-bond-ennesima-dimenticanza-del-bellunese\\\/\",\"name\":\"Grandi opere. Padrin: \u00abBelluno assente ma lavoriamo affinch\u00e9 le Olimpiadi risolvano i nostri gap\u00bb. Bond: \u00abEnnesima dimenticanza del Bellunese\u00bb - Bellunopress - Dolomiti\",\"isPartOf\":{\"@id\":\"https:\\\/\\\/www.bellunopress.it\\\/#website\"},\"primaryImageOfPage\":{\"@id\":\"https:\\\/\\\/www.bellunopress.it\\\/2021\\\/01\\\/21\\\/grandi-opere-padrin-belluno-assente-ma-lavoriamo-affinche-le-olimpiadi-risolvano-i-nostri-gap-bond-ennesima-dimenticanza-del-bellunese\\\/#primaryimage\"},\"image\":{\"@id\":\"https:\\\/\\\/www.bellunopress.it\\\/2021\\\/01\\\/21\\\/grandi-opere-padrin-belluno-assente-ma-lavoriamo-affinche-le-olimpiadi-risolvano-i-nostri-gap-bond-ennesima-dimenticanza-del-bellunese\\\/#primaryimage\"},\"thumbnailUrl\":\"https:\\\/\\\/www.bellunopress.it\\\/wp-content\\\/uploads\\\/2020\\\/05\\\/roberto-padrin_edited.jpg\",\"datePublished\":\"2021-01-21T20:50:44+00:00\",\"breadcrumb\":{\"@id\":\"https:\\\/\\\/www.bellunopress.it\\\/2021\\\/01\\\/21\\\/grandi-opere-padrin-belluno-assente-ma-lavoriamo-affinche-le-olimpiadi-risolvano-i-nostri-gap-bond-ennesima-dimenticanza-del-bellunese\\\/#breadcrumb\"},\"inLanguage\":\"fr-FR\",\"potentialAction\":[{\"@type\":\"ReadAction\",\"target\":[\"https:\\\/\\\/www.bellunopress.it\\\/2021\\\/01\\\/21\\\/grandi-opere-padrin-belluno-assente-ma-lavoriamo-affinche-le-olimpiadi-risolvano-i-nostri-gap-bond-ennesima-dimenticanza-del-bellunese\\\/\"]}]},{\"@type\":\"ImageObject\",\"inLanguage\":\"fr-FR\",\"@id\":\"https:\\\/\\\/www.bellunopress.it\\\/2021\\\/01\\\/21\\\/grandi-opere-padrin-belluno-assente-ma-lavoriamo-affinche-le-olimpiadi-risolvano-i-nostri-gap-bond-ennesima-dimenticanza-del-bellunese\\\/#primaryimage\",\"url\":\"https:\\\/\\\/www.bellunopress.it\\\/wp-content\\\/uploads\\\/2020\\\/05\\\/roberto-padrin_edited.jpg\",\"contentUrl\":\"https:\\\/\\\/www.bellunopress.it\\\/wp-content\\\/uploads\\\/2020\\\/05\\\/roberto-padrin_edited.jpg\",\"width\":736,\"height\":800},{\"@type\":\"BreadcrumbList\",\"@id\":\"https:\\\/\\\/www.bellunopress.it\\\/2021\\\/01\\\/21\\\/grandi-opere-padrin-belluno-assente-ma-lavoriamo-affinche-le-olimpiadi-risolvano-i-nostri-gap-bond-ennesima-dimenticanza-del-bellunese\\\/#breadcrumb\",\"itemListElement\":[{\"@type\":\"ListItem\",\"position\":1,\"name\":\"Home\",\"item\":\"https:\\\/\\\/www.bellunopress.it\\\/\"},{\"@type\":\"ListItem\",\"position\":2,\"name\":\"Grandi opere. Padrin: \u00abBelluno assente ma lavoriamo affinch\u00e9 le Olimpiadi risolvano i nostri gap\u00bb. Bond: \u00abEnnesima dimenticanza del Bellunese\u00bb\"}]},{\"@type\":\"WebSite\",\"@id\":\"https:\\\/\\\/www.bellunopress.it\\\/#website\",\"url\":\"https:\\\/\\\/www.bellunopress.it\\\/\",\"name\":\"Bellunopress - Dolomiti\",\"description\":\"e-mail: redazione@bellunopress.it\",\"publisher\":{\"@id\":\"https:\\\/\\\/www.bellunopress.it\\\/#organization\"},\"potentialAction\":[{\"@type\":\"SearchAction\",\"target\":{\"@type\":\"EntryPoint\",\"urlTemplate\":\"https:\\\/\\\/www.bellunopress.it\\\/?s={search_term_string}\"},\"query-input\":{\"@type\":\"PropertyValueSpecification\",\"valueRequired\":true,\"valueName\":\"search_term_string\"}}],\"inLanguage\":\"fr-FR\"},{\"@type\":\"Organization\",\"@id\":\"https:\\\/\\\/www.bellunopress.it\\\/#organization\",\"name\":\"Bellunopress\",\"url\":\"https:\\\/\\\/www.bellunopress.it\\\/\",\"logo\":{\"@type\":\"ImageObject\",\"inLanguage\":\"fr-FR\",\"@id\":\"https:\\\/\\\/www.bellunopress.it\\\/#\\\/schema\\\/logo\\\/image\\\/\",\"url\":\"https:\\\/\\\/www.bellunopress.it\\\/wp-content\\\/uploads\\\/2011\\\/05\\\/cropped-logo-bellunopress-.jpg\",\"contentUrl\":\"https:\\\/\\\/www.bellunopress.it\\\/wp-content\\\/uploads\\\/2011\\\/05\\\/cropped-logo-bellunopress-.jpg\",\"width\":512,\"height\":512,\"caption\":\"Bellunopress\"},\"image\":{\"@id\":\"https:\\\/\\\/www.bellunopress.it\\\/#\\\/schema\\\/logo\\\/image\\\/\"},\"sameAs\":[\"https:\\\/\\\/www.facebook.com\\\/profile.php?id=100008943462799\",\"https:\\\/\\\/x.com\\\/bellunopress\",\"https:\\\/\\\/www.linkedin.com\\\/hp\\\/?dnr=JBzUWaJfMUw8vbXJJ2tVW5-I3jZKvC4wsoxE&amp;amp;amp;amp;amp;amp;trk=nav_responsive_tab_home\",\"https:\\\/\\\/www.youtube.com\\\/channel\\\/UCxL0wu1uN0_3_7hGG0306cw\"]},{\"@type\":\"Person\",\"@id\":\"https:\\\/\\\/www.bellunopress.it\\\/#\\\/schema\\\/person\\\/79bb06722b37ece1c03d3e94beb30d73\",\"name\":\"redazione\",\"image\":{\"@type\":\"ImageObject\",\"inLanguage\":\"fr-FR\",\"@id\":\"https:\\\/\\\/secure.gravatar.com\\\/avatar\\\/37d968a2e67a6fd04c169c4bdef102d0bc5d31b2546345219e348575eb80e9a0?s=96&d=mm&r=g\",\"url\":\"https:\\\/\\\/secure.gravatar.com\\\/avatar\\\/37d968a2e67a6fd04c169c4bdef102d0bc5d31b2546345219e348575eb80e9a0?s=96&d=mm&r=g\",\"contentUrl\":\"https:\\\/\\\/secure.gravatar.com\\\/avatar\\\/37d968a2e67a6fd04c169c4bdef102d0bc5d31b2546345219e348575eb80e9a0?s=96&d=mm&r=g\",\"caption\":\"redazione\"},\"sameAs\":[\"http:\\\/\\\/www.bellunopress.it\",\"https:\\\/\\\/x.com\\\/bellunopress\"],\"url\":\"https:\\\/\\\/www.bellunopress.it\\\/fr\\\/author\\\/redazione\\\/\"}]}<\/script>\n<!-- \/ Yoast SEO plugin. -->","yoast_head_json":{"title":"Grandi opere. Padrin: \u00abBelluno assente ma lavoriamo affinch\u00e9 le Olimpiadi risolvano i nostri gap\u00bb. Bond: \u00abEnnesima dimenticanza del Bellunese\u00bb - Bellunopress - Dolomiti","robots":{"index":"index","follow":"follow","max-snippet":"max-snippet:-1","max-image-preview":"max-image-preview:large","max-video-preview":"max-video-preview:-1"},"canonical":"https:\/\/www.bellunopress.it\/fr\/2021\/01\/21\/grandi-opere-padrin-belluno-assente-ma-lavoriamo-affinche-le-olimpiadi-risolvano-i-nostri-gap-bond-ennesima-dimenticanza-del-bellunese\/","og_locale":"fr_FR","og_type":"article","og_title":"Grandi opere. Padrin: \u00abBelluno assente ma lavoriamo affinch\u00e9 le Olimpiadi risolvano i nostri gap\u00bb. Bond: \u00abEnnesima dimenticanza del Bellunese\u00bb - Bellunopress - Dolomiti","og_description":"\u00abNon posso dire di non essere sorpreso. Ma sicuramente le strategie relative alle Olimpiadi, pur non rientrando espressamente nella lista grandi opere per il Paese, ci potranno dare una mano a colmare il gap con i territori limitrofi\u00bb. Cos\u00ec il presidente della Provincia di Belluno Roberto Padrin, a commento della lista delle opere infrastrutturali di [&hellip;]","og_url":"https:\/\/www.bellunopress.it\/fr\/2021\/01\/21\/grandi-opere-padrin-belluno-assente-ma-lavoriamo-affinche-le-olimpiadi-risolvano-i-nostri-gap-bond-ennesima-dimenticanza-del-bellunese\/","og_site_name":"Bellunopress - Dolomiti","article_publisher":"https:\/\/www.facebook.com\/profile.php?id=100008943462799","article_published_time":"2021-01-21T20:50:44+00:00","og_image":[{"width":736,"height":800,"url":"https:\/\/www.bellunopress.it\/wp-content\/uploads\/2020\/05\/roberto-padrin_edited.jpg","type":"image\/jpeg"}],"author":"redazione","twitter_card":"summary_large_image","twitter_creator":"@bellunopress","twitter_site":"@bellunopress","twitter_misc":{"\u00c9crit par":"redazione","Dur\u00e9e de lecture estim\u00e9e":"2 minutes"},"schema":{"@context":"https:\/\/schema.org","@graph":[{"@type":"Article","@id":"https:\/\/www.bellunopress.it\/2021\/01\/21\/grandi-opere-padrin-belluno-assente-ma-lavoriamo-affinche-le-olimpiadi-risolvano-i-nostri-gap-bond-ennesima-dimenticanza-del-bellunese\/#article","isPartOf":{"@id":"https:\/\/www.bellunopress.it\/2021\/01\/21\/grandi-opere-padrin-belluno-assente-ma-lavoriamo-affinche-le-olimpiadi-risolvano-i-nostri-gap-bond-ennesima-dimenticanza-del-bellunese\/"},"author":{"name":"redazione","@id":"https:\/\/www.bellunopress.it\/#\/schema\/person\/79bb06722b37ece1c03d3e94beb30d73"},"headline":"Grandi opere. Padrin: \u00abBelluno assente ma lavoriamo affinch\u00e9 le Olimpiadi risolvano i nostri gap\u00bb. Bond: \u00abEnnesima dimenticanza del Bellunese\u00bb","datePublished":"2021-01-21T20:50:44+00:00","mainEntityOfPage":{"@id":"https:\/\/www.bellunopress.it\/2021\/01\/21\/grandi-opere-padrin-belluno-assente-ma-lavoriamo-affinche-le-olimpiadi-risolvano-i-nostri-gap-bond-ennesima-dimenticanza-del-bellunese\/"},"wordCount":458,"publisher":{"@id":"https:\/\/www.bellunopress.it\/#organization"},"image":{"@id":"https:\/\/www.bellunopress.it\/2021\/01\/21\/grandi-opere-padrin-belluno-assente-ma-lavoriamo-affinche-le-olimpiadi-risolvano-i-nostri-gap-bond-ennesima-dimenticanza-del-bellunese\/#primaryimage"},"thumbnailUrl":"https:\/\/www.bellunopress.it\/wp-content\/uploads\/2020\/05\/roberto-padrin_edited.jpg","articleSection":["Cronaca\/Politica","Lavoro, Economia, Turismo","Prima Pagina"],"inLanguage":"fr-FR"},{"@type":"WebPage","@id":"https:\/\/www.bellunopress.it\/2021\/01\/21\/grandi-opere-padrin-belluno-assente-ma-lavoriamo-affinche-le-olimpiadi-risolvano-i-nostri-gap-bond-ennesima-dimenticanza-del-bellunese\/","url":"https:\/\/www.bellunopress.it\/2021\/01\/21\/grandi-opere-padrin-belluno-assente-ma-lavoriamo-affinche-le-olimpiadi-risolvano-i-nostri-gap-bond-ennesima-dimenticanza-del-bellunese\/","name":"Grandi opere. Padrin: \u00abBelluno assente ma lavoriamo affinch\u00e9 le Olimpiadi risolvano i nostri gap\u00bb. Bond: \u00abEnnesima dimenticanza del Bellunese\u00bb - Bellunopress - Dolomiti","isPartOf":{"@id":"https:\/\/www.bellunopress.it\/#website"},"primaryImageOfPage":{"@id":"https:\/\/www.bellunopress.it\/2021\/01\/21\/grandi-opere-padrin-belluno-assente-ma-lavoriamo-affinche-le-olimpiadi-risolvano-i-nostri-gap-bond-ennesima-dimenticanza-del-bellunese\/#primaryimage"},"image":{"@id":"https:\/\/www.bellunopress.it\/2021\/01\/21\/grandi-opere-padrin-belluno-assente-ma-lavoriamo-affinche-le-olimpiadi-risolvano-i-nostri-gap-bond-ennesima-dimenticanza-del-bellunese\/#primaryimage"},"thumbnailUrl":"https:\/\/www.bellunopress.it\/wp-content\/uploads\/2020\/05\/roberto-padrin_edited.jpg","datePublished":"2021-01-21T20:50:44+00:00","breadcrumb":{"@id":"https:\/\/www.bellunopress.it\/2021\/01\/21\/grandi-opere-padrin-belluno-assente-ma-lavoriamo-affinche-le-olimpiadi-risolvano-i-nostri-gap-bond-ennesima-dimenticanza-del-bellunese\/#breadcrumb"},"inLanguage":"fr-FR","potentialAction":[{"@type":"ReadAction","target":["https:\/\/www.bellunopress.it\/2021\/01\/21\/grandi-opere-padrin-belluno-assente-ma-lavoriamo-affinche-le-olimpiadi-risolvano-i-nostri-gap-bond-ennesima-dimenticanza-del-bellunese\/"]}]},{"@type":"ImageObject","inLanguage":"fr-FR","@id":"https:\/\/www.bellunopress.it\/2021\/01\/21\/grandi-opere-padrin-belluno-assente-ma-lavoriamo-affinche-le-olimpiadi-risolvano-i-nostri-gap-bond-ennesima-dimenticanza-del-bellunese\/#primaryimage","url":"https:\/\/www.bellunopress.it\/wp-content\/uploads\/2020\/05\/roberto-padrin_edited.jpg","contentUrl":"https:\/\/www.bellunopress.it\/wp-content\/uploads\/2020\/05\/roberto-padrin_edited.jpg","width":736,"height":800},{"@type":"BreadcrumbList","@id":"https:\/\/www.bellunopress.it\/2021\/01\/21\/grandi-opere-padrin-belluno-assente-ma-lavoriamo-affinche-le-olimpiadi-risolvano-i-nostri-gap-bond-ennesima-dimenticanza-del-bellunese\/#breadcrumb","itemListElement":[{"@type":"ListItem","position":1,"name":"Home","item":"https:\/\/www.bellunopress.it\/"},{"@type":"ListItem","position":2,"name":"Grandi opere. Padrin: \u00abBelluno assente ma lavoriamo affinch\u00e9 le Olimpiadi risolvano i nostri gap\u00bb. Bond: \u00abEnnesima dimenticanza del Bellunese\u00bb"}]},{"@type":"WebSite","@id":"https:\/\/www.bellunopress.it\/#website","url":"https:\/\/www.bellunopress.it\/","name":"Bellunopress - Dolomiti","description":"e-mail: redazione@bellunopress.it","publisher":{"@id":"https:\/\/www.bellunopress.it\/#organization"},"potentialAction":[{"@type":"SearchAction","target":{"@type":"EntryPoint","urlTemplate":"https:\/\/www.bellunopress.it\/?s={search_term_string}"},"query-input":{"@type":"PropertyValueSpecification","valueRequired":true,"valueName":"search_term_string"}}],"inLanguage":"fr-FR"},{"@type":"Organization","@id":"https:\/\/www.bellunopress.it\/#organization","name":"Bellunopress","url":"https:\/\/www.bellunopress.it\/","logo":{"@type":"ImageObject","inLanguage":"fr-FR","@id":"https:\/\/www.bellunopress.it\/#\/schema\/logo\/image\/","url":"https:\/\/www.bellunopress.it\/wp-content\/uploads\/2011\/05\/cropped-logo-bellunopress-.jpg","contentUrl":"https:\/\/www.bellunopress.it\/wp-content\/uploads\/2011\/05\/cropped-logo-bellunopress-.jpg","width":512,"height":512,"caption":"Bellunopress"},"image":{"@id":"https:\/\/www.bellunopress.it\/#\/schema\/logo\/image\/"},"sameAs":["https:\/\/www.facebook.com\/profile.php?id=100008943462799","https:\/\/x.com\/bellunopress","https:\/\/www.linkedin.com\/hp\/?dnr=JBzUWaJfMUw8vbXJJ2tVW5-I3jZKvC4wsoxE&amp;amp;amp;amp;amp;amp;trk=nav_responsive_tab_home","https:\/\/www.youtube.com\/channel\/UCxL0wu1uN0_3_7hGG0306cw"]},{"@type":"Person","@id":"https:\/\/www.bellunopress.it\/#\/schema\/person\/79bb06722b37ece1c03d3e94beb30d73","name":"r\u00e9daction","image":{"@type":"ImageObject","inLanguage":"fr-FR","@id":"https:\/\/secure.gravatar.com\/avatar\/37d968a2e67a6fd04c169c4bdef102d0bc5d31b2546345219e348575eb80e9a0?s=96&d=mm&r=g","url":"https:\/\/secure.gravatar.com\/avatar\/37d968a2e67a6fd04c169c4bdef102d0bc5d31b2546345219e348575eb80e9a0?s=96&d=mm&r=g","contentUrl":"https:\/\/secure.gravatar.com\/avatar\/37d968a2e67a6fd04c169c4bdef102d0bc5d31b2546345219e348575eb80e9a0?s=96&d=mm&r=g","caption":"redazione"},"sameAs":["http:\/\/www.bellunopress.it","https:\/\/x.com\/bellunopress"],"url":"https:\/\/www.bellunopress.it\/fr\/author\/redazione\/"}]}},"_links":{"self":[{"href":"https:\/\/www.bellunopress.it\/fr\/wp-json\/wp\/v2\/posts\/121067","targetHints":{"allow":["GET"]}}],"collection":[{"href":"https:\/\/www.bellunopress.it\/fr\/wp-json\/wp\/v2\/posts"}],"about":[{"href":"https:\/\/www.bellunopress.it\/fr\/wp-json\/wp\/v2\/types\/post"}],"author":[{"embeddable":true,"href":"https:\/\/www.bellunopress.it\/fr\/wp-json\/wp\/v2\/users\/2"}],"replies":[{"embeddable":true,"href":"https:\/\/www.bellunopress.it\/fr\/wp-json\/wp\/v2\/comments?post=121067"}],"version-history":[{"count":1,"href":"https:\/\/www.bellunopress.it\/fr\/wp-json\/wp\/v2\/posts\/121067\/revisions"}],"predecessor-version":[{"id":121068,"href":"https:\/\/www.bellunopress.it\/fr\/wp-json\/wp\/v2\/posts\/121067\/revisions\/121068"}],"wp:featuredmedia":[{"embeddable":true,"href":"https:\/\/www.bellunopress.it\/fr\/wp-json\/wp\/v2\/media\/114304"}],"wp:attachment":[{"href":"https:\/\/www.bellunopress.it\/fr\/wp-json\/wp\/v2\/media?parent=121067"}],"wp:term":[{"taxonomy":"category","embeddable":true,"href":"https:\/\/www.bellunopress.it\/fr\/wp-json\/wp\/v2\/categories?post=121067"},{"taxonomy":"post_tag","embeddable":true,"href":"https:\/\/www.bellunopress.it\/fr\/wp-json\/wp\/v2\/tags?post=121067"}],"curies":[{"name":"wp","href":"https:\/\/api.w.org\/{rel}","templated":true}]}}