{"id":121058,"date":"2021-01-21T14:24:58","date_gmt":"2021-01-21T13:24:58","guid":{"rendered":"http:\/\/www.bellunopress.it\/?p=121058"},"modified":"2021-01-21T14:24:59","modified_gmt":"2021-01-21T13:24:59","slug":"arpav-nuovamente-commissariata-gruppo-pd-veneto-la-tutela-ambientale-non-e-una-priorita-per-la-regione","status":"publish","type":"post","link":"https:\/\/www.bellunopress.it\/fr\/2021\/01\/21\/arpav-nuovamente-commissariata-gruppo-pd-veneto-la-tutela-ambientale-non-e-una-priorita-per-la-regione\/","title":{"rendered":"Arpav nuovamente commissariata. Gruppo Pd Veneto: la tutela ambientale non \u00e8 una priorit\u00e0 per la Regione&#8221;"},"content":{"rendered":"<p><a href=\"http:\/\/www.bellunopress.it\/fr\/2009\/09\/22\/servizio-rischio-industriale-dellarpav-da-un-anno-attivo-a-belluno\/arpav\/\" rel=\"attachment wp-att-8327\"><img loading=\"lazy\" decoding=\"async\" class=\"alignleft size-full wp-image-8327\" src=\"http:\/\/www.bellunopress.it\/wp-content\/uploads\/2009\/09\/arpav.gif\" alt=\"\" width=\"190\" height=\"40\" \/><\/a>Venezia, 21 gennaio 2021 &#8211;\u00a0&#8220;Siamo sbalorditi dall&#8217;ennesimo cambio al vertice di Arpav, con l&#8217;Agenzia commissariata ad appena un anno e quattro mesi dall&#8217;insediamento del direttore generale Marchesi e 13 giorni dopo la riorganizzazione da lui voluta e contestata dai lavoratori. \u00c8 la conferma che la tutela dell&#8217;ambiente non rappresenta una priorit\u00e0 per la Regione. Il commissario, inoltre, sar\u00e0 lo stesso Marchesi, nel frattempo nominato capo dell&#8217;area capo dell&#8217;area Tutela e sicurezza del territorio della Regione: avremo un controllore-controllato, con una riduzione dell&#8217;autonomia dell&#8217;Agenzia&#8221;. La denuncia arriva dal gruppo consiliare del Partito Democratico Veneto, commentando l&#8217;improvviso cambio al vertice dell&#8217;Agenzia regionale per la protezione ambientale.<\/p>\n<p>&#8220;Siamo di fronte a un potenziale conflitto di interessi che non si era visto ad esempio nella precedente legislatura con il direttore generale che, una volta chiamato in Regione come direttore dell&#8217;area Ambiente non ricopr\u00ec, contemporaneamente, il ruolo di commissario di Arpav, ma ci fu un&#8217;altra nomina&#8221;. Ma, oltre al possibile conflitto di interessi, il Partito Democratico esprime preoccupazione per il futuro della stessa Agenzia.<\/p>\n<figure id=\"attachment_99292\" aria-describedby=\"caption-attachment-99292\" style=\"width: 213px\" class=\"wp-caption alignleft\"><a href=\"http:\/\/www.bellunopress.it\/fr\/2018\/11\/04\/bracconaggio-dilagante-in-veneto-su-animali-decimati-abbattuto-anche-un-raro-esemplare-di-marangone-minore-zanoni-pd-guarda-amp-e-bartelle-m5s-il-responsabile-politico-e-zaia-che-ha\/andrea-zanoni-4\/\" rel=\"attachment wp-att-99292\"><img loading=\"lazy\" decoding=\"async\" class=\"size-full wp-image-99292\" src=\"http:\/\/www.bellunopress.it\/wp-content\/uploads\/2018\/11\/andrea-zanoni.jpg\" alt=\"\" width=\"213\" height=\"300\" \/><\/a><figcaption id=\"caption-attachment-99292\" class=\"wp-caption-text\">Andrea Zanoni, consigliere regionale<\/figcaption><\/figure>\n<p>&#8220;Negli anni sono stati fatti tagli di risorse e personale, quando, vista la delicata situazione ambientale del Veneto, sarebbe invece necessario investire per aumentare i controlli e le altre attivit\u00e0 di prevenzione &#8211; afferma Zanoni, presidente della Quarta commissione a Palazzo Ferro Fini &#8211; I dipendenti di Arpav per poter svolgere al meglio il proprio lavoro avrebbero bisogno di serenit\u00e0 e continuit\u00e0, non essere esposti perennemente a una tempesta, che ha inevitabilmente ripercussioni sul loro operato, mortificandone la professionalit\u00e0. Al momento dell&#8217;insediamento Marchesi aveva assicurato almeno un mandato completo, cinque anni, per lavorare alla &#8216;ricostruzione dell&#8217;immagine&#8217; di Arpav; ha retto meno di un terzo rispetto a quanto promesso, lasciando con una riorganizzazione fatta nel pieno di una pandemia e un&#8217;attivit\u00e0 che sar\u00e0 per forza ridotta all&#8217;essenziale anzich\u00e9 rilanciata, visto il commissariamento. Cos\u00ec non si pu\u00f2 andare avanti: la Regione dica una volta per tutte quali sono le intenzioni sul futuro di Arpav, anche se questi improvvisi e ripetuti cambiamenti non lasciano presagire niente di buono&#8221;.<\/p>\n<p>&nbsp;<\/p>","protected":false},"excerpt":{"rendered":"<p>Venezia, 21 gennaio 2021 &#8211;\u00a0&#8220;Siamo sbalorditi dall&#8217;ennesimo cambio al vertice di Arpav, con l&#8217;Agenzia commissariata ad appena un anno e quattro mesi dall&#8217;insediamento del direttore generale Marchesi e 13 giorni dopo la riorganizzazione da lui voluta e contestata dai lavoratori. \u00c8 la conferma che la tutela dell&#8217;ambiente non rappresenta una priorit\u00e0 per la Regione. Il [&hellip;]<\/p>\n","protected":false},"author":2,"featured_media":89853,"comment_status":"closed","ping_status":"open","sticky":false,"template":"","format":"standard","meta":{"footnotes":""},"categories":[5,26],"tags":[],"class_list":["post-121058","post","type-post","status-publish","format-standard","has-post-thumbnail","category-cronaca","category-prima-pagina"],"yoast_head":"<!-- This site is optimized with the Yoast SEO plugin v28.4 - https:\/\/yoast.com\/product\/yoast-seo-wordpress\/ -->\n<title>Arpav nuovamente commissariata. Gruppo Pd Veneto: la tutela ambientale non \u00e8 una priorit\u00e0 per la Regione&quot; - Bellunopress - Dolomiti<\/title>\n<meta name=\"robots\" content=\"index, follow, max-snippet:-1, max-image-preview:large, max-video-preview:-1\" \/>\n<link rel=\"canonical\" href=\"https:\/\/www.bellunopress.it\/fr\/2021\/01\/21\/arpav-nuovamente-commissariata-gruppo-pd-veneto-la-tutela-ambientale-non-e-una-priorita-per-la-regione\/\" \/>\n<meta property=\"og:locale\" content=\"fr_FR\" \/>\n<meta property=\"og:type\" content=\"article\" \/>\n<meta property=\"og:title\" content=\"Arpav nuovamente commissariata. Gruppo Pd Veneto: la tutela ambientale non \u00e8 una priorit\u00e0 per la Regione&quot; - Bellunopress - Dolomiti\" \/>\n<meta property=\"og:description\" content=\"Venezia, 21 gennaio 2021 &#8211;\u00a0&#8220;Siamo sbalorditi dall&#8217;ennesimo cambio al vertice di Arpav, con l&#8217;Agenzia commissariata ad appena un anno e quattro mesi dall&#8217;insediamento del direttore generale Marchesi e 13 giorni dopo la riorganizzazione da lui voluta e contestata dai lavoratori. \u00c8 la conferma che la tutela dell&#8217;ambiente non rappresenta una priorit\u00e0 per la Regione. Il [&hellip;]\" \/>\n<meta property=\"og:url\" content=\"https:\/\/www.bellunopress.it\/fr\/2021\/01\/21\/arpav-nuovamente-commissariata-gruppo-pd-veneto-la-tutela-ambientale-non-e-una-priorita-per-la-regione\/\" \/>\n<meta property=\"og:site_name\" content=\"Bellunopress - Dolomiti\" \/>\n<meta property=\"article:publisher\" content=\"https:\/\/www.facebook.com\/profile.php?id=100008943462799\" \/>\n<meta property=\"article:published_time\" content=\"2021-01-21T13:24:58+00:00\" \/>\n<meta property=\"article:modified_time\" content=\"2021-01-21T13:24:59+00:00\" \/>\n<meta property=\"og:image\" content=\"https:\/\/www.bellunopress.it\/wp-content\/uploads\/2017\/10\/Andrea-Zanoni.jpg\" \/>\n\t<meta property=\"og:image:width\" content=\"469\" \/>\n\t<meta property=\"og:image:height\" content=\"389\" \/>\n\t<meta property=\"og:image:type\" content=\"image\/jpeg\" \/>\n<meta name=\"author\" content=\"redazione\" \/>\n<meta name=\"twitter:card\" content=\"summary_large_image\" \/>\n<meta name=\"twitter:creator\" content=\"@bellunopress\" \/>\n<meta name=\"twitter:site\" content=\"@bellunopress\" \/>\n<meta name=\"twitter:label1\" content=\"\u00c9crit par\" \/>\n\t<meta name=\"twitter:data1\" content=\"redazione\" \/>\n\t<meta name=\"twitter:label2\" content=\"Dur\u00e9e de lecture estim\u00e9e\" \/>\n\t<meta name=\"twitter:data2\" content=\"2 minutes\" \/>\n<script type=\"application\/ld+json\" class=\"yoast-schema-graph\">{\"@context\":\"https:\\\/\\\/schema.org\",\"@graph\":[{\"@type\":\"Article\",\"@id\":\"https:\\\/\\\/www.bellunopress.it\\\/2021\\\/01\\\/21\\\/arpav-nuovamente-commissariata-gruppo-pd-veneto-la-tutela-ambientale-non-e-una-priorita-per-la-regione\\\/#article\",\"isPartOf\":{\"@id\":\"https:\\\/\\\/www.bellunopress.it\\\/2021\\\/01\\\/21\\\/arpav-nuovamente-commissariata-gruppo-pd-veneto-la-tutela-ambientale-non-e-una-priorita-per-la-regione\\\/\"},\"author\":{\"name\":\"redazione\",\"@id\":\"https:\\\/\\\/www.bellunopress.it\\\/#\\\/schema\\\/person\\\/79bb06722b37ece1c03d3e94beb30d73\"},\"headline\":\"Arpav nuovamente commissariata. Gruppo Pd Veneto: la tutela ambientale non \u00e8 una priorit\u00e0 per la Regione&#8221;\",\"datePublished\":\"2021-01-21T13:24:58+00:00\",\"dateModified\":\"2021-01-21T13:24:59+00:00\",\"mainEntityOfPage\":{\"@id\":\"https:\\\/\\\/www.bellunopress.it\\\/2021\\\/01\\\/21\\\/arpav-nuovamente-commissariata-gruppo-pd-veneto-la-tutela-ambientale-non-e-una-priorita-per-la-regione\\\/\"},\"wordCount\":374,\"publisher\":{\"@id\":\"https:\\\/\\\/www.bellunopress.it\\\/#organization\"},\"image\":{\"@id\":\"https:\\\/\\\/www.bellunopress.it\\\/2021\\\/01\\\/21\\\/arpav-nuovamente-commissariata-gruppo-pd-veneto-la-tutela-ambientale-non-e-una-priorita-per-la-regione\\\/#primaryimage\"},\"thumbnailUrl\":\"https:\\\/\\\/www.bellunopress.it\\\/wp-content\\\/uploads\\\/2017\\\/10\\\/Andrea-Zanoni.jpg\",\"articleSection\":[\"Cronaca\\\/Politica\",\"Prima Pagina\"],\"inLanguage\":\"fr-FR\"},{\"@type\":\"WebPage\",\"@id\":\"https:\\\/\\\/www.bellunopress.it\\\/2021\\\/01\\\/21\\\/arpav-nuovamente-commissariata-gruppo-pd-veneto-la-tutela-ambientale-non-e-una-priorita-per-la-regione\\\/\",\"url\":\"https:\\\/\\\/www.bellunopress.it\\\/2021\\\/01\\\/21\\\/arpav-nuovamente-commissariata-gruppo-pd-veneto-la-tutela-ambientale-non-e-una-priorita-per-la-regione\\\/\",\"name\":\"Arpav nuovamente commissariata. Gruppo Pd Veneto: la tutela ambientale non \u00e8 una priorit\u00e0 per la Regione\\\" - Bellunopress - Dolomiti\",\"isPartOf\":{\"@id\":\"https:\\\/\\\/www.bellunopress.it\\\/#website\"},\"primaryImageOfPage\":{\"@id\":\"https:\\\/\\\/www.bellunopress.it\\\/2021\\\/01\\\/21\\\/arpav-nuovamente-commissariata-gruppo-pd-veneto-la-tutela-ambientale-non-e-una-priorita-per-la-regione\\\/#primaryimage\"},\"image\":{\"@id\":\"https:\\\/\\\/www.bellunopress.it\\\/2021\\\/01\\\/21\\\/arpav-nuovamente-commissariata-gruppo-pd-veneto-la-tutela-ambientale-non-e-una-priorita-per-la-regione\\\/#primaryimage\"},\"thumbnailUrl\":\"https:\\\/\\\/www.bellunopress.it\\\/wp-content\\\/uploads\\\/2017\\\/10\\\/Andrea-Zanoni.jpg\",\"datePublished\":\"2021-01-21T13:24:58+00:00\",\"dateModified\":\"2021-01-21T13:24:59+00:00\",\"breadcrumb\":{\"@id\":\"https:\\\/\\\/www.bellunopress.it\\\/2021\\\/01\\\/21\\\/arpav-nuovamente-commissariata-gruppo-pd-veneto-la-tutela-ambientale-non-e-una-priorita-per-la-regione\\\/#breadcrumb\"},\"inLanguage\":\"fr-FR\",\"potentialAction\":[{\"@type\":\"ReadAction\",\"target\":[\"https:\\\/\\\/www.bellunopress.it\\\/2021\\\/01\\\/21\\\/arpav-nuovamente-commissariata-gruppo-pd-veneto-la-tutela-ambientale-non-e-una-priorita-per-la-regione\\\/\"]}]},{\"@type\":\"ImageObject\",\"inLanguage\":\"fr-FR\",\"@id\":\"https:\\\/\\\/www.bellunopress.it\\\/2021\\\/01\\\/21\\\/arpav-nuovamente-commissariata-gruppo-pd-veneto-la-tutela-ambientale-non-e-una-priorita-per-la-regione\\\/#primaryimage\",\"url\":\"https:\\\/\\\/www.bellunopress.it\\\/wp-content\\\/uploads\\\/2017\\\/10\\\/Andrea-Zanoni.jpg\",\"contentUrl\":\"https:\\\/\\\/www.bellunopress.it\\\/wp-content\\\/uploads\\\/2017\\\/10\\\/Andrea-Zanoni.jpg\",\"width\":469,\"height\":389,\"caption\":\"Andrea Zanoni - Coordinatore dell'Osservatorio Diritti Animali di Europa Verde\"},{\"@type\":\"BreadcrumbList\",\"@id\":\"https:\\\/\\\/www.bellunopress.it\\\/2021\\\/01\\\/21\\\/arpav-nuovamente-commissariata-gruppo-pd-veneto-la-tutela-ambientale-non-e-una-priorita-per-la-regione\\\/#breadcrumb\",\"itemListElement\":[{\"@type\":\"ListItem\",\"position\":1,\"name\":\"Home\",\"item\":\"https:\\\/\\\/www.bellunopress.it\\\/\"},{\"@type\":\"ListItem\",\"position\":2,\"name\":\"Arpav nuovamente commissariata. Gruppo Pd Veneto: la tutela ambientale non \u00e8 una priorit\u00e0 per la Regione&#8221;\"}]},{\"@type\":\"WebSite\",\"@id\":\"https:\\\/\\\/www.bellunopress.it\\\/#website\",\"url\":\"https:\\\/\\\/www.bellunopress.it\\\/\",\"name\":\"Bellunopress - Dolomiti\",\"description\":\"e-mail: redazione@bellunopress.it\",\"publisher\":{\"@id\":\"https:\\\/\\\/www.bellunopress.it\\\/#organization\"},\"potentialAction\":[{\"@type\":\"SearchAction\",\"target\":{\"@type\":\"EntryPoint\",\"urlTemplate\":\"https:\\\/\\\/www.bellunopress.it\\\/?s={search_term_string}\"},\"query-input\":{\"@type\":\"PropertyValueSpecification\",\"valueRequired\":true,\"valueName\":\"search_term_string\"}}],\"inLanguage\":\"fr-FR\"},{\"@type\":\"Organization\",\"@id\":\"https:\\\/\\\/www.bellunopress.it\\\/#organization\",\"name\":\"Bellunopress\",\"url\":\"https:\\\/\\\/www.bellunopress.it\\\/\",\"logo\":{\"@type\":\"ImageObject\",\"inLanguage\":\"fr-FR\",\"@id\":\"https:\\\/\\\/www.bellunopress.it\\\/#\\\/schema\\\/logo\\\/image\\\/\",\"url\":\"https:\\\/\\\/www.bellunopress.it\\\/wp-content\\\/uploads\\\/2011\\\/05\\\/cropped-logo-bellunopress-.jpg\",\"contentUrl\":\"https:\\\/\\\/www.bellunopress.it\\\/wp-content\\\/uploads\\\/2011\\\/05\\\/cropped-logo-bellunopress-.jpg\",\"width\":512,\"height\":512,\"caption\":\"Bellunopress\"},\"image\":{\"@id\":\"https:\\\/\\\/www.bellunopress.it\\\/#\\\/schema\\\/logo\\\/image\\\/\"},\"sameAs\":[\"https:\\\/\\\/www.facebook.com\\\/profile.php?id=100008943462799\",\"https:\\\/\\\/x.com\\\/bellunopress\",\"https:\\\/\\\/www.linkedin.com\\\/hp\\\/?dnr=JBzUWaJfMUw8vbXJJ2tVW5-I3jZKvC4wsoxE&amp;amp;amp;amp;amp;amp;trk=nav_responsive_tab_home\",\"https:\\\/\\\/www.youtube.com\\\/channel\\\/UCxL0wu1uN0_3_7hGG0306cw\"]},{\"@type\":\"Person\",\"@id\":\"https:\\\/\\\/www.bellunopress.it\\\/#\\\/schema\\\/person\\\/79bb06722b37ece1c03d3e94beb30d73\",\"name\":\"redazione\",\"image\":{\"@type\":\"ImageObject\",\"inLanguage\":\"fr-FR\",\"@id\":\"https:\\\/\\\/secure.gravatar.com\\\/avatar\\\/37d968a2e67a6fd04c169c4bdef102d0bc5d31b2546345219e348575eb80e9a0?s=96&d=mm&r=g\",\"url\":\"https:\\\/\\\/secure.gravatar.com\\\/avatar\\\/37d968a2e67a6fd04c169c4bdef102d0bc5d31b2546345219e348575eb80e9a0?s=96&d=mm&r=g\",\"contentUrl\":\"https:\\\/\\\/secure.gravatar.com\\\/avatar\\\/37d968a2e67a6fd04c169c4bdef102d0bc5d31b2546345219e348575eb80e9a0?s=96&d=mm&r=g\",\"caption\":\"redazione\"},\"sameAs\":[\"http:\\\/\\\/www.bellunopress.it\",\"https:\\\/\\\/x.com\\\/bellunopress\"],\"url\":\"https:\\\/\\\/www.bellunopress.it\\\/fr\\\/author\\\/redazione\\\/\"}]}<\/script>\n<!-- \/ Yoast SEO plugin. -->","yoast_head_json":{"title":"Arpav nuovamente commissariata. Gruppo Pd Veneto: la tutela ambientale non \u00e8 una priorit\u00e0 per la Regione\" - Bellunopress - Dolomiti","robots":{"index":"index","follow":"follow","max-snippet":"max-snippet:-1","max-image-preview":"max-image-preview:large","max-video-preview":"max-video-preview:-1"},"canonical":"https:\/\/www.bellunopress.it\/fr\/2021\/01\/21\/arpav-nuovamente-commissariata-gruppo-pd-veneto-la-tutela-ambientale-non-e-una-priorita-per-la-regione\/","og_locale":"fr_FR","og_type":"article","og_title":"Arpav nuovamente commissariata. Gruppo Pd Veneto: la tutela ambientale non \u00e8 una priorit\u00e0 per la Regione\" - Bellunopress - Dolomiti","og_description":"Venezia, 21 gennaio 2021 &#8211;\u00a0&#8220;Siamo sbalorditi dall&#8217;ennesimo cambio al vertice di Arpav, con l&#8217;Agenzia commissariata ad appena un anno e quattro mesi dall&#8217;insediamento del direttore generale Marchesi e 13 giorni dopo la riorganizzazione da lui voluta e contestata dai lavoratori. \u00c8 la conferma che la tutela dell&#8217;ambiente non rappresenta una priorit\u00e0 per la Regione. Il [&hellip;]","og_url":"https:\/\/www.bellunopress.it\/fr\/2021\/01\/21\/arpav-nuovamente-commissariata-gruppo-pd-veneto-la-tutela-ambientale-non-e-una-priorita-per-la-regione\/","og_site_name":"Bellunopress - Dolomiti","article_publisher":"https:\/\/www.facebook.com\/profile.php?id=100008943462799","article_published_time":"2021-01-21T13:24:58+00:00","article_modified_time":"2021-01-21T13:24:59+00:00","og_image":[{"width":469,"height":389,"url":"https:\/\/www.bellunopress.it\/wp-content\/uploads\/2017\/10\/Andrea-Zanoni.jpg","type":"image\/jpeg"}],"author":"redazione","twitter_card":"summary_large_image","twitter_creator":"@bellunopress","twitter_site":"@bellunopress","twitter_misc":{"\u00c9crit par":"redazione","Dur\u00e9e de lecture estim\u00e9e":"2 minutes"},"schema":{"@context":"https:\/\/schema.org","@graph":[{"@type":"Article","@id":"https:\/\/www.bellunopress.it\/2021\/01\/21\/arpav-nuovamente-commissariata-gruppo-pd-veneto-la-tutela-ambientale-non-e-una-priorita-per-la-regione\/#article","isPartOf":{"@id":"https:\/\/www.bellunopress.it\/2021\/01\/21\/arpav-nuovamente-commissariata-gruppo-pd-veneto-la-tutela-ambientale-non-e-una-priorita-per-la-regione\/"},"author":{"name":"redazione","@id":"https:\/\/www.bellunopress.it\/#\/schema\/person\/79bb06722b37ece1c03d3e94beb30d73"},"headline":"Arpav nuovamente commissariata. Gruppo Pd Veneto: la tutela ambientale non \u00e8 una priorit\u00e0 per la Regione&#8221;","datePublished":"2021-01-21T13:24:58+00:00","dateModified":"2021-01-21T13:24:59+00:00","mainEntityOfPage":{"@id":"https:\/\/www.bellunopress.it\/2021\/01\/21\/arpav-nuovamente-commissariata-gruppo-pd-veneto-la-tutela-ambientale-non-e-una-priorita-per-la-regione\/"},"wordCount":374,"publisher":{"@id":"https:\/\/www.bellunopress.it\/#organization"},"image":{"@id":"https:\/\/www.bellunopress.it\/2021\/01\/21\/arpav-nuovamente-commissariata-gruppo-pd-veneto-la-tutela-ambientale-non-e-una-priorita-per-la-regione\/#primaryimage"},"thumbnailUrl":"https:\/\/www.bellunopress.it\/wp-content\/uploads\/2017\/10\/Andrea-Zanoni.jpg","articleSection":["Cronaca\/Politica","Prima Pagina"],"inLanguage":"fr-FR"},{"@type":"WebPage","@id":"https:\/\/www.bellunopress.it\/2021\/01\/21\/arpav-nuovamente-commissariata-gruppo-pd-veneto-la-tutela-ambientale-non-e-una-priorita-per-la-regione\/","url":"https:\/\/www.bellunopress.it\/2021\/01\/21\/arpav-nuovamente-commissariata-gruppo-pd-veneto-la-tutela-ambientale-non-e-una-priorita-per-la-regione\/","name":"Arpav nuovamente commissariata. Gruppo Pd Veneto: la tutela ambientale non \u00e8 una priorit\u00e0 per la Regione\" - Bellunopress - Dolomiti","isPartOf":{"@id":"https:\/\/www.bellunopress.it\/#website"},"primaryImageOfPage":{"@id":"https:\/\/www.bellunopress.it\/2021\/01\/21\/arpav-nuovamente-commissariata-gruppo-pd-veneto-la-tutela-ambientale-non-e-una-priorita-per-la-regione\/#primaryimage"},"image":{"@id":"https:\/\/www.bellunopress.it\/2021\/01\/21\/arpav-nuovamente-commissariata-gruppo-pd-veneto-la-tutela-ambientale-non-e-una-priorita-per-la-regione\/#primaryimage"},"thumbnailUrl":"https:\/\/www.bellunopress.it\/wp-content\/uploads\/2017\/10\/Andrea-Zanoni.jpg","datePublished":"2021-01-21T13:24:58+00:00","dateModified":"2021-01-21T13:24:59+00:00","breadcrumb":{"@id":"https:\/\/www.bellunopress.it\/2021\/01\/21\/arpav-nuovamente-commissariata-gruppo-pd-veneto-la-tutela-ambientale-non-e-una-priorita-per-la-regione\/#breadcrumb"},"inLanguage":"fr-FR","potentialAction":[{"@type":"ReadAction","target":["https:\/\/www.bellunopress.it\/2021\/01\/21\/arpav-nuovamente-commissariata-gruppo-pd-veneto-la-tutela-ambientale-non-e-una-priorita-per-la-regione\/"]}]},{"@type":"ImageObject","inLanguage":"fr-FR","@id":"https:\/\/www.bellunopress.it\/2021\/01\/21\/arpav-nuovamente-commissariata-gruppo-pd-veneto-la-tutela-ambientale-non-e-una-priorita-per-la-regione\/#primaryimage","url":"https:\/\/www.bellunopress.it\/wp-content\/uploads\/2017\/10\/Andrea-Zanoni.jpg","contentUrl":"https:\/\/www.bellunopress.it\/wp-content\/uploads\/2017\/10\/Andrea-Zanoni.jpg","width":469,"height":389,"caption":"Andrea Zanoni - Coordinatore dell'Osservatorio Diritti Animali di Europa Verde"},{"@type":"BreadcrumbList","@id":"https:\/\/www.bellunopress.it\/2021\/01\/21\/arpav-nuovamente-commissariata-gruppo-pd-veneto-la-tutela-ambientale-non-e-una-priorita-per-la-regione\/#breadcrumb","itemListElement":[{"@type":"ListItem","position":1,"name":"Home","item":"https:\/\/www.bellunopress.it\/"},{"@type":"ListItem","position":2,"name":"Arpav nuovamente commissariata. Gruppo Pd Veneto: la tutela ambientale non \u00e8 una priorit\u00e0 per la Regione&#8221;"}]},{"@type":"WebSite","@id":"https:\/\/www.bellunopress.it\/#website","url":"https:\/\/www.bellunopress.it\/","name":"Bellunopress - Dolomiti","description":"e-mail: redazione@bellunopress.it","publisher":{"@id":"https:\/\/www.bellunopress.it\/#organization"},"potentialAction":[{"@type":"SearchAction","target":{"@type":"EntryPoint","urlTemplate":"https:\/\/www.bellunopress.it\/?s={search_term_string}"},"query-input":{"@type":"PropertyValueSpecification","valueRequired":true,"valueName":"search_term_string"}}],"inLanguage":"fr-FR"},{"@type":"Organization","@id":"https:\/\/www.bellunopress.it\/#organization","name":"Bellunopress","url":"https:\/\/www.bellunopress.it\/","logo":{"@type":"ImageObject","inLanguage":"fr-FR","@id":"https:\/\/www.bellunopress.it\/#\/schema\/logo\/image\/","url":"https:\/\/www.bellunopress.it\/wp-content\/uploads\/2011\/05\/cropped-logo-bellunopress-.jpg","contentUrl":"https:\/\/www.bellunopress.it\/wp-content\/uploads\/2011\/05\/cropped-logo-bellunopress-.jpg","width":512,"height":512,"caption":"Bellunopress"},"image":{"@id":"https:\/\/www.bellunopress.it\/#\/schema\/logo\/image\/"},"sameAs":["https:\/\/www.facebook.com\/profile.php?id=100008943462799","https:\/\/x.com\/bellunopress","https:\/\/www.linkedin.com\/hp\/?dnr=JBzUWaJfMUw8vbXJJ2tVW5-I3jZKvC4wsoxE&amp;amp;amp;amp;amp;amp;trk=nav_responsive_tab_home","https:\/\/www.youtube.com\/channel\/UCxL0wu1uN0_3_7hGG0306cw"]},{"@type":"Person","@id":"https:\/\/www.bellunopress.it\/#\/schema\/person\/79bb06722b37ece1c03d3e94beb30d73","name":"r\u00e9daction","image":{"@type":"ImageObject","inLanguage":"fr-FR","@id":"https:\/\/secure.gravatar.com\/avatar\/37d968a2e67a6fd04c169c4bdef102d0bc5d31b2546345219e348575eb80e9a0?s=96&d=mm&r=g","url":"https:\/\/secure.gravatar.com\/avatar\/37d968a2e67a6fd04c169c4bdef102d0bc5d31b2546345219e348575eb80e9a0?s=96&d=mm&r=g","contentUrl":"https:\/\/secure.gravatar.com\/avatar\/37d968a2e67a6fd04c169c4bdef102d0bc5d31b2546345219e348575eb80e9a0?s=96&d=mm&r=g","caption":"redazione"},"sameAs":["http:\/\/www.bellunopress.it","https:\/\/x.com\/bellunopress"],"url":"https:\/\/www.bellunopress.it\/fr\/author\/redazione\/"}]}},"_links":{"self":[{"href":"https:\/\/www.bellunopress.it\/fr\/wp-json\/wp\/v2\/posts\/121058","targetHints":{"allow":["GET"]}}],"collection":[{"href":"https:\/\/www.bellunopress.it\/fr\/wp-json\/wp\/v2\/posts"}],"about":[{"href":"https:\/\/www.bellunopress.it\/fr\/wp-json\/wp\/v2\/types\/post"}],"author":[{"embeddable":true,"href":"https:\/\/www.bellunopress.it\/fr\/wp-json\/wp\/v2\/users\/2"}],"replies":[{"embeddable":true,"href":"https:\/\/www.bellunopress.it\/fr\/wp-json\/wp\/v2\/comments?post=121058"}],"version-history":[{"count":1,"href":"https:\/\/www.bellunopress.it\/fr\/wp-json\/wp\/v2\/posts\/121058\/revisions"}],"predecessor-version":[{"id":121059,"href":"https:\/\/www.bellunopress.it\/fr\/wp-json\/wp\/v2\/posts\/121058\/revisions\/121059"}],"wp:featuredmedia":[{"embeddable":true,"href":"https:\/\/www.bellunopress.it\/fr\/wp-json\/wp\/v2\/media\/89853"}],"wp:attachment":[{"href":"https:\/\/www.bellunopress.it\/fr\/wp-json\/wp\/v2\/media?parent=121058"}],"wp:term":[{"taxonomy":"category","embeddable":true,"href":"https:\/\/www.bellunopress.it\/fr\/wp-json\/wp\/v2\/categories?post=121058"},{"taxonomy":"post_tag","embeddable":true,"href":"https:\/\/www.bellunopress.it\/fr\/wp-json\/wp\/v2\/tags?post=121058"}],"curies":[{"name":"wp","href":"https:\/\/api.w.org\/{rel}","templated":true}]}}