{"id":121049,"date":"2021-01-21T12:58:37","date_gmt":"2021-01-21T11:58:37","guid":{"rendered":"http:\/\/www.bellunopress.it\/?p=121049"},"modified":"2021-01-21T12:58:37","modified_gmt":"2021-01-21T11:58:37","slug":"nasce-un-sistema-associato-dei-servizi-sociali-per-46-comuni-del-cadore-agordino-e-valbelluna-domani-la-presentazione-pubblica","status":"publish","type":"post","link":"https:\/\/www.bellunopress.it\/fr\/2021\/01\/21\/nasce-un-sistema-associato-dei-servizi-sociali-per-46-comuni-del-cadore-agordino-e-valbelluna-domani-la-presentazione-pubblica\/","title":{"rendered":"Nasce un sistema associato dei servizi sociali per 46 Comuni del Cadore, Agordino e Valbelluna. Domani la presentazione pubblica"},"content":{"rendered":"<figure id=\"attachment_1015\" aria-describedby=\"caption-attachment-1015\" style=\"width: 181px\" class=\"wp-caption alignleft\"><a href=\"http:\/\/www.bellunopress.it\/fr\/2014\/04\/12\/fare-impresa-small-business-plan-per-la-candidatura-a-costituire-una-nuova-impresa-lunedi-14-aprile-ore-20-30-aula-magna-del-campus-universitario-di-feltre\/michele-dal-farra\/\" rel=\"attachment wp-att-1015\"><img loading=\"lazy\" decoding=\"async\" class=\"size-full wp-image-1015\" src=\"http:\/\/www.bellunopress.it\/wp-content\/uploads\/2009\/02\/michele-dal-farra.jpg\" alt=\"\" width=\"181\" height=\"226\" \/><\/a><figcaption id=\"caption-attachment-1015\" class=\"wp-caption-text\">Michele Dal Farra &#8211; Presidente Metalogos<\/figcaption><\/figure>\n<p>Belluno, 21 gennaio 2021 &#8211; Costruire un sistema associato di servizi sociali di lungo periodo, ridurre la frammentazione per dare ai cittadini servizi pi\u00f9 puntuali ed efficaci e sperimentare attivit\u00e0 innovative con laboratori territoriali: prende il via con questi obiettivi il progetto di rafforzamento degli ambiti sociali territoriali del Cadore, dell\u2019Agordino e del Bellunese. Un progetto di integrazione del welfare di 46 comuni della provincia fortemente voluto dalla Regione del Veneto, che lo finanzia con 76mila euro circa, e che punta attraverso un percorso di formazione e consulenza &#8211; da gennaio a novembre 2021 &#8211; a definire il modello di Servizi sociali pi\u00f9 funzionale al nostro territorio.<\/p>\n<p>\u00abLa pandemia &#8211; spiega la responsabile di Ambito, Rossella Di Marzo, referente dei servizi sociali del Comune di Belluno, capofila del progetto &#8211; ha evidenziato quella fascia di popolazione vulnerabile che in situazione di normalit\u00e0 generalmente non \u00e8 in carico ai servizi sociali. L\u2019allargamento della base sociale di persone in stato di bisogno, unito all\u2019ampiezza del territorio in cui si distribuiscono gli abitanti dell\u2019ambito, pongono un\u2019ulteriore sfida al sistema di welfare territoriale, gi\u00e0 oggetto di pressioni sul fronte della nuova e articolata normativa, in particolare sul fronte del contrasto alla povert\u00e0\u00bb.<br \/>\nDa qui la necessit\u00e0 di attivare un processo che, pur garantendo una continuit\u00e0 di risposta ai cittadini, consenta all\u2019ambito sociale territoriale di ridefinire una nuova \u201cgovernance territoriale\u201d, individuando un modello organizzativo in grado di connettere tra loro non solo le politiche sociali a livello locale, ma anche quelle abitative e, soprattutto, del lavoro.<br \/>\n\u00abLa Regione ci chiede uno sforzo per ripensare i servizi con una connotazione di forte prossimit\u00e0 e attenzione alle comunit\u00e0, senza dimenticare le caratteristiche specifiche del nostro territorio\u00bb, aggiunge Di Marzo.<\/p>\n<p>Il progetto si rivolge agli attori del welfare locale: amministratori, servizi sociali professionali, enti del Terzo settore, volontariato, istituzioni che hanno diretto interesse al tema.<br \/>\nIl percorso \u00e8 costruito sulla base di una partnership tra Comune di Belluno, capofila di Ambito, Met\u00e0logos societ\u00e0 di consulenza e formazione con una ventennale esperienza nel settore, e una cordata di cinque universit\u00e0 e agenzie di formazione. Il progetto prevede approfondimenti su modelli organizzativi, gestione associata dei servizi, rafforzamento delle professionalit\u00e0, innovazioni e rapporti con il volontariato e porter\u00e0, tra l\u2019altro, a valorizzare le singole esperienze e azioni maturate in Agordino, Cadore e Valbelluna.<br \/>\nUn primo incontro la settimana scorsa per illustrare il progetto ha ottenuto buoni riscontri tra sindaci, assessori e operatori sociali interessati.<\/p>\n<p>Domani, venerd\u00ec 22 gennaio, ci sar\u00e0 la presentazione pubblica, per gli addetti ai lavori, con un webinar a cui parteciperanno Elisabetta Notarnicola, docente SDA Bocconi, Gino Mazzoli dell\u2019Universit\u00e0 Statale di Milano, Stefania Porchia di Sinod\u00e8 \u2013 societ\u00e0 specializzata nelle politiche di welfare collegata all\u2019Universit\u00e0 C\u00e0 Foscari e la responsabile di Ambito, Rossella Di Marzo.<br \/>\nModeratore, il presidente di Met\u00e0logos, Michele Dal Farra.<\/p>","protected":false},"excerpt":{"rendered":"<p>Belluno, 21 gennaio 2021 &#8211; Costruire un sistema associato di servizi sociali di lungo periodo, ridurre la frammentazione per dare ai cittadini servizi pi\u00f9 puntuali ed efficaci e sperimentare attivit\u00e0 innovative con laboratori territoriali: prende il via con questi obiettivi il progetto di rafforzamento degli ambiti sociali territoriali del Cadore, dell\u2019Agordino e del Bellunese. Un [&hellip;]<\/p>\n","protected":false},"author":2,"featured_media":1015,"comment_status":"closed","ping_status":"open","sticky":false,"template":"","format":"standard","meta":{"footnotes":""},"categories":[26,17,8],"tags":[],"class_list":["post-121049","post","type-post","status-publish","format-standard","has-post-thumbnail","category-prima-pagina","category-sanita","category-societa-istituzioni"],"yoast_head":"<!-- This site is optimized with the Yoast SEO plugin v28.4 - https:\/\/yoast.com\/product\/yoast-seo-wordpress\/ -->\n<title>Nasce un sistema associato dei servizi sociali per 46 Comuni del Cadore, Agordino e Valbelluna. Domani la presentazione pubblica - Bellunopress - Dolomiti<\/title>\n<meta name=\"robots\" content=\"index, follow, max-snippet:-1, max-image-preview:large, max-video-preview:-1\" \/>\n<link rel=\"canonical\" href=\"https:\/\/www.bellunopress.it\/fr\/2021\/01\/21\/nasce-un-sistema-associato-dei-servizi-sociali-per-46-comuni-del-cadore-agordino-e-valbelluna-domani-la-presentazione-pubblica\/\" \/>\n<meta property=\"og:locale\" content=\"fr_FR\" \/>\n<meta property=\"og:type\" content=\"article\" \/>\n<meta property=\"og:title\" content=\"Nasce un sistema associato dei servizi sociali per 46 Comuni del Cadore, Agordino e Valbelluna. Domani la presentazione pubblica - Bellunopress - Dolomiti\" \/>\n<meta property=\"og:description\" content=\"Belluno, 21 gennaio 2021 &#8211; Costruire un sistema associato di servizi sociali di lungo periodo, ridurre la frammentazione per dare ai cittadini servizi pi\u00f9 puntuali ed efficaci e sperimentare attivit\u00e0 innovative con laboratori territoriali: prende il via con questi obiettivi il progetto di rafforzamento degli ambiti sociali territoriali del Cadore, dell\u2019Agordino e del Bellunese. Un [&hellip;]\" \/>\n<meta property=\"og:url\" content=\"https:\/\/www.bellunopress.it\/fr\/2021\/01\/21\/nasce-un-sistema-associato-dei-servizi-sociali-per-46-comuni-del-cadore-agordino-e-valbelluna-domani-la-presentazione-pubblica\/\" \/>\n<meta property=\"og:site_name\" content=\"Bellunopress - Dolomiti\" \/>\n<meta property=\"article:publisher\" content=\"https:\/\/www.facebook.com\/profile.php?id=100008943462799\" \/>\n<meta property=\"article:published_time\" content=\"2021-01-21T11:58:37+00:00\" \/>\n<meta property=\"og:image\" content=\"https:\/\/www.bellunopress.it\/wp-content\/uploads\/2009\/02\/michele-dal-farra.jpg\" \/>\n\t<meta property=\"og:image:width\" content=\"181\" \/>\n\t<meta property=\"og:image:height\" content=\"226\" \/>\n\t<meta property=\"og:image:type\" content=\"image\/jpeg\" \/>\n<meta name=\"author\" content=\"redazione\" \/>\n<meta name=\"twitter:card\" content=\"summary_large_image\" \/>\n<meta name=\"twitter:creator\" content=\"@bellunopress\" \/>\n<meta name=\"twitter:site\" content=\"@bellunopress\" \/>\n<meta name=\"twitter:label1\" content=\"\u00c9crit par\" \/>\n\t<meta name=\"twitter:data1\" content=\"redazione\" \/>\n\t<meta name=\"twitter:label2\" content=\"Dur\u00e9e de lecture estim\u00e9e\" \/>\n\t<meta name=\"twitter:data2\" content=\"2 minutes\" \/>\n<script type=\"application\/ld+json\" class=\"yoast-schema-graph\">{\"@context\":\"https:\\\/\\\/schema.org\",\"@graph\":[{\"@type\":\"Article\",\"@id\":\"https:\\\/\\\/www.bellunopress.it\\\/2021\\\/01\\\/21\\\/nasce-un-sistema-associato-dei-servizi-sociali-per-46-comuni-del-cadore-agordino-e-valbelluna-domani-la-presentazione-pubblica\\\/#article\",\"isPartOf\":{\"@id\":\"https:\\\/\\\/www.bellunopress.it\\\/2021\\\/01\\\/21\\\/nasce-un-sistema-associato-dei-servizi-sociali-per-46-comuni-del-cadore-agordino-e-valbelluna-domani-la-presentazione-pubblica\\\/\"},\"author\":{\"name\":\"redazione\",\"@id\":\"https:\\\/\\\/www.bellunopress.it\\\/#\\\/schema\\\/person\\\/79bb06722b37ece1c03d3e94beb30d73\"},\"headline\":\"Nasce un sistema associato dei servizi sociali per 46 Comuni del Cadore, Agordino e Valbelluna. Domani la presentazione pubblica\",\"datePublished\":\"2021-01-21T11:58:37+00:00\",\"mainEntityOfPage\":{\"@id\":\"https:\\\/\\\/www.bellunopress.it\\\/2021\\\/01\\\/21\\\/nasce-un-sistema-associato-dei-servizi-sociali-per-46-comuni-del-cadore-agordino-e-valbelluna-domani-la-presentazione-pubblica\\\/\"},\"wordCount\":499,\"publisher\":{\"@id\":\"https:\\\/\\\/www.bellunopress.it\\\/#organization\"},\"image\":{\"@id\":\"https:\\\/\\\/www.bellunopress.it\\\/2021\\\/01\\\/21\\\/nasce-un-sistema-associato-dei-servizi-sociali-per-46-comuni-del-cadore-agordino-e-valbelluna-domani-la-presentazione-pubblica\\\/#primaryimage\"},\"thumbnailUrl\":\"https:\\\/\\\/www.bellunopress.it\\\/wp-content\\\/uploads\\\/2009\\\/02\\\/michele-dal-farra.jpg\",\"articleSection\":[\"Prima Pagina\",\"Sanit\u00e0 Medicina\",\"Societ\u00e0, Associazioni, Istituzioni\"],\"inLanguage\":\"fr-FR\"},{\"@type\":\"WebPage\",\"@id\":\"https:\\\/\\\/www.bellunopress.it\\\/2021\\\/01\\\/21\\\/nasce-un-sistema-associato-dei-servizi-sociali-per-46-comuni-del-cadore-agordino-e-valbelluna-domani-la-presentazione-pubblica\\\/\",\"url\":\"https:\\\/\\\/www.bellunopress.it\\\/2021\\\/01\\\/21\\\/nasce-un-sistema-associato-dei-servizi-sociali-per-46-comuni-del-cadore-agordino-e-valbelluna-domani-la-presentazione-pubblica\\\/\",\"name\":\"Nasce un sistema associato dei servizi sociali per 46 Comuni del Cadore, Agordino e Valbelluna. Domani la presentazione pubblica - Bellunopress - Dolomiti\",\"isPartOf\":{\"@id\":\"https:\\\/\\\/www.bellunopress.it\\\/#website\"},\"primaryImageOfPage\":{\"@id\":\"https:\\\/\\\/www.bellunopress.it\\\/2021\\\/01\\\/21\\\/nasce-un-sistema-associato-dei-servizi-sociali-per-46-comuni-del-cadore-agordino-e-valbelluna-domani-la-presentazione-pubblica\\\/#primaryimage\"},\"image\":{\"@id\":\"https:\\\/\\\/www.bellunopress.it\\\/2021\\\/01\\\/21\\\/nasce-un-sistema-associato-dei-servizi-sociali-per-46-comuni-del-cadore-agordino-e-valbelluna-domani-la-presentazione-pubblica\\\/#primaryimage\"},\"thumbnailUrl\":\"https:\\\/\\\/www.bellunopress.it\\\/wp-content\\\/uploads\\\/2009\\\/02\\\/michele-dal-farra.jpg\",\"datePublished\":\"2021-01-21T11:58:37+00:00\",\"breadcrumb\":{\"@id\":\"https:\\\/\\\/www.bellunopress.it\\\/2021\\\/01\\\/21\\\/nasce-un-sistema-associato-dei-servizi-sociali-per-46-comuni-del-cadore-agordino-e-valbelluna-domani-la-presentazione-pubblica\\\/#breadcrumb\"},\"inLanguage\":\"fr-FR\",\"potentialAction\":[{\"@type\":\"ReadAction\",\"target\":[\"https:\\\/\\\/www.bellunopress.it\\\/2021\\\/01\\\/21\\\/nasce-un-sistema-associato-dei-servizi-sociali-per-46-comuni-del-cadore-agordino-e-valbelluna-domani-la-presentazione-pubblica\\\/\"]}]},{\"@type\":\"ImageObject\",\"inLanguage\":\"fr-FR\",\"@id\":\"https:\\\/\\\/www.bellunopress.it\\\/2021\\\/01\\\/21\\\/nasce-un-sistema-associato-dei-servizi-sociali-per-46-comuni-del-cadore-agordino-e-valbelluna-domani-la-presentazione-pubblica\\\/#primaryimage\",\"url\":\"https:\\\/\\\/www.bellunopress.it\\\/wp-content\\\/uploads\\\/2009\\\/02\\\/michele-dal-farra.jpg\",\"contentUrl\":\"https:\\\/\\\/www.bellunopress.it\\\/wp-content\\\/uploads\\\/2009\\\/02\\\/michele-dal-farra.jpg\",\"width\":181,\"height\":226,\"caption\":\"Michele Dal Farra - Presidente Metalogos\"},{\"@type\":\"BreadcrumbList\",\"@id\":\"https:\\\/\\\/www.bellunopress.it\\\/2021\\\/01\\\/21\\\/nasce-un-sistema-associato-dei-servizi-sociali-per-46-comuni-del-cadore-agordino-e-valbelluna-domani-la-presentazione-pubblica\\\/#breadcrumb\",\"itemListElement\":[{\"@type\":\"ListItem\",\"position\":1,\"name\":\"Home\",\"item\":\"https:\\\/\\\/www.bellunopress.it\\\/\"},{\"@type\":\"ListItem\",\"position\":2,\"name\":\"Nasce un sistema associato dei servizi sociali per 46 Comuni del Cadore, Agordino e Valbelluna. Domani la presentazione pubblica\"}]},{\"@type\":\"WebSite\",\"@id\":\"https:\\\/\\\/www.bellunopress.it\\\/#website\",\"url\":\"https:\\\/\\\/www.bellunopress.it\\\/\",\"name\":\"Bellunopress - Dolomiti\",\"description\":\"e-mail: redazione@bellunopress.it\",\"publisher\":{\"@id\":\"https:\\\/\\\/www.bellunopress.it\\\/#organization\"},\"potentialAction\":[{\"@type\":\"SearchAction\",\"target\":{\"@type\":\"EntryPoint\",\"urlTemplate\":\"https:\\\/\\\/www.bellunopress.it\\\/?s={search_term_string}\"},\"query-input\":{\"@type\":\"PropertyValueSpecification\",\"valueRequired\":true,\"valueName\":\"search_term_string\"}}],\"inLanguage\":\"fr-FR\"},{\"@type\":\"Organization\",\"@id\":\"https:\\\/\\\/www.bellunopress.it\\\/#organization\",\"name\":\"Bellunopress\",\"url\":\"https:\\\/\\\/www.bellunopress.it\\\/\",\"logo\":{\"@type\":\"ImageObject\",\"inLanguage\":\"fr-FR\",\"@id\":\"https:\\\/\\\/www.bellunopress.it\\\/#\\\/schema\\\/logo\\\/image\\\/\",\"url\":\"https:\\\/\\\/www.bellunopress.it\\\/wp-content\\\/uploads\\\/2011\\\/05\\\/cropped-logo-bellunopress-.jpg\",\"contentUrl\":\"https:\\\/\\\/www.bellunopress.it\\\/wp-content\\\/uploads\\\/2011\\\/05\\\/cropped-logo-bellunopress-.jpg\",\"width\":512,\"height\":512,\"caption\":\"Bellunopress\"},\"image\":{\"@id\":\"https:\\\/\\\/www.bellunopress.it\\\/#\\\/schema\\\/logo\\\/image\\\/\"},\"sameAs\":[\"https:\\\/\\\/www.facebook.com\\\/profile.php?id=100008943462799\",\"https:\\\/\\\/x.com\\\/bellunopress\",\"https:\\\/\\\/www.linkedin.com\\\/hp\\\/?dnr=JBzUWaJfMUw8vbXJJ2tVW5-I3jZKvC4wsoxE&amp;amp;amp;amp;amp;amp;trk=nav_responsive_tab_home\",\"https:\\\/\\\/www.youtube.com\\\/channel\\\/UCxL0wu1uN0_3_7hGG0306cw\"]},{\"@type\":\"Person\",\"@id\":\"https:\\\/\\\/www.bellunopress.it\\\/#\\\/schema\\\/person\\\/79bb06722b37ece1c03d3e94beb30d73\",\"name\":\"redazione\",\"image\":{\"@type\":\"ImageObject\",\"inLanguage\":\"fr-FR\",\"@id\":\"https:\\\/\\\/secure.gravatar.com\\\/avatar\\\/37d968a2e67a6fd04c169c4bdef102d0bc5d31b2546345219e348575eb80e9a0?s=96&d=mm&r=g\",\"url\":\"https:\\\/\\\/secure.gravatar.com\\\/avatar\\\/37d968a2e67a6fd04c169c4bdef102d0bc5d31b2546345219e348575eb80e9a0?s=96&d=mm&r=g\",\"contentUrl\":\"https:\\\/\\\/secure.gravatar.com\\\/avatar\\\/37d968a2e67a6fd04c169c4bdef102d0bc5d31b2546345219e348575eb80e9a0?s=96&d=mm&r=g\",\"caption\":\"redazione\"},\"sameAs\":[\"http:\\\/\\\/www.bellunopress.it\",\"https:\\\/\\\/x.com\\\/bellunopress\"],\"url\":\"https:\\\/\\\/www.bellunopress.it\\\/fr\\\/author\\\/redazione\\\/\"}]}<\/script>\n<!-- \/ Yoast SEO plugin. -->","yoast_head_json":{"title":"Nasce un sistema associato dei servizi sociali per 46 Comuni del Cadore, Agordino e Valbelluna. Domani la presentazione pubblica - Bellunopress - Dolomiti","robots":{"index":"index","follow":"follow","max-snippet":"max-snippet:-1","max-image-preview":"max-image-preview:large","max-video-preview":"max-video-preview:-1"},"canonical":"https:\/\/www.bellunopress.it\/fr\/2021\/01\/21\/nasce-un-sistema-associato-dei-servizi-sociali-per-46-comuni-del-cadore-agordino-e-valbelluna-domani-la-presentazione-pubblica\/","og_locale":"fr_FR","og_type":"article","og_title":"Nasce un sistema associato dei servizi sociali per 46 Comuni del Cadore, Agordino e Valbelluna. Domani la presentazione pubblica - Bellunopress - Dolomiti","og_description":"Belluno, 21 gennaio 2021 &#8211; Costruire un sistema associato di servizi sociali di lungo periodo, ridurre la frammentazione per dare ai cittadini servizi pi\u00f9 puntuali ed efficaci e sperimentare attivit\u00e0 innovative con laboratori territoriali: prende il via con questi obiettivi il progetto di rafforzamento degli ambiti sociali territoriali del Cadore, dell\u2019Agordino e del Bellunese. Un [&hellip;]","og_url":"https:\/\/www.bellunopress.it\/fr\/2021\/01\/21\/nasce-un-sistema-associato-dei-servizi-sociali-per-46-comuni-del-cadore-agordino-e-valbelluna-domani-la-presentazione-pubblica\/","og_site_name":"Bellunopress - Dolomiti","article_publisher":"https:\/\/www.facebook.com\/profile.php?id=100008943462799","article_published_time":"2021-01-21T11:58:37+00:00","og_image":[{"width":181,"height":226,"url":"https:\/\/www.bellunopress.it\/wp-content\/uploads\/2009\/02\/michele-dal-farra.jpg","type":"image\/jpeg"}],"author":"redazione","twitter_card":"summary_large_image","twitter_creator":"@bellunopress","twitter_site":"@bellunopress","twitter_misc":{"\u00c9crit par":"redazione","Dur\u00e9e de lecture estim\u00e9e":"2 minutes"},"schema":{"@context":"https:\/\/schema.org","@graph":[{"@type":"Article","@id":"https:\/\/www.bellunopress.it\/2021\/01\/21\/nasce-un-sistema-associato-dei-servizi-sociali-per-46-comuni-del-cadore-agordino-e-valbelluna-domani-la-presentazione-pubblica\/#article","isPartOf":{"@id":"https:\/\/www.bellunopress.it\/2021\/01\/21\/nasce-un-sistema-associato-dei-servizi-sociali-per-46-comuni-del-cadore-agordino-e-valbelluna-domani-la-presentazione-pubblica\/"},"author":{"name":"redazione","@id":"https:\/\/www.bellunopress.it\/#\/schema\/person\/79bb06722b37ece1c03d3e94beb30d73"},"headline":"Nasce un sistema associato dei servizi sociali per 46 Comuni del Cadore, Agordino e Valbelluna. Domani la presentazione pubblica","datePublished":"2021-01-21T11:58:37+00:00","mainEntityOfPage":{"@id":"https:\/\/www.bellunopress.it\/2021\/01\/21\/nasce-un-sistema-associato-dei-servizi-sociali-per-46-comuni-del-cadore-agordino-e-valbelluna-domani-la-presentazione-pubblica\/"},"wordCount":499,"publisher":{"@id":"https:\/\/www.bellunopress.it\/#organization"},"image":{"@id":"https:\/\/www.bellunopress.it\/2021\/01\/21\/nasce-un-sistema-associato-dei-servizi-sociali-per-46-comuni-del-cadore-agordino-e-valbelluna-domani-la-presentazione-pubblica\/#primaryimage"},"thumbnailUrl":"https:\/\/www.bellunopress.it\/wp-content\/uploads\/2009\/02\/michele-dal-farra.jpg","articleSection":["Prima Pagina","Sanit\u00e0 Medicina","Societ\u00e0, Associazioni, Istituzioni"],"inLanguage":"fr-FR"},{"@type":"WebPage","@id":"https:\/\/www.bellunopress.it\/2021\/01\/21\/nasce-un-sistema-associato-dei-servizi-sociali-per-46-comuni-del-cadore-agordino-e-valbelluna-domani-la-presentazione-pubblica\/","url":"https:\/\/www.bellunopress.it\/2021\/01\/21\/nasce-un-sistema-associato-dei-servizi-sociali-per-46-comuni-del-cadore-agordino-e-valbelluna-domani-la-presentazione-pubblica\/","name":"Nasce un sistema associato dei servizi sociali per 46 Comuni del Cadore, Agordino e Valbelluna. Domani la presentazione pubblica - Bellunopress - Dolomiti","isPartOf":{"@id":"https:\/\/www.bellunopress.it\/#website"},"primaryImageOfPage":{"@id":"https:\/\/www.bellunopress.it\/2021\/01\/21\/nasce-un-sistema-associato-dei-servizi-sociali-per-46-comuni-del-cadore-agordino-e-valbelluna-domani-la-presentazione-pubblica\/#primaryimage"},"image":{"@id":"https:\/\/www.bellunopress.it\/2021\/01\/21\/nasce-un-sistema-associato-dei-servizi-sociali-per-46-comuni-del-cadore-agordino-e-valbelluna-domani-la-presentazione-pubblica\/#primaryimage"},"thumbnailUrl":"https:\/\/www.bellunopress.it\/wp-content\/uploads\/2009\/02\/michele-dal-farra.jpg","datePublished":"2021-01-21T11:58:37+00:00","breadcrumb":{"@id":"https:\/\/www.bellunopress.it\/2021\/01\/21\/nasce-un-sistema-associato-dei-servizi-sociali-per-46-comuni-del-cadore-agordino-e-valbelluna-domani-la-presentazione-pubblica\/#breadcrumb"},"inLanguage":"fr-FR","potentialAction":[{"@type":"ReadAction","target":["https:\/\/www.bellunopress.it\/2021\/01\/21\/nasce-un-sistema-associato-dei-servizi-sociali-per-46-comuni-del-cadore-agordino-e-valbelluna-domani-la-presentazione-pubblica\/"]}]},{"@type":"ImageObject","inLanguage":"fr-FR","@id":"https:\/\/www.bellunopress.it\/2021\/01\/21\/nasce-un-sistema-associato-dei-servizi-sociali-per-46-comuni-del-cadore-agordino-e-valbelluna-domani-la-presentazione-pubblica\/#primaryimage","url":"https:\/\/www.bellunopress.it\/wp-content\/uploads\/2009\/02\/michele-dal-farra.jpg","contentUrl":"https:\/\/www.bellunopress.it\/wp-content\/uploads\/2009\/02\/michele-dal-farra.jpg","width":181,"height":226,"caption":"Michele Dal Farra - Presidente Metalogos"},{"@type":"BreadcrumbList","@id":"https:\/\/www.bellunopress.it\/2021\/01\/21\/nasce-un-sistema-associato-dei-servizi-sociali-per-46-comuni-del-cadore-agordino-e-valbelluna-domani-la-presentazione-pubblica\/#breadcrumb","itemListElement":[{"@type":"ListItem","position":1,"name":"Home","item":"https:\/\/www.bellunopress.it\/"},{"@type":"ListItem","position":2,"name":"Nasce un sistema associato dei servizi sociali per 46 Comuni del Cadore, Agordino e Valbelluna. Domani la presentazione pubblica"}]},{"@type":"WebSite","@id":"https:\/\/www.bellunopress.it\/#website","url":"https:\/\/www.bellunopress.it\/","name":"Bellunopress - Dolomiti","description":"e-mail: redazione@bellunopress.it","publisher":{"@id":"https:\/\/www.bellunopress.it\/#organization"},"potentialAction":[{"@type":"SearchAction","target":{"@type":"EntryPoint","urlTemplate":"https:\/\/www.bellunopress.it\/?s={search_term_string}"},"query-input":{"@type":"PropertyValueSpecification","valueRequired":true,"valueName":"search_term_string"}}],"inLanguage":"fr-FR"},{"@type":"Organization","@id":"https:\/\/www.bellunopress.it\/#organization","name":"Bellunopress","url":"https:\/\/www.bellunopress.it\/","logo":{"@type":"ImageObject","inLanguage":"fr-FR","@id":"https:\/\/www.bellunopress.it\/#\/schema\/logo\/image\/","url":"https:\/\/www.bellunopress.it\/wp-content\/uploads\/2011\/05\/cropped-logo-bellunopress-.jpg","contentUrl":"https:\/\/www.bellunopress.it\/wp-content\/uploads\/2011\/05\/cropped-logo-bellunopress-.jpg","width":512,"height":512,"caption":"Bellunopress"},"image":{"@id":"https:\/\/www.bellunopress.it\/#\/schema\/logo\/image\/"},"sameAs":["https:\/\/www.facebook.com\/profile.php?id=100008943462799","https:\/\/x.com\/bellunopress","https:\/\/www.linkedin.com\/hp\/?dnr=JBzUWaJfMUw8vbXJJ2tVW5-I3jZKvC4wsoxE&amp;amp;amp;amp;amp;amp;trk=nav_responsive_tab_home","https:\/\/www.youtube.com\/channel\/UCxL0wu1uN0_3_7hGG0306cw"]},{"@type":"Person","@id":"https:\/\/www.bellunopress.it\/#\/schema\/person\/79bb06722b37ece1c03d3e94beb30d73","name":"r\u00e9daction","image":{"@type":"ImageObject","inLanguage":"fr-FR","@id":"https:\/\/secure.gravatar.com\/avatar\/37d968a2e67a6fd04c169c4bdef102d0bc5d31b2546345219e348575eb80e9a0?s=96&d=mm&r=g","url":"https:\/\/secure.gravatar.com\/avatar\/37d968a2e67a6fd04c169c4bdef102d0bc5d31b2546345219e348575eb80e9a0?s=96&d=mm&r=g","contentUrl":"https:\/\/secure.gravatar.com\/avatar\/37d968a2e67a6fd04c169c4bdef102d0bc5d31b2546345219e348575eb80e9a0?s=96&d=mm&r=g","caption":"redazione"},"sameAs":["http:\/\/www.bellunopress.it","https:\/\/x.com\/bellunopress"],"url":"https:\/\/www.bellunopress.it\/fr\/author\/redazione\/"}]}},"_links":{"self":[{"href":"https:\/\/www.bellunopress.it\/fr\/wp-json\/wp\/v2\/posts\/121049","targetHints":{"allow":["GET"]}}],"collection":[{"href":"https:\/\/www.bellunopress.it\/fr\/wp-json\/wp\/v2\/posts"}],"about":[{"href":"https:\/\/www.bellunopress.it\/fr\/wp-json\/wp\/v2\/types\/post"}],"author":[{"embeddable":true,"href":"https:\/\/www.bellunopress.it\/fr\/wp-json\/wp\/v2\/users\/2"}],"replies":[{"embeddable":true,"href":"https:\/\/www.bellunopress.it\/fr\/wp-json\/wp\/v2\/comments?post=121049"}],"version-history":[{"count":1,"href":"https:\/\/www.bellunopress.it\/fr\/wp-json\/wp\/v2\/posts\/121049\/revisions"}],"predecessor-version":[{"id":121050,"href":"https:\/\/www.bellunopress.it\/fr\/wp-json\/wp\/v2\/posts\/121049\/revisions\/121050"}],"wp:featuredmedia":[{"embeddable":true,"href":"https:\/\/www.bellunopress.it\/fr\/wp-json\/wp\/v2\/media\/1015"}],"wp:attachment":[{"href":"https:\/\/www.bellunopress.it\/fr\/wp-json\/wp\/v2\/media?parent=121049"}],"wp:term":[{"taxonomy":"category","embeddable":true,"href":"https:\/\/www.bellunopress.it\/fr\/wp-json\/wp\/v2\/categories?post=121049"},{"taxonomy":"post_tag","embeddable":true,"href":"https:\/\/www.bellunopress.it\/fr\/wp-json\/wp\/v2\/tags?post=121049"}],"curies":[{"name":"wp","href":"https:\/\/api.w.org\/{rel}","templated":true}]}}