{"id":121030,"date":"2021-01-20T15:41:55","date_gmt":"2021-01-20T14:41:55","guid":{"rendered":"http:\/\/www.bellunopress.it\/?p=121030"},"modified":"2021-01-20T15:41:55","modified_gmt":"2021-01-20T14:41:55","slug":"online-il-nuovo-sito-della-provincia-cibien-sempre-piu-vicini-ai-cittadini-con-informazioni-aggiornate-e-accessibili","status":"publish","type":"post","link":"https:\/\/www.bellunopress.it\/fr\/2021\/01\/20\/online-il-nuovo-sito-della-provincia-cibien-sempre-piu-vicini-ai-cittadini-con-informazioni-aggiornate-e-accessibili\/","title":{"rendered":"Online il nuovo sito della Provincia.\u00a0 Cibien: \u00abSempre pi\u00f9 vicini ai cittadini, con informazioni aggiornate e accessibili\u00bb"},"content":{"rendered":"<figure id=\"attachment_119045\" aria-describedby=\"caption-attachment-119045\" style=\"width: 800px\" class=\"wp-caption alignleft\"><a href=\"http:\/\/www.bellunopress.it\/fr\/2020\/11\/03\/nuovo-dirigente-in-provincia-e-la-dottoressa-wanda-antoniazzi-padrin-si-completa-cosi-il-quadro-della-riorganizzazione-interna\/palazzo-piloni-provincia_edited\/\" rel=\"attachment wp-att-119045\"><img loading=\"lazy\" decoding=\"async\" class=\"size-full wp-image-119045\" src=\"http:\/\/www.bellunopress.it\/wp-content\/uploads\/2020\/11\/palazzo-piloni-provincia_edited.jpg\" alt=\"\" width=\"800\" height=\"578\" srcset=\"https:\/\/www.bellunopress.it\/wp-content\/uploads\/2020\/11\/palazzo-piloni-provincia_edited.jpg 800w, https:\/\/www.bellunopress.it\/wp-content\/uploads\/2020\/11\/palazzo-piloni-provincia_edited-500x361.jpg 500w, https:\/\/www.bellunopress.it\/wp-content\/uploads\/2020\/11\/palazzo-piloni-provincia_edited-696x503.jpg 696w, https:\/\/www.bellunopress.it\/wp-content\/uploads\/2020\/11\/palazzo-piloni-provincia_edited-581x420.jpg 581w, https:\/\/www.bellunopress.it\/wp-content\/uploads\/2020\/11\/palazzo-piloni-provincia_edited-324x235.jpg 324w\" sizes=\"auto, (max-width: 800px) 100vw, 800px\" \/><\/a><figcaption id=\"caption-attachment-119045\" class=\"wp-caption-text\">Palazzo Piloni, sede dell&#8217;Amministrazione Provinciale<\/figcaption><\/figure>\n<p>Da qualche giorno \u00e8 online il nuovo sito della Provincia. Veste grafica nuova e nuovi contenuti per rispondere alle esigenze dei cittadini.<\/p>\n<p>Il sito \u00e8 realizzato utilizzando la piattaforma MyPortal della Regione Veneto e dialoga in costante interazione e integrazione con i profili social dell&#8217;amministrazione (Facebook, Instagram, Twitter, Linkedin, Telegram e YouTube). Accanto alle informazioni basilari richieste dalla normativa &#8211; quali &#8220;amministrazione trasparente&#8221;, articolazione degli uffici, servizi erogati, composizione degli organi di governo, modulistica, regolamenti &#8211; nel sito sono disponibili molti altri contenuti, anche notizie e informazioni sul territorio (ad esempio nella sezione &#8220;vivere&#8221;). La grafica \u00e8 quella standard indicata da Agid che rende il portale immediatamente riconoscibile come sito di una Pubblica Amministrazione. Mentre per i contenuti \u00e8 stato creato un sistema di redazione di 30 persone, distribuite nei vari settori in cui \u00e8 articolata la Provincia, coordinati dal gruppo di amministratori cui appartengono i tecnici del Ced (centro elaborazione dati) e la responsabile della comunicazione dell&#8217;ente.<\/p>\n<figure id=\"attachment_50848\" aria-describedby=\"caption-attachment-50848\" style=\"width: 140px\" class=\"wp-caption alignleft\"><a href=\"http:\/\/www.bellunopress.it\/fr\/2013\/07\/13\/ringrazia-e-se-ne-va-walter-cibien-esce-dal-patto-per-belluno-per-confluire-nella-lista-in-movimento-con-massaro\/walter-cibien\/\" rel=\"attachment wp-att-50848\"><img loading=\"lazy\" decoding=\"async\" class=\"size-full wp-image-50848\" src=\"http:\/\/www.bellunopress.it\/wp-content\/uploads\/2013\/07\/walter-cibien.jpg\" alt=\"\" width=\"140\" height=\"140\" \/><\/a><figcaption id=\"caption-attachment-50848\" class=\"wp-caption-text\">Walter Cibien<\/figcaption><\/figure>\n<p>\u00abCon il nuovo sito, che rappresenta il primo canale di comunicazione dell&#8217;ente, cerchiamo di essere ancora pi\u00f9 vicini ai cittadini &#8211; spiega Walter Cibien, consigliere provinciale con delega all&#8217;innovazione digitale -. In questi anni la Provincia, seppur depotenziata, ha sempre dato risposte alle esigenze del territorio: continueremo a farlo anche attraverso il sito e i profili social di Palazzo Piloni, nella speranza di un&#8217;attenzione diversa da parte dello Stato nel garantire un&#8217;adeguata copertura e velocit\u00e0 della rete\u00bb.<\/p>","protected":false},"excerpt":{"rendered":"<p>Da qualche giorno \u00e8 online il nuovo sito della Provincia. Veste grafica nuova e nuovi contenuti per rispondere alle esigenze dei cittadini. Il sito \u00e8 realizzato utilizzando la piattaforma MyPortal della Regione Veneto e dialoga in costante interazione e integrazione con i profili social dell&#8217;amministrazione (Facebook, Instagram, Twitter, Linkedin, Telegram e YouTube). Accanto alle informazioni [&hellip;]<\/p>\n","protected":false},"author":2,"featured_media":112875,"comment_status":"closed","ping_status":"open","sticky":false,"template":"","format":"standard","meta":{"footnotes":""},"categories":[26,8],"tags":[],"class_list":["post-121030","post","type-post","status-publish","format-standard","has-post-thumbnail","category-prima-pagina","category-societa-istituzioni"],"yoast_head":"<!-- This site is optimized with the Yoast SEO plugin v28.4 - https:\/\/yoast.com\/product\/yoast-seo-wordpress\/ -->\n<title>Online il nuovo sito della Provincia.\u00a0 Cibien: \u00abSempre pi\u00f9 vicini ai cittadini, con informazioni aggiornate e accessibili\u00bb - Bellunopress - Dolomiti<\/title>\n<meta name=\"robots\" content=\"index, follow, max-snippet:-1, max-image-preview:large, max-video-preview:-1\" \/>\n<link rel=\"canonical\" href=\"https:\/\/www.bellunopress.it\/fr\/2021\/01\/20\/online-il-nuovo-sito-della-provincia-cibien-sempre-piu-vicini-ai-cittadini-con-informazioni-aggiornate-e-accessibili\/\" \/>\n<meta property=\"og:locale\" content=\"fr_FR\" \/>\n<meta property=\"og:type\" content=\"article\" \/>\n<meta property=\"og:title\" content=\"Online il nuovo sito della Provincia.\u00a0 Cibien: \u00abSempre pi\u00f9 vicini ai cittadini, con informazioni aggiornate e accessibili\u00bb - Bellunopress - Dolomiti\" \/>\n<meta property=\"og:description\" content=\"Da qualche giorno \u00e8 online il nuovo sito della Provincia. Veste grafica nuova e nuovi contenuti per rispondere alle esigenze dei cittadini. Il sito \u00e8 realizzato utilizzando la piattaforma MyPortal della Regione Veneto e dialoga in costante interazione e integrazione con i profili social dell&#8217;amministrazione (Facebook, Instagram, Twitter, Linkedin, Telegram e YouTube). Accanto alle informazioni [&hellip;]\" \/>\n<meta property=\"og:url\" content=\"https:\/\/www.bellunopress.it\/fr\/2021\/01\/20\/online-il-nuovo-sito-della-provincia-cibien-sempre-piu-vicini-ai-cittadini-con-informazioni-aggiornate-e-accessibili\/\" \/>\n<meta property=\"og:site_name\" content=\"Bellunopress - Dolomiti\" \/>\n<meta property=\"article:publisher\" content=\"https:\/\/www.facebook.com\/profile.php?id=100008943462799\" \/>\n<meta property=\"article:published_time\" content=\"2021-01-20T14:41:55+00:00\" \/>\n<meta property=\"og:image\" content=\"https:\/\/www.bellunopress.it\/wp-content\/uploads\/2020\/03\/palazzo-piloni.jpg\" \/>\n\t<meta property=\"og:image:width\" content=\"900\" \/>\n\t<meta property=\"og:image:height\" content=\"667\" \/>\n\t<meta property=\"og:image:type\" content=\"image\/jpeg\" \/>\n<meta name=\"author\" content=\"redazione\" \/>\n<meta name=\"twitter:card\" content=\"summary_large_image\" \/>\n<meta name=\"twitter:creator\" content=\"@bellunopress\" \/>\n<meta name=\"twitter:site\" content=\"@bellunopress\" \/>\n<meta name=\"twitter:label1\" content=\"\u00c9crit par\" \/>\n\t<meta name=\"twitter:data1\" content=\"redazione\" \/>\n\t<meta name=\"twitter:label2\" content=\"Dur\u00e9e de lecture estim\u00e9e\" \/>\n\t<meta name=\"twitter:data2\" content=\"1 minute\" \/>\n<script type=\"application\/ld+json\" class=\"yoast-schema-graph\">{\"@context\":\"https:\\\/\\\/schema.org\",\"@graph\":[{\"@type\":\"Article\",\"@id\":\"https:\\\/\\\/www.bellunopress.it\\\/2021\\\/01\\\/20\\\/online-il-nuovo-sito-della-provincia-cibien-sempre-piu-vicini-ai-cittadini-con-informazioni-aggiornate-e-accessibili\\\/#article\",\"isPartOf\":{\"@id\":\"https:\\\/\\\/www.bellunopress.it\\\/2021\\\/01\\\/20\\\/online-il-nuovo-sito-della-provincia-cibien-sempre-piu-vicini-ai-cittadini-con-informazioni-aggiornate-e-accessibili\\\/\"},\"author\":{\"name\":\"redazione\",\"@id\":\"https:\\\/\\\/www.bellunopress.it\\\/#\\\/schema\\\/person\\\/79bb06722b37ece1c03d3e94beb30d73\"},\"headline\":\"Online il nuovo sito della Provincia.\u00a0 Cibien: \u00abSempre pi\u00f9 vicini ai cittadini, con informazioni aggiornate e accessibili\u00bb\",\"datePublished\":\"2021-01-20T14:41:55+00:00\",\"mainEntityOfPage\":{\"@id\":\"https:\\\/\\\/www.bellunopress.it\\\/2021\\\/01\\\/20\\\/online-il-nuovo-sito-della-provincia-cibien-sempre-piu-vicini-ai-cittadini-con-informazioni-aggiornate-e-accessibili\\\/\"},\"wordCount\":274,\"publisher\":{\"@id\":\"https:\\\/\\\/www.bellunopress.it\\\/#organization\"},\"image\":{\"@id\":\"https:\\\/\\\/www.bellunopress.it\\\/2021\\\/01\\\/20\\\/online-il-nuovo-sito-della-provincia-cibien-sempre-piu-vicini-ai-cittadini-con-informazioni-aggiornate-e-accessibili\\\/#primaryimage\"},\"thumbnailUrl\":\"https:\\\/\\\/www.bellunopress.it\\\/wp-content\\\/uploads\\\/2020\\\/03\\\/palazzo-piloni.jpg\",\"articleSection\":[\"Prima Pagina\",\"Societ\u00e0, Associazioni, Istituzioni\"],\"inLanguage\":\"fr-FR\"},{\"@type\":\"WebPage\",\"@id\":\"https:\\\/\\\/www.bellunopress.it\\\/2021\\\/01\\\/20\\\/online-il-nuovo-sito-della-provincia-cibien-sempre-piu-vicini-ai-cittadini-con-informazioni-aggiornate-e-accessibili\\\/\",\"url\":\"https:\\\/\\\/www.bellunopress.it\\\/2021\\\/01\\\/20\\\/online-il-nuovo-sito-della-provincia-cibien-sempre-piu-vicini-ai-cittadini-con-informazioni-aggiornate-e-accessibili\\\/\",\"name\":\"Online il nuovo sito della Provincia.\u00a0 Cibien: \u00abSempre pi\u00f9 vicini ai cittadini, con informazioni aggiornate e accessibili\u00bb - Bellunopress - Dolomiti\",\"isPartOf\":{\"@id\":\"https:\\\/\\\/www.bellunopress.it\\\/#website\"},\"primaryImageOfPage\":{\"@id\":\"https:\\\/\\\/www.bellunopress.it\\\/2021\\\/01\\\/20\\\/online-il-nuovo-sito-della-provincia-cibien-sempre-piu-vicini-ai-cittadini-con-informazioni-aggiornate-e-accessibili\\\/#primaryimage\"},\"image\":{\"@id\":\"https:\\\/\\\/www.bellunopress.it\\\/2021\\\/01\\\/20\\\/online-il-nuovo-sito-della-provincia-cibien-sempre-piu-vicini-ai-cittadini-con-informazioni-aggiornate-e-accessibili\\\/#primaryimage\"},\"thumbnailUrl\":\"https:\\\/\\\/www.bellunopress.it\\\/wp-content\\\/uploads\\\/2020\\\/03\\\/palazzo-piloni.jpg\",\"datePublished\":\"2021-01-20T14:41:55+00:00\",\"breadcrumb\":{\"@id\":\"https:\\\/\\\/www.bellunopress.it\\\/2021\\\/01\\\/20\\\/online-il-nuovo-sito-della-provincia-cibien-sempre-piu-vicini-ai-cittadini-con-informazioni-aggiornate-e-accessibili\\\/#breadcrumb\"},\"inLanguage\":\"fr-FR\",\"potentialAction\":[{\"@type\":\"ReadAction\",\"target\":[\"https:\\\/\\\/www.bellunopress.it\\\/2021\\\/01\\\/20\\\/online-il-nuovo-sito-della-provincia-cibien-sempre-piu-vicini-ai-cittadini-con-informazioni-aggiornate-e-accessibili\\\/\"]}]},{\"@type\":\"ImageObject\",\"inLanguage\":\"fr-FR\",\"@id\":\"https:\\\/\\\/www.bellunopress.it\\\/2021\\\/01\\\/20\\\/online-il-nuovo-sito-della-provincia-cibien-sempre-piu-vicini-ai-cittadini-con-informazioni-aggiornate-e-accessibili\\\/#primaryimage\",\"url\":\"https:\\\/\\\/www.bellunopress.it\\\/wp-content\\\/uploads\\\/2020\\\/03\\\/palazzo-piloni.jpg\",\"contentUrl\":\"https:\\\/\\\/www.bellunopress.it\\\/wp-content\\\/uploads\\\/2020\\\/03\\\/palazzo-piloni.jpg\",\"width\":900,\"height\":667,\"caption\":\"Palazzo Piloni, sede dell'amministrazione provinciale\"},{\"@type\":\"BreadcrumbList\",\"@id\":\"https:\\\/\\\/www.bellunopress.it\\\/2021\\\/01\\\/20\\\/online-il-nuovo-sito-della-provincia-cibien-sempre-piu-vicini-ai-cittadini-con-informazioni-aggiornate-e-accessibili\\\/#breadcrumb\",\"itemListElement\":[{\"@type\":\"ListItem\",\"position\":1,\"name\":\"Home\",\"item\":\"https:\\\/\\\/www.bellunopress.it\\\/\"},{\"@type\":\"ListItem\",\"position\":2,\"name\":\"Online il nuovo sito della Provincia.\u00a0 Cibien: \u00abSempre pi\u00f9 vicini ai cittadini, con informazioni aggiornate e accessibili\u00bb\"}]},{\"@type\":\"WebSite\",\"@id\":\"https:\\\/\\\/www.bellunopress.it\\\/#website\",\"url\":\"https:\\\/\\\/www.bellunopress.it\\\/\",\"name\":\"Bellunopress - Dolomiti\",\"description\":\"e-mail: redazione@bellunopress.it\",\"publisher\":{\"@id\":\"https:\\\/\\\/www.bellunopress.it\\\/#organization\"},\"potentialAction\":[{\"@type\":\"SearchAction\",\"target\":{\"@type\":\"EntryPoint\",\"urlTemplate\":\"https:\\\/\\\/www.bellunopress.it\\\/?s={search_term_string}\"},\"query-input\":{\"@type\":\"PropertyValueSpecification\",\"valueRequired\":true,\"valueName\":\"search_term_string\"}}],\"inLanguage\":\"fr-FR\"},{\"@type\":\"Organization\",\"@id\":\"https:\\\/\\\/www.bellunopress.it\\\/#organization\",\"name\":\"Bellunopress\",\"url\":\"https:\\\/\\\/www.bellunopress.it\\\/\",\"logo\":{\"@type\":\"ImageObject\",\"inLanguage\":\"fr-FR\",\"@id\":\"https:\\\/\\\/www.bellunopress.it\\\/#\\\/schema\\\/logo\\\/image\\\/\",\"url\":\"https:\\\/\\\/www.bellunopress.it\\\/wp-content\\\/uploads\\\/2011\\\/05\\\/cropped-logo-bellunopress-.jpg\",\"contentUrl\":\"https:\\\/\\\/www.bellunopress.it\\\/wp-content\\\/uploads\\\/2011\\\/05\\\/cropped-logo-bellunopress-.jpg\",\"width\":512,\"height\":512,\"caption\":\"Bellunopress\"},\"image\":{\"@id\":\"https:\\\/\\\/www.bellunopress.it\\\/#\\\/schema\\\/logo\\\/image\\\/\"},\"sameAs\":[\"https:\\\/\\\/www.facebook.com\\\/profile.php?id=100008943462799\",\"https:\\\/\\\/x.com\\\/bellunopress\",\"https:\\\/\\\/www.linkedin.com\\\/hp\\\/?dnr=JBzUWaJfMUw8vbXJJ2tVW5-I3jZKvC4wsoxE&amp;amp;amp;amp;amp;amp;trk=nav_responsive_tab_home\",\"https:\\\/\\\/www.youtube.com\\\/channel\\\/UCxL0wu1uN0_3_7hGG0306cw\"]},{\"@type\":\"Person\",\"@id\":\"https:\\\/\\\/www.bellunopress.it\\\/#\\\/schema\\\/person\\\/79bb06722b37ece1c03d3e94beb30d73\",\"name\":\"redazione\",\"image\":{\"@type\":\"ImageObject\",\"inLanguage\":\"fr-FR\",\"@id\":\"https:\\\/\\\/secure.gravatar.com\\\/avatar\\\/37d968a2e67a6fd04c169c4bdef102d0bc5d31b2546345219e348575eb80e9a0?s=96&d=mm&r=g\",\"url\":\"https:\\\/\\\/secure.gravatar.com\\\/avatar\\\/37d968a2e67a6fd04c169c4bdef102d0bc5d31b2546345219e348575eb80e9a0?s=96&d=mm&r=g\",\"contentUrl\":\"https:\\\/\\\/secure.gravatar.com\\\/avatar\\\/37d968a2e67a6fd04c169c4bdef102d0bc5d31b2546345219e348575eb80e9a0?s=96&d=mm&r=g\",\"caption\":\"redazione\"},\"sameAs\":[\"http:\\\/\\\/www.bellunopress.it\",\"https:\\\/\\\/x.com\\\/bellunopress\"],\"url\":\"https:\\\/\\\/www.bellunopress.it\\\/fr\\\/author\\\/redazione\\\/\"}]}<\/script>\n<!-- \/ Yoast SEO plugin. -->","yoast_head_json":{"title":"Online il nuovo sito della Provincia.\u00a0 Cibien: \u00abSempre pi\u00f9 vicini ai cittadini, con informazioni aggiornate e accessibili\u00bb - Bellunopress - Dolomiti","robots":{"index":"index","follow":"follow","max-snippet":"max-snippet:-1","max-image-preview":"max-image-preview:large","max-video-preview":"max-video-preview:-1"},"canonical":"https:\/\/www.bellunopress.it\/fr\/2021\/01\/20\/online-il-nuovo-sito-della-provincia-cibien-sempre-piu-vicini-ai-cittadini-con-informazioni-aggiornate-e-accessibili\/","og_locale":"fr_FR","og_type":"article","og_title":"Online il nuovo sito della Provincia.\u00a0 Cibien: \u00abSempre pi\u00f9 vicini ai cittadini, con informazioni aggiornate e accessibili\u00bb - Bellunopress - Dolomiti","og_description":"Da qualche giorno \u00e8 online il nuovo sito della Provincia. Veste grafica nuova e nuovi contenuti per rispondere alle esigenze dei cittadini. Il sito \u00e8 realizzato utilizzando la piattaforma MyPortal della Regione Veneto e dialoga in costante interazione e integrazione con i profili social dell&#8217;amministrazione (Facebook, Instagram, Twitter, Linkedin, Telegram e YouTube). Accanto alle informazioni [&hellip;]","og_url":"https:\/\/www.bellunopress.it\/fr\/2021\/01\/20\/online-il-nuovo-sito-della-provincia-cibien-sempre-piu-vicini-ai-cittadini-con-informazioni-aggiornate-e-accessibili\/","og_site_name":"Bellunopress - Dolomiti","article_publisher":"https:\/\/www.facebook.com\/profile.php?id=100008943462799","article_published_time":"2021-01-20T14:41:55+00:00","og_image":[{"width":900,"height":667,"url":"https:\/\/www.bellunopress.it\/wp-content\/uploads\/2020\/03\/palazzo-piloni.jpg","type":"image\/jpeg"}],"author":"redazione","twitter_card":"summary_large_image","twitter_creator":"@bellunopress","twitter_site":"@bellunopress","twitter_misc":{"\u00c9crit par":"redazione","Dur\u00e9e de lecture estim\u00e9e":"1 minute"},"schema":{"@context":"https:\/\/schema.org","@graph":[{"@type":"Article","@id":"https:\/\/www.bellunopress.it\/2021\/01\/20\/online-il-nuovo-sito-della-provincia-cibien-sempre-piu-vicini-ai-cittadini-con-informazioni-aggiornate-e-accessibili\/#article","isPartOf":{"@id":"https:\/\/www.bellunopress.it\/2021\/01\/20\/online-il-nuovo-sito-della-provincia-cibien-sempre-piu-vicini-ai-cittadini-con-informazioni-aggiornate-e-accessibili\/"},"author":{"name":"redazione","@id":"https:\/\/www.bellunopress.it\/#\/schema\/person\/79bb06722b37ece1c03d3e94beb30d73"},"headline":"Online il nuovo sito della Provincia.\u00a0 Cibien: \u00abSempre pi\u00f9 vicini ai cittadini, con informazioni aggiornate e accessibili\u00bb","datePublished":"2021-01-20T14:41:55+00:00","mainEntityOfPage":{"@id":"https:\/\/www.bellunopress.it\/2021\/01\/20\/online-il-nuovo-sito-della-provincia-cibien-sempre-piu-vicini-ai-cittadini-con-informazioni-aggiornate-e-accessibili\/"},"wordCount":274,"publisher":{"@id":"https:\/\/www.bellunopress.it\/#organization"},"image":{"@id":"https:\/\/www.bellunopress.it\/2021\/01\/20\/online-il-nuovo-sito-della-provincia-cibien-sempre-piu-vicini-ai-cittadini-con-informazioni-aggiornate-e-accessibili\/#primaryimage"},"thumbnailUrl":"https:\/\/www.bellunopress.it\/wp-content\/uploads\/2020\/03\/palazzo-piloni.jpg","articleSection":["Prima Pagina","Societ\u00e0, Associazioni, Istituzioni"],"inLanguage":"fr-FR"},{"@type":"WebPage","@id":"https:\/\/www.bellunopress.it\/2021\/01\/20\/online-il-nuovo-sito-della-provincia-cibien-sempre-piu-vicini-ai-cittadini-con-informazioni-aggiornate-e-accessibili\/","url":"https:\/\/www.bellunopress.it\/2021\/01\/20\/online-il-nuovo-sito-della-provincia-cibien-sempre-piu-vicini-ai-cittadini-con-informazioni-aggiornate-e-accessibili\/","name":"Online il nuovo sito della Provincia.\u00a0 Cibien: \u00abSempre pi\u00f9 vicini ai cittadini, con informazioni aggiornate e accessibili\u00bb - Bellunopress - Dolomiti","isPartOf":{"@id":"https:\/\/www.bellunopress.it\/#website"},"primaryImageOfPage":{"@id":"https:\/\/www.bellunopress.it\/2021\/01\/20\/online-il-nuovo-sito-della-provincia-cibien-sempre-piu-vicini-ai-cittadini-con-informazioni-aggiornate-e-accessibili\/#primaryimage"},"image":{"@id":"https:\/\/www.bellunopress.it\/2021\/01\/20\/online-il-nuovo-sito-della-provincia-cibien-sempre-piu-vicini-ai-cittadini-con-informazioni-aggiornate-e-accessibili\/#primaryimage"},"thumbnailUrl":"https:\/\/www.bellunopress.it\/wp-content\/uploads\/2020\/03\/palazzo-piloni.jpg","datePublished":"2021-01-20T14:41:55+00:00","breadcrumb":{"@id":"https:\/\/www.bellunopress.it\/2021\/01\/20\/online-il-nuovo-sito-della-provincia-cibien-sempre-piu-vicini-ai-cittadini-con-informazioni-aggiornate-e-accessibili\/#breadcrumb"},"inLanguage":"fr-FR","potentialAction":[{"@type":"ReadAction","target":["https:\/\/www.bellunopress.it\/2021\/01\/20\/online-il-nuovo-sito-della-provincia-cibien-sempre-piu-vicini-ai-cittadini-con-informazioni-aggiornate-e-accessibili\/"]}]},{"@type":"ImageObject","inLanguage":"fr-FR","@id":"https:\/\/www.bellunopress.it\/2021\/01\/20\/online-il-nuovo-sito-della-provincia-cibien-sempre-piu-vicini-ai-cittadini-con-informazioni-aggiornate-e-accessibili\/#primaryimage","url":"https:\/\/www.bellunopress.it\/wp-content\/uploads\/2020\/03\/palazzo-piloni.jpg","contentUrl":"https:\/\/www.bellunopress.it\/wp-content\/uploads\/2020\/03\/palazzo-piloni.jpg","width":900,"height":667,"caption":"Palazzo Piloni, sede dell'amministrazione provinciale"},{"@type":"BreadcrumbList","@id":"https:\/\/www.bellunopress.it\/2021\/01\/20\/online-il-nuovo-sito-della-provincia-cibien-sempre-piu-vicini-ai-cittadini-con-informazioni-aggiornate-e-accessibili\/#breadcrumb","itemListElement":[{"@type":"ListItem","position":1,"name":"Home","item":"https:\/\/www.bellunopress.it\/"},{"@type":"ListItem","position":2,"name":"Online il nuovo sito della Provincia.\u00a0 Cibien: \u00abSempre pi\u00f9 vicini ai cittadini, con informazioni aggiornate e accessibili\u00bb"}]},{"@type":"WebSite","@id":"https:\/\/www.bellunopress.it\/#website","url":"https:\/\/www.bellunopress.it\/","name":"Bellunopress - Dolomiti","description":"e-mail: redazione@bellunopress.it","publisher":{"@id":"https:\/\/www.bellunopress.it\/#organization"},"potentialAction":[{"@type":"SearchAction","target":{"@type":"EntryPoint","urlTemplate":"https:\/\/www.bellunopress.it\/?s={search_term_string}"},"query-input":{"@type":"PropertyValueSpecification","valueRequired":true,"valueName":"search_term_string"}}],"inLanguage":"fr-FR"},{"@type":"Organization","@id":"https:\/\/www.bellunopress.it\/#organization","name":"Bellunopress","url":"https:\/\/www.bellunopress.it\/","logo":{"@type":"ImageObject","inLanguage":"fr-FR","@id":"https:\/\/www.bellunopress.it\/#\/schema\/logo\/image\/","url":"https:\/\/www.bellunopress.it\/wp-content\/uploads\/2011\/05\/cropped-logo-bellunopress-.jpg","contentUrl":"https:\/\/www.bellunopress.it\/wp-content\/uploads\/2011\/05\/cropped-logo-bellunopress-.jpg","width":512,"height":512,"caption":"Bellunopress"},"image":{"@id":"https:\/\/www.bellunopress.it\/#\/schema\/logo\/image\/"},"sameAs":["https:\/\/www.facebook.com\/profile.php?id=100008943462799","https:\/\/x.com\/bellunopress","https:\/\/www.linkedin.com\/hp\/?dnr=JBzUWaJfMUw8vbXJJ2tVW5-I3jZKvC4wsoxE&amp;amp;amp;amp;amp;amp;trk=nav_responsive_tab_home","https:\/\/www.youtube.com\/channel\/UCxL0wu1uN0_3_7hGG0306cw"]},{"@type":"Person","@id":"https:\/\/www.bellunopress.it\/#\/schema\/person\/79bb06722b37ece1c03d3e94beb30d73","name":"r\u00e9daction","image":{"@type":"ImageObject","inLanguage":"fr-FR","@id":"https:\/\/secure.gravatar.com\/avatar\/37d968a2e67a6fd04c169c4bdef102d0bc5d31b2546345219e348575eb80e9a0?s=96&d=mm&r=g","url":"https:\/\/secure.gravatar.com\/avatar\/37d968a2e67a6fd04c169c4bdef102d0bc5d31b2546345219e348575eb80e9a0?s=96&d=mm&r=g","contentUrl":"https:\/\/secure.gravatar.com\/avatar\/37d968a2e67a6fd04c169c4bdef102d0bc5d31b2546345219e348575eb80e9a0?s=96&d=mm&r=g","caption":"redazione"},"sameAs":["http:\/\/www.bellunopress.it","https:\/\/x.com\/bellunopress"],"url":"https:\/\/www.bellunopress.it\/fr\/author\/redazione\/"}]}},"_links":{"self":[{"href":"https:\/\/www.bellunopress.it\/fr\/wp-json\/wp\/v2\/posts\/121030","targetHints":{"allow":["GET"]}}],"collection":[{"href":"https:\/\/www.bellunopress.it\/fr\/wp-json\/wp\/v2\/posts"}],"about":[{"href":"https:\/\/www.bellunopress.it\/fr\/wp-json\/wp\/v2\/types\/post"}],"author":[{"embeddable":true,"href":"https:\/\/www.bellunopress.it\/fr\/wp-json\/wp\/v2\/users\/2"}],"replies":[{"embeddable":true,"href":"https:\/\/www.bellunopress.it\/fr\/wp-json\/wp\/v2\/comments?post=121030"}],"version-history":[{"count":1,"href":"https:\/\/www.bellunopress.it\/fr\/wp-json\/wp\/v2\/posts\/121030\/revisions"}],"predecessor-version":[{"id":121031,"href":"https:\/\/www.bellunopress.it\/fr\/wp-json\/wp\/v2\/posts\/121030\/revisions\/121031"}],"wp:featuredmedia":[{"embeddable":true,"href":"https:\/\/www.bellunopress.it\/fr\/wp-json\/wp\/v2\/media\/112875"}],"wp:attachment":[{"href":"https:\/\/www.bellunopress.it\/fr\/wp-json\/wp\/v2\/media?parent=121030"}],"wp:term":[{"taxonomy":"category","embeddable":true,"href":"https:\/\/www.bellunopress.it\/fr\/wp-json\/wp\/v2\/categories?post=121030"},{"taxonomy":"post_tag","embeddable":true,"href":"https:\/\/www.bellunopress.it\/fr\/wp-json\/wp\/v2\/tags?post=121030"}],"curies":[{"name":"wp","href":"https:\/\/api.w.org\/{rel}","templated":true}]}}