{"id":121026,"date":"2021-01-20T11:09:18","date_gmt":"2021-01-20T10:09:18","guid":{"rendered":"http:\/\/www.bellunopress.it\/?p=121026"},"modified":"2021-01-20T11:09:18","modified_gmt":"2021-01-20T10:09:18","slug":"concorso-per-141-posizioni-di-anestesista-rianimatore-la-regione-si-dimentica-dellulss-belluno-dolomiti","status":"publish","type":"post","link":"https:\/\/www.bellunopress.it\/fr\/2021\/01\/20\/concorso-per-141-posizioni-di-anestesista-rianimatore-la-regione-si-dimentica-dellulss-belluno-dolomiti\/","title":{"rendered":"Concorso per 141 posizioni di Anestesista-Rianimatore. La Regione si &#8220;dimentica&#8221; dell&#8217;Ulss Belluno Dolomiti"},"content":{"rendered":"<p><a href=\"http:\/\/www.bellunopress.it\/fr\/2020\/11\/17\/e-polemica-tra-il-coordinatore-dellunita-di-crisi-della-regione-e-i-medici-di-base-non-visitano-e-scaricano-sul-118-falso-ecco-la-procedura-seguita\/ordine-dei-medici\/\" rel=\"attachment wp-att-119377\"><img loading=\"lazy\" decoding=\"async\" class=\"alignleft size-full wp-image-119377\" src=\"http:\/\/www.bellunopress.it\/wp-content\/uploads\/2020\/11\/Ordine-dei-medici.jpg\" alt=\"\" width=\"480\" height=\"276\" \/><\/a>L&#8217;Azienda Zero ha pubblicato un concorso per 141 posti di medico anestesista-rianimatore per le varie sedi degli ospedali della Regione Veneto. Peccato che si siano &#8220;dimenticati&#8221; della Ulss Belluno Dolomiti per la quale non sono previsti nuovi medici anestesisti-rianimatori.<\/p>\n<p>Si tratta di una figura professionale di difficilissimo reperimento e che nella attuale situazione di pandemia &#8211; anche locale &#8211; si \u00e8 evidenziata come cruciale per abnegazione, spirito di servizio e mole di lavoro svolta nella gestione dei tanti pazienti critici arrivati negli Ospedali. E&#8217; il commento dell&#8217;Ordine provinciale dei Medici e degli Odontoiatri.<\/p>\n<p><a href=\"https:\/\/bur.regione.veneto.it\/BurvServices\/Pubblica\/DettaglioConcorso.aspx?id=435868\">Le delibere n.735 e 736 dell&#8217;Azienda Zero<\/a> evidenziano in loco una valutazione di necessit\u00e0 formalizzata per contratti a tempo determinato e di non necessit\u00e0 di contratti a tempo indeterminato.<\/p>\n<p>&#8220;Oggi &#8211; chiede l&#8217;Ordine professionale &#8211; e in prospettiva gestionale a breve-medio termine abbiamo un numero adeguato di Anestesisti in servizio in ULSS Dolomiti ?&#8221;<\/p>\n<p>&nbsp;<\/p>\n<p>&nbsp;<\/p>","protected":false},"excerpt":{"rendered":"<p>L&#8217;Azienda Zero ha pubblicato un concorso per 141 posti di medico anestesista-rianimatore per le varie sedi degli ospedali della Regione Veneto. Peccato che si siano &#8220;dimenticati&#8221; della Ulss Belluno Dolomiti per la quale non sono previsti nuovi medici anestesisti-rianimatori. Si tratta di una figura professionale di difficilissimo reperimento e che nella attuale situazione di pandemia [&hellip;]<\/p>\n","protected":false},"author":2,"featured_media":119377,"comment_status":"closed","ping_status":"open","sticky":false,"template":"","format":"standard","meta":{"footnotes":""},"categories":[1],"tags":[],"class_list":["post-121026","post","type-post","status-publish","format-standard","has-post-thumbnail","category-leo"],"yoast_head":"<!-- This site is optimized with the Yoast SEO plugin v28.4 - https:\/\/yoast.com\/product\/yoast-seo-wordpress\/ -->\n<title>Concorso per 141 posizioni di Anestesista-Rianimatore. La Regione si &quot;dimentica&quot; dell&#039;Ulss Belluno Dolomiti - Bellunopress - Dolomiti<\/title>\n<meta name=\"robots\" content=\"index, follow, max-snippet:-1, max-image-preview:large, max-video-preview:-1\" \/>\n<link rel=\"canonical\" href=\"https:\/\/www.bellunopress.it\/fr\/2021\/01\/20\/concorso-per-141-posizioni-di-anestesista-rianimatore-la-regione-si-dimentica-dellulss-belluno-dolomiti\/\" \/>\n<meta property=\"og:locale\" content=\"fr_FR\" \/>\n<meta property=\"og:type\" content=\"article\" \/>\n<meta property=\"og:title\" content=\"Concorso per 141 posizioni di Anestesista-Rianimatore. La Regione si &quot;dimentica&quot; dell&#039;Ulss Belluno Dolomiti - Bellunopress - Dolomiti\" \/>\n<meta property=\"og:description\" content=\"L&#8217;Azienda Zero ha pubblicato un concorso per 141 posti di medico anestesista-rianimatore per le varie sedi degli ospedali della Regione Veneto. Peccato che si siano &#8220;dimenticati&#8221; della Ulss Belluno Dolomiti per la quale non sono previsti nuovi medici anestesisti-rianimatori. Si tratta di una figura professionale di difficilissimo reperimento e che nella attuale situazione di pandemia [&hellip;]\" \/>\n<meta property=\"og:url\" content=\"https:\/\/www.bellunopress.it\/fr\/2021\/01\/20\/concorso-per-141-posizioni-di-anestesista-rianimatore-la-regione-si-dimentica-dellulss-belluno-dolomiti\/\" \/>\n<meta property=\"og:site_name\" content=\"Bellunopress - Dolomiti\" \/>\n<meta property=\"article:publisher\" content=\"https:\/\/www.facebook.com\/profile.php?id=100008943462799\" \/>\n<meta property=\"article:published_time\" content=\"2021-01-20T10:09:18+00:00\" \/>\n<meta property=\"og:image\" content=\"https:\/\/www.bellunopress.it\/wp-content\/uploads\/2020\/11\/Ordine-dei-medici.jpg\" \/>\n\t<meta property=\"og:image:width\" content=\"480\" \/>\n\t<meta property=\"og:image:height\" content=\"276\" \/>\n\t<meta property=\"og:image:type\" content=\"image\/jpeg\" \/>\n<meta name=\"author\" content=\"redazione\" \/>\n<meta name=\"twitter:card\" content=\"summary_large_image\" \/>\n<meta name=\"twitter:creator\" content=\"@bellunopress\" \/>\n<meta name=\"twitter:site\" content=\"@bellunopress\" \/>\n<meta name=\"twitter:label1\" content=\"\u00c9crit par\" \/>\n\t<meta name=\"twitter:data1\" content=\"redazione\" \/>\n\t<meta name=\"twitter:label2\" content=\"Dur\u00e9e de lecture estim\u00e9e\" \/>\n\t<meta name=\"twitter:data2\" content=\"1 minute\" \/>\n<script type=\"application\/ld+json\" class=\"yoast-schema-graph\">{\"@context\":\"https:\\\/\\\/schema.org\",\"@graph\":[{\"@type\":\"Article\",\"@id\":\"https:\\\/\\\/www.bellunopress.it\\\/2021\\\/01\\\/20\\\/concorso-per-141-posizioni-di-anestesista-rianimatore-la-regione-si-dimentica-dellulss-belluno-dolomiti\\\/#article\",\"isPartOf\":{\"@id\":\"https:\\\/\\\/www.bellunopress.it\\\/2021\\\/01\\\/20\\\/concorso-per-141-posizioni-di-anestesista-rianimatore-la-regione-si-dimentica-dellulss-belluno-dolomiti\\\/\"},\"author\":{\"name\":\"redazione\",\"@id\":\"https:\\\/\\\/www.bellunopress.it\\\/#\\\/schema\\\/person\\\/79bb06722b37ece1c03d3e94beb30d73\"},\"headline\":\"Concorso per 141 posizioni di Anestesista-Rianimatore. La Regione si &#8220;dimentica&#8221; dell&#8217;Ulss Belluno Dolomiti\",\"datePublished\":\"2021-01-20T10:09:18+00:00\",\"mainEntityOfPage\":{\"@id\":\"https:\\\/\\\/www.bellunopress.it\\\/2021\\\/01\\\/20\\\/concorso-per-141-posizioni-di-anestesista-rianimatore-la-regione-si-dimentica-dellulss-belluno-dolomiti\\\/\"},\"wordCount\":162,\"publisher\":{\"@id\":\"https:\\\/\\\/www.bellunopress.it\\\/#organization\"},\"image\":{\"@id\":\"https:\\\/\\\/www.bellunopress.it\\\/2021\\\/01\\\/20\\\/concorso-per-141-posizioni-di-anestesista-rianimatore-la-regione-si-dimentica-dellulss-belluno-dolomiti\\\/#primaryimage\"},\"thumbnailUrl\":\"https:\\\/\\\/www.bellunopress.it\\\/wp-content\\\/uploads\\\/2020\\\/11\\\/Ordine-dei-medici.jpg\",\"articleSection\":[\"Lettere Opinioni\"],\"inLanguage\":\"fr-FR\"},{\"@type\":\"WebPage\",\"@id\":\"https:\\\/\\\/www.bellunopress.it\\\/2021\\\/01\\\/20\\\/concorso-per-141-posizioni-di-anestesista-rianimatore-la-regione-si-dimentica-dellulss-belluno-dolomiti\\\/\",\"url\":\"https:\\\/\\\/www.bellunopress.it\\\/2021\\\/01\\\/20\\\/concorso-per-141-posizioni-di-anestesista-rianimatore-la-regione-si-dimentica-dellulss-belluno-dolomiti\\\/\",\"name\":\"Concorso per 141 posizioni di Anestesista-Rianimatore. La Regione si \\\"dimentica\\\" dell'Ulss Belluno Dolomiti - Bellunopress - Dolomiti\",\"isPartOf\":{\"@id\":\"https:\\\/\\\/www.bellunopress.it\\\/#website\"},\"primaryImageOfPage\":{\"@id\":\"https:\\\/\\\/www.bellunopress.it\\\/2021\\\/01\\\/20\\\/concorso-per-141-posizioni-di-anestesista-rianimatore-la-regione-si-dimentica-dellulss-belluno-dolomiti\\\/#primaryimage\"},\"image\":{\"@id\":\"https:\\\/\\\/www.bellunopress.it\\\/2021\\\/01\\\/20\\\/concorso-per-141-posizioni-di-anestesista-rianimatore-la-regione-si-dimentica-dellulss-belluno-dolomiti\\\/#primaryimage\"},\"thumbnailUrl\":\"https:\\\/\\\/www.bellunopress.it\\\/wp-content\\\/uploads\\\/2020\\\/11\\\/Ordine-dei-medici.jpg\",\"datePublished\":\"2021-01-20T10:09:18+00:00\",\"breadcrumb\":{\"@id\":\"https:\\\/\\\/www.bellunopress.it\\\/2021\\\/01\\\/20\\\/concorso-per-141-posizioni-di-anestesista-rianimatore-la-regione-si-dimentica-dellulss-belluno-dolomiti\\\/#breadcrumb\"},\"inLanguage\":\"fr-FR\",\"potentialAction\":[{\"@type\":\"ReadAction\",\"target\":[\"https:\\\/\\\/www.bellunopress.it\\\/2021\\\/01\\\/20\\\/concorso-per-141-posizioni-di-anestesista-rianimatore-la-regione-si-dimentica-dellulss-belluno-dolomiti\\\/\"]}]},{\"@type\":\"ImageObject\",\"inLanguage\":\"fr-FR\",\"@id\":\"https:\\\/\\\/www.bellunopress.it\\\/2021\\\/01\\\/20\\\/concorso-per-141-posizioni-di-anestesista-rianimatore-la-regione-si-dimentica-dellulss-belluno-dolomiti\\\/#primaryimage\",\"url\":\"https:\\\/\\\/www.bellunopress.it\\\/wp-content\\\/uploads\\\/2020\\\/11\\\/Ordine-dei-medici.jpg\",\"contentUrl\":\"https:\\\/\\\/www.bellunopress.it\\\/wp-content\\\/uploads\\\/2020\\\/11\\\/Ordine-dei-medici.jpg\",\"width\":480,\"height\":276},{\"@type\":\"BreadcrumbList\",\"@id\":\"https:\\\/\\\/www.bellunopress.it\\\/2021\\\/01\\\/20\\\/concorso-per-141-posizioni-di-anestesista-rianimatore-la-regione-si-dimentica-dellulss-belluno-dolomiti\\\/#breadcrumb\",\"itemListElement\":[{\"@type\":\"ListItem\",\"position\":1,\"name\":\"Home\",\"item\":\"https:\\\/\\\/www.bellunopress.it\\\/\"},{\"@type\":\"ListItem\",\"position\":2,\"name\":\"Concorso per 141 posizioni di Anestesista-Rianimatore. La Regione si &#8220;dimentica&#8221; dell&#8217;Ulss Belluno Dolomiti\"}]},{\"@type\":\"WebSite\",\"@id\":\"https:\\\/\\\/www.bellunopress.it\\\/#website\",\"url\":\"https:\\\/\\\/www.bellunopress.it\\\/\",\"name\":\"Bellunopress - Dolomiti\",\"description\":\"e-mail: redazione@bellunopress.it\",\"publisher\":{\"@id\":\"https:\\\/\\\/www.bellunopress.it\\\/#organization\"},\"potentialAction\":[{\"@type\":\"SearchAction\",\"target\":{\"@type\":\"EntryPoint\",\"urlTemplate\":\"https:\\\/\\\/www.bellunopress.it\\\/?s={search_term_string}\"},\"query-input\":{\"@type\":\"PropertyValueSpecification\",\"valueRequired\":true,\"valueName\":\"search_term_string\"}}],\"inLanguage\":\"fr-FR\"},{\"@type\":\"Organization\",\"@id\":\"https:\\\/\\\/www.bellunopress.it\\\/#organization\",\"name\":\"Bellunopress\",\"url\":\"https:\\\/\\\/www.bellunopress.it\\\/\",\"logo\":{\"@type\":\"ImageObject\",\"inLanguage\":\"fr-FR\",\"@id\":\"https:\\\/\\\/www.bellunopress.it\\\/#\\\/schema\\\/logo\\\/image\\\/\",\"url\":\"https:\\\/\\\/www.bellunopress.it\\\/wp-content\\\/uploads\\\/2011\\\/05\\\/cropped-logo-bellunopress-.jpg\",\"contentUrl\":\"https:\\\/\\\/www.bellunopress.it\\\/wp-content\\\/uploads\\\/2011\\\/05\\\/cropped-logo-bellunopress-.jpg\",\"width\":512,\"height\":512,\"caption\":\"Bellunopress\"},\"image\":{\"@id\":\"https:\\\/\\\/www.bellunopress.it\\\/#\\\/schema\\\/logo\\\/image\\\/\"},\"sameAs\":[\"https:\\\/\\\/www.facebook.com\\\/profile.php?id=100008943462799\",\"https:\\\/\\\/x.com\\\/bellunopress\",\"https:\\\/\\\/www.linkedin.com\\\/hp\\\/?dnr=JBzUWaJfMUw8vbXJJ2tVW5-I3jZKvC4wsoxE&amp;amp;amp;amp;amp;amp;trk=nav_responsive_tab_home\",\"https:\\\/\\\/www.youtube.com\\\/channel\\\/UCxL0wu1uN0_3_7hGG0306cw\"]},{\"@type\":\"Person\",\"@id\":\"https:\\\/\\\/www.bellunopress.it\\\/#\\\/schema\\\/person\\\/79bb06722b37ece1c03d3e94beb30d73\",\"name\":\"redazione\",\"image\":{\"@type\":\"ImageObject\",\"inLanguage\":\"fr-FR\",\"@id\":\"https:\\\/\\\/secure.gravatar.com\\\/avatar\\\/37d968a2e67a6fd04c169c4bdef102d0bc5d31b2546345219e348575eb80e9a0?s=96&d=mm&r=g\",\"url\":\"https:\\\/\\\/secure.gravatar.com\\\/avatar\\\/37d968a2e67a6fd04c169c4bdef102d0bc5d31b2546345219e348575eb80e9a0?s=96&d=mm&r=g\",\"contentUrl\":\"https:\\\/\\\/secure.gravatar.com\\\/avatar\\\/37d968a2e67a6fd04c169c4bdef102d0bc5d31b2546345219e348575eb80e9a0?s=96&d=mm&r=g\",\"caption\":\"redazione\"},\"sameAs\":[\"http:\\\/\\\/www.bellunopress.it\",\"https:\\\/\\\/x.com\\\/bellunopress\"],\"url\":\"https:\\\/\\\/www.bellunopress.it\\\/fr\\\/author\\\/redazione\\\/\"}]}<\/script>\n<!-- \/ Yoast SEO plugin. -->","yoast_head_json":{"title":"Concorso per 141 posizioni di Anestesista-Rianimatore. La Regione si \"dimentica\" dell'Ulss Belluno Dolomiti - Bellunopress - Dolomiti","robots":{"index":"index","follow":"follow","max-snippet":"max-snippet:-1","max-image-preview":"max-image-preview:large","max-video-preview":"max-video-preview:-1"},"canonical":"https:\/\/www.bellunopress.it\/fr\/2021\/01\/20\/concorso-per-141-posizioni-di-anestesista-rianimatore-la-regione-si-dimentica-dellulss-belluno-dolomiti\/","og_locale":"fr_FR","og_type":"article","og_title":"Concorso per 141 posizioni di Anestesista-Rianimatore. La Regione si \"dimentica\" dell'Ulss Belluno Dolomiti - Bellunopress - Dolomiti","og_description":"L&#8217;Azienda Zero ha pubblicato un concorso per 141 posti di medico anestesista-rianimatore per le varie sedi degli ospedali della Regione Veneto. Peccato che si siano &#8220;dimenticati&#8221; della Ulss Belluno Dolomiti per la quale non sono previsti nuovi medici anestesisti-rianimatori. Si tratta di una figura professionale di difficilissimo reperimento e che nella attuale situazione di pandemia [&hellip;]","og_url":"https:\/\/www.bellunopress.it\/fr\/2021\/01\/20\/concorso-per-141-posizioni-di-anestesista-rianimatore-la-regione-si-dimentica-dellulss-belluno-dolomiti\/","og_site_name":"Bellunopress - Dolomiti","article_publisher":"https:\/\/www.facebook.com\/profile.php?id=100008943462799","article_published_time":"2021-01-20T10:09:18+00:00","og_image":[{"width":480,"height":276,"url":"https:\/\/www.bellunopress.it\/wp-content\/uploads\/2020\/11\/Ordine-dei-medici.jpg","type":"image\/jpeg"}],"author":"redazione","twitter_card":"summary_large_image","twitter_creator":"@bellunopress","twitter_site":"@bellunopress","twitter_misc":{"\u00c9crit par":"redazione","Dur\u00e9e de lecture estim\u00e9e":"1 minute"},"schema":{"@context":"https:\/\/schema.org","@graph":[{"@type":"Article","@id":"https:\/\/www.bellunopress.it\/2021\/01\/20\/concorso-per-141-posizioni-di-anestesista-rianimatore-la-regione-si-dimentica-dellulss-belluno-dolomiti\/#article","isPartOf":{"@id":"https:\/\/www.bellunopress.it\/2021\/01\/20\/concorso-per-141-posizioni-di-anestesista-rianimatore-la-regione-si-dimentica-dellulss-belluno-dolomiti\/"},"author":{"name":"redazione","@id":"https:\/\/www.bellunopress.it\/#\/schema\/person\/79bb06722b37ece1c03d3e94beb30d73"},"headline":"Concorso per 141 posizioni di Anestesista-Rianimatore. La Regione si &#8220;dimentica&#8221; dell&#8217;Ulss Belluno Dolomiti","datePublished":"2021-01-20T10:09:18+00:00","mainEntityOfPage":{"@id":"https:\/\/www.bellunopress.it\/2021\/01\/20\/concorso-per-141-posizioni-di-anestesista-rianimatore-la-regione-si-dimentica-dellulss-belluno-dolomiti\/"},"wordCount":162,"publisher":{"@id":"https:\/\/www.bellunopress.it\/#organization"},"image":{"@id":"https:\/\/www.bellunopress.it\/2021\/01\/20\/concorso-per-141-posizioni-di-anestesista-rianimatore-la-regione-si-dimentica-dellulss-belluno-dolomiti\/#primaryimage"},"thumbnailUrl":"https:\/\/www.bellunopress.it\/wp-content\/uploads\/2020\/11\/Ordine-dei-medici.jpg","articleSection":["Lettere Opinioni"],"inLanguage":"fr-FR"},{"@type":"WebPage","@id":"https:\/\/www.bellunopress.it\/2021\/01\/20\/concorso-per-141-posizioni-di-anestesista-rianimatore-la-regione-si-dimentica-dellulss-belluno-dolomiti\/","url":"https:\/\/www.bellunopress.it\/2021\/01\/20\/concorso-per-141-posizioni-di-anestesista-rianimatore-la-regione-si-dimentica-dellulss-belluno-dolomiti\/","name":"Concorso per 141 posizioni di Anestesista-Rianimatore. La Regione si \"dimentica\" dell'Ulss Belluno Dolomiti - Bellunopress - Dolomiti","isPartOf":{"@id":"https:\/\/www.bellunopress.it\/#website"},"primaryImageOfPage":{"@id":"https:\/\/www.bellunopress.it\/2021\/01\/20\/concorso-per-141-posizioni-di-anestesista-rianimatore-la-regione-si-dimentica-dellulss-belluno-dolomiti\/#primaryimage"},"image":{"@id":"https:\/\/www.bellunopress.it\/2021\/01\/20\/concorso-per-141-posizioni-di-anestesista-rianimatore-la-regione-si-dimentica-dellulss-belluno-dolomiti\/#primaryimage"},"thumbnailUrl":"https:\/\/www.bellunopress.it\/wp-content\/uploads\/2020\/11\/Ordine-dei-medici.jpg","datePublished":"2021-01-20T10:09:18+00:00","breadcrumb":{"@id":"https:\/\/www.bellunopress.it\/2021\/01\/20\/concorso-per-141-posizioni-di-anestesista-rianimatore-la-regione-si-dimentica-dellulss-belluno-dolomiti\/#breadcrumb"},"inLanguage":"fr-FR","potentialAction":[{"@type":"ReadAction","target":["https:\/\/www.bellunopress.it\/2021\/01\/20\/concorso-per-141-posizioni-di-anestesista-rianimatore-la-regione-si-dimentica-dellulss-belluno-dolomiti\/"]}]},{"@type":"ImageObject","inLanguage":"fr-FR","@id":"https:\/\/www.bellunopress.it\/2021\/01\/20\/concorso-per-141-posizioni-di-anestesista-rianimatore-la-regione-si-dimentica-dellulss-belluno-dolomiti\/#primaryimage","url":"https:\/\/www.bellunopress.it\/wp-content\/uploads\/2020\/11\/Ordine-dei-medici.jpg","contentUrl":"https:\/\/www.bellunopress.it\/wp-content\/uploads\/2020\/11\/Ordine-dei-medici.jpg","width":480,"height":276},{"@type":"BreadcrumbList","@id":"https:\/\/www.bellunopress.it\/2021\/01\/20\/concorso-per-141-posizioni-di-anestesista-rianimatore-la-regione-si-dimentica-dellulss-belluno-dolomiti\/#breadcrumb","itemListElement":[{"@type":"ListItem","position":1,"name":"Home","item":"https:\/\/www.bellunopress.it\/"},{"@type":"ListItem","position":2,"name":"Concorso per 141 posizioni di Anestesista-Rianimatore. La Regione si &#8220;dimentica&#8221; dell&#8217;Ulss Belluno Dolomiti"}]},{"@type":"WebSite","@id":"https:\/\/www.bellunopress.it\/#website","url":"https:\/\/www.bellunopress.it\/","name":"Bellunopress - Dolomiti","description":"e-mail: redazione@bellunopress.it","publisher":{"@id":"https:\/\/www.bellunopress.it\/#organization"},"potentialAction":[{"@type":"SearchAction","target":{"@type":"EntryPoint","urlTemplate":"https:\/\/www.bellunopress.it\/?s={search_term_string}"},"query-input":{"@type":"PropertyValueSpecification","valueRequired":true,"valueName":"search_term_string"}}],"inLanguage":"fr-FR"},{"@type":"Organization","@id":"https:\/\/www.bellunopress.it\/#organization","name":"Bellunopress","url":"https:\/\/www.bellunopress.it\/","logo":{"@type":"ImageObject","inLanguage":"fr-FR","@id":"https:\/\/www.bellunopress.it\/#\/schema\/logo\/image\/","url":"https:\/\/www.bellunopress.it\/wp-content\/uploads\/2011\/05\/cropped-logo-bellunopress-.jpg","contentUrl":"https:\/\/www.bellunopress.it\/wp-content\/uploads\/2011\/05\/cropped-logo-bellunopress-.jpg","width":512,"height":512,"caption":"Bellunopress"},"image":{"@id":"https:\/\/www.bellunopress.it\/#\/schema\/logo\/image\/"},"sameAs":["https:\/\/www.facebook.com\/profile.php?id=100008943462799","https:\/\/x.com\/bellunopress","https:\/\/www.linkedin.com\/hp\/?dnr=JBzUWaJfMUw8vbXJJ2tVW5-I3jZKvC4wsoxE&amp;amp;amp;amp;amp;amp;trk=nav_responsive_tab_home","https:\/\/www.youtube.com\/channel\/UCxL0wu1uN0_3_7hGG0306cw"]},{"@type":"Person","@id":"https:\/\/www.bellunopress.it\/#\/schema\/person\/79bb06722b37ece1c03d3e94beb30d73","name":"r\u00e9daction","image":{"@type":"ImageObject","inLanguage":"fr-FR","@id":"https:\/\/secure.gravatar.com\/avatar\/37d968a2e67a6fd04c169c4bdef102d0bc5d31b2546345219e348575eb80e9a0?s=96&d=mm&r=g","url":"https:\/\/secure.gravatar.com\/avatar\/37d968a2e67a6fd04c169c4bdef102d0bc5d31b2546345219e348575eb80e9a0?s=96&d=mm&r=g","contentUrl":"https:\/\/secure.gravatar.com\/avatar\/37d968a2e67a6fd04c169c4bdef102d0bc5d31b2546345219e348575eb80e9a0?s=96&d=mm&r=g","caption":"redazione"},"sameAs":["http:\/\/www.bellunopress.it","https:\/\/x.com\/bellunopress"],"url":"https:\/\/www.bellunopress.it\/fr\/author\/redazione\/"}]}},"_links":{"self":[{"href":"https:\/\/www.bellunopress.it\/fr\/wp-json\/wp\/v2\/posts\/121026","targetHints":{"allow":["GET"]}}],"collection":[{"href":"https:\/\/www.bellunopress.it\/fr\/wp-json\/wp\/v2\/posts"}],"about":[{"href":"https:\/\/www.bellunopress.it\/fr\/wp-json\/wp\/v2\/types\/post"}],"author":[{"embeddable":true,"href":"https:\/\/www.bellunopress.it\/fr\/wp-json\/wp\/v2\/users\/2"}],"replies":[{"embeddable":true,"href":"https:\/\/www.bellunopress.it\/fr\/wp-json\/wp\/v2\/comments?post=121026"}],"version-history":[{"count":1,"href":"https:\/\/www.bellunopress.it\/fr\/wp-json\/wp\/v2\/posts\/121026\/revisions"}],"predecessor-version":[{"id":121027,"href":"https:\/\/www.bellunopress.it\/fr\/wp-json\/wp\/v2\/posts\/121026\/revisions\/121027"}],"wp:featuredmedia":[{"embeddable":true,"href":"https:\/\/www.bellunopress.it\/fr\/wp-json\/wp\/v2\/media\/119377"}],"wp:attachment":[{"href":"https:\/\/www.bellunopress.it\/fr\/wp-json\/wp\/v2\/media?parent=121026"}],"wp:term":[{"taxonomy":"category","embeddable":true,"href":"https:\/\/www.bellunopress.it\/fr\/wp-json\/wp\/v2\/categories?post=121026"},{"taxonomy":"post_tag","embeddable":true,"href":"https:\/\/www.bellunopress.it\/fr\/wp-json\/wp\/v2\/tags?post=121026"}],"curies":[{"name":"wp","href":"https:\/\/api.w.org\/{rel}","templated":true}]}}