{"id":121024,"date":"2021-01-20T10:43:24","date_gmt":"2021-01-20T09:43:24","guid":{"rendered":"http:\/\/www.bellunopress.it\/?p=121024"},"modified":"2021-01-21T22:09:06","modified_gmt":"2021-01-21T21:09:06","slug":"pronto-ti-parlo-scrivi-a-redazionebellunopress-it","status":"publish","type":"post","link":"https:\/\/www.bellunopress.it\/fr\/2021\/01\/20\/pronto-ti-parlo-scrivi-a-redazionebellunopress-it\/","title":{"rendered":"Pronto, ti parlo. Scrivi a: redazione@bellunopress.it"},"content":{"rendered":"<p><a href=\"http:\/\/www.bellunopress.it\/fr\/2017\/10\/17\/referendum-non-provo-vergogna-nellastenermi-di-giovanni-selmo\/lettera-2\/\" rel=\"attachment wp-att-90002\"><img loading=\"lazy\" decoding=\"async\" class=\"alignleft size-full wp-image-90002\" src=\"http:\/\/www.bellunopress.it\/wp-content\/uploads\/2017\/10\/lettera.jpg\" alt=\"\" width=\"257\" height=\"176\" \/><\/a>Penso che in questo terribile momento storico una delle esigenze fondamentali che ognuno di noi ha sia quella della comunicazione. Chiusi nei nostri comuni e citt\u00e0 e ancor pi\u00f9 separati dalle regioni confinanti, quasi fossimo tornati al periodo medioevale con signorie e feudi, ci sentiamo soli, in trappola, catapultati in una realt\u00e0 mediatica e virtuale che paiono le uniche possibili.<\/p>\n<p>Il mio progetto \u00e8 quello di tornare a parlare attraverso la scrittura perch\u00e9 la scrittura \u00e8 atto terapeutico e nel momento in cui mettiamo in fila i pensieri per dar loro la forma di una missiva questi ci appaiono pi\u00f9 chiari e ci fanno intravvedere soluzioni a cui prima non avevamo pensato.<\/p>\n<p>Le pagine di un giornale on line ci permettono infinite possibilit\u00e0. La mia proposta \u00e8 quella di offrire ai lettori la possibilit\u00e0 di inviare mail a <strong>redazione@bellunopress.it<\/strong> che settimanalmente verranno lette, sintetizzate e a cui verr\u00e0 data una risposta \u201cglobale\u201d suddividendo in materiale inviato in base alle tematiche proposte dai lettori\/scrittori.<\/p>\n<p>Penso che le considerazioni che nasceranno, i discorsi, le digressioni potranno formare un sostegno e anche un aiuto per chiunque partecipi a questo \u201cgioco\u201d.<\/p>\n<p><strong>Anna Bellini<\/strong><\/p>\n<figure id=\"attachment_120969\" aria-describedby=\"caption-attachment-120969\" style=\"width: 720px\" class=\"wp-caption alignleft\"><a href=\"http:\/\/www.bellunopress.it\/fr\/2021\/01\/18\/torna-in-libreria-anna-bellini-con-il-romanzo-corona-per-corona\/anna-bellini_edited\/\" rel=\"attachment wp-att-120969\"><img loading=\"lazy\" decoding=\"async\" class=\"size-full wp-image-120969\" src=\"http:\/\/www.bellunopress.it\/wp-content\/uploads\/2021\/01\/Anna-Bellini_edited.jpg\" alt=\"\" width=\"720\" height=\"966\" srcset=\"https:\/\/www.bellunopress.it\/wp-content\/uploads\/2021\/01\/Anna-Bellini_edited.jpg 720w, https:\/\/www.bellunopress.it\/wp-content\/uploads\/2021\/01\/Anna-Bellini_edited-373x500.jpg 373w, https:\/\/www.bellunopress.it\/wp-content\/uploads\/2021\/01\/Anna-Bellini_edited-696x934.jpg 696w, https:\/\/www.bellunopress.it\/wp-content\/uploads\/2021\/01\/Anna-Bellini_edited-313x420.jpg 313w\" sizes=\"auto, (max-width: 720px) 100vw, 720px\" \/><\/a><figcaption id=\"caption-attachment-120969\" class=\"wp-caption-text\">Anna Bellini<\/figcaption><\/figure>\n<p>Anna Bellini medico veronese, scrive, dipinge, recita. In realt\u00e0 racconta storie, adoperando le arti magiche che ha a disposizione e con l\u2019aiuto delle storie cura la gente.<br \/>\nE\u2019 convinta che l\u2019arte salvi la vita.<br \/>\nDa molti anni attrice di teatro, che rimane la sua prima \u201carte magica\u201d, e apprezzata pittrice, ha allestito numerose mostre in Italia e all&#8217;estero (Hong Kong, Parigi, Bruxelles, Doha) e recitato nei pi\u00f9 svariati ruoli dal Cabaret a Shakespeare., da Pirandello a Goldoni.<br \/>\nHa iniziato il suo percorso di scrittrice pubblicando narrativa per ragazzi, poi romanzi per adulti e raccolte di poesie.<br \/>\nRicordiamo per i ragazzi \u201cLA Casa del Monte dei Santi\u201d- \u201cIl Colore dei nomi\u201d &#8211; \u201cAnni e il mistero delle uova di gelsomino\u201d &#8211; \u201c Le avventure di una strega madrina\u201d &#8211; \u201c Le avventure di Squizzi nel Bosco della Fontana\u201d -\u201dMarea nera\u201d.<br \/>\nTra i romanzi per adulti: \u201cChebba e ritorno\u201d- \u201cNostalgia d\u2019Infinito\u201d &#8211; \u201cArlecchino allo specchio\u201d &#8211; \u201cGli occhi delle farfalle\u201d- \u201cCorona per Corona\u201d<br \/>\nLe sillogi poetiche: \u201cAmare Picasso\u201d &#8211; \u201cA tempo di blues\u201d- \u201cAcqua terra fuoco\u201d &#8211; \u201cDelirio erotico in versi liberi\u201d &#8211; \u201cDi me stessa musa\u201d \u2013 \u201cViviamo tutti in una bolla\u201d<\/p>","protected":false},"excerpt":{"rendered":"<p>Penso che in questo terribile momento storico una delle esigenze fondamentali che ognuno di noi ha sia quella della comunicazione. Chiusi nei nostri comuni e citt\u00e0 e ancor pi\u00f9 separati dalle regioni confinanti, quasi fossimo tornati al periodo medioevale con signorie e feudi, ci sentiamo soli, in trappola, catapultati in una realt\u00e0 mediatica e virtuale [&hellip;]<\/p>\n","protected":false},"author":2,"featured_media":90002,"comment_status":"closed","ping_status":"open","sticky":false,"template":"","format":"standard","meta":{"footnotes":""},"categories":[3446,1,25],"tags":[],"class_list":["post-121024","post","type-post","status-publish","format-standard","has-post-thumbnail","category-featured","category-leo","category-pausa-caffe"],"yoast_head":"<!-- This site is optimized with the Yoast SEO plugin v28.4 - https:\/\/yoast.com\/product\/yoast-seo-wordpress\/ -->\n<title>Pronto, ti parlo. Scrivi a: redazione@bellunopress.it - Bellunopress - Dolomiti<\/title>\n<meta name=\"robots\" content=\"index, follow, max-snippet:-1, max-image-preview:large, max-video-preview:-1\" \/>\n<link rel=\"canonical\" href=\"https:\/\/www.bellunopress.it\/fr\/2021\/01\/20\/pronto-ti-parlo-scrivi-a-redazionebellunopress-it\/\" \/>\n<meta property=\"og:locale\" content=\"fr_FR\" \/>\n<meta property=\"og:type\" content=\"article\" \/>\n<meta property=\"og:title\" content=\"Pronto, ti parlo. Scrivi a: redazione@bellunopress.it - Bellunopress - Dolomiti\" \/>\n<meta property=\"og:description\" content=\"Penso che in questo terribile momento storico una delle esigenze fondamentali che ognuno di noi ha sia quella della comunicazione. Chiusi nei nostri comuni e citt\u00e0 e ancor pi\u00f9 separati dalle regioni confinanti, quasi fossimo tornati al periodo medioevale con signorie e feudi, ci sentiamo soli, in trappola, catapultati in una realt\u00e0 mediatica e virtuale [&hellip;]\" \/>\n<meta property=\"og:url\" content=\"https:\/\/www.bellunopress.it\/fr\/2021\/01\/20\/pronto-ti-parlo-scrivi-a-redazionebellunopress-it\/\" \/>\n<meta property=\"og:site_name\" content=\"Bellunopress - Dolomiti\" \/>\n<meta property=\"article:publisher\" content=\"https:\/\/www.facebook.com\/profile.php?id=100008943462799\" \/>\n<meta property=\"article:published_time\" content=\"2021-01-20T09:43:24+00:00\" \/>\n<meta property=\"article:modified_time\" content=\"2021-01-21T21:09:06+00:00\" \/>\n<meta property=\"og:image\" content=\"https:\/\/www.bellunopress.it\/wp-content\/uploads\/2017\/10\/lettera.jpg\" \/>\n\t<meta property=\"og:image:width\" content=\"257\" \/>\n\t<meta property=\"og:image:height\" content=\"176\" \/>\n\t<meta property=\"og:image:type\" content=\"image\/jpeg\" \/>\n<meta name=\"author\" content=\"redazione\" \/>\n<meta name=\"twitter:card\" content=\"summary_large_image\" \/>\n<meta name=\"twitter:creator\" content=\"@bellunopress\" \/>\n<meta name=\"twitter:site\" content=\"@bellunopress\" \/>\n<meta name=\"twitter:label1\" content=\"Written by\" \/>\n\t<meta name=\"twitter:data1\" content=\"redazione\" \/>\n\t<meta name=\"twitter:label2\" content=\"Est. reading time\" \/>\n\t<meta name=\"twitter:data2\" content=\"2 minutes\" \/>\n<script type=\"application\/ld+json\" class=\"yoast-schema-graph\">{\"@context\":\"https:\\\/\\\/schema.org\",\"@graph\":[{\"@type\":\"Article\",\"@id\":\"https:\\\/\\\/www.bellunopress.it\\\/2021\\\/01\\\/20\\\/pronto-ti-parlo-scrivi-a-redazionebellunopress-it\\\/#article\",\"isPartOf\":{\"@id\":\"https:\\\/\\\/www.bellunopress.it\\\/2021\\\/01\\\/20\\\/pronto-ti-parlo-scrivi-a-redazionebellunopress-it\\\/\"},\"author\":{\"name\":\"redazione\",\"@id\":\"https:\\\/\\\/www.bellunopress.it\\\/#\\\/schema\\\/person\\\/79bb06722b37ece1c03d3e94beb30d73\"},\"headline\":\"Pronto, ti parlo. Scrivi a: redazione@bellunopress.it\",\"datePublished\":\"2021-01-20T09:43:24+00:00\",\"dateModified\":\"2021-01-21T21:09:06+00:00\",\"mainEntityOfPage\":{\"@id\":\"https:\\\/\\\/www.bellunopress.it\\\/2021\\\/01\\\/20\\\/pronto-ti-parlo-scrivi-a-redazionebellunopress-it\\\/\"},\"wordCount\":403,\"publisher\":{\"@id\":\"https:\\\/\\\/www.bellunopress.it\\\/#organization\"},\"image\":{\"@id\":\"https:\\\/\\\/www.bellunopress.it\\\/2021\\\/01\\\/20\\\/pronto-ti-parlo-scrivi-a-redazionebellunopress-it\\\/#primaryimage\"},\"thumbnailUrl\":\"https:\\\/\\\/www.bellunopress.it\\\/wp-content\\\/uploads\\\/2017\\\/10\\\/lettera.jpg\",\"articleSection\":[\"Featured\",\"Lettere Opinioni\",\"Pausa Caff\u00e8\"],\"inLanguage\":\"fr-FR\"},{\"@type\":\"WebPage\",\"@id\":\"https:\\\/\\\/www.bellunopress.it\\\/2021\\\/01\\\/20\\\/pronto-ti-parlo-scrivi-a-redazionebellunopress-it\\\/\",\"url\":\"https:\\\/\\\/www.bellunopress.it\\\/2021\\\/01\\\/20\\\/pronto-ti-parlo-scrivi-a-redazionebellunopress-it\\\/\",\"name\":\"Pronto, ti parlo. Scrivi a: redazione@bellunopress.it - Bellunopress - Dolomiti\",\"isPartOf\":{\"@id\":\"https:\\\/\\\/www.bellunopress.it\\\/#website\"},\"primaryImageOfPage\":{\"@id\":\"https:\\\/\\\/www.bellunopress.it\\\/2021\\\/01\\\/20\\\/pronto-ti-parlo-scrivi-a-redazionebellunopress-it\\\/#primaryimage\"},\"image\":{\"@id\":\"https:\\\/\\\/www.bellunopress.it\\\/2021\\\/01\\\/20\\\/pronto-ti-parlo-scrivi-a-redazionebellunopress-it\\\/#primaryimage\"},\"thumbnailUrl\":\"https:\\\/\\\/www.bellunopress.it\\\/wp-content\\\/uploads\\\/2017\\\/10\\\/lettera.jpg\",\"datePublished\":\"2021-01-20T09:43:24+00:00\",\"dateModified\":\"2021-01-21T21:09:06+00:00\",\"breadcrumb\":{\"@id\":\"https:\\\/\\\/www.bellunopress.it\\\/2021\\\/01\\\/20\\\/pronto-ti-parlo-scrivi-a-redazionebellunopress-it\\\/#breadcrumb\"},\"inLanguage\":\"fr-FR\",\"potentialAction\":[{\"@type\":\"ReadAction\",\"target\":[\"https:\\\/\\\/www.bellunopress.it\\\/2021\\\/01\\\/20\\\/pronto-ti-parlo-scrivi-a-redazionebellunopress-it\\\/\"]}]},{\"@type\":\"ImageObject\",\"inLanguage\":\"fr-FR\",\"@id\":\"https:\\\/\\\/www.bellunopress.it\\\/2021\\\/01\\\/20\\\/pronto-ti-parlo-scrivi-a-redazionebellunopress-it\\\/#primaryimage\",\"url\":\"https:\\\/\\\/www.bellunopress.it\\\/wp-content\\\/uploads\\\/2017\\\/10\\\/lettera.jpg\",\"contentUrl\":\"https:\\\/\\\/www.bellunopress.it\\\/wp-content\\\/uploads\\\/2017\\\/10\\\/lettera.jpg\",\"width\":257,\"height\":176},{\"@type\":\"BreadcrumbList\",\"@id\":\"https:\\\/\\\/www.bellunopress.it\\\/2021\\\/01\\\/20\\\/pronto-ti-parlo-scrivi-a-redazionebellunopress-it\\\/#breadcrumb\",\"itemListElement\":[{\"@type\":\"ListItem\",\"position\":1,\"name\":\"Home\",\"item\":\"https:\\\/\\\/www.bellunopress.it\\\/\"},{\"@type\":\"ListItem\",\"position\":2,\"name\":\"Pronto, ti parlo. Scrivi a: redazione@bellunopress.it\"}]},{\"@type\":\"WebSite\",\"@id\":\"https:\\\/\\\/www.bellunopress.it\\\/#website\",\"url\":\"https:\\\/\\\/www.bellunopress.it\\\/\",\"name\":\"Bellunopress - Dolomiti\",\"description\":\"e-mail: redazione@bellunopress.it\",\"publisher\":{\"@id\":\"https:\\\/\\\/www.bellunopress.it\\\/#organization\"},\"potentialAction\":[{\"@type\":\"SearchAction\",\"target\":{\"@type\":\"EntryPoint\",\"urlTemplate\":\"https:\\\/\\\/www.bellunopress.it\\\/?s={search_term_string}\"},\"query-input\":{\"@type\":\"PropertyValueSpecification\",\"valueRequired\":true,\"valueName\":\"search_term_string\"}}],\"inLanguage\":\"fr-FR\"},{\"@type\":\"Organization\",\"@id\":\"https:\\\/\\\/www.bellunopress.it\\\/#organization\",\"name\":\"Bellunopress\",\"url\":\"https:\\\/\\\/www.bellunopress.it\\\/\",\"logo\":{\"@type\":\"ImageObject\",\"inLanguage\":\"fr-FR\",\"@id\":\"https:\\\/\\\/www.bellunopress.it\\\/#\\\/schema\\\/logo\\\/image\\\/\",\"url\":\"https:\\\/\\\/www.bellunopress.it\\\/wp-content\\\/uploads\\\/2011\\\/05\\\/cropped-logo-bellunopress-.jpg\",\"contentUrl\":\"https:\\\/\\\/www.bellunopress.it\\\/wp-content\\\/uploads\\\/2011\\\/05\\\/cropped-logo-bellunopress-.jpg\",\"width\":512,\"height\":512,\"caption\":\"Bellunopress\"},\"image\":{\"@id\":\"https:\\\/\\\/www.bellunopress.it\\\/#\\\/schema\\\/logo\\\/image\\\/\"},\"sameAs\":[\"https:\\\/\\\/www.facebook.com\\\/profile.php?id=100008943462799\",\"https:\\\/\\\/x.com\\\/bellunopress\",\"https:\\\/\\\/www.linkedin.com\\\/hp\\\/?dnr=JBzUWaJfMUw8vbXJJ2tVW5-I3jZKvC4wsoxE&amp;amp;amp;amp;amp;amp;trk=nav_responsive_tab_home\",\"https:\\\/\\\/www.youtube.com\\\/channel\\\/UCxL0wu1uN0_3_7hGG0306cw\"]},{\"@type\":\"Person\",\"@id\":\"https:\\\/\\\/www.bellunopress.it\\\/#\\\/schema\\\/person\\\/79bb06722b37ece1c03d3e94beb30d73\",\"name\":\"redazione\",\"image\":{\"@type\":\"ImageObject\",\"inLanguage\":\"fr-FR\",\"@id\":\"https:\\\/\\\/secure.gravatar.com\\\/avatar\\\/37d968a2e67a6fd04c169c4bdef102d0bc5d31b2546345219e348575eb80e9a0?s=96&d=mm&r=g\",\"url\":\"https:\\\/\\\/secure.gravatar.com\\\/avatar\\\/37d968a2e67a6fd04c169c4bdef102d0bc5d31b2546345219e348575eb80e9a0?s=96&d=mm&r=g\",\"contentUrl\":\"https:\\\/\\\/secure.gravatar.com\\\/avatar\\\/37d968a2e67a6fd04c169c4bdef102d0bc5d31b2546345219e348575eb80e9a0?s=96&d=mm&r=g\",\"caption\":\"redazione\"},\"sameAs\":[\"http:\\\/\\\/www.bellunopress.it\",\"https:\\\/\\\/x.com\\\/bellunopress\"],\"url\":\"https:\\\/\\\/www.bellunopress.it\\\/fr\\\/author\\\/redazione\\\/\"}]}<\/script>\n<!-- \/ Yoast SEO plugin. -->","yoast_head_json":{"title":"Pronto, ti parlo. Scrivi a: redazione@bellunopress.it - Bellunopress - Dolomiti","robots":{"index":"index","follow":"follow","max-snippet":"max-snippet:-1","max-image-preview":"max-image-preview:large","max-video-preview":"max-video-preview:-1"},"canonical":"https:\/\/www.bellunopress.it\/fr\/2021\/01\/20\/pronto-ti-parlo-scrivi-a-redazionebellunopress-it\/","og_locale":"fr_FR","og_type":"article","og_title":"Pronto, ti parlo. Scrivi a: redazione@bellunopress.it - Bellunopress - Dolomiti","og_description":"Penso che in questo terribile momento storico una delle esigenze fondamentali che ognuno di noi ha sia quella della comunicazione. Chiusi nei nostri comuni e citt\u00e0 e ancor pi\u00f9 separati dalle regioni confinanti, quasi fossimo tornati al periodo medioevale con signorie e feudi, ci sentiamo soli, in trappola, catapultati in una realt\u00e0 mediatica e virtuale [&hellip;]","og_url":"https:\/\/www.bellunopress.it\/fr\/2021\/01\/20\/pronto-ti-parlo-scrivi-a-redazionebellunopress-it\/","og_site_name":"Bellunopress - Dolomiti","article_publisher":"https:\/\/www.facebook.com\/profile.php?id=100008943462799","article_published_time":"2021-01-20T09:43:24+00:00","article_modified_time":"2021-01-21T21:09:06+00:00","og_image":[{"width":257,"height":176,"url":"https:\/\/www.bellunopress.it\/wp-content\/uploads\/2017\/10\/lettera.jpg","type":"image\/jpeg"}],"author":"redazione","twitter_card":"summary_large_image","twitter_creator":"@bellunopress","twitter_site":"@bellunopress","twitter_misc":{"Written by":"redazione","Est. reading time":"2 minutes"},"schema":{"@context":"https:\/\/schema.org","@graph":[{"@type":"Article","@id":"https:\/\/www.bellunopress.it\/2021\/01\/20\/pronto-ti-parlo-scrivi-a-redazionebellunopress-it\/#article","isPartOf":{"@id":"https:\/\/www.bellunopress.it\/2021\/01\/20\/pronto-ti-parlo-scrivi-a-redazionebellunopress-it\/"},"author":{"name":"redazione","@id":"https:\/\/www.bellunopress.it\/#\/schema\/person\/79bb06722b37ece1c03d3e94beb30d73"},"headline":"Pronto, ti parlo. Scrivi a: redazione@bellunopress.it","datePublished":"2021-01-20T09:43:24+00:00","dateModified":"2021-01-21T21:09:06+00:00","mainEntityOfPage":{"@id":"https:\/\/www.bellunopress.it\/2021\/01\/20\/pronto-ti-parlo-scrivi-a-redazionebellunopress-it\/"},"wordCount":403,"publisher":{"@id":"https:\/\/www.bellunopress.it\/#organization"},"image":{"@id":"https:\/\/www.bellunopress.it\/2021\/01\/20\/pronto-ti-parlo-scrivi-a-redazionebellunopress-it\/#primaryimage"},"thumbnailUrl":"https:\/\/www.bellunopress.it\/wp-content\/uploads\/2017\/10\/lettera.jpg","articleSection":["Featured","Lettere Opinioni","Pausa Caff\u00e8"],"inLanguage":"fr-FR"},{"@type":"WebPage","@id":"https:\/\/www.bellunopress.it\/2021\/01\/20\/pronto-ti-parlo-scrivi-a-redazionebellunopress-it\/","url":"https:\/\/www.bellunopress.it\/2021\/01\/20\/pronto-ti-parlo-scrivi-a-redazionebellunopress-it\/","name":"Pronto, ti parlo. Scrivi a: redazione@bellunopress.it - Bellunopress - Dolomiti","isPartOf":{"@id":"https:\/\/www.bellunopress.it\/#website"},"primaryImageOfPage":{"@id":"https:\/\/www.bellunopress.it\/2021\/01\/20\/pronto-ti-parlo-scrivi-a-redazionebellunopress-it\/#primaryimage"},"image":{"@id":"https:\/\/www.bellunopress.it\/2021\/01\/20\/pronto-ti-parlo-scrivi-a-redazionebellunopress-it\/#primaryimage"},"thumbnailUrl":"https:\/\/www.bellunopress.it\/wp-content\/uploads\/2017\/10\/lettera.jpg","datePublished":"2021-01-20T09:43:24+00:00","dateModified":"2021-01-21T21:09:06+00:00","breadcrumb":{"@id":"https:\/\/www.bellunopress.it\/2021\/01\/20\/pronto-ti-parlo-scrivi-a-redazionebellunopress-it\/#breadcrumb"},"inLanguage":"fr-FR","potentialAction":[{"@type":"ReadAction","target":["https:\/\/www.bellunopress.it\/2021\/01\/20\/pronto-ti-parlo-scrivi-a-redazionebellunopress-it\/"]}]},{"@type":"ImageObject","inLanguage":"fr-FR","@id":"https:\/\/www.bellunopress.it\/2021\/01\/20\/pronto-ti-parlo-scrivi-a-redazionebellunopress-it\/#primaryimage","url":"https:\/\/www.bellunopress.it\/wp-content\/uploads\/2017\/10\/lettera.jpg","contentUrl":"https:\/\/www.bellunopress.it\/wp-content\/uploads\/2017\/10\/lettera.jpg","width":257,"height":176},{"@type":"BreadcrumbList","@id":"https:\/\/www.bellunopress.it\/2021\/01\/20\/pronto-ti-parlo-scrivi-a-redazionebellunopress-it\/#breadcrumb","itemListElement":[{"@type":"ListItem","position":1,"name":"Home","item":"https:\/\/www.bellunopress.it\/"},{"@type":"ListItem","position":2,"name":"Pronto, ti parlo. Scrivi a: redazione@bellunopress.it"}]},{"@type":"WebSite","@id":"https:\/\/www.bellunopress.it\/#website","url":"https:\/\/www.bellunopress.it\/","name":"Bellunopress - Dolomiti","description":"e-mail: redazione@bellunopress.it","publisher":{"@id":"https:\/\/www.bellunopress.it\/#organization"},"potentialAction":[{"@type":"SearchAction","target":{"@type":"EntryPoint","urlTemplate":"https:\/\/www.bellunopress.it\/?s={search_term_string}"},"query-input":{"@type":"PropertyValueSpecification","valueRequired":true,"valueName":"search_term_string"}}],"inLanguage":"fr-FR"},{"@type":"Organization","@id":"https:\/\/www.bellunopress.it\/#organization","name":"Bellunopress","url":"https:\/\/www.bellunopress.it\/","logo":{"@type":"ImageObject","inLanguage":"fr-FR","@id":"https:\/\/www.bellunopress.it\/#\/schema\/logo\/image\/","url":"https:\/\/www.bellunopress.it\/wp-content\/uploads\/2011\/05\/cropped-logo-bellunopress-.jpg","contentUrl":"https:\/\/www.bellunopress.it\/wp-content\/uploads\/2011\/05\/cropped-logo-bellunopress-.jpg","width":512,"height":512,"caption":"Bellunopress"},"image":{"@id":"https:\/\/www.bellunopress.it\/#\/schema\/logo\/image\/"},"sameAs":["https:\/\/www.facebook.com\/profile.php?id=100008943462799","https:\/\/x.com\/bellunopress","https:\/\/www.linkedin.com\/hp\/?dnr=JBzUWaJfMUw8vbXJJ2tVW5-I3jZKvC4wsoxE&amp;amp;amp;amp;amp;amp;trk=nav_responsive_tab_home","https:\/\/www.youtube.com\/channel\/UCxL0wu1uN0_3_7hGG0306cw"]},{"@type":"Person","@id":"https:\/\/www.bellunopress.it\/#\/schema\/person\/79bb06722b37ece1c03d3e94beb30d73","name":"r\u00e9daction","image":{"@type":"ImageObject","inLanguage":"fr-FR","@id":"https:\/\/secure.gravatar.com\/avatar\/37d968a2e67a6fd04c169c4bdef102d0bc5d31b2546345219e348575eb80e9a0?s=96&d=mm&r=g","url":"https:\/\/secure.gravatar.com\/avatar\/37d968a2e67a6fd04c169c4bdef102d0bc5d31b2546345219e348575eb80e9a0?s=96&d=mm&r=g","contentUrl":"https:\/\/secure.gravatar.com\/avatar\/37d968a2e67a6fd04c169c4bdef102d0bc5d31b2546345219e348575eb80e9a0?s=96&d=mm&r=g","caption":"redazione"},"sameAs":["http:\/\/www.bellunopress.it","https:\/\/x.com\/bellunopress"],"url":"https:\/\/www.bellunopress.it\/fr\/author\/redazione\/"}]}},"_links":{"self":[{"href":"https:\/\/www.bellunopress.it\/fr\/wp-json\/wp\/v2\/posts\/121024","targetHints":{"allow":["GET"]}}],"collection":[{"href":"https:\/\/www.bellunopress.it\/fr\/wp-json\/wp\/v2\/posts"}],"about":[{"href":"https:\/\/www.bellunopress.it\/fr\/wp-json\/wp\/v2\/types\/post"}],"author":[{"embeddable":true,"href":"https:\/\/www.bellunopress.it\/fr\/wp-json\/wp\/v2\/users\/2"}],"replies":[{"embeddable":true,"href":"https:\/\/www.bellunopress.it\/fr\/wp-json\/wp\/v2\/comments?post=121024"}],"version-history":[{"count":1,"href":"https:\/\/www.bellunopress.it\/fr\/wp-json\/wp\/v2\/posts\/121024\/revisions"}],"predecessor-version":[{"id":121025,"href":"https:\/\/www.bellunopress.it\/fr\/wp-json\/wp\/v2\/posts\/121024\/revisions\/121025"}],"wp:featuredmedia":[{"embeddable":true,"href":"https:\/\/www.bellunopress.it\/fr\/wp-json\/wp\/v2\/media\/90002"}],"wp:attachment":[{"href":"https:\/\/www.bellunopress.it\/fr\/wp-json\/wp\/v2\/media?parent=121024"}],"wp:term":[{"taxonomy":"category","embeddable":true,"href":"https:\/\/www.bellunopress.it\/fr\/wp-json\/wp\/v2\/categories?post=121024"},{"taxonomy":"post_tag","embeddable":true,"href":"https:\/\/www.bellunopress.it\/fr\/wp-json\/wp\/v2\/tags?post=121024"}],"curies":[{"name":"wp","href":"https:\/\/api.w.org\/{rel}","templated":true}]}}