{"id":121020,"date":"2021-01-19T20:39:37","date_gmt":"2021-01-19T19:39:37","guid":{"rendered":"http:\/\/www.bellunopress.it\/?p=121020"},"modified":"2021-01-19T20:39:38","modified_gmt":"2021-01-19T19:39:38","slug":"rc-auto-a-belluno-prezzi-in-calo-del-5","status":"publish","type":"post","link":"https:\/\/www.bellunopress.it\/fr\/2021\/01\/19\/rc-auto-a-belluno-prezzi-in-calo-del-5\/","title":{"rendered":"Rc auto: a Belluno prezzi in calo del 5%"},"content":{"rendered":"<p>&nbsp;<\/p>\n<figure id=\"attachment_121021\" aria-describedby=\"caption-attachment-121021\" style=\"width: 1000px\" class=\"wp-caption alignleft\"><a href=\"http:\/\/www.bellunopress.it\/fr\/2021\/01\/19\/rc-auto-a-belluno-prezzi-in-calo-del-5\/piazza-piloni_edited-2\/\" rel=\"attachment wp-att-121021\"><img loading=\"lazy\" decoding=\"async\" class=\"size-full wp-image-121021\" src=\"http:\/\/www.bellunopress.it\/wp-content\/uploads\/2021\/01\/piazza-piloni_edited.jpg\" alt=\"\" width=\"1000\" height=\"750\" srcset=\"https:\/\/www.bellunopress.it\/wp-content\/uploads\/2021\/01\/piazza-piloni_edited.jpg 1000w, https:\/\/www.bellunopress.it\/wp-content\/uploads\/2021\/01\/piazza-piloni_edited-500x375.jpg 500w, https:\/\/www.bellunopress.it\/wp-content\/uploads\/2021\/01\/piazza-piloni_edited-696x522.jpg 696w, https:\/\/www.bellunopress.it\/wp-content\/uploads\/2021\/01\/piazza-piloni_edited-560x420.jpg 560w, https:\/\/www.bellunopress.it\/wp-content\/uploads\/2021\/01\/piazza-piloni_edited-80x60.jpg 80w, https:\/\/www.bellunopress.it\/wp-content\/uploads\/2021\/01\/piazza-piloni_edited-265x198.jpg 265w\" sizes=\"auto, (max-width: 1000px) 100vw, 1000px\" \/><\/a><figcaption id=\"caption-attachment-121021\" class=\"wp-caption-text\">Belluno, Piazza Piloni<\/figcaption><\/figure>\n<p>il nuovo anno si apre con una brutta notizia per quasi\u00a057.000 automobilisti veneti; tanti sono gli automobilisti che, secondo l&#8217;analisi di\u00a0Facile.it, avendo nel 2020 denunciato alla propria assicurazione un incidente con colpa, dovranno fare i conti con un peggioramento della propria classe di merito e, di conseguenza, con un\u00a0aumento del premio\u00a0RC auto; il valore risulta di gran lunga inferiore\u00a0rispetto a\u00a0quello rilevato un anno fa\u00a0(-46,9%). A determinare la riduzione sono stati in grande parte il\u00a0Covid\u00a0e le\u00a0conseguenti\u00a0limitazioni alla mobilit\u00e0 imposte durante i\u00a0lockdown; questi fattori\u00a0hanno significativamente inciso sul numero di veicoli in circolazione\u00a0e,\u00a0di conseguenza, sul calo dei sinistri stradali avvenuti nel corso\u00a0dell&#8217;anno.<\/p>\n<p>In termini percentuali si tratta del\u00a02,03%\u00a0del campione analizzato, percentuale che risulta<\/p>\n<figure id=\"attachment_121021-2\" aria-describedby=\"caption-attachment-121021-2\" style=\"width: 1000px\" class=\"wp-caption alignleft\"><a href=\"http:\/\/www.bellunopress.it\/fr\/2021\/01\/19\/rc-auto-a-belluno-prezzi-in-calo-del-5\/piazza-piloni_edited-2\/\" rel=\"attachment wp-att-121021\"><img loading=\"lazy\" decoding=\"async\" class=\"size-full wp-image-121021\" src=\"http:\/\/www.bellunopress.it\/wp-content\/uploads\/2021\/01\/piazza-piloni_edited.jpg\" alt=\"\" width=\"1000\" height=\"750\" srcset=\"https:\/\/www.bellunopress.it\/wp-content\/uploads\/2021\/01\/piazza-piloni_edited.jpg 1000w, https:\/\/www.bellunopress.it\/wp-content\/uploads\/2021\/01\/piazza-piloni_edited-500x375.jpg 500w, https:\/\/www.bellunopress.it\/wp-content\/uploads\/2021\/01\/piazza-piloni_edited-696x522.jpg 696w, https:\/\/www.bellunopress.it\/wp-content\/uploads\/2021\/01\/piazza-piloni_edited-560x420.jpg 560w, https:\/\/www.bellunopress.it\/wp-content\/uploads\/2021\/01\/piazza-piloni_edited-80x60.jpg 80w, https:\/\/www.bellunopress.it\/wp-content\/uploads\/2021\/01\/piazza-piloni_edited-265x198.jpg 265w\" sizes=\"auto, (max-width: 1000px) 100vw, 1000px\" \/><\/a><figcaption id=\"caption-attachment-121021-2\" class=\"wp-caption-text\">Belluno, Piazza Piloni<\/figcaption><\/figure>\n<p>essere pi\u00f9 bassa rispetto a quella nazionale\u00a0(2,21%). Guardando alla provincia di\u00a0Belluno, la percentuale di automobilisti che hanno denunciato all&#8217;assicurazione un sinistro con colpa \u00e8 pari all&#8217;1,03%,\u00a0valore tra i pi\u00f9 bassi registrati nella regione.<\/p>\n<p>Analizzando la graduatoria delle province venete, al primo posto si trova\u00a0Vicenza\u00a0(2,15%). Seguono, a pari merito, le province di\u00a0Venezia\u00a0e\u00a0Treviso, aree dove la percentuale di chi ha dichiarato un incidente con colpa \u00e8 pari al 2,13%, e\u00a0Padova\u00a0(2,04%). Valori inferiori alla media regionale, invece, per le province di\u00a0Verona\u00a0(1,96%) e\u00a0Belluno\u00a0(1,03%). Chiude la classifica\u00a0Rovigo, area veneta dove in percentuale sono stati denunciati alle assicurazioni meno sinistri con colpa (1,01%).<\/p>\n<p>Buone notizie, invece, per gli automobilisti virtuosi; per assicurare un veicolo in\u00a0provincia di Belluno\u00a0a dicembre 2020 occorrevano, in media,\u00a0379,73 euro, vale a dire il\u00a05,34% in meno\u00a0rispetto allo stesso mese del 2019.<\/p>\n<p>L&#8217;andamento delle tariffe e altri dati sull&#8217;RC auto nella provincia sono disponibili a questo link:\u00a0<a href=\"https:\/\/www.facile.it\/assicurazioni\/osservatorio\/rc-auto-belluno.html\">https:\/\/www.facile.it\/assicurazioni\/osservatorio\/rc-auto-belluno.html<\/a><\/p>","protected":false},"excerpt":{"rendered":"<p>&nbsp; il nuovo anno si apre con una brutta notizia per quasi\u00a057.000 automobilisti veneti; tanti sono gli automobilisti che, secondo l&#8217;analisi di\u00a0Facile.it, avendo nel 2020 denunciato alla propria assicurazione un incidente con colpa, dovranno fare i conti con un peggioramento della propria classe di merito e, di conseguenza, con un\u00a0aumento del premio\u00a0RC auto; il valore [&hellip;]<\/p>\n","protected":false},"author":2,"featured_media":121021,"comment_status":"closed","ping_status":"open","sticky":false,"template":"","format":"standard","meta":{"footnotes":""},"categories":[26,8],"tags":[],"class_list":["post-121020","post","type-post","status-publish","format-standard","has-post-thumbnail","category-prima-pagina","category-societa-istituzioni"],"yoast_head":"<!-- This site is optimized with the Yoast SEO plugin v28.4 - https:\/\/yoast.com\/product\/yoast-seo-wordpress\/ -->\n<title>Rc auto: a Belluno prezzi in calo del 5% - Bellunopress - Dolomiti<\/title>\n<meta name=\"robots\" content=\"index, follow, max-snippet:-1, max-image-preview:large, max-video-preview:-1\" \/>\n<link rel=\"canonical\" href=\"https:\/\/www.bellunopress.it\/fr\/2021\/01\/19\/rc-auto-a-belluno-prezzi-in-calo-del-5\/\" \/>\n<meta property=\"og:locale\" content=\"fr_FR\" \/>\n<meta property=\"og:type\" content=\"article\" \/>\n<meta property=\"og:title\" content=\"Rc auto: a Belluno prezzi in calo del 5% - Bellunopress - Dolomiti\" \/>\n<meta property=\"og:description\" content=\"&nbsp; il nuovo anno si apre con una brutta notizia per quasi\u00a057.000 automobilisti veneti; tanti sono gli automobilisti che, secondo l&#8217;analisi di\u00a0Facile.it, avendo nel 2020 denunciato alla propria assicurazione un incidente con colpa, dovranno fare i conti con un peggioramento della propria classe di merito e, di conseguenza, con un\u00a0aumento del premio\u00a0RC auto; il valore [&hellip;]\" \/>\n<meta property=\"og:url\" content=\"https:\/\/www.bellunopress.it\/fr\/2021\/01\/19\/rc-auto-a-belluno-prezzi-in-calo-del-5\/\" \/>\n<meta property=\"og:site_name\" content=\"Bellunopress - Dolomiti\" \/>\n<meta property=\"article:publisher\" content=\"https:\/\/www.facebook.com\/profile.php?id=100008943462799\" \/>\n<meta property=\"article:published_time\" content=\"2021-01-19T19:39:37+00:00\" \/>\n<meta property=\"article:modified_time\" content=\"2021-01-19T19:39:38+00:00\" \/>\n<meta property=\"og:image\" content=\"https:\/\/www.bellunopress.it\/wp-content\/uploads\/2021\/01\/piazza-piloni_edited.jpg\" \/>\n\t<meta property=\"og:image:width\" content=\"1000\" \/>\n\t<meta property=\"og:image:height\" content=\"750\" \/>\n\t<meta property=\"og:image:type\" content=\"image\/jpeg\" \/>\n<meta name=\"author\" content=\"redazione\" \/>\n<meta name=\"twitter:card\" content=\"summary_large_image\" \/>\n<meta name=\"twitter:creator\" content=\"@bellunopress\" \/>\n<meta name=\"twitter:site\" content=\"@bellunopress\" \/>\n<meta name=\"twitter:label1\" content=\"\u00c9crit par\" \/>\n\t<meta name=\"twitter:data1\" content=\"redazione\" \/>\n\t<meta name=\"twitter:label2\" content=\"Dur\u00e9e de lecture estim\u00e9e\" \/>\n\t<meta name=\"twitter:data2\" content=\"2 minutes\" \/>\n<script type=\"application\/ld+json\" class=\"yoast-schema-graph\">{\"@context\":\"https:\\\/\\\/schema.org\",\"@graph\":[{\"@type\":\"Article\",\"@id\":\"https:\\\/\\\/www.bellunopress.it\\\/2021\\\/01\\\/19\\\/rc-auto-a-belluno-prezzi-in-calo-del-5\\\/#article\",\"isPartOf\":{\"@id\":\"https:\\\/\\\/www.bellunopress.it\\\/2021\\\/01\\\/19\\\/rc-auto-a-belluno-prezzi-in-calo-del-5\\\/\"},\"author\":{\"name\":\"redazione\",\"@id\":\"https:\\\/\\\/www.bellunopress.it\\\/#\\\/schema\\\/person\\\/79bb06722b37ece1c03d3e94beb30d73\"},\"headline\":\"Rc auto: a Belluno prezzi in calo del 5%\",\"datePublished\":\"2021-01-19T19:39:37+00:00\",\"dateModified\":\"2021-01-19T19:39:38+00:00\",\"mainEntityOfPage\":{\"@id\":\"https:\\\/\\\/www.bellunopress.it\\\/2021\\\/01\\\/19\\\/rc-auto-a-belluno-prezzi-in-calo-del-5\\\/\"},\"wordCount\":318,\"publisher\":{\"@id\":\"https:\\\/\\\/www.bellunopress.it\\\/#organization\"},\"image\":{\"@id\":\"https:\\\/\\\/www.bellunopress.it\\\/2021\\\/01\\\/19\\\/rc-auto-a-belluno-prezzi-in-calo-del-5\\\/#primaryimage\"},\"thumbnailUrl\":\"https:\\\/\\\/www.bellunopress.it\\\/wp-content\\\/uploads\\\/2021\\\/01\\\/piazza-piloni_edited.jpg\",\"articleSection\":[\"Prima Pagina\",\"Societ\u00e0, Associazioni, Istituzioni\"],\"inLanguage\":\"fr-FR\"},{\"@type\":\"WebPage\",\"@id\":\"https:\\\/\\\/www.bellunopress.it\\\/2021\\\/01\\\/19\\\/rc-auto-a-belluno-prezzi-in-calo-del-5\\\/\",\"url\":\"https:\\\/\\\/www.bellunopress.it\\\/2021\\\/01\\\/19\\\/rc-auto-a-belluno-prezzi-in-calo-del-5\\\/\",\"name\":\"Rc auto: a Belluno prezzi in calo del 5% - Bellunopress - Dolomiti\",\"isPartOf\":{\"@id\":\"https:\\\/\\\/www.bellunopress.it\\\/#website\"},\"primaryImageOfPage\":{\"@id\":\"https:\\\/\\\/www.bellunopress.it\\\/2021\\\/01\\\/19\\\/rc-auto-a-belluno-prezzi-in-calo-del-5\\\/#primaryimage\"},\"image\":{\"@id\":\"https:\\\/\\\/www.bellunopress.it\\\/2021\\\/01\\\/19\\\/rc-auto-a-belluno-prezzi-in-calo-del-5\\\/#primaryimage\"},\"thumbnailUrl\":\"https:\\\/\\\/www.bellunopress.it\\\/wp-content\\\/uploads\\\/2021\\\/01\\\/piazza-piloni_edited.jpg\",\"datePublished\":\"2021-01-19T19:39:37+00:00\",\"dateModified\":\"2021-01-19T19:39:38+00:00\",\"breadcrumb\":{\"@id\":\"https:\\\/\\\/www.bellunopress.it\\\/2021\\\/01\\\/19\\\/rc-auto-a-belluno-prezzi-in-calo-del-5\\\/#breadcrumb\"},\"inLanguage\":\"fr-FR\",\"potentialAction\":[{\"@type\":\"ReadAction\",\"target\":[\"https:\\\/\\\/www.bellunopress.it\\\/2021\\\/01\\\/19\\\/rc-auto-a-belluno-prezzi-in-calo-del-5\\\/\"]}]},{\"@type\":\"ImageObject\",\"inLanguage\":\"fr-FR\",\"@id\":\"https:\\\/\\\/www.bellunopress.it\\\/2021\\\/01\\\/19\\\/rc-auto-a-belluno-prezzi-in-calo-del-5\\\/#primaryimage\",\"url\":\"https:\\\/\\\/www.bellunopress.it\\\/wp-content\\\/uploads\\\/2021\\\/01\\\/piazza-piloni_edited.jpg\",\"contentUrl\":\"https:\\\/\\\/www.bellunopress.it\\\/wp-content\\\/uploads\\\/2021\\\/01\\\/piazza-piloni_edited.jpg\",\"width\":1000,\"height\":750,\"caption\":\"Belluno, Piazza Piloni\"},{\"@type\":\"BreadcrumbList\",\"@id\":\"https:\\\/\\\/www.bellunopress.it\\\/2021\\\/01\\\/19\\\/rc-auto-a-belluno-prezzi-in-calo-del-5\\\/#breadcrumb\",\"itemListElement\":[{\"@type\":\"ListItem\",\"position\":1,\"name\":\"Home\",\"item\":\"https:\\\/\\\/www.bellunopress.it\\\/\"},{\"@type\":\"ListItem\",\"position\":2,\"name\":\"Rc auto: a Belluno prezzi in calo del 5%\"}]},{\"@type\":\"WebSite\",\"@id\":\"https:\\\/\\\/www.bellunopress.it\\\/#website\",\"url\":\"https:\\\/\\\/www.bellunopress.it\\\/\",\"name\":\"Bellunopress - Dolomiti\",\"description\":\"e-mail: redazione@bellunopress.it\",\"publisher\":{\"@id\":\"https:\\\/\\\/www.bellunopress.it\\\/#organization\"},\"potentialAction\":[{\"@type\":\"SearchAction\",\"target\":{\"@type\":\"EntryPoint\",\"urlTemplate\":\"https:\\\/\\\/www.bellunopress.it\\\/?s={search_term_string}\"},\"query-input\":{\"@type\":\"PropertyValueSpecification\",\"valueRequired\":true,\"valueName\":\"search_term_string\"}}],\"inLanguage\":\"fr-FR\"},{\"@type\":\"Organization\",\"@id\":\"https:\\\/\\\/www.bellunopress.it\\\/#organization\",\"name\":\"Bellunopress\",\"url\":\"https:\\\/\\\/www.bellunopress.it\\\/\",\"logo\":{\"@type\":\"ImageObject\",\"inLanguage\":\"fr-FR\",\"@id\":\"https:\\\/\\\/www.bellunopress.it\\\/#\\\/schema\\\/logo\\\/image\\\/\",\"url\":\"https:\\\/\\\/www.bellunopress.it\\\/wp-content\\\/uploads\\\/2011\\\/05\\\/cropped-logo-bellunopress-.jpg\",\"contentUrl\":\"https:\\\/\\\/www.bellunopress.it\\\/wp-content\\\/uploads\\\/2011\\\/05\\\/cropped-logo-bellunopress-.jpg\",\"width\":512,\"height\":512,\"caption\":\"Bellunopress\"},\"image\":{\"@id\":\"https:\\\/\\\/www.bellunopress.it\\\/#\\\/schema\\\/logo\\\/image\\\/\"},\"sameAs\":[\"https:\\\/\\\/www.facebook.com\\\/profile.php?id=100008943462799\",\"https:\\\/\\\/x.com\\\/bellunopress\",\"https:\\\/\\\/www.linkedin.com\\\/hp\\\/?dnr=JBzUWaJfMUw8vbXJJ2tVW5-I3jZKvC4wsoxE&amp;amp;amp;amp;amp;amp;trk=nav_responsive_tab_home\",\"https:\\\/\\\/www.youtube.com\\\/channel\\\/UCxL0wu1uN0_3_7hGG0306cw\"]},{\"@type\":\"Person\",\"@id\":\"https:\\\/\\\/www.bellunopress.it\\\/#\\\/schema\\\/person\\\/79bb06722b37ece1c03d3e94beb30d73\",\"name\":\"redazione\",\"image\":{\"@type\":\"ImageObject\",\"inLanguage\":\"fr-FR\",\"@id\":\"https:\\\/\\\/secure.gravatar.com\\\/avatar\\\/37d968a2e67a6fd04c169c4bdef102d0bc5d31b2546345219e348575eb80e9a0?s=96&d=mm&r=g\",\"url\":\"https:\\\/\\\/secure.gravatar.com\\\/avatar\\\/37d968a2e67a6fd04c169c4bdef102d0bc5d31b2546345219e348575eb80e9a0?s=96&d=mm&r=g\",\"contentUrl\":\"https:\\\/\\\/secure.gravatar.com\\\/avatar\\\/37d968a2e67a6fd04c169c4bdef102d0bc5d31b2546345219e348575eb80e9a0?s=96&d=mm&r=g\",\"caption\":\"redazione\"},\"sameAs\":[\"http:\\\/\\\/www.bellunopress.it\",\"https:\\\/\\\/x.com\\\/bellunopress\"],\"url\":\"https:\\\/\\\/www.bellunopress.it\\\/fr\\\/author\\\/redazione\\\/\"}]}<\/script>\n<!-- \/ Yoast SEO plugin. -->","yoast_head_json":{"title":"Rc auto: a Belluno prezzi in calo del 5% - Bellunopress - Dolomiti","robots":{"index":"index","follow":"follow","max-snippet":"max-snippet:-1","max-image-preview":"max-image-preview:large","max-video-preview":"max-video-preview:-1"},"canonical":"https:\/\/www.bellunopress.it\/fr\/2021\/01\/19\/rc-auto-a-belluno-prezzi-in-calo-del-5\/","og_locale":"fr_FR","og_type":"article","og_title":"Rc auto: a Belluno prezzi in calo del 5% - Bellunopress - Dolomiti","og_description":"&nbsp; il nuovo anno si apre con una brutta notizia per quasi\u00a057.000 automobilisti veneti; tanti sono gli automobilisti che, secondo l&#8217;analisi di\u00a0Facile.it, avendo nel 2020 denunciato alla propria assicurazione un incidente con colpa, dovranno fare i conti con un peggioramento della propria classe di merito e, di conseguenza, con un\u00a0aumento del premio\u00a0RC auto; il valore [&hellip;]","og_url":"https:\/\/www.bellunopress.it\/fr\/2021\/01\/19\/rc-auto-a-belluno-prezzi-in-calo-del-5\/","og_site_name":"Bellunopress - Dolomiti","article_publisher":"https:\/\/www.facebook.com\/profile.php?id=100008943462799","article_published_time":"2021-01-19T19:39:37+00:00","article_modified_time":"2021-01-19T19:39:38+00:00","og_image":[{"width":1000,"height":750,"url":"https:\/\/www.bellunopress.it\/wp-content\/uploads\/2021\/01\/piazza-piloni_edited.jpg","type":"image\/jpeg"}],"author":"redazione","twitter_card":"summary_large_image","twitter_creator":"@bellunopress","twitter_site":"@bellunopress","twitter_misc":{"\u00c9crit par":"redazione","Dur\u00e9e de lecture estim\u00e9e":"2 minutes"},"schema":{"@context":"https:\/\/schema.org","@graph":[{"@type":"Article","@id":"https:\/\/www.bellunopress.it\/2021\/01\/19\/rc-auto-a-belluno-prezzi-in-calo-del-5\/#article","isPartOf":{"@id":"https:\/\/www.bellunopress.it\/2021\/01\/19\/rc-auto-a-belluno-prezzi-in-calo-del-5\/"},"author":{"name":"redazione","@id":"https:\/\/www.bellunopress.it\/#\/schema\/person\/79bb06722b37ece1c03d3e94beb30d73"},"headline":"Rc auto: a Belluno prezzi in calo del 5%","datePublished":"2021-01-19T19:39:37+00:00","dateModified":"2021-01-19T19:39:38+00:00","mainEntityOfPage":{"@id":"https:\/\/www.bellunopress.it\/2021\/01\/19\/rc-auto-a-belluno-prezzi-in-calo-del-5\/"},"wordCount":318,"publisher":{"@id":"https:\/\/www.bellunopress.it\/#organization"},"image":{"@id":"https:\/\/www.bellunopress.it\/2021\/01\/19\/rc-auto-a-belluno-prezzi-in-calo-del-5\/#primaryimage"},"thumbnailUrl":"https:\/\/www.bellunopress.it\/wp-content\/uploads\/2021\/01\/piazza-piloni_edited.jpg","articleSection":["Prima Pagina","Societ\u00e0, Associazioni, Istituzioni"],"inLanguage":"fr-FR"},{"@type":"WebPage","@id":"https:\/\/www.bellunopress.it\/2021\/01\/19\/rc-auto-a-belluno-prezzi-in-calo-del-5\/","url":"https:\/\/www.bellunopress.it\/2021\/01\/19\/rc-auto-a-belluno-prezzi-in-calo-del-5\/","name":"Rc auto: a Belluno prezzi in calo del 5% - Bellunopress - Dolomiti","isPartOf":{"@id":"https:\/\/www.bellunopress.it\/#website"},"primaryImageOfPage":{"@id":"https:\/\/www.bellunopress.it\/2021\/01\/19\/rc-auto-a-belluno-prezzi-in-calo-del-5\/#primaryimage"},"image":{"@id":"https:\/\/www.bellunopress.it\/2021\/01\/19\/rc-auto-a-belluno-prezzi-in-calo-del-5\/#primaryimage"},"thumbnailUrl":"https:\/\/www.bellunopress.it\/wp-content\/uploads\/2021\/01\/piazza-piloni_edited.jpg","datePublished":"2021-01-19T19:39:37+00:00","dateModified":"2021-01-19T19:39:38+00:00","breadcrumb":{"@id":"https:\/\/www.bellunopress.it\/2021\/01\/19\/rc-auto-a-belluno-prezzi-in-calo-del-5\/#breadcrumb"},"inLanguage":"fr-FR","potentialAction":[{"@type":"ReadAction","target":["https:\/\/www.bellunopress.it\/2021\/01\/19\/rc-auto-a-belluno-prezzi-in-calo-del-5\/"]}]},{"@type":"ImageObject","inLanguage":"fr-FR","@id":"https:\/\/www.bellunopress.it\/2021\/01\/19\/rc-auto-a-belluno-prezzi-in-calo-del-5\/#primaryimage","url":"https:\/\/www.bellunopress.it\/wp-content\/uploads\/2021\/01\/piazza-piloni_edited.jpg","contentUrl":"https:\/\/www.bellunopress.it\/wp-content\/uploads\/2021\/01\/piazza-piloni_edited.jpg","width":1000,"height":750,"caption":"Belluno, Piazza Piloni"},{"@type":"BreadcrumbList","@id":"https:\/\/www.bellunopress.it\/2021\/01\/19\/rc-auto-a-belluno-prezzi-in-calo-del-5\/#breadcrumb","itemListElement":[{"@type":"ListItem","position":1,"name":"Home","item":"https:\/\/www.bellunopress.it\/"},{"@type":"ListItem","position":2,"name":"Rc auto: a Belluno prezzi in calo del 5%"}]},{"@type":"WebSite","@id":"https:\/\/www.bellunopress.it\/#website","url":"https:\/\/www.bellunopress.it\/","name":"Bellunopress - Dolomiti","description":"e-mail: redazione@bellunopress.it","publisher":{"@id":"https:\/\/www.bellunopress.it\/#organization"},"potentialAction":[{"@type":"SearchAction","target":{"@type":"EntryPoint","urlTemplate":"https:\/\/www.bellunopress.it\/?s={search_term_string}"},"query-input":{"@type":"PropertyValueSpecification","valueRequired":true,"valueName":"search_term_string"}}],"inLanguage":"fr-FR"},{"@type":"Organization","@id":"https:\/\/www.bellunopress.it\/#organization","name":"Bellunopress","url":"https:\/\/www.bellunopress.it\/","logo":{"@type":"ImageObject","inLanguage":"fr-FR","@id":"https:\/\/www.bellunopress.it\/#\/schema\/logo\/image\/","url":"https:\/\/www.bellunopress.it\/wp-content\/uploads\/2011\/05\/cropped-logo-bellunopress-.jpg","contentUrl":"https:\/\/www.bellunopress.it\/wp-content\/uploads\/2011\/05\/cropped-logo-bellunopress-.jpg","width":512,"height":512,"caption":"Bellunopress"},"image":{"@id":"https:\/\/www.bellunopress.it\/#\/schema\/logo\/image\/"},"sameAs":["https:\/\/www.facebook.com\/profile.php?id=100008943462799","https:\/\/x.com\/bellunopress","https:\/\/www.linkedin.com\/hp\/?dnr=JBzUWaJfMUw8vbXJJ2tVW5-I3jZKvC4wsoxE&amp;amp;amp;amp;amp;amp;trk=nav_responsive_tab_home","https:\/\/www.youtube.com\/channel\/UCxL0wu1uN0_3_7hGG0306cw"]},{"@type":"Person","@id":"https:\/\/www.bellunopress.it\/#\/schema\/person\/79bb06722b37ece1c03d3e94beb30d73","name":"r\u00e9daction","image":{"@type":"ImageObject","inLanguage":"fr-FR","@id":"https:\/\/secure.gravatar.com\/avatar\/37d968a2e67a6fd04c169c4bdef102d0bc5d31b2546345219e348575eb80e9a0?s=96&d=mm&r=g","url":"https:\/\/secure.gravatar.com\/avatar\/37d968a2e67a6fd04c169c4bdef102d0bc5d31b2546345219e348575eb80e9a0?s=96&d=mm&r=g","contentUrl":"https:\/\/secure.gravatar.com\/avatar\/37d968a2e67a6fd04c169c4bdef102d0bc5d31b2546345219e348575eb80e9a0?s=96&d=mm&r=g","caption":"redazione"},"sameAs":["http:\/\/www.bellunopress.it","https:\/\/x.com\/bellunopress"],"url":"https:\/\/www.bellunopress.it\/fr\/author\/redazione\/"}]}},"_links":{"self":[{"href":"https:\/\/www.bellunopress.it\/fr\/wp-json\/wp\/v2\/posts\/121020","targetHints":{"allow":["GET"]}}],"collection":[{"href":"https:\/\/www.bellunopress.it\/fr\/wp-json\/wp\/v2\/posts"}],"about":[{"href":"https:\/\/www.bellunopress.it\/fr\/wp-json\/wp\/v2\/types\/post"}],"author":[{"embeddable":true,"href":"https:\/\/www.bellunopress.it\/fr\/wp-json\/wp\/v2\/users\/2"}],"replies":[{"embeddable":true,"href":"https:\/\/www.bellunopress.it\/fr\/wp-json\/wp\/v2\/comments?post=121020"}],"version-history":[{"count":2,"href":"https:\/\/www.bellunopress.it\/fr\/wp-json\/wp\/v2\/posts\/121020\/revisions"}],"predecessor-version":[{"id":121023,"href":"https:\/\/www.bellunopress.it\/fr\/wp-json\/wp\/v2\/posts\/121020\/revisions\/121023"}],"wp:featuredmedia":[{"embeddable":true,"href":"https:\/\/www.bellunopress.it\/fr\/wp-json\/wp\/v2\/media\/121021"}],"wp:attachment":[{"href":"https:\/\/www.bellunopress.it\/fr\/wp-json\/wp\/v2\/media?parent=121020"}],"wp:term":[{"taxonomy":"category","embeddable":true,"href":"https:\/\/www.bellunopress.it\/fr\/wp-json\/wp\/v2\/categories?post=121020"},{"taxonomy":"post_tag","embeddable":true,"href":"https:\/\/www.bellunopress.it\/fr\/wp-json\/wp\/v2\/tags?post=121020"}],"curies":[{"name":"wp","href":"https:\/\/api.w.org\/{rel}","templated":true}]}}