{"id":121016,"date":"2021-01-19T20:00:29","date_gmt":"2021-01-19T19:00:29","guid":{"rendered":"http:\/\/www.bellunopress.it\/?p=121016"},"modified":"2021-01-19T20:04:53","modified_gmt":"2021-01-19T19:04:53","slug":"ulss-doloda-sabato-23-gennaio-via-alla-nuova-organizzazione-dei-drive-in-tamponi-per-larea-di-bellunomiti","status":"publish","type":"post","link":"https:\/\/www.bellunopress.it\/fr\/2021\/01\/19\/ulss-doloda-sabato-23-gennaio-via-alla-nuova-organizzazione-dei-drive-in-tamponi-per-larea-di-bellunomiti\/","title":{"rendered":"Ulss Dolomiti. Rallentamento epidemico. Da sabato 23 gennaio via alla nuova organizzazione dei drive-in tamponi per l\u2019area di Belluno"},"content":{"rendered":"<figure id=\"attachment_117220\" aria-describedby=\"caption-attachment-117220\" style=\"width: 800px\" class=\"wp-caption alignleft\"><a href=\"http:\/\/www.bellunopress.it\/fr\/2020\/08\/31\/covid-4-nuovi-positivi-tutti-negativi-i-197-screening-agli-insegnanti-via-alle-vaccinazioni-agli-ultra-65enni\/sierologico-feltre_edited\/\" rel=\"attachment wp-att-117220\"><img loading=\"lazy\" decoding=\"async\" class=\"size-full wp-image-117220\" src=\"http:\/\/www.bellunopress.it\/wp-content\/uploads\/2020\/08\/sierologico-Feltre_edited.jpg\" alt=\"\" width=\"800\" height=\"591\" srcset=\"https:\/\/www.bellunopress.it\/wp-content\/uploads\/2020\/08\/sierologico-Feltre_edited.jpg 800w, https:\/\/www.bellunopress.it\/wp-content\/uploads\/2020\/08\/sierologico-Feltre_edited-500x369.jpg 500w, https:\/\/www.bellunopress.it\/wp-content\/uploads\/2020\/08\/sierologico-Feltre_edited-696x514.jpg 696w, https:\/\/www.bellunopress.it\/wp-content\/uploads\/2020\/08\/sierologico-Feltre_edited-569x420.jpg 569w, https:\/\/www.bellunopress.it\/wp-content\/uploads\/2020\/08\/sierologico-Feltre_edited-80x60.jpg 80w\" sizes=\"auto, (max-width: 800px) 100vw, 800px\" \/><\/a><figcaption id=\"caption-attachment-117220\" class=\"wp-caption-text\">foto di repertorio<\/figcaption><\/figure>\n<p>Il rallentamento epidemico registrato nelle ultime settimane comporta una minor richiesta di esecuzione tamponi che consente una rimodulazione di orario.<\/p>\n<p>Per quanto attiene la logistica, considerato che i drive in dell\u2019ospedale San Martino sono i principali punti di riferimento per il piano vaccinale Covid dell\u2019area bellunese, \u00e8 stato deciso di spostare le aree dedicate ai tamponi in un contesto extraurbano, favorevole per viabilit\u00e0 e collocazione geografica. La zona\u00a0 allestita in questi giorni si trova in comune di Alpago, nella zona industriale di Paludi. La nuova struttura \u00e8 stata fortemente migliorata rispetto agli assetti precedenti anche al fine di garantire adeguate condizioni di confort e sicurezza per gli operatori.<\/p>\n<p>Dal 23 gennaio 2021, quindi, i drive-in tamponi dell\u2019Ulss Dolomiti saranno attivi nelle seguenti sedi ed orari:<\/p>\n<ul>\n<li>Distretto 1 Belluno<\/li>\n<\/ul>\n<ul>\n<li>Alpago &#8211; Zona Industriale PALUDI- via delle Industrie, 10 <a href=\"https:\/\/goo.gl\/maps\/gM9zpEKZbqJjrRxH7\">https:\/\/goo.gl\/maps\/gM9zpEKZbqJjrRxH7<\/a><\/li>\n<\/ul>\n<ul>\n<li>\n<ul>\n<li>\n<ul>\n<li>dal luned\u00ec al venerd\u00ec dalle 8.30 alle 17.30<\/li>\n<li>sabato\u00a0 e festivi dalle 8.30 alle 12.30<\/li>\n<\/ul>\n<\/li>\n<li>Tai di Cadore &#8211;\u00a0 Piazzale Dolomiti <a href=\"https:\/\/goo.gl\/maps\/Ppj5exMDNjEpn8XV6\">https:\/\/goo.gl\/maps\/Ppj5exMDNjEpn8XV6<\/a>\n<ul>\n<li>marted\u00ec, gioved\u00ec, sabato \u2013 dalle 15.00 alle 17.00<\/li>\n<\/ul>\n<\/li>\n<\/ul>\n<\/li>\n<\/ul>\n<ul>\n<li>Agordo -Piazzale Tamonich <a href=\"https:\/\/goo.gl\/maps\/3QDdyQWL3kw8pHUw5\">https:\/\/goo.gl\/maps\/3QDdyQWL3kw8pHUw5<\/a><\/li>\n<\/ul>\n<ul>\n<li>\n<ul>\n<li>\n<ul>\n<li>luned\u00ec, mercoled\u00ec, venerd\u00ec\u2013 dalle 15.00 alle 17.00<\/li>\n<\/ul>\n<\/li>\n<\/ul>\n<\/li>\n<li>Distretto 2 Feltre<\/li>\n<\/ul>\n<ul>\n<li>Feltre &#8211; Via delle Industrie \u2013 Peschiera (ex- Marangoni) <a href=\"https:\/\/goo.gl\/maps\/5WbQmhcwFjpyMXrPA\">https:\/\/goo.gl\/maps\/5WbQmhcwFjpyMXrPA<\/a><\/li>\n<\/ul>\n<ul>\n<li>\n<ul>\n<li>\n<ul>\n<li>dal luned\u00ec al sabato dalle 8.30 alle 12.30.<\/li>\n<\/ul>\n<\/li>\n<\/ul>\n<\/li>\n<\/ul>\n<p>In caso di allerta meteo della Protezione Civile, si consiglia di verificare l\u2019operativit\u00e0 dei drive-in nel sito <a href=\"http:\/\/www.aulss1.veneto.it\">www.aulss1.veneto.it<\/a>.<\/p>","protected":false},"excerpt":{"rendered":"<p>Il rallentamento epidemico registrato nelle ultime settimane comporta una minor richiesta di esecuzione tamponi che consente una rimodulazione di orario. Per quanto attiene la logistica, considerato che i drive in dell\u2019ospedale San Martino sono i principali punti di riferimento per il piano vaccinale Covid dell\u2019area bellunese, \u00e8 stato deciso di spostare le aree dedicate ai [&hellip;]<\/p>\n","protected":false},"author":2,"featured_media":117220,"comment_status":"closed","ping_status":"open","sticky":false,"template":"","format":"standard","meta":{"footnotes":""},"categories":[26,17],"tags":[],"class_list":["post-121016","post","type-post","status-publish","format-standard","has-post-thumbnail","category-prima-pagina","category-sanita"],"yoast_head":"<!-- This site is optimized with the Yoast SEO plugin v28.4 - https:\/\/yoast.com\/product\/yoast-seo-wordpress\/ -->\n<title>Ulss Dolomiti. Rallentamento epidemico. Da sabato 23 gennaio via alla nuova organizzazione dei drive-in tamponi per l\u2019area di Belluno - Bellunopress - Dolomiti<\/title>\n<meta name=\"robots\" content=\"index, follow, max-snippet:-1, max-image-preview:large, max-video-preview:-1\" \/>\n<link rel=\"canonical\" href=\"https:\/\/www.bellunopress.it\/fr\/2021\/01\/19\/ulss-doloda-sabato-23-gennaio-via-alla-nuova-organizzazione-dei-drive-in-tamponi-per-larea-di-bellunomiti\/\" \/>\n<meta property=\"og:locale\" content=\"fr_FR\" \/>\n<meta property=\"og:type\" content=\"article\" \/>\n<meta property=\"og:title\" content=\"Ulss Dolomiti. Rallentamento epidemico. Da sabato 23 gennaio via alla nuova organizzazione dei drive-in tamponi per l\u2019area di Belluno - Bellunopress - Dolomiti\" \/>\n<meta property=\"og:description\" content=\"Il rallentamento epidemico registrato nelle ultime settimane comporta una minor richiesta di esecuzione tamponi che consente una rimodulazione di orario. Per quanto attiene la logistica, considerato che i drive in dell\u2019ospedale San Martino sono i principali punti di riferimento per il piano vaccinale Covid dell\u2019area bellunese, \u00e8 stato deciso di spostare le aree dedicate ai [&hellip;]\" \/>\n<meta property=\"og:url\" content=\"https:\/\/www.bellunopress.it\/fr\/2021\/01\/19\/ulss-doloda-sabato-23-gennaio-via-alla-nuova-organizzazione-dei-drive-in-tamponi-per-larea-di-bellunomiti\/\" \/>\n<meta property=\"og:site_name\" content=\"Bellunopress - Dolomiti\" \/>\n<meta property=\"article:publisher\" content=\"https:\/\/www.facebook.com\/profile.php?id=100008943462799\" \/>\n<meta property=\"article:published_time\" content=\"2021-01-19T19:00:29+00:00\" \/>\n<meta property=\"article:modified_time\" content=\"2021-01-19T19:04:53+00:00\" \/>\n<meta property=\"og:image\" content=\"https:\/\/www.bellunopress.it\/wp-content\/uploads\/2020\/08\/sierologico-Feltre_edited.jpg\" \/>\n\t<meta property=\"og:image:width\" content=\"800\" \/>\n\t<meta property=\"og:image:height\" content=\"591\" \/>\n\t<meta property=\"og:image:type\" content=\"image\/jpeg\" \/>\n<meta name=\"author\" content=\"redazione\" \/>\n<meta name=\"twitter:card\" content=\"summary_large_image\" \/>\n<meta name=\"twitter:creator\" content=\"@bellunopress\" \/>\n<meta name=\"twitter:site\" content=\"@bellunopress\" \/>\n<meta name=\"twitter:label1\" content=\"\u00c9crit par\" \/>\n\t<meta name=\"twitter:data1\" content=\"redazione\" \/>\n\t<meta name=\"twitter:label2\" content=\"Dur\u00e9e de lecture estim\u00e9e\" \/>\n\t<meta name=\"twitter:data2\" content=\"1 minute\" \/>\n<script type=\"application\/ld+json\" class=\"yoast-schema-graph\">{\"@context\":\"https:\\\/\\\/schema.org\",\"@graph\":[{\"@type\":\"Article\",\"@id\":\"https:\\\/\\\/www.bellunopress.it\\\/2021\\\/01\\\/19\\\/ulss-doloda-sabato-23-gennaio-via-alla-nuova-organizzazione-dei-drive-in-tamponi-per-larea-di-bellunomiti\\\/#article\",\"isPartOf\":{\"@id\":\"https:\\\/\\\/www.bellunopress.it\\\/2021\\\/01\\\/19\\\/ulss-doloda-sabato-23-gennaio-via-alla-nuova-organizzazione-dei-drive-in-tamponi-per-larea-di-bellunomiti\\\/\"},\"author\":{\"name\":\"redazione\",\"@id\":\"https:\\\/\\\/www.bellunopress.it\\\/#\\\/schema\\\/person\\\/79bb06722b37ece1c03d3e94beb30d73\"},\"headline\":\"Ulss Dolomiti. Rallentamento epidemico. Da sabato 23 gennaio via alla nuova organizzazione dei drive-in tamponi per l\u2019area di Belluno\",\"datePublished\":\"2021-01-19T19:00:29+00:00\",\"dateModified\":\"2021-01-19T19:04:53+00:00\",\"mainEntityOfPage\":{\"@id\":\"https:\\\/\\\/www.bellunopress.it\\\/2021\\\/01\\\/19\\\/ulss-doloda-sabato-23-gennaio-via-alla-nuova-organizzazione-dei-drive-in-tamponi-per-larea-di-bellunomiti\\\/\"},\"wordCount\":256,\"publisher\":{\"@id\":\"https:\\\/\\\/www.bellunopress.it\\\/#organization\"},\"image\":{\"@id\":\"https:\\\/\\\/www.bellunopress.it\\\/2021\\\/01\\\/19\\\/ulss-doloda-sabato-23-gennaio-via-alla-nuova-organizzazione-dei-drive-in-tamponi-per-larea-di-bellunomiti\\\/#primaryimage\"},\"thumbnailUrl\":\"https:\\\/\\\/www.bellunopress.it\\\/wp-content\\\/uploads\\\/2020\\\/08\\\/sierologico-Feltre_edited.jpg\",\"articleSection\":[\"Prima Pagina\",\"Sanit\u00e0 Medicina\"],\"inLanguage\":\"fr-FR\"},{\"@type\":\"WebPage\",\"@id\":\"https:\\\/\\\/www.bellunopress.it\\\/2021\\\/01\\\/19\\\/ulss-doloda-sabato-23-gennaio-via-alla-nuova-organizzazione-dei-drive-in-tamponi-per-larea-di-bellunomiti\\\/\",\"url\":\"https:\\\/\\\/www.bellunopress.it\\\/2021\\\/01\\\/19\\\/ulss-doloda-sabato-23-gennaio-via-alla-nuova-organizzazione-dei-drive-in-tamponi-per-larea-di-bellunomiti\\\/\",\"name\":\"Ulss Dolomiti. Rallentamento epidemico. Da sabato 23 gennaio via alla nuova organizzazione dei drive-in tamponi per l\u2019area di Belluno - Bellunopress - Dolomiti\",\"isPartOf\":{\"@id\":\"https:\\\/\\\/www.bellunopress.it\\\/#website\"},\"primaryImageOfPage\":{\"@id\":\"https:\\\/\\\/www.bellunopress.it\\\/2021\\\/01\\\/19\\\/ulss-doloda-sabato-23-gennaio-via-alla-nuova-organizzazione-dei-drive-in-tamponi-per-larea-di-bellunomiti\\\/#primaryimage\"},\"image\":{\"@id\":\"https:\\\/\\\/www.bellunopress.it\\\/2021\\\/01\\\/19\\\/ulss-doloda-sabato-23-gennaio-via-alla-nuova-organizzazione-dei-drive-in-tamponi-per-larea-di-bellunomiti\\\/#primaryimage\"},\"thumbnailUrl\":\"https:\\\/\\\/www.bellunopress.it\\\/wp-content\\\/uploads\\\/2020\\\/08\\\/sierologico-Feltre_edited.jpg\",\"datePublished\":\"2021-01-19T19:00:29+00:00\",\"dateModified\":\"2021-01-19T19:04:53+00:00\",\"breadcrumb\":{\"@id\":\"https:\\\/\\\/www.bellunopress.it\\\/2021\\\/01\\\/19\\\/ulss-doloda-sabato-23-gennaio-via-alla-nuova-organizzazione-dei-drive-in-tamponi-per-larea-di-bellunomiti\\\/#breadcrumb\"},\"inLanguage\":\"fr-FR\",\"potentialAction\":[{\"@type\":\"ReadAction\",\"target\":[\"https:\\\/\\\/www.bellunopress.it\\\/2021\\\/01\\\/19\\\/ulss-doloda-sabato-23-gennaio-via-alla-nuova-organizzazione-dei-drive-in-tamponi-per-larea-di-bellunomiti\\\/\"]}]},{\"@type\":\"ImageObject\",\"inLanguage\":\"fr-FR\",\"@id\":\"https:\\\/\\\/www.bellunopress.it\\\/2021\\\/01\\\/19\\\/ulss-doloda-sabato-23-gennaio-via-alla-nuova-organizzazione-dei-drive-in-tamponi-per-larea-di-bellunomiti\\\/#primaryimage\",\"url\":\"https:\\\/\\\/www.bellunopress.it\\\/wp-content\\\/uploads\\\/2020\\\/08\\\/sierologico-Feltre_edited.jpg\",\"contentUrl\":\"https:\\\/\\\/www.bellunopress.it\\\/wp-content\\\/uploads\\\/2020\\\/08\\\/sierologico-Feltre_edited.jpg\",\"width\":800,\"height\":591,\"caption\":\"foto di repertorio\"},{\"@type\":\"BreadcrumbList\",\"@id\":\"https:\\\/\\\/www.bellunopress.it\\\/2021\\\/01\\\/19\\\/ulss-doloda-sabato-23-gennaio-via-alla-nuova-organizzazione-dei-drive-in-tamponi-per-larea-di-bellunomiti\\\/#breadcrumb\",\"itemListElement\":[{\"@type\":\"ListItem\",\"position\":1,\"name\":\"Home\",\"item\":\"https:\\\/\\\/www.bellunopress.it\\\/\"},{\"@type\":\"ListItem\",\"position\":2,\"name\":\"Ulss Dolomiti. Rallentamento epidemico. Da sabato 23 gennaio via alla nuova organizzazione dei drive-in tamponi per l\u2019area di Belluno\"}]},{\"@type\":\"WebSite\",\"@id\":\"https:\\\/\\\/www.bellunopress.it\\\/#website\",\"url\":\"https:\\\/\\\/www.bellunopress.it\\\/\",\"name\":\"Bellunopress - Dolomiti\",\"description\":\"e-mail: redazione@bellunopress.it\",\"publisher\":{\"@id\":\"https:\\\/\\\/www.bellunopress.it\\\/#organization\"},\"potentialAction\":[{\"@type\":\"SearchAction\",\"target\":{\"@type\":\"EntryPoint\",\"urlTemplate\":\"https:\\\/\\\/www.bellunopress.it\\\/?s={search_term_string}\"},\"query-input\":{\"@type\":\"PropertyValueSpecification\",\"valueRequired\":true,\"valueName\":\"search_term_string\"}}],\"inLanguage\":\"fr-FR\"},{\"@type\":\"Organization\",\"@id\":\"https:\\\/\\\/www.bellunopress.it\\\/#organization\",\"name\":\"Bellunopress\",\"url\":\"https:\\\/\\\/www.bellunopress.it\\\/\",\"logo\":{\"@type\":\"ImageObject\",\"inLanguage\":\"fr-FR\",\"@id\":\"https:\\\/\\\/www.bellunopress.it\\\/#\\\/schema\\\/logo\\\/image\\\/\",\"url\":\"https:\\\/\\\/www.bellunopress.it\\\/wp-content\\\/uploads\\\/2011\\\/05\\\/cropped-logo-bellunopress-.jpg\",\"contentUrl\":\"https:\\\/\\\/www.bellunopress.it\\\/wp-content\\\/uploads\\\/2011\\\/05\\\/cropped-logo-bellunopress-.jpg\",\"width\":512,\"height\":512,\"caption\":\"Bellunopress\"},\"image\":{\"@id\":\"https:\\\/\\\/www.bellunopress.it\\\/#\\\/schema\\\/logo\\\/image\\\/\"},\"sameAs\":[\"https:\\\/\\\/www.facebook.com\\\/profile.php?id=100008943462799\",\"https:\\\/\\\/x.com\\\/bellunopress\",\"https:\\\/\\\/www.linkedin.com\\\/hp\\\/?dnr=JBzUWaJfMUw8vbXJJ2tVW5-I3jZKvC4wsoxE&amp;amp;amp;amp;amp;amp;trk=nav_responsive_tab_home\",\"https:\\\/\\\/www.youtube.com\\\/channel\\\/UCxL0wu1uN0_3_7hGG0306cw\"]},{\"@type\":\"Person\",\"@id\":\"https:\\\/\\\/www.bellunopress.it\\\/#\\\/schema\\\/person\\\/79bb06722b37ece1c03d3e94beb30d73\",\"name\":\"redazione\",\"image\":{\"@type\":\"ImageObject\",\"inLanguage\":\"fr-FR\",\"@id\":\"https:\\\/\\\/secure.gravatar.com\\\/avatar\\\/37d968a2e67a6fd04c169c4bdef102d0bc5d31b2546345219e348575eb80e9a0?s=96&d=mm&r=g\",\"url\":\"https:\\\/\\\/secure.gravatar.com\\\/avatar\\\/37d968a2e67a6fd04c169c4bdef102d0bc5d31b2546345219e348575eb80e9a0?s=96&d=mm&r=g\",\"contentUrl\":\"https:\\\/\\\/secure.gravatar.com\\\/avatar\\\/37d968a2e67a6fd04c169c4bdef102d0bc5d31b2546345219e348575eb80e9a0?s=96&d=mm&r=g\",\"caption\":\"redazione\"},\"sameAs\":[\"http:\\\/\\\/www.bellunopress.it\",\"https:\\\/\\\/x.com\\\/bellunopress\"],\"url\":\"https:\\\/\\\/www.bellunopress.it\\\/fr\\\/author\\\/redazione\\\/\"}]}<\/script>\n<!-- \/ Yoast SEO plugin. -->","yoast_head_json":{"title":"Ulss Dolomiti. Rallentamento epidemico. Da sabato 23 gennaio via alla nuova organizzazione dei drive-in tamponi per l\u2019area di Belluno - Bellunopress - Dolomiti","robots":{"index":"index","follow":"follow","max-snippet":"max-snippet:-1","max-image-preview":"max-image-preview:large","max-video-preview":"max-video-preview:-1"},"canonical":"https:\/\/www.bellunopress.it\/fr\/2021\/01\/19\/ulss-doloda-sabato-23-gennaio-via-alla-nuova-organizzazione-dei-drive-in-tamponi-per-larea-di-bellunomiti\/","og_locale":"fr_FR","og_type":"article","og_title":"Ulss Dolomiti. Rallentamento epidemico. Da sabato 23 gennaio via alla nuova organizzazione dei drive-in tamponi per l\u2019area di Belluno - Bellunopress - Dolomiti","og_description":"Il rallentamento epidemico registrato nelle ultime settimane comporta una minor richiesta di esecuzione tamponi che consente una rimodulazione di orario. Per quanto attiene la logistica, considerato che i drive in dell\u2019ospedale San Martino sono i principali punti di riferimento per il piano vaccinale Covid dell\u2019area bellunese, \u00e8 stato deciso di spostare le aree dedicate ai [&hellip;]","og_url":"https:\/\/www.bellunopress.it\/fr\/2021\/01\/19\/ulss-doloda-sabato-23-gennaio-via-alla-nuova-organizzazione-dei-drive-in-tamponi-per-larea-di-bellunomiti\/","og_site_name":"Bellunopress - Dolomiti","article_publisher":"https:\/\/www.facebook.com\/profile.php?id=100008943462799","article_published_time":"2021-01-19T19:00:29+00:00","article_modified_time":"2021-01-19T19:04:53+00:00","og_image":[{"width":800,"height":591,"url":"https:\/\/www.bellunopress.it\/wp-content\/uploads\/2020\/08\/sierologico-Feltre_edited.jpg","type":"image\/jpeg"}],"author":"redazione","twitter_card":"summary_large_image","twitter_creator":"@bellunopress","twitter_site":"@bellunopress","twitter_misc":{"\u00c9crit par":"redazione","Dur\u00e9e de lecture estim\u00e9e":"1 minute"},"schema":{"@context":"https:\/\/schema.org","@graph":[{"@type":"Article","@id":"https:\/\/www.bellunopress.it\/2021\/01\/19\/ulss-doloda-sabato-23-gennaio-via-alla-nuova-organizzazione-dei-drive-in-tamponi-per-larea-di-bellunomiti\/#article","isPartOf":{"@id":"https:\/\/www.bellunopress.it\/2021\/01\/19\/ulss-doloda-sabato-23-gennaio-via-alla-nuova-organizzazione-dei-drive-in-tamponi-per-larea-di-bellunomiti\/"},"author":{"name":"redazione","@id":"https:\/\/www.bellunopress.it\/#\/schema\/person\/79bb06722b37ece1c03d3e94beb30d73"},"headline":"Ulss Dolomiti. Rallentamento epidemico. Da sabato 23 gennaio via alla nuova organizzazione dei drive-in tamponi per l\u2019area di Belluno","datePublished":"2021-01-19T19:00:29+00:00","dateModified":"2021-01-19T19:04:53+00:00","mainEntityOfPage":{"@id":"https:\/\/www.bellunopress.it\/2021\/01\/19\/ulss-doloda-sabato-23-gennaio-via-alla-nuova-organizzazione-dei-drive-in-tamponi-per-larea-di-bellunomiti\/"},"wordCount":256,"publisher":{"@id":"https:\/\/www.bellunopress.it\/#organization"},"image":{"@id":"https:\/\/www.bellunopress.it\/2021\/01\/19\/ulss-doloda-sabato-23-gennaio-via-alla-nuova-organizzazione-dei-drive-in-tamponi-per-larea-di-bellunomiti\/#primaryimage"},"thumbnailUrl":"https:\/\/www.bellunopress.it\/wp-content\/uploads\/2020\/08\/sierologico-Feltre_edited.jpg","articleSection":["Prima Pagina","Sanit\u00e0 Medicina"],"inLanguage":"fr-FR"},{"@type":"WebPage","@id":"https:\/\/www.bellunopress.it\/2021\/01\/19\/ulss-doloda-sabato-23-gennaio-via-alla-nuova-organizzazione-dei-drive-in-tamponi-per-larea-di-bellunomiti\/","url":"https:\/\/www.bellunopress.it\/2021\/01\/19\/ulss-doloda-sabato-23-gennaio-via-alla-nuova-organizzazione-dei-drive-in-tamponi-per-larea-di-bellunomiti\/","name":"Ulss Dolomiti. Rallentamento epidemico. Da sabato 23 gennaio via alla nuova organizzazione dei drive-in tamponi per l\u2019area di Belluno - Bellunopress - Dolomiti","isPartOf":{"@id":"https:\/\/www.bellunopress.it\/#website"},"primaryImageOfPage":{"@id":"https:\/\/www.bellunopress.it\/2021\/01\/19\/ulss-doloda-sabato-23-gennaio-via-alla-nuova-organizzazione-dei-drive-in-tamponi-per-larea-di-bellunomiti\/#primaryimage"},"image":{"@id":"https:\/\/www.bellunopress.it\/2021\/01\/19\/ulss-doloda-sabato-23-gennaio-via-alla-nuova-organizzazione-dei-drive-in-tamponi-per-larea-di-bellunomiti\/#primaryimage"},"thumbnailUrl":"https:\/\/www.bellunopress.it\/wp-content\/uploads\/2020\/08\/sierologico-Feltre_edited.jpg","datePublished":"2021-01-19T19:00:29+00:00","dateModified":"2021-01-19T19:04:53+00:00","breadcrumb":{"@id":"https:\/\/www.bellunopress.it\/2021\/01\/19\/ulss-doloda-sabato-23-gennaio-via-alla-nuova-organizzazione-dei-drive-in-tamponi-per-larea-di-bellunomiti\/#breadcrumb"},"inLanguage":"fr-FR","potentialAction":[{"@type":"ReadAction","target":["https:\/\/www.bellunopress.it\/2021\/01\/19\/ulss-doloda-sabato-23-gennaio-via-alla-nuova-organizzazione-dei-drive-in-tamponi-per-larea-di-bellunomiti\/"]}]},{"@type":"ImageObject","inLanguage":"fr-FR","@id":"https:\/\/www.bellunopress.it\/2021\/01\/19\/ulss-doloda-sabato-23-gennaio-via-alla-nuova-organizzazione-dei-drive-in-tamponi-per-larea-di-bellunomiti\/#primaryimage","url":"https:\/\/www.bellunopress.it\/wp-content\/uploads\/2020\/08\/sierologico-Feltre_edited.jpg","contentUrl":"https:\/\/www.bellunopress.it\/wp-content\/uploads\/2020\/08\/sierologico-Feltre_edited.jpg","width":800,"height":591,"caption":"foto di repertorio"},{"@type":"BreadcrumbList","@id":"https:\/\/www.bellunopress.it\/2021\/01\/19\/ulss-doloda-sabato-23-gennaio-via-alla-nuova-organizzazione-dei-drive-in-tamponi-per-larea-di-bellunomiti\/#breadcrumb","itemListElement":[{"@type":"ListItem","position":1,"name":"Home","item":"https:\/\/www.bellunopress.it\/"},{"@type":"ListItem","position":2,"name":"Ulss Dolomiti. Rallentamento epidemico. Da sabato 23 gennaio via alla nuova organizzazione dei drive-in tamponi per l\u2019area di Belluno"}]},{"@type":"WebSite","@id":"https:\/\/www.bellunopress.it\/#website","url":"https:\/\/www.bellunopress.it\/","name":"Bellunopress - Dolomiti","description":"e-mail: redazione@bellunopress.it","publisher":{"@id":"https:\/\/www.bellunopress.it\/#organization"},"potentialAction":[{"@type":"SearchAction","target":{"@type":"EntryPoint","urlTemplate":"https:\/\/www.bellunopress.it\/?s={search_term_string}"},"query-input":{"@type":"PropertyValueSpecification","valueRequired":true,"valueName":"search_term_string"}}],"inLanguage":"fr-FR"},{"@type":"Organization","@id":"https:\/\/www.bellunopress.it\/#organization","name":"Bellunopress","url":"https:\/\/www.bellunopress.it\/","logo":{"@type":"ImageObject","inLanguage":"fr-FR","@id":"https:\/\/www.bellunopress.it\/#\/schema\/logo\/image\/","url":"https:\/\/www.bellunopress.it\/wp-content\/uploads\/2011\/05\/cropped-logo-bellunopress-.jpg","contentUrl":"https:\/\/www.bellunopress.it\/wp-content\/uploads\/2011\/05\/cropped-logo-bellunopress-.jpg","width":512,"height":512,"caption":"Bellunopress"},"image":{"@id":"https:\/\/www.bellunopress.it\/#\/schema\/logo\/image\/"},"sameAs":["https:\/\/www.facebook.com\/profile.php?id=100008943462799","https:\/\/x.com\/bellunopress","https:\/\/www.linkedin.com\/hp\/?dnr=JBzUWaJfMUw8vbXJJ2tVW5-I3jZKvC4wsoxE&amp;amp;amp;amp;amp;amp;trk=nav_responsive_tab_home","https:\/\/www.youtube.com\/channel\/UCxL0wu1uN0_3_7hGG0306cw"]},{"@type":"Person","@id":"https:\/\/www.bellunopress.it\/#\/schema\/person\/79bb06722b37ece1c03d3e94beb30d73","name":"r\u00e9daction","image":{"@type":"ImageObject","inLanguage":"fr-FR","@id":"https:\/\/secure.gravatar.com\/avatar\/37d968a2e67a6fd04c169c4bdef102d0bc5d31b2546345219e348575eb80e9a0?s=96&d=mm&r=g","url":"https:\/\/secure.gravatar.com\/avatar\/37d968a2e67a6fd04c169c4bdef102d0bc5d31b2546345219e348575eb80e9a0?s=96&d=mm&r=g","contentUrl":"https:\/\/secure.gravatar.com\/avatar\/37d968a2e67a6fd04c169c4bdef102d0bc5d31b2546345219e348575eb80e9a0?s=96&d=mm&r=g","caption":"redazione"},"sameAs":["http:\/\/www.bellunopress.it","https:\/\/x.com\/bellunopress"],"url":"https:\/\/www.bellunopress.it\/fr\/author\/redazione\/"}]}},"_links":{"self":[{"href":"https:\/\/www.bellunopress.it\/fr\/wp-json\/wp\/v2\/posts\/121016","targetHints":{"allow":["GET"]}}],"collection":[{"href":"https:\/\/www.bellunopress.it\/fr\/wp-json\/wp\/v2\/posts"}],"about":[{"href":"https:\/\/www.bellunopress.it\/fr\/wp-json\/wp\/v2\/types\/post"}],"author":[{"embeddable":true,"href":"https:\/\/www.bellunopress.it\/fr\/wp-json\/wp\/v2\/users\/2"}],"replies":[{"embeddable":true,"href":"https:\/\/www.bellunopress.it\/fr\/wp-json\/wp\/v2\/comments?post=121016"}],"version-history":[{"count":3,"href":"https:\/\/www.bellunopress.it\/fr\/wp-json\/wp\/v2\/posts\/121016\/revisions"}],"predecessor-version":[{"id":121019,"href":"https:\/\/www.bellunopress.it\/fr\/wp-json\/wp\/v2\/posts\/121016\/revisions\/121019"}],"wp:featuredmedia":[{"embeddable":true,"href":"https:\/\/www.bellunopress.it\/fr\/wp-json\/wp\/v2\/media\/117220"}],"wp:attachment":[{"href":"https:\/\/www.bellunopress.it\/fr\/wp-json\/wp\/v2\/media?parent=121016"}],"wp:term":[{"taxonomy":"category","embeddable":true,"href":"https:\/\/www.bellunopress.it\/fr\/wp-json\/wp\/v2\/categories?post=121016"},{"taxonomy":"post_tag","embeddable":true,"href":"https:\/\/www.bellunopress.it\/fr\/wp-json\/wp\/v2\/tags?post=121016"}],"curies":[{"name":"wp","href":"https:\/\/api.w.org\/{rel}","templated":true}]}}