{"id":121014,"date":"2021-01-19T18:54:13","date_gmt":"2021-01-19T17:54:13","guid":{"rendered":"http:\/\/www.bellunopress.it\/?p=121014"},"modified":"2021-01-19T18:54:13","modified_gmt":"2021-01-19T17:54:13","slug":"premio-rodolfo-sonego-iscrizioni-entro-il-7-febbraio-2021","status":"publish","type":"post","link":"https:\/\/www.bellunopress.it\/fr\/2021\/01\/19\/premio-rodolfo-sonego-iscrizioni-entro-il-7-febbraio-2021\/","title":{"rendered":"Premio Rodolfo Sonego, iscrizioni entro il 7 Febbraio 2021"},"content":{"rendered":"<p><a href=\"http:\/\/www.bellunopress.it\/fr\/2020\/09\/02\/premio-rodolfo-sonego-workshop-formativo-per-i-9-finalisti-del-concorso-di-sceneggiatura-dal-3-al-7-settembre-a-casa-fabbri-di-solighetto\/premio-rodolfo-sonego-2020_edited\/\" rel=\"attachment wp-att-117279\"><img loading=\"lazy\" decoding=\"async\" class=\"alignleft size-full wp-image-117279\" src=\"http:\/\/www.bellunopress.it\/wp-content\/uploads\/2020\/09\/premio-rodolfo-sonego-2020_edited.jpg\" alt=\"\" width=\"425\" height=\"546\" srcset=\"https:\/\/www.bellunopress.it\/wp-content\/uploads\/2020\/09\/premio-rodolfo-sonego-2020_edited.jpg 425w, https:\/\/www.bellunopress.it\/wp-content\/uploads\/2020\/09\/premio-rodolfo-sonego-2020_edited-389x500.jpg 389w, https:\/\/www.bellunopress.it\/wp-content\/uploads\/2020\/09\/premio-rodolfo-sonego-2020_edited-327x420.jpg 327w\" sizes=\"auto, (max-width: 425px) 100vw, 425px\" \/><\/a>Il Premio Rodolfo Sonego &#8211; il concorso per sceneggiature di cortometraggi creato da Lago Film Fest con la collaborazione di Scuola Holden (Torino) &#8211; ha gi\u00e0 scaldato i motori della sua tredicesima edizione.<\/p>\n<p>Se il 2020 \u00e8 stato un anno di sperimentazione che ha permesso al Premio Sonego di uscire dal perimetro del Lago Film Fest, in cui era nato e cresciuto per undici edizioni, il 2021 sar\u00e0 un&#8217;annata d&#8217;eccezione in cui il concorso potr\u00e0 presentarsi con nuove vesti, accuratamente cucite dai suoi organizzatori ormai convinti che questo sia l&#8217;anno della maturit\u00e0.<\/p>\n<p>Una partnership importante infatti, quella tra Piattaforma Lago &#8211; gi\u00e0 organizzatrice del Lago Film Fest &#8211; e Fondazione Francesco Fabbri di Pieve di Soligo (TV), ha permesso al concorso di ampliare il palinsesto dell&#8217;offerta formativa dedicata ai 9 finalisti, che li vedr\u00e0 ora al lavoro per nove mesi in quattro citt\u00e0 italiane.<\/p>\n<p>Ma quali sono le tappe di quello che, assieme al Solinas, si configura come il pi\u00f9 importante concorso per sceneggiatori italiani?<\/p>\n<p>Si parte con lo Spring Camp, 3 giornate dedicate alla rielaborazione delle sceneggiature con l&#8217;aiuto dei tutor professionisti Claudio di Biagio, Aaron Ariotti e Chiara Laudani, avr\u00e0 luogo dal 16 al 18 aprile 2021 presso la stessa Fondazione Fabbri.<\/p>\n<p>Il secondo appuntamento, il Summer Camp: tre giorni di perfezionamento all&#8217;interno dei Barefoot Industry Days della diciassettesima edizione del Lago Film Fest (23 luglio &#8211; 1\u00b0 agosto, Revine Lago TV), una rassegna di workshop, incontri e dibattiti, oltre che il primo momento di incontro tra produttori e sceneggiatori. Sar\u00e0 poi il momento dei pitch.<\/p>\n<p>Alla Mostra Internazionale d&#8217;arte cinematografica di Venezia, infatti, i nove finalisti presenteranno le proprie storie ad una platea di produttori nazionali con l&#8217;obiettivo di stimolare un primo accordo d&#8217;interesse.<\/p>\n<p>Arrivati all&#8217;ultimo miglio del percorso sar\u00e0 il momento di aprire le sceneggiature al panorama internazionale e presentarsi al Torino Short Film Market di novembre, con il proprio script tradotto ed il pitch adattato in lingua inglese.<\/p>\n<p>Al termine della giornata di incontri con i produttori internazionali verr\u00e0 annunciato il vincitore.<\/p>\n<p>Per rendere ancor pi\u00f9 ricco il percorso formativo \u00e8 stato istituito anche il Cloud Camp: un laboratorio virtuale, attivo in remoto per tutta la durata del concorso, dove i finalisti potranno incontrare dei mentor che gli seguiranno nella preparazione e presentazione dei pitch, sia in italiano che in inglese, attraverso degli incontri online sia in gruppo che one o one.<\/p>\n<p>Nell&#8217;anno del centenario dell&#8217;autore a cui \u00e8 dedicato, il Premio Sonego chiede ai candidati di confrontarsi sul tema de &#8220;Il cinema secondo Sonego&#8221; suddiviso in tre sottotemi: il\/la perdente, la coppia e il viaggio in terre straniere, figure e situazioni che Sonego ha utilizzato per raccontare uno spaccato della nostra Italia.<\/p>\n<p>Per chi non l&#8217;avesse ancora fatto, il momento di iscriversi \u00e8 arrivato.<\/p>\n<p>Fino al 7 febbraio 2021 \u00e8 possibile presentare la propria sceneggiatura in lingua italiana collegandosi al sito www.premiosonego.it.<\/p>\n<p>Il vincitore ricever\u00e0 l&#8217;invito a partecipare come giurato all&#8217;edizione 2022 del Premio Sonego e un premio speciale da parte della Scuola Holden: un buono per un corso, valido per tutto il 2022 e altri benefit in via di definizione.<\/p>\n<p>Il concorso di sceneggiatura Rodolfo Sonego \u00e8 un progetto di Lago Film Fest, nato in collaborazione con la scuola Holden di Alessandro Baricco e realizzato con il sostegno del MIBACT e il patrocinio della Regione del Veneto.<\/p>","protected":false},"excerpt":{"rendered":"<p>Il Premio Rodolfo Sonego &#8211; il concorso per sceneggiature di cortometraggi creato da Lago Film Fest con la collaborazione di Scuola Holden (Torino) &#8211; ha gi\u00e0 scaldato i motori della sua tredicesima edizione. Se il 2020 \u00e8 stato un anno di sperimentazione che ha permesso al Premio Sonego di uscire dal perimetro del Lago Film [&hellip;]<\/p>\n","protected":false},"author":2,"featured_media":117279,"comment_status":"closed","ping_status":"open","sticky":false,"template":"","format":"standard","meta":{"footnotes":""},"categories":[27,3,25],"tags":[],"class_list":["post-121014","post","type-post","status-publish","format-standard","has-post-thumbnail","category-appuntamenti","category-arte-cultura-spettacoli-scienza-archivi","category-pausa-caffe"],"yoast_head":"<!-- This site is optimized with the Yoast SEO plugin v28.4 - https:\/\/yoast.com\/product\/yoast-seo-wordpress\/ -->\n<title>Premio Rodolfo Sonego, iscrizioni entro il 7 Febbraio 2021 - Bellunopress - Dolomiti<\/title>\n<meta name=\"robots\" content=\"index, follow, max-snippet:-1, max-image-preview:large, max-video-preview:-1\" \/>\n<link rel=\"canonical\" href=\"https:\/\/www.bellunopress.it\/fr\/2021\/01\/19\/premio-rodolfo-sonego-iscrizioni-entro-il-7-febbraio-2021\/\" \/>\n<meta property=\"og:locale\" content=\"fr_FR\" \/>\n<meta property=\"og:type\" content=\"article\" \/>\n<meta property=\"og:title\" content=\"Premio Rodolfo Sonego, iscrizioni entro il 7 Febbraio 2021 - Bellunopress - Dolomiti\" \/>\n<meta property=\"og:description\" content=\"Il Premio Rodolfo Sonego &#8211; il concorso per sceneggiature di cortometraggi creato da Lago Film Fest con la collaborazione di Scuola Holden (Torino) &#8211; ha gi\u00e0 scaldato i motori della sua tredicesima edizione. Se il 2020 \u00e8 stato un anno di sperimentazione che ha permesso al Premio Sonego di uscire dal perimetro del Lago Film [&hellip;]\" \/>\n<meta property=\"og:url\" content=\"https:\/\/www.bellunopress.it\/fr\/2021\/01\/19\/premio-rodolfo-sonego-iscrizioni-entro-il-7-febbraio-2021\/\" \/>\n<meta property=\"og:site_name\" content=\"Bellunopress - Dolomiti\" \/>\n<meta property=\"article:publisher\" content=\"https:\/\/www.facebook.com\/profile.php?id=100008943462799\" \/>\n<meta property=\"article:published_time\" content=\"2021-01-19T17:54:13+00:00\" \/>\n<meta property=\"og:image\" content=\"https:\/\/www.bellunopress.it\/wp-content\/uploads\/2020\/09\/premio-rodolfo-sonego-2020_edited.jpg\" \/>\n\t<meta property=\"og:image:width\" content=\"425\" \/>\n\t<meta property=\"og:image:height\" content=\"546\" \/>\n\t<meta property=\"og:image:type\" content=\"image\/jpeg\" \/>\n<meta name=\"author\" content=\"redazione\" \/>\n<meta name=\"twitter:card\" content=\"summary_large_image\" \/>\n<meta name=\"twitter:creator\" content=\"@bellunopress\" \/>\n<meta name=\"twitter:site\" content=\"@bellunopress\" \/>\n<meta name=\"twitter:label1\" content=\"\u00c9crit par\" \/>\n\t<meta name=\"twitter:data1\" content=\"redazione\" \/>\n\t<meta name=\"twitter:label2\" content=\"Dur\u00e9e de lecture estim\u00e9e\" \/>\n\t<meta name=\"twitter:data2\" content=\"3 minutes\" \/>\n<script type=\"application\/ld+json\" class=\"yoast-schema-graph\">{\"@context\":\"https:\\\/\\\/schema.org\",\"@graph\":[{\"@type\":\"Article\",\"@id\":\"https:\\\/\\\/www.bellunopress.it\\\/2021\\\/01\\\/19\\\/premio-rodolfo-sonego-iscrizioni-entro-il-7-febbraio-2021\\\/#article\",\"isPartOf\":{\"@id\":\"https:\\\/\\\/www.bellunopress.it\\\/2021\\\/01\\\/19\\\/premio-rodolfo-sonego-iscrizioni-entro-il-7-febbraio-2021\\\/\"},\"author\":{\"name\":\"redazione\",\"@id\":\"https:\\\/\\\/www.bellunopress.it\\\/#\\\/schema\\\/person\\\/79bb06722b37ece1c03d3e94beb30d73\"},\"headline\":\"Premio Rodolfo Sonego, iscrizioni entro il 7 Febbraio 2021\",\"datePublished\":\"2021-01-19T17:54:13+00:00\",\"mainEntityOfPage\":{\"@id\":\"https:\\\/\\\/www.bellunopress.it\\\/2021\\\/01\\\/19\\\/premio-rodolfo-sonego-iscrizioni-entro-il-7-febbraio-2021\\\/\"},\"wordCount\":560,\"publisher\":{\"@id\":\"https:\\\/\\\/www.bellunopress.it\\\/#organization\"},\"image\":{\"@id\":\"https:\\\/\\\/www.bellunopress.it\\\/2021\\\/01\\\/19\\\/premio-rodolfo-sonego-iscrizioni-entro-il-7-febbraio-2021\\\/#primaryimage\"},\"thumbnailUrl\":\"https:\\\/\\\/www.bellunopress.it\\\/wp-content\\\/uploads\\\/2020\\\/09\\\/premio-rodolfo-sonego-2020_edited.jpg\",\"articleSection\":[\"Appuntamenti, Eventi\",\"Arte, Cultura, Spettacoli, Scienza\",\"Pausa Caff\u00e8\"],\"inLanguage\":\"fr-FR\"},{\"@type\":\"WebPage\",\"@id\":\"https:\\\/\\\/www.bellunopress.it\\\/2021\\\/01\\\/19\\\/premio-rodolfo-sonego-iscrizioni-entro-il-7-febbraio-2021\\\/\",\"url\":\"https:\\\/\\\/www.bellunopress.it\\\/2021\\\/01\\\/19\\\/premio-rodolfo-sonego-iscrizioni-entro-il-7-febbraio-2021\\\/\",\"name\":\"Premio Rodolfo Sonego, iscrizioni entro il 7 Febbraio 2021 - Bellunopress - Dolomiti\",\"isPartOf\":{\"@id\":\"https:\\\/\\\/www.bellunopress.it\\\/#website\"},\"primaryImageOfPage\":{\"@id\":\"https:\\\/\\\/www.bellunopress.it\\\/2021\\\/01\\\/19\\\/premio-rodolfo-sonego-iscrizioni-entro-il-7-febbraio-2021\\\/#primaryimage\"},\"image\":{\"@id\":\"https:\\\/\\\/www.bellunopress.it\\\/2021\\\/01\\\/19\\\/premio-rodolfo-sonego-iscrizioni-entro-il-7-febbraio-2021\\\/#primaryimage\"},\"thumbnailUrl\":\"https:\\\/\\\/www.bellunopress.it\\\/wp-content\\\/uploads\\\/2020\\\/09\\\/premio-rodolfo-sonego-2020_edited.jpg\",\"datePublished\":\"2021-01-19T17:54:13+00:00\",\"breadcrumb\":{\"@id\":\"https:\\\/\\\/www.bellunopress.it\\\/2021\\\/01\\\/19\\\/premio-rodolfo-sonego-iscrizioni-entro-il-7-febbraio-2021\\\/#breadcrumb\"},\"inLanguage\":\"fr-FR\",\"potentialAction\":[{\"@type\":\"ReadAction\",\"target\":[\"https:\\\/\\\/www.bellunopress.it\\\/2021\\\/01\\\/19\\\/premio-rodolfo-sonego-iscrizioni-entro-il-7-febbraio-2021\\\/\"]}]},{\"@type\":\"ImageObject\",\"inLanguage\":\"fr-FR\",\"@id\":\"https:\\\/\\\/www.bellunopress.it\\\/2021\\\/01\\\/19\\\/premio-rodolfo-sonego-iscrizioni-entro-il-7-febbraio-2021\\\/#primaryimage\",\"url\":\"https:\\\/\\\/www.bellunopress.it\\\/wp-content\\\/uploads\\\/2020\\\/09\\\/premio-rodolfo-sonego-2020_edited.jpg\",\"contentUrl\":\"https:\\\/\\\/www.bellunopress.it\\\/wp-content\\\/uploads\\\/2020\\\/09\\\/premio-rodolfo-sonego-2020_edited.jpg\",\"width\":425,\"height\":546},{\"@type\":\"BreadcrumbList\",\"@id\":\"https:\\\/\\\/www.bellunopress.it\\\/2021\\\/01\\\/19\\\/premio-rodolfo-sonego-iscrizioni-entro-il-7-febbraio-2021\\\/#breadcrumb\",\"itemListElement\":[{\"@type\":\"ListItem\",\"position\":1,\"name\":\"Home\",\"item\":\"https:\\\/\\\/www.bellunopress.it\\\/\"},{\"@type\":\"ListItem\",\"position\":2,\"name\":\"Premio Rodolfo Sonego, iscrizioni entro il 7 Febbraio 2021\"}]},{\"@type\":\"WebSite\",\"@id\":\"https:\\\/\\\/www.bellunopress.it\\\/#website\",\"url\":\"https:\\\/\\\/www.bellunopress.it\\\/\",\"name\":\"Bellunopress - Dolomiti\",\"description\":\"e-mail: redazione@bellunopress.it\",\"publisher\":{\"@id\":\"https:\\\/\\\/www.bellunopress.it\\\/#organization\"},\"potentialAction\":[{\"@type\":\"SearchAction\",\"target\":{\"@type\":\"EntryPoint\",\"urlTemplate\":\"https:\\\/\\\/www.bellunopress.it\\\/?s={search_term_string}\"},\"query-input\":{\"@type\":\"PropertyValueSpecification\",\"valueRequired\":true,\"valueName\":\"search_term_string\"}}],\"inLanguage\":\"fr-FR\"},{\"@type\":\"Organization\",\"@id\":\"https:\\\/\\\/www.bellunopress.it\\\/#organization\",\"name\":\"Bellunopress\",\"url\":\"https:\\\/\\\/www.bellunopress.it\\\/\",\"logo\":{\"@type\":\"ImageObject\",\"inLanguage\":\"fr-FR\",\"@id\":\"https:\\\/\\\/www.bellunopress.it\\\/#\\\/schema\\\/logo\\\/image\\\/\",\"url\":\"https:\\\/\\\/www.bellunopress.it\\\/wp-content\\\/uploads\\\/2011\\\/05\\\/cropped-logo-bellunopress-.jpg\",\"contentUrl\":\"https:\\\/\\\/www.bellunopress.it\\\/wp-content\\\/uploads\\\/2011\\\/05\\\/cropped-logo-bellunopress-.jpg\",\"width\":512,\"height\":512,\"caption\":\"Bellunopress\"},\"image\":{\"@id\":\"https:\\\/\\\/www.bellunopress.it\\\/#\\\/schema\\\/logo\\\/image\\\/\"},\"sameAs\":[\"https:\\\/\\\/www.facebook.com\\\/profile.php?id=100008943462799\",\"https:\\\/\\\/x.com\\\/bellunopress\",\"https:\\\/\\\/www.linkedin.com\\\/hp\\\/?dnr=JBzUWaJfMUw8vbXJJ2tVW5-I3jZKvC4wsoxE&amp;amp;amp;amp;amp;amp;trk=nav_responsive_tab_home\",\"https:\\\/\\\/www.youtube.com\\\/channel\\\/UCxL0wu1uN0_3_7hGG0306cw\"]},{\"@type\":\"Person\",\"@id\":\"https:\\\/\\\/www.bellunopress.it\\\/#\\\/schema\\\/person\\\/79bb06722b37ece1c03d3e94beb30d73\",\"name\":\"redazione\",\"image\":{\"@type\":\"ImageObject\",\"inLanguage\":\"fr-FR\",\"@id\":\"https:\\\/\\\/secure.gravatar.com\\\/avatar\\\/37d968a2e67a6fd04c169c4bdef102d0bc5d31b2546345219e348575eb80e9a0?s=96&d=mm&r=g\",\"url\":\"https:\\\/\\\/secure.gravatar.com\\\/avatar\\\/37d968a2e67a6fd04c169c4bdef102d0bc5d31b2546345219e348575eb80e9a0?s=96&d=mm&r=g\",\"contentUrl\":\"https:\\\/\\\/secure.gravatar.com\\\/avatar\\\/37d968a2e67a6fd04c169c4bdef102d0bc5d31b2546345219e348575eb80e9a0?s=96&d=mm&r=g\",\"caption\":\"redazione\"},\"sameAs\":[\"http:\\\/\\\/www.bellunopress.it\",\"https:\\\/\\\/x.com\\\/bellunopress\"],\"url\":\"https:\\\/\\\/www.bellunopress.it\\\/fr\\\/author\\\/redazione\\\/\"}]}<\/script>\n<!-- \/ Yoast SEO plugin. -->","yoast_head_json":{"title":"Premio Rodolfo Sonego, iscrizioni entro il 7 Febbraio 2021 - Bellunopress - Dolomiti","robots":{"index":"index","follow":"follow","max-snippet":"max-snippet:-1","max-image-preview":"max-image-preview:large","max-video-preview":"max-video-preview:-1"},"canonical":"https:\/\/www.bellunopress.it\/fr\/2021\/01\/19\/premio-rodolfo-sonego-iscrizioni-entro-il-7-febbraio-2021\/","og_locale":"fr_FR","og_type":"article","og_title":"Premio Rodolfo Sonego, iscrizioni entro il 7 Febbraio 2021 - Bellunopress - Dolomiti","og_description":"Il Premio Rodolfo Sonego &#8211; il concorso per sceneggiature di cortometraggi creato da Lago Film Fest con la collaborazione di Scuola Holden (Torino) &#8211; ha gi\u00e0 scaldato i motori della sua tredicesima edizione. Se il 2020 \u00e8 stato un anno di sperimentazione che ha permesso al Premio Sonego di uscire dal perimetro del Lago Film [&hellip;]","og_url":"https:\/\/www.bellunopress.it\/fr\/2021\/01\/19\/premio-rodolfo-sonego-iscrizioni-entro-il-7-febbraio-2021\/","og_site_name":"Bellunopress - Dolomiti","article_publisher":"https:\/\/www.facebook.com\/profile.php?id=100008943462799","article_published_time":"2021-01-19T17:54:13+00:00","og_image":[{"width":425,"height":546,"url":"https:\/\/www.bellunopress.it\/wp-content\/uploads\/2020\/09\/premio-rodolfo-sonego-2020_edited.jpg","type":"image\/jpeg"}],"author":"redazione","twitter_card":"summary_large_image","twitter_creator":"@bellunopress","twitter_site":"@bellunopress","twitter_misc":{"\u00c9crit par":"redazione","Dur\u00e9e de lecture estim\u00e9e":"3 minutes"},"schema":{"@context":"https:\/\/schema.org","@graph":[{"@type":"Article","@id":"https:\/\/www.bellunopress.it\/2021\/01\/19\/premio-rodolfo-sonego-iscrizioni-entro-il-7-febbraio-2021\/#article","isPartOf":{"@id":"https:\/\/www.bellunopress.it\/2021\/01\/19\/premio-rodolfo-sonego-iscrizioni-entro-il-7-febbraio-2021\/"},"author":{"name":"redazione","@id":"https:\/\/www.bellunopress.it\/#\/schema\/person\/79bb06722b37ece1c03d3e94beb30d73"},"headline":"Premio Rodolfo Sonego, iscrizioni entro il 7 Febbraio 2021","datePublished":"2021-01-19T17:54:13+00:00","mainEntityOfPage":{"@id":"https:\/\/www.bellunopress.it\/2021\/01\/19\/premio-rodolfo-sonego-iscrizioni-entro-il-7-febbraio-2021\/"},"wordCount":560,"publisher":{"@id":"https:\/\/www.bellunopress.it\/#organization"},"image":{"@id":"https:\/\/www.bellunopress.it\/2021\/01\/19\/premio-rodolfo-sonego-iscrizioni-entro-il-7-febbraio-2021\/#primaryimage"},"thumbnailUrl":"https:\/\/www.bellunopress.it\/wp-content\/uploads\/2020\/09\/premio-rodolfo-sonego-2020_edited.jpg","articleSection":["Appuntamenti, Eventi","Arte, Cultura, Spettacoli, Scienza","Pausa Caff\u00e8"],"inLanguage":"fr-FR"},{"@type":"WebPage","@id":"https:\/\/www.bellunopress.it\/2021\/01\/19\/premio-rodolfo-sonego-iscrizioni-entro-il-7-febbraio-2021\/","url":"https:\/\/www.bellunopress.it\/2021\/01\/19\/premio-rodolfo-sonego-iscrizioni-entro-il-7-febbraio-2021\/","name":"Premio Rodolfo Sonego, iscrizioni entro il 7 Febbraio 2021 - Bellunopress - Dolomiti","isPartOf":{"@id":"https:\/\/www.bellunopress.it\/#website"},"primaryImageOfPage":{"@id":"https:\/\/www.bellunopress.it\/2021\/01\/19\/premio-rodolfo-sonego-iscrizioni-entro-il-7-febbraio-2021\/#primaryimage"},"image":{"@id":"https:\/\/www.bellunopress.it\/2021\/01\/19\/premio-rodolfo-sonego-iscrizioni-entro-il-7-febbraio-2021\/#primaryimage"},"thumbnailUrl":"https:\/\/www.bellunopress.it\/wp-content\/uploads\/2020\/09\/premio-rodolfo-sonego-2020_edited.jpg","datePublished":"2021-01-19T17:54:13+00:00","breadcrumb":{"@id":"https:\/\/www.bellunopress.it\/2021\/01\/19\/premio-rodolfo-sonego-iscrizioni-entro-il-7-febbraio-2021\/#breadcrumb"},"inLanguage":"fr-FR","potentialAction":[{"@type":"ReadAction","target":["https:\/\/www.bellunopress.it\/2021\/01\/19\/premio-rodolfo-sonego-iscrizioni-entro-il-7-febbraio-2021\/"]}]},{"@type":"ImageObject","inLanguage":"fr-FR","@id":"https:\/\/www.bellunopress.it\/2021\/01\/19\/premio-rodolfo-sonego-iscrizioni-entro-il-7-febbraio-2021\/#primaryimage","url":"https:\/\/www.bellunopress.it\/wp-content\/uploads\/2020\/09\/premio-rodolfo-sonego-2020_edited.jpg","contentUrl":"https:\/\/www.bellunopress.it\/wp-content\/uploads\/2020\/09\/premio-rodolfo-sonego-2020_edited.jpg","width":425,"height":546},{"@type":"BreadcrumbList","@id":"https:\/\/www.bellunopress.it\/2021\/01\/19\/premio-rodolfo-sonego-iscrizioni-entro-il-7-febbraio-2021\/#breadcrumb","itemListElement":[{"@type":"ListItem","position":1,"name":"Home","item":"https:\/\/www.bellunopress.it\/"},{"@type":"ListItem","position":2,"name":"Premio Rodolfo Sonego, iscrizioni entro il 7 Febbraio 2021"}]},{"@type":"WebSite","@id":"https:\/\/www.bellunopress.it\/#website","url":"https:\/\/www.bellunopress.it\/","name":"Bellunopress - Dolomiti","description":"e-mail: redazione@bellunopress.it","publisher":{"@id":"https:\/\/www.bellunopress.it\/#organization"},"potentialAction":[{"@type":"SearchAction","target":{"@type":"EntryPoint","urlTemplate":"https:\/\/www.bellunopress.it\/?s={search_term_string}"},"query-input":{"@type":"PropertyValueSpecification","valueRequired":true,"valueName":"search_term_string"}}],"inLanguage":"fr-FR"},{"@type":"Organization","@id":"https:\/\/www.bellunopress.it\/#organization","name":"Bellunopress","url":"https:\/\/www.bellunopress.it\/","logo":{"@type":"ImageObject","inLanguage":"fr-FR","@id":"https:\/\/www.bellunopress.it\/#\/schema\/logo\/image\/","url":"https:\/\/www.bellunopress.it\/wp-content\/uploads\/2011\/05\/cropped-logo-bellunopress-.jpg","contentUrl":"https:\/\/www.bellunopress.it\/wp-content\/uploads\/2011\/05\/cropped-logo-bellunopress-.jpg","width":512,"height":512,"caption":"Bellunopress"},"image":{"@id":"https:\/\/www.bellunopress.it\/#\/schema\/logo\/image\/"},"sameAs":["https:\/\/www.facebook.com\/profile.php?id=100008943462799","https:\/\/x.com\/bellunopress","https:\/\/www.linkedin.com\/hp\/?dnr=JBzUWaJfMUw8vbXJJ2tVW5-I3jZKvC4wsoxE&amp;amp;amp;amp;amp;amp;trk=nav_responsive_tab_home","https:\/\/www.youtube.com\/channel\/UCxL0wu1uN0_3_7hGG0306cw"]},{"@type":"Person","@id":"https:\/\/www.bellunopress.it\/#\/schema\/person\/79bb06722b37ece1c03d3e94beb30d73","name":"r\u00e9daction","image":{"@type":"ImageObject","inLanguage":"fr-FR","@id":"https:\/\/secure.gravatar.com\/avatar\/37d968a2e67a6fd04c169c4bdef102d0bc5d31b2546345219e348575eb80e9a0?s=96&d=mm&r=g","url":"https:\/\/secure.gravatar.com\/avatar\/37d968a2e67a6fd04c169c4bdef102d0bc5d31b2546345219e348575eb80e9a0?s=96&d=mm&r=g","contentUrl":"https:\/\/secure.gravatar.com\/avatar\/37d968a2e67a6fd04c169c4bdef102d0bc5d31b2546345219e348575eb80e9a0?s=96&d=mm&r=g","caption":"redazione"},"sameAs":["http:\/\/www.bellunopress.it","https:\/\/x.com\/bellunopress"],"url":"https:\/\/www.bellunopress.it\/fr\/author\/redazione\/"}]}},"_links":{"self":[{"href":"https:\/\/www.bellunopress.it\/fr\/wp-json\/wp\/v2\/posts\/121014","targetHints":{"allow":["GET"]}}],"collection":[{"href":"https:\/\/www.bellunopress.it\/fr\/wp-json\/wp\/v2\/posts"}],"about":[{"href":"https:\/\/www.bellunopress.it\/fr\/wp-json\/wp\/v2\/types\/post"}],"author":[{"embeddable":true,"href":"https:\/\/www.bellunopress.it\/fr\/wp-json\/wp\/v2\/users\/2"}],"replies":[{"embeddable":true,"href":"https:\/\/www.bellunopress.it\/fr\/wp-json\/wp\/v2\/comments?post=121014"}],"version-history":[{"count":1,"href":"https:\/\/www.bellunopress.it\/fr\/wp-json\/wp\/v2\/posts\/121014\/revisions"}],"predecessor-version":[{"id":121015,"href":"https:\/\/www.bellunopress.it\/fr\/wp-json\/wp\/v2\/posts\/121014\/revisions\/121015"}],"wp:featuredmedia":[{"embeddable":true,"href":"https:\/\/www.bellunopress.it\/fr\/wp-json\/wp\/v2\/media\/117279"}],"wp:attachment":[{"href":"https:\/\/www.bellunopress.it\/fr\/wp-json\/wp\/v2\/media?parent=121014"}],"wp:term":[{"taxonomy":"category","embeddable":true,"href":"https:\/\/www.bellunopress.it\/fr\/wp-json\/wp\/v2\/categories?post=121014"},{"taxonomy":"post_tag","embeddable":true,"href":"https:\/\/www.bellunopress.it\/fr\/wp-json\/wp\/v2\/tags?post=121014"}],"curies":[{"name":"wp","href":"https:\/\/api.w.org\/{rel}","templated":true}]}}