{"id":121012,"date":"2021-01-19T14:43:31","date_gmt":"2021-01-19T13:43:31","guid":{"rendered":"http:\/\/www.bellunopress.it\/?p=121012"},"modified":"2021-01-19T14:43:31","modified_gmt":"2021-01-19T13:43:31","slug":"maltempo-di-inizio-dicembre-il-comune-di-belluno-segnala-danni-per-16-milioni","status":"publish","type":"post","link":"https:\/\/www.bellunopress.it\/fr\/2021\/01\/19\/maltempo-di-inizio-dicembre-il-comune-di-belluno-segnala-danni-per-16-milioni\/","title":{"rendered":"Maltempo di inizio dicembre. Il Comune di Belluno segnala danni per 1,6 milioni"},"content":{"rendered":"<figure id=\"attachment_117913\" aria-describedby=\"caption-attachment-117913\" style=\"width: 800px\" class=\"wp-caption alignleft\"><a href=\"http:\/\/www.bellunopress.it\/fr\/2020\/09\/25\/nevegal-massaro-gli-impianti-potranno-essere-trasferiti-al-comune-solo-se-si-trovera-un-gestore\/jacopo-massaro_edited\/\" rel=\"attachment wp-att-117913\"><img loading=\"lazy\" decoding=\"async\" class=\"size-full wp-image-117913\" src=\"http:\/\/www.bellunopress.it\/wp-content\/uploads\/2020\/09\/Jacopo-Massaro_edited.jpg\" alt=\"\" width=\"800\" height=\"575\" srcset=\"https:\/\/www.bellunopress.it\/wp-content\/uploads\/2020\/09\/Jacopo-Massaro_edited.jpg 800w, https:\/\/www.bellunopress.it\/wp-content\/uploads\/2020\/09\/Jacopo-Massaro_edited-500x359.jpg 500w, https:\/\/www.bellunopress.it\/wp-content\/uploads\/2020\/09\/Jacopo-Massaro_edited-696x500.jpg 696w, https:\/\/www.bellunopress.it\/wp-content\/uploads\/2020\/09\/Jacopo-Massaro_edited-584x420.jpg 584w\" sizes=\"auto, (max-width: 800px) 100vw, 800px\" \/><\/a><figcaption id=\"caption-attachment-117913\" class=\"wp-caption-text\">Jacopo Massaro &#8211; Sindaco di Belluno<\/figcaption><\/figure>\n<p>Ammonta a poco meno di 1,6 milioni di euro (per la precisione 1.583.800 euro) la conta dei danni segnalati dal Comune di Belluno alla Regione Veneto in seguito all&#8217;ondata di maltempo registrata tra il 4 e il 9 dicembre scorsi e per la quale \u00e8 stato dichiarato lo stato di crisi.<br \/>\nTredici gli interventi segnalati dall&#8217;amministrazione: due, gi\u00e0 conclusi, interessano la localit\u00e0 di Pra de Luni, dove si \u00e8 intervenuti con lavori di somma urgenza gi\u00e0 nei giorni del forte maltempo per rimuovere uno smottamento che aveva di fatto isolato alcune abitazioni.<br \/>\nGli altri interventi sono tutti su frana e sono localizzati in diverse aree del territorio comunale: Pra de Luni, Cet, Cirvoi, Visome, (lavori di difesa idraulica e geologica, per un totale di 690mila euro); a questi, si aggiunge l&#8217;aggravamento della situazione di Via San Francesco (100mila euro).<\/p>\n<p>Altri lavori, questa volta sulle infrastrutture viarie, sono necessari a Tassei (dove la frana ha interessato una propriet\u00e0 privata, ma dove si interviene per interesse pubblico visto che \u00e8 stato coinvolto anche il sistema di convogliamento delle acque verso la piana di Valmorel; intervento da 300mila euro), Via delle Valli (tra l\u2019abitato di Piandelmonte e il ponte sul torrente Cicogna; 290mila euro), Piandelmonte, Vezzano, Via Miari e Via Medil.<br \/>\nNon sono invece pervenute richieste da parte di soggetti privati o da attivit\u00e0 economiche.<\/p>\n<p>\u00abVa sottolineato \u2013 sottolinea il sindaco Jacopo Massaro \u2013 come queste risorse siano solamente quelle necessarie per assegnare i lavori a ditte esterne. Ci sono poi i costi che abbiamo sostenuto e sosterremo con i nostri operai, i nostri mezzi e le nostre progettazioni interne; tutto questo non pu\u00f2 essere rendicontato, ma si tratta comunque di una spesa molto pesante\u00bb.<br \/>\n\u00abGli eventi meteorologici continuano a mettere in ginocchio il nostro territorio: &#8211; aggiunge Massaro \u2013 ogni volta che c&#8217;\u00e8 un&#8217;emergenza, pioggia o neve, infatti, emergono tutte le sue criticit\u00e0. Abbiamo per\u00f2 anche visto che, con le risorse economiche e di personale attualmente a disposizione dei comuni, \u00e8 quasi impossibile fronteggiare situazioni di carattere emergenziale: \u00e8 una condizione sulla quale bisogna intervenire con azioni legislative forti perch\u00e9 non \u00e8 possibile continuare in questa situazione\u00bb.<\/p>","protected":false},"excerpt":{"rendered":"<p>Ammonta a poco meno di 1,6 milioni di euro (per la precisione 1.583.800 euro) la conta dei danni segnalati dal Comune di Belluno alla Regione Veneto in seguito all&#8217;ondata di maltempo registrata tra il 4 e il 9 dicembre scorsi e per la quale \u00e8 stato dichiarato lo stato di crisi. Tredici gli interventi segnalati [&hellip;]<\/p>\n","protected":false},"author":2,"featured_media":117913,"comment_status":"closed","ping_status":"open","sticky":false,"template":"","format":"standard","meta":{"footnotes":""},"categories":[5,26,8],"tags":[],"class_list":["post-121012","post","type-post","status-publish","format-standard","has-post-thumbnail","category-cronaca","category-prima-pagina","category-societa-istituzioni"],"yoast_head":"<!-- This site is optimized with the Yoast SEO plugin v28.4 - https:\/\/yoast.com\/product\/yoast-seo-wordpress\/ -->\n<title>Maltempo di inizio dicembre. Il Comune di Belluno segnala danni per 1,6 milioni - Bellunopress - Dolomiti<\/title>\n<meta name=\"robots\" content=\"index, follow, max-snippet:-1, max-image-preview:large, max-video-preview:-1\" \/>\n<link rel=\"canonical\" href=\"https:\/\/www.bellunopress.it\/fr\/2021\/01\/19\/maltempo-di-inizio-dicembre-il-comune-di-belluno-segnala-danni-per-16-milioni\/\" \/>\n<meta property=\"og:locale\" content=\"fr_FR\" \/>\n<meta property=\"og:type\" content=\"article\" \/>\n<meta property=\"og:title\" content=\"Maltempo di inizio dicembre. Il Comune di Belluno segnala danni per 1,6 milioni - Bellunopress - Dolomiti\" \/>\n<meta property=\"og:description\" content=\"Ammonta a poco meno di 1,6 milioni di euro (per la precisione 1.583.800 euro) la conta dei danni segnalati dal Comune di Belluno alla Regione Veneto in seguito all&#8217;ondata di maltempo registrata tra il 4 e il 9 dicembre scorsi e per la quale \u00e8 stato dichiarato lo stato di crisi. Tredici gli interventi segnalati [&hellip;]\" \/>\n<meta property=\"og:url\" content=\"https:\/\/www.bellunopress.it\/fr\/2021\/01\/19\/maltempo-di-inizio-dicembre-il-comune-di-belluno-segnala-danni-per-16-milioni\/\" \/>\n<meta property=\"og:site_name\" content=\"Bellunopress - Dolomiti\" \/>\n<meta property=\"article:publisher\" content=\"https:\/\/www.facebook.com\/profile.php?id=100008943462799\" \/>\n<meta property=\"article:published_time\" content=\"2021-01-19T13:43:31+00:00\" \/>\n<meta property=\"og:image\" content=\"https:\/\/www.bellunopress.it\/wp-content\/uploads\/2020\/09\/Jacopo-Massaro_edited.jpg\" \/>\n\t<meta property=\"og:image:width\" content=\"800\" \/>\n\t<meta property=\"og:image:height\" content=\"575\" \/>\n\t<meta property=\"og:image:type\" content=\"image\/jpeg\" \/>\n<meta name=\"author\" content=\"redazione\" \/>\n<meta name=\"twitter:card\" content=\"summary_large_image\" \/>\n<meta name=\"twitter:creator\" content=\"@bellunopress\" \/>\n<meta name=\"twitter:site\" content=\"@bellunopress\" \/>\n<meta name=\"twitter:label1\" content=\"\u00c9crit par\" \/>\n\t<meta name=\"twitter:data1\" content=\"redazione\" \/>\n\t<meta name=\"twitter:label2\" content=\"Dur\u00e9e de lecture estim\u00e9e\" \/>\n\t<meta name=\"twitter:data2\" content=\"2 minutes\" \/>\n<script type=\"application\/ld+json\" class=\"yoast-schema-graph\">{\"@context\":\"https:\\\/\\\/schema.org\",\"@graph\":[{\"@type\":\"Article\",\"@id\":\"https:\\\/\\\/www.bellunopress.it\\\/2021\\\/01\\\/19\\\/maltempo-di-inizio-dicembre-il-comune-di-belluno-segnala-danni-per-16-milioni\\\/#article\",\"isPartOf\":{\"@id\":\"https:\\\/\\\/www.bellunopress.it\\\/2021\\\/01\\\/19\\\/maltempo-di-inizio-dicembre-il-comune-di-belluno-segnala-danni-per-16-milioni\\\/\"},\"author\":{\"name\":\"redazione\",\"@id\":\"https:\\\/\\\/www.bellunopress.it\\\/#\\\/schema\\\/person\\\/79bb06722b37ece1c03d3e94beb30d73\"},\"headline\":\"Maltempo di inizio dicembre. Il Comune di Belluno segnala danni per 1,6 milioni\",\"datePublished\":\"2021-01-19T13:43:31+00:00\",\"mainEntityOfPage\":{\"@id\":\"https:\\\/\\\/www.bellunopress.it\\\/2021\\\/01\\\/19\\\/maltempo-di-inizio-dicembre-il-comune-di-belluno-segnala-danni-per-16-milioni\\\/\"},\"wordCount\":372,\"publisher\":{\"@id\":\"https:\\\/\\\/www.bellunopress.it\\\/#organization\"},\"image\":{\"@id\":\"https:\\\/\\\/www.bellunopress.it\\\/2021\\\/01\\\/19\\\/maltempo-di-inizio-dicembre-il-comune-di-belluno-segnala-danni-per-16-milioni\\\/#primaryimage\"},\"thumbnailUrl\":\"https:\\\/\\\/www.bellunopress.it\\\/wp-content\\\/uploads\\\/2020\\\/09\\\/Jacopo-Massaro_edited.jpg\",\"articleSection\":[\"Cronaca\\\/Politica\",\"Prima Pagina\",\"Societ\u00e0, Associazioni, Istituzioni\"],\"inLanguage\":\"fr-FR\"},{\"@type\":\"WebPage\",\"@id\":\"https:\\\/\\\/www.bellunopress.it\\\/2021\\\/01\\\/19\\\/maltempo-di-inizio-dicembre-il-comune-di-belluno-segnala-danni-per-16-milioni\\\/\",\"url\":\"https:\\\/\\\/www.bellunopress.it\\\/2021\\\/01\\\/19\\\/maltempo-di-inizio-dicembre-il-comune-di-belluno-segnala-danni-per-16-milioni\\\/\",\"name\":\"Maltempo di inizio dicembre. Il Comune di Belluno segnala danni per 1,6 milioni - Bellunopress - Dolomiti\",\"isPartOf\":{\"@id\":\"https:\\\/\\\/www.bellunopress.it\\\/#website\"},\"primaryImageOfPage\":{\"@id\":\"https:\\\/\\\/www.bellunopress.it\\\/2021\\\/01\\\/19\\\/maltempo-di-inizio-dicembre-il-comune-di-belluno-segnala-danni-per-16-milioni\\\/#primaryimage\"},\"image\":{\"@id\":\"https:\\\/\\\/www.bellunopress.it\\\/2021\\\/01\\\/19\\\/maltempo-di-inizio-dicembre-il-comune-di-belluno-segnala-danni-per-16-milioni\\\/#primaryimage\"},\"thumbnailUrl\":\"https:\\\/\\\/www.bellunopress.it\\\/wp-content\\\/uploads\\\/2020\\\/09\\\/Jacopo-Massaro_edited.jpg\",\"datePublished\":\"2021-01-19T13:43:31+00:00\",\"breadcrumb\":{\"@id\":\"https:\\\/\\\/www.bellunopress.it\\\/2021\\\/01\\\/19\\\/maltempo-di-inizio-dicembre-il-comune-di-belluno-segnala-danni-per-16-milioni\\\/#breadcrumb\"},\"inLanguage\":\"fr-FR\",\"potentialAction\":[{\"@type\":\"ReadAction\",\"target\":[\"https:\\\/\\\/www.bellunopress.it\\\/2021\\\/01\\\/19\\\/maltempo-di-inizio-dicembre-il-comune-di-belluno-segnala-danni-per-16-milioni\\\/\"]}]},{\"@type\":\"ImageObject\",\"inLanguage\":\"fr-FR\",\"@id\":\"https:\\\/\\\/www.bellunopress.it\\\/2021\\\/01\\\/19\\\/maltempo-di-inizio-dicembre-il-comune-di-belluno-segnala-danni-per-16-milioni\\\/#primaryimage\",\"url\":\"https:\\\/\\\/www.bellunopress.it\\\/wp-content\\\/uploads\\\/2020\\\/09\\\/Jacopo-Massaro_edited.jpg\",\"contentUrl\":\"https:\\\/\\\/www.bellunopress.it\\\/wp-content\\\/uploads\\\/2020\\\/09\\\/Jacopo-Massaro_edited.jpg\",\"width\":800,\"height\":575,\"caption\":\"Jacopo Massaro - gi\u00e0 sindaco di Belluno\"},{\"@type\":\"BreadcrumbList\",\"@id\":\"https:\\\/\\\/www.bellunopress.it\\\/2021\\\/01\\\/19\\\/maltempo-di-inizio-dicembre-il-comune-di-belluno-segnala-danni-per-16-milioni\\\/#breadcrumb\",\"itemListElement\":[{\"@type\":\"ListItem\",\"position\":1,\"name\":\"Home\",\"item\":\"https:\\\/\\\/www.bellunopress.it\\\/\"},{\"@type\":\"ListItem\",\"position\":2,\"name\":\"Maltempo di inizio dicembre. Il Comune di Belluno segnala danni per 1,6 milioni\"}]},{\"@type\":\"WebSite\",\"@id\":\"https:\\\/\\\/www.bellunopress.it\\\/#website\",\"url\":\"https:\\\/\\\/www.bellunopress.it\\\/\",\"name\":\"Bellunopress - Dolomiti\",\"description\":\"e-mail: redazione@bellunopress.it\",\"publisher\":{\"@id\":\"https:\\\/\\\/www.bellunopress.it\\\/#organization\"},\"potentialAction\":[{\"@type\":\"SearchAction\",\"target\":{\"@type\":\"EntryPoint\",\"urlTemplate\":\"https:\\\/\\\/www.bellunopress.it\\\/?s={search_term_string}\"},\"query-input\":{\"@type\":\"PropertyValueSpecification\",\"valueRequired\":true,\"valueName\":\"search_term_string\"}}],\"inLanguage\":\"fr-FR\"},{\"@type\":\"Organization\",\"@id\":\"https:\\\/\\\/www.bellunopress.it\\\/#organization\",\"name\":\"Bellunopress\",\"url\":\"https:\\\/\\\/www.bellunopress.it\\\/\",\"logo\":{\"@type\":\"ImageObject\",\"inLanguage\":\"fr-FR\",\"@id\":\"https:\\\/\\\/www.bellunopress.it\\\/#\\\/schema\\\/logo\\\/image\\\/\",\"url\":\"https:\\\/\\\/www.bellunopress.it\\\/wp-content\\\/uploads\\\/2011\\\/05\\\/cropped-logo-bellunopress-.jpg\",\"contentUrl\":\"https:\\\/\\\/www.bellunopress.it\\\/wp-content\\\/uploads\\\/2011\\\/05\\\/cropped-logo-bellunopress-.jpg\",\"width\":512,\"height\":512,\"caption\":\"Bellunopress\"},\"image\":{\"@id\":\"https:\\\/\\\/www.bellunopress.it\\\/#\\\/schema\\\/logo\\\/image\\\/\"},\"sameAs\":[\"https:\\\/\\\/www.facebook.com\\\/profile.php?id=100008943462799\",\"https:\\\/\\\/x.com\\\/bellunopress\",\"https:\\\/\\\/www.linkedin.com\\\/hp\\\/?dnr=JBzUWaJfMUw8vbXJJ2tVW5-I3jZKvC4wsoxE&amp;amp;amp;amp;amp;amp;trk=nav_responsive_tab_home\",\"https:\\\/\\\/www.youtube.com\\\/channel\\\/UCxL0wu1uN0_3_7hGG0306cw\"]},{\"@type\":\"Person\",\"@id\":\"https:\\\/\\\/www.bellunopress.it\\\/#\\\/schema\\\/person\\\/79bb06722b37ece1c03d3e94beb30d73\",\"name\":\"redazione\",\"image\":{\"@type\":\"ImageObject\",\"inLanguage\":\"fr-FR\",\"@id\":\"https:\\\/\\\/secure.gravatar.com\\\/avatar\\\/37d968a2e67a6fd04c169c4bdef102d0bc5d31b2546345219e348575eb80e9a0?s=96&d=mm&r=g\",\"url\":\"https:\\\/\\\/secure.gravatar.com\\\/avatar\\\/37d968a2e67a6fd04c169c4bdef102d0bc5d31b2546345219e348575eb80e9a0?s=96&d=mm&r=g\",\"contentUrl\":\"https:\\\/\\\/secure.gravatar.com\\\/avatar\\\/37d968a2e67a6fd04c169c4bdef102d0bc5d31b2546345219e348575eb80e9a0?s=96&d=mm&r=g\",\"caption\":\"redazione\"},\"sameAs\":[\"http:\\\/\\\/www.bellunopress.it\",\"https:\\\/\\\/x.com\\\/bellunopress\"],\"url\":\"https:\\\/\\\/www.bellunopress.it\\\/fr\\\/author\\\/redazione\\\/\"}]}<\/script>\n<!-- \/ Yoast SEO plugin. -->","yoast_head_json":{"title":"Maltempo di inizio dicembre. Il Comune di Belluno segnala danni per 1,6 milioni - Bellunopress - Dolomiti","robots":{"index":"index","follow":"follow","max-snippet":"max-snippet:-1","max-image-preview":"max-image-preview:large","max-video-preview":"max-video-preview:-1"},"canonical":"https:\/\/www.bellunopress.it\/fr\/2021\/01\/19\/maltempo-di-inizio-dicembre-il-comune-di-belluno-segnala-danni-per-16-milioni\/","og_locale":"fr_FR","og_type":"article","og_title":"Maltempo di inizio dicembre. Il Comune di Belluno segnala danni per 1,6 milioni - Bellunopress - Dolomiti","og_description":"Ammonta a poco meno di 1,6 milioni di euro (per la precisione 1.583.800 euro) la conta dei danni segnalati dal Comune di Belluno alla Regione Veneto in seguito all&#8217;ondata di maltempo registrata tra il 4 e il 9 dicembre scorsi e per la quale \u00e8 stato dichiarato lo stato di crisi. Tredici gli interventi segnalati [&hellip;]","og_url":"https:\/\/www.bellunopress.it\/fr\/2021\/01\/19\/maltempo-di-inizio-dicembre-il-comune-di-belluno-segnala-danni-per-16-milioni\/","og_site_name":"Bellunopress - Dolomiti","article_publisher":"https:\/\/www.facebook.com\/profile.php?id=100008943462799","article_published_time":"2021-01-19T13:43:31+00:00","og_image":[{"width":800,"height":575,"url":"https:\/\/www.bellunopress.it\/wp-content\/uploads\/2020\/09\/Jacopo-Massaro_edited.jpg","type":"image\/jpeg"}],"author":"redazione","twitter_card":"summary_large_image","twitter_creator":"@bellunopress","twitter_site":"@bellunopress","twitter_misc":{"\u00c9crit par":"redazione","Dur\u00e9e de lecture estim\u00e9e":"2 minutes"},"schema":{"@context":"https:\/\/schema.org","@graph":[{"@type":"Article","@id":"https:\/\/www.bellunopress.it\/2021\/01\/19\/maltempo-di-inizio-dicembre-il-comune-di-belluno-segnala-danni-per-16-milioni\/#article","isPartOf":{"@id":"https:\/\/www.bellunopress.it\/2021\/01\/19\/maltempo-di-inizio-dicembre-il-comune-di-belluno-segnala-danni-per-16-milioni\/"},"author":{"name":"redazione","@id":"https:\/\/www.bellunopress.it\/#\/schema\/person\/79bb06722b37ece1c03d3e94beb30d73"},"headline":"Maltempo di inizio dicembre. Il Comune di Belluno segnala danni per 1,6 milioni","datePublished":"2021-01-19T13:43:31+00:00","mainEntityOfPage":{"@id":"https:\/\/www.bellunopress.it\/2021\/01\/19\/maltempo-di-inizio-dicembre-il-comune-di-belluno-segnala-danni-per-16-milioni\/"},"wordCount":372,"publisher":{"@id":"https:\/\/www.bellunopress.it\/#organization"},"image":{"@id":"https:\/\/www.bellunopress.it\/2021\/01\/19\/maltempo-di-inizio-dicembre-il-comune-di-belluno-segnala-danni-per-16-milioni\/#primaryimage"},"thumbnailUrl":"https:\/\/www.bellunopress.it\/wp-content\/uploads\/2020\/09\/Jacopo-Massaro_edited.jpg","articleSection":["Cronaca\/Politica","Prima Pagina","Societ\u00e0, Associazioni, Istituzioni"],"inLanguage":"fr-FR"},{"@type":"WebPage","@id":"https:\/\/www.bellunopress.it\/2021\/01\/19\/maltempo-di-inizio-dicembre-il-comune-di-belluno-segnala-danni-per-16-milioni\/","url":"https:\/\/www.bellunopress.it\/2021\/01\/19\/maltempo-di-inizio-dicembre-il-comune-di-belluno-segnala-danni-per-16-milioni\/","name":"Maltempo di inizio dicembre. Il Comune di Belluno segnala danni per 1,6 milioni - Bellunopress - Dolomiti","isPartOf":{"@id":"https:\/\/www.bellunopress.it\/#website"},"primaryImageOfPage":{"@id":"https:\/\/www.bellunopress.it\/2021\/01\/19\/maltempo-di-inizio-dicembre-il-comune-di-belluno-segnala-danni-per-16-milioni\/#primaryimage"},"image":{"@id":"https:\/\/www.bellunopress.it\/2021\/01\/19\/maltempo-di-inizio-dicembre-il-comune-di-belluno-segnala-danni-per-16-milioni\/#primaryimage"},"thumbnailUrl":"https:\/\/www.bellunopress.it\/wp-content\/uploads\/2020\/09\/Jacopo-Massaro_edited.jpg","datePublished":"2021-01-19T13:43:31+00:00","breadcrumb":{"@id":"https:\/\/www.bellunopress.it\/2021\/01\/19\/maltempo-di-inizio-dicembre-il-comune-di-belluno-segnala-danni-per-16-milioni\/#breadcrumb"},"inLanguage":"fr-FR","potentialAction":[{"@type":"ReadAction","target":["https:\/\/www.bellunopress.it\/2021\/01\/19\/maltempo-di-inizio-dicembre-il-comune-di-belluno-segnala-danni-per-16-milioni\/"]}]},{"@type":"ImageObject","inLanguage":"fr-FR","@id":"https:\/\/www.bellunopress.it\/2021\/01\/19\/maltempo-di-inizio-dicembre-il-comune-di-belluno-segnala-danni-per-16-milioni\/#primaryimage","url":"https:\/\/www.bellunopress.it\/wp-content\/uploads\/2020\/09\/Jacopo-Massaro_edited.jpg","contentUrl":"https:\/\/www.bellunopress.it\/wp-content\/uploads\/2020\/09\/Jacopo-Massaro_edited.jpg","width":800,"height":575,"caption":"Jacopo Massaro - gi\u00e0 sindaco di Belluno"},{"@type":"BreadcrumbList","@id":"https:\/\/www.bellunopress.it\/2021\/01\/19\/maltempo-di-inizio-dicembre-il-comune-di-belluno-segnala-danni-per-16-milioni\/#breadcrumb","itemListElement":[{"@type":"ListItem","position":1,"name":"Home","item":"https:\/\/www.bellunopress.it\/"},{"@type":"ListItem","position":2,"name":"Maltempo di inizio dicembre. Il Comune di Belluno segnala danni per 1,6 milioni"}]},{"@type":"WebSite","@id":"https:\/\/www.bellunopress.it\/#website","url":"https:\/\/www.bellunopress.it\/","name":"Bellunopress - Dolomiti","description":"e-mail: redazione@bellunopress.it","publisher":{"@id":"https:\/\/www.bellunopress.it\/#organization"},"potentialAction":[{"@type":"SearchAction","target":{"@type":"EntryPoint","urlTemplate":"https:\/\/www.bellunopress.it\/?s={search_term_string}"},"query-input":{"@type":"PropertyValueSpecification","valueRequired":true,"valueName":"search_term_string"}}],"inLanguage":"fr-FR"},{"@type":"Organization","@id":"https:\/\/www.bellunopress.it\/#organization","name":"Bellunopress","url":"https:\/\/www.bellunopress.it\/","logo":{"@type":"ImageObject","inLanguage":"fr-FR","@id":"https:\/\/www.bellunopress.it\/#\/schema\/logo\/image\/","url":"https:\/\/www.bellunopress.it\/wp-content\/uploads\/2011\/05\/cropped-logo-bellunopress-.jpg","contentUrl":"https:\/\/www.bellunopress.it\/wp-content\/uploads\/2011\/05\/cropped-logo-bellunopress-.jpg","width":512,"height":512,"caption":"Bellunopress"},"image":{"@id":"https:\/\/www.bellunopress.it\/#\/schema\/logo\/image\/"},"sameAs":["https:\/\/www.facebook.com\/profile.php?id=100008943462799","https:\/\/x.com\/bellunopress","https:\/\/www.linkedin.com\/hp\/?dnr=JBzUWaJfMUw8vbXJJ2tVW5-I3jZKvC4wsoxE&amp;amp;amp;amp;amp;amp;trk=nav_responsive_tab_home","https:\/\/www.youtube.com\/channel\/UCxL0wu1uN0_3_7hGG0306cw"]},{"@type":"Person","@id":"https:\/\/www.bellunopress.it\/#\/schema\/person\/79bb06722b37ece1c03d3e94beb30d73","name":"r\u00e9daction","image":{"@type":"ImageObject","inLanguage":"fr-FR","@id":"https:\/\/secure.gravatar.com\/avatar\/37d968a2e67a6fd04c169c4bdef102d0bc5d31b2546345219e348575eb80e9a0?s=96&d=mm&r=g","url":"https:\/\/secure.gravatar.com\/avatar\/37d968a2e67a6fd04c169c4bdef102d0bc5d31b2546345219e348575eb80e9a0?s=96&d=mm&r=g","contentUrl":"https:\/\/secure.gravatar.com\/avatar\/37d968a2e67a6fd04c169c4bdef102d0bc5d31b2546345219e348575eb80e9a0?s=96&d=mm&r=g","caption":"redazione"},"sameAs":["http:\/\/www.bellunopress.it","https:\/\/x.com\/bellunopress"],"url":"https:\/\/www.bellunopress.it\/fr\/author\/redazione\/"}]}},"_links":{"self":[{"href":"https:\/\/www.bellunopress.it\/fr\/wp-json\/wp\/v2\/posts\/121012","targetHints":{"allow":["GET"]}}],"collection":[{"href":"https:\/\/www.bellunopress.it\/fr\/wp-json\/wp\/v2\/posts"}],"about":[{"href":"https:\/\/www.bellunopress.it\/fr\/wp-json\/wp\/v2\/types\/post"}],"author":[{"embeddable":true,"href":"https:\/\/www.bellunopress.it\/fr\/wp-json\/wp\/v2\/users\/2"}],"replies":[{"embeddable":true,"href":"https:\/\/www.bellunopress.it\/fr\/wp-json\/wp\/v2\/comments?post=121012"}],"version-history":[{"count":1,"href":"https:\/\/www.bellunopress.it\/fr\/wp-json\/wp\/v2\/posts\/121012\/revisions"}],"predecessor-version":[{"id":121013,"href":"https:\/\/www.bellunopress.it\/fr\/wp-json\/wp\/v2\/posts\/121012\/revisions\/121013"}],"wp:featuredmedia":[{"embeddable":true,"href":"https:\/\/www.bellunopress.it\/fr\/wp-json\/wp\/v2\/media\/117913"}],"wp:attachment":[{"href":"https:\/\/www.bellunopress.it\/fr\/wp-json\/wp\/v2\/media?parent=121012"}],"wp:term":[{"taxonomy":"category","embeddable":true,"href":"https:\/\/www.bellunopress.it\/fr\/wp-json\/wp\/v2\/categories?post=121012"},{"taxonomy":"post_tag","embeddable":true,"href":"https:\/\/www.bellunopress.it\/fr\/wp-json\/wp\/v2\/tags?post=121012"}],"curies":[{"name":"wp","href":"https:\/\/api.w.org\/{rel}","templated":true}]}}