{"id":12096,"date":"2010-02-03T12:12:19","date_gmt":"2010-02-03T11:12:19","guid":{"rendered":"http:\/\/www.bellunopress.it\/?p=12096"},"modified":"2010-02-03T12:12:19","modified_gmt":"2010-02-03T11:12:19","slug":"informa-immigrati-radio-piu-parla-anche-cinese-albanese-e-ucraino","status":"publish","type":"post","link":"https:\/\/www.bellunopress.it\/fr\/2010\/02\/03\/informa-immigrati-radio-piu-parla-anche-cinese-albanese-e-ucraino\/","title":{"rendered":"Informa immigrati: Radio Pi\u00f9 parla anche cinese, albanese e ucraino"},"content":{"rendered":"<p>Grazie alla sensibilit\u00e0 dell&#8217;assessore alle politiche famigliari, Sisto Da Roit, tra pochi giorni la radio dell&#8217;Agordino &#8220;parler\u00e0&#8221; cinese, albanese e ucraino. Un notiziarIo in tre lingue per dare un aiuto concreto, a livello informativo, ai tanti immigrati che ormai da tempo affollano la vallata Agordina. Radio Pi\u00f9 e il Comune di Agordo proporranno infatti da venerd\u00ec 12 febbraio (alle 10.30, replica alle 18.30) una nuova trasmissione settimanale denominata &#8220;Informa Immigrati&#8221;. L&#8217;iniziativa, fortemente voluta dal vicesindaco\u00a0 Sisto Da Roit, ha lo scopo di informare gli immigrati riguardo le possibilit\u00e0, le prospettive, ma anche gli adempimenti e le informazioni utili, che il Comune di Agordo mette loro a disposizione. Uno strumento utile, quello della nuova trasmissione, anche per i cittadini del Comune di Agordo e per gli ascoltatori in generale, con specifico riferimento ai datori di lavoro italiani e a quanto si trovano a condividere le problematiche della vita sociale con gli immigrati. La trasmissione, grazie anche all&#8217;interessamento di Francesca Salvadori, che lavora presso lo sportello immigrati del Comune di Agordo, verr\u00e0 diffusa per il momento in quattro lingue, italiano compreso.\u00a0 Gli immigrati che hanno difficolt\u00e0 nella comprensione della nostra lingua, potranno ricevere un utile e facile apprendimento delle tematiche promosse dal Comune di Agordo, direttamente nella propria lingua. Uno strumento, quello della nuova trasmissione\u00a0 che mira anche a un ulteriore integrazione sociale fra cittadini italiani e immigrati.<\/p>","protected":false},"excerpt":{"rendered":"<p>Grazie alla sensibilit\u00e0 dell&#8217;assessore alle politiche famigliari, Sisto Da Roit, tra pochi giorni la radio dell&#8217;Agordino &#8220;parler\u00e0&#8221; cinese, albanese e ucraino. Un notiziarIo in tre lingue per dare un aiuto concreto, a livello informativo, ai tanti immigrati che ormai da tempo affollano la vallata Agordina. Radio Pi\u00f9 e il Comune di Agordo proporranno infatti da [&hellip;]<\/p>\n","protected":false},"author":2,"featured_media":0,"comment_status":"closed","ping_status":"open","sticky":false,"template":"","format":"standard","meta":{"footnotes":""},"categories":[5,25],"tags":[],"class_list":["post-12096","post","type-post","status-publish","format-standard","category-cronaca","category-pausa-caffe"],"yoast_head":"<!-- This site is optimized with the Yoast SEO plugin v28.4 - https:\/\/yoast.com\/product\/yoast-seo-wordpress\/ -->\n<title>Informa immigrati: Radio Pi\u00f9 parla anche cinese, albanese e ucraino - Bellunopress - Dolomiti<\/title>\n<meta name=\"robots\" content=\"index, follow, max-snippet:-1, max-image-preview:large, max-video-preview:-1\" \/>\n<link rel=\"canonical\" href=\"https:\/\/www.bellunopress.it\/fr\/2010\/02\/03\/informa-immigrati-radio-piu-parla-anche-cinese-albanese-e-ucraino\/\" \/>\n<meta property=\"og:locale\" content=\"fr_FR\" \/>\n<meta property=\"og:type\" content=\"article\" \/>\n<meta property=\"og:title\" content=\"Informa immigrati: Radio Pi\u00f9 parla anche cinese, albanese e ucraino - Bellunopress - Dolomiti\" \/>\n<meta property=\"og:description\" content=\"Grazie alla sensibilit\u00e0 dell&#8217;assessore alle politiche famigliari, Sisto Da Roit, tra pochi giorni la radio dell&#8217;Agordino &#8220;parler\u00e0&#8221; cinese, albanese e ucraino. Un notiziarIo in tre lingue per dare un aiuto concreto, a livello informativo, ai tanti immigrati che ormai da tempo affollano la vallata Agordina. Radio Pi\u00f9 e il Comune di Agordo proporranno infatti da [&hellip;]\" \/>\n<meta property=\"og:url\" content=\"https:\/\/www.bellunopress.it\/fr\/2010\/02\/03\/informa-immigrati-radio-piu-parla-anche-cinese-albanese-e-ucraino\/\" \/>\n<meta property=\"og:site_name\" content=\"Bellunopress - Dolomiti\" \/>\n<meta property=\"article:publisher\" content=\"https:\/\/www.facebook.com\/profile.php?id=100008943462799\" \/>\n<meta property=\"article:published_time\" content=\"2010-02-03T11:12:19+00:00\" \/>\n<meta property=\"og:image\" content=\"http:\/\/www.bellunopress.it\/wp-content\/uploads\/2012\/07\/logo-bellunopress-250x250-2012.jpg\" \/>\n<meta name=\"author\" content=\"redazione\" \/>\n<meta name=\"twitter:card\" content=\"summary_large_image\" \/>\n<meta name=\"twitter:creator\" content=\"@bellunopress\" \/>\n<meta name=\"twitter:site\" content=\"@bellunopress\" \/>\n<meta name=\"twitter:label1\" content=\"\u00c9crit par\" \/>\n\t<meta name=\"twitter:data1\" content=\"redazione\" \/>\n\t<meta name=\"twitter:label2\" content=\"Dur\u00e9e de lecture estim\u00e9e\" \/>\n\t<meta name=\"twitter:data2\" content=\"1 minute\" \/>\n<script type=\"application\/ld+json\" class=\"yoast-schema-graph\">{\"@context\":\"https:\\\/\\\/schema.org\",\"@graph\":[{\"@type\":\"Article\",\"@id\":\"https:\\\/\\\/www.bellunopress.it\\\/2010\\\/02\\\/03\\\/informa-immigrati-radio-piu-parla-anche-cinese-albanese-e-ucraino\\\/#article\",\"isPartOf\":{\"@id\":\"https:\\\/\\\/www.bellunopress.it\\\/2010\\\/02\\\/03\\\/informa-immigrati-radio-piu-parla-anche-cinese-albanese-e-ucraino\\\/\"},\"author\":{\"name\":\"redazione\",\"@id\":\"https:\\\/\\\/www.bellunopress.it\\\/#\\\/schema\\\/person\\\/79bb06722b37ece1c03d3e94beb30d73\"},\"headline\":\"Informa immigrati: Radio Pi\u00f9 parla anche cinese, albanese e ucraino\",\"datePublished\":\"2010-02-03T11:12:19+00:00\",\"mainEntityOfPage\":{\"@id\":\"https:\\\/\\\/www.bellunopress.it\\\/2010\\\/02\\\/03\\\/informa-immigrati-radio-piu-parla-anche-cinese-albanese-e-ucraino\\\/\"},\"wordCount\":237,\"publisher\":{\"@id\":\"https:\\\/\\\/www.bellunopress.it\\\/#organization\"},\"articleSection\":[\"Cronaca\\\/Politica\",\"Pausa Caff\u00e8\"],\"inLanguage\":\"fr-FR\"},{\"@type\":\"WebPage\",\"@id\":\"https:\\\/\\\/www.bellunopress.it\\\/2010\\\/02\\\/03\\\/informa-immigrati-radio-piu-parla-anche-cinese-albanese-e-ucraino\\\/\",\"url\":\"https:\\\/\\\/www.bellunopress.it\\\/2010\\\/02\\\/03\\\/informa-immigrati-radio-piu-parla-anche-cinese-albanese-e-ucraino\\\/\",\"name\":\"Informa immigrati: Radio Pi\u00f9 parla anche cinese, albanese e ucraino - Bellunopress - Dolomiti\",\"isPartOf\":{\"@id\":\"https:\\\/\\\/www.bellunopress.it\\\/#website\"},\"datePublished\":\"2010-02-03T11:12:19+00:00\",\"breadcrumb\":{\"@id\":\"https:\\\/\\\/www.bellunopress.it\\\/2010\\\/02\\\/03\\\/informa-immigrati-radio-piu-parla-anche-cinese-albanese-e-ucraino\\\/#breadcrumb\"},\"inLanguage\":\"fr-FR\",\"potentialAction\":[{\"@type\":\"ReadAction\",\"target\":[\"https:\\\/\\\/www.bellunopress.it\\\/2010\\\/02\\\/03\\\/informa-immigrati-radio-piu-parla-anche-cinese-albanese-e-ucraino\\\/\"]}]},{\"@type\":\"BreadcrumbList\",\"@id\":\"https:\\\/\\\/www.bellunopress.it\\\/2010\\\/02\\\/03\\\/informa-immigrati-radio-piu-parla-anche-cinese-albanese-e-ucraino\\\/#breadcrumb\",\"itemListElement\":[{\"@type\":\"ListItem\",\"position\":1,\"name\":\"Home\",\"item\":\"https:\\\/\\\/www.bellunopress.it\\\/\"},{\"@type\":\"ListItem\",\"position\":2,\"name\":\"Informa immigrati: Radio Pi\u00f9 parla anche cinese, albanese e ucraino\"}]},{\"@type\":\"WebSite\",\"@id\":\"https:\\\/\\\/www.bellunopress.it\\\/#website\",\"url\":\"https:\\\/\\\/www.bellunopress.it\\\/\",\"name\":\"Bellunopress - Dolomiti\",\"description\":\"e-mail: redazione@bellunopress.it\",\"publisher\":{\"@id\":\"https:\\\/\\\/www.bellunopress.it\\\/#organization\"},\"potentialAction\":[{\"@type\":\"SearchAction\",\"target\":{\"@type\":\"EntryPoint\",\"urlTemplate\":\"https:\\\/\\\/www.bellunopress.it\\\/?s={search_term_string}\"},\"query-input\":{\"@type\":\"PropertyValueSpecification\",\"valueRequired\":true,\"valueName\":\"search_term_string\"}}],\"inLanguage\":\"fr-FR\"},{\"@type\":\"Organization\",\"@id\":\"https:\\\/\\\/www.bellunopress.it\\\/#organization\",\"name\":\"Bellunopress\",\"url\":\"https:\\\/\\\/www.bellunopress.it\\\/\",\"logo\":{\"@type\":\"ImageObject\",\"inLanguage\":\"fr-FR\",\"@id\":\"https:\\\/\\\/www.bellunopress.it\\\/#\\\/schema\\\/logo\\\/image\\\/\",\"url\":\"https:\\\/\\\/www.bellunopress.it\\\/wp-content\\\/uploads\\\/2011\\\/05\\\/cropped-logo-bellunopress-.jpg\",\"contentUrl\":\"https:\\\/\\\/www.bellunopress.it\\\/wp-content\\\/uploads\\\/2011\\\/05\\\/cropped-logo-bellunopress-.jpg\",\"width\":512,\"height\":512,\"caption\":\"Bellunopress\"},\"image\":{\"@id\":\"https:\\\/\\\/www.bellunopress.it\\\/#\\\/schema\\\/logo\\\/image\\\/\"},\"sameAs\":[\"https:\\\/\\\/www.facebook.com\\\/profile.php?id=100008943462799\",\"https:\\\/\\\/x.com\\\/bellunopress\",\"https:\\\/\\\/www.linkedin.com\\\/hp\\\/?dnr=JBzUWaJfMUw8vbXJJ2tVW5-I3jZKvC4wsoxE&amp;amp;amp;amp;amp;amp;trk=nav_responsive_tab_home\",\"https:\\\/\\\/www.youtube.com\\\/channel\\\/UCxL0wu1uN0_3_7hGG0306cw\"]},{\"@type\":\"Person\",\"@id\":\"https:\\\/\\\/www.bellunopress.it\\\/#\\\/schema\\\/person\\\/79bb06722b37ece1c03d3e94beb30d73\",\"name\":\"redazione\",\"image\":{\"@type\":\"ImageObject\",\"inLanguage\":\"fr-FR\",\"@id\":\"https:\\\/\\\/secure.gravatar.com\\\/avatar\\\/37d968a2e67a6fd04c169c4bdef102d0bc5d31b2546345219e348575eb80e9a0?s=96&d=mm&r=g\",\"url\":\"https:\\\/\\\/secure.gravatar.com\\\/avatar\\\/37d968a2e67a6fd04c169c4bdef102d0bc5d31b2546345219e348575eb80e9a0?s=96&d=mm&r=g\",\"contentUrl\":\"https:\\\/\\\/secure.gravatar.com\\\/avatar\\\/37d968a2e67a6fd04c169c4bdef102d0bc5d31b2546345219e348575eb80e9a0?s=96&d=mm&r=g\",\"caption\":\"redazione\"},\"sameAs\":[\"http:\\\/\\\/www.bellunopress.it\",\"https:\\\/\\\/x.com\\\/bellunopress\"],\"url\":\"https:\\\/\\\/www.bellunopress.it\\\/fr\\\/author\\\/redazione\\\/\"}]}<\/script>\n<!-- \/ Yoast SEO plugin. -->","yoast_head_json":{"title":"Informa immigrati: Radio Pi\u00f9 parla anche cinese, albanese e ucraino - Bellunopress - Dolomiti","robots":{"index":"index","follow":"follow","max-snippet":"max-snippet:-1","max-image-preview":"max-image-preview:large","max-video-preview":"max-video-preview:-1"},"canonical":"https:\/\/www.bellunopress.it\/fr\/2010\/02\/03\/informa-immigrati-radio-piu-parla-anche-cinese-albanese-e-ucraino\/","og_locale":"fr_FR","og_type":"article","og_title":"Informa immigrati: Radio Pi\u00f9 parla anche cinese, albanese e ucraino - Bellunopress - Dolomiti","og_description":"Grazie alla sensibilit\u00e0 dell&#8217;assessore alle politiche famigliari, Sisto Da Roit, tra pochi giorni la radio dell&#8217;Agordino &#8220;parler\u00e0&#8221; cinese, albanese e ucraino. Un notiziarIo in tre lingue per dare un aiuto concreto, a livello informativo, ai tanti immigrati che ormai da tempo affollano la vallata Agordina. Radio Pi\u00f9 e il Comune di Agordo proporranno infatti da [&hellip;]","og_url":"https:\/\/www.bellunopress.it\/fr\/2010\/02\/03\/informa-immigrati-radio-piu-parla-anche-cinese-albanese-e-ucraino\/","og_site_name":"Bellunopress - Dolomiti","article_publisher":"https:\/\/www.facebook.com\/profile.php?id=100008943462799","article_published_time":"2010-02-03T11:12:19+00:00","og_image":[{"url":"http:\/\/www.bellunopress.it\/wp-content\/uploads\/2012\/07\/logo-bellunopress-250x250-2012.jpg","type":"","width":"","height":""}],"author":"redazione","twitter_card":"summary_large_image","twitter_creator":"@bellunopress","twitter_site":"@bellunopress","twitter_misc":{"\u00c9crit par":"redazione","Dur\u00e9e de lecture estim\u00e9e":"1 minute"},"schema":{"@context":"https:\/\/schema.org","@graph":[{"@type":"Article","@id":"https:\/\/www.bellunopress.it\/2010\/02\/03\/informa-immigrati-radio-piu-parla-anche-cinese-albanese-e-ucraino\/#article","isPartOf":{"@id":"https:\/\/www.bellunopress.it\/2010\/02\/03\/informa-immigrati-radio-piu-parla-anche-cinese-albanese-e-ucraino\/"},"author":{"name":"redazione","@id":"https:\/\/www.bellunopress.it\/#\/schema\/person\/79bb06722b37ece1c03d3e94beb30d73"},"headline":"Informa immigrati: Radio Pi\u00f9 parla anche cinese, albanese e ucraino","datePublished":"2010-02-03T11:12:19+00:00","mainEntityOfPage":{"@id":"https:\/\/www.bellunopress.it\/2010\/02\/03\/informa-immigrati-radio-piu-parla-anche-cinese-albanese-e-ucraino\/"},"wordCount":237,"publisher":{"@id":"https:\/\/www.bellunopress.it\/#organization"},"articleSection":["Cronaca\/Politica","Pausa Caff\u00e8"],"inLanguage":"fr-FR"},{"@type":"WebPage","@id":"https:\/\/www.bellunopress.it\/2010\/02\/03\/informa-immigrati-radio-piu-parla-anche-cinese-albanese-e-ucraino\/","url":"https:\/\/www.bellunopress.it\/2010\/02\/03\/informa-immigrati-radio-piu-parla-anche-cinese-albanese-e-ucraino\/","name":"Informa immigrati: Radio Pi\u00f9 parla anche cinese, albanese e ucraino - Bellunopress - Dolomiti","isPartOf":{"@id":"https:\/\/www.bellunopress.it\/#website"},"datePublished":"2010-02-03T11:12:19+00:00","breadcrumb":{"@id":"https:\/\/www.bellunopress.it\/2010\/02\/03\/informa-immigrati-radio-piu-parla-anche-cinese-albanese-e-ucraino\/#breadcrumb"},"inLanguage":"fr-FR","potentialAction":[{"@type":"ReadAction","target":["https:\/\/www.bellunopress.it\/2010\/02\/03\/informa-immigrati-radio-piu-parla-anche-cinese-albanese-e-ucraino\/"]}]},{"@type":"BreadcrumbList","@id":"https:\/\/www.bellunopress.it\/2010\/02\/03\/informa-immigrati-radio-piu-parla-anche-cinese-albanese-e-ucraino\/#breadcrumb","itemListElement":[{"@type":"ListItem","position":1,"name":"Home","item":"https:\/\/www.bellunopress.it\/"},{"@type":"ListItem","position":2,"name":"Informa immigrati: Radio Pi\u00f9 parla anche cinese, albanese e ucraino"}]},{"@type":"WebSite","@id":"https:\/\/www.bellunopress.it\/#website","url":"https:\/\/www.bellunopress.it\/","name":"Bellunopress - Dolomiti","description":"e-mail: redazione@bellunopress.it","publisher":{"@id":"https:\/\/www.bellunopress.it\/#organization"},"potentialAction":[{"@type":"SearchAction","target":{"@type":"EntryPoint","urlTemplate":"https:\/\/www.bellunopress.it\/?s={search_term_string}"},"query-input":{"@type":"PropertyValueSpecification","valueRequired":true,"valueName":"search_term_string"}}],"inLanguage":"fr-FR"},{"@type":"Organization","@id":"https:\/\/www.bellunopress.it\/#organization","name":"Bellunopress","url":"https:\/\/www.bellunopress.it\/","logo":{"@type":"ImageObject","inLanguage":"fr-FR","@id":"https:\/\/www.bellunopress.it\/#\/schema\/logo\/image\/","url":"https:\/\/www.bellunopress.it\/wp-content\/uploads\/2011\/05\/cropped-logo-bellunopress-.jpg","contentUrl":"https:\/\/www.bellunopress.it\/wp-content\/uploads\/2011\/05\/cropped-logo-bellunopress-.jpg","width":512,"height":512,"caption":"Bellunopress"},"image":{"@id":"https:\/\/www.bellunopress.it\/#\/schema\/logo\/image\/"},"sameAs":["https:\/\/www.facebook.com\/profile.php?id=100008943462799","https:\/\/x.com\/bellunopress","https:\/\/www.linkedin.com\/hp\/?dnr=JBzUWaJfMUw8vbXJJ2tVW5-I3jZKvC4wsoxE&amp;amp;amp;amp;amp;amp;trk=nav_responsive_tab_home","https:\/\/www.youtube.com\/channel\/UCxL0wu1uN0_3_7hGG0306cw"]},{"@type":"Person","@id":"https:\/\/www.bellunopress.it\/#\/schema\/person\/79bb06722b37ece1c03d3e94beb30d73","name":"r\u00e9daction","image":{"@type":"ImageObject","inLanguage":"fr-FR","@id":"https:\/\/secure.gravatar.com\/avatar\/37d968a2e67a6fd04c169c4bdef102d0bc5d31b2546345219e348575eb80e9a0?s=96&d=mm&r=g","url":"https:\/\/secure.gravatar.com\/avatar\/37d968a2e67a6fd04c169c4bdef102d0bc5d31b2546345219e348575eb80e9a0?s=96&d=mm&r=g","contentUrl":"https:\/\/secure.gravatar.com\/avatar\/37d968a2e67a6fd04c169c4bdef102d0bc5d31b2546345219e348575eb80e9a0?s=96&d=mm&r=g","caption":"redazione"},"sameAs":["http:\/\/www.bellunopress.it","https:\/\/x.com\/bellunopress"],"url":"https:\/\/www.bellunopress.it\/fr\/author\/redazione\/"}]}},"_links":{"self":[{"href":"https:\/\/www.bellunopress.it\/fr\/wp-json\/wp\/v2\/posts\/12096","targetHints":{"allow":["GET"]}}],"collection":[{"href":"https:\/\/www.bellunopress.it\/fr\/wp-json\/wp\/v2\/posts"}],"about":[{"href":"https:\/\/www.bellunopress.it\/fr\/wp-json\/wp\/v2\/types\/post"}],"author":[{"embeddable":true,"href":"https:\/\/www.bellunopress.it\/fr\/wp-json\/wp\/v2\/users\/2"}],"replies":[{"embeddable":true,"href":"https:\/\/www.bellunopress.it\/fr\/wp-json\/wp\/v2\/comments?post=12096"}],"version-history":[{"count":1,"href":"https:\/\/www.bellunopress.it\/fr\/wp-json\/wp\/v2\/posts\/12096\/revisions"}],"predecessor-version":[{"id":12097,"href":"https:\/\/www.bellunopress.it\/fr\/wp-json\/wp\/v2\/posts\/12096\/revisions\/12097"}],"wp:attachment":[{"href":"https:\/\/www.bellunopress.it\/fr\/wp-json\/wp\/v2\/media?parent=12096"}],"wp:term":[{"taxonomy":"category","embeddable":true,"href":"https:\/\/www.bellunopress.it\/fr\/wp-json\/wp\/v2\/categories?post=12096"},{"taxonomy":"post_tag","embeddable":true,"href":"https:\/\/www.bellunopress.it\/fr\/wp-json\/wp\/v2\/tags?post=12096"}],"curies":[{"name":"wp","href":"https:\/\/api.w.org\/{rel}","templated":true}]}}