{"id":12092,"date":"2010-02-03T12:10:28","date_gmt":"2010-02-03T11:10:28","guid":{"rendered":"http:\/\/www.bellunopress.it\/?p=12092"},"modified":"2010-02-03T12:10:28","modified_gmt":"2010-02-03T11:10:28","slug":"fondazione-progetto-uomo-4-corsi-di-formazione-in-programma-a-vittorio-veneto","status":"publish","type":"post","link":"https:\/\/www.bellunopress.it\/fr\/2010\/02\/03\/fondazione-progetto-uomo-4-corsi-di-formazione-in-programma-a-vittorio-veneto\/","title":{"rendered":"Fondazione Progetto Uomo: 4 corsi di formazione in programma a Vittorio Veneto"},"content":{"rendered":"<p><a href=\"http:\/\/www.bellunopress.it\/wp-content\/uploads\/2010\/02\/progetto-uomo-leggera.jpg\"><img loading=\"lazy\" decoding=\"async\" class=\"alignleft size-medium wp-image-12094\" title=\"progetto-uomo-leggera\" src=\"http:\/\/www.bellunopress.it\/wp-content\/uploads\/2010\/02\/progetto-uomo-leggera.jpg\" alt=\"\" width=\"270\" height=\"180\" \/><\/a>Il Polo Universitario della Fondazione Progetto Uomo a Vittorio Veneto ospita nel 2010 ben 4 corsi: il Master Biennale in Pedagogia Clinica al suo 2\u00b0 anno, il Corso Annuale di Specializzazione in Psicopatologia dell\u2019Apprendimento che ha preso il via venerd\u00ec 29 gennaio , il Corso Annuale di Psicomotricit\u00e0 ed Espressione Grafica che inizia sabato 6 febbraio e il Corso Biennale di Counseling Emozionale. Gli iscritti ai corsi sono complessivamente circa 120 di cui 47 al Corso di Psicopatologia dell\u2019Apprendimento e 34 al Master. Tra i fattori di successo della proposta formativa della Fondazione Progetto Uomo sono risultati le partnership con la Federazione Italiana Pedagogisti Clinici, con l\u2019\u00e9quipe del prof. Cesare Cornoldi dell\u2019Universit\u00e0 di Padova, ma anche\u00a0 la posizione strategica della sede, l\u2019ex Convento dei Padri Carmelitani a Serravalle, posta a 2 km dal casello autostradale di Vittorio Veneto nord, facilmente raggiungibile dalle province venete e del Friuli. La Fondazione Progetto Uomo, nata nel 2006 per volont\u00e0 del suo presidente don Gigetto de Bortoli e con il sostegno di alcuni imprenditori bellunesi, ha la sua sede organizzativa a Belluno e quella operativa a Vittorio Veneto.<br \/>\nPer info: Fiorella Vettoretto info@fondazioneprogettouomo.it tel. 0437\/950909<\/p>","protected":false},"excerpt":{"rendered":"<p>Il Polo Universitario della Fondazione Progetto Uomo a Vittorio Veneto ospita nel 2010 ben 4 corsi: il Master Biennale in Pedagogia Clinica al suo 2\u00b0 anno, il Corso Annuale di Specializzazione in Psicopatologia dell\u2019Apprendimento che ha preso il via venerd\u00ec 29 gennaio , il Corso Annuale di Psicomotricit\u00e0 ed Espressione Grafica che inizia sabato 6 [&hellip;]<\/p>\n","protected":false},"author":2,"featured_media":0,"comment_status":"closed","ping_status":"open","sticky":false,"template":"","format":"standard","meta":{"footnotes":""},"categories":[5,26,15],"tags":[139],"class_list":["post-12092","post","type-post","status-publish","format-standard","category-cronaca","category-prima-pagina","category-scuola","tag-belluno"],"yoast_head":"<!-- This site is optimized with the Yoast SEO plugin v28.4 - https:\/\/yoast.com\/product\/yoast-seo-wordpress\/ -->\n<title>Fondazione Progetto Uomo: 4 corsi di formazione in programma a Vittorio Veneto - Bellunopress - Dolomiti<\/title>\n<meta name=\"robots\" content=\"index, follow, max-snippet:-1, max-image-preview:large, max-video-preview:-1\" \/>\n<link rel=\"canonical\" href=\"https:\/\/www.bellunopress.it\/fr\/2010\/02\/03\/fondazione-progetto-uomo-4-corsi-di-formazione-in-programma-a-vittorio-veneto\/\" \/>\n<meta property=\"og:locale\" content=\"fr_FR\" \/>\n<meta property=\"og:type\" content=\"article\" \/>\n<meta property=\"og:title\" content=\"Fondazione Progetto Uomo: 4 corsi di formazione in programma a Vittorio Veneto - Bellunopress - Dolomiti\" \/>\n<meta property=\"og:description\" content=\"Il Polo Universitario della Fondazione Progetto Uomo a Vittorio Veneto ospita nel 2010 ben 4 corsi: il Master Biennale in Pedagogia Clinica al suo 2\u00b0 anno, il Corso Annuale di Specializzazione in Psicopatologia dell\u2019Apprendimento che ha preso il via venerd\u00ec 29 gennaio , il Corso Annuale di Psicomotricit\u00e0 ed Espressione Grafica che inizia sabato 6 [&hellip;]\" \/>\n<meta property=\"og:url\" content=\"https:\/\/www.bellunopress.it\/fr\/2010\/02\/03\/fondazione-progetto-uomo-4-corsi-di-formazione-in-programma-a-vittorio-veneto\/\" \/>\n<meta property=\"og:site_name\" content=\"Bellunopress - Dolomiti\" \/>\n<meta property=\"article:publisher\" content=\"https:\/\/www.facebook.com\/profile.php?id=100008943462799\" \/>\n<meta property=\"article:published_time\" content=\"2010-02-03T11:10:28+00:00\" \/>\n<meta property=\"og:image\" content=\"http:\/\/www.bellunopress.it\/wp-content\/uploads\/2010\/02\/progetto-uomo-leggera.jpg\" \/>\n<meta name=\"author\" content=\"redazione\" \/>\n<meta name=\"twitter:card\" content=\"summary_large_image\" \/>\n<meta name=\"twitter:creator\" content=\"@bellunopress\" \/>\n<meta name=\"twitter:site\" content=\"@bellunopress\" \/>\n<meta name=\"twitter:label1\" content=\"\u00c9crit par\" \/>\n\t<meta name=\"twitter:data1\" content=\"redazione\" \/>\n\t<meta name=\"twitter:label2\" content=\"Dur\u00e9e de lecture estim\u00e9e\" \/>\n\t<meta name=\"twitter:data2\" content=\"1 minute\" \/>\n<script type=\"application\/ld+json\" class=\"yoast-schema-graph\">{\"@context\":\"https:\\\/\\\/schema.org\",\"@graph\":[{\"@type\":\"Article\",\"@id\":\"https:\\\/\\\/www.bellunopress.it\\\/2010\\\/02\\\/03\\\/fondazione-progetto-uomo-4-corsi-di-formazione-in-programma-a-vittorio-veneto\\\/#article\",\"isPartOf\":{\"@id\":\"https:\\\/\\\/www.bellunopress.it\\\/2010\\\/02\\\/03\\\/fondazione-progetto-uomo-4-corsi-di-formazione-in-programma-a-vittorio-veneto\\\/\"},\"author\":{\"name\":\"redazione\",\"@id\":\"https:\\\/\\\/www.bellunopress.it\\\/#\\\/schema\\\/person\\\/79bb06722b37ece1c03d3e94beb30d73\"},\"headline\":\"Fondazione Progetto Uomo: 4 corsi di formazione in programma a Vittorio Veneto\",\"datePublished\":\"2010-02-03T11:10:28+00:00\",\"mainEntityOfPage\":{\"@id\":\"https:\\\/\\\/www.bellunopress.it\\\/2010\\\/02\\\/03\\\/fondazione-progetto-uomo-4-corsi-di-formazione-in-programma-a-vittorio-veneto\\\/\"},\"wordCount\":197,\"publisher\":{\"@id\":\"https:\\\/\\\/www.bellunopress.it\\\/#organization\"},\"image\":{\"@id\":\"https:\\\/\\\/www.bellunopress.it\\\/2010\\\/02\\\/03\\\/fondazione-progetto-uomo-4-corsi-di-formazione-in-programma-a-vittorio-veneto\\\/#primaryimage\"},\"thumbnailUrl\":\"http:\\\/\\\/www.bellunopress.it\\\/wp-content\\\/uploads\\\/2010\\\/02\\\/progetto-uomo-leggera.jpg\",\"keywords\":[\"Belluno\"],\"articleSection\":[\"Cronaca\\\/Politica\",\"Prima Pagina\",\"Scuola\"],\"inLanguage\":\"fr-FR\"},{\"@type\":\"WebPage\",\"@id\":\"https:\\\/\\\/www.bellunopress.it\\\/2010\\\/02\\\/03\\\/fondazione-progetto-uomo-4-corsi-di-formazione-in-programma-a-vittorio-veneto\\\/\",\"url\":\"https:\\\/\\\/www.bellunopress.it\\\/2010\\\/02\\\/03\\\/fondazione-progetto-uomo-4-corsi-di-formazione-in-programma-a-vittorio-veneto\\\/\",\"name\":\"Fondazione Progetto Uomo: 4 corsi di formazione in programma a Vittorio Veneto - Bellunopress - Dolomiti\",\"isPartOf\":{\"@id\":\"https:\\\/\\\/www.bellunopress.it\\\/#website\"},\"primaryImageOfPage\":{\"@id\":\"https:\\\/\\\/www.bellunopress.it\\\/2010\\\/02\\\/03\\\/fondazione-progetto-uomo-4-corsi-di-formazione-in-programma-a-vittorio-veneto\\\/#primaryimage\"},\"image\":{\"@id\":\"https:\\\/\\\/www.bellunopress.it\\\/2010\\\/02\\\/03\\\/fondazione-progetto-uomo-4-corsi-di-formazione-in-programma-a-vittorio-veneto\\\/#primaryimage\"},\"thumbnailUrl\":\"http:\\\/\\\/www.bellunopress.it\\\/wp-content\\\/uploads\\\/2010\\\/02\\\/progetto-uomo-leggera.jpg\",\"datePublished\":\"2010-02-03T11:10:28+00:00\",\"breadcrumb\":{\"@id\":\"https:\\\/\\\/www.bellunopress.it\\\/2010\\\/02\\\/03\\\/fondazione-progetto-uomo-4-corsi-di-formazione-in-programma-a-vittorio-veneto\\\/#breadcrumb\"},\"inLanguage\":\"fr-FR\",\"potentialAction\":[{\"@type\":\"ReadAction\",\"target\":[\"https:\\\/\\\/www.bellunopress.it\\\/2010\\\/02\\\/03\\\/fondazione-progetto-uomo-4-corsi-di-formazione-in-programma-a-vittorio-veneto\\\/\"]}]},{\"@type\":\"ImageObject\",\"inLanguage\":\"fr-FR\",\"@id\":\"https:\\\/\\\/www.bellunopress.it\\\/2010\\\/02\\\/03\\\/fondazione-progetto-uomo-4-corsi-di-formazione-in-programma-a-vittorio-veneto\\\/#primaryimage\",\"url\":\"http:\\\/\\\/www.bellunopress.it\\\/wp-content\\\/uploads\\\/2010\\\/02\\\/progetto-uomo-leggera.jpg\",\"contentUrl\":\"http:\\\/\\\/www.bellunopress.it\\\/wp-content\\\/uploads\\\/2010\\\/02\\\/progetto-uomo-leggera.jpg\"},{\"@type\":\"BreadcrumbList\",\"@id\":\"https:\\\/\\\/www.bellunopress.it\\\/2010\\\/02\\\/03\\\/fondazione-progetto-uomo-4-corsi-di-formazione-in-programma-a-vittorio-veneto\\\/#breadcrumb\",\"itemListElement\":[{\"@type\":\"ListItem\",\"position\":1,\"name\":\"Home\",\"item\":\"https:\\\/\\\/www.bellunopress.it\\\/\"},{\"@type\":\"ListItem\",\"position\":2,\"name\":\"Fondazione Progetto Uomo: 4 corsi di formazione in programma a Vittorio Veneto\"}]},{\"@type\":\"WebSite\",\"@id\":\"https:\\\/\\\/www.bellunopress.it\\\/#website\",\"url\":\"https:\\\/\\\/www.bellunopress.it\\\/\",\"name\":\"Bellunopress - Dolomiti\",\"description\":\"e-mail: redazione@bellunopress.it\",\"publisher\":{\"@id\":\"https:\\\/\\\/www.bellunopress.it\\\/#organization\"},\"potentialAction\":[{\"@type\":\"SearchAction\",\"target\":{\"@type\":\"EntryPoint\",\"urlTemplate\":\"https:\\\/\\\/www.bellunopress.it\\\/?s={search_term_string}\"},\"query-input\":{\"@type\":\"PropertyValueSpecification\",\"valueRequired\":true,\"valueName\":\"search_term_string\"}}],\"inLanguage\":\"fr-FR\"},{\"@type\":\"Organization\",\"@id\":\"https:\\\/\\\/www.bellunopress.it\\\/#organization\",\"name\":\"Bellunopress\",\"url\":\"https:\\\/\\\/www.bellunopress.it\\\/\",\"logo\":{\"@type\":\"ImageObject\",\"inLanguage\":\"fr-FR\",\"@id\":\"https:\\\/\\\/www.bellunopress.it\\\/#\\\/schema\\\/logo\\\/image\\\/\",\"url\":\"https:\\\/\\\/www.bellunopress.it\\\/wp-content\\\/uploads\\\/2011\\\/05\\\/cropped-logo-bellunopress-.jpg\",\"contentUrl\":\"https:\\\/\\\/www.bellunopress.it\\\/wp-content\\\/uploads\\\/2011\\\/05\\\/cropped-logo-bellunopress-.jpg\",\"width\":512,\"height\":512,\"caption\":\"Bellunopress\"},\"image\":{\"@id\":\"https:\\\/\\\/www.bellunopress.it\\\/#\\\/schema\\\/logo\\\/image\\\/\"},\"sameAs\":[\"https:\\\/\\\/www.facebook.com\\\/profile.php?id=100008943462799\",\"https:\\\/\\\/x.com\\\/bellunopress\",\"https:\\\/\\\/www.linkedin.com\\\/hp\\\/?dnr=JBzUWaJfMUw8vbXJJ2tVW5-I3jZKvC4wsoxE&amp;amp;amp;amp;amp;amp;trk=nav_responsive_tab_home\",\"https:\\\/\\\/www.youtube.com\\\/channel\\\/UCxL0wu1uN0_3_7hGG0306cw\"]},{\"@type\":\"Person\",\"@id\":\"https:\\\/\\\/www.bellunopress.it\\\/#\\\/schema\\\/person\\\/79bb06722b37ece1c03d3e94beb30d73\",\"name\":\"redazione\",\"image\":{\"@type\":\"ImageObject\",\"inLanguage\":\"fr-FR\",\"@id\":\"https:\\\/\\\/secure.gravatar.com\\\/avatar\\\/37d968a2e67a6fd04c169c4bdef102d0bc5d31b2546345219e348575eb80e9a0?s=96&d=mm&r=g\",\"url\":\"https:\\\/\\\/secure.gravatar.com\\\/avatar\\\/37d968a2e67a6fd04c169c4bdef102d0bc5d31b2546345219e348575eb80e9a0?s=96&d=mm&r=g\",\"contentUrl\":\"https:\\\/\\\/secure.gravatar.com\\\/avatar\\\/37d968a2e67a6fd04c169c4bdef102d0bc5d31b2546345219e348575eb80e9a0?s=96&d=mm&r=g\",\"caption\":\"redazione\"},\"sameAs\":[\"http:\\\/\\\/www.bellunopress.it\",\"https:\\\/\\\/x.com\\\/bellunopress\"],\"url\":\"https:\\\/\\\/www.bellunopress.it\\\/fr\\\/author\\\/redazione\\\/\"}]}<\/script>\n<!-- \/ Yoast SEO plugin. -->","yoast_head_json":{"title":"Fondazione Progetto Uomo: 4 corsi di formazione in programma a Vittorio Veneto - Bellunopress - Dolomiti","robots":{"index":"index","follow":"follow","max-snippet":"max-snippet:-1","max-image-preview":"max-image-preview:large","max-video-preview":"max-video-preview:-1"},"canonical":"https:\/\/www.bellunopress.it\/fr\/2010\/02\/03\/fondazione-progetto-uomo-4-corsi-di-formazione-in-programma-a-vittorio-veneto\/","og_locale":"fr_FR","og_type":"article","og_title":"Fondazione Progetto Uomo: 4 corsi di formazione in programma a Vittorio Veneto - Bellunopress - Dolomiti","og_description":"Il Polo Universitario della Fondazione Progetto Uomo a Vittorio Veneto ospita nel 2010 ben 4 corsi: il Master Biennale in Pedagogia Clinica al suo 2\u00b0 anno, il Corso Annuale di Specializzazione in Psicopatologia dell\u2019Apprendimento che ha preso il via venerd\u00ec 29 gennaio , il Corso Annuale di Psicomotricit\u00e0 ed Espressione Grafica che inizia sabato 6 [&hellip;]","og_url":"https:\/\/www.bellunopress.it\/fr\/2010\/02\/03\/fondazione-progetto-uomo-4-corsi-di-formazione-in-programma-a-vittorio-veneto\/","og_site_name":"Bellunopress - Dolomiti","article_publisher":"https:\/\/www.facebook.com\/profile.php?id=100008943462799","article_published_time":"2010-02-03T11:10:28+00:00","og_image":[{"url":"http:\/\/www.bellunopress.it\/wp-content\/uploads\/2010\/02\/progetto-uomo-leggera.jpg","type":"","width":"","height":""}],"author":"redazione","twitter_card":"summary_large_image","twitter_creator":"@bellunopress","twitter_site":"@bellunopress","twitter_misc":{"\u00c9crit par":"redazione","Dur\u00e9e de lecture estim\u00e9e":"1 minute"},"schema":{"@context":"https:\/\/schema.org","@graph":[{"@type":"Article","@id":"https:\/\/www.bellunopress.it\/2010\/02\/03\/fondazione-progetto-uomo-4-corsi-di-formazione-in-programma-a-vittorio-veneto\/#article","isPartOf":{"@id":"https:\/\/www.bellunopress.it\/2010\/02\/03\/fondazione-progetto-uomo-4-corsi-di-formazione-in-programma-a-vittorio-veneto\/"},"author":{"name":"redazione","@id":"https:\/\/www.bellunopress.it\/#\/schema\/person\/79bb06722b37ece1c03d3e94beb30d73"},"headline":"Fondazione Progetto Uomo: 4 corsi di formazione in programma a Vittorio Veneto","datePublished":"2010-02-03T11:10:28+00:00","mainEntityOfPage":{"@id":"https:\/\/www.bellunopress.it\/2010\/02\/03\/fondazione-progetto-uomo-4-corsi-di-formazione-in-programma-a-vittorio-veneto\/"},"wordCount":197,"publisher":{"@id":"https:\/\/www.bellunopress.it\/#organization"},"image":{"@id":"https:\/\/www.bellunopress.it\/2010\/02\/03\/fondazione-progetto-uomo-4-corsi-di-formazione-in-programma-a-vittorio-veneto\/#primaryimage"},"thumbnailUrl":"http:\/\/www.bellunopress.it\/wp-content\/uploads\/2010\/02\/progetto-uomo-leggera.jpg","keywords":["Belluno"],"articleSection":["Cronaca\/Politica","Prima Pagina","Scuola"],"inLanguage":"fr-FR"},{"@type":"WebPage","@id":"https:\/\/www.bellunopress.it\/2010\/02\/03\/fondazione-progetto-uomo-4-corsi-di-formazione-in-programma-a-vittorio-veneto\/","url":"https:\/\/www.bellunopress.it\/2010\/02\/03\/fondazione-progetto-uomo-4-corsi-di-formazione-in-programma-a-vittorio-veneto\/","name":"Fondazione Progetto Uomo: 4 corsi di formazione in programma a Vittorio Veneto - Bellunopress - Dolomiti","isPartOf":{"@id":"https:\/\/www.bellunopress.it\/#website"},"primaryImageOfPage":{"@id":"https:\/\/www.bellunopress.it\/2010\/02\/03\/fondazione-progetto-uomo-4-corsi-di-formazione-in-programma-a-vittorio-veneto\/#primaryimage"},"image":{"@id":"https:\/\/www.bellunopress.it\/2010\/02\/03\/fondazione-progetto-uomo-4-corsi-di-formazione-in-programma-a-vittorio-veneto\/#primaryimage"},"thumbnailUrl":"http:\/\/www.bellunopress.it\/wp-content\/uploads\/2010\/02\/progetto-uomo-leggera.jpg","datePublished":"2010-02-03T11:10:28+00:00","breadcrumb":{"@id":"https:\/\/www.bellunopress.it\/2010\/02\/03\/fondazione-progetto-uomo-4-corsi-di-formazione-in-programma-a-vittorio-veneto\/#breadcrumb"},"inLanguage":"fr-FR","potentialAction":[{"@type":"ReadAction","target":["https:\/\/www.bellunopress.it\/2010\/02\/03\/fondazione-progetto-uomo-4-corsi-di-formazione-in-programma-a-vittorio-veneto\/"]}]},{"@type":"ImageObject","inLanguage":"fr-FR","@id":"https:\/\/www.bellunopress.it\/2010\/02\/03\/fondazione-progetto-uomo-4-corsi-di-formazione-in-programma-a-vittorio-veneto\/#primaryimage","url":"http:\/\/www.bellunopress.it\/wp-content\/uploads\/2010\/02\/progetto-uomo-leggera.jpg","contentUrl":"http:\/\/www.bellunopress.it\/wp-content\/uploads\/2010\/02\/progetto-uomo-leggera.jpg"},{"@type":"BreadcrumbList","@id":"https:\/\/www.bellunopress.it\/2010\/02\/03\/fondazione-progetto-uomo-4-corsi-di-formazione-in-programma-a-vittorio-veneto\/#breadcrumb","itemListElement":[{"@type":"ListItem","position":1,"name":"Home","item":"https:\/\/www.bellunopress.it\/"},{"@type":"ListItem","position":2,"name":"Fondazione Progetto Uomo: 4 corsi di formazione in programma a Vittorio Veneto"}]},{"@type":"WebSite","@id":"https:\/\/www.bellunopress.it\/#website","url":"https:\/\/www.bellunopress.it\/","name":"Bellunopress - Dolomiti","description":"e-mail: redazione@bellunopress.it","publisher":{"@id":"https:\/\/www.bellunopress.it\/#organization"},"potentialAction":[{"@type":"SearchAction","target":{"@type":"EntryPoint","urlTemplate":"https:\/\/www.bellunopress.it\/?s={search_term_string}"},"query-input":{"@type":"PropertyValueSpecification","valueRequired":true,"valueName":"search_term_string"}}],"inLanguage":"fr-FR"},{"@type":"Organization","@id":"https:\/\/www.bellunopress.it\/#organization","name":"Bellunopress","url":"https:\/\/www.bellunopress.it\/","logo":{"@type":"ImageObject","inLanguage":"fr-FR","@id":"https:\/\/www.bellunopress.it\/#\/schema\/logo\/image\/","url":"https:\/\/www.bellunopress.it\/wp-content\/uploads\/2011\/05\/cropped-logo-bellunopress-.jpg","contentUrl":"https:\/\/www.bellunopress.it\/wp-content\/uploads\/2011\/05\/cropped-logo-bellunopress-.jpg","width":512,"height":512,"caption":"Bellunopress"},"image":{"@id":"https:\/\/www.bellunopress.it\/#\/schema\/logo\/image\/"},"sameAs":["https:\/\/www.facebook.com\/profile.php?id=100008943462799","https:\/\/x.com\/bellunopress","https:\/\/www.linkedin.com\/hp\/?dnr=JBzUWaJfMUw8vbXJJ2tVW5-I3jZKvC4wsoxE&amp;amp;amp;amp;amp;amp;trk=nav_responsive_tab_home","https:\/\/www.youtube.com\/channel\/UCxL0wu1uN0_3_7hGG0306cw"]},{"@type":"Person","@id":"https:\/\/www.bellunopress.it\/#\/schema\/person\/79bb06722b37ece1c03d3e94beb30d73","name":"r\u00e9daction","image":{"@type":"ImageObject","inLanguage":"fr-FR","@id":"https:\/\/secure.gravatar.com\/avatar\/37d968a2e67a6fd04c169c4bdef102d0bc5d31b2546345219e348575eb80e9a0?s=96&d=mm&r=g","url":"https:\/\/secure.gravatar.com\/avatar\/37d968a2e67a6fd04c169c4bdef102d0bc5d31b2546345219e348575eb80e9a0?s=96&d=mm&r=g","contentUrl":"https:\/\/secure.gravatar.com\/avatar\/37d968a2e67a6fd04c169c4bdef102d0bc5d31b2546345219e348575eb80e9a0?s=96&d=mm&r=g","caption":"redazione"},"sameAs":["http:\/\/www.bellunopress.it","https:\/\/x.com\/bellunopress"],"url":"https:\/\/www.bellunopress.it\/fr\/author\/redazione\/"}]}},"_links":{"self":[{"href":"https:\/\/www.bellunopress.it\/fr\/wp-json\/wp\/v2\/posts\/12092","targetHints":{"allow":["GET"]}}],"collection":[{"href":"https:\/\/www.bellunopress.it\/fr\/wp-json\/wp\/v2\/posts"}],"about":[{"href":"https:\/\/www.bellunopress.it\/fr\/wp-json\/wp\/v2\/types\/post"}],"author":[{"embeddable":true,"href":"https:\/\/www.bellunopress.it\/fr\/wp-json\/wp\/v2\/users\/2"}],"replies":[{"embeddable":true,"href":"https:\/\/www.bellunopress.it\/fr\/wp-json\/wp\/v2\/comments?post=12092"}],"version-history":[{"count":1,"href":"https:\/\/www.bellunopress.it\/fr\/wp-json\/wp\/v2\/posts\/12092\/revisions"}],"predecessor-version":[{"id":12095,"href":"https:\/\/www.bellunopress.it\/fr\/wp-json\/wp\/v2\/posts\/12092\/revisions\/12095"}],"wp:attachment":[{"href":"https:\/\/www.bellunopress.it\/fr\/wp-json\/wp\/v2\/media?parent=12092"}],"wp:term":[{"taxonomy":"category","embeddable":true,"href":"https:\/\/www.bellunopress.it\/fr\/wp-json\/wp\/v2\/categories?post=12092"},{"taxonomy":"post_tag","embeddable":true,"href":"https:\/\/www.bellunopress.it\/fr\/wp-json\/wp\/v2\/tags?post=12092"}],"curies":[{"name":"wp","href":"https:\/\/api.w.org\/{rel}","templated":true}]}}