{"id":12088,"date":"2010-02-02T20:57:26","date_gmt":"2010-02-02T19:57:26","guid":{"rendered":"http:\/\/www.bellunopress.it\/?p=12088"},"modified":"2010-02-02T20:57:26","modified_gmt":"2010-02-02T19:57:26","slug":"il-rugby-de-laquila-inaugura-due-moduli-abitativi-donati-dal-comitato-dintesa-di-belluno-sabato-la-cerimonia-di-inaugurazione-i-prefabbricati-saranno-la-segreteria-e-la-sala-riunioni","status":"publish","type":"post","link":"https:\/\/www.bellunopress.it\/fr\/2010\/02\/02\/il-rugby-de-laquila-inaugura-due-moduli-abitativi-donati-dal-comitato-dintesa-di-belluno-sabato-la-cerimonia-di-inaugurazione-i-prefabbricati-saranno-la-segreteria-e-la-sala-riunioni\/","title":{"rendered":"Il Rugby de L&#8217;Aquila inaugura due moduli abitativi donati  dal Comitato d&#8217;intesa di Belluno. Sabato la cerimonia di inaugurazione. I prefabbricati saranno la segreteria e la sala riunioni"},"content":{"rendered":"<p>I due moduli abitativi donati dal Comitato d\u2019Intesa di Belluno al Comitato Rugby Abruzzese sono diventati\u00a0 segreteria e sala riunioni del Centro Regionale Abruzzese della Federazione Italiana Rugby a L\u2019Aquila. La cerimonia di inaugurazione\u00a0 si \u00e8 svolta sabato scorso nel capoluogo abruzzese, presso gli impianti sportivi \u201cCenti Colella\u201d, alla presenza dei vertici del rugby regionale e nazionale. Da Belluno, in rappresentanza del Comitato d\u2019Intesa e del rugby provinciale e veneto sono scesi Giancarlo Pasa, Antonio Manzotti e Roberto Bortolato, che hanno incontrato il presidente del Comitato Fir abruzzese Angelo Trombetta e Pierluigi Barnab\u00f2 in rappresentanza della Fir nazionale. La cerimonia, sobria ma significativa, ha visto la partecipazione delle massime autorit\u00e0 de L\u2019Aquila a sottolineare l\u2019importanza dell\u2019evento. Quello di Centi Colella \u00e8 infatti ad oggi ancora l\u2019unico campo disponibile nella citt\u00e0 de L\u2019Aquila dopo il terremoto per la pratica del rugby, soprattutto a livello giovanile. Vi giocano pi\u00f9 di 450 ragazzi e a questo centro del Comitato regionale fanno capo ben 16 societ\u00e0. I due moduli abitativi donati dal Comitato d\u2019Intesa di Belluno, sottoposti al rifacimento del tetto e del pavimento, hanno permesso quindi di riprendere l\u2019attivit\u00e0 organizzativa del rugby aquilano, fornendo spazi adeguati per incontri, riunioni e la programmazione sportiva. Nel suo intervento nel corso della cerimonia Antonio Manzotti ha portato i saluti del rugby bellunese e del Comitato d\u2019Intesa, in rappresentanza del presidente Giorgio Zampieri, sottolineando la presenza concreta del volontariato nei momenti di bisogno e difficolt\u00e0 e rafforzando ulteriormente il gi\u00e0 ottimo sodalizio tra Belluno e l\u2019Aquila. I due moduli abitativi installati a L\u2019Aquila \u2013 ha ricordato Manzotti &#8211; erano gi\u00e0 stati utilizzati pi\u00f9 di dieci anni fa nel dopo terremoto dell\u2019Umbria ed oggi sono tornati a rispondere alle esigenze di una nuova emergenza, il sisma abruzzese. In perfetta sintonia con la missione di solidariet\u00e0 che contraddistingue lo sport e il volontariato della provincia di Belluno. \u201cL\u2019auspicio \u2013 afferma il presidente del Comitato d\u2019Intesa Giorgio Zampieri nel messaggio inviato a L\u2019Aquila in occasione dell\u2019inaugurazione &#8211; \u00e8 che davvero, anche se gradualmente, l\u2019attivit\u00e0 organizzativa e agonistica torni ad essere uno dei momenti importanti della vita sociale locale. E se questo sar\u00e0\u00a0 possibile anche grazie al concorso del volontariato bellunese, non possiamo che sentirci\u00a0 onorati e gratificati. Questo consente di far emergere, ancora di pi\u00f9, la consapevolezza dell\u2019elevata soglia di valore sociale aggiunto che si \u00e8 potuto produrre nelle nostre due comunit\u00e0 con questa collaborazione che ben \u00e8 rispecchiata nel vostro invito all\u2019inaugurazione: ricominciamo da qui\u2026 E\u2019 senz\u2019altro il miglior modo per ricostruire e ricostruirsi\u201d.<\/p>","protected":false},"excerpt":{"rendered":"<p>I due moduli abitativi donati dal Comitato d\u2019Intesa di Belluno al Comitato Rugby Abruzzese sono diventati\u00a0 segreteria e sala riunioni del Centro Regionale Abruzzese della Federazione Italiana Rugby a L\u2019Aquila. La cerimonia di inaugurazione\u00a0 si \u00e8 svolta sabato scorso nel capoluogo abruzzese, presso gli impianti sportivi \u201cCenti Colella\u201d, alla presenza dei vertici del rugby regionale [&hellip;]<\/p>\n","protected":false},"author":2,"featured_media":0,"comment_status":"closed","ping_status":"open","sticky":false,"template":"","format":"standard","meta":{"footnotes":""},"categories":[1],"tags":[139],"class_list":["post-12088","post","type-post","status-publish","format-standard","category-leo","tag-belluno"],"yoast_head":"<!-- This site is optimized with the Yoast SEO plugin v28.4 - https:\/\/yoast.com\/product\/yoast-seo-wordpress\/ -->\n<title>Il Rugby de L&#039;Aquila inaugura due moduli abitativi donati dal Comitato d&#039;intesa di Belluno. Sabato la cerimonia di inaugurazione. I prefabbricati saranno la segreteria e la sala riunioni  - Bellunopress - Dolomiti<\/title>\n<meta name=\"robots\" content=\"index, follow, max-snippet:-1, max-image-preview:large, max-video-preview:-1\" \/>\n<link rel=\"canonical\" href=\"https:\/\/www.bellunopress.it\/fr\/2010\/02\/02\/il-rugby-de-laquila-inaugura-due-moduli-abitativi-donati-dal-comitato-dintesa-di-belluno-sabato-la-cerimonia-di-inaugurazione-i-prefabbricati-saranno-la-segreteria-e-la-sala-riunioni\/\" \/>\n<meta property=\"og:locale\" content=\"fr_FR\" \/>\n<meta property=\"og:type\" content=\"article\" \/>\n<meta property=\"og:title\" content=\"Il Rugby de L&#039;Aquila inaugura due moduli abitativi donati dal Comitato d&#039;intesa di Belluno. Sabato la cerimonia di inaugurazione. I prefabbricati saranno la segreteria e la sala riunioni  - Bellunopress - Dolomiti\" \/>\n<meta property=\"og:description\" content=\"I due moduli abitativi donati dal Comitato d\u2019Intesa di Belluno al Comitato Rugby Abruzzese sono diventati\u00a0 segreteria e sala riunioni del Centro Regionale Abruzzese della Federazione Italiana Rugby a L\u2019Aquila. La cerimonia di inaugurazione\u00a0 si \u00e8 svolta sabato scorso nel capoluogo abruzzese, presso gli impianti sportivi \u201cCenti Colella\u201d, alla presenza dei vertici del rugby regionale [&hellip;]\" \/>\n<meta property=\"og:url\" content=\"https:\/\/www.bellunopress.it\/fr\/2010\/02\/02\/il-rugby-de-laquila-inaugura-due-moduli-abitativi-donati-dal-comitato-dintesa-di-belluno-sabato-la-cerimonia-di-inaugurazione-i-prefabbricati-saranno-la-segreteria-e-la-sala-riunioni\/\" \/>\n<meta property=\"og:site_name\" content=\"Bellunopress - Dolomiti\" \/>\n<meta property=\"article:publisher\" content=\"https:\/\/www.facebook.com\/profile.php?id=100008943462799\" \/>\n<meta property=\"article:published_time\" content=\"2010-02-02T19:57:26+00:00\" \/>\n<meta property=\"og:image\" content=\"http:\/\/www.bellunopress.it\/wp-content\/uploads\/2012\/07\/logo-bellunopress-250x250-2012.jpg\" \/>\n<meta name=\"author\" content=\"redazione\" \/>\n<meta name=\"twitter:card\" content=\"summary_large_image\" \/>\n<meta name=\"twitter:creator\" content=\"@bellunopress\" \/>\n<meta name=\"twitter:site\" content=\"@bellunopress\" \/>\n<meta name=\"twitter:label1\" content=\"\u00c9crit par\" \/>\n\t<meta name=\"twitter:data1\" content=\"redazione\" \/>\n\t<meta name=\"twitter:label2\" content=\"Dur\u00e9e de lecture estim\u00e9e\" \/>\n\t<meta name=\"twitter:data2\" content=\"2 minutes\" \/>\n<script type=\"application\/ld+json\" class=\"yoast-schema-graph\">{\"@context\":\"https:\\\/\\\/schema.org\",\"@graph\":[{\"@type\":\"Article\",\"@id\":\"https:\\\/\\\/www.bellunopress.it\\\/2010\\\/02\\\/02\\\/il-rugby-de-laquila-inaugura-due-moduli-abitativi-donati-dal-comitato-dintesa-di-belluno-sabato-la-cerimonia-di-inaugurazione-i-prefabbricati-saranno-la-segreteria-e-la-sala-riunioni\\\/#article\",\"isPartOf\":{\"@id\":\"https:\\\/\\\/www.bellunopress.it\\\/2010\\\/02\\\/02\\\/il-rugby-de-laquila-inaugura-due-moduli-abitativi-donati-dal-comitato-dintesa-di-belluno-sabato-la-cerimonia-di-inaugurazione-i-prefabbricati-saranno-la-segreteria-e-la-sala-riunioni\\\/\"},\"author\":{\"name\":\"redazione\",\"@id\":\"https:\\\/\\\/www.bellunopress.it\\\/#\\\/schema\\\/person\\\/79bb06722b37ece1c03d3e94beb30d73\"},\"headline\":\"Il Rugby de L&#8217;Aquila inaugura due moduli abitativi donati dal Comitato d&#8217;intesa di Belluno. Sabato la cerimonia di inaugurazione. I prefabbricati saranno la segreteria e la sala riunioni\",\"datePublished\":\"2010-02-02T19:57:26+00:00\",\"mainEntityOfPage\":{\"@id\":\"https:\\\/\\\/www.bellunopress.it\\\/2010\\\/02\\\/02\\\/il-rugby-de-laquila-inaugura-due-moduli-abitativi-donati-dal-comitato-dintesa-di-belluno-sabato-la-cerimonia-di-inaugurazione-i-prefabbricati-saranno-la-segreteria-e-la-sala-riunioni\\\/\"},\"wordCount\":458,\"publisher\":{\"@id\":\"https:\\\/\\\/www.bellunopress.it\\\/#organization\"},\"keywords\":[\"Belluno\"],\"articleSection\":[\"Lettere Opinioni\"],\"inLanguage\":\"fr-FR\"},{\"@type\":\"WebPage\",\"@id\":\"https:\\\/\\\/www.bellunopress.it\\\/2010\\\/02\\\/02\\\/il-rugby-de-laquila-inaugura-due-moduli-abitativi-donati-dal-comitato-dintesa-di-belluno-sabato-la-cerimonia-di-inaugurazione-i-prefabbricati-saranno-la-segreteria-e-la-sala-riunioni\\\/\",\"url\":\"https:\\\/\\\/www.bellunopress.it\\\/2010\\\/02\\\/02\\\/il-rugby-de-laquila-inaugura-due-moduli-abitativi-donati-dal-comitato-dintesa-di-belluno-sabato-la-cerimonia-di-inaugurazione-i-prefabbricati-saranno-la-segreteria-e-la-sala-riunioni\\\/\",\"name\":\"Il Rugby de L'Aquila inaugura due moduli abitativi donati dal Comitato d'intesa di Belluno. Sabato la cerimonia di inaugurazione. I prefabbricati saranno la segreteria e la sala riunioni - Bellunopress - Dolomiti\",\"isPartOf\":{\"@id\":\"https:\\\/\\\/www.bellunopress.it\\\/#website\"},\"datePublished\":\"2010-02-02T19:57:26+00:00\",\"breadcrumb\":{\"@id\":\"https:\\\/\\\/www.bellunopress.it\\\/2010\\\/02\\\/02\\\/il-rugby-de-laquila-inaugura-due-moduli-abitativi-donati-dal-comitato-dintesa-di-belluno-sabato-la-cerimonia-di-inaugurazione-i-prefabbricati-saranno-la-segreteria-e-la-sala-riunioni\\\/#breadcrumb\"},\"inLanguage\":\"fr-FR\",\"potentialAction\":[{\"@type\":\"ReadAction\",\"target\":[\"https:\\\/\\\/www.bellunopress.it\\\/2010\\\/02\\\/02\\\/il-rugby-de-laquila-inaugura-due-moduli-abitativi-donati-dal-comitato-dintesa-di-belluno-sabato-la-cerimonia-di-inaugurazione-i-prefabbricati-saranno-la-segreteria-e-la-sala-riunioni\\\/\"]}]},{\"@type\":\"BreadcrumbList\",\"@id\":\"https:\\\/\\\/www.bellunopress.it\\\/2010\\\/02\\\/02\\\/il-rugby-de-laquila-inaugura-due-moduli-abitativi-donati-dal-comitato-dintesa-di-belluno-sabato-la-cerimonia-di-inaugurazione-i-prefabbricati-saranno-la-segreteria-e-la-sala-riunioni\\\/#breadcrumb\",\"itemListElement\":[{\"@type\":\"ListItem\",\"position\":1,\"name\":\"Home\",\"item\":\"https:\\\/\\\/www.bellunopress.it\\\/\"},{\"@type\":\"ListItem\",\"position\":2,\"name\":\"Il Rugby de L&#8217;Aquila inaugura due moduli abitativi donati dal Comitato d&#8217;intesa di Belluno. Sabato la cerimonia di inaugurazione. I prefabbricati saranno la segreteria e la sala riunioni\"}]},{\"@type\":\"WebSite\",\"@id\":\"https:\\\/\\\/www.bellunopress.it\\\/#website\",\"url\":\"https:\\\/\\\/www.bellunopress.it\\\/\",\"name\":\"Bellunopress - Dolomiti\",\"description\":\"e-mail: redazione@bellunopress.it\",\"publisher\":{\"@id\":\"https:\\\/\\\/www.bellunopress.it\\\/#organization\"},\"potentialAction\":[{\"@type\":\"SearchAction\",\"target\":{\"@type\":\"EntryPoint\",\"urlTemplate\":\"https:\\\/\\\/www.bellunopress.it\\\/?s={search_term_string}\"},\"query-input\":{\"@type\":\"PropertyValueSpecification\",\"valueRequired\":true,\"valueName\":\"search_term_string\"}}],\"inLanguage\":\"fr-FR\"},{\"@type\":\"Organization\",\"@id\":\"https:\\\/\\\/www.bellunopress.it\\\/#organization\",\"name\":\"Bellunopress\",\"url\":\"https:\\\/\\\/www.bellunopress.it\\\/\",\"logo\":{\"@type\":\"ImageObject\",\"inLanguage\":\"fr-FR\",\"@id\":\"https:\\\/\\\/www.bellunopress.it\\\/#\\\/schema\\\/logo\\\/image\\\/\",\"url\":\"https:\\\/\\\/www.bellunopress.it\\\/wp-content\\\/uploads\\\/2011\\\/05\\\/cropped-logo-bellunopress-.jpg\",\"contentUrl\":\"https:\\\/\\\/www.bellunopress.it\\\/wp-content\\\/uploads\\\/2011\\\/05\\\/cropped-logo-bellunopress-.jpg\",\"width\":512,\"height\":512,\"caption\":\"Bellunopress\"},\"image\":{\"@id\":\"https:\\\/\\\/www.bellunopress.it\\\/#\\\/schema\\\/logo\\\/image\\\/\"},\"sameAs\":[\"https:\\\/\\\/www.facebook.com\\\/profile.php?id=100008943462799\",\"https:\\\/\\\/x.com\\\/bellunopress\",\"https:\\\/\\\/www.linkedin.com\\\/hp\\\/?dnr=JBzUWaJfMUw8vbXJJ2tVW5-I3jZKvC4wsoxE&amp;amp;amp;amp;amp;amp;trk=nav_responsive_tab_home\",\"https:\\\/\\\/www.youtube.com\\\/channel\\\/UCxL0wu1uN0_3_7hGG0306cw\"]},{\"@type\":\"Person\",\"@id\":\"https:\\\/\\\/www.bellunopress.it\\\/#\\\/schema\\\/person\\\/79bb06722b37ece1c03d3e94beb30d73\",\"name\":\"redazione\",\"image\":{\"@type\":\"ImageObject\",\"inLanguage\":\"fr-FR\",\"@id\":\"https:\\\/\\\/secure.gravatar.com\\\/avatar\\\/37d968a2e67a6fd04c169c4bdef102d0bc5d31b2546345219e348575eb80e9a0?s=96&d=mm&r=g\",\"url\":\"https:\\\/\\\/secure.gravatar.com\\\/avatar\\\/37d968a2e67a6fd04c169c4bdef102d0bc5d31b2546345219e348575eb80e9a0?s=96&d=mm&r=g\",\"contentUrl\":\"https:\\\/\\\/secure.gravatar.com\\\/avatar\\\/37d968a2e67a6fd04c169c4bdef102d0bc5d31b2546345219e348575eb80e9a0?s=96&d=mm&r=g\",\"caption\":\"redazione\"},\"sameAs\":[\"http:\\\/\\\/www.bellunopress.it\",\"https:\\\/\\\/x.com\\\/bellunopress\"],\"url\":\"https:\\\/\\\/www.bellunopress.it\\\/fr\\\/author\\\/redazione\\\/\"}]}<\/script>\n<!-- \/ Yoast SEO plugin. -->","yoast_head_json":{"title":"Il Rugby de L'Aquila inaugura due moduli abitativi donati dal Comitato d'intesa di Belluno. Sabato la cerimonia di inaugurazione. I prefabbricati saranno la segreteria e la sala riunioni  - Bellunopress - Dolomiti","robots":{"index":"index","follow":"follow","max-snippet":"max-snippet:-1","max-image-preview":"max-image-preview:large","max-video-preview":"max-video-preview:-1"},"canonical":"https:\/\/www.bellunopress.it\/fr\/2010\/02\/02\/il-rugby-de-laquila-inaugura-due-moduli-abitativi-donati-dal-comitato-dintesa-di-belluno-sabato-la-cerimonia-di-inaugurazione-i-prefabbricati-saranno-la-segreteria-e-la-sala-riunioni\/","og_locale":"fr_FR","og_type":"article","og_title":"Il Rugby de L'Aquila inaugura due moduli abitativi donati dal Comitato d'intesa di Belluno. Sabato la cerimonia di inaugurazione. I prefabbricati saranno la segreteria e la sala riunioni  - Bellunopress - Dolomiti","og_description":"I due moduli abitativi donati dal Comitato d\u2019Intesa di Belluno al Comitato Rugby Abruzzese sono diventati\u00a0 segreteria e sala riunioni del Centro Regionale Abruzzese della Federazione Italiana Rugby a L\u2019Aquila. La cerimonia di inaugurazione\u00a0 si \u00e8 svolta sabato scorso nel capoluogo abruzzese, presso gli impianti sportivi \u201cCenti Colella\u201d, alla presenza dei vertici del rugby regionale [&hellip;]","og_url":"https:\/\/www.bellunopress.it\/fr\/2010\/02\/02\/il-rugby-de-laquila-inaugura-due-moduli-abitativi-donati-dal-comitato-dintesa-di-belluno-sabato-la-cerimonia-di-inaugurazione-i-prefabbricati-saranno-la-segreteria-e-la-sala-riunioni\/","og_site_name":"Bellunopress - Dolomiti","article_publisher":"https:\/\/www.facebook.com\/profile.php?id=100008943462799","article_published_time":"2010-02-02T19:57:26+00:00","og_image":[{"url":"http:\/\/www.bellunopress.it\/wp-content\/uploads\/2012\/07\/logo-bellunopress-250x250-2012.jpg","type":"","width":"","height":""}],"author":"redazione","twitter_card":"summary_large_image","twitter_creator":"@bellunopress","twitter_site":"@bellunopress","twitter_misc":{"\u00c9crit par":"redazione","Dur\u00e9e de lecture estim\u00e9e":"2 minutes"},"schema":{"@context":"https:\/\/schema.org","@graph":[{"@type":"Article","@id":"https:\/\/www.bellunopress.it\/2010\/02\/02\/il-rugby-de-laquila-inaugura-due-moduli-abitativi-donati-dal-comitato-dintesa-di-belluno-sabato-la-cerimonia-di-inaugurazione-i-prefabbricati-saranno-la-segreteria-e-la-sala-riunioni\/#article","isPartOf":{"@id":"https:\/\/www.bellunopress.it\/2010\/02\/02\/il-rugby-de-laquila-inaugura-due-moduli-abitativi-donati-dal-comitato-dintesa-di-belluno-sabato-la-cerimonia-di-inaugurazione-i-prefabbricati-saranno-la-segreteria-e-la-sala-riunioni\/"},"author":{"name":"redazione","@id":"https:\/\/www.bellunopress.it\/#\/schema\/person\/79bb06722b37ece1c03d3e94beb30d73"},"headline":"Il Rugby de L&#8217;Aquila inaugura due moduli abitativi donati dal Comitato d&#8217;intesa di Belluno. Sabato la cerimonia di inaugurazione. I prefabbricati saranno la segreteria e la sala riunioni","datePublished":"2010-02-02T19:57:26+00:00","mainEntityOfPage":{"@id":"https:\/\/www.bellunopress.it\/2010\/02\/02\/il-rugby-de-laquila-inaugura-due-moduli-abitativi-donati-dal-comitato-dintesa-di-belluno-sabato-la-cerimonia-di-inaugurazione-i-prefabbricati-saranno-la-segreteria-e-la-sala-riunioni\/"},"wordCount":458,"publisher":{"@id":"https:\/\/www.bellunopress.it\/#organization"},"keywords":["Belluno"],"articleSection":["Lettere Opinioni"],"inLanguage":"fr-FR"},{"@type":"WebPage","@id":"https:\/\/www.bellunopress.it\/2010\/02\/02\/il-rugby-de-laquila-inaugura-due-moduli-abitativi-donati-dal-comitato-dintesa-di-belluno-sabato-la-cerimonia-di-inaugurazione-i-prefabbricati-saranno-la-segreteria-e-la-sala-riunioni\/","url":"https:\/\/www.bellunopress.it\/2010\/02\/02\/il-rugby-de-laquila-inaugura-due-moduli-abitativi-donati-dal-comitato-dintesa-di-belluno-sabato-la-cerimonia-di-inaugurazione-i-prefabbricati-saranno-la-segreteria-e-la-sala-riunioni\/","name":"Il Rugby de L'Aquila inaugura due moduli abitativi donati dal Comitato d'intesa di Belluno. Sabato la cerimonia di inaugurazione. I prefabbricati saranno la segreteria e la sala riunioni - Bellunopress - Dolomiti","isPartOf":{"@id":"https:\/\/www.bellunopress.it\/#website"},"datePublished":"2010-02-02T19:57:26+00:00","breadcrumb":{"@id":"https:\/\/www.bellunopress.it\/2010\/02\/02\/il-rugby-de-laquila-inaugura-due-moduli-abitativi-donati-dal-comitato-dintesa-di-belluno-sabato-la-cerimonia-di-inaugurazione-i-prefabbricati-saranno-la-segreteria-e-la-sala-riunioni\/#breadcrumb"},"inLanguage":"fr-FR","potentialAction":[{"@type":"ReadAction","target":["https:\/\/www.bellunopress.it\/2010\/02\/02\/il-rugby-de-laquila-inaugura-due-moduli-abitativi-donati-dal-comitato-dintesa-di-belluno-sabato-la-cerimonia-di-inaugurazione-i-prefabbricati-saranno-la-segreteria-e-la-sala-riunioni\/"]}]},{"@type":"BreadcrumbList","@id":"https:\/\/www.bellunopress.it\/2010\/02\/02\/il-rugby-de-laquila-inaugura-due-moduli-abitativi-donati-dal-comitato-dintesa-di-belluno-sabato-la-cerimonia-di-inaugurazione-i-prefabbricati-saranno-la-segreteria-e-la-sala-riunioni\/#breadcrumb","itemListElement":[{"@type":"ListItem","position":1,"name":"Home","item":"https:\/\/www.bellunopress.it\/"},{"@type":"ListItem","position":2,"name":"Il Rugby de L&#8217;Aquila inaugura due moduli abitativi donati dal Comitato d&#8217;intesa di Belluno. Sabato la cerimonia di inaugurazione. I prefabbricati saranno la segreteria e la sala riunioni"}]},{"@type":"WebSite","@id":"https:\/\/www.bellunopress.it\/#website","url":"https:\/\/www.bellunopress.it\/","name":"Bellunopress - Dolomiti","description":"e-mail: redazione@bellunopress.it","publisher":{"@id":"https:\/\/www.bellunopress.it\/#organization"},"potentialAction":[{"@type":"SearchAction","target":{"@type":"EntryPoint","urlTemplate":"https:\/\/www.bellunopress.it\/?s={search_term_string}"},"query-input":{"@type":"PropertyValueSpecification","valueRequired":true,"valueName":"search_term_string"}}],"inLanguage":"fr-FR"},{"@type":"Organization","@id":"https:\/\/www.bellunopress.it\/#organization","name":"Bellunopress","url":"https:\/\/www.bellunopress.it\/","logo":{"@type":"ImageObject","inLanguage":"fr-FR","@id":"https:\/\/www.bellunopress.it\/#\/schema\/logo\/image\/","url":"https:\/\/www.bellunopress.it\/wp-content\/uploads\/2011\/05\/cropped-logo-bellunopress-.jpg","contentUrl":"https:\/\/www.bellunopress.it\/wp-content\/uploads\/2011\/05\/cropped-logo-bellunopress-.jpg","width":512,"height":512,"caption":"Bellunopress"},"image":{"@id":"https:\/\/www.bellunopress.it\/#\/schema\/logo\/image\/"},"sameAs":["https:\/\/www.facebook.com\/profile.php?id=100008943462799","https:\/\/x.com\/bellunopress","https:\/\/www.linkedin.com\/hp\/?dnr=JBzUWaJfMUw8vbXJJ2tVW5-I3jZKvC4wsoxE&amp;amp;amp;amp;amp;amp;trk=nav_responsive_tab_home","https:\/\/www.youtube.com\/channel\/UCxL0wu1uN0_3_7hGG0306cw"]},{"@type":"Person","@id":"https:\/\/www.bellunopress.it\/#\/schema\/person\/79bb06722b37ece1c03d3e94beb30d73","name":"r\u00e9daction","image":{"@type":"ImageObject","inLanguage":"fr-FR","@id":"https:\/\/secure.gravatar.com\/avatar\/37d968a2e67a6fd04c169c4bdef102d0bc5d31b2546345219e348575eb80e9a0?s=96&d=mm&r=g","url":"https:\/\/secure.gravatar.com\/avatar\/37d968a2e67a6fd04c169c4bdef102d0bc5d31b2546345219e348575eb80e9a0?s=96&d=mm&r=g","contentUrl":"https:\/\/secure.gravatar.com\/avatar\/37d968a2e67a6fd04c169c4bdef102d0bc5d31b2546345219e348575eb80e9a0?s=96&d=mm&r=g","caption":"redazione"},"sameAs":["http:\/\/www.bellunopress.it","https:\/\/x.com\/bellunopress"],"url":"https:\/\/www.bellunopress.it\/fr\/author\/redazione\/"}]}},"_links":{"self":[{"href":"https:\/\/www.bellunopress.it\/fr\/wp-json\/wp\/v2\/posts\/12088","targetHints":{"allow":["GET"]}}],"collection":[{"href":"https:\/\/www.bellunopress.it\/fr\/wp-json\/wp\/v2\/posts"}],"about":[{"href":"https:\/\/www.bellunopress.it\/fr\/wp-json\/wp\/v2\/types\/post"}],"author":[{"embeddable":true,"href":"https:\/\/www.bellunopress.it\/fr\/wp-json\/wp\/v2\/users\/2"}],"replies":[{"embeddable":true,"href":"https:\/\/www.bellunopress.it\/fr\/wp-json\/wp\/v2\/comments?post=12088"}],"version-history":[{"count":1,"href":"https:\/\/www.bellunopress.it\/fr\/wp-json\/wp\/v2\/posts\/12088\/revisions"}],"predecessor-version":[{"id":12089,"href":"https:\/\/www.bellunopress.it\/fr\/wp-json\/wp\/v2\/posts\/12088\/revisions\/12089"}],"wp:attachment":[{"href":"https:\/\/www.bellunopress.it\/fr\/wp-json\/wp\/v2\/media?parent=12088"}],"wp:term":[{"taxonomy":"category","embeddable":true,"href":"https:\/\/www.bellunopress.it\/fr\/wp-json\/wp\/v2\/categories?post=12088"},{"taxonomy":"post_tag","embeddable":true,"href":"https:\/\/www.bellunopress.it\/fr\/wp-json\/wp\/v2\/tags?post=12088"}],"curies":[{"name":"wp","href":"https:\/\/api.w.org\/{rel}","templated":true}]}}