{"id":120817,"date":"2021-01-12T10:20:02","date_gmt":"2021-01-12T09:20:02","guid":{"rendered":"http:\/\/www.bellunopress.it\/?p=120817"},"modified":"2021-01-12T10:20:02","modified_gmt":"2021-01-12T09:20:02","slug":"transcivetta-2021-posticipo-apertura-iscrizioni","status":"publish","type":"post","link":"https:\/\/www.bellunopress.it\/fr\/2021\/01\/12\/transcivetta-2021-posticipo-apertura-iscrizioni\/","title":{"rendered":"Transcivetta 2021, posticipo apertura iscrizioni"},"content":{"rendered":"<figure id=\"attachment_87749\" aria-describedby=\"caption-attachment-87749\" style=\"width: 300px\" class=\"wp-caption alignleft\"><a href=\"http:\/\/www.bellunopress.it\/fr\/2017\/07\/16\/transcivetta-karpos-con-record-per-gli-azzurri-luca-cagnati-e-nicola-spada-tra-le-squadre-miste-successo-di-jonathan-wyatt-e-della-moglie-antonella-confortola-al-femminile-vincono-giulia-scardoni-ed\/transcivetta-2017-luca-cagnati-precede-nicola-spada\/\" rel=\"attachment wp-att-87749\"><img loading=\"lazy\" decoding=\"async\" class=\"size-full wp-image-87749\" src=\"http:\/\/www.bellunopress.it\/wp-content\/uploads\/2017\/07\/transcivetta-2017-luca-cagnati-precede-nicola-spada.jpg\" alt=\"\" width=\"300\" height=\"200\" \/><\/a><figcaption id=\"caption-attachment-87749\" class=\"wp-caption-text\">Luca Cagnati precede Nicola Spada &#8211; foto di repertorio<\/figcaption><\/figure>\n<p>Alleghe (Belluno), 12 gennaio 2021 \u2013 Il comitato organizzatore della Transcivetta Karpos comunica che le iscrizioni alla 40.ma edizione della Transcivetta slittano di qualche settimana rispetto alla data tradizionale di met\u00e0 gennaio. La data della manifestazione, comunque, \u00e8 confermata per domenica 18 luglio 2021.<\/p>\n<p>\u00abVisto il protrarsi della situazione di emergenza sanitaria, il consiglio direttivo di Transcivetta Karpos ha ritenuto di posticipare l&#8217;apertura delle iscrizioni all&#8217;edizione del 2021, anno che auspichiamo vivamente possa essere quello della ripresa di tutto lo sport\u00bb sottolinea Erminio Ferretto, del comitato organizzatore. \u00abL&#8217;intento \u00e8 di attendere l&#8217;evoluzione della situazione sanitaria e delle normative relative al contenimento del Covid-19 per modulare al meglio sia il percorso di avvicinamento alla gara sia la modalit\u00e0 di partecipazione all&#8217;evento che, naturalmente, ci auguriamo possa essere il pi\u00f9 ampio possibile, in linea cio\u00e8 con gli scorsi anni. La data di svolgimento della Transcivetta rimane fissata al prossimo 18 luglio. Ai tantissimi runner che amano il nostro evento, chiediamo di avere ancora un po&#8217; di pazienza\u00bb.<\/p>\n<p>Si ricorda che per coloro che si fossero iscritti all&#8217;edizione 2020 e non avessero richiesto il rimborso, \u00e8 confermata l&#8217;iscrizione per il 2021.<\/p>","protected":false},"excerpt":{"rendered":"<p>Alleghe (Belluno), 12 gennaio 2021 \u2013 Il comitato organizzatore della Transcivetta Karpos comunica che le iscrizioni alla 40.ma edizione della Transcivetta slittano di qualche settimana rispetto alla data tradizionale di met\u00e0 gennaio. La data della manifestazione, comunque, \u00e8 confermata per domenica 18 luglio 2021. \u00abVisto il protrarsi della situazione di emergenza sanitaria, il consiglio direttivo [&hellip;]<\/p>\n","protected":false},"author":2,"featured_media":87749,"comment_status":"closed","ping_status":"open","sticky":false,"template":"","format":"standard","meta":{"footnotes":""},"categories":[25,4],"tags":[],"class_list":["post-120817","post","type-post","status-publish","format-standard","has-post-thumbnail","category-pausa-caffe","category-sport"],"yoast_head":"<!-- This site is optimized with the Yoast SEO plugin v28.4 - https:\/\/yoast.com\/product\/yoast-seo-wordpress\/ -->\n<title>Transcivetta 2021, posticipo apertura iscrizioni - Bellunopress - Dolomiti<\/title>\n<meta name=\"robots\" content=\"index, follow, max-snippet:-1, max-image-preview:large, max-video-preview:-1\" \/>\n<link rel=\"canonical\" href=\"https:\/\/www.bellunopress.it\/fr\/2021\/01\/12\/transcivetta-2021-posticipo-apertura-iscrizioni\/\" \/>\n<meta property=\"og:locale\" content=\"fr_FR\" \/>\n<meta property=\"og:type\" content=\"article\" \/>\n<meta property=\"og:title\" content=\"Transcivetta 2021, posticipo apertura iscrizioni - Bellunopress - Dolomiti\" \/>\n<meta property=\"og:description\" content=\"Alleghe (Belluno), 12 gennaio 2021 \u2013 Il comitato organizzatore della Transcivetta Karpos comunica che le iscrizioni alla 40.ma edizione della Transcivetta slittano di qualche settimana rispetto alla data tradizionale di met\u00e0 gennaio. La data della manifestazione, comunque, \u00e8 confermata per domenica 18 luglio 2021. \u00abVisto il protrarsi della situazione di emergenza sanitaria, il consiglio direttivo [&hellip;]\" \/>\n<meta property=\"og:url\" content=\"https:\/\/www.bellunopress.it\/fr\/2021\/01\/12\/transcivetta-2021-posticipo-apertura-iscrizioni\/\" \/>\n<meta property=\"og:site_name\" content=\"Bellunopress - Dolomiti\" \/>\n<meta property=\"article:publisher\" content=\"https:\/\/www.facebook.com\/profile.php?id=100008943462799\" \/>\n<meta property=\"article:published_time\" content=\"2021-01-12T09:20:02+00:00\" \/>\n<meta property=\"og:image\" content=\"https:\/\/www.bellunopress.it\/wp-content\/uploads\/2017\/07\/transcivetta-2017-luca-cagnati-precede-nicola-spada.jpg\" \/>\n\t<meta property=\"og:image:width\" content=\"300\" \/>\n\t<meta property=\"og:image:height\" content=\"200\" \/>\n\t<meta property=\"og:image:type\" content=\"image\/jpeg\" \/>\n<meta name=\"author\" content=\"redazione\" \/>\n<meta name=\"twitter:card\" content=\"summary_large_image\" \/>\n<meta name=\"twitter:creator\" content=\"@bellunopress\" \/>\n<meta name=\"twitter:site\" content=\"@bellunopress\" \/>\n<meta name=\"twitter:label1\" content=\"\u00c9crit par\" \/>\n\t<meta name=\"twitter:data1\" content=\"redazione\" \/>\n\t<meta name=\"twitter:label2\" content=\"Dur\u00e9e de lecture estim\u00e9e\" \/>\n\t<meta name=\"twitter:data2\" content=\"1 minute\" \/>\n<script type=\"application\/ld+json\" class=\"yoast-schema-graph\">{\"@context\":\"https:\\\/\\\/schema.org\",\"@graph\":[{\"@type\":\"Article\",\"@id\":\"https:\\\/\\\/www.bellunopress.it\\\/2021\\\/01\\\/12\\\/transcivetta-2021-posticipo-apertura-iscrizioni\\\/#article\",\"isPartOf\":{\"@id\":\"https:\\\/\\\/www.bellunopress.it\\\/2021\\\/01\\\/12\\\/transcivetta-2021-posticipo-apertura-iscrizioni\\\/\"},\"author\":{\"name\":\"redazione\",\"@id\":\"https:\\\/\\\/www.bellunopress.it\\\/#\\\/schema\\\/person\\\/79bb06722b37ece1c03d3e94beb30d73\"},\"headline\":\"Transcivetta 2021, posticipo apertura iscrizioni\",\"datePublished\":\"2021-01-12T09:20:02+00:00\",\"mainEntityOfPage\":{\"@id\":\"https:\\\/\\\/www.bellunopress.it\\\/2021\\\/01\\\/12\\\/transcivetta-2021-posticipo-apertura-iscrizioni\\\/\"},\"wordCount\":203,\"publisher\":{\"@id\":\"https:\\\/\\\/www.bellunopress.it\\\/#organization\"},\"image\":{\"@id\":\"https:\\\/\\\/www.bellunopress.it\\\/2021\\\/01\\\/12\\\/transcivetta-2021-posticipo-apertura-iscrizioni\\\/#primaryimage\"},\"thumbnailUrl\":\"https:\\\/\\\/www.bellunopress.it\\\/wp-content\\\/uploads\\\/2017\\\/07\\\/transcivetta-2017-luca-cagnati-precede-nicola-spada.jpg\",\"articleSection\":[\"Pausa Caff\u00e8\",\"Sport, tempo libero\"],\"inLanguage\":\"fr-FR\"},{\"@type\":\"WebPage\",\"@id\":\"https:\\\/\\\/www.bellunopress.it\\\/2021\\\/01\\\/12\\\/transcivetta-2021-posticipo-apertura-iscrizioni\\\/\",\"url\":\"https:\\\/\\\/www.bellunopress.it\\\/2021\\\/01\\\/12\\\/transcivetta-2021-posticipo-apertura-iscrizioni\\\/\",\"name\":\"Transcivetta 2021, posticipo apertura iscrizioni - Bellunopress - Dolomiti\",\"isPartOf\":{\"@id\":\"https:\\\/\\\/www.bellunopress.it\\\/#website\"},\"primaryImageOfPage\":{\"@id\":\"https:\\\/\\\/www.bellunopress.it\\\/2021\\\/01\\\/12\\\/transcivetta-2021-posticipo-apertura-iscrizioni\\\/#primaryimage\"},\"image\":{\"@id\":\"https:\\\/\\\/www.bellunopress.it\\\/2021\\\/01\\\/12\\\/transcivetta-2021-posticipo-apertura-iscrizioni\\\/#primaryimage\"},\"thumbnailUrl\":\"https:\\\/\\\/www.bellunopress.it\\\/wp-content\\\/uploads\\\/2017\\\/07\\\/transcivetta-2017-luca-cagnati-precede-nicola-spada.jpg\",\"datePublished\":\"2021-01-12T09:20:02+00:00\",\"breadcrumb\":{\"@id\":\"https:\\\/\\\/www.bellunopress.it\\\/2021\\\/01\\\/12\\\/transcivetta-2021-posticipo-apertura-iscrizioni\\\/#breadcrumb\"},\"inLanguage\":\"fr-FR\",\"potentialAction\":[{\"@type\":\"ReadAction\",\"target\":[\"https:\\\/\\\/www.bellunopress.it\\\/2021\\\/01\\\/12\\\/transcivetta-2021-posticipo-apertura-iscrizioni\\\/\"]}]},{\"@type\":\"ImageObject\",\"inLanguage\":\"fr-FR\",\"@id\":\"https:\\\/\\\/www.bellunopress.it\\\/2021\\\/01\\\/12\\\/transcivetta-2021-posticipo-apertura-iscrizioni\\\/#primaryimage\",\"url\":\"https:\\\/\\\/www.bellunopress.it\\\/wp-content\\\/uploads\\\/2017\\\/07\\\/transcivetta-2017-luca-cagnati-precede-nicola-spada.jpg\",\"contentUrl\":\"https:\\\/\\\/www.bellunopress.it\\\/wp-content\\\/uploads\\\/2017\\\/07\\\/transcivetta-2017-luca-cagnati-precede-nicola-spada.jpg\",\"width\":300,\"height\":200,\"caption\":\"Luca Cagnati precede Nicola Spada - foto di repertorio\"},{\"@type\":\"BreadcrumbList\",\"@id\":\"https:\\\/\\\/www.bellunopress.it\\\/2021\\\/01\\\/12\\\/transcivetta-2021-posticipo-apertura-iscrizioni\\\/#breadcrumb\",\"itemListElement\":[{\"@type\":\"ListItem\",\"position\":1,\"name\":\"Home\",\"item\":\"https:\\\/\\\/www.bellunopress.it\\\/\"},{\"@type\":\"ListItem\",\"position\":2,\"name\":\"Transcivetta 2021, posticipo apertura iscrizioni\"}]},{\"@type\":\"WebSite\",\"@id\":\"https:\\\/\\\/www.bellunopress.it\\\/#website\",\"url\":\"https:\\\/\\\/www.bellunopress.it\\\/\",\"name\":\"Bellunopress - Dolomiti\",\"description\":\"e-mail: redazione@bellunopress.it\",\"publisher\":{\"@id\":\"https:\\\/\\\/www.bellunopress.it\\\/#organization\"},\"potentialAction\":[{\"@type\":\"SearchAction\",\"target\":{\"@type\":\"EntryPoint\",\"urlTemplate\":\"https:\\\/\\\/www.bellunopress.it\\\/?s={search_term_string}\"},\"query-input\":{\"@type\":\"PropertyValueSpecification\",\"valueRequired\":true,\"valueName\":\"search_term_string\"}}],\"inLanguage\":\"fr-FR\"},{\"@type\":\"Organization\",\"@id\":\"https:\\\/\\\/www.bellunopress.it\\\/#organization\",\"name\":\"Bellunopress\",\"url\":\"https:\\\/\\\/www.bellunopress.it\\\/\",\"logo\":{\"@type\":\"ImageObject\",\"inLanguage\":\"fr-FR\",\"@id\":\"https:\\\/\\\/www.bellunopress.it\\\/#\\\/schema\\\/logo\\\/image\\\/\",\"url\":\"https:\\\/\\\/www.bellunopress.it\\\/wp-content\\\/uploads\\\/2011\\\/05\\\/cropped-logo-bellunopress-.jpg\",\"contentUrl\":\"https:\\\/\\\/www.bellunopress.it\\\/wp-content\\\/uploads\\\/2011\\\/05\\\/cropped-logo-bellunopress-.jpg\",\"width\":512,\"height\":512,\"caption\":\"Bellunopress\"},\"image\":{\"@id\":\"https:\\\/\\\/www.bellunopress.it\\\/#\\\/schema\\\/logo\\\/image\\\/\"},\"sameAs\":[\"https:\\\/\\\/www.facebook.com\\\/profile.php?id=100008943462799\",\"https:\\\/\\\/x.com\\\/bellunopress\",\"https:\\\/\\\/www.linkedin.com\\\/hp\\\/?dnr=JBzUWaJfMUw8vbXJJ2tVW5-I3jZKvC4wsoxE&amp;amp;amp;amp;amp;amp;trk=nav_responsive_tab_home\",\"https:\\\/\\\/www.youtube.com\\\/channel\\\/UCxL0wu1uN0_3_7hGG0306cw\"]},{\"@type\":\"Person\",\"@id\":\"https:\\\/\\\/www.bellunopress.it\\\/#\\\/schema\\\/person\\\/79bb06722b37ece1c03d3e94beb30d73\",\"name\":\"redazione\",\"image\":{\"@type\":\"ImageObject\",\"inLanguage\":\"fr-FR\",\"@id\":\"https:\\\/\\\/secure.gravatar.com\\\/avatar\\\/37d968a2e67a6fd04c169c4bdef102d0bc5d31b2546345219e348575eb80e9a0?s=96&d=mm&r=g\",\"url\":\"https:\\\/\\\/secure.gravatar.com\\\/avatar\\\/37d968a2e67a6fd04c169c4bdef102d0bc5d31b2546345219e348575eb80e9a0?s=96&d=mm&r=g\",\"contentUrl\":\"https:\\\/\\\/secure.gravatar.com\\\/avatar\\\/37d968a2e67a6fd04c169c4bdef102d0bc5d31b2546345219e348575eb80e9a0?s=96&d=mm&r=g\",\"caption\":\"redazione\"},\"sameAs\":[\"http:\\\/\\\/www.bellunopress.it\",\"https:\\\/\\\/x.com\\\/bellunopress\"],\"url\":\"https:\\\/\\\/www.bellunopress.it\\\/fr\\\/author\\\/redazione\\\/\"}]}<\/script>\n<!-- \/ Yoast SEO plugin. -->","yoast_head_json":{"title":"Transcivetta 2021, posticipo apertura iscrizioni - Bellunopress - Dolomiti","robots":{"index":"index","follow":"follow","max-snippet":"max-snippet:-1","max-image-preview":"max-image-preview:large","max-video-preview":"max-video-preview:-1"},"canonical":"https:\/\/www.bellunopress.it\/fr\/2021\/01\/12\/transcivetta-2021-posticipo-apertura-iscrizioni\/","og_locale":"fr_FR","og_type":"article","og_title":"Transcivetta 2021, posticipo apertura iscrizioni - Bellunopress - Dolomiti","og_description":"Alleghe (Belluno), 12 gennaio 2021 \u2013 Il comitato organizzatore della Transcivetta Karpos comunica che le iscrizioni alla 40.ma edizione della Transcivetta slittano di qualche settimana rispetto alla data tradizionale di met\u00e0 gennaio. La data della manifestazione, comunque, \u00e8 confermata per domenica 18 luglio 2021. \u00abVisto il protrarsi della situazione di emergenza sanitaria, il consiglio direttivo [&hellip;]","og_url":"https:\/\/www.bellunopress.it\/fr\/2021\/01\/12\/transcivetta-2021-posticipo-apertura-iscrizioni\/","og_site_name":"Bellunopress - Dolomiti","article_publisher":"https:\/\/www.facebook.com\/profile.php?id=100008943462799","article_published_time":"2021-01-12T09:20:02+00:00","og_image":[{"width":300,"height":200,"url":"https:\/\/www.bellunopress.it\/wp-content\/uploads\/2017\/07\/transcivetta-2017-luca-cagnati-precede-nicola-spada.jpg","type":"image\/jpeg"}],"author":"redazione","twitter_card":"summary_large_image","twitter_creator":"@bellunopress","twitter_site":"@bellunopress","twitter_misc":{"\u00c9crit par":"redazione","Dur\u00e9e de lecture estim\u00e9e":"1 minute"},"schema":{"@context":"https:\/\/schema.org","@graph":[{"@type":"Article","@id":"https:\/\/www.bellunopress.it\/2021\/01\/12\/transcivetta-2021-posticipo-apertura-iscrizioni\/#article","isPartOf":{"@id":"https:\/\/www.bellunopress.it\/2021\/01\/12\/transcivetta-2021-posticipo-apertura-iscrizioni\/"},"author":{"name":"redazione","@id":"https:\/\/www.bellunopress.it\/#\/schema\/person\/79bb06722b37ece1c03d3e94beb30d73"},"headline":"Transcivetta 2021, posticipo apertura iscrizioni","datePublished":"2021-01-12T09:20:02+00:00","mainEntityOfPage":{"@id":"https:\/\/www.bellunopress.it\/2021\/01\/12\/transcivetta-2021-posticipo-apertura-iscrizioni\/"},"wordCount":203,"publisher":{"@id":"https:\/\/www.bellunopress.it\/#organization"},"image":{"@id":"https:\/\/www.bellunopress.it\/2021\/01\/12\/transcivetta-2021-posticipo-apertura-iscrizioni\/#primaryimage"},"thumbnailUrl":"https:\/\/www.bellunopress.it\/wp-content\/uploads\/2017\/07\/transcivetta-2017-luca-cagnati-precede-nicola-spada.jpg","articleSection":["Pausa Caff\u00e8","Sport, tempo libero"],"inLanguage":"fr-FR"},{"@type":"WebPage","@id":"https:\/\/www.bellunopress.it\/2021\/01\/12\/transcivetta-2021-posticipo-apertura-iscrizioni\/","url":"https:\/\/www.bellunopress.it\/2021\/01\/12\/transcivetta-2021-posticipo-apertura-iscrizioni\/","name":"Transcivetta 2021, posticipo apertura iscrizioni - Bellunopress - Dolomiti","isPartOf":{"@id":"https:\/\/www.bellunopress.it\/#website"},"primaryImageOfPage":{"@id":"https:\/\/www.bellunopress.it\/2021\/01\/12\/transcivetta-2021-posticipo-apertura-iscrizioni\/#primaryimage"},"image":{"@id":"https:\/\/www.bellunopress.it\/2021\/01\/12\/transcivetta-2021-posticipo-apertura-iscrizioni\/#primaryimage"},"thumbnailUrl":"https:\/\/www.bellunopress.it\/wp-content\/uploads\/2017\/07\/transcivetta-2017-luca-cagnati-precede-nicola-spada.jpg","datePublished":"2021-01-12T09:20:02+00:00","breadcrumb":{"@id":"https:\/\/www.bellunopress.it\/2021\/01\/12\/transcivetta-2021-posticipo-apertura-iscrizioni\/#breadcrumb"},"inLanguage":"fr-FR","potentialAction":[{"@type":"ReadAction","target":["https:\/\/www.bellunopress.it\/2021\/01\/12\/transcivetta-2021-posticipo-apertura-iscrizioni\/"]}]},{"@type":"ImageObject","inLanguage":"fr-FR","@id":"https:\/\/www.bellunopress.it\/2021\/01\/12\/transcivetta-2021-posticipo-apertura-iscrizioni\/#primaryimage","url":"https:\/\/www.bellunopress.it\/wp-content\/uploads\/2017\/07\/transcivetta-2017-luca-cagnati-precede-nicola-spada.jpg","contentUrl":"https:\/\/www.bellunopress.it\/wp-content\/uploads\/2017\/07\/transcivetta-2017-luca-cagnati-precede-nicola-spada.jpg","width":300,"height":200,"caption":"Luca Cagnati precede Nicola Spada - foto di repertorio"},{"@type":"BreadcrumbList","@id":"https:\/\/www.bellunopress.it\/2021\/01\/12\/transcivetta-2021-posticipo-apertura-iscrizioni\/#breadcrumb","itemListElement":[{"@type":"ListItem","position":1,"name":"Home","item":"https:\/\/www.bellunopress.it\/"},{"@type":"ListItem","position":2,"name":"Transcivetta 2021, posticipo apertura iscrizioni"}]},{"@type":"WebSite","@id":"https:\/\/www.bellunopress.it\/#website","url":"https:\/\/www.bellunopress.it\/","name":"Bellunopress - Dolomiti","description":"e-mail: redazione@bellunopress.it","publisher":{"@id":"https:\/\/www.bellunopress.it\/#organization"},"potentialAction":[{"@type":"SearchAction","target":{"@type":"EntryPoint","urlTemplate":"https:\/\/www.bellunopress.it\/?s={search_term_string}"},"query-input":{"@type":"PropertyValueSpecification","valueRequired":true,"valueName":"search_term_string"}}],"inLanguage":"fr-FR"},{"@type":"Organization","@id":"https:\/\/www.bellunopress.it\/#organization","name":"Bellunopress","url":"https:\/\/www.bellunopress.it\/","logo":{"@type":"ImageObject","inLanguage":"fr-FR","@id":"https:\/\/www.bellunopress.it\/#\/schema\/logo\/image\/","url":"https:\/\/www.bellunopress.it\/wp-content\/uploads\/2011\/05\/cropped-logo-bellunopress-.jpg","contentUrl":"https:\/\/www.bellunopress.it\/wp-content\/uploads\/2011\/05\/cropped-logo-bellunopress-.jpg","width":512,"height":512,"caption":"Bellunopress"},"image":{"@id":"https:\/\/www.bellunopress.it\/#\/schema\/logo\/image\/"},"sameAs":["https:\/\/www.facebook.com\/profile.php?id=100008943462799","https:\/\/x.com\/bellunopress","https:\/\/www.linkedin.com\/hp\/?dnr=JBzUWaJfMUw8vbXJJ2tVW5-I3jZKvC4wsoxE&amp;amp;amp;amp;amp;amp;trk=nav_responsive_tab_home","https:\/\/www.youtube.com\/channel\/UCxL0wu1uN0_3_7hGG0306cw"]},{"@type":"Person","@id":"https:\/\/www.bellunopress.it\/#\/schema\/person\/79bb06722b37ece1c03d3e94beb30d73","name":"r\u00e9daction","image":{"@type":"ImageObject","inLanguage":"fr-FR","@id":"https:\/\/secure.gravatar.com\/avatar\/37d968a2e67a6fd04c169c4bdef102d0bc5d31b2546345219e348575eb80e9a0?s=96&d=mm&r=g","url":"https:\/\/secure.gravatar.com\/avatar\/37d968a2e67a6fd04c169c4bdef102d0bc5d31b2546345219e348575eb80e9a0?s=96&d=mm&r=g","contentUrl":"https:\/\/secure.gravatar.com\/avatar\/37d968a2e67a6fd04c169c4bdef102d0bc5d31b2546345219e348575eb80e9a0?s=96&d=mm&r=g","caption":"redazione"},"sameAs":["http:\/\/www.bellunopress.it","https:\/\/x.com\/bellunopress"],"url":"https:\/\/www.bellunopress.it\/fr\/author\/redazione\/"}]}},"_links":{"self":[{"href":"https:\/\/www.bellunopress.it\/fr\/wp-json\/wp\/v2\/posts\/120817","targetHints":{"allow":["GET"]}}],"collection":[{"href":"https:\/\/www.bellunopress.it\/fr\/wp-json\/wp\/v2\/posts"}],"about":[{"href":"https:\/\/www.bellunopress.it\/fr\/wp-json\/wp\/v2\/types\/post"}],"author":[{"embeddable":true,"href":"https:\/\/www.bellunopress.it\/fr\/wp-json\/wp\/v2\/users\/2"}],"replies":[{"embeddable":true,"href":"https:\/\/www.bellunopress.it\/fr\/wp-json\/wp\/v2\/comments?post=120817"}],"version-history":[{"count":1,"href":"https:\/\/www.bellunopress.it\/fr\/wp-json\/wp\/v2\/posts\/120817\/revisions"}],"predecessor-version":[{"id":120818,"href":"https:\/\/www.bellunopress.it\/fr\/wp-json\/wp\/v2\/posts\/120817\/revisions\/120818"}],"wp:featuredmedia":[{"embeddable":true,"href":"https:\/\/www.bellunopress.it\/fr\/wp-json\/wp\/v2\/media\/87749"}],"wp:attachment":[{"href":"https:\/\/www.bellunopress.it\/fr\/wp-json\/wp\/v2\/media?parent=120817"}],"wp:term":[{"taxonomy":"category","embeddable":true,"href":"https:\/\/www.bellunopress.it\/fr\/wp-json\/wp\/v2\/categories?post=120817"},{"taxonomy":"post_tag","embeddable":true,"href":"https:\/\/www.bellunopress.it\/fr\/wp-json\/wp\/v2\/tags?post=120817"}],"curies":[{"name":"wp","href":"https:\/\/api.w.org\/{rel}","templated":true}]}}