{"id":120815,"date":"2021-01-11T18:55:14","date_gmt":"2021-01-11T17:55:14","guid":{"rendered":"http:\/\/www.bellunopress.it\/?p=120815"},"modified":"2021-01-11T20:46:18","modified_gmt":"2021-01-11T19:46:18","slug":"veneto-curva-epidemiologica-impazzita-rotta-altro-che-variante-inglese-zaia-ha-sbagliato-le-decisioni","status":"publish","type":"post","link":"https:\/\/www.bellunopress.it\/fr\/2021\/01\/11\/veneto-curva-epidemiologica-impazzita-rotta-altro-che-variante-inglese-zaia-ha-sbagliato-le-decisioni\/","title":{"rendered":"Veneto, curva epidemiologica impazzita. Rotta: &#8220;Altro che variante inglese, Zaia ha sbagliato le decisioni&#8221;"},"content":{"rendered":"<figure id=\"attachment_120147\" aria-describedby=\"caption-attachment-120147\" style=\"width: 225px\" class=\"wp-caption alignleft\"><a href=\"http:\/\/www.bellunopress.it\/fr\/2020\/12\/15\/covid-rotta-zaia-autonomista-solo-a-parole\/alessia-rotta-pd\/\" rel=\"attachment wp-att-120147\"><img loading=\"lazy\" decoding=\"async\" class=\"size-full wp-image-120147\" src=\"http:\/\/www.bellunopress.it\/wp-content\/uploads\/2020\/12\/Alessia-Rotta-Pd.jpeg\" alt=\"\" width=\"225\" height=\"225\" \/><\/a><figcaption id=\"caption-attachment-120147\" class=\"wp-caption-text\">Alessia Rotta, deputato<\/figcaption><\/figure>\n<p>Roma, 11 gennaio 2021 &#8211; &#8220;La notizia \u00e8 che finalmente Zaia ha ammesso che la curva epidemiologica della Regione \u00e8 impazzita. Non \u00e8 una buona notizia. Ma ce n&#8217;\u00e8 una peggiore. Il governatore, infatti, per giustificare il fallimento del &#8216;modello&#8217; Veneto e la drammatica crisi sanitaria in corso dice che \u00e8 tutta colpa della variante inglese. E allora serve ancora una volta fare chiarezza&#8221;.<\/p>\n<p>Lo afferma Alessia Rotta, presidente della Commissione ambiente, territorio e lavori pubblici della Camera dei Deputati, spiegando che &#8220;il Veneto ha mille ricoverati Covid in pi\u00f9 rispetto alla prima fase. Ma nessuno sa se questi malati hanno contratto la variante inglese perch\u00e9, molto semplicemente, nessuno l&#8217;ha sequenziata nei pazienti&#8221;.<\/p>\n<p>Ma non c&#8217;\u00e8 soltanto questo: &#8220;I tanto acclamati test antigenici rapidi di prima e seconda generazione &#8211; osserva Rotta &#8211; scelti dal Veneto al posto dei test molecolari, secondo il Ministero della Salute e l&#8217;Iss non vanno usati in contesti dove \u00e8 necessaria la massima certezza di diagnosi, perch\u00e9 mostrano un percentuali di falsi negativi fino al 30 per cento circa e una sensibilit\u00e0 molto inferiore ai molecolari. Zaia, nonostante queste indicazioni molto chiare e in una situazione di massima emergenza, continua a testare il personale sanitario, socio-sanitario e gli ospiti delle Rsa con questi test scarsamente affidabili&#8221;. E se &#8220;le cose vanno cos\u00ec bene e sono sotto controllo &#8211; si chiede la deputata &#8211; perch\u00e9 i sindacati dei medici hanno inviato un esposto in procura, contestando al presidente di non aver preso misure pi\u00f9 restrittive, autodichiarando il Veneto in zona arancione?&#8221;.<\/p>\n<p>Dunque, conclude Rotta, &#8220;Zaia, nella seconda fase del contagio, non ha preso nessuna decisione davvero utile e efficace per il contenimento dell&#8217;epidemia. Ha costantemente scaricato le responsabilit\u00e0 sul governo perch\u00e9 le scelte impopolari metterebbero in discussione il suo consenso. Ma \u00e8 riuscito anche a dare le colpe ai cittadini: dagli operatori &#8216;distratti&#8217; delle Rsa alle persone che vanno nei centri commerciali, omettendo di dire che chi li ha voluti tenere aperti \u00e8 proprio lui. E, dunque, ha deciso consapevolmente di non assumersi nessuna responsabilit\u00e0 politica. Di tutte queste cose dovr\u00e0 rispondere di fronte all&#8217;opinione pubblica&#8221;.<\/p>\n<p>&nbsp;<\/p>","protected":false},"excerpt":{"rendered":"<p>Roma, 11 gennaio 2021 &#8211; &#8220;La notizia \u00e8 che finalmente Zaia ha ammesso che la curva epidemiologica della Regione \u00e8 impazzita. Non \u00e8 una buona notizia. Ma ce n&#8217;\u00e8 una peggiore. Il governatore, infatti, per giustificare il fallimento del &#8216;modello&#8217; Veneto e la drammatica crisi sanitaria in corso dice che \u00e8 tutta colpa della variante [&hellip;]<\/p>\n","protected":false},"author":2,"featured_media":120147,"comment_status":"closed","ping_status":"open","sticky":false,"template":"","format":"standard","meta":{"footnotes":""},"categories":[5,3446,26,17],"tags":[],"class_list":["post-120815","post","type-post","status-publish","format-standard","has-post-thumbnail","category-cronaca","category-featured","category-prima-pagina","category-sanita"],"yoast_head":"<!-- This site is optimized with the Yoast SEO plugin v28.4 - https:\/\/yoast.com\/product\/yoast-seo-wordpress\/ -->\n<title>Veneto, curva epidemiologica impazzita. Rotta: &quot;Altro che variante inglese, Zaia ha sbagliato le decisioni&quot; - Bellunopress - Dolomiti<\/title>\n<meta name=\"robots\" content=\"index, follow, max-snippet:-1, max-image-preview:large, max-video-preview:-1\" \/>\n<link rel=\"canonical\" href=\"https:\/\/www.bellunopress.it\/fr\/2021\/01\/11\/veneto-curva-epidemiologica-impazzita-rotta-altro-che-variante-inglese-zaia-ha-sbagliato-le-decisioni\/\" \/>\n<meta property=\"og:locale\" content=\"fr_FR\" \/>\n<meta property=\"og:type\" content=\"article\" \/>\n<meta property=\"og:title\" content=\"Veneto, curva epidemiologica impazzita. Rotta: &quot;Altro che variante inglese, Zaia ha sbagliato le decisioni&quot; - Bellunopress - Dolomiti\" \/>\n<meta property=\"og:description\" content=\"Roma, 11 gennaio 2021 &#8211; &#8220;La notizia \u00e8 che finalmente Zaia ha ammesso che la curva epidemiologica della Regione \u00e8 impazzita. Non \u00e8 una buona notizia. Ma ce n&#8217;\u00e8 una peggiore. Il governatore, infatti, per giustificare il fallimento del &#8216;modello&#8217; Veneto e la drammatica crisi sanitaria in corso dice che \u00e8 tutta colpa della variante [&hellip;]\" \/>\n<meta property=\"og:url\" content=\"https:\/\/www.bellunopress.it\/fr\/2021\/01\/11\/veneto-curva-epidemiologica-impazzita-rotta-altro-che-variante-inglese-zaia-ha-sbagliato-le-decisioni\/\" \/>\n<meta property=\"og:site_name\" content=\"Bellunopress - Dolomiti\" \/>\n<meta property=\"article:publisher\" content=\"https:\/\/www.facebook.com\/profile.php?id=100008943462799\" \/>\n<meta property=\"article:published_time\" content=\"2021-01-11T17:55:14+00:00\" \/>\n<meta property=\"article:modified_time\" content=\"2021-01-11T19:46:18+00:00\" \/>\n<meta property=\"og:image\" content=\"https:\/\/www.bellunopress.it\/wp-content\/uploads\/2020\/12\/Alessia-Rotta-Pd.jpeg\" \/>\n\t<meta property=\"og:image:width\" content=\"225\" \/>\n\t<meta property=\"og:image:height\" content=\"225\" \/>\n\t<meta property=\"og:image:type\" content=\"image\/jpeg\" \/>\n<meta name=\"author\" content=\"redazione\" \/>\n<meta name=\"twitter:card\" content=\"summary_large_image\" \/>\n<meta name=\"twitter:creator\" content=\"@bellunopress\" \/>\n<meta name=\"twitter:site\" content=\"@bellunopress\" \/>\n<meta name=\"twitter:label1\" content=\"\u00c9crit par\" \/>\n\t<meta name=\"twitter:data1\" content=\"redazione\" \/>\n\t<meta name=\"twitter:label2\" content=\"Dur\u00e9e de lecture estim\u00e9e\" \/>\n\t<meta name=\"twitter:data2\" content=\"2 minutes\" \/>\n<script type=\"application\/ld+json\" class=\"yoast-schema-graph\">{\"@context\":\"https:\\\/\\\/schema.org\",\"@graph\":[{\"@type\":\"Article\",\"@id\":\"https:\\\/\\\/www.bellunopress.it\\\/2021\\\/01\\\/11\\\/veneto-curva-epidemiologica-impazzita-rotta-altro-che-variante-inglese-zaia-ha-sbagliato-le-decisioni\\\/#article\",\"isPartOf\":{\"@id\":\"https:\\\/\\\/www.bellunopress.it\\\/2021\\\/01\\\/11\\\/veneto-curva-epidemiologica-impazzita-rotta-altro-che-variante-inglese-zaia-ha-sbagliato-le-decisioni\\\/\"},\"author\":{\"name\":\"redazione\",\"@id\":\"https:\\\/\\\/www.bellunopress.it\\\/#\\\/schema\\\/person\\\/79bb06722b37ece1c03d3e94beb30d73\"},\"headline\":\"Veneto, curva epidemiologica impazzita. Rotta: &#8220;Altro che variante inglese, Zaia ha sbagliato le decisioni&#8221;\",\"datePublished\":\"2021-01-11T17:55:14+00:00\",\"dateModified\":\"2021-01-11T19:46:18+00:00\",\"mainEntityOfPage\":{\"@id\":\"https:\\\/\\\/www.bellunopress.it\\\/2021\\\/01\\\/11\\\/veneto-curva-epidemiologica-impazzita-rotta-altro-che-variante-inglese-zaia-ha-sbagliato-le-decisioni\\\/\"},\"wordCount\":369,\"publisher\":{\"@id\":\"https:\\\/\\\/www.bellunopress.it\\\/#organization\"},\"image\":{\"@id\":\"https:\\\/\\\/www.bellunopress.it\\\/2021\\\/01\\\/11\\\/veneto-curva-epidemiologica-impazzita-rotta-altro-che-variante-inglese-zaia-ha-sbagliato-le-decisioni\\\/#primaryimage\"},\"thumbnailUrl\":\"https:\\\/\\\/www.bellunopress.it\\\/wp-content\\\/uploads\\\/2020\\\/12\\\/Alessia-Rotta-Pd.jpeg\",\"articleSection\":[\"Cronaca\\\/Politica\",\"Featured\",\"Prima Pagina\",\"Sanit\u00e0 Medicina\"],\"inLanguage\":\"fr-FR\"},{\"@type\":\"WebPage\",\"@id\":\"https:\\\/\\\/www.bellunopress.it\\\/2021\\\/01\\\/11\\\/veneto-curva-epidemiologica-impazzita-rotta-altro-che-variante-inglese-zaia-ha-sbagliato-le-decisioni\\\/\",\"url\":\"https:\\\/\\\/www.bellunopress.it\\\/2021\\\/01\\\/11\\\/veneto-curva-epidemiologica-impazzita-rotta-altro-che-variante-inglese-zaia-ha-sbagliato-le-decisioni\\\/\",\"name\":\"Veneto, curva epidemiologica impazzita. Rotta: \\\"Altro che variante inglese, Zaia ha sbagliato le decisioni\\\" - Bellunopress - Dolomiti\",\"isPartOf\":{\"@id\":\"https:\\\/\\\/www.bellunopress.it\\\/#website\"},\"primaryImageOfPage\":{\"@id\":\"https:\\\/\\\/www.bellunopress.it\\\/2021\\\/01\\\/11\\\/veneto-curva-epidemiologica-impazzita-rotta-altro-che-variante-inglese-zaia-ha-sbagliato-le-decisioni\\\/#primaryimage\"},\"image\":{\"@id\":\"https:\\\/\\\/www.bellunopress.it\\\/2021\\\/01\\\/11\\\/veneto-curva-epidemiologica-impazzita-rotta-altro-che-variante-inglese-zaia-ha-sbagliato-le-decisioni\\\/#primaryimage\"},\"thumbnailUrl\":\"https:\\\/\\\/www.bellunopress.it\\\/wp-content\\\/uploads\\\/2020\\\/12\\\/Alessia-Rotta-Pd.jpeg\",\"datePublished\":\"2021-01-11T17:55:14+00:00\",\"dateModified\":\"2021-01-11T19:46:18+00:00\",\"breadcrumb\":{\"@id\":\"https:\\\/\\\/www.bellunopress.it\\\/2021\\\/01\\\/11\\\/veneto-curva-epidemiologica-impazzita-rotta-altro-che-variante-inglese-zaia-ha-sbagliato-le-decisioni\\\/#breadcrumb\"},\"inLanguage\":\"fr-FR\",\"potentialAction\":[{\"@type\":\"ReadAction\",\"target\":[\"https:\\\/\\\/www.bellunopress.it\\\/2021\\\/01\\\/11\\\/veneto-curva-epidemiologica-impazzita-rotta-altro-che-variante-inglese-zaia-ha-sbagliato-le-decisioni\\\/\"]}]},{\"@type\":\"ImageObject\",\"inLanguage\":\"fr-FR\",\"@id\":\"https:\\\/\\\/www.bellunopress.it\\\/2021\\\/01\\\/11\\\/veneto-curva-epidemiologica-impazzita-rotta-altro-che-variante-inglese-zaia-ha-sbagliato-le-decisioni\\\/#primaryimage\",\"url\":\"https:\\\/\\\/www.bellunopress.it\\\/wp-content\\\/uploads\\\/2020\\\/12\\\/Alessia-Rotta-Pd.jpeg\",\"contentUrl\":\"https:\\\/\\\/www.bellunopress.it\\\/wp-content\\\/uploads\\\/2020\\\/12\\\/Alessia-Rotta-Pd.jpeg\",\"width\":225,\"height\":225,\"caption\":\"Alessia Rotta, deputato\"},{\"@type\":\"BreadcrumbList\",\"@id\":\"https:\\\/\\\/www.bellunopress.it\\\/2021\\\/01\\\/11\\\/veneto-curva-epidemiologica-impazzita-rotta-altro-che-variante-inglese-zaia-ha-sbagliato-le-decisioni\\\/#breadcrumb\",\"itemListElement\":[{\"@type\":\"ListItem\",\"position\":1,\"name\":\"Home\",\"item\":\"https:\\\/\\\/www.bellunopress.it\\\/\"},{\"@type\":\"ListItem\",\"position\":2,\"name\":\"Veneto, curva epidemiologica impazzita. Rotta: &#8220;Altro che variante inglese, Zaia ha sbagliato le decisioni&#8221;\"}]},{\"@type\":\"WebSite\",\"@id\":\"https:\\\/\\\/www.bellunopress.it\\\/#website\",\"url\":\"https:\\\/\\\/www.bellunopress.it\\\/\",\"name\":\"Bellunopress - Dolomiti\",\"description\":\"e-mail: redazione@bellunopress.it\",\"publisher\":{\"@id\":\"https:\\\/\\\/www.bellunopress.it\\\/#organization\"},\"potentialAction\":[{\"@type\":\"SearchAction\",\"target\":{\"@type\":\"EntryPoint\",\"urlTemplate\":\"https:\\\/\\\/www.bellunopress.it\\\/?s={search_term_string}\"},\"query-input\":{\"@type\":\"PropertyValueSpecification\",\"valueRequired\":true,\"valueName\":\"search_term_string\"}}],\"inLanguage\":\"fr-FR\"},{\"@type\":\"Organization\",\"@id\":\"https:\\\/\\\/www.bellunopress.it\\\/#organization\",\"name\":\"Bellunopress\",\"url\":\"https:\\\/\\\/www.bellunopress.it\\\/\",\"logo\":{\"@type\":\"ImageObject\",\"inLanguage\":\"fr-FR\",\"@id\":\"https:\\\/\\\/www.bellunopress.it\\\/#\\\/schema\\\/logo\\\/image\\\/\",\"url\":\"https:\\\/\\\/www.bellunopress.it\\\/wp-content\\\/uploads\\\/2011\\\/05\\\/cropped-logo-bellunopress-.jpg\",\"contentUrl\":\"https:\\\/\\\/www.bellunopress.it\\\/wp-content\\\/uploads\\\/2011\\\/05\\\/cropped-logo-bellunopress-.jpg\",\"width\":512,\"height\":512,\"caption\":\"Bellunopress\"},\"image\":{\"@id\":\"https:\\\/\\\/www.bellunopress.it\\\/#\\\/schema\\\/logo\\\/image\\\/\"},\"sameAs\":[\"https:\\\/\\\/www.facebook.com\\\/profile.php?id=100008943462799\",\"https:\\\/\\\/x.com\\\/bellunopress\",\"https:\\\/\\\/www.linkedin.com\\\/hp\\\/?dnr=JBzUWaJfMUw8vbXJJ2tVW5-I3jZKvC4wsoxE&amp;amp;amp;amp;amp;amp;trk=nav_responsive_tab_home\",\"https:\\\/\\\/www.youtube.com\\\/channel\\\/UCxL0wu1uN0_3_7hGG0306cw\"]},{\"@type\":\"Person\",\"@id\":\"https:\\\/\\\/www.bellunopress.it\\\/#\\\/schema\\\/person\\\/79bb06722b37ece1c03d3e94beb30d73\",\"name\":\"redazione\",\"image\":{\"@type\":\"ImageObject\",\"inLanguage\":\"fr-FR\",\"@id\":\"https:\\\/\\\/secure.gravatar.com\\\/avatar\\\/37d968a2e67a6fd04c169c4bdef102d0bc5d31b2546345219e348575eb80e9a0?s=96&d=mm&r=g\",\"url\":\"https:\\\/\\\/secure.gravatar.com\\\/avatar\\\/37d968a2e67a6fd04c169c4bdef102d0bc5d31b2546345219e348575eb80e9a0?s=96&d=mm&r=g\",\"contentUrl\":\"https:\\\/\\\/secure.gravatar.com\\\/avatar\\\/37d968a2e67a6fd04c169c4bdef102d0bc5d31b2546345219e348575eb80e9a0?s=96&d=mm&r=g\",\"caption\":\"redazione\"},\"sameAs\":[\"http:\\\/\\\/www.bellunopress.it\",\"https:\\\/\\\/x.com\\\/bellunopress\"],\"url\":\"https:\\\/\\\/www.bellunopress.it\\\/fr\\\/author\\\/redazione\\\/\"}]}<\/script>\n<!-- \/ Yoast SEO plugin. -->","yoast_head_json":{"title":"Veneto, curva epidemiologica impazzita. Rotta: \"Altro che variante inglese, Zaia ha sbagliato le decisioni\" - Bellunopress - Dolomiti","robots":{"index":"index","follow":"follow","max-snippet":"max-snippet:-1","max-image-preview":"max-image-preview:large","max-video-preview":"max-video-preview:-1"},"canonical":"https:\/\/www.bellunopress.it\/fr\/2021\/01\/11\/veneto-curva-epidemiologica-impazzita-rotta-altro-che-variante-inglese-zaia-ha-sbagliato-le-decisioni\/","og_locale":"fr_FR","og_type":"article","og_title":"Veneto, curva epidemiologica impazzita. Rotta: \"Altro che variante inglese, Zaia ha sbagliato le decisioni\" - Bellunopress - Dolomiti","og_description":"Roma, 11 gennaio 2021 &#8211; &#8220;La notizia \u00e8 che finalmente Zaia ha ammesso che la curva epidemiologica della Regione \u00e8 impazzita. Non \u00e8 una buona notizia. Ma ce n&#8217;\u00e8 una peggiore. Il governatore, infatti, per giustificare il fallimento del &#8216;modello&#8217; Veneto e la drammatica crisi sanitaria in corso dice che \u00e8 tutta colpa della variante [&hellip;]","og_url":"https:\/\/www.bellunopress.it\/fr\/2021\/01\/11\/veneto-curva-epidemiologica-impazzita-rotta-altro-che-variante-inglese-zaia-ha-sbagliato-le-decisioni\/","og_site_name":"Bellunopress - Dolomiti","article_publisher":"https:\/\/www.facebook.com\/profile.php?id=100008943462799","article_published_time":"2021-01-11T17:55:14+00:00","article_modified_time":"2021-01-11T19:46:18+00:00","og_image":[{"width":225,"height":225,"url":"https:\/\/www.bellunopress.it\/wp-content\/uploads\/2020\/12\/Alessia-Rotta-Pd.jpeg","type":"image\/jpeg"}],"author":"redazione","twitter_card":"summary_large_image","twitter_creator":"@bellunopress","twitter_site":"@bellunopress","twitter_misc":{"\u00c9crit par":"redazione","Dur\u00e9e de lecture estim\u00e9e":"2 minutes"},"schema":{"@context":"https:\/\/schema.org","@graph":[{"@type":"Article","@id":"https:\/\/www.bellunopress.it\/2021\/01\/11\/veneto-curva-epidemiologica-impazzita-rotta-altro-che-variante-inglese-zaia-ha-sbagliato-le-decisioni\/#article","isPartOf":{"@id":"https:\/\/www.bellunopress.it\/2021\/01\/11\/veneto-curva-epidemiologica-impazzita-rotta-altro-che-variante-inglese-zaia-ha-sbagliato-le-decisioni\/"},"author":{"name":"redazione","@id":"https:\/\/www.bellunopress.it\/#\/schema\/person\/79bb06722b37ece1c03d3e94beb30d73"},"headline":"Veneto, curva epidemiologica impazzita. Rotta: &#8220;Altro che variante inglese, Zaia ha sbagliato le decisioni&#8221;","datePublished":"2021-01-11T17:55:14+00:00","dateModified":"2021-01-11T19:46:18+00:00","mainEntityOfPage":{"@id":"https:\/\/www.bellunopress.it\/2021\/01\/11\/veneto-curva-epidemiologica-impazzita-rotta-altro-che-variante-inglese-zaia-ha-sbagliato-le-decisioni\/"},"wordCount":369,"publisher":{"@id":"https:\/\/www.bellunopress.it\/#organization"},"image":{"@id":"https:\/\/www.bellunopress.it\/2021\/01\/11\/veneto-curva-epidemiologica-impazzita-rotta-altro-che-variante-inglese-zaia-ha-sbagliato-le-decisioni\/#primaryimage"},"thumbnailUrl":"https:\/\/www.bellunopress.it\/wp-content\/uploads\/2020\/12\/Alessia-Rotta-Pd.jpeg","articleSection":["Cronaca\/Politica","Featured","Prima Pagina","Sanit\u00e0 Medicina"],"inLanguage":"fr-FR"},{"@type":"WebPage","@id":"https:\/\/www.bellunopress.it\/2021\/01\/11\/veneto-curva-epidemiologica-impazzita-rotta-altro-che-variante-inglese-zaia-ha-sbagliato-le-decisioni\/","url":"https:\/\/www.bellunopress.it\/2021\/01\/11\/veneto-curva-epidemiologica-impazzita-rotta-altro-che-variante-inglese-zaia-ha-sbagliato-le-decisioni\/","name":"Veneto, curva epidemiologica impazzita. Rotta: \"Altro che variante inglese, Zaia ha sbagliato le decisioni\" - Bellunopress - Dolomiti","isPartOf":{"@id":"https:\/\/www.bellunopress.it\/#website"},"primaryImageOfPage":{"@id":"https:\/\/www.bellunopress.it\/2021\/01\/11\/veneto-curva-epidemiologica-impazzita-rotta-altro-che-variante-inglese-zaia-ha-sbagliato-le-decisioni\/#primaryimage"},"image":{"@id":"https:\/\/www.bellunopress.it\/2021\/01\/11\/veneto-curva-epidemiologica-impazzita-rotta-altro-che-variante-inglese-zaia-ha-sbagliato-le-decisioni\/#primaryimage"},"thumbnailUrl":"https:\/\/www.bellunopress.it\/wp-content\/uploads\/2020\/12\/Alessia-Rotta-Pd.jpeg","datePublished":"2021-01-11T17:55:14+00:00","dateModified":"2021-01-11T19:46:18+00:00","breadcrumb":{"@id":"https:\/\/www.bellunopress.it\/2021\/01\/11\/veneto-curva-epidemiologica-impazzita-rotta-altro-che-variante-inglese-zaia-ha-sbagliato-le-decisioni\/#breadcrumb"},"inLanguage":"fr-FR","potentialAction":[{"@type":"ReadAction","target":["https:\/\/www.bellunopress.it\/2021\/01\/11\/veneto-curva-epidemiologica-impazzita-rotta-altro-che-variante-inglese-zaia-ha-sbagliato-le-decisioni\/"]}]},{"@type":"ImageObject","inLanguage":"fr-FR","@id":"https:\/\/www.bellunopress.it\/2021\/01\/11\/veneto-curva-epidemiologica-impazzita-rotta-altro-che-variante-inglese-zaia-ha-sbagliato-le-decisioni\/#primaryimage","url":"https:\/\/www.bellunopress.it\/wp-content\/uploads\/2020\/12\/Alessia-Rotta-Pd.jpeg","contentUrl":"https:\/\/www.bellunopress.it\/wp-content\/uploads\/2020\/12\/Alessia-Rotta-Pd.jpeg","width":225,"height":225,"caption":"Alessia Rotta, deputato"},{"@type":"BreadcrumbList","@id":"https:\/\/www.bellunopress.it\/2021\/01\/11\/veneto-curva-epidemiologica-impazzita-rotta-altro-che-variante-inglese-zaia-ha-sbagliato-le-decisioni\/#breadcrumb","itemListElement":[{"@type":"ListItem","position":1,"name":"Home","item":"https:\/\/www.bellunopress.it\/"},{"@type":"ListItem","position":2,"name":"Veneto, curva epidemiologica impazzita. Rotta: &#8220;Altro che variante inglese, Zaia ha sbagliato le decisioni&#8221;"}]},{"@type":"WebSite","@id":"https:\/\/www.bellunopress.it\/#website","url":"https:\/\/www.bellunopress.it\/","name":"Bellunopress - Dolomiti","description":"e-mail: redazione@bellunopress.it","publisher":{"@id":"https:\/\/www.bellunopress.it\/#organization"},"potentialAction":[{"@type":"SearchAction","target":{"@type":"EntryPoint","urlTemplate":"https:\/\/www.bellunopress.it\/?s={search_term_string}"},"query-input":{"@type":"PropertyValueSpecification","valueRequired":true,"valueName":"search_term_string"}}],"inLanguage":"fr-FR"},{"@type":"Organization","@id":"https:\/\/www.bellunopress.it\/#organization","name":"Bellunopress","url":"https:\/\/www.bellunopress.it\/","logo":{"@type":"ImageObject","inLanguage":"fr-FR","@id":"https:\/\/www.bellunopress.it\/#\/schema\/logo\/image\/","url":"https:\/\/www.bellunopress.it\/wp-content\/uploads\/2011\/05\/cropped-logo-bellunopress-.jpg","contentUrl":"https:\/\/www.bellunopress.it\/wp-content\/uploads\/2011\/05\/cropped-logo-bellunopress-.jpg","width":512,"height":512,"caption":"Bellunopress"},"image":{"@id":"https:\/\/www.bellunopress.it\/#\/schema\/logo\/image\/"},"sameAs":["https:\/\/www.facebook.com\/profile.php?id=100008943462799","https:\/\/x.com\/bellunopress","https:\/\/www.linkedin.com\/hp\/?dnr=JBzUWaJfMUw8vbXJJ2tVW5-I3jZKvC4wsoxE&amp;amp;amp;amp;amp;amp;trk=nav_responsive_tab_home","https:\/\/www.youtube.com\/channel\/UCxL0wu1uN0_3_7hGG0306cw"]},{"@type":"Person","@id":"https:\/\/www.bellunopress.it\/#\/schema\/person\/79bb06722b37ece1c03d3e94beb30d73","name":"r\u00e9daction","image":{"@type":"ImageObject","inLanguage":"fr-FR","@id":"https:\/\/secure.gravatar.com\/avatar\/37d968a2e67a6fd04c169c4bdef102d0bc5d31b2546345219e348575eb80e9a0?s=96&d=mm&r=g","url":"https:\/\/secure.gravatar.com\/avatar\/37d968a2e67a6fd04c169c4bdef102d0bc5d31b2546345219e348575eb80e9a0?s=96&d=mm&r=g","contentUrl":"https:\/\/secure.gravatar.com\/avatar\/37d968a2e67a6fd04c169c4bdef102d0bc5d31b2546345219e348575eb80e9a0?s=96&d=mm&r=g","caption":"redazione"},"sameAs":["http:\/\/www.bellunopress.it","https:\/\/x.com\/bellunopress"],"url":"https:\/\/www.bellunopress.it\/fr\/author\/redazione\/"}]}},"_links":{"self":[{"href":"https:\/\/www.bellunopress.it\/fr\/wp-json\/wp\/v2\/posts\/120815","targetHints":{"allow":["GET"]}}],"collection":[{"href":"https:\/\/www.bellunopress.it\/fr\/wp-json\/wp\/v2\/posts"}],"about":[{"href":"https:\/\/www.bellunopress.it\/fr\/wp-json\/wp\/v2\/types\/post"}],"author":[{"embeddable":true,"href":"https:\/\/www.bellunopress.it\/fr\/wp-json\/wp\/v2\/users\/2"}],"replies":[{"embeddable":true,"href":"https:\/\/www.bellunopress.it\/fr\/wp-json\/wp\/v2\/comments?post=120815"}],"version-history":[{"count":1,"href":"https:\/\/www.bellunopress.it\/fr\/wp-json\/wp\/v2\/posts\/120815\/revisions"}],"predecessor-version":[{"id":120816,"href":"https:\/\/www.bellunopress.it\/fr\/wp-json\/wp\/v2\/posts\/120815\/revisions\/120816"}],"wp:featuredmedia":[{"embeddable":true,"href":"https:\/\/www.bellunopress.it\/fr\/wp-json\/wp\/v2\/media\/120147"}],"wp:attachment":[{"href":"https:\/\/www.bellunopress.it\/fr\/wp-json\/wp\/v2\/media?parent=120815"}],"wp:term":[{"taxonomy":"category","embeddable":true,"href":"https:\/\/www.bellunopress.it\/fr\/wp-json\/wp\/v2\/categories?post=120815"},{"taxonomy":"post_tag","embeddable":true,"href":"https:\/\/www.bellunopress.it\/fr\/wp-json\/wp\/v2\/tags?post=120815"}],"curies":[{"name":"wp","href":"https:\/\/api.w.org\/{rel}","templated":true}]}}