{"id":120653,"date":"2021-01-04T21:15:09","date_gmt":"2021-01-04T20:15:09","guid":{"rendered":"http:\/\/www.bellunopress.it\/?p=120653"},"modified":"2021-01-04T21:15:09","modified_gmt":"2021-01-04T20:15:09","slug":"rinvio-allo-stop-degli-euro-4-diesel-lo-chiedono-le-regioni-emilia-romagna-lombardia-piemonte-e-veneto","status":"publish","type":"post","link":"https:\/\/www.bellunopress.it\/fr\/2021\/01\/04\/rinvio-allo-stop-degli-euro-4-diesel-lo-chiedono-le-regioni-emilia-romagna-lombardia-piemonte-e-veneto\/","title":{"rendered":"Rinvio allo stop degli Euro 4 diesel. Lo chiedono le Regioni Emilia-Romagna, Lombardia, Piemonte e Veneto"},"content":{"rendered":"<p><a href=\"http:\/\/www.bellunopress.it\/fr\/2020\/07\/30\/diesel-euro-4-il-blocco-nei-centri-e-rinviato-al-1-gennaio-2021\/diesel-euro-4_edited\/\" rel=\"attachment wp-att-116261\"><img loading=\"lazy\" decoding=\"async\" class=\"alignleft size-full wp-image-116261\" src=\"http:\/\/www.bellunopress.it\/wp-content\/uploads\/2020\/07\/diesel-euro-4_edited.jpg\" alt=\"\" width=\"800\" height=\"450\" srcset=\"https:\/\/www.bellunopress.it\/wp-content\/uploads\/2020\/07\/diesel-euro-4_edited.jpg 800w, https:\/\/www.bellunopress.it\/wp-content\/uploads\/2020\/07\/diesel-euro-4_edited-500x281.jpg 500w, https:\/\/www.bellunopress.it\/wp-content\/uploads\/2020\/07\/diesel-euro-4_edited-696x392.jpg 696w, https:\/\/www.bellunopress.it\/wp-content\/uploads\/2020\/07\/diesel-euro-4_edited-747x420.jpg 747w\" sizes=\"auto, (max-width: 800px) 100vw, 800px\" \/><\/a>4 gennaio 2021 &#8211; Le Regioni del Bacino Padano, Emilia-Romagna, Lombardia, Piemonte e Veneto, al termine di un incontro tra i presidenti Stefano Bonaccini, Attilio Fontana, Alberto Cirio e Luca Zaia, a cui hanno partecipato anche gli assessori all\u2019Ambiente, hanno condiviso la necessit\u00e0 di un rinvio fino al termine dell\u2019emergenza Covid dello stop ai veicoli Euro 4 diesel previsto per il prossimo 11 gennaio. La richiesta sar\u00e0 avanzata nelle prossime ore al Ministero dell\u2019Ambiente.<\/p>\n<p>Le restrizioni al trasporto pubblico e alla mobilit\u00e0 privata e le misure di sicurezza adottate per limitare il contagio risultano incompatibili con un ulteriore intervento restrittivo sulla mobilit\u00e0 individuale.<br \/>\nParallelamente, per\u00f2, le quattro Regioni confermano il proprio massimo impegno per la riduzione delle emissioni inquinanti nell\u2019area padana, in un\u2019ottica di sostenibilit\u00e0 ambientale, attenzione alla qualit\u00e0 dell\u2019aria e di tutela della salute dei cittadini.<br \/>\nPer questa ragione, contestualmente al rinvio delle misure di restrizione sugli autoveicoli, \u00e8 stata condivisa la necessit\u00e0 prevedere al contempo adeguate misure compensative per la qualit\u00e0 dell\u2019aria, con l\u2019obiettivo di intervenire in modo incisivo e mirato sui fattori inquinanti legati agli impianti di riscaldamento e alle emissioni causate da attivit\u00e0 agricole e di allevamento.<\/p>\n<p>Inoltre, le Regioni del Bacino Padano ribadiscono la richiesta al Governo di lavorare con urgenza a un piano straordinario di interventi strutturali che consentano di ottemperare a quanto previsto dalla condanna della Corte di Giustizia Europea del novembre 2020 circa la qualit\u00e0 dell\u2019aria nel nostro Paese, nonch\u00e9 di attuare le misure gi\u00e0 previste e condivise con la Commissione Europea, nel protocollo sottoscritto a giugno 2019 al termine del Clean Air Dialogue dal Presidente del Consiglio.<\/p>\n<p>Allo scopo di velocizzare il pi\u00f9 possibile questo processo, verr\u00e0 richiesto un incontro al Governo per discutere adeguate linee di finanziamento ai progetti che le quattro Regioni hanno gi\u00e0 presentato per il piano nazionale Next Generation Eu, per un valore di 2 miliardi, e per ribadire la necessit\u00e0 dell\u2019attuazione delle misure che l\u2019esecutivo si era impegnato a mettere in campo in passato e che ad oggi non hanno ancora trovato risposta concreta.<\/p>","protected":false},"excerpt":{"rendered":"<p>4 gennaio 2021 &#8211; Le Regioni del Bacino Padano, Emilia-Romagna, Lombardia, Piemonte e Veneto, al termine di un incontro tra i presidenti Stefano Bonaccini, Attilio Fontana, Alberto Cirio e Luca Zaia, a cui hanno partecipato anche gli assessori all\u2019Ambiente, hanno condiviso la necessit\u00e0 di un rinvio fino al termine dell\u2019emergenza Covid dello stop ai veicoli [&hellip;]<\/p>\n","protected":false},"author":2,"featured_media":116261,"comment_status":"closed","ping_status":"open","sticky":false,"template":"","format":"standard","meta":{"footnotes":""},"categories":[5,8],"tags":[],"class_list":["post-120653","post","type-post","status-publish","format-standard","has-post-thumbnail","category-cronaca","category-societa-istituzioni"],"yoast_head":"<!-- This site is optimized with the Yoast SEO plugin v28.4 - https:\/\/yoast.com\/product\/yoast-seo-wordpress\/ -->\n<title>Rinvio allo stop degli Euro 4 diesel. Lo chiedono le Regioni Emilia-Romagna, Lombardia, Piemonte e Veneto - Bellunopress - Dolomiti<\/title>\n<meta name=\"robots\" content=\"index, follow, max-snippet:-1, max-image-preview:large, max-video-preview:-1\" \/>\n<link rel=\"canonical\" href=\"https:\/\/www.bellunopress.it\/fr\/2021\/01\/04\/rinvio-allo-stop-degli-euro-4-diesel-lo-chiedono-le-regioni-emilia-romagna-lombardia-piemonte-e-veneto\/\" \/>\n<meta property=\"og:locale\" content=\"fr_FR\" \/>\n<meta property=\"og:type\" content=\"article\" \/>\n<meta property=\"og:title\" content=\"Rinvio allo stop degli Euro 4 diesel. Lo chiedono le Regioni Emilia-Romagna, Lombardia, Piemonte e Veneto - Bellunopress - Dolomiti\" \/>\n<meta property=\"og:description\" content=\"4 gennaio 2021 &#8211; Le Regioni del Bacino Padano, Emilia-Romagna, Lombardia, Piemonte e Veneto, al termine di un incontro tra i presidenti Stefano Bonaccini, Attilio Fontana, Alberto Cirio e Luca Zaia, a cui hanno partecipato anche gli assessori all\u2019Ambiente, hanno condiviso la necessit\u00e0 di un rinvio fino al termine dell\u2019emergenza Covid dello stop ai veicoli [&hellip;]\" \/>\n<meta property=\"og:url\" content=\"https:\/\/www.bellunopress.it\/fr\/2021\/01\/04\/rinvio-allo-stop-degli-euro-4-diesel-lo-chiedono-le-regioni-emilia-romagna-lombardia-piemonte-e-veneto\/\" \/>\n<meta property=\"og:site_name\" content=\"Bellunopress - Dolomiti\" \/>\n<meta property=\"article:publisher\" content=\"https:\/\/www.facebook.com\/profile.php?id=100008943462799\" \/>\n<meta property=\"article:published_time\" content=\"2021-01-04T20:15:09+00:00\" \/>\n<meta property=\"og:image\" content=\"https:\/\/www.bellunopress.it\/wp-content\/uploads\/2020\/07\/diesel-euro-4_edited.jpg\" \/>\n\t<meta property=\"og:image:width\" content=\"800\" \/>\n\t<meta property=\"og:image:height\" content=\"450\" \/>\n\t<meta property=\"og:image:type\" content=\"image\/jpeg\" \/>\n<meta name=\"author\" content=\"redazione\" \/>\n<meta name=\"twitter:card\" content=\"summary_large_image\" \/>\n<meta name=\"twitter:creator\" content=\"@bellunopress\" \/>\n<meta name=\"twitter:site\" content=\"@bellunopress\" \/>\n<meta name=\"twitter:label1\" content=\"\u00c9crit par\" \/>\n\t<meta name=\"twitter:data1\" content=\"redazione\" \/>\n\t<meta name=\"twitter:label2\" content=\"Dur\u00e9e de lecture estim\u00e9e\" \/>\n\t<meta name=\"twitter:data2\" content=\"2 minutes\" \/>\n<script type=\"application\/ld+json\" class=\"yoast-schema-graph\">{\"@context\":\"https:\\\/\\\/schema.org\",\"@graph\":[{\"@type\":\"Article\",\"@id\":\"https:\\\/\\\/www.bellunopress.it\\\/2021\\\/01\\\/04\\\/rinvio-allo-stop-degli-euro-4-diesel-lo-chiedono-le-regioni-emilia-romagna-lombardia-piemonte-e-veneto\\\/#article\",\"isPartOf\":{\"@id\":\"https:\\\/\\\/www.bellunopress.it\\\/2021\\\/01\\\/04\\\/rinvio-allo-stop-degli-euro-4-diesel-lo-chiedono-le-regioni-emilia-romagna-lombardia-piemonte-e-veneto\\\/\"},\"author\":{\"name\":\"redazione\",\"@id\":\"https:\\\/\\\/www.bellunopress.it\\\/#\\\/schema\\\/person\\\/79bb06722b37ece1c03d3e94beb30d73\"},\"headline\":\"Rinvio allo stop degli Euro 4 diesel. Lo chiedono le Regioni Emilia-Romagna, Lombardia, Piemonte e Veneto\",\"datePublished\":\"2021-01-04T20:15:09+00:00\",\"mainEntityOfPage\":{\"@id\":\"https:\\\/\\\/www.bellunopress.it\\\/2021\\\/01\\\/04\\\/rinvio-allo-stop-degli-euro-4-diesel-lo-chiedono-le-regioni-emilia-romagna-lombardia-piemonte-e-veneto\\\/\"},\"wordCount\":356,\"publisher\":{\"@id\":\"https:\\\/\\\/www.bellunopress.it\\\/#organization\"},\"image\":{\"@id\":\"https:\\\/\\\/www.bellunopress.it\\\/2021\\\/01\\\/04\\\/rinvio-allo-stop-degli-euro-4-diesel-lo-chiedono-le-regioni-emilia-romagna-lombardia-piemonte-e-veneto\\\/#primaryimage\"},\"thumbnailUrl\":\"https:\\\/\\\/www.bellunopress.it\\\/wp-content\\\/uploads\\\/2020\\\/07\\\/diesel-euro-4_edited.jpg\",\"articleSection\":[\"Cronaca\\\/Politica\",\"Societ\u00e0, Associazioni, Istituzioni\"],\"inLanguage\":\"fr-FR\"},{\"@type\":\"WebPage\",\"@id\":\"https:\\\/\\\/www.bellunopress.it\\\/2021\\\/01\\\/04\\\/rinvio-allo-stop-degli-euro-4-diesel-lo-chiedono-le-regioni-emilia-romagna-lombardia-piemonte-e-veneto\\\/\",\"url\":\"https:\\\/\\\/www.bellunopress.it\\\/2021\\\/01\\\/04\\\/rinvio-allo-stop-degli-euro-4-diesel-lo-chiedono-le-regioni-emilia-romagna-lombardia-piemonte-e-veneto\\\/\",\"name\":\"Rinvio allo stop degli Euro 4 diesel. Lo chiedono le Regioni Emilia-Romagna, Lombardia, Piemonte e Veneto - Bellunopress - Dolomiti\",\"isPartOf\":{\"@id\":\"https:\\\/\\\/www.bellunopress.it\\\/#website\"},\"primaryImageOfPage\":{\"@id\":\"https:\\\/\\\/www.bellunopress.it\\\/2021\\\/01\\\/04\\\/rinvio-allo-stop-degli-euro-4-diesel-lo-chiedono-le-regioni-emilia-romagna-lombardia-piemonte-e-veneto\\\/#primaryimage\"},\"image\":{\"@id\":\"https:\\\/\\\/www.bellunopress.it\\\/2021\\\/01\\\/04\\\/rinvio-allo-stop-degli-euro-4-diesel-lo-chiedono-le-regioni-emilia-romagna-lombardia-piemonte-e-veneto\\\/#primaryimage\"},\"thumbnailUrl\":\"https:\\\/\\\/www.bellunopress.it\\\/wp-content\\\/uploads\\\/2020\\\/07\\\/diesel-euro-4_edited.jpg\",\"datePublished\":\"2021-01-04T20:15:09+00:00\",\"breadcrumb\":{\"@id\":\"https:\\\/\\\/www.bellunopress.it\\\/2021\\\/01\\\/04\\\/rinvio-allo-stop-degli-euro-4-diesel-lo-chiedono-le-regioni-emilia-romagna-lombardia-piemonte-e-veneto\\\/#breadcrumb\"},\"inLanguage\":\"fr-FR\",\"potentialAction\":[{\"@type\":\"ReadAction\",\"target\":[\"https:\\\/\\\/www.bellunopress.it\\\/2021\\\/01\\\/04\\\/rinvio-allo-stop-degli-euro-4-diesel-lo-chiedono-le-regioni-emilia-romagna-lombardia-piemonte-e-veneto\\\/\"]}]},{\"@type\":\"ImageObject\",\"inLanguage\":\"fr-FR\",\"@id\":\"https:\\\/\\\/www.bellunopress.it\\\/2021\\\/01\\\/04\\\/rinvio-allo-stop-degli-euro-4-diesel-lo-chiedono-le-regioni-emilia-romagna-lombardia-piemonte-e-veneto\\\/#primaryimage\",\"url\":\"https:\\\/\\\/www.bellunopress.it\\\/wp-content\\\/uploads\\\/2020\\\/07\\\/diesel-euro-4_edited.jpg\",\"contentUrl\":\"https:\\\/\\\/www.bellunopress.it\\\/wp-content\\\/uploads\\\/2020\\\/07\\\/diesel-euro-4_edited.jpg\",\"width\":800,\"height\":450},{\"@type\":\"BreadcrumbList\",\"@id\":\"https:\\\/\\\/www.bellunopress.it\\\/2021\\\/01\\\/04\\\/rinvio-allo-stop-degli-euro-4-diesel-lo-chiedono-le-regioni-emilia-romagna-lombardia-piemonte-e-veneto\\\/#breadcrumb\",\"itemListElement\":[{\"@type\":\"ListItem\",\"position\":1,\"name\":\"Home\",\"item\":\"https:\\\/\\\/www.bellunopress.it\\\/\"},{\"@type\":\"ListItem\",\"position\":2,\"name\":\"Rinvio allo stop degli Euro 4 diesel. Lo chiedono le Regioni Emilia-Romagna, Lombardia, Piemonte e Veneto\"}]},{\"@type\":\"WebSite\",\"@id\":\"https:\\\/\\\/www.bellunopress.it\\\/#website\",\"url\":\"https:\\\/\\\/www.bellunopress.it\\\/\",\"name\":\"Bellunopress - Dolomiti\",\"description\":\"e-mail: redazione@bellunopress.it\",\"publisher\":{\"@id\":\"https:\\\/\\\/www.bellunopress.it\\\/#organization\"},\"potentialAction\":[{\"@type\":\"SearchAction\",\"target\":{\"@type\":\"EntryPoint\",\"urlTemplate\":\"https:\\\/\\\/www.bellunopress.it\\\/?s={search_term_string}\"},\"query-input\":{\"@type\":\"PropertyValueSpecification\",\"valueRequired\":true,\"valueName\":\"search_term_string\"}}],\"inLanguage\":\"fr-FR\"},{\"@type\":\"Organization\",\"@id\":\"https:\\\/\\\/www.bellunopress.it\\\/#organization\",\"name\":\"Bellunopress\",\"url\":\"https:\\\/\\\/www.bellunopress.it\\\/\",\"logo\":{\"@type\":\"ImageObject\",\"inLanguage\":\"fr-FR\",\"@id\":\"https:\\\/\\\/www.bellunopress.it\\\/#\\\/schema\\\/logo\\\/image\\\/\",\"url\":\"https:\\\/\\\/www.bellunopress.it\\\/wp-content\\\/uploads\\\/2011\\\/05\\\/cropped-logo-bellunopress-.jpg\",\"contentUrl\":\"https:\\\/\\\/www.bellunopress.it\\\/wp-content\\\/uploads\\\/2011\\\/05\\\/cropped-logo-bellunopress-.jpg\",\"width\":512,\"height\":512,\"caption\":\"Bellunopress\"},\"image\":{\"@id\":\"https:\\\/\\\/www.bellunopress.it\\\/#\\\/schema\\\/logo\\\/image\\\/\"},\"sameAs\":[\"https:\\\/\\\/www.facebook.com\\\/profile.php?id=100008943462799\",\"https:\\\/\\\/x.com\\\/bellunopress\",\"https:\\\/\\\/www.linkedin.com\\\/hp\\\/?dnr=JBzUWaJfMUw8vbXJJ2tVW5-I3jZKvC4wsoxE&amp;amp;amp;amp;amp;amp;trk=nav_responsive_tab_home\",\"https:\\\/\\\/www.youtube.com\\\/channel\\\/UCxL0wu1uN0_3_7hGG0306cw\"]},{\"@type\":\"Person\",\"@id\":\"https:\\\/\\\/www.bellunopress.it\\\/#\\\/schema\\\/person\\\/79bb06722b37ece1c03d3e94beb30d73\",\"name\":\"redazione\",\"image\":{\"@type\":\"ImageObject\",\"inLanguage\":\"fr-FR\",\"@id\":\"https:\\\/\\\/secure.gravatar.com\\\/avatar\\\/37d968a2e67a6fd04c169c4bdef102d0bc5d31b2546345219e348575eb80e9a0?s=96&d=mm&r=g\",\"url\":\"https:\\\/\\\/secure.gravatar.com\\\/avatar\\\/37d968a2e67a6fd04c169c4bdef102d0bc5d31b2546345219e348575eb80e9a0?s=96&d=mm&r=g\",\"contentUrl\":\"https:\\\/\\\/secure.gravatar.com\\\/avatar\\\/37d968a2e67a6fd04c169c4bdef102d0bc5d31b2546345219e348575eb80e9a0?s=96&d=mm&r=g\",\"caption\":\"redazione\"},\"sameAs\":[\"http:\\\/\\\/www.bellunopress.it\",\"https:\\\/\\\/x.com\\\/bellunopress\"],\"url\":\"https:\\\/\\\/www.bellunopress.it\\\/fr\\\/author\\\/redazione\\\/\"}]}<\/script>\n<!-- \/ Yoast SEO plugin. -->","yoast_head_json":{"title":"Rinvio allo stop degli Euro 4 diesel. Lo chiedono le Regioni Emilia-Romagna, Lombardia, Piemonte e Veneto - Bellunopress - Dolomiti","robots":{"index":"index","follow":"follow","max-snippet":"max-snippet:-1","max-image-preview":"max-image-preview:large","max-video-preview":"max-video-preview:-1"},"canonical":"https:\/\/www.bellunopress.it\/fr\/2021\/01\/04\/rinvio-allo-stop-degli-euro-4-diesel-lo-chiedono-le-regioni-emilia-romagna-lombardia-piemonte-e-veneto\/","og_locale":"fr_FR","og_type":"article","og_title":"Rinvio allo stop degli Euro 4 diesel. Lo chiedono le Regioni Emilia-Romagna, Lombardia, Piemonte e Veneto - Bellunopress - Dolomiti","og_description":"4 gennaio 2021 &#8211; Le Regioni del Bacino Padano, Emilia-Romagna, Lombardia, Piemonte e Veneto, al termine di un incontro tra i presidenti Stefano Bonaccini, Attilio Fontana, Alberto Cirio e Luca Zaia, a cui hanno partecipato anche gli assessori all\u2019Ambiente, hanno condiviso la necessit\u00e0 di un rinvio fino al termine dell\u2019emergenza Covid dello stop ai veicoli [&hellip;]","og_url":"https:\/\/www.bellunopress.it\/fr\/2021\/01\/04\/rinvio-allo-stop-degli-euro-4-diesel-lo-chiedono-le-regioni-emilia-romagna-lombardia-piemonte-e-veneto\/","og_site_name":"Bellunopress - Dolomiti","article_publisher":"https:\/\/www.facebook.com\/profile.php?id=100008943462799","article_published_time":"2021-01-04T20:15:09+00:00","og_image":[{"width":800,"height":450,"url":"https:\/\/www.bellunopress.it\/wp-content\/uploads\/2020\/07\/diesel-euro-4_edited.jpg","type":"image\/jpeg"}],"author":"redazione","twitter_card":"summary_large_image","twitter_creator":"@bellunopress","twitter_site":"@bellunopress","twitter_misc":{"\u00c9crit par":"redazione","Dur\u00e9e de lecture estim\u00e9e":"2 minutes"},"schema":{"@context":"https:\/\/schema.org","@graph":[{"@type":"Article","@id":"https:\/\/www.bellunopress.it\/2021\/01\/04\/rinvio-allo-stop-degli-euro-4-diesel-lo-chiedono-le-regioni-emilia-romagna-lombardia-piemonte-e-veneto\/#article","isPartOf":{"@id":"https:\/\/www.bellunopress.it\/2021\/01\/04\/rinvio-allo-stop-degli-euro-4-diesel-lo-chiedono-le-regioni-emilia-romagna-lombardia-piemonte-e-veneto\/"},"author":{"name":"redazione","@id":"https:\/\/www.bellunopress.it\/#\/schema\/person\/79bb06722b37ece1c03d3e94beb30d73"},"headline":"Rinvio allo stop degli Euro 4 diesel. Lo chiedono le Regioni Emilia-Romagna, Lombardia, Piemonte e Veneto","datePublished":"2021-01-04T20:15:09+00:00","mainEntityOfPage":{"@id":"https:\/\/www.bellunopress.it\/2021\/01\/04\/rinvio-allo-stop-degli-euro-4-diesel-lo-chiedono-le-regioni-emilia-romagna-lombardia-piemonte-e-veneto\/"},"wordCount":356,"publisher":{"@id":"https:\/\/www.bellunopress.it\/#organization"},"image":{"@id":"https:\/\/www.bellunopress.it\/2021\/01\/04\/rinvio-allo-stop-degli-euro-4-diesel-lo-chiedono-le-regioni-emilia-romagna-lombardia-piemonte-e-veneto\/#primaryimage"},"thumbnailUrl":"https:\/\/www.bellunopress.it\/wp-content\/uploads\/2020\/07\/diesel-euro-4_edited.jpg","articleSection":["Cronaca\/Politica","Societ\u00e0, Associazioni, Istituzioni"],"inLanguage":"fr-FR"},{"@type":"WebPage","@id":"https:\/\/www.bellunopress.it\/2021\/01\/04\/rinvio-allo-stop-degli-euro-4-diesel-lo-chiedono-le-regioni-emilia-romagna-lombardia-piemonte-e-veneto\/","url":"https:\/\/www.bellunopress.it\/2021\/01\/04\/rinvio-allo-stop-degli-euro-4-diesel-lo-chiedono-le-regioni-emilia-romagna-lombardia-piemonte-e-veneto\/","name":"Rinvio allo stop degli Euro 4 diesel. Lo chiedono le Regioni Emilia-Romagna, Lombardia, Piemonte e Veneto - Bellunopress - Dolomiti","isPartOf":{"@id":"https:\/\/www.bellunopress.it\/#website"},"primaryImageOfPage":{"@id":"https:\/\/www.bellunopress.it\/2021\/01\/04\/rinvio-allo-stop-degli-euro-4-diesel-lo-chiedono-le-regioni-emilia-romagna-lombardia-piemonte-e-veneto\/#primaryimage"},"image":{"@id":"https:\/\/www.bellunopress.it\/2021\/01\/04\/rinvio-allo-stop-degli-euro-4-diesel-lo-chiedono-le-regioni-emilia-romagna-lombardia-piemonte-e-veneto\/#primaryimage"},"thumbnailUrl":"https:\/\/www.bellunopress.it\/wp-content\/uploads\/2020\/07\/diesel-euro-4_edited.jpg","datePublished":"2021-01-04T20:15:09+00:00","breadcrumb":{"@id":"https:\/\/www.bellunopress.it\/2021\/01\/04\/rinvio-allo-stop-degli-euro-4-diesel-lo-chiedono-le-regioni-emilia-romagna-lombardia-piemonte-e-veneto\/#breadcrumb"},"inLanguage":"fr-FR","potentialAction":[{"@type":"ReadAction","target":["https:\/\/www.bellunopress.it\/2021\/01\/04\/rinvio-allo-stop-degli-euro-4-diesel-lo-chiedono-le-regioni-emilia-romagna-lombardia-piemonte-e-veneto\/"]}]},{"@type":"ImageObject","inLanguage":"fr-FR","@id":"https:\/\/www.bellunopress.it\/2021\/01\/04\/rinvio-allo-stop-degli-euro-4-diesel-lo-chiedono-le-regioni-emilia-romagna-lombardia-piemonte-e-veneto\/#primaryimage","url":"https:\/\/www.bellunopress.it\/wp-content\/uploads\/2020\/07\/diesel-euro-4_edited.jpg","contentUrl":"https:\/\/www.bellunopress.it\/wp-content\/uploads\/2020\/07\/diesel-euro-4_edited.jpg","width":800,"height":450},{"@type":"BreadcrumbList","@id":"https:\/\/www.bellunopress.it\/2021\/01\/04\/rinvio-allo-stop-degli-euro-4-diesel-lo-chiedono-le-regioni-emilia-romagna-lombardia-piemonte-e-veneto\/#breadcrumb","itemListElement":[{"@type":"ListItem","position":1,"name":"Home","item":"https:\/\/www.bellunopress.it\/"},{"@type":"ListItem","position":2,"name":"Rinvio allo stop degli Euro 4 diesel. Lo chiedono le Regioni Emilia-Romagna, Lombardia, Piemonte e Veneto"}]},{"@type":"WebSite","@id":"https:\/\/www.bellunopress.it\/#website","url":"https:\/\/www.bellunopress.it\/","name":"Bellunopress - Dolomiti","description":"e-mail: redazione@bellunopress.it","publisher":{"@id":"https:\/\/www.bellunopress.it\/#organization"},"potentialAction":[{"@type":"SearchAction","target":{"@type":"EntryPoint","urlTemplate":"https:\/\/www.bellunopress.it\/?s={search_term_string}"},"query-input":{"@type":"PropertyValueSpecification","valueRequired":true,"valueName":"search_term_string"}}],"inLanguage":"fr-FR"},{"@type":"Organization","@id":"https:\/\/www.bellunopress.it\/#organization","name":"Bellunopress","url":"https:\/\/www.bellunopress.it\/","logo":{"@type":"ImageObject","inLanguage":"fr-FR","@id":"https:\/\/www.bellunopress.it\/#\/schema\/logo\/image\/","url":"https:\/\/www.bellunopress.it\/wp-content\/uploads\/2011\/05\/cropped-logo-bellunopress-.jpg","contentUrl":"https:\/\/www.bellunopress.it\/wp-content\/uploads\/2011\/05\/cropped-logo-bellunopress-.jpg","width":512,"height":512,"caption":"Bellunopress"},"image":{"@id":"https:\/\/www.bellunopress.it\/#\/schema\/logo\/image\/"},"sameAs":["https:\/\/www.facebook.com\/profile.php?id=100008943462799","https:\/\/x.com\/bellunopress","https:\/\/www.linkedin.com\/hp\/?dnr=JBzUWaJfMUw8vbXJJ2tVW5-I3jZKvC4wsoxE&amp;amp;amp;amp;amp;amp;trk=nav_responsive_tab_home","https:\/\/www.youtube.com\/channel\/UCxL0wu1uN0_3_7hGG0306cw"]},{"@type":"Person","@id":"https:\/\/www.bellunopress.it\/#\/schema\/person\/79bb06722b37ece1c03d3e94beb30d73","name":"r\u00e9daction","image":{"@type":"ImageObject","inLanguage":"fr-FR","@id":"https:\/\/secure.gravatar.com\/avatar\/37d968a2e67a6fd04c169c4bdef102d0bc5d31b2546345219e348575eb80e9a0?s=96&d=mm&r=g","url":"https:\/\/secure.gravatar.com\/avatar\/37d968a2e67a6fd04c169c4bdef102d0bc5d31b2546345219e348575eb80e9a0?s=96&d=mm&r=g","contentUrl":"https:\/\/secure.gravatar.com\/avatar\/37d968a2e67a6fd04c169c4bdef102d0bc5d31b2546345219e348575eb80e9a0?s=96&d=mm&r=g","caption":"redazione"},"sameAs":["http:\/\/www.bellunopress.it","https:\/\/x.com\/bellunopress"],"url":"https:\/\/www.bellunopress.it\/fr\/author\/redazione\/"}]}},"_links":{"self":[{"href":"https:\/\/www.bellunopress.it\/fr\/wp-json\/wp\/v2\/posts\/120653","targetHints":{"allow":["GET"]}}],"collection":[{"href":"https:\/\/www.bellunopress.it\/fr\/wp-json\/wp\/v2\/posts"}],"about":[{"href":"https:\/\/www.bellunopress.it\/fr\/wp-json\/wp\/v2\/types\/post"}],"author":[{"embeddable":true,"href":"https:\/\/www.bellunopress.it\/fr\/wp-json\/wp\/v2\/users\/2"}],"replies":[{"embeddable":true,"href":"https:\/\/www.bellunopress.it\/fr\/wp-json\/wp\/v2\/comments?post=120653"}],"version-history":[{"count":1,"href":"https:\/\/www.bellunopress.it\/fr\/wp-json\/wp\/v2\/posts\/120653\/revisions"}],"predecessor-version":[{"id":120654,"href":"https:\/\/www.bellunopress.it\/fr\/wp-json\/wp\/v2\/posts\/120653\/revisions\/120654"}],"wp:featuredmedia":[{"embeddable":true,"href":"https:\/\/www.bellunopress.it\/fr\/wp-json\/wp\/v2\/media\/116261"}],"wp:attachment":[{"href":"https:\/\/www.bellunopress.it\/fr\/wp-json\/wp\/v2\/media?parent=120653"}],"wp:term":[{"taxonomy":"category","embeddable":true,"href":"https:\/\/www.bellunopress.it\/fr\/wp-json\/wp\/v2\/categories?post=120653"},{"taxonomy":"post_tag","embeddable":true,"href":"https:\/\/www.bellunopress.it\/fr\/wp-json\/wp\/v2\/tags?post=120653"}],"curies":[{"name":"wp","href":"https:\/\/api.w.org\/{rel}","templated":true}]}}