{"id":120649,"date":"2021-01-04T19:33:58","date_gmt":"2021-01-04T18:33:58","guid":{"rendered":"http:\/\/www.bellunopress.it\/?p=120649"},"modified":"2021-01-04T19:33:59","modified_gmt":"2021-01-04T18:33:59","slug":"continua-lo-sgombero-neve-sui-tetti-del-comelico","status":"publish","type":"post","link":"https:\/\/www.bellunopress.it\/fr\/2021\/01\/04\/continua-lo-sgombero-neve-sui-tetti-del-comelico\/","title":{"rendered":"Continua lo sgombero neve sui tetti del Comelico"},"content":{"rendered":"<p><a href=\"http:\/\/www.bellunopress.it\/fr\/2021\/01\/04\/continua-lo-sgombero-neve-sui-tetti-del-comelico\/santo-stefano-cadore-neve-sui-tetti_edited\/\" rel=\"attachment wp-att-120650\"><img loading=\"lazy\" decoding=\"async\" class=\"alignleft size-full wp-image-120650\" src=\"http:\/\/www.bellunopress.it\/wp-content\/uploads\/2021\/01\/Santo-Stefano-Cadore-neve-sui-tetti_edited.jpg\" alt=\"\" width=\"1000\" height=\"559\" srcset=\"https:\/\/www.bellunopress.it\/wp-content\/uploads\/2021\/01\/Santo-Stefano-Cadore-neve-sui-tetti_edited.jpg 1000w, https:\/\/www.bellunopress.it\/wp-content\/uploads\/2021\/01\/Santo-Stefano-Cadore-neve-sui-tetti_edited-500x280.jpg 500w, https:\/\/www.bellunopress.it\/wp-content\/uploads\/2021\/01\/Santo-Stefano-Cadore-neve-sui-tetti_edited-696x389.jpg 696w, https:\/\/www.bellunopress.it\/wp-content\/uploads\/2021\/01\/Santo-Stefano-Cadore-neve-sui-tetti_edited-751x420.jpg 751w\" sizes=\"auto, (max-width: 1000px) 100vw, 1000px\" \/><\/a>Santo Stefano di Cadore (BL), 04 &#8211; 01 &#8211; 12\u00a0Sono continuate anche oggi le operazioni di sgombero neve, soprattutto dai tetti delle case e degli edifici pubblici. Soprattutto a Cibiana e a Santo Stefano di Cadore. Il Soccorso alpino \u00e8 impegnato anche a Falcade.<\/p>\n<p>Questi i numeri del personale operativo:<br \/>\n48 uomini del Soccorso alpino<br \/>\nUna cinquantina di volontari Ana<br \/>\nUna trentina di militari<br \/>\n70 vigili del fuoco (di cui 25 volontari)<\/p>\n<p>Su indicazione del Centro operativo dell&#8217;Unione montana, una quarantina di soccorritori provenienti dalle Stazioni di tutto il Veneto si \u00e8 distribuita su strutture pubbliche e, in caso di criticit\u00e0 particolare, anche private, provvedendo a liberarle dallo straordinario carico di neve. Oltre a quelli del Soccorso alpino della Val Comelico, erano presenti soccorritori di Belluno, Feltre, Auronzo, Centro Cadore, Longarone, Prealpi Trevigiane, Pedemontana del Grappa, e delle squadre speleo di Vicenza e Veneto Orientale, assieme ai colleghi del Sagf. Domani a partire dalle 8 riprender\u00e0 l&#8217;attivit\u00e0 di pulizia.<\/p>","protected":false},"excerpt":{"rendered":"<p>Santo Stefano di Cadore (BL), 04 &#8211; 01 &#8211; 12\u00a0Sono continuate anche oggi le operazioni di sgombero neve, soprattutto dai tetti delle case e degli edifici pubblici. Soprattutto a Cibiana e a Santo Stefano di Cadore. Il Soccorso alpino \u00e8 impegnato anche a Falcade. Questi i numeri del personale operativo: 48 uomini del Soccorso alpino [&hellip;]<\/p>\n","protected":false},"author":2,"featured_media":120650,"comment_status":"closed","ping_status":"open","sticky":false,"template":"","format":"standard","meta":{"footnotes":""},"categories":[5,26],"tags":[],"class_list":["post-120649","post","type-post","status-publish","format-standard","has-post-thumbnail","category-cronaca","category-prima-pagina"],"yoast_head":"<!-- This site is optimized with the Yoast SEO plugin v28.4 - https:\/\/yoast.com\/product\/yoast-seo-wordpress\/ -->\n<title>Continua lo sgombero neve sui tetti del Comelico - Bellunopress - Dolomiti<\/title>\n<meta name=\"robots\" content=\"index, follow, max-snippet:-1, max-image-preview:large, max-video-preview:-1\" \/>\n<link rel=\"canonical\" href=\"https:\/\/www.bellunopress.it\/fr\/2021\/01\/04\/continua-lo-sgombero-neve-sui-tetti-del-comelico\/\" \/>\n<meta property=\"og:locale\" content=\"fr_FR\" \/>\n<meta property=\"og:type\" content=\"article\" \/>\n<meta property=\"og:title\" content=\"Continua lo sgombero neve sui tetti del Comelico - Bellunopress - Dolomiti\" \/>\n<meta property=\"og:description\" content=\"Santo Stefano di Cadore (BL), 04 &#8211; 01 &#8211; 12\u00a0Sono continuate anche oggi le operazioni di sgombero neve, soprattutto dai tetti delle case e degli edifici pubblici. Soprattutto a Cibiana e a Santo Stefano di Cadore. Il Soccorso alpino \u00e8 impegnato anche a Falcade. Questi i numeri del personale operativo: 48 uomini del Soccorso alpino [&hellip;]\" \/>\n<meta property=\"og:url\" content=\"https:\/\/www.bellunopress.it\/fr\/2021\/01\/04\/continua-lo-sgombero-neve-sui-tetti-del-comelico\/\" \/>\n<meta property=\"og:site_name\" content=\"Bellunopress - Dolomiti\" \/>\n<meta property=\"article:publisher\" content=\"https:\/\/www.facebook.com\/profile.php?id=100008943462799\" \/>\n<meta property=\"article:published_time\" content=\"2021-01-04T18:33:58+00:00\" \/>\n<meta property=\"article:modified_time\" content=\"2021-01-04T18:33:59+00:00\" \/>\n<meta property=\"og:image\" content=\"https:\/\/www.bellunopress.it\/wp-content\/uploads\/2021\/01\/Santo-Stefano-Cadore-neve-sui-tetti_edited.jpg\" \/>\n\t<meta property=\"og:image:width\" content=\"1000\" \/>\n\t<meta property=\"og:image:height\" content=\"559\" \/>\n\t<meta property=\"og:image:type\" content=\"image\/jpeg\" \/>\n<meta name=\"author\" content=\"redazione\" \/>\n<meta name=\"twitter:card\" content=\"summary_large_image\" \/>\n<meta name=\"twitter:creator\" content=\"@bellunopress\" \/>\n<meta name=\"twitter:site\" content=\"@bellunopress\" \/>\n<meta name=\"twitter:label1\" content=\"\u00c9crit par\" \/>\n\t<meta name=\"twitter:data1\" content=\"redazione\" \/>\n\t<meta name=\"twitter:label2\" content=\"Dur\u00e9e de lecture estim\u00e9e\" \/>\n\t<meta name=\"twitter:data2\" content=\"1 minute\" \/>\n<script type=\"application\/ld+json\" class=\"yoast-schema-graph\">{\"@context\":\"https:\\\/\\\/schema.org\",\"@graph\":[{\"@type\":\"Article\",\"@id\":\"https:\\\/\\\/www.bellunopress.it\\\/2021\\\/01\\\/04\\\/continua-lo-sgombero-neve-sui-tetti-del-comelico\\\/#article\",\"isPartOf\":{\"@id\":\"https:\\\/\\\/www.bellunopress.it\\\/2021\\\/01\\\/04\\\/continua-lo-sgombero-neve-sui-tetti-del-comelico\\\/\"},\"author\":{\"name\":\"redazione\",\"@id\":\"https:\\\/\\\/www.bellunopress.it\\\/#\\\/schema\\\/person\\\/79bb06722b37ece1c03d3e94beb30d73\"},\"headline\":\"Continua lo sgombero neve sui tetti del Comelico\",\"datePublished\":\"2021-01-04T18:33:58+00:00\",\"dateModified\":\"2021-01-04T18:33:59+00:00\",\"mainEntityOfPage\":{\"@id\":\"https:\\\/\\\/www.bellunopress.it\\\/2021\\\/01\\\/04\\\/continua-lo-sgombero-neve-sui-tetti-del-comelico\\\/\"},\"wordCount\":161,\"publisher\":{\"@id\":\"https:\\\/\\\/www.bellunopress.it\\\/#organization\"},\"image\":{\"@id\":\"https:\\\/\\\/www.bellunopress.it\\\/2021\\\/01\\\/04\\\/continua-lo-sgombero-neve-sui-tetti-del-comelico\\\/#primaryimage\"},\"thumbnailUrl\":\"https:\\\/\\\/www.bellunopress.it\\\/wp-content\\\/uploads\\\/2021\\\/01\\\/Santo-Stefano-Cadore-neve-sui-tetti_edited.jpg\",\"articleSection\":[\"Cronaca\\\/Politica\",\"Prima Pagina\"],\"inLanguage\":\"fr-FR\"},{\"@type\":\"WebPage\",\"@id\":\"https:\\\/\\\/www.bellunopress.it\\\/2021\\\/01\\\/04\\\/continua-lo-sgombero-neve-sui-tetti-del-comelico\\\/\",\"url\":\"https:\\\/\\\/www.bellunopress.it\\\/2021\\\/01\\\/04\\\/continua-lo-sgombero-neve-sui-tetti-del-comelico\\\/\",\"name\":\"Continua lo sgombero neve sui tetti del Comelico - Bellunopress - Dolomiti\",\"isPartOf\":{\"@id\":\"https:\\\/\\\/www.bellunopress.it\\\/#website\"},\"primaryImageOfPage\":{\"@id\":\"https:\\\/\\\/www.bellunopress.it\\\/2021\\\/01\\\/04\\\/continua-lo-sgombero-neve-sui-tetti-del-comelico\\\/#primaryimage\"},\"image\":{\"@id\":\"https:\\\/\\\/www.bellunopress.it\\\/2021\\\/01\\\/04\\\/continua-lo-sgombero-neve-sui-tetti-del-comelico\\\/#primaryimage\"},\"thumbnailUrl\":\"https:\\\/\\\/www.bellunopress.it\\\/wp-content\\\/uploads\\\/2021\\\/01\\\/Santo-Stefano-Cadore-neve-sui-tetti_edited.jpg\",\"datePublished\":\"2021-01-04T18:33:58+00:00\",\"dateModified\":\"2021-01-04T18:33:59+00:00\",\"breadcrumb\":{\"@id\":\"https:\\\/\\\/www.bellunopress.it\\\/2021\\\/01\\\/04\\\/continua-lo-sgombero-neve-sui-tetti-del-comelico\\\/#breadcrumb\"},\"inLanguage\":\"fr-FR\",\"potentialAction\":[{\"@type\":\"ReadAction\",\"target\":[\"https:\\\/\\\/www.bellunopress.it\\\/2021\\\/01\\\/04\\\/continua-lo-sgombero-neve-sui-tetti-del-comelico\\\/\"]}]},{\"@type\":\"ImageObject\",\"inLanguage\":\"fr-FR\",\"@id\":\"https:\\\/\\\/www.bellunopress.it\\\/2021\\\/01\\\/04\\\/continua-lo-sgombero-neve-sui-tetti-del-comelico\\\/#primaryimage\",\"url\":\"https:\\\/\\\/www.bellunopress.it\\\/wp-content\\\/uploads\\\/2021\\\/01\\\/Santo-Stefano-Cadore-neve-sui-tetti_edited.jpg\",\"contentUrl\":\"https:\\\/\\\/www.bellunopress.it\\\/wp-content\\\/uploads\\\/2021\\\/01\\\/Santo-Stefano-Cadore-neve-sui-tetti_edited.jpg\",\"width\":1000,\"height\":559},{\"@type\":\"BreadcrumbList\",\"@id\":\"https:\\\/\\\/www.bellunopress.it\\\/2021\\\/01\\\/04\\\/continua-lo-sgombero-neve-sui-tetti-del-comelico\\\/#breadcrumb\",\"itemListElement\":[{\"@type\":\"ListItem\",\"position\":1,\"name\":\"Home\",\"item\":\"https:\\\/\\\/www.bellunopress.it\\\/\"},{\"@type\":\"ListItem\",\"position\":2,\"name\":\"Continua lo sgombero neve sui tetti del Comelico\"}]},{\"@type\":\"WebSite\",\"@id\":\"https:\\\/\\\/www.bellunopress.it\\\/#website\",\"url\":\"https:\\\/\\\/www.bellunopress.it\\\/\",\"name\":\"Bellunopress - Dolomiti\",\"description\":\"e-mail: redazione@bellunopress.it\",\"publisher\":{\"@id\":\"https:\\\/\\\/www.bellunopress.it\\\/#organization\"},\"potentialAction\":[{\"@type\":\"SearchAction\",\"target\":{\"@type\":\"EntryPoint\",\"urlTemplate\":\"https:\\\/\\\/www.bellunopress.it\\\/?s={search_term_string}\"},\"query-input\":{\"@type\":\"PropertyValueSpecification\",\"valueRequired\":true,\"valueName\":\"search_term_string\"}}],\"inLanguage\":\"fr-FR\"},{\"@type\":\"Organization\",\"@id\":\"https:\\\/\\\/www.bellunopress.it\\\/#organization\",\"name\":\"Bellunopress\",\"url\":\"https:\\\/\\\/www.bellunopress.it\\\/\",\"logo\":{\"@type\":\"ImageObject\",\"inLanguage\":\"fr-FR\",\"@id\":\"https:\\\/\\\/www.bellunopress.it\\\/#\\\/schema\\\/logo\\\/image\\\/\",\"url\":\"https:\\\/\\\/www.bellunopress.it\\\/wp-content\\\/uploads\\\/2011\\\/05\\\/cropped-logo-bellunopress-.jpg\",\"contentUrl\":\"https:\\\/\\\/www.bellunopress.it\\\/wp-content\\\/uploads\\\/2011\\\/05\\\/cropped-logo-bellunopress-.jpg\",\"width\":512,\"height\":512,\"caption\":\"Bellunopress\"},\"image\":{\"@id\":\"https:\\\/\\\/www.bellunopress.it\\\/#\\\/schema\\\/logo\\\/image\\\/\"},\"sameAs\":[\"https:\\\/\\\/www.facebook.com\\\/profile.php?id=100008943462799\",\"https:\\\/\\\/x.com\\\/bellunopress\",\"https:\\\/\\\/www.linkedin.com\\\/hp\\\/?dnr=JBzUWaJfMUw8vbXJJ2tVW5-I3jZKvC4wsoxE&amp;amp;amp;amp;amp;amp;trk=nav_responsive_tab_home\",\"https:\\\/\\\/www.youtube.com\\\/channel\\\/UCxL0wu1uN0_3_7hGG0306cw\"]},{\"@type\":\"Person\",\"@id\":\"https:\\\/\\\/www.bellunopress.it\\\/#\\\/schema\\\/person\\\/79bb06722b37ece1c03d3e94beb30d73\",\"name\":\"redazione\",\"image\":{\"@type\":\"ImageObject\",\"inLanguage\":\"fr-FR\",\"@id\":\"https:\\\/\\\/secure.gravatar.com\\\/avatar\\\/37d968a2e67a6fd04c169c4bdef102d0bc5d31b2546345219e348575eb80e9a0?s=96&d=mm&r=g\",\"url\":\"https:\\\/\\\/secure.gravatar.com\\\/avatar\\\/37d968a2e67a6fd04c169c4bdef102d0bc5d31b2546345219e348575eb80e9a0?s=96&d=mm&r=g\",\"contentUrl\":\"https:\\\/\\\/secure.gravatar.com\\\/avatar\\\/37d968a2e67a6fd04c169c4bdef102d0bc5d31b2546345219e348575eb80e9a0?s=96&d=mm&r=g\",\"caption\":\"redazione\"},\"sameAs\":[\"http:\\\/\\\/www.bellunopress.it\",\"https:\\\/\\\/x.com\\\/bellunopress\"],\"url\":\"https:\\\/\\\/www.bellunopress.it\\\/fr\\\/author\\\/redazione\\\/\"}]}<\/script>\n<!-- \/ Yoast SEO plugin. -->","yoast_head_json":{"title":"Continua lo sgombero neve sui tetti del Comelico - Bellunopress - Dolomiti","robots":{"index":"index","follow":"follow","max-snippet":"max-snippet:-1","max-image-preview":"max-image-preview:large","max-video-preview":"max-video-preview:-1"},"canonical":"https:\/\/www.bellunopress.it\/fr\/2021\/01\/04\/continua-lo-sgombero-neve-sui-tetti-del-comelico\/","og_locale":"fr_FR","og_type":"article","og_title":"Continua lo sgombero neve sui tetti del Comelico - Bellunopress - Dolomiti","og_description":"Santo Stefano di Cadore (BL), 04 &#8211; 01 &#8211; 12\u00a0Sono continuate anche oggi le operazioni di sgombero neve, soprattutto dai tetti delle case e degli edifici pubblici. Soprattutto a Cibiana e a Santo Stefano di Cadore. Il Soccorso alpino \u00e8 impegnato anche a Falcade. Questi i numeri del personale operativo: 48 uomini del Soccorso alpino [&hellip;]","og_url":"https:\/\/www.bellunopress.it\/fr\/2021\/01\/04\/continua-lo-sgombero-neve-sui-tetti-del-comelico\/","og_site_name":"Bellunopress - Dolomiti","article_publisher":"https:\/\/www.facebook.com\/profile.php?id=100008943462799","article_published_time":"2021-01-04T18:33:58+00:00","article_modified_time":"2021-01-04T18:33:59+00:00","og_image":[{"width":1000,"height":559,"url":"https:\/\/www.bellunopress.it\/wp-content\/uploads\/2021\/01\/Santo-Stefano-Cadore-neve-sui-tetti_edited.jpg","type":"image\/jpeg"}],"author":"redazione","twitter_card":"summary_large_image","twitter_creator":"@bellunopress","twitter_site":"@bellunopress","twitter_misc":{"\u00c9crit par":"redazione","Dur\u00e9e de lecture estim\u00e9e":"1 minute"},"schema":{"@context":"https:\/\/schema.org","@graph":[{"@type":"Article","@id":"https:\/\/www.bellunopress.it\/2021\/01\/04\/continua-lo-sgombero-neve-sui-tetti-del-comelico\/#article","isPartOf":{"@id":"https:\/\/www.bellunopress.it\/2021\/01\/04\/continua-lo-sgombero-neve-sui-tetti-del-comelico\/"},"author":{"name":"redazione","@id":"https:\/\/www.bellunopress.it\/#\/schema\/person\/79bb06722b37ece1c03d3e94beb30d73"},"headline":"Continua lo sgombero neve sui tetti del Comelico","datePublished":"2021-01-04T18:33:58+00:00","dateModified":"2021-01-04T18:33:59+00:00","mainEntityOfPage":{"@id":"https:\/\/www.bellunopress.it\/2021\/01\/04\/continua-lo-sgombero-neve-sui-tetti-del-comelico\/"},"wordCount":161,"publisher":{"@id":"https:\/\/www.bellunopress.it\/#organization"},"image":{"@id":"https:\/\/www.bellunopress.it\/2021\/01\/04\/continua-lo-sgombero-neve-sui-tetti-del-comelico\/#primaryimage"},"thumbnailUrl":"https:\/\/www.bellunopress.it\/wp-content\/uploads\/2021\/01\/Santo-Stefano-Cadore-neve-sui-tetti_edited.jpg","articleSection":["Cronaca\/Politica","Prima Pagina"],"inLanguage":"fr-FR"},{"@type":"WebPage","@id":"https:\/\/www.bellunopress.it\/2021\/01\/04\/continua-lo-sgombero-neve-sui-tetti-del-comelico\/","url":"https:\/\/www.bellunopress.it\/2021\/01\/04\/continua-lo-sgombero-neve-sui-tetti-del-comelico\/","name":"Continua lo sgombero neve sui tetti del Comelico - Bellunopress - Dolomiti","isPartOf":{"@id":"https:\/\/www.bellunopress.it\/#website"},"primaryImageOfPage":{"@id":"https:\/\/www.bellunopress.it\/2021\/01\/04\/continua-lo-sgombero-neve-sui-tetti-del-comelico\/#primaryimage"},"image":{"@id":"https:\/\/www.bellunopress.it\/2021\/01\/04\/continua-lo-sgombero-neve-sui-tetti-del-comelico\/#primaryimage"},"thumbnailUrl":"https:\/\/www.bellunopress.it\/wp-content\/uploads\/2021\/01\/Santo-Stefano-Cadore-neve-sui-tetti_edited.jpg","datePublished":"2021-01-04T18:33:58+00:00","dateModified":"2021-01-04T18:33:59+00:00","breadcrumb":{"@id":"https:\/\/www.bellunopress.it\/2021\/01\/04\/continua-lo-sgombero-neve-sui-tetti-del-comelico\/#breadcrumb"},"inLanguage":"fr-FR","potentialAction":[{"@type":"ReadAction","target":["https:\/\/www.bellunopress.it\/2021\/01\/04\/continua-lo-sgombero-neve-sui-tetti-del-comelico\/"]}]},{"@type":"ImageObject","inLanguage":"fr-FR","@id":"https:\/\/www.bellunopress.it\/2021\/01\/04\/continua-lo-sgombero-neve-sui-tetti-del-comelico\/#primaryimage","url":"https:\/\/www.bellunopress.it\/wp-content\/uploads\/2021\/01\/Santo-Stefano-Cadore-neve-sui-tetti_edited.jpg","contentUrl":"https:\/\/www.bellunopress.it\/wp-content\/uploads\/2021\/01\/Santo-Stefano-Cadore-neve-sui-tetti_edited.jpg","width":1000,"height":559},{"@type":"BreadcrumbList","@id":"https:\/\/www.bellunopress.it\/2021\/01\/04\/continua-lo-sgombero-neve-sui-tetti-del-comelico\/#breadcrumb","itemListElement":[{"@type":"ListItem","position":1,"name":"Home","item":"https:\/\/www.bellunopress.it\/"},{"@type":"ListItem","position":2,"name":"Continua lo sgombero neve sui tetti del Comelico"}]},{"@type":"WebSite","@id":"https:\/\/www.bellunopress.it\/#website","url":"https:\/\/www.bellunopress.it\/","name":"Bellunopress - Dolomiti","description":"e-mail: redazione@bellunopress.it","publisher":{"@id":"https:\/\/www.bellunopress.it\/#organization"},"potentialAction":[{"@type":"SearchAction","target":{"@type":"EntryPoint","urlTemplate":"https:\/\/www.bellunopress.it\/?s={search_term_string}"},"query-input":{"@type":"PropertyValueSpecification","valueRequired":true,"valueName":"search_term_string"}}],"inLanguage":"fr-FR"},{"@type":"Organization","@id":"https:\/\/www.bellunopress.it\/#organization","name":"Bellunopress","url":"https:\/\/www.bellunopress.it\/","logo":{"@type":"ImageObject","inLanguage":"fr-FR","@id":"https:\/\/www.bellunopress.it\/#\/schema\/logo\/image\/","url":"https:\/\/www.bellunopress.it\/wp-content\/uploads\/2011\/05\/cropped-logo-bellunopress-.jpg","contentUrl":"https:\/\/www.bellunopress.it\/wp-content\/uploads\/2011\/05\/cropped-logo-bellunopress-.jpg","width":512,"height":512,"caption":"Bellunopress"},"image":{"@id":"https:\/\/www.bellunopress.it\/#\/schema\/logo\/image\/"},"sameAs":["https:\/\/www.facebook.com\/profile.php?id=100008943462799","https:\/\/x.com\/bellunopress","https:\/\/www.linkedin.com\/hp\/?dnr=JBzUWaJfMUw8vbXJJ2tVW5-I3jZKvC4wsoxE&amp;amp;amp;amp;amp;amp;trk=nav_responsive_tab_home","https:\/\/www.youtube.com\/channel\/UCxL0wu1uN0_3_7hGG0306cw"]},{"@type":"Person","@id":"https:\/\/www.bellunopress.it\/#\/schema\/person\/79bb06722b37ece1c03d3e94beb30d73","name":"r\u00e9daction","image":{"@type":"ImageObject","inLanguage":"fr-FR","@id":"https:\/\/secure.gravatar.com\/avatar\/37d968a2e67a6fd04c169c4bdef102d0bc5d31b2546345219e348575eb80e9a0?s=96&d=mm&r=g","url":"https:\/\/secure.gravatar.com\/avatar\/37d968a2e67a6fd04c169c4bdef102d0bc5d31b2546345219e348575eb80e9a0?s=96&d=mm&r=g","contentUrl":"https:\/\/secure.gravatar.com\/avatar\/37d968a2e67a6fd04c169c4bdef102d0bc5d31b2546345219e348575eb80e9a0?s=96&d=mm&r=g","caption":"redazione"},"sameAs":["http:\/\/www.bellunopress.it","https:\/\/x.com\/bellunopress"],"url":"https:\/\/www.bellunopress.it\/fr\/author\/redazione\/"}]}},"_links":{"self":[{"href":"https:\/\/www.bellunopress.it\/fr\/wp-json\/wp\/v2\/posts\/120649","targetHints":{"allow":["GET"]}}],"collection":[{"href":"https:\/\/www.bellunopress.it\/fr\/wp-json\/wp\/v2\/posts"}],"about":[{"href":"https:\/\/www.bellunopress.it\/fr\/wp-json\/wp\/v2\/types\/post"}],"author":[{"embeddable":true,"href":"https:\/\/www.bellunopress.it\/fr\/wp-json\/wp\/v2\/users\/2"}],"replies":[{"embeddable":true,"href":"https:\/\/www.bellunopress.it\/fr\/wp-json\/wp\/v2\/comments?post=120649"}],"version-history":[{"count":2,"href":"https:\/\/www.bellunopress.it\/fr\/wp-json\/wp\/v2\/posts\/120649\/revisions"}],"predecessor-version":[{"id":120652,"href":"https:\/\/www.bellunopress.it\/fr\/wp-json\/wp\/v2\/posts\/120649\/revisions\/120652"}],"wp:featuredmedia":[{"embeddable":true,"href":"https:\/\/www.bellunopress.it\/fr\/wp-json\/wp\/v2\/media\/120650"}],"wp:attachment":[{"href":"https:\/\/www.bellunopress.it\/fr\/wp-json\/wp\/v2\/media?parent=120649"}],"wp:term":[{"taxonomy":"category","embeddable":true,"href":"https:\/\/www.bellunopress.it\/fr\/wp-json\/wp\/v2\/categories?post=120649"},{"taxonomy":"post_tag","embeddable":true,"href":"https:\/\/www.bellunopress.it\/fr\/wp-json\/wp\/v2\/tags?post=120649"}],"curies":[{"name":"wp","href":"https:\/\/api.w.org\/{rel}","templated":true}]}}