{"id":120619,"date":"2021-01-04T12:43:05","date_gmt":"2021-01-04T11:43:05","guid":{"rendered":"http:\/\/www.bellunopress.it\/?p=120619"},"modified":"2021-01-04T12:43:05","modified_gmt":"2021-01-04T11:43:05","slug":"il-ministro-dinca-pieno-supporto-dai-sindaci-bellunesi-de-carlo-chiediamo-un-cambio-di-passo-e-certezze-il-ministro-ascolti-tutte-le-campane","status":"publish","type":"post","link":"https:\/\/www.bellunopress.it\/fr\/2021\/01\/04\/il-ministro-dinca-pieno-supporto-dai-sindaci-bellunesi-de-carlo-chiediamo-un-cambio-di-passo-e-certezze-il-ministro-ascolti-tutte-le-campane\/","title":{"rendered":"Il ministro D&#8217;Inc\u00e0: &#8220;Pieno supporto dai sindaci bellunesi&#8221;. De Carlo: &#8220;Chiediamo un cambio di passo e certezze. Il ministro ascolti tutte le campane&#8221;"},"content":{"rendered":"<p><a href=\"http:\/\/www.bellunopress.it\/fr\/2021\/01\/02\/unterberger-attacca-la-meloni-de-carlo-noi-rispettiamo-tutti-lorrore-e-la-discriminazione-bolzanina-nei-confronti-degli-italiani\/luca-de-carlo_edited-2\/\" rel=\"attachment wp-att-120581\"><img loading=\"lazy\" decoding=\"async\" class=\"alignleft size-full wp-image-120581\" src=\"http:\/\/www.bellunopress.it\/wp-content\/uploads\/2021\/01\/Luca-De-Carlo_edited.jpg\" alt=\"\" width=\"473\" height=\"330\" srcset=\"https:\/\/www.bellunopress.it\/wp-content\/uploads\/2021\/01\/Luca-De-Carlo_edited.jpg 473w, https:\/\/www.bellunopress.it\/wp-content\/uploads\/2021\/01\/Luca-De-Carlo_edited-100x70.jpg 100w\" sizes=\"auto, (max-width: 473px) 100vw, 473px\" \/><\/a>&#8220;Conosco da tempo il ministro D&#8217;Inc\u00e0 come persona seria e onesta e non ho motivo di mettere in dubbio le sue parole, ma credo che abbia parlato con pochi sindaci, magari solo con quelli della sua coalizione. I primi cittadini con cui ho rapporti io a questo Governo chiedono invece certezze e un cambio di passo&#8221;.<\/p>\n<p>Il sindaco di Calalzo di Cadore e senatore di Fratelli d&#8217;Italia, Luca De Carlo, replica cos\u00ec alle dichiarazioni del ministro Federico D&#8217;Inc\u00e0 che nel corso di un&#8217;intervista rilasciata questa mattina ad Agor\u00e0 ha affermato che &#8220;ieri i sindaci del bellunese dove vivo mi hanno detto: andate avanti, non mollate, continuate, state facendo bene per il paese&#8221;.<\/p>\n<p>&#8220;I sindaci chiedono piuttosto di essere messi in condizione di dare risposte ai cittadini&#8221;, sottolinea De Carlo, che dallo scorso febbraio ricopre anche il ruolo di coordinatore veneto del partito. &#8220;Ad esempio, gi\u00e0 a marzo 110 amministratori veneti di Fratelli d&#8217;Italia hanno chiesto di poter usare i soldi destinati ai comuni per l&#8217;emergenza non solo per i buoni spesa, ma anche per aiutare le famiglie a sostenere le spese di affitti e bollette; in Veneto, l&#8217;emergenza alimentare non \u00e8 infatti cos\u00ec diffusa come in altre realt\u00e0 della nazione, grazie alla forte rete di solidariet\u00e0. Una richiesta pratica che arriva da quelle che sono le prime sentinelle del territorio e che ne conoscono le reali necessit\u00e0, ma che non ha avuto risposta&#8221;.<\/p>\n<p>De Carlo ricorda le priorit\u00e0 per i primi cittadini: &#8220;Avere tempi certi per la riapertura delle scuole; avere garanzie per i trasporti; poter contare al pi\u00f9 presto sui ristori per i danni provocati dalla neve dell&#8217;ultima settimana. Con il rispetto istituzionale che da sindaco e senatore devo al Ministro, gli chiedo di ascoltare tutti i sindaci, anche quelli su posizioni politiche diverse dalla sua, e fare tesoro di tutti i consigli che possiamo dargli&#8221;.<\/p>","protected":false},"excerpt":{"rendered":"<p>&#8220;Conosco da tempo il ministro D&#8217;Inc\u00e0 come persona seria e onesta e non ho motivo di mettere in dubbio le sue parole, ma credo che abbia parlato con pochi sindaci, magari solo con quelli della sua coalizione. I primi cittadini con cui ho rapporti io a questo Governo chiedono invece certezze e un cambio di [&hellip;]<\/p>\n","protected":false},"author":2,"featured_media":120581,"comment_status":"closed","ping_status":"open","sticky":false,"template":"","format":"standard","meta":{"footnotes":""},"categories":[5,26],"tags":[],"class_list":["post-120619","post","type-post","status-publish","format-standard","has-post-thumbnail","category-cronaca","category-prima-pagina"],"yoast_head":"<!-- This site is optimized with the Yoast SEO plugin v28.4 - https:\/\/yoast.com\/product\/yoast-seo-wordpress\/ -->\n<title>Il ministro D&#039;Inc\u00e0: &quot;Pieno supporto dai sindaci bellunesi&quot;. De Carlo: &quot;Chiediamo un cambio di passo e certezze. Il ministro ascolti tutte le campane&quot; - Bellunopress - Dolomiti<\/title>\n<meta name=\"robots\" content=\"index, follow, max-snippet:-1, max-image-preview:large, max-video-preview:-1\" \/>\n<link rel=\"canonical\" href=\"https:\/\/www.bellunopress.it\/fr\/2021\/01\/04\/il-ministro-dinca-pieno-supporto-dai-sindaci-bellunesi-de-carlo-chiediamo-un-cambio-di-passo-e-certezze-il-ministro-ascolti-tutte-le-campane\/\" \/>\n<meta property=\"og:locale\" content=\"fr_FR\" \/>\n<meta property=\"og:type\" content=\"article\" \/>\n<meta property=\"og:title\" content=\"Il ministro D&#039;Inc\u00e0: &quot;Pieno supporto dai sindaci bellunesi&quot;. De Carlo: &quot;Chiediamo un cambio di passo e certezze. Il ministro ascolti tutte le campane&quot; - Bellunopress - Dolomiti\" \/>\n<meta property=\"og:description\" content=\"&#8220;Conosco da tempo il ministro D&#8217;Inc\u00e0 come persona seria e onesta e non ho motivo di mettere in dubbio le sue parole, ma credo che abbia parlato con pochi sindaci, magari solo con quelli della sua coalizione. I primi cittadini con cui ho rapporti io a questo Governo chiedono invece certezze e un cambio di [&hellip;]\" \/>\n<meta property=\"og:url\" content=\"https:\/\/www.bellunopress.it\/fr\/2021\/01\/04\/il-ministro-dinca-pieno-supporto-dai-sindaci-bellunesi-de-carlo-chiediamo-un-cambio-di-passo-e-certezze-il-ministro-ascolti-tutte-le-campane\/\" \/>\n<meta property=\"og:site_name\" content=\"Bellunopress - Dolomiti\" \/>\n<meta property=\"article:publisher\" content=\"https:\/\/www.facebook.com\/profile.php?id=100008943462799\" \/>\n<meta property=\"article:published_time\" content=\"2021-01-04T11:43:05+00:00\" \/>\n<meta property=\"og:image\" content=\"https:\/\/www.bellunopress.it\/wp-content\/uploads\/2021\/01\/Luca-De-Carlo_edited.jpg\" \/>\n\t<meta property=\"og:image:width\" content=\"473\" \/>\n\t<meta property=\"og:image:height\" content=\"330\" \/>\n\t<meta property=\"og:image:type\" content=\"image\/jpeg\" \/>\n<meta name=\"author\" content=\"redazione\" \/>\n<meta name=\"twitter:card\" content=\"summary_large_image\" \/>\n<meta name=\"twitter:creator\" content=\"@bellunopress\" \/>\n<meta name=\"twitter:site\" content=\"@bellunopress\" \/>\n<meta name=\"twitter:label1\" content=\"\u00c9crit par\" \/>\n\t<meta name=\"twitter:data1\" content=\"redazione\" \/>\n\t<meta name=\"twitter:label2\" content=\"Dur\u00e9e de lecture estim\u00e9e\" \/>\n\t<meta name=\"twitter:data2\" content=\"2 minutes\" \/>\n<script type=\"application\/ld+json\" class=\"yoast-schema-graph\">{\"@context\":\"https:\\\/\\\/schema.org\",\"@graph\":[{\"@type\":\"Article\",\"@id\":\"https:\\\/\\\/www.bellunopress.it\\\/2021\\\/01\\\/04\\\/il-ministro-dinca-pieno-supporto-dai-sindaci-bellunesi-de-carlo-chiediamo-un-cambio-di-passo-e-certezze-il-ministro-ascolti-tutte-le-campane\\\/#article\",\"isPartOf\":{\"@id\":\"https:\\\/\\\/www.bellunopress.it\\\/2021\\\/01\\\/04\\\/il-ministro-dinca-pieno-supporto-dai-sindaci-bellunesi-de-carlo-chiediamo-un-cambio-di-passo-e-certezze-il-ministro-ascolti-tutte-le-campane\\\/\"},\"author\":{\"name\":\"redazione\",\"@id\":\"https:\\\/\\\/www.bellunopress.it\\\/#\\\/schema\\\/person\\\/79bb06722b37ece1c03d3e94beb30d73\"},\"headline\":\"Il ministro D&#8217;Inc\u00e0: &#8220;Pieno supporto dai sindaci bellunesi&#8221;. De Carlo: &#8220;Chiediamo un cambio di passo e certezze. Il ministro ascolti tutte le campane&#8221;\",\"datePublished\":\"2021-01-04T11:43:05+00:00\",\"mainEntityOfPage\":{\"@id\":\"https:\\\/\\\/www.bellunopress.it\\\/2021\\\/01\\\/04\\\/il-ministro-dinca-pieno-supporto-dai-sindaci-bellunesi-de-carlo-chiediamo-un-cambio-di-passo-e-certezze-il-ministro-ascolti-tutte-le-campane\\\/\"},\"wordCount\":337,\"publisher\":{\"@id\":\"https:\\\/\\\/www.bellunopress.it\\\/#organization\"},\"image\":{\"@id\":\"https:\\\/\\\/www.bellunopress.it\\\/2021\\\/01\\\/04\\\/il-ministro-dinca-pieno-supporto-dai-sindaci-bellunesi-de-carlo-chiediamo-un-cambio-di-passo-e-certezze-il-ministro-ascolti-tutte-le-campane\\\/#primaryimage\"},\"thumbnailUrl\":\"https:\\\/\\\/www.bellunopress.it\\\/wp-content\\\/uploads\\\/2021\\\/01\\\/Luca-De-Carlo_edited.jpg\",\"articleSection\":[\"Cronaca\\\/Politica\",\"Prima Pagina\"],\"inLanguage\":\"fr-FR\"},{\"@type\":\"WebPage\",\"@id\":\"https:\\\/\\\/www.bellunopress.it\\\/2021\\\/01\\\/04\\\/il-ministro-dinca-pieno-supporto-dai-sindaci-bellunesi-de-carlo-chiediamo-un-cambio-di-passo-e-certezze-il-ministro-ascolti-tutte-le-campane\\\/\",\"url\":\"https:\\\/\\\/www.bellunopress.it\\\/2021\\\/01\\\/04\\\/il-ministro-dinca-pieno-supporto-dai-sindaci-bellunesi-de-carlo-chiediamo-un-cambio-di-passo-e-certezze-il-ministro-ascolti-tutte-le-campane\\\/\",\"name\":\"Il ministro D'Inc\u00e0: \\\"Pieno supporto dai sindaci bellunesi\\\". De Carlo: \\\"Chiediamo un cambio di passo e certezze. Il ministro ascolti tutte le campane\\\" - Bellunopress - Dolomiti\",\"isPartOf\":{\"@id\":\"https:\\\/\\\/www.bellunopress.it\\\/#website\"},\"primaryImageOfPage\":{\"@id\":\"https:\\\/\\\/www.bellunopress.it\\\/2021\\\/01\\\/04\\\/il-ministro-dinca-pieno-supporto-dai-sindaci-bellunesi-de-carlo-chiediamo-un-cambio-di-passo-e-certezze-il-ministro-ascolti-tutte-le-campane\\\/#primaryimage\"},\"image\":{\"@id\":\"https:\\\/\\\/www.bellunopress.it\\\/2021\\\/01\\\/04\\\/il-ministro-dinca-pieno-supporto-dai-sindaci-bellunesi-de-carlo-chiediamo-un-cambio-di-passo-e-certezze-il-ministro-ascolti-tutte-le-campane\\\/#primaryimage\"},\"thumbnailUrl\":\"https:\\\/\\\/www.bellunopress.it\\\/wp-content\\\/uploads\\\/2021\\\/01\\\/Luca-De-Carlo_edited.jpg\",\"datePublished\":\"2021-01-04T11:43:05+00:00\",\"breadcrumb\":{\"@id\":\"https:\\\/\\\/www.bellunopress.it\\\/2021\\\/01\\\/04\\\/il-ministro-dinca-pieno-supporto-dai-sindaci-bellunesi-de-carlo-chiediamo-un-cambio-di-passo-e-certezze-il-ministro-ascolti-tutte-le-campane\\\/#breadcrumb\"},\"inLanguage\":\"fr-FR\",\"potentialAction\":[{\"@type\":\"ReadAction\",\"target\":[\"https:\\\/\\\/www.bellunopress.it\\\/2021\\\/01\\\/04\\\/il-ministro-dinca-pieno-supporto-dai-sindaci-bellunesi-de-carlo-chiediamo-un-cambio-di-passo-e-certezze-il-ministro-ascolti-tutte-le-campane\\\/\"]}]},{\"@type\":\"ImageObject\",\"inLanguage\":\"fr-FR\",\"@id\":\"https:\\\/\\\/www.bellunopress.it\\\/2021\\\/01\\\/04\\\/il-ministro-dinca-pieno-supporto-dai-sindaci-bellunesi-de-carlo-chiediamo-un-cambio-di-passo-e-certezze-il-ministro-ascolti-tutte-le-campane\\\/#primaryimage\",\"url\":\"https:\\\/\\\/www.bellunopress.it\\\/wp-content\\\/uploads\\\/2021\\\/01\\\/Luca-De-Carlo_edited.jpg\",\"contentUrl\":\"https:\\\/\\\/www.bellunopress.it\\\/wp-content\\\/uploads\\\/2021\\\/01\\\/Luca-De-Carlo_edited.jpg\",\"width\":473,\"height\":330,\"caption\":\"Luca De Carlo, senatore\"},{\"@type\":\"BreadcrumbList\",\"@id\":\"https:\\\/\\\/www.bellunopress.it\\\/2021\\\/01\\\/04\\\/il-ministro-dinca-pieno-supporto-dai-sindaci-bellunesi-de-carlo-chiediamo-un-cambio-di-passo-e-certezze-il-ministro-ascolti-tutte-le-campane\\\/#breadcrumb\",\"itemListElement\":[{\"@type\":\"ListItem\",\"position\":1,\"name\":\"Home\",\"item\":\"https:\\\/\\\/www.bellunopress.it\\\/\"},{\"@type\":\"ListItem\",\"position\":2,\"name\":\"Il ministro D&#8217;Inc\u00e0: &#8220;Pieno supporto dai sindaci bellunesi&#8221;. De Carlo: &#8220;Chiediamo un cambio di passo e certezze. Il ministro ascolti tutte le campane&#8221;\"}]},{\"@type\":\"WebSite\",\"@id\":\"https:\\\/\\\/www.bellunopress.it\\\/#website\",\"url\":\"https:\\\/\\\/www.bellunopress.it\\\/\",\"name\":\"Bellunopress - Dolomiti\",\"description\":\"e-mail: redazione@bellunopress.it\",\"publisher\":{\"@id\":\"https:\\\/\\\/www.bellunopress.it\\\/#organization\"},\"potentialAction\":[{\"@type\":\"SearchAction\",\"target\":{\"@type\":\"EntryPoint\",\"urlTemplate\":\"https:\\\/\\\/www.bellunopress.it\\\/?s={search_term_string}\"},\"query-input\":{\"@type\":\"PropertyValueSpecification\",\"valueRequired\":true,\"valueName\":\"search_term_string\"}}],\"inLanguage\":\"fr-FR\"},{\"@type\":\"Organization\",\"@id\":\"https:\\\/\\\/www.bellunopress.it\\\/#organization\",\"name\":\"Bellunopress\",\"url\":\"https:\\\/\\\/www.bellunopress.it\\\/\",\"logo\":{\"@type\":\"ImageObject\",\"inLanguage\":\"fr-FR\",\"@id\":\"https:\\\/\\\/www.bellunopress.it\\\/#\\\/schema\\\/logo\\\/image\\\/\",\"url\":\"https:\\\/\\\/www.bellunopress.it\\\/wp-content\\\/uploads\\\/2011\\\/05\\\/cropped-logo-bellunopress-.jpg\",\"contentUrl\":\"https:\\\/\\\/www.bellunopress.it\\\/wp-content\\\/uploads\\\/2011\\\/05\\\/cropped-logo-bellunopress-.jpg\",\"width\":512,\"height\":512,\"caption\":\"Bellunopress\"},\"image\":{\"@id\":\"https:\\\/\\\/www.bellunopress.it\\\/#\\\/schema\\\/logo\\\/image\\\/\"},\"sameAs\":[\"https:\\\/\\\/www.facebook.com\\\/profile.php?id=100008943462799\",\"https:\\\/\\\/x.com\\\/bellunopress\",\"https:\\\/\\\/www.linkedin.com\\\/hp\\\/?dnr=JBzUWaJfMUw8vbXJJ2tVW5-I3jZKvC4wsoxE&amp;amp;amp;amp;amp;amp;trk=nav_responsive_tab_home\",\"https:\\\/\\\/www.youtube.com\\\/channel\\\/UCxL0wu1uN0_3_7hGG0306cw\"]},{\"@type\":\"Person\",\"@id\":\"https:\\\/\\\/www.bellunopress.it\\\/#\\\/schema\\\/person\\\/79bb06722b37ece1c03d3e94beb30d73\",\"name\":\"redazione\",\"image\":{\"@type\":\"ImageObject\",\"inLanguage\":\"fr-FR\",\"@id\":\"https:\\\/\\\/secure.gravatar.com\\\/avatar\\\/37d968a2e67a6fd04c169c4bdef102d0bc5d31b2546345219e348575eb80e9a0?s=96&d=mm&r=g\",\"url\":\"https:\\\/\\\/secure.gravatar.com\\\/avatar\\\/37d968a2e67a6fd04c169c4bdef102d0bc5d31b2546345219e348575eb80e9a0?s=96&d=mm&r=g\",\"contentUrl\":\"https:\\\/\\\/secure.gravatar.com\\\/avatar\\\/37d968a2e67a6fd04c169c4bdef102d0bc5d31b2546345219e348575eb80e9a0?s=96&d=mm&r=g\",\"caption\":\"redazione\"},\"sameAs\":[\"http:\\\/\\\/www.bellunopress.it\",\"https:\\\/\\\/x.com\\\/bellunopress\"],\"url\":\"https:\\\/\\\/www.bellunopress.it\\\/fr\\\/author\\\/redazione\\\/\"}]}<\/script>\n<!-- \/ Yoast SEO plugin. -->","yoast_head_json":{"title":"Il ministro D'Inc\u00e0: \"Pieno supporto dai sindaci bellunesi\". De Carlo: \"Chiediamo un cambio di passo e certezze. Il ministro ascolti tutte le campane\" - Bellunopress - Dolomiti","robots":{"index":"index","follow":"follow","max-snippet":"max-snippet:-1","max-image-preview":"max-image-preview:large","max-video-preview":"max-video-preview:-1"},"canonical":"https:\/\/www.bellunopress.it\/fr\/2021\/01\/04\/il-ministro-dinca-pieno-supporto-dai-sindaci-bellunesi-de-carlo-chiediamo-un-cambio-di-passo-e-certezze-il-ministro-ascolti-tutte-le-campane\/","og_locale":"fr_FR","og_type":"article","og_title":"Il ministro D'Inc\u00e0: \"Pieno supporto dai sindaci bellunesi\". De Carlo: \"Chiediamo un cambio di passo e certezze. Il ministro ascolti tutte le campane\" - Bellunopress - Dolomiti","og_description":"&#8220;Conosco da tempo il ministro D&#8217;Inc\u00e0 come persona seria e onesta e non ho motivo di mettere in dubbio le sue parole, ma credo che abbia parlato con pochi sindaci, magari solo con quelli della sua coalizione. I primi cittadini con cui ho rapporti io a questo Governo chiedono invece certezze e un cambio di [&hellip;]","og_url":"https:\/\/www.bellunopress.it\/fr\/2021\/01\/04\/il-ministro-dinca-pieno-supporto-dai-sindaci-bellunesi-de-carlo-chiediamo-un-cambio-di-passo-e-certezze-il-ministro-ascolti-tutte-le-campane\/","og_site_name":"Bellunopress - Dolomiti","article_publisher":"https:\/\/www.facebook.com\/profile.php?id=100008943462799","article_published_time":"2021-01-04T11:43:05+00:00","og_image":[{"width":473,"height":330,"url":"https:\/\/www.bellunopress.it\/wp-content\/uploads\/2021\/01\/Luca-De-Carlo_edited.jpg","type":"image\/jpeg"}],"author":"redazione","twitter_card":"summary_large_image","twitter_creator":"@bellunopress","twitter_site":"@bellunopress","twitter_misc":{"\u00c9crit par":"redazione","Dur\u00e9e de lecture estim\u00e9e":"2 minutes"},"schema":{"@context":"https:\/\/schema.org","@graph":[{"@type":"Article","@id":"https:\/\/www.bellunopress.it\/2021\/01\/04\/il-ministro-dinca-pieno-supporto-dai-sindaci-bellunesi-de-carlo-chiediamo-un-cambio-di-passo-e-certezze-il-ministro-ascolti-tutte-le-campane\/#article","isPartOf":{"@id":"https:\/\/www.bellunopress.it\/2021\/01\/04\/il-ministro-dinca-pieno-supporto-dai-sindaci-bellunesi-de-carlo-chiediamo-un-cambio-di-passo-e-certezze-il-ministro-ascolti-tutte-le-campane\/"},"author":{"name":"redazione","@id":"https:\/\/www.bellunopress.it\/#\/schema\/person\/79bb06722b37ece1c03d3e94beb30d73"},"headline":"Il ministro D&#8217;Inc\u00e0: &#8220;Pieno supporto dai sindaci bellunesi&#8221;. De Carlo: &#8220;Chiediamo un cambio di passo e certezze. Il ministro ascolti tutte le campane&#8221;","datePublished":"2021-01-04T11:43:05+00:00","mainEntityOfPage":{"@id":"https:\/\/www.bellunopress.it\/2021\/01\/04\/il-ministro-dinca-pieno-supporto-dai-sindaci-bellunesi-de-carlo-chiediamo-un-cambio-di-passo-e-certezze-il-ministro-ascolti-tutte-le-campane\/"},"wordCount":337,"publisher":{"@id":"https:\/\/www.bellunopress.it\/#organization"},"image":{"@id":"https:\/\/www.bellunopress.it\/2021\/01\/04\/il-ministro-dinca-pieno-supporto-dai-sindaci-bellunesi-de-carlo-chiediamo-un-cambio-di-passo-e-certezze-il-ministro-ascolti-tutte-le-campane\/#primaryimage"},"thumbnailUrl":"https:\/\/www.bellunopress.it\/wp-content\/uploads\/2021\/01\/Luca-De-Carlo_edited.jpg","articleSection":["Cronaca\/Politica","Prima Pagina"],"inLanguage":"fr-FR"},{"@type":"WebPage","@id":"https:\/\/www.bellunopress.it\/2021\/01\/04\/il-ministro-dinca-pieno-supporto-dai-sindaci-bellunesi-de-carlo-chiediamo-un-cambio-di-passo-e-certezze-il-ministro-ascolti-tutte-le-campane\/","url":"https:\/\/www.bellunopress.it\/2021\/01\/04\/il-ministro-dinca-pieno-supporto-dai-sindaci-bellunesi-de-carlo-chiediamo-un-cambio-di-passo-e-certezze-il-ministro-ascolti-tutte-le-campane\/","name":"Il ministro D'Inc\u00e0: \"Pieno supporto dai sindaci bellunesi\". De Carlo: \"Chiediamo un cambio di passo e certezze. Il ministro ascolti tutte le campane\" - Bellunopress - Dolomiti","isPartOf":{"@id":"https:\/\/www.bellunopress.it\/#website"},"primaryImageOfPage":{"@id":"https:\/\/www.bellunopress.it\/2021\/01\/04\/il-ministro-dinca-pieno-supporto-dai-sindaci-bellunesi-de-carlo-chiediamo-un-cambio-di-passo-e-certezze-il-ministro-ascolti-tutte-le-campane\/#primaryimage"},"image":{"@id":"https:\/\/www.bellunopress.it\/2021\/01\/04\/il-ministro-dinca-pieno-supporto-dai-sindaci-bellunesi-de-carlo-chiediamo-un-cambio-di-passo-e-certezze-il-ministro-ascolti-tutte-le-campane\/#primaryimage"},"thumbnailUrl":"https:\/\/www.bellunopress.it\/wp-content\/uploads\/2021\/01\/Luca-De-Carlo_edited.jpg","datePublished":"2021-01-04T11:43:05+00:00","breadcrumb":{"@id":"https:\/\/www.bellunopress.it\/2021\/01\/04\/il-ministro-dinca-pieno-supporto-dai-sindaci-bellunesi-de-carlo-chiediamo-un-cambio-di-passo-e-certezze-il-ministro-ascolti-tutte-le-campane\/#breadcrumb"},"inLanguage":"fr-FR","potentialAction":[{"@type":"ReadAction","target":["https:\/\/www.bellunopress.it\/2021\/01\/04\/il-ministro-dinca-pieno-supporto-dai-sindaci-bellunesi-de-carlo-chiediamo-un-cambio-di-passo-e-certezze-il-ministro-ascolti-tutte-le-campane\/"]}]},{"@type":"ImageObject","inLanguage":"fr-FR","@id":"https:\/\/www.bellunopress.it\/2021\/01\/04\/il-ministro-dinca-pieno-supporto-dai-sindaci-bellunesi-de-carlo-chiediamo-un-cambio-di-passo-e-certezze-il-ministro-ascolti-tutte-le-campane\/#primaryimage","url":"https:\/\/www.bellunopress.it\/wp-content\/uploads\/2021\/01\/Luca-De-Carlo_edited.jpg","contentUrl":"https:\/\/www.bellunopress.it\/wp-content\/uploads\/2021\/01\/Luca-De-Carlo_edited.jpg","width":473,"height":330,"caption":"Luca De Carlo, senatore"},{"@type":"BreadcrumbList","@id":"https:\/\/www.bellunopress.it\/2021\/01\/04\/il-ministro-dinca-pieno-supporto-dai-sindaci-bellunesi-de-carlo-chiediamo-un-cambio-di-passo-e-certezze-il-ministro-ascolti-tutte-le-campane\/#breadcrumb","itemListElement":[{"@type":"ListItem","position":1,"name":"Home","item":"https:\/\/www.bellunopress.it\/"},{"@type":"ListItem","position":2,"name":"Il ministro D&#8217;Inc\u00e0: &#8220;Pieno supporto dai sindaci bellunesi&#8221;. De Carlo: &#8220;Chiediamo un cambio di passo e certezze. Il ministro ascolti tutte le campane&#8221;"}]},{"@type":"WebSite","@id":"https:\/\/www.bellunopress.it\/#website","url":"https:\/\/www.bellunopress.it\/","name":"Bellunopress - Dolomiti","description":"e-mail: redazione@bellunopress.it","publisher":{"@id":"https:\/\/www.bellunopress.it\/#organization"},"potentialAction":[{"@type":"SearchAction","target":{"@type":"EntryPoint","urlTemplate":"https:\/\/www.bellunopress.it\/?s={search_term_string}"},"query-input":{"@type":"PropertyValueSpecification","valueRequired":true,"valueName":"search_term_string"}}],"inLanguage":"fr-FR"},{"@type":"Organization","@id":"https:\/\/www.bellunopress.it\/#organization","name":"Bellunopress","url":"https:\/\/www.bellunopress.it\/","logo":{"@type":"ImageObject","inLanguage":"fr-FR","@id":"https:\/\/www.bellunopress.it\/#\/schema\/logo\/image\/","url":"https:\/\/www.bellunopress.it\/wp-content\/uploads\/2011\/05\/cropped-logo-bellunopress-.jpg","contentUrl":"https:\/\/www.bellunopress.it\/wp-content\/uploads\/2011\/05\/cropped-logo-bellunopress-.jpg","width":512,"height":512,"caption":"Bellunopress"},"image":{"@id":"https:\/\/www.bellunopress.it\/#\/schema\/logo\/image\/"},"sameAs":["https:\/\/www.facebook.com\/profile.php?id=100008943462799","https:\/\/x.com\/bellunopress","https:\/\/www.linkedin.com\/hp\/?dnr=JBzUWaJfMUw8vbXJJ2tVW5-I3jZKvC4wsoxE&amp;amp;amp;amp;amp;amp;trk=nav_responsive_tab_home","https:\/\/www.youtube.com\/channel\/UCxL0wu1uN0_3_7hGG0306cw"]},{"@type":"Person","@id":"https:\/\/www.bellunopress.it\/#\/schema\/person\/79bb06722b37ece1c03d3e94beb30d73","name":"r\u00e9daction","image":{"@type":"ImageObject","inLanguage":"fr-FR","@id":"https:\/\/secure.gravatar.com\/avatar\/37d968a2e67a6fd04c169c4bdef102d0bc5d31b2546345219e348575eb80e9a0?s=96&d=mm&r=g","url":"https:\/\/secure.gravatar.com\/avatar\/37d968a2e67a6fd04c169c4bdef102d0bc5d31b2546345219e348575eb80e9a0?s=96&d=mm&r=g","contentUrl":"https:\/\/secure.gravatar.com\/avatar\/37d968a2e67a6fd04c169c4bdef102d0bc5d31b2546345219e348575eb80e9a0?s=96&d=mm&r=g","caption":"redazione"},"sameAs":["http:\/\/www.bellunopress.it","https:\/\/x.com\/bellunopress"],"url":"https:\/\/www.bellunopress.it\/fr\/author\/redazione\/"}]}},"_links":{"self":[{"href":"https:\/\/www.bellunopress.it\/fr\/wp-json\/wp\/v2\/posts\/120619","targetHints":{"allow":["GET"]}}],"collection":[{"href":"https:\/\/www.bellunopress.it\/fr\/wp-json\/wp\/v2\/posts"}],"about":[{"href":"https:\/\/www.bellunopress.it\/fr\/wp-json\/wp\/v2\/types\/post"}],"author":[{"embeddable":true,"href":"https:\/\/www.bellunopress.it\/fr\/wp-json\/wp\/v2\/users\/2"}],"replies":[{"embeddable":true,"href":"https:\/\/www.bellunopress.it\/fr\/wp-json\/wp\/v2\/comments?post=120619"}],"version-history":[{"count":1,"href":"https:\/\/www.bellunopress.it\/fr\/wp-json\/wp\/v2\/posts\/120619\/revisions"}],"predecessor-version":[{"id":120620,"href":"https:\/\/www.bellunopress.it\/fr\/wp-json\/wp\/v2\/posts\/120619\/revisions\/120620"}],"wp:featuredmedia":[{"embeddable":true,"href":"https:\/\/www.bellunopress.it\/fr\/wp-json\/wp\/v2\/media\/120581"}],"wp:attachment":[{"href":"https:\/\/www.bellunopress.it\/fr\/wp-json\/wp\/v2\/media?parent=120619"}],"wp:term":[{"taxonomy":"category","embeddable":true,"href":"https:\/\/www.bellunopress.it\/fr\/wp-json\/wp\/v2\/categories?post=120619"},{"taxonomy":"post_tag","embeddable":true,"href":"https:\/\/www.bellunopress.it\/fr\/wp-json\/wp\/v2\/tags?post=120619"}],"curies":[{"name":"wp","href":"https:\/\/api.w.org\/{rel}","templated":true}]}}