{"id":120586,"date":"2021-01-02T15:55:53","date_gmt":"2021-01-02T14:55:53","guid":{"rendered":"http:\/\/www.bellunopress.it\/?p=120586"},"modified":"2021-01-02T15:58:02","modified_gmt":"2021-01-02T14:58:02","slug":"ricerca-in-valle-del-mis-ritrovato-incolume","status":"publish","type":"post","link":"https:\/\/www.bellunopress.it\/fr\/2021\/01\/02\/ricerca-in-valle-del-mis-ritrovato-incolume\/","title":{"rendered":"Ricerca in Valle del Mis: ritrovato incolume"},"content":{"rendered":"<p><a href=\"http:\/\/www.bellunopress.it\/fr\/2021\/01\/02\/ricerca-in-valle-del-mis-ritrovato-incolume\/soccorso-alpino-neve_edited-2\/\" rel=\"attachment wp-att-120587\"><img loading=\"lazy\" decoding=\"async\" class=\"alignleft size-full wp-image-120587\" src=\"http:\/\/www.bellunopress.it\/wp-content\/uploads\/2021\/01\/Soccorso-alpino-neve_edited.jpg\" alt=\"\" width=\"1000\" height=\"971\" srcset=\"https:\/\/www.bellunopress.it\/wp-content\/uploads\/2021\/01\/Soccorso-alpino-neve_edited.jpg 1000w, https:\/\/www.bellunopress.it\/wp-content\/uploads\/2021\/01\/Soccorso-alpino-neve_edited-500x486.jpg 500w, https:\/\/www.bellunopress.it\/wp-content\/uploads\/2021\/01\/Soccorso-alpino-neve_edited-696x676.jpg 696w, https:\/\/www.bellunopress.it\/wp-content\/uploads\/2021\/01\/Soccorso-alpino-neve_edited-433x420.jpg 433w\" sizes=\"auto, (max-width: 1000px) 100vw, 1000px\" \/><\/a>Sospirolo (BL), 02 &#8211; 01 &#8211; 21\u00a0 \u00a0\u00c8 stato incrociato dai soccorritori mentre rientrava da Gena Alta, il trentacinquenne originario di Padova, da qualche mese residente in comune di Lentiai (BL), per la cui scomparsa era scattato questa mattina l&#8217;allarme, lanciato dai familiari che lo sapevano fuori a fare fotografie da ieri e che non riuscivano pi\u00f9 a contattarlo. Attorno alle 11.20, dopo l&#8217;allerta, 25 soccorritori delle Stazioni di Belluno, Feltre, Longarone, Veneto Orientale, con Vigili del fuoco e Carabinieri forestali hanno raggiunto il Bar della Soffia dove \u00e8 stata ritrovata parcheggiata la macchina dell&#8217;uomo e si sono suddivisi tra le zone principali, Gena Alta, Pattine, i Cadini del Brenton, mentre il Gruppo forre si preparava a percorrere le acque della Soffia. Fortunatamente, verso le 14, due soccorritori hanno incrociato l&#8217;uomo. Stava bene, aveva passato la notte in macchina e questa mattina era salito a fare delle fotografie. L&#8217;allarme \u00e8 quindi rientrato.<\/p>","protected":false},"excerpt":{"rendered":"<p>Sospirolo (BL), 02 &#8211; 01 &#8211; 21\u00a0 \u00a0\u00c8 stato incrociato dai soccorritori mentre rientrava da Gena Alta, il trentacinquenne originario di Padova, da qualche mese residente in comune di Lentiai (BL), per la cui scomparsa era scattato questa mattina l&#8217;allarme, lanciato dai familiari che lo sapevano fuori a fare fotografie da ieri e che non [&hellip;]<\/p>\n","protected":false},"author":2,"featured_media":120587,"comment_status":"closed","ping_status":"open","sticky":false,"template":"","format":"standard","meta":{"footnotes":""},"categories":[5,26],"tags":[],"class_list":["post-120586","post","type-post","status-publish","format-standard","has-post-thumbnail","category-cronaca","category-prima-pagina"],"yoast_head":"<!-- This site is optimized with the Yoast SEO plugin v28.4 - https:\/\/yoast.com\/product\/yoast-seo-wordpress\/ -->\n<title>Ricerca in Valle del Mis: ritrovato incolume - Bellunopress - Dolomiti<\/title>\n<meta name=\"robots\" content=\"index, follow, max-snippet:-1, max-image-preview:large, max-video-preview:-1\" \/>\n<link rel=\"canonical\" href=\"https:\/\/www.bellunopress.it\/fr\/2021\/01\/02\/ricerca-in-valle-del-mis-ritrovato-incolume\/\" \/>\n<meta property=\"og:locale\" content=\"fr_FR\" \/>\n<meta property=\"og:type\" content=\"article\" \/>\n<meta property=\"og:title\" content=\"Ricerca in Valle del Mis: ritrovato incolume - Bellunopress - Dolomiti\" \/>\n<meta property=\"og:description\" content=\"Sospirolo (BL), 02 &#8211; 01 &#8211; 21\u00a0 \u00a0\u00c8 stato incrociato dai soccorritori mentre rientrava da Gena Alta, il trentacinquenne originario di Padova, da qualche mese residente in comune di Lentiai (BL), per la cui scomparsa era scattato questa mattina l&#8217;allarme, lanciato dai familiari che lo sapevano fuori a fare fotografie da ieri e che non [&hellip;]\" \/>\n<meta property=\"og:url\" content=\"https:\/\/www.bellunopress.it\/fr\/2021\/01\/02\/ricerca-in-valle-del-mis-ritrovato-incolume\/\" \/>\n<meta property=\"og:site_name\" content=\"Bellunopress - Dolomiti\" \/>\n<meta property=\"article:publisher\" content=\"https:\/\/www.facebook.com\/profile.php?id=100008943462799\" \/>\n<meta property=\"article:published_time\" content=\"2021-01-02T14:55:53+00:00\" \/>\n<meta property=\"article:modified_time\" content=\"2021-01-02T14:58:02+00:00\" \/>\n<meta property=\"og:image\" content=\"https:\/\/www.bellunopress.it\/wp-content\/uploads\/2021\/01\/Soccorso-alpino-neve_edited.jpg\" \/>\n\t<meta property=\"og:image:width\" content=\"1000\" \/>\n\t<meta property=\"og:image:height\" content=\"971\" \/>\n\t<meta property=\"og:image:type\" content=\"image\/jpeg\" \/>\n<meta name=\"author\" content=\"redazione\" \/>\n<meta name=\"twitter:card\" content=\"summary_large_image\" \/>\n<meta name=\"twitter:creator\" content=\"@bellunopress\" \/>\n<meta name=\"twitter:site\" content=\"@bellunopress\" \/>\n<meta name=\"twitter:label1\" content=\"\u00c9crit par\" \/>\n\t<meta name=\"twitter:data1\" content=\"redazione\" \/>\n\t<meta name=\"twitter:label2\" content=\"Dur\u00e9e de lecture estim\u00e9e\" \/>\n\t<meta name=\"twitter:data2\" content=\"1 minute\" \/>\n<script type=\"application\/ld+json\" class=\"yoast-schema-graph\">{\"@context\":\"https:\\\/\\\/schema.org\",\"@graph\":[{\"@type\":\"Article\",\"@id\":\"https:\\\/\\\/www.bellunopress.it\\\/2021\\\/01\\\/02\\\/ricerca-in-valle-del-mis-ritrovato-incolume\\\/#article\",\"isPartOf\":{\"@id\":\"https:\\\/\\\/www.bellunopress.it\\\/2021\\\/01\\\/02\\\/ricerca-in-valle-del-mis-ritrovato-incolume\\\/\"},\"author\":{\"name\":\"redazione\",\"@id\":\"https:\\\/\\\/www.bellunopress.it\\\/#\\\/schema\\\/person\\\/79bb06722b37ece1c03d3e94beb30d73\"},\"headline\":\"Ricerca in Valle del Mis: ritrovato incolume\",\"datePublished\":\"2021-01-02T14:55:53+00:00\",\"dateModified\":\"2021-01-02T14:58:02+00:00\",\"mainEntityOfPage\":{\"@id\":\"https:\\\/\\\/www.bellunopress.it\\\/2021\\\/01\\\/02\\\/ricerca-in-valle-del-mis-ritrovato-incolume\\\/\"},\"wordCount\":155,\"publisher\":{\"@id\":\"https:\\\/\\\/www.bellunopress.it\\\/#organization\"},\"image\":{\"@id\":\"https:\\\/\\\/www.bellunopress.it\\\/2021\\\/01\\\/02\\\/ricerca-in-valle-del-mis-ritrovato-incolume\\\/#primaryimage\"},\"thumbnailUrl\":\"https:\\\/\\\/www.bellunopress.it\\\/wp-content\\\/uploads\\\/2021\\\/01\\\/Soccorso-alpino-neve_edited.jpg\",\"articleSection\":[\"Cronaca\\\/Politica\",\"Prima Pagina\"],\"inLanguage\":\"fr-FR\"},{\"@type\":\"WebPage\",\"@id\":\"https:\\\/\\\/www.bellunopress.it\\\/2021\\\/01\\\/02\\\/ricerca-in-valle-del-mis-ritrovato-incolume\\\/\",\"url\":\"https:\\\/\\\/www.bellunopress.it\\\/2021\\\/01\\\/02\\\/ricerca-in-valle-del-mis-ritrovato-incolume\\\/\",\"name\":\"Ricerca in Valle del Mis: ritrovato incolume - Bellunopress - Dolomiti\",\"isPartOf\":{\"@id\":\"https:\\\/\\\/www.bellunopress.it\\\/#website\"},\"primaryImageOfPage\":{\"@id\":\"https:\\\/\\\/www.bellunopress.it\\\/2021\\\/01\\\/02\\\/ricerca-in-valle-del-mis-ritrovato-incolume\\\/#primaryimage\"},\"image\":{\"@id\":\"https:\\\/\\\/www.bellunopress.it\\\/2021\\\/01\\\/02\\\/ricerca-in-valle-del-mis-ritrovato-incolume\\\/#primaryimage\"},\"thumbnailUrl\":\"https:\\\/\\\/www.bellunopress.it\\\/wp-content\\\/uploads\\\/2021\\\/01\\\/Soccorso-alpino-neve_edited.jpg\",\"datePublished\":\"2021-01-02T14:55:53+00:00\",\"dateModified\":\"2021-01-02T14:58:02+00:00\",\"breadcrumb\":{\"@id\":\"https:\\\/\\\/www.bellunopress.it\\\/2021\\\/01\\\/02\\\/ricerca-in-valle-del-mis-ritrovato-incolume\\\/#breadcrumb\"},\"inLanguage\":\"fr-FR\",\"potentialAction\":[{\"@type\":\"ReadAction\",\"target\":[\"https:\\\/\\\/www.bellunopress.it\\\/2021\\\/01\\\/02\\\/ricerca-in-valle-del-mis-ritrovato-incolume\\\/\"]}]},{\"@type\":\"ImageObject\",\"inLanguage\":\"fr-FR\",\"@id\":\"https:\\\/\\\/www.bellunopress.it\\\/2021\\\/01\\\/02\\\/ricerca-in-valle-del-mis-ritrovato-incolume\\\/#primaryimage\",\"url\":\"https:\\\/\\\/www.bellunopress.it\\\/wp-content\\\/uploads\\\/2021\\\/01\\\/Soccorso-alpino-neve_edited.jpg\",\"contentUrl\":\"https:\\\/\\\/www.bellunopress.it\\\/wp-content\\\/uploads\\\/2021\\\/01\\\/Soccorso-alpino-neve_edited.jpg\",\"width\":1000,\"height\":971},{\"@type\":\"BreadcrumbList\",\"@id\":\"https:\\\/\\\/www.bellunopress.it\\\/2021\\\/01\\\/02\\\/ricerca-in-valle-del-mis-ritrovato-incolume\\\/#breadcrumb\",\"itemListElement\":[{\"@type\":\"ListItem\",\"position\":1,\"name\":\"Home\",\"item\":\"https:\\\/\\\/www.bellunopress.it\\\/\"},{\"@type\":\"ListItem\",\"position\":2,\"name\":\"Ricerca in Valle del Mis: ritrovato incolume\"}]},{\"@type\":\"WebSite\",\"@id\":\"https:\\\/\\\/www.bellunopress.it\\\/#website\",\"url\":\"https:\\\/\\\/www.bellunopress.it\\\/\",\"name\":\"Bellunopress - Dolomiti\",\"description\":\"e-mail: redazione@bellunopress.it\",\"publisher\":{\"@id\":\"https:\\\/\\\/www.bellunopress.it\\\/#organization\"},\"potentialAction\":[{\"@type\":\"SearchAction\",\"target\":{\"@type\":\"EntryPoint\",\"urlTemplate\":\"https:\\\/\\\/www.bellunopress.it\\\/?s={search_term_string}\"},\"query-input\":{\"@type\":\"PropertyValueSpecification\",\"valueRequired\":true,\"valueName\":\"search_term_string\"}}],\"inLanguage\":\"fr-FR\"},{\"@type\":\"Organization\",\"@id\":\"https:\\\/\\\/www.bellunopress.it\\\/#organization\",\"name\":\"Bellunopress\",\"url\":\"https:\\\/\\\/www.bellunopress.it\\\/\",\"logo\":{\"@type\":\"ImageObject\",\"inLanguage\":\"fr-FR\",\"@id\":\"https:\\\/\\\/www.bellunopress.it\\\/#\\\/schema\\\/logo\\\/image\\\/\",\"url\":\"https:\\\/\\\/www.bellunopress.it\\\/wp-content\\\/uploads\\\/2011\\\/05\\\/cropped-logo-bellunopress-.jpg\",\"contentUrl\":\"https:\\\/\\\/www.bellunopress.it\\\/wp-content\\\/uploads\\\/2011\\\/05\\\/cropped-logo-bellunopress-.jpg\",\"width\":512,\"height\":512,\"caption\":\"Bellunopress\"},\"image\":{\"@id\":\"https:\\\/\\\/www.bellunopress.it\\\/#\\\/schema\\\/logo\\\/image\\\/\"},\"sameAs\":[\"https:\\\/\\\/www.facebook.com\\\/profile.php?id=100008943462799\",\"https:\\\/\\\/x.com\\\/bellunopress\",\"https:\\\/\\\/www.linkedin.com\\\/hp\\\/?dnr=JBzUWaJfMUw8vbXJJ2tVW5-I3jZKvC4wsoxE&amp;amp;amp;amp;amp;amp;trk=nav_responsive_tab_home\",\"https:\\\/\\\/www.youtube.com\\\/channel\\\/UCxL0wu1uN0_3_7hGG0306cw\"]},{\"@type\":\"Person\",\"@id\":\"https:\\\/\\\/www.bellunopress.it\\\/#\\\/schema\\\/person\\\/79bb06722b37ece1c03d3e94beb30d73\",\"name\":\"redazione\",\"image\":{\"@type\":\"ImageObject\",\"inLanguage\":\"fr-FR\",\"@id\":\"https:\\\/\\\/secure.gravatar.com\\\/avatar\\\/37d968a2e67a6fd04c169c4bdef102d0bc5d31b2546345219e348575eb80e9a0?s=96&d=mm&r=g\",\"url\":\"https:\\\/\\\/secure.gravatar.com\\\/avatar\\\/37d968a2e67a6fd04c169c4bdef102d0bc5d31b2546345219e348575eb80e9a0?s=96&d=mm&r=g\",\"contentUrl\":\"https:\\\/\\\/secure.gravatar.com\\\/avatar\\\/37d968a2e67a6fd04c169c4bdef102d0bc5d31b2546345219e348575eb80e9a0?s=96&d=mm&r=g\",\"caption\":\"redazione\"},\"sameAs\":[\"http:\\\/\\\/www.bellunopress.it\",\"https:\\\/\\\/x.com\\\/bellunopress\"],\"url\":\"https:\\\/\\\/www.bellunopress.it\\\/fr\\\/author\\\/redazione\\\/\"}]}<\/script>\n<!-- \/ Yoast SEO plugin. -->","yoast_head_json":{"title":"Ricerca in Valle del Mis: ritrovato incolume - Bellunopress - Dolomiti","robots":{"index":"index","follow":"follow","max-snippet":"max-snippet:-1","max-image-preview":"max-image-preview:large","max-video-preview":"max-video-preview:-1"},"canonical":"https:\/\/www.bellunopress.it\/fr\/2021\/01\/02\/ricerca-in-valle-del-mis-ritrovato-incolume\/","og_locale":"fr_FR","og_type":"article","og_title":"Ricerca in Valle del Mis: ritrovato incolume - Bellunopress - Dolomiti","og_description":"Sospirolo (BL), 02 &#8211; 01 &#8211; 21\u00a0 \u00a0\u00c8 stato incrociato dai soccorritori mentre rientrava da Gena Alta, il trentacinquenne originario di Padova, da qualche mese residente in comune di Lentiai (BL), per la cui scomparsa era scattato questa mattina l&#8217;allarme, lanciato dai familiari che lo sapevano fuori a fare fotografie da ieri e che non [&hellip;]","og_url":"https:\/\/www.bellunopress.it\/fr\/2021\/01\/02\/ricerca-in-valle-del-mis-ritrovato-incolume\/","og_site_name":"Bellunopress - Dolomiti","article_publisher":"https:\/\/www.facebook.com\/profile.php?id=100008943462799","article_published_time":"2021-01-02T14:55:53+00:00","article_modified_time":"2021-01-02T14:58:02+00:00","og_image":[{"width":1000,"height":971,"url":"https:\/\/www.bellunopress.it\/wp-content\/uploads\/2021\/01\/Soccorso-alpino-neve_edited.jpg","type":"image\/jpeg"}],"author":"redazione","twitter_card":"summary_large_image","twitter_creator":"@bellunopress","twitter_site":"@bellunopress","twitter_misc":{"\u00c9crit par":"redazione","Dur\u00e9e de lecture estim\u00e9e":"1 minute"},"schema":{"@context":"https:\/\/schema.org","@graph":[{"@type":"Article","@id":"https:\/\/www.bellunopress.it\/2021\/01\/02\/ricerca-in-valle-del-mis-ritrovato-incolume\/#article","isPartOf":{"@id":"https:\/\/www.bellunopress.it\/2021\/01\/02\/ricerca-in-valle-del-mis-ritrovato-incolume\/"},"author":{"name":"redazione","@id":"https:\/\/www.bellunopress.it\/#\/schema\/person\/79bb06722b37ece1c03d3e94beb30d73"},"headline":"Ricerca in Valle del Mis: ritrovato incolume","datePublished":"2021-01-02T14:55:53+00:00","dateModified":"2021-01-02T14:58:02+00:00","mainEntityOfPage":{"@id":"https:\/\/www.bellunopress.it\/2021\/01\/02\/ricerca-in-valle-del-mis-ritrovato-incolume\/"},"wordCount":155,"publisher":{"@id":"https:\/\/www.bellunopress.it\/#organization"},"image":{"@id":"https:\/\/www.bellunopress.it\/2021\/01\/02\/ricerca-in-valle-del-mis-ritrovato-incolume\/#primaryimage"},"thumbnailUrl":"https:\/\/www.bellunopress.it\/wp-content\/uploads\/2021\/01\/Soccorso-alpino-neve_edited.jpg","articleSection":["Cronaca\/Politica","Prima Pagina"],"inLanguage":"fr-FR"},{"@type":"WebPage","@id":"https:\/\/www.bellunopress.it\/2021\/01\/02\/ricerca-in-valle-del-mis-ritrovato-incolume\/","url":"https:\/\/www.bellunopress.it\/2021\/01\/02\/ricerca-in-valle-del-mis-ritrovato-incolume\/","name":"Ricerca in Valle del Mis: ritrovato incolume - Bellunopress - Dolomiti","isPartOf":{"@id":"https:\/\/www.bellunopress.it\/#website"},"primaryImageOfPage":{"@id":"https:\/\/www.bellunopress.it\/2021\/01\/02\/ricerca-in-valle-del-mis-ritrovato-incolume\/#primaryimage"},"image":{"@id":"https:\/\/www.bellunopress.it\/2021\/01\/02\/ricerca-in-valle-del-mis-ritrovato-incolume\/#primaryimage"},"thumbnailUrl":"https:\/\/www.bellunopress.it\/wp-content\/uploads\/2021\/01\/Soccorso-alpino-neve_edited.jpg","datePublished":"2021-01-02T14:55:53+00:00","dateModified":"2021-01-02T14:58:02+00:00","breadcrumb":{"@id":"https:\/\/www.bellunopress.it\/2021\/01\/02\/ricerca-in-valle-del-mis-ritrovato-incolume\/#breadcrumb"},"inLanguage":"fr-FR","potentialAction":[{"@type":"ReadAction","target":["https:\/\/www.bellunopress.it\/2021\/01\/02\/ricerca-in-valle-del-mis-ritrovato-incolume\/"]}]},{"@type":"ImageObject","inLanguage":"fr-FR","@id":"https:\/\/www.bellunopress.it\/2021\/01\/02\/ricerca-in-valle-del-mis-ritrovato-incolume\/#primaryimage","url":"https:\/\/www.bellunopress.it\/wp-content\/uploads\/2021\/01\/Soccorso-alpino-neve_edited.jpg","contentUrl":"https:\/\/www.bellunopress.it\/wp-content\/uploads\/2021\/01\/Soccorso-alpino-neve_edited.jpg","width":1000,"height":971},{"@type":"BreadcrumbList","@id":"https:\/\/www.bellunopress.it\/2021\/01\/02\/ricerca-in-valle-del-mis-ritrovato-incolume\/#breadcrumb","itemListElement":[{"@type":"ListItem","position":1,"name":"Home","item":"https:\/\/www.bellunopress.it\/"},{"@type":"ListItem","position":2,"name":"Ricerca in Valle del Mis: ritrovato incolume"}]},{"@type":"WebSite","@id":"https:\/\/www.bellunopress.it\/#website","url":"https:\/\/www.bellunopress.it\/","name":"Bellunopress - Dolomiti","description":"e-mail: redazione@bellunopress.it","publisher":{"@id":"https:\/\/www.bellunopress.it\/#organization"},"potentialAction":[{"@type":"SearchAction","target":{"@type":"EntryPoint","urlTemplate":"https:\/\/www.bellunopress.it\/?s={search_term_string}"},"query-input":{"@type":"PropertyValueSpecification","valueRequired":true,"valueName":"search_term_string"}}],"inLanguage":"fr-FR"},{"@type":"Organization","@id":"https:\/\/www.bellunopress.it\/#organization","name":"Bellunopress","url":"https:\/\/www.bellunopress.it\/","logo":{"@type":"ImageObject","inLanguage":"fr-FR","@id":"https:\/\/www.bellunopress.it\/#\/schema\/logo\/image\/","url":"https:\/\/www.bellunopress.it\/wp-content\/uploads\/2011\/05\/cropped-logo-bellunopress-.jpg","contentUrl":"https:\/\/www.bellunopress.it\/wp-content\/uploads\/2011\/05\/cropped-logo-bellunopress-.jpg","width":512,"height":512,"caption":"Bellunopress"},"image":{"@id":"https:\/\/www.bellunopress.it\/#\/schema\/logo\/image\/"},"sameAs":["https:\/\/www.facebook.com\/profile.php?id=100008943462799","https:\/\/x.com\/bellunopress","https:\/\/www.linkedin.com\/hp\/?dnr=JBzUWaJfMUw8vbXJJ2tVW5-I3jZKvC4wsoxE&amp;amp;amp;amp;amp;amp;trk=nav_responsive_tab_home","https:\/\/www.youtube.com\/channel\/UCxL0wu1uN0_3_7hGG0306cw"]},{"@type":"Person","@id":"https:\/\/www.bellunopress.it\/#\/schema\/person\/79bb06722b37ece1c03d3e94beb30d73","name":"r\u00e9daction","image":{"@type":"ImageObject","inLanguage":"fr-FR","@id":"https:\/\/secure.gravatar.com\/avatar\/37d968a2e67a6fd04c169c4bdef102d0bc5d31b2546345219e348575eb80e9a0?s=96&d=mm&r=g","url":"https:\/\/secure.gravatar.com\/avatar\/37d968a2e67a6fd04c169c4bdef102d0bc5d31b2546345219e348575eb80e9a0?s=96&d=mm&r=g","contentUrl":"https:\/\/secure.gravatar.com\/avatar\/37d968a2e67a6fd04c169c4bdef102d0bc5d31b2546345219e348575eb80e9a0?s=96&d=mm&r=g","caption":"redazione"},"sameAs":["http:\/\/www.bellunopress.it","https:\/\/x.com\/bellunopress"],"url":"https:\/\/www.bellunopress.it\/fr\/author\/redazione\/"}]}},"_links":{"self":[{"href":"https:\/\/www.bellunopress.it\/fr\/wp-json\/wp\/v2\/posts\/120586","targetHints":{"allow":["GET"]}}],"collection":[{"href":"https:\/\/www.bellunopress.it\/fr\/wp-json\/wp\/v2\/posts"}],"about":[{"href":"https:\/\/www.bellunopress.it\/fr\/wp-json\/wp\/v2\/types\/post"}],"author":[{"embeddable":true,"href":"https:\/\/www.bellunopress.it\/fr\/wp-json\/wp\/v2\/users\/2"}],"replies":[{"embeddable":true,"href":"https:\/\/www.bellunopress.it\/fr\/wp-json\/wp\/v2\/comments?post=120586"}],"version-history":[{"count":4,"href":"https:\/\/www.bellunopress.it\/fr\/wp-json\/wp\/v2\/posts\/120586\/revisions"}],"predecessor-version":[{"id":120591,"href":"https:\/\/www.bellunopress.it\/fr\/wp-json\/wp\/v2\/posts\/120586\/revisions\/120591"}],"wp:featuredmedia":[{"embeddable":true,"href":"https:\/\/www.bellunopress.it\/fr\/wp-json\/wp\/v2\/media\/120587"}],"wp:attachment":[{"href":"https:\/\/www.bellunopress.it\/fr\/wp-json\/wp\/v2\/media?parent=120586"}],"wp:term":[{"taxonomy":"category","embeddable":true,"href":"https:\/\/www.bellunopress.it\/fr\/wp-json\/wp\/v2\/categories?post=120586"},{"taxonomy":"post_tag","embeddable":true,"href":"https:\/\/www.bellunopress.it\/fr\/wp-json\/wp\/v2\/tags?post=120586"}],"curies":[{"name":"wp","href":"https:\/\/api.w.org\/{rel}","templated":true}]}}