{"id":120576,"date":"2021-01-02T13:45:15","date_gmt":"2021-01-02T12:45:15","guid":{"rendered":"http:\/\/www.bellunopress.it\/?p=120576"},"modified":"2021-01-02T13:45:15","modified_gmt":"2021-01-02T12:45:15","slug":"solidarieta-in-circolo-donazione-alla-caritas-dal-pd-bellunese-contributo-di-3-100-euro-per-sostenere-le-famiglie-in-difficolta","status":"publish","type":"post","link":"https:\/\/www.bellunopress.it\/fr\/2021\/01\/02\/solidarieta-in-circolo-donazione-alla-caritas-dal-pd-bellunese-contributo-di-3-100-euro-per-sostenere-le-famiglie-in-difficolta\/","title":{"rendered":"Solidariet\u00e0 in circolo. Donazione alla Caritas dal Pd bellunese. Contributo di 3.100 euro per sostenere le famiglie in difficolt\u00e0"},"content":{"rendered":"<figure id=\"attachment_102170\" aria-describedby=\"caption-attachment-102170\" style=\"width: 247px\" class=\"wp-caption alignleft\"><a href=\"http:\/\/www.bellunopress.it\/fr\/2019\/02\/18\/spopolamento-del-bellunese-giovedi-in-sede-del-pd-lapprofondimento\/monica-lotto\/\" rel=\"attachment wp-att-102170\"><img loading=\"lazy\" decoding=\"async\" class=\"size-full wp-image-102170\" src=\"http:\/\/www.bellunopress.it\/wp-content\/uploads\/2019\/02\/Monica-Lotto.jpeg\" alt=\"\" width=\"247\" height=\"292\" \/><\/a><figcaption id=\"caption-attachment-102170\" class=\"wp-caption-text\">Monica Lotto<\/figcaption><\/figure>\n<p>Belluno, 2 gennaio 2021\u00a0 &#8211;\u00a0\u00a0I circoli bellunesi del Partito democratico hanno donato 3.100 euro alla Caritas Diocesana Belluno Feltre nell&#8217;ambito dell&#8217;iniziativa del Pd nazionale &#8216;Solidariet\u00e0 in circolo&#8217; di sostegno al crescente numero di persone in difficolt\u00e0 economica a causa della pandemia e non solo.<\/p>\n<p>\u00abL&#8217;emergenza Covid \u00e8 sempre pi\u00f9 un&#8217;emergenza sociale oltre che sanitaria e colpisce soprattutto chi gi\u00e0 viveva situazioni problematiche creando nuove situazioni di povert\u00e0\u00bb, afferma la segretaria provinciale del Partito, Monica Lotto. \u00abL&#8217;iniziativa \u00e8 stata ideata per aiutare chi ha necessit\u00e0 immediate, quelle persone e famiglie che non possono permettersi di attendere\u00bb.<\/p>\n<p>Molti circoli, in tutto il Veneto e in tutta Italia, hanno preso parte alla raccolta e alla distribuzione di beni alimentari e di prima necessit\u00e0. La scelta dei circoli bellunesi \u00e8 stata invece di elargire una somma in denaro alla locale Caritas.<\/p>\n<p>\u00abSono gi\u00e0 attive da parte di molte associazioni raccolte alimentari, quindi abbiamo pensato di contribuire alle ulteriori necessit\u00e0 di queste persone. Nel momento in cui il reddito di migliaia di persone viene compresso, ridotto o sospeso, ci sono innumerevoli spese piccole e grandi da affrontare, come le bollette per l&#8217;energia che nelle nostre zone sappiamo incidere pesantemente sui bilanci famigliari. Inoltre siamo certi che la Caritas conosca bene i bisogni effettivi della nostra popolazione\u00bb, prosegue Lotto.<\/p>\n<p>Il nostro \u00ab\u00e8 un piccolo segno, ma ci tenevamo a dare un contributo e mettere la nostra rete di segretari locali, volontari e iscritti al servizio della comunit\u00e0 e soprattutto delle persone pi\u00f9 fragili\u00bb, precisa il responsabile dei circoli Roberto De Moliner.<\/p>\n<p>Hanno partecipato alla raccolta fondi tutti i circoli della provincia con un contributo diretto, la Festa de L&#8217;Unit\u00e0 e i singoli iscritti. Con la somma donata, la Caritas potr\u00e0 scegliere liberamente quale siano le necessit\u00e0 pi\u00f9 urgenti a cui fare fronte.<\/p>","protected":false},"excerpt":{"rendered":"<p>Belluno, 2 gennaio 2021\u00a0 &#8211;\u00a0\u00a0I circoli bellunesi del Partito democratico hanno donato 3.100 euro alla Caritas Diocesana Belluno Feltre nell&#8217;ambito dell&#8217;iniziativa del Pd nazionale &#8216;Solidariet\u00e0 in circolo&#8217; di sostegno al crescente numero di persone in difficolt\u00e0 economica a causa della pandemia e non solo. \u00abL&#8217;emergenza Covid \u00e8 sempre pi\u00f9 un&#8217;emergenza sociale oltre che sanitaria e [&hellip;]<\/p>\n","protected":false},"author":2,"featured_media":102170,"comment_status":"closed","ping_status":"open","sticky":false,"template":"","format":"standard","meta":{"footnotes":""},"categories":[5,26,8],"tags":[],"class_list":["post-120576","post","type-post","status-publish","format-standard","has-post-thumbnail","category-cronaca","category-prima-pagina","category-societa-istituzioni"],"yoast_head":"<!-- This site is optimized with the Yoast SEO plugin v28.4 - https:\/\/yoast.com\/product\/yoast-seo-wordpress\/ -->\n<title>Solidariet\u00e0 in circolo. Donazione alla Caritas dal Pd bellunese. Contributo di 3.100 euro per sostenere le famiglie in difficolt\u00e0 - Bellunopress - Dolomiti<\/title>\n<meta name=\"robots\" content=\"index, follow, max-snippet:-1, max-image-preview:large, max-video-preview:-1\" \/>\n<link rel=\"canonical\" href=\"https:\/\/www.bellunopress.it\/fr\/2021\/01\/02\/solidarieta-in-circolo-donazione-alla-caritas-dal-pd-bellunese-contributo-di-3-100-euro-per-sostenere-le-famiglie-in-difficolta\/\" \/>\n<meta property=\"og:locale\" content=\"fr_FR\" \/>\n<meta property=\"og:type\" content=\"article\" \/>\n<meta property=\"og:title\" content=\"Solidariet\u00e0 in circolo. Donazione alla Caritas dal Pd bellunese. Contributo di 3.100 euro per sostenere le famiglie in difficolt\u00e0 - Bellunopress - Dolomiti\" \/>\n<meta property=\"og:description\" content=\"Belluno, 2 gennaio 2021\u00a0 &#8211;\u00a0\u00a0I circoli bellunesi del Partito democratico hanno donato 3.100 euro alla Caritas Diocesana Belluno Feltre nell&#8217;ambito dell&#8217;iniziativa del Pd nazionale &#8216;Solidariet\u00e0 in circolo&#8217; di sostegno al crescente numero di persone in difficolt\u00e0 economica a causa della pandemia e non solo. \u00abL&#8217;emergenza Covid \u00e8 sempre pi\u00f9 un&#8217;emergenza sociale oltre che sanitaria e [&hellip;]\" \/>\n<meta property=\"og:url\" content=\"https:\/\/www.bellunopress.it\/fr\/2021\/01\/02\/solidarieta-in-circolo-donazione-alla-caritas-dal-pd-bellunese-contributo-di-3-100-euro-per-sostenere-le-famiglie-in-difficolta\/\" \/>\n<meta property=\"og:site_name\" content=\"Bellunopress - Dolomiti\" \/>\n<meta property=\"article:publisher\" content=\"https:\/\/www.facebook.com\/profile.php?id=100008943462799\" \/>\n<meta property=\"article:published_time\" content=\"2021-01-02T12:45:15+00:00\" \/>\n<meta property=\"og:image\" content=\"https:\/\/www.bellunopress.it\/wp-content\/uploads\/2019\/02\/Monica-Lotto.jpeg\" \/>\n\t<meta property=\"og:image:width\" content=\"247\" \/>\n\t<meta property=\"og:image:height\" content=\"292\" \/>\n\t<meta property=\"og:image:type\" content=\"image\/jpeg\" \/>\n<meta name=\"author\" content=\"redazione\" \/>\n<meta name=\"twitter:card\" content=\"summary_large_image\" \/>\n<meta name=\"twitter:creator\" content=\"@bellunopress\" \/>\n<meta name=\"twitter:site\" content=\"@bellunopress\" \/>\n<meta name=\"twitter:label1\" content=\"Written by\" \/>\n\t<meta name=\"twitter:data1\" content=\"redazione\" \/>\n\t<meta name=\"twitter:label2\" content=\"Est. reading time\" \/>\n\t<meta name=\"twitter:data2\" content=\"1 minute\" \/>\n<script type=\"application\/ld+json\" class=\"yoast-schema-graph\">{\"@context\":\"https:\\\/\\\/schema.org\",\"@graph\":[{\"@type\":\"Article\",\"@id\":\"https:\\\/\\\/www.bellunopress.it\\\/2021\\\/01\\\/02\\\/solidarieta-in-circolo-donazione-alla-caritas-dal-pd-bellunese-contributo-di-3-100-euro-per-sostenere-le-famiglie-in-difficolta\\\/#article\",\"isPartOf\":{\"@id\":\"https:\\\/\\\/www.bellunopress.it\\\/2021\\\/01\\\/02\\\/solidarieta-in-circolo-donazione-alla-caritas-dal-pd-bellunese-contributo-di-3-100-euro-per-sostenere-le-famiglie-in-difficolta\\\/\"},\"author\":{\"name\":\"redazione\",\"@id\":\"https:\\\/\\\/www.bellunopress.it\\\/#\\\/schema\\\/person\\\/79bb06722b37ece1c03d3e94beb30d73\"},\"headline\":\"Solidariet\u00e0 in circolo. Donazione alla Caritas dal Pd bellunese. Contributo di 3.100 euro per sostenere le famiglie in difficolt\u00e0\",\"datePublished\":\"2021-01-02T12:45:15+00:00\",\"mainEntityOfPage\":{\"@id\":\"https:\\\/\\\/www.bellunopress.it\\\/2021\\\/01\\\/02\\\/solidarieta-in-circolo-donazione-alla-caritas-dal-pd-bellunese-contributo-di-3-100-euro-per-sostenere-le-famiglie-in-difficolta\\\/\"},\"wordCount\":324,\"publisher\":{\"@id\":\"https:\\\/\\\/www.bellunopress.it\\\/#organization\"},\"image\":{\"@id\":\"https:\\\/\\\/www.bellunopress.it\\\/2021\\\/01\\\/02\\\/solidarieta-in-circolo-donazione-alla-caritas-dal-pd-bellunese-contributo-di-3-100-euro-per-sostenere-le-famiglie-in-difficolta\\\/#primaryimage\"},\"thumbnailUrl\":\"https:\\\/\\\/www.bellunopress.it\\\/wp-content\\\/uploads\\\/2019\\\/02\\\/Monica-Lotto.jpeg\",\"articleSection\":[\"Cronaca\\\/Politica\",\"Prima Pagina\",\"Societ\u00e0, Associazioni, Istituzioni\"],\"inLanguage\":\"fr-FR\"},{\"@type\":\"WebPage\",\"@id\":\"https:\\\/\\\/www.bellunopress.it\\\/2021\\\/01\\\/02\\\/solidarieta-in-circolo-donazione-alla-caritas-dal-pd-bellunese-contributo-di-3-100-euro-per-sostenere-le-famiglie-in-difficolta\\\/\",\"url\":\"https:\\\/\\\/www.bellunopress.it\\\/2021\\\/01\\\/02\\\/solidarieta-in-circolo-donazione-alla-caritas-dal-pd-bellunese-contributo-di-3-100-euro-per-sostenere-le-famiglie-in-difficolta\\\/\",\"name\":\"Solidariet\u00e0 in circolo. Donazione alla Caritas dal Pd bellunese. Contributo di 3.100 euro per sostenere le famiglie in difficolt\u00e0 - Bellunopress - Dolomiti\",\"isPartOf\":{\"@id\":\"https:\\\/\\\/www.bellunopress.it\\\/#website\"},\"primaryImageOfPage\":{\"@id\":\"https:\\\/\\\/www.bellunopress.it\\\/2021\\\/01\\\/02\\\/solidarieta-in-circolo-donazione-alla-caritas-dal-pd-bellunese-contributo-di-3-100-euro-per-sostenere-le-famiglie-in-difficolta\\\/#primaryimage\"},\"image\":{\"@id\":\"https:\\\/\\\/www.bellunopress.it\\\/2021\\\/01\\\/02\\\/solidarieta-in-circolo-donazione-alla-caritas-dal-pd-bellunese-contributo-di-3-100-euro-per-sostenere-le-famiglie-in-difficolta\\\/#primaryimage\"},\"thumbnailUrl\":\"https:\\\/\\\/www.bellunopress.it\\\/wp-content\\\/uploads\\\/2019\\\/02\\\/Monica-Lotto.jpeg\",\"datePublished\":\"2021-01-02T12:45:15+00:00\",\"breadcrumb\":{\"@id\":\"https:\\\/\\\/www.bellunopress.it\\\/2021\\\/01\\\/02\\\/solidarieta-in-circolo-donazione-alla-caritas-dal-pd-bellunese-contributo-di-3-100-euro-per-sostenere-le-famiglie-in-difficolta\\\/#breadcrumb\"},\"inLanguage\":\"fr-FR\",\"potentialAction\":[{\"@type\":\"ReadAction\",\"target\":[\"https:\\\/\\\/www.bellunopress.it\\\/2021\\\/01\\\/02\\\/solidarieta-in-circolo-donazione-alla-caritas-dal-pd-bellunese-contributo-di-3-100-euro-per-sostenere-le-famiglie-in-difficolta\\\/\"]}]},{\"@type\":\"ImageObject\",\"inLanguage\":\"fr-FR\",\"@id\":\"https:\\\/\\\/www.bellunopress.it\\\/2021\\\/01\\\/02\\\/solidarieta-in-circolo-donazione-alla-caritas-dal-pd-bellunese-contributo-di-3-100-euro-per-sostenere-le-famiglie-in-difficolta\\\/#primaryimage\",\"url\":\"https:\\\/\\\/www.bellunopress.it\\\/wp-content\\\/uploads\\\/2019\\\/02\\\/Monica-Lotto.jpeg\",\"contentUrl\":\"https:\\\/\\\/www.bellunopress.it\\\/wp-content\\\/uploads\\\/2019\\\/02\\\/Monica-Lotto.jpeg\",\"width\":247,\"height\":292,\"caption\":\"Monica Lotto\"},{\"@type\":\"BreadcrumbList\",\"@id\":\"https:\\\/\\\/www.bellunopress.it\\\/2021\\\/01\\\/02\\\/solidarieta-in-circolo-donazione-alla-caritas-dal-pd-bellunese-contributo-di-3-100-euro-per-sostenere-le-famiglie-in-difficolta\\\/#breadcrumb\",\"itemListElement\":[{\"@type\":\"ListItem\",\"position\":1,\"name\":\"Home\",\"item\":\"https:\\\/\\\/www.bellunopress.it\\\/\"},{\"@type\":\"ListItem\",\"position\":2,\"name\":\"Solidariet\u00e0 in circolo. Donazione alla Caritas dal Pd bellunese. Contributo di 3.100 euro per sostenere le famiglie in difficolt\u00e0\"}]},{\"@type\":\"WebSite\",\"@id\":\"https:\\\/\\\/www.bellunopress.it\\\/#website\",\"url\":\"https:\\\/\\\/www.bellunopress.it\\\/\",\"name\":\"Bellunopress - Dolomiti\",\"description\":\"e-mail: redazione@bellunopress.it\",\"publisher\":{\"@id\":\"https:\\\/\\\/www.bellunopress.it\\\/#organization\"},\"potentialAction\":[{\"@type\":\"SearchAction\",\"target\":{\"@type\":\"EntryPoint\",\"urlTemplate\":\"https:\\\/\\\/www.bellunopress.it\\\/?s={search_term_string}\"},\"query-input\":{\"@type\":\"PropertyValueSpecification\",\"valueRequired\":true,\"valueName\":\"search_term_string\"}}],\"inLanguage\":\"fr-FR\"},{\"@type\":\"Organization\",\"@id\":\"https:\\\/\\\/www.bellunopress.it\\\/#organization\",\"name\":\"Bellunopress\",\"url\":\"https:\\\/\\\/www.bellunopress.it\\\/\",\"logo\":{\"@type\":\"ImageObject\",\"inLanguage\":\"fr-FR\",\"@id\":\"https:\\\/\\\/www.bellunopress.it\\\/#\\\/schema\\\/logo\\\/image\\\/\",\"url\":\"https:\\\/\\\/www.bellunopress.it\\\/wp-content\\\/uploads\\\/2011\\\/05\\\/cropped-logo-bellunopress-.jpg\",\"contentUrl\":\"https:\\\/\\\/www.bellunopress.it\\\/wp-content\\\/uploads\\\/2011\\\/05\\\/cropped-logo-bellunopress-.jpg\",\"width\":512,\"height\":512,\"caption\":\"Bellunopress\"},\"image\":{\"@id\":\"https:\\\/\\\/www.bellunopress.it\\\/#\\\/schema\\\/logo\\\/image\\\/\"},\"sameAs\":[\"https:\\\/\\\/www.facebook.com\\\/profile.php?id=100008943462799\",\"https:\\\/\\\/x.com\\\/bellunopress\",\"https:\\\/\\\/www.linkedin.com\\\/hp\\\/?dnr=JBzUWaJfMUw8vbXJJ2tVW5-I3jZKvC4wsoxE&amp;amp;amp;amp;amp;amp;trk=nav_responsive_tab_home\",\"https:\\\/\\\/www.youtube.com\\\/channel\\\/UCxL0wu1uN0_3_7hGG0306cw\"]},{\"@type\":\"Person\",\"@id\":\"https:\\\/\\\/www.bellunopress.it\\\/#\\\/schema\\\/person\\\/79bb06722b37ece1c03d3e94beb30d73\",\"name\":\"redazione\",\"image\":{\"@type\":\"ImageObject\",\"inLanguage\":\"fr-FR\",\"@id\":\"https:\\\/\\\/secure.gravatar.com\\\/avatar\\\/37d968a2e67a6fd04c169c4bdef102d0bc5d31b2546345219e348575eb80e9a0?s=96&d=mm&r=g\",\"url\":\"https:\\\/\\\/secure.gravatar.com\\\/avatar\\\/37d968a2e67a6fd04c169c4bdef102d0bc5d31b2546345219e348575eb80e9a0?s=96&d=mm&r=g\",\"contentUrl\":\"https:\\\/\\\/secure.gravatar.com\\\/avatar\\\/37d968a2e67a6fd04c169c4bdef102d0bc5d31b2546345219e348575eb80e9a0?s=96&d=mm&r=g\",\"caption\":\"redazione\"},\"sameAs\":[\"http:\\\/\\\/www.bellunopress.it\",\"https:\\\/\\\/x.com\\\/bellunopress\"],\"url\":\"https:\\\/\\\/www.bellunopress.it\\\/fr\\\/author\\\/redazione\\\/\"}]}<\/script>\n<!-- \/ Yoast SEO plugin. -->","yoast_head_json":{"title":"Solidariet\u00e0 in circolo. Donazione alla Caritas dal Pd bellunese. Contributo di 3.100 euro per sostenere le famiglie in difficolt\u00e0 - Bellunopress - Dolomiti","robots":{"index":"index","follow":"follow","max-snippet":"max-snippet:-1","max-image-preview":"max-image-preview:large","max-video-preview":"max-video-preview:-1"},"canonical":"https:\/\/www.bellunopress.it\/fr\/2021\/01\/02\/solidarieta-in-circolo-donazione-alla-caritas-dal-pd-bellunese-contributo-di-3-100-euro-per-sostenere-le-famiglie-in-difficolta\/","og_locale":"fr_FR","og_type":"article","og_title":"Solidariet\u00e0 in circolo. Donazione alla Caritas dal Pd bellunese. Contributo di 3.100 euro per sostenere le famiglie in difficolt\u00e0 - Bellunopress - Dolomiti","og_description":"Belluno, 2 gennaio 2021\u00a0 &#8211;\u00a0\u00a0I circoli bellunesi del Partito democratico hanno donato 3.100 euro alla Caritas Diocesana Belluno Feltre nell&#8217;ambito dell&#8217;iniziativa del Pd nazionale &#8216;Solidariet\u00e0 in circolo&#8217; di sostegno al crescente numero di persone in difficolt\u00e0 economica a causa della pandemia e non solo. \u00abL&#8217;emergenza Covid \u00e8 sempre pi\u00f9 un&#8217;emergenza sociale oltre che sanitaria e [&hellip;]","og_url":"https:\/\/www.bellunopress.it\/fr\/2021\/01\/02\/solidarieta-in-circolo-donazione-alla-caritas-dal-pd-bellunese-contributo-di-3-100-euro-per-sostenere-le-famiglie-in-difficolta\/","og_site_name":"Bellunopress - Dolomiti","article_publisher":"https:\/\/www.facebook.com\/profile.php?id=100008943462799","article_published_time":"2021-01-02T12:45:15+00:00","og_image":[{"width":247,"height":292,"url":"https:\/\/www.bellunopress.it\/wp-content\/uploads\/2019\/02\/Monica-Lotto.jpeg","type":"image\/jpeg"}],"author":"redazione","twitter_card":"summary_large_image","twitter_creator":"@bellunopress","twitter_site":"@bellunopress","twitter_misc":{"Written by":"redazione","Est. reading time":"1 minute"},"schema":{"@context":"https:\/\/schema.org","@graph":[{"@type":"Article","@id":"https:\/\/www.bellunopress.it\/2021\/01\/02\/solidarieta-in-circolo-donazione-alla-caritas-dal-pd-bellunese-contributo-di-3-100-euro-per-sostenere-le-famiglie-in-difficolta\/#article","isPartOf":{"@id":"https:\/\/www.bellunopress.it\/2021\/01\/02\/solidarieta-in-circolo-donazione-alla-caritas-dal-pd-bellunese-contributo-di-3-100-euro-per-sostenere-le-famiglie-in-difficolta\/"},"author":{"name":"redazione","@id":"https:\/\/www.bellunopress.it\/#\/schema\/person\/79bb06722b37ece1c03d3e94beb30d73"},"headline":"Solidariet\u00e0 in circolo. Donazione alla Caritas dal Pd bellunese. Contributo di 3.100 euro per sostenere le famiglie in difficolt\u00e0","datePublished":"2021-01-02T12:45:15+00:00","mainEntityOfPage":{"@id":"https:\/\/www.bellunopress.it\/2021\/01\/02\/solidarieta-in-circolo-donazione-alla-caritas-dal-pd-bellunese-contributo-di-3-100-euro-per-sostenere-le-famiglie-in-difficolta\/"},"wordCount":324,"publisher":{"@id":"https:\/\/www.bellunopress.it\/#organization"},"image":{"@id":"https:\/\/www.bellunopress.it\/2021\/01\/02\/solidarieta-in-circolo-donazione-alla-caritas-dal-pd-bellunese-contributo-di-3-100-euro-per-sostenere-le-famiglie-in-difficolta\/#primaryimage"},"thumbnailUrl":"https:\/\/www.bellunopress.it\/wp-content\/uploads\/2019\/02\/Monica-Lotto.jpeg","articleSection":["Cronaca\/Politica","Prima Pagina","Societ\u00e0, Associazioni, Istituzioni"],"inLanguage":"fr-FR"},{"@type":"WebPage","@id":"https:\/\/www.bellunopress.it\/2021\/01\/02\/solidarieta-in-circolo-donazione-alla-caritas-dal-pd-bellunese-contributo-di-3-100-euro-per-sostenere-le-famiglie-in-difficolta\/","url":"https:\/\/www.bellunopress.it\/2021\/01\/02\/solidarieta-in-circolo-donazione-alla-caritas-dal-pd-bellunese-contributo-di-3-100-euro-per-sostenere-le-famiglie-in-difficolta\/","name":"Solidariet\u00e0 in circolo. Donazione alla Caritas dal Pd bellunese. Contributo di 3.100 euro per sostenere le famiglie in difficolt\u00e0 - Bellunopress - Dolomiti","isPartOf":{"@id":"https:\/\/www.bellunopress.it\/#website"},"primaryImageOfPage":{"@id":"https:\/\/www.bellunopress.it\/2021\/01\/02\/solidarieta-in-circolo-donazione-alla-caritas-dal-pd-bellunese-contributo-di-3-100-euro-per-sostenere-le-famiglie-in-difficolta\/#primaryimage"},"image":{"@id":"https:\/\/www.bellunopress.it\/2021\/01\/02\/solidarieta-in-circolo-donazione-alla-caritas-dal-pd-bellunese-contributo-di-3-100-euro-per-sostenere-le-famiglie-in-difficolta\/#primaryimage"},"thumbnailUrl":"https:\/\/www.bellunopress.it\/wp-content\/uploads\/2019\/02\/Monica-Lotto.jpeg","datePublished":"2021-01-02T12:45:15+00:00","breadcrumb":{"@id":"https:\/\/www.bellunopress.it\/2021\/01\/02\/solidarieta-in-circolo-donazione-alla-caritas-dal-pd-bellunese-contributo-di-3-100-euro-per-sostenere-le-famiglie-in-difficolta\/#breadcrumb"},"inLanguage":"fr-FR","potentialAction":[{"@type":"ReadAction","target":["https:\/\/www.bellunopress.it\/2021\/01\/02\/solidarieta-in-circolo-donazione-alla-caritas-dal-pd-bellunese-contributo-di-3-100-euro-per-sostenere-le-famiglie-in-difficolta\/"]}]},{"@type":"ImageObject","inLanguage":"fr-FR","@id":"https:\/\/www.bellunopress.it\/2021\/01\/02\/solidarieta-in-circolo-donazione-alla-caritas-dal-pd-bellunese-contributo-di-3-100-euro-per-sostenere-le-famiglie-in-difficolta\/#primaryimage","url":"https:\/\/www.bellunopress.it\/wp-content\/uploads\/2019\/02\/Monica-Lotto.jpeg","contentUrl":"https:\/\/www.bellunopress.it\/wp-content\/uploads\/2019\/02\/Monica-Lotto.jpeg","width":247,"height":292,"caption":"Monica Lotto"},{"@type":"BreadcrumbList","@id":"https:\/\/www.bellunopress.it\/2021\/01\/02\/solidarieta-in-circolo-donazione-alla-caritas-dal-pd-bellunese-contributo-di-3-100-euro-per-sostenere-le-famiglie-in-difficolta\/#breadcrumb","itemListElement":[{"@type":"ListItem","position":1,"name":"Home","item":"https:\/\/www.bellunopress.it\/"},{"@type":"ListItem","position":2,"name":"Solidariet\u00e0 in circolo. Donazione alla Caritas dal Pd bellunese. Contributo di 3.100 euro per sostenere le famiglie in difficolt\u00e0"}]},{"@type":"WebSite","@id":"https:\/\/www.bellunopress.it\/#website","url":"https:\/\/www.bellunopress.it\/","name":"Bellunopress - Dolomiti","description":"e-mail: redazione@bellunopress.it","publisher":{"@id":"https:\/\/www.bellunopress.it\/#organization"},"potentialAction":[{"@type":"SearchAction","target":{"@type":"EntryPoint","urlTemplate":"https:\/\/www.bellunopress.it\/?s={search_term_string}"},"query-input":{"@type":"PropertyValueSpecification","valueRequired":true,"valueName":"search_term_string"}}],"inLanguage":"fr-FR"},{"@type":"Organization","@id":"https:\/\/www.bellunopress.it\/#organization","name":"Bellunopress","url":"https:\/\/www.bellunopress.it\/","logo":{"@type":"ImageObject","inLanguage":"fr-FR","@id":"https:\/\/www.bellunopress.it\/#\/schema\/logo\/image\/","url":"https:\/\/www.bellunopress.it\/wp-content\/uploads\/2011\/05\/cropped-logo-bellunopress-.jpg","contentUrl":"https:\/\/www.bellunopress.it\/wp-content\/uploads\/2011\/05\/cropped-logo-bellunopress-.jpg","width":512,"height":512,"caption":"Bellunopress"},"image":{"@id":"https:\/\/www.bellunopress.it\/#\/schema\/logo\/image\/"},"sameAs":["https:\/\/www.facebook.com\/profile.php?id=100008943462799","https:\/\/x.com\/bellunopress","https:\/\/www.linkedin.com\/hp\/?dnr=JBzUWaJfMUw8vbXJJ2tVW5-I3jZKvC4wsoxE&amp;amp;amp;amp;amp;amp;trk=nav_responsive_tab_home","https:\/\/www.youtube.com\/channel\/UCxL0wu1uN0_3_7hGG0306cw"]},{"@type":"Person","@id":"https:\/\/www.bellunopress.it\/#\/schema\/person\/79bb06722b37ece1c03d3e94beb30d73","name":"r\u00e9daction","image":{"@type":"ImageObject","inLanguage":"fr-FR","@id":"https:\/\/secure.gravatar.com\/avatar\/37d968a2e67a6fd04c169c4bdef102d0bc5d31b2546345219e348575eb80e9a0?s=96&d=mm&r=g","url":"https:\/\/secure.gravatar.com\/avatar\/37d968a2e67a6fd04c169c4bdef102d0bc5d31b2546345219e348575eb80e9a0?s=96&d=mm&r=g","contentUrl":"https:\/\/secure.gravatar.com\/avatar\/37d968a2e67a6fd04c169c4bdef102d0bc5d31b2546345219e348575eb80e9a0?s=96&d=mm&r=g","caption":"redazione"},"sameAs":["http:\/\/www.bellunopress.it","https:\/\/x.com\/bellunopress"],"url":"https:\/\/www.bellunopress.it\/fr\/author\/redazione\/"}]}},"_links":{"self":[{"href":"https:\/\/www.bellunopress.it\/fr\/wp-json\/wp\/v2\/posts\/120576","targetHints":{"allow":["GET"]}}],"collection":[{"href":"https:\/\/www.bellunopress.it\/fr\/wp-json\/wp\/v2\/posts"}],"about":[{"href":"https:\/\/www.bellunopress.it\/fr\/wp-json\/wp\/v2\/types\/post"}],"author":[{"embeddable":true,"href":"https:\/\/www.bellunopress.it\/fr\/wp-json\/wp\/v2\/users\/2"}],"replies":[{"embeddable":true,"href":"https:\/\/www.bellunopress.it\/fr\/wp-json\/wp\/v2\/comments?post=120576"}],"version-history":[{"count":1,"href":"https:\/\/www.bellunopress.it\/fr\/wp-json\/wp\/v2\/posts\/120576\/revisions"}],"predecessor-version":[{"id":120577,"href":"https:\/\/www.bellunopress.it\/fr\/wp-json\/wp\/v2\/posts\/120576\/revisions\/120577"}],"wp:featuredmedia":[{"embeddable":true,"href":"https:\/\/www.bellunopress.it\/fr\/wp-json\/wp\/v2\/media\/102170"}],"wp:attachment":[{"href":"https:\/\/www.bellunopress.it\/fr\/wp-json\/wp\/v2\/media?parent=120576"}],"wp:term":[{"taxonomy":"category","embeddable":true,"href":"https:\/\/www.bellunopress.it\/fr\/wp-json\/wp\/v2\/categories?post=120576"},{"taxonomy":"post_tag","embeddable":true,"href":"https:\/\/www.bellunopress.it\/fr\/wp-json\/wp\/v2\/tags?post=120576"}],"curies":[{"name":"wp","href":"https:\/\/api.w.org\/{rel}","templated":true}]}}