{"id":120570,"date":"2021-01-01T19:04:51","date_gmt":"2021-01-01T18:04:51","guid":{"rendered":"http:\/\/www.bellunopress.it\/?p=120570"},"modified":"2021-01-02T13:53:57","modified_gmt":"2021-01-02T12:53:57","slug":"dallarchivio-walter-frentz-il-fotografo-di-hitler-un-pezzo-di-storia-del-bellunese","status":"publish","type":"post","link":"https:\/\/www.bellunopress.it\/fr\/2021\/01\/01\/dallarchivio-walter-frentz-il-fotografo-di-hitler-un-pezzo-di-storia-del-bellunese\/","title":{"rendered":"Dall\u2019archivio Walter Frentz, \u201cil fotografo di Hitler\u201d un pezzo di storia del Bellunese"},"content":{"rendered":"<figure id=\"attachment_120571\" aria-describedby=\"caption-attachment-120571\" style=\"width: 1000px\" class=\"wp-caption alignleft\"><a href=\"http:\/\/www.bellunopress.it\/fr\/2021\/01\/01\/dallarchivio-walter-frentz-il-fotografo-di-hitler-un-pezzo-di-storia-del-bellunese\/frentz-olimpiadi-berlino-1936_edited\/\" rel=\"attachment wp-att-120571\"><img loading=\"lazy\" decoding=\"async\" class=\"size-full wp-image-120571\" src=\"http:\/\/www.bellunopress.it\/wp-content\/uploads\/2021\/01\/Frentz-Olimpiadi-Berlino-1936_edited.jpg\" alt=\"\" width=\"1000\" height=\"636\" srcset=\"https:\/\/www.bellunopress.it\/wp-content\/uploads\/2021\/01\/Frentz-Olimpiadi-Berlino-1936_edited.jpg 1000w, https:\/\/www.bellunopress.it\/wp-content\/uploads\/2021\/01\/Frentz-Olimpiadi-Berlino-1936_edited-500x318.jpg 500w, https:\/\/www.bellunopress.it\/wp-content\/uploads\/2021\/01\/Frentz-Olimpiadi-Berlino-1936_edited-696x443.jpg 696w, https:\/\/www.bellunopress.it\/wp-content\/uploads\/2021\/01\/Frentz-Olimpiadi-Berlino-1936_edited-660x420.jpg 660w\" sizes=\"auto, (max-width: 1000px) 100vw, 1000px\" \/><\/a><figcaption id=\"caption-attachment-120571\" class=\"wp-caption-text\">Walter Frentz &#8211; Olimpiadi di Berlino 1936<\/figcaption><\/figure>\n<p>La storia non finisce mai. Gli archivi continuano a restituirci pezzetti di un puzzle che ritenevamo oramai completato. E\u2019 il caso, ad esempio, dell\u2019<a href=\"https:\/\/www.walter-frentz-collection.de\/fotoarchiv\/sachthemen-ii-reisen-im-2-wk-1939-1945\/2-wk-italien-1943-1944\/\">archivio Walter Frentz<\/a>, il \u201cfotografo di Hitler\u201d al quale il regime nazista affid\u00f2 l\u2019incarico di fotografare e filmare dal 1939 al 1945 le principali attivit\u00e0 degli alti gradi del Terzo Reich. Lavor\u00f2 anche con Leni Riefenstahl la regista del monumentale film Il Trionfo della Volont\u00e0, una pellicola che con le sue immagini esalta il Raduno di Norimberga del Partito Nazionalsocialista Tedesco dei Lavoratori svoltosi dal 4 al 10 settembre 1934. Ebbene, dall\u2019archivio fotografico Walter Frentz che si trova in rete, vi sono gli scatti dell\u2019ottobre\/novembre 1944 in occasione del suo terzo viaggio al seguito degli ufficiali nazisti nell&#8217;Alpenvorland, ossia nelle province di Bolzano, Trento e Belluno, sottoposte alla diretta amministrazione militare tedesca dal 10 settembre del 1943.<\/p>\n<figure id=\"attachment_120572\" aria-describedby=\"caption-attachment-120572\" style=\"width: 600px\" class=\"wp-caption alignleft\"><a href=\"http:\/\/www.bellunopress.it\/fr\/2021\/01\/01\/dallarchivio-walter-frentz-il-fotografo-di-hitler-un-pezzo-di-storia-del-bellunese\/piazza-martiri-ott-1944-wolff-dierich\/\" rel=\"attachment wp-att-120572\"><img loading=\"lazy\" decoding=\"async\" class=\"size-full wp-image-120572\" src=\"http:\/\/www.bellunopress.it\/wp-content\/uploads\/2021\/01\/Piazza-Martiri-ott-1944-Wolff-Dierich.jpg\" alt=\"\" width=\"600\" height=\"398\" srcset=\"https:\/\/www.bellunopress.it\/wp-content\/uploads\/2021\/01\/Piazza-Martiri-ott-1944-Wolff-Dierich.jpg 600w, https:\/\/www.bellunopress.it\/wp-content\/uploads\/2021\/01\/Piazza-Martiri-ott-1944-Wolff-Dierich-500x332.jpg 500w\" sizes=\"auto, (max-width: 600px) 100vw, 600px\" \/><\/a><figcaption id=\"caption-attachment-120572\" class=\"wp-caption-text\">Ottobre 1944 Belluno piazza dei Martiri (Archivio Walter Frentz)<\/figcaption><\/figure>\n<p>Tra le altre, vi sono le immagini a colori di piazza dei Martiri e dell\u2019incontro avvenuto a Villa Gaggia, un anno dopo quello di Hitler e Mussolini, nell\u2019ottobre 1944 tra il generale Karl Wolff, comandante supremo delle SS e della Polizia dell&#8217;Alpenvorland, ed il suo incontro con Fritz-Herbert Dierich, comandante del Sicherungs-Regiment der Luftwaffe Italien.<br \/>\nIl tenente colonnello Fritz Herbert Dierich (1908-1978) fu il responsabile della rappresaglia del 5 luglio &#8217;44 a Farigliano e Piozzo (Cuneo) e molte altre rappresaglie in Piemonte e in Veneto, ben documentate nel <a href=\"https:\/\/farigliano5luglio44.blogspot.com\/?fbclid=IwAR1mBLu42ZZGV0i_S_wNDREMQuPWJTx6wIz32I3u2k_4GibgNr2ufQ7b_to\">portale Farigliano 5 luglio 1944 di Carlo Conterno<\/a>.<\/p>\n<figure id=\"attachment_120573\" aria-describedby=\"caption-attachment-120573\" style=\"width: 600px\" class=\"wp-caption alignleft\"><a href=\"http:\/\/www.bellunopress.it\/fr\/2021\/01\/01\/dallarchivio-walter-frentz-il-fotografo-di-hitler-un-pezzo-di-storia-del-bellunese\/wolff-dierich-villa-gaggia-ott-1944\/\" rel=\"attachment wp-att-120573\"><img loading=\"lazy\" decoding=\"async\" class=\"size-full wp-image-120573\" src=\"http:\/\/www.bellunopress.it\/wp-content\/uploads\/2021\/01\/Wolff-Dierich-Villa-Gaggia-ott-1944.jpg\" alt=\"\" width=\"600\" height=\"403\" srcset=\"https:\/\/www.bellunopress.it\/wp-content\/uploads\/2021\/01\/Wolff-Dierich-Villa-Gaggia-ott-1944.jpg 600w, https:\/\/www.bellunopress.it\/wp-content\/uploads\/2021\/01\/Wolff-Dierich-Villa-Gaggia-ott-1944-500x336.jpg 500w\" sizes=\"auto, (max-width: 600px) 100vw, 600px\" \/><\/a><figcaption id=\"caption-attachment-120573\" class=\"wp-caption-text\">Generale Wolff e tenente colonnello Dierich a Villa Gaggia &#8211; Belluno ottobre 1944 (Archivio Walter Frentz)<\/figcaption><\/figure>\n<p>Dierich era un fedele esecutore degli ordini del feldmaresciallo Kesselring, capo supremo delle forze armate tedesche, che il 17 giugno 1944 eman\u00f2 un regolamento per la lotta ai partigiani, che conteneva la cosiddetta &#8220;clausola dell&#8217;impunit\u00e0&#8221;, ossia la garanzia dell&#8217;immunit\u00e0 per quei comandanti che eccedevano nei metodi nella Bandenbek\u00e4mpfung, la guerra antipartigiana. Nel luglio del \u201944 il tenente colonnello Fritz Herbert Dierich comanda uno di quei reparti specializzati nella guerra antipartigiana, il Sicherungs-Regiment der Luftwaffe Italien (reparto di sicurezza della Luftwaffe), che si renderanno responsabili di varie azioni sanguinarie.<br \/>\nSempre dal portale Farigliano 5 luglio 1944 di Carlo Conterno, troviamo la testimonianza dell\u201911.02.1947 sottoscritta dal caporalmaggiore Alfons Holzhauser acquisita dalla Procura Militare della Repubblica, presso il Tribunale militare di Padova nel procedimento penale (1997) a carico del colonnello Dierich. Alfons Holzhauser nell\u2019agosto del \u201944 viene aggregato al reparto di Dierich di stanza a Montebelluna e scrive \u201cI membri delle sue unit\u00e0 mi informarono d\u2019incredibili crudelt\u00e0 che questi avrebbe commesso\u201d. Il colonnello dichiar\u00f2 \u201cCi troviamo innanzi a un nemico sleale nei confronti del quale bisogna agire con estrema severit\u00e0. I partigiani stanno al di sotto di ogni diritto umano, motivo per il quale la parola d\u2019ordine \u00e8 la seguente: piuttosto impiccare dieci innocenti che lasciare impunito un colpevole\u201d. Prosegue la sua deposizione raccontando dei fatti avvenuti ai primi di settembre del \u201944 a Pieve di Soligo \u201cMet\u00e0 della cittadina fu incendiata, mentre ai suoi abitanti non venne neppure concessa la possibilit\u00e0 di portare con s\u00e9 lo stretto necessario\u201d. Il caporalmaggiore racconta dell\u2019azione cosiddetta \u201cMonte Grappa\u201d, della fucilazione ingiustificata di tre prigionieri australiani diretti in Svizzera, catturati sulla strada da Quero, dove prese alloggio il comando, verso Feltre. \u201cIl castello di Montebelluna \u2013 scrive il caporalmaggiore \u2013 sede stabile del comandante Dierich, fungeva da deposito per il bottino che vi veniva trasportato a mezzo di autocarri e donde poi venire spedito in Germania in vagoni chiusi sotto la sorveglianza di alcune persone di fiducia del colonnello. Sotto lo stesso motto e con gli stessi metodi ebbe inizio nell\u2019ottobre del 1944 la \u201cRapina di Belluno\u201d. Villa Gaggia, situata splendidamente in quei paraggi, fu scelta dal colonnello come quartier generale. Non sono in grado di fornire delle particolarit\u00e0 sulle crudelt\u00e0 quivi commesse, poich\u00e9 soltanto delle piccole truppe motorizzate si recarono nei villaggi compiendovi gesta sanguinarie. So tuttavia con certezza che nel paesino di Lozzo di Cadore vennero impiccati due italiani la cui colpa non pot\u00e9 essere comprovata\u201d.<br \/>\nI due rastrellamenti tedeschi, quello del Cansiglio e quello sul Grappa ad opera del tenente colonnello Fritz Herbert Dierich che, a partire dal 20 settembre 1944, si trasfer\u00ec con il suo Reggimento proprio a Quero sono descritti nel libro \u201c<a href=\"https:\/\/www.bfdr.it\/attualita\/490-pian-de-la-pita.html\">Assalto al Cansiglio \u2013 Il grande rastrellamento tedesco di fine estate 1944 sull\u2019Altopiano (8-10 settembre)<\/a> \u201d di Pier Paolo Brescacin, edito per i tipi dell\u2019 ISREV (\u201cIstituto per la Storia della Resistenza e della Societ\u00e0 Contemporanea del Vittoriese Onlus\u201d \u2013 cfr. www.isrev.it).<br \/>\nRiteniamo comunque che vi siano altre storie nel Bellunese legate alla presenza del tenente colonnello Fritz Herbert Dierich che nel nostro territorio si muoveva con l\u2019incarico formale di ripristinare la strada da Belluno verso Longarone e il Cadore.<\/p>\n<p><strong>Fritz-Herbert Dierich<\/strong>. Nato il 12 agosto 1908 a Friburgo, il 4 aprile 1936 sposa Liselotte Doburg, figlia del maggiore Doburg.<br \/>\nEntra nella Wehrmacht nel 1927 e nel 1934 passa nella Luftwaffe.<br \/>\nPartecipa nel &#8217;39 alla Campagna di Polonia quale comandante di squadriglia (croce di ferro di seconda classe), in seguito alla campagna di Russia (croce di ferro di prima classe) dove si era distinto nell&#8217;attacco aereo di Stalingrado.<br \/>\nNel 1943 assume la direzione del Comando Aeronautico del settore Sardegna e Corsica.<br \/>\nQuindi il 1\u00b0 maggio 1944 \u00e8 promosso tenente colonnello ed a fine giugno inizia la lotta contro i partigiani con il suo reparto: il Sicherungs-Regiment der Luftwaffe Italien.<br \/>\nRoberto De Nart<\/p>","protected":false},"excerpt":{"rendered":"<p>La storia non finisce mai. Gli archivi continuano a restituirci pezzetti di un puzzle che ritenevamo oramai completato. E\u2019 il caso, ad esempio, dell\u2019archivio Walter Frentz, il \u201cfotografo di Hitler\u201d al quale il regime nazista affid\u00f2 l\u2019incarico di fotografare e filmare dal 1939 al 1945 le principali attivit\u00e0 degli alti gradi del Terzo Reich. Lavor\u00f2 [&hellip;]<\/p>\n","protected":false},"author":2,"featured_media":120572,"comment_status":"closed","ping_status":"open","sticky":false,"template":"","format":"standard","meta":{"footnotes":""},"categories":[3,3446,49,26],"tags":[],"class_list":["post-120570","post","type-post","status-publish","format-standard","has-post-thumbnail","category-arte-cultura-spettacoli-scienza-archivi","category-featured","category-speciali","category-prima-pagina"],"yoast_head":"<!-- This site is optimized with the Yoast SEO plugin v28.4 - https:\/\/yoast.com\/product\/yoast-seo-wordpress\/ -->\n<title>Dall\u2019archivio Walter Frentz, \u201cil fotografo di Hitler\u201d un pezzo di storia del Bellunese - Bellunopress - Dolomiti<\/title>\n<meta name=\"robots\" content=\"index, follow, max-snippet:-1, max-image-preview:large, max-video-preview:-1\" \/>\n<link rel=\"canonical\" href=\"https:\/\/www.bellunopress.it\/fr\/2021\/01\/01\/dallarchivio-walter-frentz-il-fotografo-di-hitler-un-pezzo-di-storia-del-bellunese\/\" \/>\n<meta property=\"og:locale\" content=\"fr_FR\" \/>\n<meta property=\"og:type\" content=\"article\" \/>\n<meta property=\"og:title\" content=\"Dall\u2019archivio Walter Frentz, \u201cil fotografo di Hitler\u201d un pezzo di storia del Bellunese - Bellunopress - Dolomiti\" \/>\n<meta property=\"og:description\" content=\"La storia non finisce mai. Gli archivi continuano a restituirci pezzetti di un puzzle che ritenevamo oramai completato. E\u2019 il caso, ad esempio, dell\u2019archivio Walter Frentz, il \u201cfotografo di Hitler\u201d al quale il regime nazista affid\u00f2 l\u2019incarico di fotografare e filmare dal 1939 al 1945 le principali attivit\u00e0 degli alti gradi del Terzo Reich. Lavor\u00f2 [&hellip;]\" \/>\n<meta property=\"og:url\" content=\"https:\/\/www.bellunopress.it\/fr\/2021\/01\/01\/dallarchivio-walter-frentz-il-fotografo-di-hitler-un-pezzo-di-storia-del-bellunese\/\" \/>\n<meta property=\"og:site_name\" content=\"Bellunopress - Dolomiti\" \/>\n<meta property=\"article:publisher\" content=\"https:\/\/www.facebook.com\/profile.php?id=100008943462799\" \/>\n<meta property=\"article:published_time\" content=\"2021-01-01T18:04:51+00:00\" \/>\n<meta property=\"article:modified_time\" content=\"2021-01-02T12:53:57+00:00\" \/>\n<meta property=\"og:image\" content=\"https:\/\/www.bellunopress.it\/wp-content\/uploads\/2021\/01\/Piazza-Martiri-ott-1944-Wolff-Dierich.jpg\" \/>\n\t<meta property=\"og:image:width\" content=\"600\" \/>\n\t<meta property=\"og:image:height\" content=\"398\" \/>\n\t<meta property=\"og:image:type\" content=\"image\/jpeg\" \/>\n<meta name=\"author\" content=\"redazione\" \/>\n<meta name=\"twitter:card\" content=\"summary_large_image\" \/>\n<meta name=\"twitter:creator\" content=\"@bellunopress\" \/>\n<meta name=\"twitter:site\" content=\"@bellunopress\" \/>\n<meta name=\"twitter:label1\" content=\"Written by\" \/>\n\t<meta name=\"twitter:data1\" content=\"redazione\" \/>\n\t<meta name=\"twitter:label2\" content=\"Est. reading time\" \/>\n\t<meta name=\"twitter:data2\" content=\"4 minutes\" \/>\n<script type=\"application\/ld+json\" class=\"yoast-schema-graph\">{\"@context\":\"https:\\\/\\\/schema.org\",\"@graph\":[{\"@type\":\"Article\",\"@id\":\"https:\\\/\\\/www.bellunopress.it\\\/2021\\\/01\\\/01\\\/dallarchivio-walter-frentz-il-fotografo-di-hitler-un-pezzo-di-storia-del-bellunese\\\/#article\",\"isPartOf\":{\"@id\":\"https:\\\/\\\/www.bellunopress.it\\\/2021\\\/01\\\/01\\\/dallarchivio-walter-frentz-il-fotografo-di-hitler-un-pezzo-di-storia-del-bellunese\\\/\"},\"author\":{\"name\":\"redazione\",\"@id\":\"https:\\\/\\\/www.bellunopress.it\\\/#\\\/schema\\\/person\\\/79bb06722b37ece1c03d3e94beb30d73\"},\"headline\":\"Dall\u2019archivio Walter Frentz, \u201cil fotografo di Hitler\u201d un pezzo di storia del Bellunese\",\"datePublished\":\"2021-01-01T18:04:51+00:00\",\"dateModified\":\"2021-01-02T12:53:57+00:00\",\"mainEntityOfPage\":{\"@id\":\"https:\\\/\\\/www.bellunopress.it\\\/2021\\\/01\\\/01\\\/dallarchivio-walter-frentz-il-fotografo-di-hitler-un-pezzo-di-storia-del-bellunese\\\/\"},\"wordCount\":913,\"publisher\":{\"@id\":\"https:\\\/\\\/www.bellunopress.it\\\/#organization\"},\"image\":{\"@id\":\"https:\\\/\\\/www.bellunopress.it\\\/2021\\\/01\\\/01\\\/dallarchivio-walter-frentz-il-fotografo-di-hitler-un-pezzo-di-storia-del-bellunese\\\/#primaryimage\"},\"thumbnailUrl\":\"https:\\\/\\\/www.bellunopress.it\\\/wp-content\\\/uploads\\\/2021\\\/01\\\/Piazza-Martiri-ott-1944-Wolff-Dierich.jpg\",\"articleSection\":[\"Arte, Cultura, Spettacoli, Scienza\",\"Featured\",\"Gli speciali di Bellunopress\",\"Prima Pagina\"],\"inLanguage\":\"fr-FR\"},{\"@type\":\"WebPage\",\"@id\":\"https:\\\/\\\/www.bellunopress.it\\\/2021\\\/01\\\/01\\\/dallarchivio-walter-frentz-il-fotografo-di-hitler-un-pezzo-di-storia-del-bellunese\\\/\",\"url\":\"https:\\\/\\\/www.bellunopress.it\\\/2021\\\/01\\\/01\\\/dallarchivio-walter-frentz-il-fotografo-di-hitler-un-pezzo-di-storia-del-bellunese\\\/\",\"name\":\"Dall\u2019archivio Walter Frentz, \u201cil fotografo di Hitler\u201d un pezzo di storia del Bellunese - Bellunopress - Dolomiti\",\"isPartOf\":{\"@id\":\"https:\\\/\\\/www.bellunopress.it\\\/#website\"},\"primaryImageOfPage\":{\"@id\":\"https:\\\/\\\/www.bellunopress.it\\\/2021\\\/01\\\/01\\\/dallarchivio-walter-frentz-il-fotografo-di-hitler-un-pezzo-di-storia-del-bellunese\\\/#primaryimage\"},\"image\":{\"@id\":\"https:\\\/\\\/www.bellunopress.it\\\/2021\\\/01\\\/01\\\/dallarchivio-walter-frentz-il-fotografo-di-hitler-un-pezzo-di-storia-del-bellunese\\\/#primaryimage\"},\"thumbnailUrl\":\"https:\\\/\\\/www.bellunopress.it\\\/wp-content\\\/uploads\\\/2021\\\/01\\\/Piazza-Martiri-ott-1944-Wolff-Dierich.jpg\",\"datePublished\":\"2021-01-01T18:04:51+00:00\",\"dateModified\":\"2021-01-02T12:53:57+00:00\",\"breadcrumb\":{\"@id\":\"https:\\\/\\\/www.bellunopress.it\\\/2021\\\/01\\\/01\\\/dallarchivio-walter-frentz-il-fotografo-di-hitler-un-pezzo-di-storia-del-bellunese\\\/#breadcrumb\"},\"inLanguage\":\"fr-FR\",\"potentialAction\":[{\"@type\":\"ReadAction\",\"target\":[\"https:\\\/\\\/www.bellunopress.it\\\/2021\\\/01\\\/01\\\/dallarchivio-walter-frentz-il-fotografo-di-hitler-un-pezzo-di-storia-del-bellunese\\\/\"]}]},{\"@type\":\"ImageObject\",\"inLanguage\":\"fr-FR\",\"@id\":\"https:\\\/\\\/www.bellunopress.it\\\/2021\\\/01\\\/01\\\/dallarchivio-walter-frentz-il-fotografo-di-hitler-un-pezzo-di-storia-del-bellunese\\\/#primaryimage\",\"url\":\"https:\\\/\\\/www.bellunopress.it\\\/wp-content\\\/uploads\\\/2021\\\/01\\\/Piazza-Martiri-ott-1944-Wolff-Dierich.jpg\",\"contentUrl\":\"https:\\\/\\\/www.bellunopress.it\\\/wp-content\\\/uploads\\\/2021\\\/01\\\/Piazza-Martiri-ott-1944-Wolff-Dierich.jpg\",\"width\":600,\"height\":398,\"caption\":\"Ottobre 1944 Belluno piazza dei Martiri (Archivio Walter Frentz)\"},{\"@type\":\"BreadcrumbList\",\"@id\":\"https:\\\/\\\/www.bellunopress.it\\\/2021\\\/01\\\/01\\\/dallarchivio-walter-frentz-il-fotografo-di-hitler-un-pezzo-di-storia-del-bellunese\\\/#breadcrumb\",\"itemListElement\":[{\"@type\":\"ListItem\",\"position\":1,\"name\":\"Home\",\"item\":\"https:\\\/\\\/www.bellunopress.it\\\/\"},{\"@type\":\"ListItem\",\"position\":2,\"name\":\"Dall\u2019archivio Walter Frentz, \u201cil fotografo di Hitler\u201d un pezzo di storia del Bellunese\"}]},{\"@type\":\"WebSite\",\"@id\":\"https:\\\/\\\/www.bellunopress.it\\\/#website\",\"url\":\"https:\\\/\\\/www.bellunopress.it\\\/\",\"name\":\"Bellunopress - Dolomiti\",\"description\":\"e-mail: redazione@bellunopress.it\",\"publisher\":{\"@id\":\"https:\\\/\\\/www.bellunopress.it\\\/#organization\"},\"potentialAction\":[{\"@type\":\"SearchAction\",\"target\":{\"@type\":\"EntryPoint\",\"urlTemplate\":\"https:\\\/\\\/www.bellunopress.it\\\/?s={search_term_string}\"},\"query-input\":{\"@type\":\"PropertyValueSpecification\",\"valueRequired\":true,\"valueName\":\"search_term_string\"}}],\"inLanguage\":\"fr-FR\"},{\"@type\":\"Organization\",\"@id\":\"https:\\\/\\\/www.bellunopress.it\\\/#organization\",\"name\":\"Bellunopress\",\"url\":\"https:\\\/\\\/www.bellunopress.it\\\/\",\"logo\":{\"@type\":\"ImageObject\",\"inLanguage\":\"fr-FR\",\"@id\":\"https:\\\/\\\/www.bellunopress.it\\\/#\\\/schema\\\/logo\\\/image\\\/\",\"url\":\"https:\\\/\\\/www.bellunopress.it\\\/wp-content\\\/uploads\\\/2011\\\/05\\\/cropped-logo-bellunopress-.jpg\",\"contentUrl\":\"https:\\\/\\\/www.bellunopress.it\\\/wp-content\\\/uploads\\\/2011\\\/05\\\/cropped-logo-bellunopress-.jpg\",\"width\":512,\"height\":512,\"caption\":\"Bellunopress\"},\"image\":{\"@id\":\"https:\\\/\\\/www.bellunopress.it\\\/#\\\/schema\\\/logo\\\/image\\\/\"},\"sameAs\":[\"https:\\\/\\\/www.facebook.com\\\/profile.php?id=100008943462799\",\"https:\\\/\\\/x.com\\\/bellunopress\",\"https:\\\/\\\/www.linkedin.com\\\/hp\\\/?dnr=JBzUWaJfMUw8vbXJJ2tVW5-I3jZKvC4wsoxE&amp;amp;amp;amp;amp;amp;trk=nav_responsive_tab_home\",\"https:\\\/\\\/www.youtube.com\\\/channel\\\/UCxL0wu1uN0_3_7hGG0306cw\"]},{\"@type\":\"Person\",\"@id\":\"https:\\\/\\\/www.bellunopress.it\\\/#\\\/schema\\\/person\\\/79bb06722b37ece1c03d3e94beb30d73\",\"name\":\"redazione\",\"image\":{\"@type\":\"ImageObject\",\"inLanguage\":\"fr-FR\",\"@id\":\"https:\\\/\\\/secure.gravatar.com\\\/avatar\\\/37d968a2e67a6fd04c169c4bdef102d0bc5d31b2546345219e348575eb80e9a0?s=96&d=mm&r=g\",\"url\":\"https:\\\/\\\/secure.gravatar.com\\\/avatar\\\/37d968a2e67a6fd04c169c4bdef102d0bc5d31b2546345219e348575eb80e9a0?s=96&d=mm&r=g\",\"contentUrl\":\"https:\\\/\\\/secure.gravatar.com\\\/avatar\\\/37d968a2e67a6fd04c169c4bdef102d0bc5d31b2546345219e348575eb80e9a0?s=96&d=mm&r=g\",\"caption\":\"redazione\"},\"sameAs\":[\"http:\\\/\\\/www.bellunopress.it\",\"https:\\\/\\\/x.com\\\/bellunopress\"],\"url\":\"https:\\\/\\\/www.bellunopress.it\\\/fr\\\/author\\\/redazione\\\/\"}]}<\/script>\n<!-- \/ Yoast SEO plugin. -->","yoast_head_json":{"title":"Dall\u2019archivio Walter Frentz, \u201cil fotografo di Hitler\u201d un pezzo di storia del Bellunese - Bellunopress - Dolomiti","robots":{"index":"index","follow":"follow","max-snippet":"max-snippet:-1","max-image-preview":"max-image-preview:large","max-video-preview":"max-video-preview:-1"},"canonical":"https:\/\/www.bellunopress.it\/fr\/2021\/01\/01\/dallarchivio-walter-frentz-il-fotografo-di-hitler-un-pezzo-di-storia-del-bellunese\/","og_locale":"fr_FR","og_type":"article","og_title":"Dall\u2019archivio Walter Frentz, \u201cil fotografo di Hitler\u201d un pezzo di storia del Bellunese - Bellunopress - Dolomiti","og_description":"La storia non finisce mai. Gli archivi continuano a restituirci pezzetti di un puzzle che ritenevamo oramai completato. E\u2019 il caso, ad esempio, dell\u2019archivio Walter Frentz, il \u201cfotografo di Hitler\u201d al quale il regime nazista affid\u00f2 l\u2019incarico di fotografare e filmare dal 1939 al 1945 le principali attivit\u00e0 degli alti gradi del Terzo Reich. Lavor\u00f2 [&hellip;]","og_url":"https:\/\/www.bellunopress.it\/fr\/2021\/01\/01\/dallarchivio-walter-frentz-il-fotografo-di-hitler-un-pezzo-di-storia-del-bellunese\/","og_site_name":"Bellunopress - Dolomiti","article_publisher":"https:\/\/www.facebook.com\/profile.php?id=100008943462799","article_published_time":"2021-01-01T18:04:51+00:00","article_modified_time":"2021-01-02T12:53:57+00:00","og_image":[{"width":600,"height":398,"url":"https:\/\/www.bellunopress.it\/wp-content\/uploads\/2021\/01\/Piazza-Martiri-ott-1944-Wolff-Dierich.jpg","type":"image\/jpeg"}],"author":"redazione","twitter_card":"summary_large_image","twitter_creator":"@bellunopress","twitter_site":"@bellunopress","twitter_misc":{"Written by":"redazione","Est. reading time":"4 minutes"},"schema":{"@context":"https:\/\/schema.org","@graph":[{"@type":"Article","@id":"https:\/\/www.bellunopress.it\/2021\/01\/01\/dallarchivio-walter-frentz-il-fotografo-di-hitler-un-pezzo-di-storia-del-bellunese\/#article","isPartOf":{"@id":"https:\/\/www.bellunopress.it\/2021\/01\/01\/dallarchivio-walter-frentz-il-fotografo-di-hitler-un-pezzo-di-storia-del-bellunese\/"},"author":{"name":"redazione","@id":"https:\/\/www.bellunopress.it\/#\/schema\/person\/79bb06722b37ece1c03d3e94beb30d73"},"headline":"Dall\u2019archivio Walter Frentz, \u201cil fotografo di Hitler\u201d un pezzo di storia del Bellunese","datePublished":"2021-01-01T18:04:51+00:00","dateModified":"2021-01-02T12:53:57+00:00","mainEntityOfPage":{"@id":"https:\/\/www.bellunopress.it\/2021\/01\/01\/dallarchivio-walter-frentz-il-fotografo-di-hitler-un-pezzo-di-storia-del-bellunese\/"},"wordCount":913,"publisher":{"@id":"https:\/\/www.bellunopress.it\/#organization"},"image":{"@id":"https:\/\/www.bellunopress.it\/2021\/01\/01\/dallarchivio-walter-frentz-il-fotografo-di-hitler-un-pezzo-di-storia-del-bellunese\/#primaryimage"},"thumbnailUrl":"https:\/\/www.bellunopress.it\/wp-content\/uploads\/2021\/01\/Piazza-Martiri-ott-1944-Wolff-Dierich.jpg","articleSection":["Arte, Cultura, Spettacoli, Scienza","Featured","Gli speciali di Bellunopress","Prima Pagina"],"inLanguage":"fr-FR"},{"@type":"WebPage","@id":"https:\/\/www.bellunopress.it\/2021\/01\/01\/dallarchivio-walter-frentz-il-fotografo-di-hitler-un-pezzo-di-storia-del-bellunese\/","url":"https:\/\/www.bellunopress.it\/2021\/01\/01\/dallarchivio-walter-frentz-il-fotografo-di-hitler-un-pezzo-di-storia-del-bellunese\/","name":"Dall\u2019archivio Walter Frentz, \u201cil fotografo di Hitler\u201d un pezzo di storia del Bellunese - Bellunopress - Dolomiti","isPartOf":{"@id":"https:\/\/www.bellunopress.it\/#website"},"primaryImageOfPage":{"@id":"https:\/\/www.bellunopress.it\/2021\/01\/01\/dallarchivio-walter-frentz-il-fotografo-di-hitler-un-pezzo-di-storia-del-bellunese\/#primaryimage"},"image":{"@id":"https:\/\/www.bellunopress.it\/2021\/01\/01\/dallarchivio-walter-frentz-il-fotografo-di-hitler-un-pezzo-di-storia-del-bellunese\/#primaryimage"},"thumbnailUrl":"https:\/\/www.bellunopress.it\/wp-content\/uploads\/2021\/01\/Piazza-Martiri-ott-1944-Wolff-Dierich.jpg","datePublished":"2021-01-01T18:04:51+00:00","dateModified":"2021-01-02T12:53:57+00:00","breadcrumb":{"@id":"https:\/\/www.bellunopress.it\/2021\/01\/01\/dallarchivio-walter-frentz-il-fotografo-di-hitler-un-pezzo-di-storia-del-bellunese\/#breadcrumb"},"inLanguage":"fr-FR","potentialAction":[{"@type":"ReadAction","target":["https:\/\/www.bellunopress.it\/2021\/01\/01\/dallarchivio-walter-frentz-il-fotografo-di-hitler-un-pezzo-di-storia-del-bellunese\/"]}]},{"@type":"ImageObject","inLanguage":"fr-FR","@id":"https:\/\/www.bellunopress.it\/2021\/01\/01\/dallarchivio-walter-frentz-il-fotografo-di-hitler-un-pezzo-di-storia-del-bellunese\/#primaryimage","url":"https:\/\/www.bellunopress.it\/wp-content\/uploads\/2021\/01\/Piazza-Martiri-ott-1944-Wolff-Dierich.jpg","contentUrl":"https:\/\/www.bellunopress.it\/wp-content\/uploads\/2021\/01\/Piazza-Martiri-ott-1944-Wolff-Dierich.jpg","width":600,"height":398,"caption":"Ottobre 1944 Belluno piazza dei Martiri (Archivio Walter Frentz)"},{"@type":"BreadcrumbList","@id":"https:\/\/www.bellunopress.it\/2021\/01\/01\/dallarchivio-walter-frentz-il-fotografo-di-hitler-un-pezzo-di-storia-del-bellunese\/#breadcrumb","itemListElement":[{"@type":"ListItem","position":1,"name":"Home","item":"https:\/\/www.bellunopress.it\/"},{"@type":"ListItem","position":2,"name":"Dall\u2019archivio Walter Frentz, \u201cil fotografo di Hitler\u201d un pezzo di storia del Bellunese"}]},{"@type":"WebSite","@id":"https:\/\/www.bellunopress.it\/#website","url":"https:\/\/www.bellunopress.it\/","name":"Bellunopress - Dolomiti","description":"e-mail: redazione@bellunopress.it","publisher":{"@id":"https:\/\/www.bellunopress.it\/#organization"},"potentialAction":[{"@type":"SearchAction","target":{"@type":"EntryPoint","urlTemplate":"https:\/\/www.bellunopress.it\/?s={search_term_string}"},"query-input":{"@type":"PropertyValueSpecification","valueRequired":true,"valueName":"search_term_string"}}],"inLanguage":"fr-FR"},{"@type":"Organization","@id":"https:\/\/www.bellunopress.it\/#organization","name":"Bellunopress","url":"https:\/\/www.bellunopress.it\/","logo":{"@type":"ImageObject","inLanguage":"fr-FR","@id":"https:\/\/www.bellunopress.it\/#\/schema\/logo\/image\/","url":"https:\/\/www.bellunopress.it\/wp-content\/uploads\/2011\/05\/cropped-logo-bellunopress-.jpg","contentUrl":"https:\/\/www.bellunopress.it\/wp-content\/uploads\/2011\/05\/cropped-logo-bellunopress-.jpg","width":512,"height":512,"caption":"Bellunopress"},"image":{"@id":"https:\/\/www.bellunopress.it\/#\/schema\/logo\/image\/"},"sameAs":["https:\/\/www.facebook.com\/profile.php?id=100008943462799","https:\/\/x.com\/bellunopress","https:\/\/www.linkedin.com\/hp\/?dnr=JBzUWaJfMUw8vbXJJ2tVW5-I3jZKvC4wsoxE&amp;amp;amp;amp;amp;amp;trk=nav_responsive_tab_home","https:\/\/www.youtube.com\/channel\/UCxL0wu1uN0_3_7hGG0306cw"]},{"@type":"Person","@id":"https:\/\/www.bellunopress.it\/#\/schema\/person\/79bb06722b37ece1c03d3e94beb30d73","name":"r\u00e9daction","image":{"@type":"ImageObject","inLanguage":"fr-FR","@id":"https:\/\/secure.gravatar.com\/avatar\/37d968a2e67a6fd04c169c4bdef102d0bc5d31b2546345219e348575eb80e9a0?s=96&d=mm&r=g","url":"https:\/\/secure.gravatar.com\/avatar\/37d968a2e67a6fd04c169c4bdef102d0bc5d31b2546345219e348575eb80e9a0?s=96&d=mm&r=g","contentUrl":"https:\/\/secure.gravatar.com\/avatar\/37d968a2e67a6fd04c169c4bdef102d0bc5d31b2546345219e348575eb80e9a0?s=96&d=mm&r=g","caption":"redazione"},"sameAs":["http:\/\/www.bellunopress.it","https:\/\/x.com\/bellunopress"],"url":"https:\/\/www.bellunopress.it\/fr\/author\/redazione\/"}]}},"_links":{"self":[{"href":"https:\/\/www.bellunopress.it\/fr\/wp-json\/wp\/v2\/posts\/120570","targetHints":{"allow":["GET"]}}],"collection":[{"href":"https:\/\/www.bellunopress.it\/fr\/wp-json\/wp\/v2\/posts"}],"about":[{"href":"https:\/\/www.bellunopress.it\/fr\/wp-json\/wp\/v2\/types\/post"}],"author":[{"embeddable":true,"href":"https:\/\/www.bellunopress.it\/fr\/wp-json\/wp\/v2\/users\/2"}],"replies":[{"embeddable":true,"href":"https:\/\/www.bellunopress.it\/fr\/wp-json\/wp\/v2\/comments?post=120570"}],"version-history":[{"count":2,"href":"https:\/\/www.bellunopress.it\/fr\/wp-json\/wp\/v2\/posts\/120570\/revisions"}],"predecessor-version":[{"id":120575,"href":"https:\/\/www.bellunopress.it\/fr\/wp-json\/wp\/v2\/posts\/120570\/revisions\/120575"}],"wp:featuredmedia":[{"embeddable":true,"href":"https:\/\/www.bellunopress.it\/fr\/wp-json\/wp\/v2\/media\/120572"}],"wp:attachment":[{"href":"https:\/\/www.bellunopress.it\/fr\/wp-json\/wp\/v2\/media?parent=120570"}],"wp:term":[{"taxonomy":"category","embeddable":true,"href":"https:\/\/www.bellunopress.it\/fr\/wp-json\/wp\/v2\/categories?post=120570"},{"taxonomy":"post_tag","embeddable":true,"href":"https:\/\/www.bellunopress.it\/fr\/wp-json\/wp\/v2\/tags?post=120570"}],"curies":[{"name":"wp","href":"https:\/\/api.w.org\/{rel}","templated":true}]}}