{"id":120568,"date":"2021-01-01T13:57:09","date_gmt":"2021-01-01T12:57:09","guid":{"rendered":"http:\/\/www.bellunopress.it\/?p=120568"},"modified":"2021-01-01T13:57:09","modified_gmt":"2021-01-01T12:57:09","slug":"nascite-in-crescita-nel-2020-matilde-e-ginevra-le-prime-bambine-del-2021-sebastiano-lultimo-bambino-nato-nel-2020","status":"publish","type":"post","link":"https:\/\/www.bellunopress.it\/fr\/2021\/01\/01\/nascite-in-crescita-nel-2020-matilde-e-ginevra-le-prime-bambine-del-2021-sebastiano-lultimo-bambino-nato-nel-2020\/","title":{"rendered":"Nascite in crescita nel 2020. Matilde e Ginevra le prime bambine del 2021, Sebastiano l&#8217;ultimo bambino nato nel 2020"},"content":{"rendered":"<p><a href=\"http:\/\/www.bellunopress.it\/fr\/2020\/03\/03\/al-san-martino-una-sala-travaglio-parto-idonea-allassistenza-per-le-donne-con-sospetto-o-diagnosi-di-infezione-da-covid-19\/ospedale-pronto-soccorso\/\" rel=\"attachment wp-att-112649\"><img loading=\"lazy\" decoding=\"async\" class=\"alignleft size-full wp-image-112649\" src=\"http:\/\/www.bellunopress.it\/wp-content\/uploads\/2020\/03\/ospedale-pronto-soccorso.jpg\" alt=\"\" width=\"900\" height=\"707\" srcset=\"https:\/\/www.bellunopress.it\/wp-content\/uploads\/2020\/03\/ospedale-pronto-soccorso.jpg 900w, https:\/\/www.bellunopress.it\/wp-content\/uploads\/2020\/03\/ospedale-pronto-soccorso-500x393.jpg 500w, https:\/\/www.bellunopress.it\/wp-content\/uploads\/2020\/03\/ospedale-pronto-soccorso-696x547.jpg 696w, https:\/\/www.bellunopress.it\/wp-content\/uploads\/2020\/03\/ospedale-pronto-soccorso-535x420.jpg 535w\" sizes=\"auto, (max-width: 900px) 100vw, 900px\" \/><\/a>Alle 6.29 di questa mattina, all\u2019ospedale di Belluno, \u00e8 venuta alla luce Matilde, la prima bambina nata nel 2021 in Ulss Dolomiti. I genitori abitano a Longarone.<\/p>\n<p>All\u2019ospedale di Feltre la prima nata \u00e8 stata Ginevra (di Valdobbiadene) alle 7.28.<\/p>\n<p>Il 2020 si \u00e8 chiuso con la nascita di Sebastiano (di Caerano San Marco) alle 12.30 del 31 dicembre 2020 all\u2019ospedale di Feltre. All\u2019ospedale di Belluno l\u2019ultima nata \u00e8 stata Aurora (di Longarone), alle 13.24 del 30 dicembre.<\/p>\n<p>Il 2020 si chiude con un trend di numero di nuovi nati in crescita (609 nuovi nati a Belluno, circa 760 a Feltre).<\/p>\n<p><strong>Qui Belluno:<\/strong><\/p>\n<p>\u00abNonostante il calo delle nascite a livello nazionale, il dato registrato a livello locale \u00e8 decisamente in controtendenza (a Belluno +2,8%). I nuovi nati nel 2020 sono stati 609 rispetto ai 590 del 2019\u00bb, spiega il Direttore della Ostetricia e Ginecologia di Belluno Fabio Tandurella.<\/p>\n<p>\u00abUn risultato che porta un messaggio positivo in un periodo cos\u00ec complesso a causa della pandemia e che fa ben sperare per la nostra provincia, gi\u00e0 di suo appesantita da problemi di spopolamento e invecchiamento.<\/p>\n<p>Hanno contribuito gli elevati livelli di assistenza ai parti garantiti dall\u2019 efficiente lavoro di equipe multidisciplinare che coinvolge professionalit\u00e0 diverse quali ginecologi, pediatri, ostetriche, infermiere, anestesisti, puericultrici e operatori sanitari di vario genere.<\/p>\n<p>Il punto di forza per entrambi i punti nascita \u00e8 la strutturazione di un percorso comune che parte dalla presa in carico e continua con il supporto alle neo mamme che vivono un momento delicato e di fragilit\u00e0.<\/p>\n<p>Alle mamme \u00e8 stata garantita una nascita il pi\u00f9 possibile naturale, la presenza del pap\u00e0 in sala parto e il bimbo in camera con la mamma in regime di rooming-ing per favorire l allattamento al seno.<\/p>\n<p>I punti nascita non hanno mai cessato di essere vicini alle neo-mamme durante il lockdown, organizzando corsi a distanza di accompagnamento al parto, in risposta anche ai tanti dubbi e domande generate dall&#8217;ansia dettata dalla pandemia.<\/p>\n<p>Un Grazie alla dedizione del gruppo delle ostetriche che oltre all\u2019aspetto professionale curano il rapporto umano, ricordando che Il parto non \u00e8 un atto medico ma il momento pi\u00f9 intenso della vita di coppia .<\/p>\n<p>Grazie anche ad Anestesisti , pediatri e ginecologi che collaborano attivamente a questo percorso molto apprezzato dalle coppie\u00bb, conclude Tandurella.<\/p>\n<p><strong><a href=\"http:\/\/www.bellunopress.it\/fr\/2020\/03\/04\/coronavirus-un-caso-positivo-allospedale-di-feltre-rimodulata-lattivita-chirurgica\/ospedale-feltre\/\" rel=\"attachment wp-att-112673\"><img loading=\"lazy\" decoding=\"async\" class=\"alignleft size-full wp-image-112673\" src=\"http:\/\/www.bellunopress.it\/wp-content\/uploads\/2020\/03\/ospedale-feltre.jpg\" alt=\"\" width=\"900\" height=\"573\" srcset=\"https:\/\/www.bellunopress.it\/wp-content\/uploads\/2020\/03\/ospedale-feltre.jpg 900w, https:\/\/www.bellunopress.it\/wp-content\/uploads\/2020\/03\/ospedale-feltre-500x318.jpg 500w, https:\/\/www.bellunopress.it\/wp-content\/uploads\/2020\/03\/ospedale-feltre-696x443.jpg 696w, https:\/\/www.bellunopress.it\/wp-content\/uploads\/2020\/03\/ospedale-feltre-660x420.jpg 660w\" sizes=\"auto, (max-width: 900px) 100vw, 900px\" \/><\/a>Qui Feltre:<\/strong><\/p>\n<p>\u00abParlare male dell&#8217;anno che si sta concludendo \u00e8 fin troppo facile!<\/p>\n<p>Per questo abbiamo cercato, in questo momento in cui inevitabilmente si devono fare bilanci, di concentrarci su ci\u00f2 che di positivo \u00e8 avvenuto in questo periodo critico.<br \/>\nSiamo orgogliosi di essere riusciti a mantenere stabile, rispetto allo scorso anno, il numero dei bambini nati nel nostro punto nascita, considerato il trend in continuo calo che si registra su tutto il territorio nazionale.<\/p>\n<p>La necessit\u00e0 di limitare il pi\u00f9 possibile gli accessi alla nostra U.O., ci ha permesso di sperimentare modalit\u00e0 alternative di vicinanza con le donne. Con questi nuovi mezzi di comunicazione abbiamo nel tempo preso una certa dimestichezza e ne abbiamo tratto soddisfazione in termini di adesione e apprezzamento da parte delle pazienti, soprattutto gravide.<\/p>\n<p>Gi\u00e0 da marzo di quest&#8217;anno abbiamo organizzato incontri a cadenza settimanale attraverso la piattaforma Meet, rivolto a tutte le gravide seguite nei nostri ambulatori, allo scopo di aggiornarle sulle modalit\u00e0 organizzative che si stavano mettendo in atto in risposta alla diffusione del Corona Virus. Il nostro intento era quello di far s\u00ec che le donne ricevessero informazioni chiare, precise e coerenti con il nostro modello organizzativo, al fine di consentir loro scelte consapevoli. Si voleva evitare che il panico che si stava facendo strada nella popolazione, poco vantaggioso, lasciasse il posto ad una pi\u00f9 ragionevole preoccupazione, inevitabile per il momento storico che si stava vivendo.<br \/>\nNel periodo estivo, con i favori della bella stagione e di un periodo di tregua della pandemia, abbiamo organizzato i corsi di preparazione al parto in piccoli gruppi, all&#8217;aperto. E&#8217; stata una bella esperienza, molto apprezzata dalle donne, che sentivano la necessit\u00e0 di incontri tra pari, vis a vis, per condividere emozioni, dubbi, preoccupazioni.<br \/>\nFin dall&#8217;inizio della pandemia ci siamo spesi per mantenere il pi\u00f9 possibile l&#8217;integrit\u00e0 del percorso nascita, senza naturalmente perdere di vista l&#8217;attenzione alla massima sicurezza di mamma e bambino. Partendo dalla consapevolezza che la gravidanza e il parto non sono semplicemente un evento biologico, ma rappresentano un&#8217;esperienza unica ed irripetibile per la coppia, il mantenimento per quanto possibile dell&#8217;integrit\u00e0 della triade madre-padre-neonato, ha rappresentato da subito un nostro obiettivo prioritario. Siamo riusciti a garantire costantemente la presenza dei pap\u00e0 durante il travaglio ed il parto, anche a fronte di positivit\u00e0 per Covid della mamma.<br \/>\nIn presenza di tampone Covid negativo, poi, abbiamo mantenuto il libero accesso diurno per i pap\u00e0 durante tutta la degenza della propria compagna. Questo approccio ci ha permesso di mantenere i nostri standard per quanto riguarda i tassi dell&#8217;allattamento materno, la cui promozione e sostegno rappresentano da anni uno dei nostri principali cavalli di battaglia, e forti delle indicazioni fornite dalle pi\u00f9 autorevoli societ\u00e0 scientifiche, abbiamo incoraggiato l&#8217;allattamento materno anche nelle donne Covid positive, con grande soddisfazione nostra e ancor pi\u00f9 delle mamme.<br \/>\nAnche le indicazioni aziendali di impedire l&#8217;accesso al reparto di degenza di visitatori diversi dal marito\/partner, che inizialmente erano state viste come un vincolo pesante, successivamente si sono trasformate in opportunit\u00e0: l&#8217;assenza di confusione e dell&#8217;abituale ressa negli orari di visita, ha permesso alla coppia di godere appieno dell&#8217;intimit\u00e0 del momento, lontani da intrusioni e di vivere, almeno per i pochi giorni di degenza, l&#8217;esperienza della nascita del proprio bambino come nucleo familiare in senso stretto.<\/p>\n<p>&#8220;Quello che noi abbiamo fatto \u00e8 solo una goccia nell&#8217;oceano, ma se non l&#8217;avessimo fatto l&#8217;oceano avrebbe una goccia in meno&#8221;, parafrasando Madre Teresa di Calcutta\u00bb raccontano il direttore della Ginecologia e Ostetricia di Feltre Laura Favretti e la caposala Elda Cengia.<\/p>","protected":false},"excerpt":{"rendered":"<p>Alle 6.29 di questa mattina, all\u2019ospedale di Belluno, \u00e8 venuta alla luce Matilde, la prima bambina nata nel 2021 in Ulss Dolomiti. I genitori abitano a Longarone. All\u2019ospedale di Feltre la prima nata \u00e8 stata Ginevra (di Valdobbiadene) alle 7.28. Il 2020 si \u00e8 chiuso con la nascita di Sebastiano (di Caerano San Marco) alle [&hellip;]<\/p>\n","protected":false},"author":2,"featured_media":112649,"comment_status":"closed","ping_status":"open","sticky":false,"template":"","format":"standard","meta":{"footnotes":""},"categories":[5,26,17],"tags":[],"class_list":["post-120568","post","type-post","status-publish","format-standard","has-post-thumbnail","category-cronaca","category-prima-pagina","category-sanita"],"yoast_head":"<!-- This site is optimized with the Yoast SEO plugin v28.4 - https:\/\/yoast.com\/product\/yoast-seo-wordpress\/ -->\n<title>Nascite in crescita nel 2020. Matilde e Ginevra le prime bambine del 2021, Sebastiano l&#039;ultimo bambino nato nel 2020 - Bellunopress - Dolomiti<\/title>\n<meta name=\"robots\" content=\"index, follow, max-snippet:-1, max-image-preview:large, max-video-preview:-1\" \/>\n<link rel=\"canonical\" href=\"https:\/\/www.bellunopress.it\/fr\/2021\/01\/01\/nascite-in-crescita-nel-2020-matilde-e-ginevra-le-prime-bambine-del-2021-sebastiano-lultimo-bambino-nato-nel-2020\/\" \/>\n<meta property=\"og:locale\" content=\"fr_FR\" \/>\n<meta property=\"og:type\" content=\"article\" \/>\n<meta property=\"og:title\" content=\"Nascite in crescita nel 2020. Matilde e Ginevra le prime bambine del 2021, Sebastiano l&#039;ultimo bambino nato nel 2020 - Bellunopress - Dolomiti\" \/>\n<meta property=\"og:description\" content=\"Alle 6.29 di questa mattina, all\u2019ospedale di Belluno, \u00e8 venuta alla luce Matilde, la prima bambina nata nel 2021 in Ulss Dolomiti. I genitori abitano a Longarone. All\u2019ospedale di Feltre la prima nata \u00e8 stata Ginevra (di Valdobbiadene) alle 7.28. Il 2020 si \u00e8 chiuso con la nascita di Sebastiano (di Caerano San Marco) alle [&hellip;]\" \/>\n<meta property=\"og:url\" content=\"https:\/\/www.bellunopress.it\/fr\/2021\/01\/01\/nascite-in-crescita-nel-2020-matilde-e-ginevra-le-prime-bambine-del-2021-sebastiano-lultimo-bambino-nato-nel-2020\/\" \/>\n<meta property=\"og:site_name\" content=\"Bellunopress - Dolomiti\" \/>\n<meta property=\"article:publisher\" content=\"https:\/\/www.facebook.com\/profile.php?id=100008943462799\" \/>\n<meta property=\"article:published_time\" content=\"2021-01-01T12:57:09+00:00\" \/>\n<meta property=\"og:image\" content=\"https:\/\/www.bellunopress.it\/wp-content\/uploads\/2020\/03\/ospedale-pronto-soccorso.jpg\" \/>\n\t<meta property=\"og:image:width\" content=\"900\" \/>\n\t<meta property=\"og:image:height\" content=\"707\" \/>\n\t<meta property=\"og:image:type\" content=\"image\/jpeg\" \/>\n<meta name=\"author\" content=\"redazione\" \/>\n<meta name=\"twitter:card\" content=\"summary_large_image\" \/>\n<meta name=\"twitter:creator\" content=\"@bellunopress\" \/>\n<meta name=\"twitter:site\" content=\"@bellunopress\" \/>\n<meta name=\"twitter:label1\" content=\"Written by\" \/>\n\t<meta name=\"twitter:data1\" content=\"redazione\" \/>\n\t<meta name=\"twitter:label2\" content=\"Est. reading time\" \/>\n\t<meta name=\"twitter:data2\" content=\"5 minutes\" \/>\n<script type=\"application\/ld+json\" class=\"yoast-schema-graph\">{\"@context\":\"https:\\\/\\\/schema.org\",\"@graph\":[{\"@type\":\"Article\",\"@id\":\"https:\\\/\\\/www.bellunopress.it\\\/2021\\\/01\\\/01\\\/nascite-in-crescita-nel-2020-matilde-e-ginevra-le-prime-bambine-del-2021-sebastiano-lultimo-bambino-nato-nel-2020\\\/#article\",\"isPartOf\":{\"@id\":\"https:\\\/\\\/www.bellunopress.it\\\/2021\\\/01\\\/01\\\/nascite-in-crescita-nel-2020-matilde-e-ginevra-le-prime-bambine-del-2021-sebastiano-lultimo-bambino-nato-nel-2020\\\/\"},\"author\":{\"name\":\"redazione\",\"@id\":\"https:\\\/\\\/www.bellunopress.it\\\/#\\\/schema\\\/person\\\/79bb06722b37ece1c03d3e94beb30d73\"},\"headline\":\"Nascite in crescita nel 2020. Matilde e Ginevra le prime bambine del 2021, Sebastiano l&#8217;ultimo bambino nato nel 2020\",\"datePublished\":\"2021-01-01T12:57:09+00:00\",\"mainEntityOfPage\":{\"@id\":\"https:\\\/\\\/www.bellunopress.it\\\/2021\\\/01\\\/01\\\/nascite-in-crescita-nel-2020-matilde-e-ginevra-le-prime-bambine-del-2021-sebastiano-lultimo-bambino-nato-nel-2020\\\/\"},\"wordCount\":978,\"publisher\":{\"@id\":\"https:\\\/\\\/www.bellunopress.it\\\/#organization\"},\"image\":{\"@id\":\"https:\\\/\\\/www.bellunopress.it\\\/2021\\\/01\\\/01\\\/nascite-in-crescita-nel-2020-matilde-e-ginevra-le-prime-bambine-del-2021-sebastiano-lultimo-bambino-nato-nel-2020\\\/#primaryimage\"},\"thumbnailUrl\":\"https:\\\/\\\/www.bellunopress.it\\\/wp-content\\\/uploads\\\/2020\\\/03\\\/ospedale-pronto-soccorso.jpg\",\"articleSection\":[\"Cronaca\\\/Politica\",\"Prima Pagina\",\"Sanit\u00e0 Medicina\"],\"inLanguage\":\"fr-FR\"},{\"@type\":\"WebPage\",\"@id\":\"https:\\\/\\\/www.bellunopress.it\\\/2021\\\/01\\\/01\\\/nascite-in-crescita-nel-2020-matilde-e-ginevra-le-prime-bambine-del-2021-sebastiano-lultimo-bambino-nato-nel-2020\\\/\",\"url\":\"https:\\\/\\\/www.bellunopress.it\\\/2021\\\/01\\\/01\\\/nascite-in-crescita-nel-2020-matilde-e-ginevra-le-prime-bambine-del-2021-sebastiano-lultimo-bambino-nato-nel-2020\\\/\",\"name\":\"Nascite in crescita nel 2020. Matilde e Ginevra le prime bambine del 2021, Sebastiano l'ultimo bambino nato nel 2020 - Bellunopress - Dolomiti\",\"isPartOf\":{\"@id\":\"https:\\\/\\\/www.bellunopress.it\\\/#website\"},\"primaryImageOfPage\":{\"@id\":\"https:\\\/\\\/www.bellunopress.it\\\/2021\\\/01\\\/01\\\/nascite-in-crescita-nel-2020-matilde-e-ginevra-le-prime-bambine-del-2021-sebastiano-lultimo-bambino-nato-nel-2020\\\/#primaryimage\"},\"image\":{\"@id\":\"https:\\\/\\\/www.bellunopress.it\\\/2021\\\/01\\\/01\\\/nascite-in-crescita-nel-2020-matilde-e-ginevra-le-prime-bambine-del-2021-sebastiano-lultimo-bambino-nato-nel-2020\\\/#primaryimage\"},\"thumbnailUrl\":\"https:\\\/\\\/www.bellunopress.it\\\/wp-content\\\/uploads\\\/2020\\\/03\\\/ospedale-pronto-soccorso.jpg\",\"datePublished\":\"2021-01-01T12:57:09+00:00\",\"breadcrumb\":{\"@id\":\"https:\\\/\\\/www.bellunopress.it\\\/2021\\\/01\\\/01\\\/nascite-in-crescita-nel-2020-matilde-e-ginevra-le-prime-bambine-del-2021-sebastiano-lultimo-bambino-nato-nel-2020\\\/#breadcrumb\"},\"inLanguage\":\"fr-FR\",\"potentialAction\":[{\"@type\":\"ReadAction\",\"target\":[\"https:\\\/\\\/www.bellunopress.it\\\/2021\\\/01\\\/01\\\/nascite-in-crescita-nel-2020-matilde-e-ginevra-le-prime-bambine-del-2021-sebastiano-lultimo-bambino-nato-nel-2020\\\/\"]}]},{\"@type\":\"ImageObject\",\"inLanguage\":\"fr-FR\",\"@id\":\"https:\\\/\\\/www.bellunopress.it\\\/2021\\\/01\\\/01\\\/nascite-in-crescita-nel-2020-matilde-e-ginevra-le-prime-bambine-del-2021-sebastiano-lultimo-bambino-nato-nel-2020\\\/#primaryimage\",\"url\":\"https:\\\/\\\/www.bellunopress.it\\\/wp-content\\\/uploads\\\/2020\\\/03\\\/ospedale-pronto-soccorso.jpg\",\"contentUrl\":\"https:\\\/\\\/www.bellunopress.it\\\/wp-content\\\/uploads\\\/2020\\\/03\\\/ospedale-pronto-soccorso.jpg\",\"width\":900,\"height\":707,\"caption\":\"Ospedale \\\"San Martino\\\" di Belluno\"},{\"@type\":\"BreadcrumbList\",\"@id\":\"https:\\\/\\\/www.bellunopress.it\\\/2021\\\/01\\\/01\\\/nascite-in-crescita-nel-2020-matilde-e-ginevra-le-prime-bambine-del-2021-sebastiano-lultimo-bambino-nato-nel-2020\\\/#breadcrumb\",\"itemListElement\":[{\"@type\":\"ListItem\",\"position\":1,\"name\":\"Home\",\"item\":\"https:\\\/\\\/www.bellunopress.it\\\/\"},{\"@type\":\"ListItem\",\"position\":2,\"name\":\"Nascite in crescita nel 2020. Matilde e Ginevra le prime bambine del 2021, Sebastiano l&#8217;ultimo bambino nato nel 2020\"}]},{\"@type\":\"WebSite\",\"@id\":\"https:\\\/\\\/www.bellunopress.it\\\/#website\",\"url\":\"https:\\\/\\\/www.bellunopress.it\\\/\",\"name\":\"Bellunopress - Dolomiti\",\"description\":\"e-mail: redazione@bellunopress.it\",\"publisher\":{\"@id\":\"https:\\\/\\\/www.bellunopress.it\\\/#organization\"},\"potentialAction\":[{\"@type\":\"SearchAction\",\"target\":{\"@type\":\"EntryPoint\",\"urlTemplate\":\"https:\\\/\\\/www.bellunopress.it\\\/?s={search_term_string}\"},\"query-input\":{\"@type\":\"PropertyValueSpecification\",\"valueRequired\":true,\"valueName\":\"search_term_string\"}}],\"inLanguage\":\"fr-FR\"},{\"@type\":\"Organization\",\"@id\":\"https:\\\/\\\/www.bellunopress.it\\\/#organization\",\"name\":\"Bellunopress\",\"url\":\"https:\\\/\\\/www.bellunopress.it\\\/\",\"logo\":{\"@type\":\"ImageObject\",\"inLanguage\":\"fr-FR\",\"@id\":\"https:\\\/\\\/www.bellunopress.it\\\/#\\\/schema\\\/logo\\\/image\\\/\",\"url\":\"https:\\\/\\\/www.bellunopress.it\\\/wp-content\\\/uploads\\\/2011\\\/05\\\/cropped-logo-bellunopress-.jpg\",\"contentUrl\":\"https:\\\/\\\/www.bellunopress.it\\\/wp-content\\\/uploads\\\/2011\\\/05\\\/cropped-logo-bellunopress-.jpg\",\"width\":512,\"height\":512,\"caption\":\"Bellunopress\"},\"image\":{\"@id\":\"https:\\\/\\\/www.bellunopress.it\\\/#\\\/schema\\\/logo\\\/image\\\/\"},\"sameAs\":[\"https:\\\/\\\/www.facebook.com\\\/profile.php?id=100008943462799\",\"https:\\\/\\\/x.com\\\/bellunopress\",\"https:\\\/\\\/www.linkedin.com\\\/hp\\\/?dnr=JBzUWaJfMUw8vbXJJ2tVW5-I3jZKvC4wsoxE&amp;amp;amp;amp;amp;amp;trk=nav_responsive_tab_home\",\"https:\\\/\\\/www.youtube.com\\\/channel\\\/UCxL0wu1uN0_3_7hGG0306cw\"]},{\"@type\":\"Person\",\"@id\":\"https:\\\/\\\/www.bellunopress.it\\\/#\\\/schema\\\/person\\\/79bb06722b37ece1c03d3e94beb30d73\",\"name\":\"redazione\",\"image\":{\"@type\":\"ImageObject\",\"inLanguage\":\"fr-FR\",\"@id\":\"https:\\\/\\\/secure.gravatar.com\\\/avatar\\\/37d968a2e67a6fd04c169c4bdef102d0bc5d31b2546345219e348575eb80e9a0?s=96&d=mm&r=g\",\"url\":\"https:\\\/\\\/secure.gravatar.com\\\/avatar\\\/37d968a2e67a6fd04c169c4bdef102d0bc5d31b2546345219e348575eb80e9a0?s=96&d=mm&r=g\",\"contentUrl\":\"https:\\\/\\\/secure.gravatar.com\\\/avatar\\\/37d968a2e67a6fd04c169c4bdef102d0bc5d31b2546345219e348575eb80e9a0?s=96&d=mm&r=g\",\"caption\":\"redazione\"},\"sameAs\":[\"http:\\\/\\\/www.bellunopress.it\",\"https:\\\/\\\/x.com\\\/bellunopress\"],\"url\":\"https:\\\/\\\/www.bellunopress.it\\\/fr\\\/author\\\/redazione\\\/\"}]}<\/script>\n<!-- \/ Yoast SEO plugin. -->","yoast_head_json":{"title":"Nascite in crescita nel 2020. Matilde e Ginevra le prime bambine del 2021, Sebastiano l'ultimo bambino nato nel 2020 - Bellunopress - Dolomiti","robots":{"index":"index","follow":"follow","max-snippet":"max-snippet:-1","max-image-preview":"max-image-preview:large","max-video-preview":"max-video-preview:-1"},"canonical":"https:\/\/www.bellunopress.it\/fr\/2021\/01\/01\/nascite-in-crescita-nel-2020-matilde-e-ginevra-le-prime-bambine-del-2021-sebastiano-lultimo-bambino-nato-nel-2020\/","og_locale":"fr_FR","og_type":"article","og_title":"Nascite in crescita nel 2020. Matilde e Ginevra le prime bambine del 2021, Sebastiano l'ultimo bambino nato nel 2020 - Bellunopress - Dolomiti","og_description":"Alle 6.29 di questa mattina, all\u2019ospedale di Belluno, \u00e8 venuta alla luce Matilde, la prima bambina nata nel 2021 in Ulss Dolomiti. I genitori abitano a Longarone. All\u2019ospedale di Feltre la prima nata \u00e8 stata Ginevra (di Valdobbiadene) alle 7.28. Il 2020 si \u00e8 chiuso con la nascita di Sebastiano (di Caerano San Marco) alle [&hellip;]","og_url":"https:\/\/www.bellunopress.it\/fr\/2021\/01\/01\/nascite-in-crescita-nel-2020-matilde-e-ginevra-le-prime-bambine-del-2021-sebastiano-lultimo-bambino-nato-nel-2020\/","og_site_name":"Bellunopress - Dolomiti","article_publisher":"https:\/\/www.facebook.com\/profile.php?id=100008943462799","article_published_time":"2021-01-01T12:57:09+00:00","og_image":[{"width":900,"height":707,"url":"https:\/\/www.bellunopress.it\/wp-content\/uploads\/2020\/03\/ospedale-pronto-soccorso.jpg","type":"image\/jpeg"}],"author":"redazione","twitter_card":"summary_large_image","twitter_creator":"@bellunopress","twitter_site":"@bellunopress","twitter_misc":{"Written by":"redazione","Est. reading time":"5 minutes"},"schema":{"@context":"https:\/\/schema.org","@graph":[{"@type":"Article","@id":"https:\/\/www.bellunopress.it\/2021\/01\/01\/nascite-in-crescita-nel-2020-matilde-e-ginevra-le-prime-bambine-del-2021-sebastiano-lultimo-bambino-nato-nel-2020\/#article","isPartOf":{"@id":"https:\/\/www.bellunopress.it\/2021\/01\/01\/nascite-in-crescita-nel-2020-matilde-e-ginevra-le-prime-bambine-del-2021-sebastiano-lultimo-bambino-nato-nel-2020\/"},"author":{"name":"redazione","@id":"https:\/\/www.bellunopress.it\/#\/schema\/person\/79bb06722b37ece1c03d3e94beb30d73"},"headline":"Nascite in crescita nel 2020. Matilde e Ginevra le prime bambine del 2021, Sebastiano l&#8217;ultimo bambino nato nel 2020","datePublished":"2021-01-01T12:57:09+00:00","mainEntityOfPage":{"@id":"https:\/\/www.bellunopress.it\/2021\/01\/01\/nascite-in-crescita-nel-2020-matilde-e-ginevra-le-prime-bambine-del-2021-sebastiano-lultimo-bambino-nato-nel-2020\/"},"wordCount":978,"publisher":{"@id":"https:\/\/www.bellunopress.it\/#organization"},"image":{"@id":"https:\/\/www.bellunopress.it\/2021\/01\/01\/nascite-in-crescita-nel-2020-matilde-e-ginevra-le-prime-bambine-del-2021-sebastiano-lultimo-bambino-nato-nel-2020\/#primaryimage"},"thumbnailUrl":"https:\/\/www.bellunopress.it\/wp-content\/uploads\/2020\/03\/ospedale-pronto-soccorso.jpg","articleSection":["Cronaca\/Politica","Prima Pagina","Sanit\u00e0 Medicina"],"inLanguage":"fr-FR"},{"@type":"WebPage","@id":"https:\/\/www.bellunopress.it\/2021\/01\/01\/nascite-in-crescita-nel-2020-matilde-e-ginevra-le-prime-bambine-del-2021-sebastiano-lultimo-bambino-nato-nel-2020\/","url":"https:\/\/www.bellunopress.it\/2021\/01\/01\/nascite-in-crescita-nel-2020-matilde-e-ginevra-le-prime-bambine-del-2021-sebastiano-lultimo-bambino-nato-nel-2020\/","name":"Nascite in crescita nel 2020. Matilde e Ginevra le prime bambine del 2021, Sebastiano l'ultimo bambino nato nel 2020 - Bellunopress - Dolomiti","isPartOf":{"@id":"https:\/\/www.bellunopress.it\/#website"},"primaryImageOfPage":{"@id":"https:\/\/www.bellunopress.it\/2021\/01\/01\/nascite-in-crescita-nel-2020-matilde-e-ginevra-le-prime-bambine-del-2021-sebastiano-lultimo-bambino-nato-nel-2020\/#primaryimage"},"image":{"@id":"https:\/\/www.bellunopress.it\/2021\/01\/01\/nascite-in-crescita-nel-2020-matilde-e-ginevra-le-prime-bambine-del-2021-sebastiano-lultimo-bambino-nato-nel-2020\/#primaryimage"},"thumbnailUrl":"https:\/\/www.bellunopress.it\/wp-content\/uploads\/2020\/03\/ospedale-pronto-soccorso.jpg","datePublished":"2021-01-01T12:57:09+00:00","breadcrumb":{"@id":"https:\/\/www.bellunopress.it\/2021\/01\/01\/nascite-in-crescita-nel-2020-matilde-e-ginevra-le-prime-bambine-del-2021-sebastiano-lultimo-bambino-nato-nel-2020\/#breadcrumb"},"inLanguage":"fr-FR","potentialAction":[{"@type":"ReadAction","target":["https:\/\/www.bellunopress.it\/2021\/01\/01\/nascite-in-crescita-nel-2020-matilde-e-ginevra-le-prime-bambine-del-2021-sebastiano-lultimo-bambino-nato-nel-2020\/"]}]},{"@type":"ImageObject","inLanguage":"fr-FR","@id":"https:\/\/www.bellunopress.it\/2021\/01\/01\/nascite-in-crescita-nel-2020-matilde-e-ginevra-le-prime-bambine-del-2021-sebastiano-lultimo-bambino-nato-nel-2020\/#primaryimage","url":"https:\/\/www.bellunopress.it\/wp-content\/uploads\/2020\/03\/ospedale-pronto-soccorso.jpg","contentUrl":"https:\/\/www.bellunopress.it\/wp-content\/uploads\/2020\/03\/ospedale-pronto-soccorso.jpg","width":900,"height":707,"caption":"Ospedale \"San Martino\" di Belluno"},{"@type":"BreadcrumbList","@id":"https:\/\/www.bellunopress.it\/2021\/01\/01\/nascite-in-crescita-nel-2020-matilde-e-ginevra-le-prime-bambine-del-2021-sebastiano-lultimo-bambino-nato-nel-2020\/#breadcrumb","itemListElement":[{"@type":"ListItem","position":1,"name":"Home","item":"https:\/\/www.bellunopress.it\/"},{"@type":"ListItem","position":2,"name":"Nascite in crescita nel 2020. Matilde e Ginevra le prime bambine del 2021, Sebastiano l&#8217;ultimo bambino nato nel 2020"}]},{"@type":"WebSite","@id":"https:\/\/www.bellunopress.it\/#website","url":"https:\/\/www.bellunopress.it\/","name":"Bellunopress - Dolomiti","description":"e-mail: redazione@bellunopress.it","publisher":{"@id":"https:\/\/www.bellunopress.it\/#organization"},"potentialAction":[{"@type":"SearchAction","target":{"@type":"EntryPoint","urlTemplate":"https:\/\/www.bellunopress.it\/?s={search_term_string}"},"query-input":{"@type":"PropertyValueSpecification","valueRequired":true,"valueName":"search_term_string"}}],"inLanguage":"fr-FR"},{"@type":"Organization","@id":"https:\/\/www.bellunopress.it\/#organization","name":"Bellunopress","url":"https:\/\/www.bellunopress.it\/","logo":{"@type":"ImageObject","inLanguage":"fr-FR","@id":"https:\/\/www.bellunopress.it\/#\/schema\/logo\/image\/","url":"https:\/\/www.bellunopress.it\/wp-content\/uploads\/2011\/05\/cropped-logo-bellunopress-.jpg","contentUrl":"https:\/\/www.bellunopress.it\/wp-content\/uploads\/2011\/05\/cropped-logo-bellunopress-.jpg","width":512,"height":512,"caption":"Bellunopress"},"image":{"@id":"https:\/\/www.bellunopress.it\/#\/schema\/logo\/image\/"},"sameAs":["https:\/\/www.facebook.com\/profile.php?id=100008943462799","https:\/\/x.com\/bellunopress","https:\/\/www.linkedin.com\/hp\/?dnr=JBzUWaJfMUw8vbXJJ2tVW5-I3jZKvC4wsoxE&amp;amp;amp;amp;amp;amp;trk=nav_responsive_tab_home","https:\/\/www.youtube.com\/channel\/UCxL0wu1uN0_3_7hGG0306cw"]},{"@type":"Person","@id":"https:\/\/www.bellunopress.it\/#\/schema\/person\/79bb06722b37ece1c03d3e94beb30d73","name":"r\u00e9daction","image":{"@type":"ImageObject","inLanguage":"fr-FR","@id":"https:\/\/secure.gravatar.com\/avatar\/37d968a2e67a6fd04c169c4bdef102d0bc5d31b2546345219e348575eb80e9a0?s=96&d=mm&r=g","url":"https:\/\/secure.gravatar.com\/avatar\/37d968a2e67a6fd04c169c4bdef102d0bc5d31b2546345219e348575eb80e9a0?s=96&d=mm&r=g","contentUrl":"https:\/\/secure.gravatar.com\/avatar\/37d968a2e67a6fd04c169c4bdef102d0bc5d31b2546345219e348575eb80e9a0?s=96&d=mm&r=g","caption":"redazione"},"sameAs":["http:\/\/www.bellunopress.it","https:\/\/x.com\/bellunopress"],"url":"https:\/\/www.bellunopress.it\/fr\/author\/redazione\/"}]}},"_links":{"self":[{"href":"https:\/\/www.bellunopress.it\/fr\/wp-json\/wp\/v2\/posts\/120568","targetHints":{"allow":["GET"]}}],"collection":[{"href":"https:\/\/www.bellunopress.it\/fr\/wp-json\/wp\/v2\/posts"}],"about":[{"href":"https:\/\/www.bellunopress.it\/fr\/wp-json\/wp\/v2\/types\/post"}],"author":[{"embeddable":true,"href":"https:\/\/www.bellunopress.it\/fr\/wp-json\/wp\/v2\/users\/2"}],"replies":[{"embeddable":true,"href":"https:\/\/www.bellunopress.it\/fr\/wp-json\/wp\/v2\/comments?post=120568"}],"version-history":[{"count":1,"href":"https:\/\/www.bellunopress.it\/fr\/wp-json\/wp\/v2\/posts\/120568\/revisions"}],"predecessor-version":[{"id":120569,"href":"https:\/\/www.bellunopress.it\/fr\/wp-json\/wp\/v2\/posts\/120568\/revisions\/120569"}],"wp:featuredmedia":[{"embeddable":true,"href":"https:\/\/www.bellunopress.it\/fr\/wp-json\/wp\/v2\/media\/112649"}],"wp:attachment":[{"href":"https:\/\/www.bellunopress.it\/fr\/wp-json\/wp\/v2\/media?parent=120568"}],"wp:term":[{"taxonomy":"category","embeddable":true,"href":"https:\/\/www.bellunopress.it\/fr\/wp-json\/wp\/v2\/categories?post=120568"},{"taxonomy":"post_tag","embeddable":true,"href":"https:\/\/www.bellunopress.it\/fr\/wp-json\/wp\/v2\/tags?post=120568"}],"curies":[{"name":"wp","href":"https:\/\/api.w.org\/{rel}","templated":true}]}}