{"id":120549,"date":"2020-12-23T18:14:02","date_gmt":"2020-12-23T17:14:02","guid":{"rendered":"http:\/\/www.bellunopress.it\/?p=120549"},"modified":"2020-12-31T18:24:46","modified_gmt":"2020-12-31T17:24:46","slug":"missione-lampo-di-fv-frangivento-negli-emirati-arabi-prima-del-lockdown-di-natale","status":"publish","type":"post","link":"https:\/\/www.bellunopress.it\/fr\/2020\/12\/23\/missione-lampo-di-fv-frangivento-negli-emirati-arabi-prima-del-lockdown-di-natale\/","title":{"rendered":"Missione lampo di FV Frangivento negli Emirati Arabi prima del lockdown di Natale"},"content":{"rendered":"<p><em><strong><a href=\"http:\/\/www.bellunopress.it\/fr\/2020\/12\/23\/missione-lampo-di-fv-frangivento-negli-emirati-arabi-prima-del-lockdown-di-natale\/fv-frangivento-asfane-emirates-palace-2_edited\/\" rel=\"attachment wp-att-120550\"><img loading=\"lazy\" decoding=\"async\" class=\"alignleft size-full wp-image-120550\" src=\"http:\/\/www.bellunopress.it\/wp-content\/uploads\/2020\/12\/FV-Frangivento-Asfane-Emirates-Palace-2_edited.jpg\" alt=\"\" width=\"800\" height=\"600\" srcset=\"https:\/\/www.bellunopress.it\/wp-content\/uploads\/2020\/12\/FV-Frangivento-Asfane-Emirates-Palace-2_edited.jpg 800w, https:\/\/www.bellunopress.it\/wp-content\/uploads\/2020\/12\/FV-Frangivento-Asfane-Emirates-Palace-2_edited-500x375.jpg 500w, https:\/\/www.bellunopress.it\/wp-content\/uploads\/2020\/12\/FV-Frangivento-Asfane-Emirates-Palace-2_edited-696x522.jpg 696w, https:\/\/www.bellunopress.it\/wp-content\/uploads\/2020\/12\/FV-Frangivento-Asfane-Emirates-Palace-2_edited-560x420.jpg 560w, https:\/\/www.bellunopress.it\/wp-content\/uploads\/2020\/12\/FV-Frangivento-Asfane-Emirates-Palace-2_edited-80x60.jpg 80w, https:\/\/www.bellunopress.it\/wp-content\/uploads\/2020\/12\/FV-Frangivento-Asfane-Emirates-Palace-2_edited-265x198.jpg 265w\" sizes=\"auto, (max-width: 800px) 100vw, 800px\" \/><\/a>La presentazione della Asfan\u00e9 all\u2019Emirates Palace di Abu Dhabi in occasione del Gran Premio di Formula 1 apre la porta allo sviluppo commerciale negli Emirati: esposizione al Dubai Mall e aperture di showroom nei piani dei soci.<\/strong><\/em><\/p>\n<p>Torino, 22 dicembre 2020 \u2013 Il lockdown di Natale non spaventa l\u2019imprenditoria dell\u2019auto di lusso italiana. Nei giorni scorsi Paolo Mancini, Giorgio Pirolo e suo fratello Carlo, soci della FV Frangivento Automobili, hanno compiuto una missione lampo negli Emirati Arabi Uniti per presentare la Asfan\u00e8 all&#8217;Emirates Palace di Abu Dhabi, ma soprattutto per avviare una pi\u00f9 ampia collaborazione con alcuni investitori locali finalizzata allo sviluppo del marchio e alla commercializzazione della hypercar nella regione.<\/p>\n<p>La missione \u00e8 stata fortemente voluta dagli investitori emiratini che hanno mandato un cargo della Emirates per portare la hypercar nella penisola in tempo per il Gran Premio di Formula 1 di Abu Dhabi, dove la Asfan\u00e8 \u00e8 stata esposta come unica vettura davanti ai paddock e ammirata dai piloti e dai pochi selezionatissimi vip ospiti del circus. Ora la Asfan\u00e8 si appresta a debuttare al Dubai Mall per le festivit\u00e0 natalizie in una Dubai attenta ma non in lockdown.<\/p>\n<p>FV Frangivento \u00e8 il marchio di hypercar che combina caratteristiche ad alte prestazioni ed eco-compatibili consentendo ai clienti di apportare importanti modifiche estetiche alla forma del veicolo. Nato da un&#8217;idea degli imprenditori italiani delle auto di lusso Paolo Mancini, Giorgio Pirolo e Carlo Pirolo, Frangivento stabilisce un nuovo standard nel design delle hypercar con la sua aerodinamica all&#8217;avanguardia, la sua attenzione per il comfort e l&#8217;ergonomia eccezionali.<\/p>\n<figure id=\"attachment_120551\" aria-describedby=\"caption-attachment-120551\" style=\"width: 1000px\" class=\"wp-caption alignleft\"><a href=\"http:\/\/www.bellunopress.it\/fr\/2020\/12\/23\/missione-lampo-di-fv-frangivento-negli-emirati-arabi-prima-del-lockdown-di-natale\/da-sinistra-abdallah-raweh-paolo-mancini-giorgio-pirolo-carlo-pirolo_edited\/\" rel=\"attachment wp-att-120551\"><img loading=\"lazy\" decoding=\"async\" class=\"size-full wp-image-120551\" src=\"http:\/\/www.bellunopress.it\/wp-content\/uploads\/2020\/12\/da-sinistra-Abdallah-Raweh-Paolo-Mancini-Giorgio-Pirolo-Carlo-Pirolo_edited.jpg\" alt=\"\" width=\"1000\" height=\"651\" srcset=\"https:\/\/www.bellunopress.it\/wp-content\/uploads\/2020\/12\/da-sinistra-Abdallah-Raweh-Paolo-Mancini-Giorgio-Pirolo-Carlo-Pirolo_edited.jpg 1000w, https:\/\/www.bellunopress.it\/wp-content\/uploads\/2020\/12\/da-sinistra-Abdallah-Raweh-Paolo-Mancini-Giorgio-Pirolo-Carlo-Pirolo_edited-500x326.jpg 500w, https:\/\/www.bellunopress.it\/wp-content\/uploads\/2020\/12\/da-sinistra-Abdallah-Raweh-Paolo-Mancini-Giorgio-Pirolo-Carlo-Pirolo_edited-696x453.jpg 696w, https:\/\/www.bellunopress.it\/wp-content\/uploads\/2020\/12\/da-sinistra-Abdallah-Raweh-Paolo-Mancini-Giorgio-Pirolo-Carlo-Pirolo_edited-645x420.jpg 645w\" sizes=\"auto, (max-width: 1000px) 100vw, 1000px\" \/><\/a><figcaption id=\"caption-attachment-120551\" class=\"wp-caption-text\">Abdallah Raweh. Paolo Mancini. Giorgio Pirolo. Carlo Pirolo<\/figcaption><\/figure>\n<p>Il professor Abdallah Raweh, ambasciatore del marchio Frangivento negli Emirati Arabi Uniti, ha dichiarato: &#8220;FV Frangivento Asfan\u00e8 \u00e8 un tributo al &#8216;Made in Italy&#8217; di tre giovani e affermati imprenditori. Competenza, esperienza, passione: sono le tre caratteristiche che insieme alla loro vasta rete di contatti nel settore delle auto di lusso hanno consentito di creare un&#8217;auto sportiva di lusso italiana da sogno &#8220;.<\/p>\n<p>Raweh ha aggiunto: &#8220;Sono lieto di avere questa opportunit\u00e0 di mostrare il design e la tecnologia di Frangivento. Il concetto si basa sul meglio del know-how italiano degli ultimi 50 anni e lo traduce nel futuro. Il nostro obiettivo \u00e8 rendere Frangivento un nome noto per design e prestazioni superiori. Dopotutto, siamo negli Emirati Arabi Uniti, il luogo perfetto per il meglio del meglio &#8220;.<\/p>\n<p>Il concept di showroom disegnato da Giorgio Pirolo va esattamente nella direzione della boutique di lusso, dove capi di abbigliamento, oggetti di design ma anche vini e alcune specialit\u00e0 gastronomiche compongono lo spazio espositivo integrandosi con le hypercar per offrire una vera esperienza di lusso italiano moderno e sfidante.<\/p>\n<p>\u201cIl progetto che ho sviluppato per il Medio Oriente \u00e8 da haute couture dell\u2019automobile\u201d spiega Giorgio Pirolo, \u201ce i due showroom che saranno realizzati a breve ad Abu Dhabi e Dubai sono un momento importante nello sviluppo del nostro marchio.\u201d<\/p>\n<p>Lavorando con i migliori artigiani italiani e utilizzando materiali innovativi in fibra di carbonio, FV Frangivento offre opzioni di personalizzazione senza precedenti. Gli amanti di questo capolavoro possono scegliere tra varie tipologie di pellami raffinati, arricchiti da effetti speciali. Inoltre, come accade nella definizione degli yacht su misura, possono beneficiare del programma di sviluppo di FV Frangivento e svolgere un ruolo attivo nel processo decisionale durante le fasi di progettazione degli interni e degli esterni.<\/p>\n<p>Paolo Mancini: \u201cQuesto riconoscimento dagli Emirati Arabi \u00e8 importante, non solo per noi, ma per il Made in Italy e giunge al termine di un anno molto difficile per tutti. L\u2019industria dell\u2019auto ha sofferto, anche se non tutti i segmenti hanno reagito allo stesso modo. La domanda nella nicchia delle hypercar non ha avuto grossi scossoni, ma la catena della fornitura di componenti s\u00ec. FV Frangivento ha un alto livello di artigianalit\u00e0 e questo ci d\u00e0 la flessibilit\u00e0 per reagire rapidamente anche alle situazioni pi\u00f9 difficili mantenendo elevati gli standard qualitativi.\u201d<\/p>\n<p>Carlo Pirolo, uno dei tre visionari responsabili della realizzazione di questa supercar e dell\u2019apertura della Boutique di Monaco di Baviera, crede che quest&#8217;opera d&#8217;arte, che ha gi\u00e0 riscosso molto interesse per il mercato tedesco si inserisca perfettamente nell&#8217;ambiente moderno e lussuoso degli Emirati Arabi Uniti, dove gli amanti del lusso sono continuamente alla ricerca di qualcosa che possano personalizzare e fare proprio.<\/p>\n<p>Giorgio Pirolo da parte sua porta in azienda una ventennale esperienza di designer, avendo collaborato con alcuni dei pi\u00f9 prestigiosi marchi automobilistici, come Ferrari, McLaren, Lamborghini e Fiat e con l\u2019esperienza maturata a Monte Carlo nel campo retail con lo sviluppo di brand, architetture e catene commerciali legate al mondo della formula Uno.<\/p>\n<p>Paolo Mancini e la sua famiglia sono specializzati in ingegneria, sviluppo e produzione di automobili da cinquant\u2019anni e due generazioni e hanno lavorato con i principali marchi di auto di lusso, tra cui Aston Martin, Lamborghini, Porsche, RUF, Zagato e Abarth.<\/p>\n<p>FV Frangivento Automobili \u00e8 stato il primo brand italiano di hypercar di lusso a credere fortemente nella transizione alla propulsione ibrida ed elettrica.<\/p>\n<p>FV Frangivento Automobili \u00e8 una azienda italiana produttrice di automobili sportive di lusso ecosostenibili. Fondata nel 2016 da Giorgio Pirolo e Paolo Mancini ha sede a Torino con il polo produttivo di Moncalieri.<\/p>\n<p>Le competenze dei fondatori danno vita ad un binomio che si circonda di un network strategico di partners d\u2019eccezione italiani. Oltre venti aziende medio piccole di alto artigianato fino a big come Pirelli, Brembo, Sparco, OZ racing che adesso credono con fermezza nel progetto FV Frangivento.<\/p>\n<p>Dopo il concept Charlotte e la Asfan\u00e9, il 4 aprile 2021 \u00e8 in programma l\u2019anteprima mondiale del nuovo modello GTXX.<\/p>\n<p>&nbsp;<\/p>","protected":false},"excerpt":{"rendered":"<p>La presentazione della Asfan\u00e9 all\u2019Emirates Palace di Abu Dhabi in occasione del Gran Premio di Formula 1 apre la porta allo sviluppo commerciale negli Emirati: esposizione al Dubai Mall e aperture di showroom nei piani dei soci. Torino, 22 dicembre 2020 \u2013 Il lockdown di Natale non spaventa l\u2019imprenditoria dell\u2019auto di lusso italiana. Nei giorni [&hellip;]<\/p>\n","protected":false},"author":2,"featured_media":0,"comment_status":"closed","ping_status":"open","sticky":false,"template":"","format":"standard","meta":{"footnotes":""},"categories":[36,26],"tags":[],"class_list":["post-120549","post","type-post","status-publish","format-standard","category-lavoro-economia","category-prima-pagina"],"yoast_head":"<!-- This site is optimized with the Yoast SEO plugin v28.4 - https:\/\/yoast.com\/product\/yoast-seo-wordpress\/ -->\n<title>Missione lampo di FV Frangivento negli Emirati Arabi prima del lockdown di Natale - Bellunopress - Dolomiti<\/title>\n<meta name=\"robots\" content=\"index, follow, max-snippet:-1, max-image-preview:large, max-video-preview:-1\" \/>\n<link rel=\"canonical\" href=\"https:\/\/www.bellunopress.it\/fr\/2020\/12\/23\/missione-lampo-di-fv-frangivento-negli-emirati-arabi-prima-del-lockdown-di-natale\/\" \/>\n<meta property=\"og:locale\" content=\"fr_FR\" \/>\n<meta property=\"og:type\" content=\"article\" \/>\n<meta property=\"og:title\" content=\"Missione lampo di FV Frangivento negli Emirati Arabi prima del lockdown di Natale - Bellunopress - Dolomiti\" \/>\n<meta property=\"og:description\" content=\"La presentazione della Asfan\u00e9 all\u2019Emirates Palace di Abu Dhabi in occasione del Gran Premio di Formula 1 apre la porta allo sviluppo commerciale negli Emirati: esposizione al Dubai Mall e aperture di showroom nei piani dei soci. Torino, 22 dicembre 2020 \u2013 Il lockdown di Natale non spaventa l\u2019imprenditoria dell\u2019auto di lusso italiana. Nei giorni [&hellip;]\" \/>\n<meta property=\"og:url\" content=\"https:\/\/www.bellunopress.it\/fr\/2020\/12\/23\/missione-lampo-di-fv-frangivento-negli-emirati-arabi-prima-del-lockdown-di-natale\/\" \/>\n<meta property=\"og:site_name\" content=\"Bellunopress - Dolomiti\" \/>\n<meta property=\"article:publisher\" content=\"https:\/\/www.facebook.com\/profile.php?id=100008943462799\" \/>\n<meta property=\"article:published_time\" content=\"2020-12-23T17:14:02+00:00\" \/>\n<meta property=\"article:modified_time\" content=\"2020-12-31T17:24:46+00:00\" \/>\n<meta property=\"og:image\" content=\"http:\/\/www.bellunopress.it\/wp-content\/uploads\/2020\/12\/FV-Frangivento-Asfane-Emirates-Palace-2_edited.jpg\" \/>\n<meta name=\"author\" content=\"redazione\" \/>\n<meta name=\"twitter:card\" content=\"summary_large_image\" \/>\n<meta name=\"twitter:creator\" content=\"@bellunopress\" \/>\n<meta name=\"twitter:site\" content=\"@bellunopress\" \/>\n<meta name=\"twitter:label1\" content=\"\u00c9crit par\" \/>\n\t<meta name=\"twitter:data1\" content=\"redazione\" \/>\n\t<meta name=\"twitter:label2\" content=\"Dur\u00e9e de lecture estim\u00e9e\" \/>\n\t<meta name=\"twitter:data2\" content=\"5 minutes\" \/>\n<script type=\"application\/ld+json\" class=\"yoast-schema-graph\">{\"@context\":\"https:\\\/\\\/schema.org\",\"@graph\":[{\"@type\":\"Article\",\"@id\":\"https:\\\/\\\/www.bellunopress.it\\\/2020\\\/12\\\/23\\\/missione-lampo-di-fv-frangivento-negli-emirati-arabi-prima-del-lockdown-di-natale\\\/#article\",\"isPartOf\":{\"@id\":\"https:\\\/\\\/www.bellunopress.it\\\/2020\\\/12\\\/23\\\/missione-lampo-di-fv-frangivento-negli-emirati-arabi-prima-del-lockdown-di-natale\\\/\"},\"author\":{\"name\":\"redazione\",\"@id\":\"https:\\\/\\\/www.bellunopress.it\\\/#\\\/schema\\\/person\\\/79bb06722b37ece1c03d3e94beb30d73\"},\"headline\":\"Missione lampo di FV Frangivento negli Emirati Arabi prima del lockdown di Natale\",\"datePublished\":\"2020-12-23T17:14:02+00:00\",\"dateModified\":\"2020-12-31T17:24:46+00:00\",\"mainEntityOfPage\":{\"@id\":\"https:\\\/\\\/www.bellunopress.it\\\/2020\\\/12\\\/23\\\/missione-lampo-di-fv-frangivento-negli-emirati-arabi-prima-del-lockdown-di-natale\\\/\"},\"wordCount\":946,\"publisher\":{\"@id\":\"https:\\\/\\\/www.bellunopress.it\\\/#organization\"},\"image\":{\"@id\":\"https:\\\/\\\/www.bellunopress.it\\\/2020\\\/12\\\/23\\\/missione-lampo-di-fv-frangivento-negli-emirati-arabi-prima-del-lockdown-di-natale\\\/#primaryimage\"},\"thumbnailUrl\":\"http:\\\/\\\/www.bellunopress.it\\\/wp-content\\\/uploads\\\/2020\\\/12\\\/FV-Frangivento-Asfane-Emirates-Palace-2_edited.jpg\",\"articleSection\":[\"Lavoro, Economia, Turismo\",\"Prima Pagina\"],\"inLanguage\":\"fr-FR\"},{\"@type\":\"WebPage\",\"@id\":\"https:\\\/\\\/www.bellunopress.it\\\/2020\\\/12\\\/23\\\/missione-lampo-di-fv-frangivento-negli-emirati-arabi-prima-del-lockdown-di-natale\\\/\",\"url\":\"https:\\\/\\\/www.bellunopress.it\\\/2020\\\/12\\\/23\\\/missione-lampo-di-fv-frangivento-negli-emirati-arabi-prima-del-lockdown-di-natale\\\/\",\"name\":\"Missione lampo di FV Frangivento negli Emirati Arabi prima del lockdown di Natale - Bellunopress - Dolomiti\",\"isPartOf\":{\"@id\":\"https:\\\/\\\/www.bellunopress.it\\\/#website\"},\"primaryImageOfPage\":{\"@id\":\"https:\\\/\\\/www.bellunopress.it\\\/2020\\\/12\\\/23\\\/missione-lampo-di-fv-frangivento-negli-emirati-arabi-prima-del-lockdown-di-natale\\\/#primaryimage\"},\"image\":{\"@id\":\"https:\\\/\\\/www.bellunopress.it\\\/2020\\\/12\\\/23\\\/missione-lampo-di-fv-frangivento-negli-emirati-arabi-prima-del-lockdown-di-natale\\\/#primaryimage\"},\"thumbnailUrl\":\"http:\\\/\\\/www.bellunopress.it\\\/wp-content\\\/uploads\\\/2020\\\/12\\\/FV-Frangivento-Asfane-Emirates-Palace-2_edited.jpg\",\"datePublished\":\"2020-12-23T17:14:02+00:00\",\"dateModified\":\"2020-12-31T17:24:46+00:00\",\"breadcrumb\":{\"@id\":\"https:\\\/\\\/www.bellunopress.it\\\/2020\\\/12\\\/23\\\/missione-lampo-di-fv-frangivento-negli-emirati-arabi-prima-del-lockdown-di-natale\\\/#breadcrumb\"},\"inLanguage\":\"fr-FR\",\"potentialAction\":[{\"@type\":\"ReadAction\",\"target\":[\"https:\\\/\\\/www.bellunopress.it\\\/2020\\\/12\\\/23\\\/missione-lampo-di-fv-frangivento-negli-emirati-arabi-prima-del-lockdown-di-natale\\\/\"]}]},{\"@type\":\"ImageObject\",\"inLanguage\":\"fr-FR\",\"@id\":\"https:\\\/\\\/www.bellunopress.it\\\/2020\\\/12\\\/23\\\/missione-lampo-di-fv-frangivento-negli-emirati-arabi-prima-del-lockdown-di-natale\\\/#primaryimage\",\"url\":\"http:\\\/\\\/www.bellunopress.it\\\/wp-content\\\/uploads\\\/2020\\\/12\\\/FV-Frangivento-Asfane-Emirates-Palace-2_edited.jpg\",\"contentUrl\":\"http:\\\/\\\/www.bellunopress.it\\\/wp-content\\\/uploads\\\/2020\\\/12\\\/FV-Frangivento-Asfane-Emirates-Palace-2_edited.jpg\"},{\"@type\":\"BreadcrumbList\",\"@id\":\"https:\\\/\\\/www.bellunopress.it\\\/2020\\\/12\\\/23\\\/missione-lampo-di-fv-frangivento-negli-emirati-arabi-prima-del-lockdown-di-natale\\\/#breadcrumb\",\"itemListElement\":[{\"@type\":\"ListItem\",\"position\":1,\"name\":\"Home\",\"item\":\"https:\\\/\\\/www.bellunopress.it\\\/\"},{\"@type\":\"ListItem\",\"position\":2,\"name\":\"Missione lampo di FV Frangivento negli Emirati Arabi prima del lockdown di Natale\"}]},{\"@type\":\"WebSite\",\"@id\":\"https:\\\/\\\/www.bellunopress.it\\\/#website\",\"url\":\"https:\\\/\\\/www.bellunopress.it\\\/\",\"name\":\"Bellunopress - Dolomiti\",\"description\":\"e-mail: redazione@bellunopress.it\",\"publisher\":{\"@id\":\"https:\\\/\\\/www.bellunopress.it\\\/#organization\"},\"potentialAction\":[{\"@type\":\"SearchAction\",\"target\":{\"@type\":\"EntryPoint\",\"urlTemplate\":\"https:\\\/\\\/www.bellunopress.it\\\/?s={search_term_string}\"},\"query-input\":{\"@type\":\"PropertyValueSpecification\",\"valueRequired\":true,\"valueName\":\"search_term_string\"}}],\"inLanguage\":\"fr-FR\"},{\"@type\":\"Organization\",\"@id\":\"https:\\\/\\\/www.bellunopress.it\\\/#organization\",\"name\":\"Bellunopress\",\"url\":\"https:\\\/\\\/www.bellunopress.it\\\/\",\"logo\":{\"@type\":\"ImageObject\",\"inLanguage\":\"fr-FR\",\"@id\":\"https:\\\/\\\/www.bellunopress.it\\\/#\\\/schema\\\/logo\\\/image\\\/\",\"url\":\"https:\\\/\\\/www.bellunopress.it\\\/wp-content\\\/uploads\\\/2011\\\/05\\\/cropped-logo-bellunopress-.jpg\",\"contentUrl\":\"https:\\\/\\\/www.bellunopress.it\\\/wp-content\\\/uploads\\\/2011\\\/05\\\/cropped-logo-bellunopress-.jpg\",\"width\":512,\"height\":512,\"caption\":\"Bellunopress\"},\"image\":{\"@id\":\"https:\\\/\\\/www.bellunopress.it\\\/#\\\/schema\\\/logo\\\/image\\\/\"},\"sameAs\":[\"https:\\\/\\\/www.facebook.com\\\/profile.php?id=100008943462799\",\"https:\\\/\\\/x.com\\\/bellunopress\",\"https:\\\/\\\/www.linkedin.com\\\/hp\\\/?dnr=JBzUWaJfMUw8vbXJJ2tVW5-I3jZKvC4wsoxE&amp;amp;amp;amp;amp;amp;trk=nav_responsive_tab_home\",\"https:\\\/\\\/www.youtube.com\\\/channel\\\/UCxL0wu1uN0_3_7hGG0306cw\"]},{\"@type\":\"Person\",\"@id\":\"https:\\\/\\\/www.bellunopress.it\\\/#\\\/schema\\\/person\\\/79bb06722b37ece1c03d3e94beb30d73\",\"name\":\"redazione\",\"image\":{\"@type\":\"ImageObject\",\"inLanguage\":\"fr-FR\",\"@id\":\"https:\\\/\\\/secure.gravatar.com\\\/avatar\\\/37d968a2e67a6fd04c169c4bdef102d0bc5d31b2546345219e348575eb80e9a0?s=96&d=mm&r=g\",\"url\":\"https:\\\/\\\/secure.gravatar.com\\\/avatar\\\/37d968a2e67a6fd04c169c4bdef102d0bc5d31b2546345219e348575eb80e9a0?s=96&d=mm&r=g\",\"contentUrl\":\"https:\\\/\\\/secure.gravatar.com\\\/avatar\\\/37d968a2e67a6fd04c169c4bdef102d0bc5d31b2546345219e348575eb80e9a0?s=96&d=mm&r=g\",\"caption\":\"redazione\"},\"sameAs\":[\"http:\\\/\\\/www.bellunopress.it\",\"https:\\\/\\\/x.com\\\/bellunopress\"],\"url\":\"https:\\\/\\\/www.bellunopress.it\\\/fr\\\/author\\\/redazione\\\/\"}]}<\/script>\n<!-- \/ Yoast SEO plugin. -->","yoast_head_json":{"title":"Missione lampo di FV Frangivento negli Emirati Arabi prima del lockdown di Natale - Bellunopress - Dolomiti","robots":{"index":"index","follow":"follow","max-snippet":"max-snippet:-1","max-image-preview":"max-image-preview:large","max-video-preview":"max-video-preview:-1"},"canonical":"https:\/\/www.bellunopress.it\/fr\/2020\/12\/23\/missione-lampo-di-fv-frangivento-negli-emirati-arabi-prima-del-lockdown-di-natale\/","og_locale":"fr_FR","og_type":"article","og_title":"Missione lampo di FV Frangivento negli Emirati Arabi prima del lockdown di Natale - Bellunopress - Dolomiti","og_description":"La presentazione della Asfan\u00e9 all\u2019Emirates Palace di Abu Dhabi in occasione del Gran Premio di Formula 1 apre la porta allo sviluppo commerciale negli Emirati: esposizione al Dubai Mall e aperture di showroom nei piani dei soci. Torino, 22 dicembre 2020 \u2013 Il lockdown di Natale non spaventa l\u2019imprenditoria dell\u2019auto di lusso italiana. Nei giorni [&hellip;]","og_url":"https:\/\/www.bellunopress.it\/fr\/2020\/12\/23\/missione-lampo-di-fv-frangivento-negli-emirati-arabi-prima-del-lockdown-di-natale\/","og_site_name":"Bellunopress - Dolomiti","article_publisher":"https:\/\/www.facebook.com\/profile.php?id=100008943462799","article_published_time":"2020-12-23T17:14:02+00:00","article_modified_time":"2020-12-31T17:24:46+00:00","og_image":[{"url":"http:\/\/www.bellunopress.it\/wp-content\/uploads\/2020\/12\/FV-Frangivento-Asfane-Emirates-Palace-2_edited.jpg","type":"","width":"","height":""}],"author":"redazione","twitter_card":"summary_large_image","twitter_creator":"@bellunopress","twitter_site":"@bellunopress","twitter_misc":{"\u00c9crit par":"redazione","Dur\u00e9e de lecture estim\u00e9e":"5 minutes"},"schema":{"@context":"https:\/\/schema.org","@graph":[{"@type":"Article","@id":"https:\/\/www.bellunopress.it\/2020\/12\/23\/missione-lampo-di-fv-frangivento-negli-emirati-arabi-prima-del-lockdown-di-natale\/#article","isPartOf":{"@id":"https:\/\/www.bellunopress.it\/2020\/12\/23\/missione-lampo-di-fv-frangivento-negli-emirati-arabi-prima-del-lockdown-di-natale\/"},"author":{"name":"redazione","@id":"https:\/\/www.bellunopress.it\/#\/schema\/person\/79bb06722b37ece1c03d3e94beb30d73"},"headline":"Missione lampo di FV Frangivento negli Emirati Arabi prima del lockdown di Natale","datePublished":"2020-12-23T17:14:02+00:00","dateModified":"2020-12-31T17:24:46+00:00","mainEntityOfPage":{"@id":"https:\/\/www.bellunopress.it\/2020\/12\/23\/missione-lampo-di-fv-frangivento-negli-emirati-arabi-prima-del-lockdown-di-natale\/"},"wordCount":946,"publisher":{"@id":"https:\/\/www.bellunopress.it\/#organization"},"image":{"@id":"https:\/\/www.bellunopress.it\/2020\/12\/23\/missione-lampo-di-fv-frangivento-negli-emirati-arabi-prima-del-lockdown-di-natale\/#primaryimage"},"thumbnailUrl":"http:\/\/www.bellunopress.it\/wp-content\/uploads\/2020\/12\/FV-Frangivento-Asfane-Emirates-Palace-2_edited.jpg","articleSection":["Lavoro, Economia, Turismo","Prima Pagina"],"inLanguage":"fr-FR"},{"@type":"WebPage","@id":"https:\/\/www.bellunopress.it\/2020\/12\/23\/missione-lampo-di-fv-frangivento-negli-emirati-arabi-prima-del-lockdown-di-natale\/","url":"https:\/\/www.bellunopress.it\/2020\/12\/23\/missione-lampo-di-fv-frangivento-negli-emirati-arabi-prima-del-lockdown-di-natale\/","name":"Missione lampo di FV Frangivento negli Emirati Arabi prima del lockdown di Natale - Bellunopress - Dolomiti","isPartOf":{"@id":"https:\/\/www.bellunopress.it\/#website"},"primaryImageOfPage":{"@id":"https:\/\/www.bellunopress.it\/2020\/12\/23\/missione-lampo-di-fv-frangivento-negli-emirati-arabi-prima-del-lockdown-di-natale\/#primaryimage"},"image":{"@id":"https:\/\/www.bellunopress.it\/2020\/12\/23\/missione-lampo-di-fv-frangivento-negli-emirati-arabi-prima-del-lockdown-di-natale\/#primaryimage"},"thumbnailUrl":"http:\/\/www.bellunopress.it\/wp-content\/uploads\/2020\/12\/FV-Frangivento-Asfane-Emirates-Palace-2_edited.jpg","datePublished":"2020-12-23T17:14:02+00:00","dateModified":"2020-12-31T17:24:46+00:00","breadcrumb":{"@id":"https:\/\/www.bellunopress.it\/2020\/12\/23\/missione-lampo-di-fv-frangivento-negli-emirati-arabi-prima-del-lockdown-di-natale\/#breadcrumb"},"inLanguage":"fr-FR","potentialAction":[{"@type":"ReadAction","target":["https:\/\/www.bellunopress.it\/2020\/12\/23\/missione-lampo-di-fv-frangivento-negli-emirati-arabi-prima-del-lockdown-di-natale\/"]}]},{"@type":"ImageObject","inLanguage":"fr-FR","@id":"https:\/\/www.bellunopress.it\/2020\/12\/23\/missione-lampo-di-fv-frangivento-negli-emirati-arabi-prima-del-lockdown-di-natale\/#primaryimage","url":"http:\/\/www.bellunopress.it\/wp-content\/uploads\/2020\/12\/FV-Frangivento-Asfane-Emirates-Palace-2_edited.jpg","contentUrl":"http:\/\/www.bellunopress.it\/wp-content\/uploads\/2020\/12\/FV-Frangivento-Asfane-Emirates-Palace-2_edited.jpg"},{"@type":"BreadcrumbList","@id":"https:\/\/www.bellunopress.it\/2020\/12\/23\/missione-lampo-di-fv-frangivento-negli-emirati-arabi-prima-del-lockdown-di-natale\/#breadcrumb","itemListElement":[{"@type":"ListItem","position":1,"name":"Home","item":"https:\/\/www.bellunopress.it\/"},{"@type":"ListItem","position":2,"name":"Missione lampo di FV Frangivento negli Emirati Arabi prima del lockdown di Natale"}]},{"@type":"WebSite","@id":"https:\/\/www.bellunopress.it\/#website","url":"https:\/\/www.bellunopress.it\/","name":"Bellunopress - Dolomiti","description":"e-mail: redazione@bellunopress.it","publisher":{"@id":"https:\/\/www.bellunopress.it\/#organization"},"potentialAction":[{"@type":"SearchAction","target":{"@type":"EntryPoint","urlTemplate":"https:\/\/www.bellunopress.it\/?s={search_term_string}"},"query-input":{"@type":"PropertyValueSpecification","valueRequired":true,"valueName":"search_term_string"}}],"inLanguage":"fr-FR"},{"@type":"Organization","@id":"https:\/\/www.bellunopress.it\/#organization","name":"Bellunopress","url":"https:\/\/www.bellunopress.it\/","logo":{"@type":"ImageObject","inLanguage":"fr-FR","@id":"https:\/\/www.bellunopress.it\/#\/schema\/logo\/image\/","url":"https:\/\/www.bellunopress.it\/wp-content\/uploads\/2011\/05\/cropped-logo-bellunopress-.jpg","contentUrl":"https:\/\/www.bellunopress.it\/wp-content\/uploads\/2011\/05\/cropped-logo-bellunopress-.jpg","width":512,"height":512,"caption":"Bellunopress"},"image":{"@id":"https:\/\/www.bellunopress.it\/#\/schema\/logo\/image\/"},"sameAs":["https:\/\/www.facebook.com\/profile.php?id=100008943462799","https:\/\/x.com\/bellunopress","https:\/\/www.linkedin.com\/hp\/?dnr=JBzUWaJfMUw8vbXJJ2tVW5-I3jZKvC4wsoxE&amp;amp;amp;amp;amp;amp;trk=nav_responsive_tab_home","https:\/\/www.youtube.com\/channel\/UCxL0wu1uN0_3_7hGG0306cw"]},{"@type":"Person","@id":"https:\/\/www.bellunopress.it\/#\/schema\/person\/79bb06722b37ece1c03d3e94beb30d73","name":"r\u00e9daction","image":{"@type":"ImageObject","inLanguage":"fr-FR","@id":"https:\/\/secure.gravatar.com\/avatar\/37d968a2e67a6fd04c169c4bdef102d0bc5d31b2546345219e348575eb80e9a0?s=96&d=mm&r=g","url":"https:\/\/secure.gravatar.com\/avatar\/37d968a2e67a6fd04c169c4bdef102d0bc5d31b2546345219e348575eb80e9a0?s=96&d=mm&r=g","contentUrl":"https:\/\/secure.gravatar.com\/avatar\/37d968a2e67a6fd04c169c4bdef102d0bc5d31b2546345219e348575eb80e9a0?s=96&d=mm&r=g","caption":"redazione"},"sameAs":["http:\/\/www.bellunopress.it","https:\/\/x.com\/bellunopress"],"url":"https:\/\/www.bellunopress.it\/fr\/author\/redazione\/"}]}},"_links":{"self":[{"href":"https:\/\/www.bellunopress.it\/fr\/wp-json\/wp\/v2\/posts\/120549","targetHints":{"allow":["GET"]}}],"collection":[{"href":"https:\/\/www.bellunopress.it\/fr\/wp-json\/wp\/v2\/posts"}],"about":[{"href":"https:\/\/www.bellunopress.it\/fr\/wp-json\/wp\/v2\/types\/post"}],"author":[{"embeddable":true,"href":"https:\/\/www.bellunopress.it\/fr\/wp-json\/wp\/v2\/users\/2"}],"replies":[{"embeddable":true,"href":"https:\/\/www.bellunopress.it\/fr\/wp-json\/wp\/v2\/comments?post=120549"}],"version-history":[{"count":2,"href":"https:\/\/www.bellunopress.it\/fr\/wp-json\/wp\/v2\/posts\/120549\/revisions"}],"predecessor-version":[{"id":120553,"href":"https:\/\/www.bellunopress.it\/fr\/wp-json\/wp\/v2\/posts\/120549\/revisions\/120553"}],"wp:attachment":[{"href":"https:\/\/www.bellunopress.it\/fr\/wp-json\/wp\/v2\/media?parent=120549"}],"wp:term":[{"taxonomy":"category","embeddable":true,"href":"https:\/\/www.bellunopress.it\/fr\/wp-json\/wp\/v2\/categories?post=120549"},{"taxonomy":"post_tag","embeddable":true,"href":"https:\/\/www.bellunopress.it\/fr\/wp-json\/wp\/v2\/tags?post=120549"}],"curies":[{"name":"wp","href":"https:\/\/api.w.org\/{rel}","templated":true}]}}