{"id":12043,"date":"2010-02-01T16:56:28","date_gmt":"2010-02-01T15:56:28","guid":{"rendered":"http:\/\/www.bellunopress.it\/?p=12043"},"modified":"2010-02-01T16:56:28","modified_gmt":"2010-02-01T15:56:28","slug":"provincia-e-comuni-primo-incontro-per-l%e2%80%99estensione-del-nightbus","status":"publish","type":"post","link":"https:\/\/www.bellunopress.it\/fr\/2010\/02\/01\/provincia-e-comuni-primo-incontro-per-l%e2%80%99estensione-del-nightbus\/","title":{"rendered":"Provincia e Comuni: primo incontro per l\u2019estensione del Nightbus"},"content":{"rendered":"<figure id=\"attachment_6979\" aria-describedby=\"caption-attachment-6979\" style=\"width: 208px\" class=\"wp-caption alignleft\"><a href=\"http:\/\/www.bellunopress.it\/wp-content\/uploads\/2009\/08\/silver-de-zolt.jpg\"><img loading=\"lazy\" decoding=\"async\" class=\"size-medium wp-image-6979\" title=\"silver-de-zolt\" src=\"http:\/\/www.bellunopress.it\/wp-content\/uploads\/2009\/08\/silver-de-zolt.jpg\" alt=\"Silver De Zolt assessore provinciale ai Trasporti\" width=\"208\" height=\"240\" \/><\/a><figcaption id=\"caption-attachment-6979\" class=\"wp-caption-text\">Silver De Zolt assessore provinciale ai Trasporti<\/figcaption><\/figure>\n<p>Questa mattina, a Palazzo Piloni, il presidente Gianpaolo Bottacin e l\u2019assessore Silver De Zolt hanno incontrato i sindaci dei vari Comuni del Cadore per discutere la possibilit\u00e0 di estendere il servizio Nightbus anche in quelle aree ancora non coperte dalle linee notturne. Estendere il servizio garantito dal Nightbus e trovare delle forme di co-finanziamento con gli enti locali interessati. Questo quanto presentato oggi dal presidente Bottacin e dall\u2019assessore ai trasporti De Zolt ai quindici primi cittadini dell\u2019area cadorina.\u00abDalla ripresa del servizio, abbiamo potuto constatare che i numeri hanno pienamente promosso la nostra intenzione di ampliare un servizio dapprima limitato solo ad alcune zone molto ristrette della provincia &#8211; ha commentato Bottacin &#8211; . Per poter proseguire nel progetto, per\u00f2, \u00e8 ora necessario coinvolgere le amministrazioni comunali, giacch\u00e9 si render\u00e0 necessario un co-finanziamento con la Provincia per poter garantire il trasporto in notturna\u00bb. \u00abI sindaci si sono dimostrati interessati alla nostra proposta &#8211; ha spiegato De Zolt &#8211; . Abbiamo voluto analizzare insieme le possibili criticit\u00e0 della zona del Cadore, come per esempio la tratta Cortina &#8211; San Vito &#8211; Borca\u00bb. \u00abQuello di oggi non \u00e8 stato che il primo di una serie di incontri &#8211; ha concluso l\u2019assessore &#8211; . Gi\u00e0 domani ci sar\u00e0 una seconda riunione che coinvolger\u00e0 i sindaci della zona di Agordo; a seguire, il giorno 8 febbraio, incontreremo i rappresentanti del Comelico e poi (9 febbraio) quelli dell\u2019Alpago; il 15 ed il 16 chiuderemo con i primi cittadini della Val Belluna e poi con quelli del Feltrino\u00bb.<\/p>","protected":false},"excerpt":{"rendered":"<p>Questa mattina, a Palazzo Piloni, il presidente Gianpaolo Bottacin e l\u2019assessore Silver De Zolt hanno incontrato i sindaci dei vari Comuni del Cadore per discutere la possibilit\u00e0 di estendere il servizio Nightbus anche in quelle aree ancora non coperte dalle linee notturne. Estendere il servizio garantito dal Nightbus e trovare delle forme di co-finanziamento con [&hellip;]<\/p>\n","protected":false},"author":2,"featured_media":0,"comment_status":"closed","ping_status":"open","sticky":false,"template":"","format":"standard","meta":{"footnotes":""},"categories":[5,26],"tags":[139,151,2261],"class_list":["post-12043","post","type-post","status-publish","format-standard","category-cronaca","category-prima-pagina","tag-belluno","tag-cadore","tag-feltrino"],"yoast_head":"<!-- This site is optimized with the Yoast SEO plugin v28.4 - https:\/\/yoast.com\/product\/yoast-seo-wordpress\/ -->\n<title>Provincia e Comuni: primo incontro per l\u2019estensione del Nightbus - Bellunopress - Dolomiti<\/title>\n<meta name=\"robots\" content=\"index, follow, max-snippet:-1, max-image-preview:large, max-video-preview:-1\" \/>\n<link rel=\"canonical\" href=\"https:\/\/www.bellunopress.it\/fr\/2010\/02\/01\/provincia-e-comuni-primo-incontro-per-l\u2019estensione-del-nightbus\/\" \/>\n<meta property=\"og:locale\" content=\"fr_FR\" \/>\n<meta property=\"og:type\" content=\"article\" \/>\n<meta property=\"og:title\" content=\"Provincia e Comuni: primo incontro per l\u2019estensione del Nightbus - Bellunopress - Dolomiti\" \/>\n<meta property=\"og:description\" content=\"Questa mattina, a Palazzo Piloni, il presidente Gianpaolo Bottacin e l\u2019assessore Silver De Zolt hanno incontrato i sindaci dei vari Comuni del Cadore per discutere la possibilit\u00e0 di estendere il servizio Nightbus anche in quelle aree ancora non coperte dalle linee notturne. Estendere il servizio garantito dal Nightbus e trovare delle forme di co-finanziamento con [&hellip;]\" \/>\n<meta property=\"og:url\" content=\"https:\/\/www.bellunopress.it\/fr\/2010\/02\/01\/provincia-e-comuni-primo-incontro-per-l\u2019estensione-del-nightbus\/\" \/>\n<meta property=\"og:site_name\" content=\"Bellunopress - Dolomiti\" \/>\n<meta property=\"article:publisher\" content=\"https:\/\/www.facebook.com\/profile.php?id=100008943462799\" \/>\n<meta property=\"article:published_time\" content=\"2010-02-01T15:56:28+00:00\" \/>\n<meta property=\"og:image\" content=\"http:\/\/www.bellunopress.it\/wp-content\/uploads\/2009\/08\/silver-de-zolt.jpg\" \/>\n<meta name=\"author\" content=\"redazione\" \/>\n<meta name=\"twitter:card\" content=\"summary_large_image\" \/>\n<meta name=\"twitter:creator\" content=\"@bellunopress\" \/>\n<meta name=\"twitter:site\" content=\"@bellunopress\" \/>\n<meta name=\"twitter:label1\" content=\"\u00c9crit par\" \/>\n\t<meta name=\"twitter:data1\" content=\"redazione\" \/>\n\t<meta name=\"twitter:label2\" content=\"Dur\u00e9e de lecture estim\u00e9e\" \/>\n\t<meta name=\"twitter:data2\" content=\"1 minute\" \/>\n<script type=\"application\/ld+json\" class=\"yoast-schema-graph\">{\"@context\":\"https:\\\/\\\/schema.org\",\"@graph\":[{\"@type\":\"Article\",\"@id\":\"https:\\\/\\\/www.bellunopress.it\\\/2010\\\/02\\\/01\\\/provincia-e-comuni-primo-incontro-per-l%e2%80%99estensione-del-nightbus\\\/#article\",\"isPartOf\":{\"@id\":\"https:\\\/\\\/www.bellunopress.it\\\/2010\\\/02\\\/01\\\/provincia-e-comuni-primo-incontro-per-l%e2%80%99estensione-del-nightbus\\\/\"},\"author\":{\"name\":\"redazione\",\"@id\":\"https:\\\/\\\/www.bellunopress.it\\\/#\\\/schema\\\/person\\\/79bb06722b37ece1c03d3e94beb30d73\"},\"headline\":\"Provincia e Comuni: primo incontro per l\u2019estensione del Nightbus\",\"datePublished\":\"2010-02-01T15:56:28+00:00\",\"mainEntityOfPage\":{\"@id\":\"https:\\\/\\\/www.bellunopress.it\\\/2010\\\/02\\\/01\\\/provincia-e-comuni-primo-incontro-per-l%e2%80%99estensione-del-nightbus\\\/\"},\"wordCount\":273,\"publisher\":{\"@id\":\"https:\\\/\\\/www.bellunopress.it\\\/#organization\"},\"image\":{\"@id\":\"https:\\\/\\\/www.bellunopress.it\\\/2010\\\/02\\\/01\\\/provincia-e-comuni-primo-incontro-per-l%e2%80%99estensione-del-nightbus\\\/#primaryimage\"},\"thumbnailUrl\":\"http:\\\/\\\/www.bellunopress.it\\\/wp-content\\\/uploads\\\/2009\\\/08\\\/silver-de-zolt.jpg\",\"keywords\":[\"Belluno\",\"Cadore\",\"feltrino\"],\"articleSection\":[\"Cronaca\\\/Politica\",\"Prima Pagina\"],\"inLanguage\":\"fr-FR\"},{\"@type\":\"WebPage\",\"@id\":\"https:\\\/\\\/www.bellunopress.it\\\/2010\\\/02\\\/01\\\/provincia-e-comuni-primo-incontro-per-l%e2%80%99estensione-del-nightbus\\\/\",\"url\":\"https:\\\/\\\/www.bellunopress.it\\\/2010\\\/02\\\/01\\\/provincia-e-comuni-primo-incontro-per-l%e2%80%99estensione-del-nightbus\\\/\",\"name\":\"Provincia e Comuni: primo incontro per l\u2019estensione del Nightbus - Bellunopress - Dolomiti\",\"isPartOf\":{\"@id\":\"https:\\\/\\\/www.bellunopress.it\\\/#website\"},\"primaryImageOfPage\":{\"@id\":\"https:\\\/\\\/www.bellunopress.it\\\/2010\\\/02\\\/01\\\/provincia-e-comuni-primo-incontro-per-l%e2%80%99estensione-del-nightbus\\\/#primaryimage\"},\"image\":{\"@id\":\"https:\\\/\\\/www.bellunopress.it\\\/2010\\\/02\\\/01\\\/provincia-e-comuni-primo-incontro-per-l%e2%80%99estensione-del-nightbus\\\/#primaryimage\"},\"thumbnailUrl\":\"http:\\\/\\\/www.bellunopress.it\\\/wp-content\\\/uploads\\\/2009\\\/08\\\/silver-de-zolt.jpg\",\"datePublished\":\"2010-02-01T15:56:28+00:00\",\"breadcrumb\":{\"@id\":\"https:\\\/\\\/www.bellunopress.it\\\/2010\\\/02\\\/01\\\/provincia-e-comuni-primo-incontro-per-l%e2%80%99estensione-del-nightbus\\\/#breadcrumb\"},\"inLanguage\":\"fr-FR\",\"potentialAction\":[{\"@type\":\"ReadAction\",\"target\":[\"https:\\\/\\\/www.bellunopress.it\\\/2010\\\/02\\\/01\\\/provincia-e-comuni-primo-incontro-per-l%e2%80%99estensione-del-nightbus\\\/\"]}]},{\"@type\":\"ImageObject\",\"inLanguage\":\"fr-FR\",\"@id\":\"https:\\\/\\\/www.bellunopress.it\\\/2010\\\/02\\\/01\\\/provincia-e-comuni-primo-incontro-per-l%e2%80%99estensione-del-nightbus\\\/#primaryimage\",\"url\":\"http:\\\/\\\/www.bellunopress.it\\\/wp-content\\\/uploads\\\/2009\\\/08\\\/silver-de-zolt.jpg\",\"contentUrl\":\"http:\\\/\\\/www.bellunopress.it\\\/wp-content\\\/uploads\\\/2009\\\/08\\\/silver-de-zolt.jpg\"},{\"@type\":\"BreadcrumbList\",\"@id\":\"https:\\\/\\\/www.bellunopress.it\\\/2010\\\/02\\\/01\\\/provincia-e-comuni-primo-incontro-per-l%e2%80%99estensione-del-nightbus\\\/#breadcrumb\",\"itemListElement\":[{\"@type\":\"ListItem\",\"position\":1,\"name\":\"Home\",\"item\":\"https:\\\/\\\/www.bellunopress.it\\\/\"},{\"@type\":\"ListItem\",\"position\":2,\"name\":\"Provincia e Comuni: primo incontro per l\u2019estensione del Nightbus\"}]},{\"@type\":\"WebSite\",\"@id\":\"https:\\\/\\\/www.bellunopress.it\\\/#website\",\"url\":\"https:\\\/\\\/www.bellunopress.it\\\/\",\"name\":\"Bellunopress - Dolomiti\",\"description\":\"e-mail: redazione@bellunopress.it\",\"publisher\":{\"@id\":\"https:\\\/\\\/www.bellunopress.it\\\/#organization\"},\"potentialAction\":[{\"@type\":\"SearchAction\",\"target\":{\"@type\":\"EntryPoint\",\"urlTemplate\":\"https:\\\/\\\/www.bellunopress.it\\\/?s={search_term_string}\"},\"query-input\":{\"@type\":\"PropertyValueSpecification\",\"valueRequired\":true,\"valueName\":\"search_term_string\"}}],\"inLanguage\":\"fr-FR\"},{\"@type\":\"Organization\",\"@id\":\"https:\\\/\\\/www.bellunopress.it\\\/#organization\",\"name\":\"Bellunopress\",\"url\":\"https:\\\/\\\/www.bellunopress.it\\\/\",\"logo\":{\"@type\":\"ImageObject\",\"inLanguage\":\"fr-FR\",\"@id\":\"https:\\\/\\\/www.bellunopress.it\\\/#\\\/schema\\\/logo\\\/image\\\/\",\"url\":\"https:\\\/\\\/www.bellunopress.it\\\/wp-content\\\/uploads\\\/2011\\\/05\\\/cropped-logo-bellunopress-.jpg\",\"contentUrl\":\"https:\\\/\\\/www.bellunopress.it\\\/wp-content\\\/uploads\\\/2011\\\/05\\\/cropped-logo-bellunopress-.jpg\",\"width\":512,\"height\":512,\"caption\":\"Bellunopress\"},\"image\":{\"@id\":\"https:\\\/\\\/www.bellunopress.it\\\/#\\\/schema\\\/logo\\\/image\\\/\"},\"sameAs\":[\"https:\\\/\\\/www.facebook.com\\\/profile.php?id=100008943462799\",\"https:\\\/\\\/x.com\\\/bellunopress\",\"https:\\\/\\\/www.linkedin.com\\\/hp\\\/?dnr=JBzUWaJfMUw8vbXJJ2tVW5-I3jZKvC4wsoxE&amp;amp;amp;amp;amp;amp;trk=nav_responsive_tab_home\",\"https:\\\/\\\/www.youtube.com\\\/channel\\\/UCxL0wu1uN0_3_7hGG0306cw\"]},{\"@type\":\"Person\",\"@id\":\"https:\\\/\\\/www.bellunopress.it\\\/#\\\/schema\\\/person\\\/79bb06722b37ece1c03d3e94beb30d73\",\"name\":\"redazione\",\"image\":{\"@type\":\"ImageObject\",\"inLanguage\":\"fr-FR\",\"@id\":\"https:\\\/\\\/secure.gravatar.com\\\/avatar\\\/37d968a2e67a6fd04c169c4bdef102d0bc5d31b2546345219e348575eb80e9a0?s=96&d=mm&r=g\",\"url\":\"https:\\\/\\\/secure.gravatar.com\\\/avatar\\\/37d968a2e67a6fd04c169c4bdef102d0bc5d31b2546345219e348575eb80e9a0?s=96&d=mm&r=g\",\"contentUrl\":\"https:\\\/\\\/secure.gravatar.com\\\/avatar\\\/37d968a2e67a6fd04c169c4bdef102d0bc5d31b2546345219e348575eb80e9a0?s=96&d=mm&r=g\",\"caption\":\"redazione\"},\"sameAs\":[\"http:\\\/\\\/www.bellunopress.it\",\"https:\\\/\\\/x.com\\\/bellunopress\"],\"url\":\"https:\\\/\\\/www.bellunopress.it\\\/fr\\\/author\\\/redazione\\\/\"}]}<\/script>\n<!-- \/ Yoast SEO plugin. -->","yoast_head_json":{"title":"Provincia e Comuni: primo incontro per l\u2019estensione del Nightbus - Bellunopress - Dolomiti","robots":{"index":"index","follow":"follow","max-snippet":"max-snippet:-1","max-image-preview":"max-image-preview:large","max-video-preview":"max-video-preview:-1"},"canonical":"https:\/\/www.bellunopress.it\/fr\/2010\/02\/01\/provincia-e-comuni-primo-incontro-per-l\u2019estensione-del-nightbus\/","og_locale":"fr_FR","og_type":"article","og_title":"Provincia e Comuni: primo incontro per l\u2019estensione del Nightbus - Bellunopress - Dolomiti","og_description":"Questa mattina, a Palazzo Piloni, il presidente Gianpaolo Bottacin e l\u2019assessore Silver De Zolt hanno incontrato i sindaci dei vari Comuni del Cadore per discutere la possibilit\u00e0 di estendere il servizio Nightbus anche in quelle aree ancora non coperte dalle linee notturne. Estendere il servizio garantito dal Nightbus e trovare delle forme di co-finanziamento con [&hellip;]","og_url":"https:\/\/www.bellunopress.it\/fr\/2010\/02\/01\/provincia-e-comuni-primo-incontro-per-l\u2019estensione-del-nightbus\/","og_site_name":"Bellunopress - Dolomiti","article_publisher":"https:\/\/www.facebook.com\/profile.php?id=100008943462799","article_published_time":"2010-02-01T15:56:28+00:00","og_image":[{"url":"http:\/\/www.bellunopress.it\/wp-content\/uploads\/2009\/08\/silver-de-zolt.jpg","type":"","width":"","height":""}],"author":"redazione","twitter_card":"summary_large_image","twitter_creator":"@bellunopress","twitter_site":"@bellunopress","twitter_misc":{"\u00c9crit par":"redazione","Dur\u00e9e de lecture estim\u00e9e":"1 minute"},"schema":{"@context":"https:\/\/schema.org","@graph":[{"@type":"Article","@id":"https:\/\/www.bellunopress.it\/2010\/02\/01\/provincia-e-comuni-primo-incontro-per-l%e2%80%99estensione-del-nightbus\/#article","isPartOf":{"@id":"https:\/\/www.bellunopress.it\/2010\/02\/01\/provincia-e-comuni-primo-incontro-per-l%e2%80%99estensione-del-nightbus\/"},"author":{"name":"redazione","@id":"https:\/\/www.bellunopress.it\/#\/schema\/person\/79bb06722b37ece1c03d3e94beb30d73"},"headline":"Provincia e Comuni: primo incontro per l\u2019estensione del Nightbus","datePublished":"2010-02-01T15:56:28+00:00","mainEntityOfPage":{"@id":"https:\/\/www.bellunopress.it\/2010\/02\/01\/provincia-e-comuni-primo-incontro-per-l%e2%80%99estensione-del-nightbus\/"},"wordCount":273,"publisher":{"@id":"https:\/\/www.bellunopress.it\/#organization"},"image":{"@id":"https:\/\/www.bellunopress.it\/2010\/02\/01\/provincia-e-comuni-primo-incontro-per-l%e2%80%99estensione-del-nightbus\/#primaryimage"},"thumbnailUrl":"http:\/\/www.bellunopress.it\/wp-content\/uploads\/2009\/08\/silver-de-zolt.jpg","keywords":["Belluno","Cadore","feltrino"],"articleSection":["Cronaca\/Politica","Prima Pagina"],"inLanguage":"fr-FR"},{"@type":"WebPage","@id":"https:\/\/www.bellunopress.it\/2010\/02\/01\/provincia-e-comuni-primo-incontro-per-l%e2%80%99estensione-del-nightbus\/","url":"https:\/\/www.bellunopress.it\/2010\/02\/01\/provincia-e-comuni-primo-incontro-per-l%e2%80%99estensione-del-nightbus\/","name":"Provincia e Comuni: primo incontro per l\u2019estensione del Nightbus - Bellunopress - Dolomiti","isPartOf":{"@id":"https:\/\/www.bellunopress.it\/#website"},"primaryImageOfPage":{"@id":"https:\/\/www.bellunopress.it\/2010\/02\/01\/provincia-e-comuni-primo-incontro-per-l%e2%80%99estensione-del-nightbus\/#primaryimage"},"image":{"@id":"https:\/\/www.bellunopress.it\/2010\/02\/01\/provincia-e-comuni-primo-incontro-per-l%e2%80%99estensione-del-nightbus\/#primaryimage"},"thumbnailUrl":"http:\/\/www.bellunopress.it\/wp-content\/uploads\/2009\/08\/silver-de-zolt.jpg","datePublished":"2010-02-01T15:56:28+00:00","breadcrumb":{"@id":"https:\/\/www.bellunopress.it\/2010\/02\/01\/provincia-e-comuni-primo-incontro-per-l%e2%80%99estensione-del-nightbus\/#breadcrumb"},"inLanguage":"fr-FR","potentialAction":[{"@type":"ReadAction","target":["https:\/\/www.bellunopress.it\/2010\/02\/01\/provincia-e-comuni-primo-incontro-per-l%e2%80%99estensione-del-nightbus\/"]}]},{"@type":"ImageObject","inLanguage":"fr-FR","@id":"https:\/\/www.bellunopress.it\/2010\/02\/01\/provincia-e-comuni-primo-incontro-per-l%e2%80%99estensione-del-nightbus\/#primaryimage","url":"http:\/\/www.bellunopress.it\/wp-content\/uploads\/2009\/08\/silver-de-zolt.jpg","contentUrl":"http:\/\/www.bellunopress.it\/wp-content\/uploads\/2009\/08\/silver-de-zolt.jpg"},{"@type":"BreadcrumbList","@id":"https:\/\/www.bellunopress.it\/2010\/02\/01\/provincia-e-comuni-primo-incontro-per-l%e2%80%99estensione-del-nightbus\/#breadcrumb","itemListElement":[{"@type":"ListItem","position":1,"name":"Home","item":"https:\/\/www.bellunopress.it\/"},{"@type":"ListItem","position":2,"name":"Provincia e Comuni: primo incontro per l\u2019estensione del Nightbus"}]},{"@type":"WebSite","@id":"https:\/\/www.bellunopress.it\/#website","url":"https:\/\/www.bellunopress.it\/","name":"Bellunopress - Dolomiti","description":"e-mail: redazione@bellunopress.it","publisher":{"@id":"https:\/\/www.bellunopress.it\/#organization"},"potentialAction":[{"@type":"SearchAction","target":{"@type":"EntryPoint","urlTemplate":"https:\/\/www.bellunopress.it\/?s={search_term_string}"},"query-input":{"@type":"PropertyValueSpecification","valueRequired":true,"valueName":"search_term_string"}}],"inLanguage":"fr-FR"},{"@type":"Organization","@id":"https:\/\/www.bellunopress.it\/#organization","name":"Bellunopress","url":"https:\/\/www.bellunopress.it\/","logo":{"@type":"ImageObject","inLanguage":"fr-FR","@id":"https:\/\/www.bellunopress.it\/#\/schema\/logo\/image\/","url":"https:\/\/www.bellunopress.it\/wp-content\/uploads\/2011\/05\/cropped-logo-bellunopress-.jpg","contentUrl":"https:\/\/www.bellunopress.it\/wp-content\/uploads\/2011\/05\/cropped-logo-bellunopress-.jpg","width":512,"height":512,"caption":"Bellunopress"},"image":{"@id":"https:\/\/www.bellunopress.it\/#\/schema\/logo\/image\/"},"sameAs":["https:\/\/www.facebook.com\/profile.php?id=100008943462799","https:\/\/x.com\/bellunopress","https:\/\/www.linkedin.com\/hp\/?dnr=JBzUWaJfMUw8vbXJJ2tVW5-I3jZKvC4wsoxE&amp;amp;amp;amp;amp;amp;trk=nav_responsive_tab_home","https:\/\/www.youtube.com\/channel\/UCxL0wu1uN0_3_7hGG0306cw"]},{"@type":"Person","@id":"https:\/\/www.bellunopress.it\/#\/schema\/person\/79bb06722b37ece1c03d3e94beb30d73","name":"r\u00e9daction","image":{"@type":"ImageObject","inLanguage":"fr-FR","@id":"https:\/\/secure.gravatar.com\/avatar\/37d968a2e67a6fd04c169c4bdef102d0bc5d31b2546345219e348575eb80e9a0?s=96&d=mm&r=g","url":"https:\/\/secure.gravatar.com\/avatar\/37d968a2e67a6fd04c169c4bdef102d0bc5d31b2546345219e348575eb80e9a0?s=96&d=mm&r=g","contentUrl":"https:\/\/secure.gravatar.com\/avatar\/37d968a2e67a6fd04c169c4bdef102d0bc5d31b2546345219e348575eb80e9a0?s=96&d=mm&r=g","caption":"redazione"},"sameAs":["http:\/\/www.bellunopress.it","https:\/\/x.com\/bellunopress"],"url":"https:\/\/www.bellunopress.it\/fr\/author\/redazione\/"}]}},"_links":{"self":[{"href":"https:\/\/www.bellunopress.it\/fr\/wp-json\/wp\/v2\/posts\/12043","targetHints":{"allow":["GET"]}}],"collection":[{"href":"https:\/\/www.bellunopress.it\/fr\/wp-json\/wp\/v2\/posts"}],"about":[{"href":"https:\/\/www.bellunopress.it\/fr\/wp-json\/wp\/v2\/types\/post"}],"author":[{"embeddable":true,"href":"https:\/\/www.bellunopress.it\/fr\/wp-json\/wp\/v2\/users\/2"}],"replies":[{"embeddable":true,"href":"https:\/\/www.bellunopress.it\/fr\/wp-json\/wp\/v2\/comments?post=12043"}],"version-history":[{"count":1,"href":"https:\/\/www.bellunopress.it\/fr\/wp-json\/wp\/v2\/posts\/12043\/revisions"}],"predecessor-version":[{"id":12044,"href":"https:\/\/www.bellunopress.it\/fr\/wp-json\/wp\/v2\/posts\/12043\/revisions\/12044"}],"wp:attachment":[{"href":"https:\/\/www.bellunopress.it\/fr\/wp-json\/wp\/v2\/media?parent=12043"}],"wp:term":[{"taxonomy":"category","embeddable":true,"href":"https:\/\/www.bellunopress.it\/fr\/wp-json\/wp\/v2\/categories?post=12043"},{"taxonomy":"post_tag","embeddable":true,"href":"https:\/\/www.bellunopress.it\/fr\/wp-json\/wp\/v2\/tags?post=12043"}],"curies":[{"name":"wp","href":"https:\/\/api.w.org\/{rel}","templated":true}]}}