{"id":120417,"date":"2020-12-27T14:37:22","date_gmt":"2020-12-27T13:37:22","guid":{"rendered":"http:\/\/www.bellunopress.it\/?p=120417"},"modified":"2020-12-27T14:39:27","modified_gmt":"2020-12-27T13:39:27","slug":"previste-nevicate-in-tutta-la-provincia-divieto-di-circolazione-dei-mezzi-pesanti","status":"publish","type":"post","link":"https:\/\/www.bellunopress.it\/fr\/2020\/12\/27\/previste-nevicate-in-tutta-la-provincia-divieto-di-circolazione-dei-mezzi-pesanti\/","title":{"rendered":"Previste nevicate in tutta la provincia. Luned\u00ec divieto di circolazione dei mezzi pesanti"},"content":{"rendered":"<p><a href=\"http:\/\/www.bellunopress.it\/fr\/2020\/02\/28\/coronavirus-incontro-in-prefettura-tra-istituzioni-categorie-e-sindacati\/prefettura-005\/\" rel=\"attachment wp-att-112541\"><img loading=\"lazy\" decoding=\"async\" class=\"alignleft size-full wp-image-112541\" src=\"http:\/\/www.bellunopress.it\/wp-content\/uploads\/2020\/02\/prefettura-005.jpg\" alt=\"\" width=\"667\" height=\"1000\" srcset=\"https:\/\/www.bellunopress.it\/wp-content\/uploads\/2020\/02\/prefettura-005.jpg 667w, https:\/\/www.bellunopress.it\/wp-content\/uploads\/2020\/02\/prefettura-005-334x500.jpg 334w, https:\/\/www.bellunopress.it\/wp-content\/uploads\/2020\/02\/prefettura-005-280x420.jpg 280w\" sizes=\"auto, (max-width: 667px) 100vw, 667px\" \/><\/a>Belluno, 27 dicembre 2020 &#8211; Il Centro Funzionale Decentrato della Regione Veneto ha comunicato che, nella giornata di domani, luned\u00ec 28 dicembre, l\u2019intero territorio provinciale sar\u00e0 interessato da una perturbazione che porter\u00e0 nevicate in tutta la provincia con accumuli significativi anche nei fondovalle.<br \/>\nIn considerazione di ci\u00f2, il prefetto di Belluno, Adriana Cogode, ha disposto \u2013 su proposta del Comitato Operativo per la Viabilit\u00e0 \u2013 il divieto di circolazione dei veicoli commerciali (esclusi pertanto i mezzi del trasporto pubblico urbano ed extraurbano purch\u00e9 equipaggiato con idonei presidi o catene da neve) con massa superiore a 7,5 t., ivi compreso il transito dei trasporti e veicoli eccezionali, dalle ore 00.00 del 28 dicembre 2020 alle ore 05.00 del 29 dicembre 2020 lungo tutta la rete viaria ordinaria della provincia di Belluno.<\/p>","protected":false},"excerpt":{"rendered":"<p>Belluno, 27 dicembre 2020 &#8211; Il Centro Funzionale Decentrato della Regione Veneto ha comunicato che, nella giornata di domani, luned\u00ec 28 dicembre, l\u2019intero territorio provinciale sar\u00e0 interessato da una perturbazione che porter\u00e0 nevicate in tutta la provincia con accumuli significativi anche nei fondovalle. In considerazione di ci\u00f2, il prefetto di Belluno, Adriana Cogode, ha disposto [&hellip;]<\/p>\n","protected":false},"author":2,"featured_media":112541,"comment_status":"closed","ping_status":"open","sticky":false,"template":"","format":"standard","meta":{"footnotes":""},"categories":[26,8],"tags":[],"class_list":["post-120417","post","type-post","status-publish","format-standard","has-post-thumbnail","category-prima-pagina","category-societa-istituzioni"],"yoast_head":"<!-- This site is optimized with the Yoast SEO plugin v28.4 - https:\/\/yoast.com\/product\/yoast-seo-wordpress\/ -->\n<title>Previste nevicate in tutta la provincia. Luned\u00ec divieto di circolazione dei mezzi pesanti - Bellunopress - Dolomiti<\/title>\n<meta name=\"robots\" content=\"index, follow, max-snippet:-1, max-image-preview:large, max-video-preview:-1\" \/>\n<link rel=\"canonical\" href=\"https:\/\/www.bellunopress.it\/fr\/2020\/12\/27\/previste-nevicate-in-tutta-la-provincia-divieto-di-circolazione-dei-mezzi-pesanti\/\" \/>\n<meta property=\"og:locale\" content=\"fr_FR\" \/>\n<meta property=\"og:type\" content=\"article\" \/>\n<meta property=\"og:title\" content=\"Previste nevicate in tutta la provincia. Luned\u00ec divieto di circolazione dei mezzi pesanti - Bellunopress - Dolomiti\" \/>\n<meta property=\"og:description\" content=\"Belluno, 27 dicembre 2020 &#8211; Il Centro Funzionale Decentrato della Regione Veneto ha comunicato che, nella giornata di domani, luned\u00ec 28 dicembre, l\u2019intero territorio provinciale sar\u00e0 interessato da una perturbazione che porter\u00e0 nevicate in tutta la provincia con accumuli significativi anche nei fondovalle. In considerazione di ci\u00f2, il prefetto di Belluno, Adriana Cogode, ha disposto [&hellip;]\" \/>\n<meta property=\"og:url\" content=\"https:\/\/www.bellunopress.it\/fr\/2020\/12\/27\/previste-nevicate-in-tutta-la-provincia-divieto-di-circolazione-dei-mezzi-pesanti\/\" \/>\n<meta property=\"og:site_name\" content=\"Bellunopress - Dolomiti\" \/>\n<meta property=\"article:publisher\" content=\"https:\/\/www.facebook.com\/profile.php?id=100008943462799\" \/>\n<meta property=\"article:published_time\" content=\"2020-12-27T13:37:22+00:00\" \/>\n<meta property=\"article:modified_time\" content=\"2020-12-27T13:39:27+00:00\" \/>\n<meta property=\"og:image\" content=\"https:\/\/www.bellunopress.it\/wp-content\/uploads\/2020\/02\/prefettura-005.jpg\" \/>\n\t<meta property=\"og:image:width\" content=\"667\" \/>\n\t<meta property=\"og:image:height\" content=\"1000\" \/>\n\t<meta property=\"og:image:type\" content=\"image\/jpeg\" \/>\n<meta name=\"author\" content=\"redazione\" \/>\n<meta name=\"twitter:card\" content=\"summary_large_image\" \/>\n<meta name=\"twitter:creator\" content=\"@bellunopress\" \/>\n<meta name=\"twitter:site\" content=\"@bellunopress\" \/>\n<meta name=\"twitter:label1\" content=\"\u00c9crit par\" \/>\n\t<meta name=\"twitter:data1\" content=\"redazione\" \/>\n\t<meta name=\"twitter:label2\" content=\"Dur\u00e9e de lecture estim\u00e9e\" \/>\n\t<meta name=\"twitter:data2\" content=\"1 minute\" \/>\n<script type=\"application\/ld+json\" class=\"yoast-schema-graph\">{\"@context\":\"https:\\\/\\\/schema.org\",\"@graph\":[{\"@type\":\"Article\",\"@id\":\"https:\\\/\\\/www.bellunopress.it\\\/2020\\\/12\\\/27\\\/previste-nevicate-in-tutta-la-provincia-divieto-di-circolazione-dei-mezzi-pesanti\\\/#article\",\"isPartOf\":{\"@id\":\"https:\\\/\\\/www.bellunopress.it\\\/2020\\\/12\\\/27\\\/previste-nevicate-in-tutta-la-provincia-divieto-di-circolazione-dei-mezzi-pesanti\\\/\"},\"author\":{\"name\":\"redazione\",\"@id\":\"https:\\\/\\\/www.bellunopress.it\\\/#\\\/schema\\\/person\\\/79bb06722b37ece1c03d3e94beb30d73\"},\"headline\":\"Previste nevicate in tutta la provincia. Luned\u00ec divieto di circolazione dei mezzi pesanti\",\"datePublished\":\"2020-12-27T13:37:22+00:00\",\"dateModified\":\"2020-12-27T13:39:27+00:00\",\"mainEntityOfPage\":{\"@id\":\"https:\\\/\\\/www.bellunopress.it\\\/2020\\\/12\\\/27\\\/previste-nevicate-in-tutta-la-provincia-divieto-di-circolazione-dei-mezzi-pesanti\\\/\"},\"wordCount\":132,\"publisher\":{\"@id\":\"https:\\\/\\\/www.bellunopress.it\\\/#organization\"},\"image\":{\"@id\":\"https:\\\/\\\/www.bellunopress.it\\\/2020\\\/12\\\/27\\\/previste-nevicate-in-tutta-la-provincia-divieto-di-circolazione-dei-mezzi-pesanti\\\/#primaryimage\"},\"thumbnailUrl\":\"https:\\\/\\\/www.bellunopress.it\\\/wp-content\\\/uploads\\\/2020\\\/02\\\/prefettura-005.jpg\",\"articleSection\":[\"Prima Pagina\",\"Societ\u00e0, Associazioni, Istituzioni\"],\"inLanguage\":\"fr-FR\"},{\"@type\":\"WebPage\",\"@id\":\"https:\\\/\\\/www.bellunopress.it\\\/2020\\\/12\\\/27\\\/previste-nevicate-in-tutta-la-provincia-divieto-di-circolazione-dei-mezzi-pesanti\\\/\",\"url\":\"https:\\\/\\\/www.bellunopress.it\\\/2020\\\/12\\\/27\\\/previste-nevicate-in-tutta-la-provincia-divieto-di-circolazione-dei-mezzi-pesanti\\\/\",\"name\":\"Previste nevicate in tutta la provincia. Luned\u00ec divieto di circolazione dei mezzi pesanti - Bellunopress - Dolomiti\",\"isPartOf\":{\"@id\":\"https:\\\/\\\/www.bellunopress.it\\\/#website\"},\"primaryImageOfPage\":{\"@id\":\"https:\\\/\\\/www.bellunopress.it\\\/2020\\\/12\\\/27\\\/previste-nevicate-in-tutta-la-provincia-divieto-di-circolazione-dei-mezzi-pesanti\\\/#primaryimage\"},\"image\":{\"@id\":\"https:\\\/\\\/www.bellunopress.it\\\/2020\\\/12\\\/27\\\/previste-nevicate-in-tutta-la-provincia-divieto-di-circolazione-dei-mezzi-pesanti\\\/#primaryimage\"},\"thumbnailUrl\":\"https:\\\/\\\/www.bellunopress.it\\\/wp-content\\\/uploads\\\/2020\\\/02\\\/prefettura-005.jpg\",\"datePublished\":\"2020-12-27T13:37:22+00:00\",\"dateModified\":\"2020-12-27T13:39:27+00:00\",\"breadcrumb\":{\"@id\":\"https:\\\/\\\/www.bellunopress.it\\\/2020\\\/12\\\/27\\\/previste-nevicate-in-tutta-la-provincia-divieto-di-circolazione-dei-mezzi-pesanti\\\/#breadcrumb\"},\"inLanguage\":\"fr-FR\",\"potentialAction\":[{\"@type\":\"ReadAction\",\"target\":[\"https:\\\/\\\/www.bellunopress.it\\\/2020\\\/12\\\/27\\\/previste-nevicate-in-tutta-la-provincia-divieto-di-circolazione-dei-mezzi-pesanti\\\/\"]}]},{\"@type\":\"ImageObject\",\"inLanguage\":\"fr-FR\",\"@id\":\"https:\\\/\\\/www.bellunopress.it\\\/2020\\\/12\\\/27\\\/previste-nevicate-in-tutta-la-provincia-divieto-di-circolazione-dei-mezzi-pesanti\\\/#primaryimage\",\"url\":\"https:\\\/\\\/www.bellunopress.it\\\/wp-content\\\/uploads\\\/2020\\\/02\\\/prefettura-005.jpg\",\"contentUrl\":\"https:\\\/\\\/www.bellunopress.it\\\/wp-content\\\/uploads\\\/2020\\\/02\\\/prefettura-005.jpg\",\"width\":667,\"height\":1000,\"caption\":\"Prefettura di Belluno\"},{\"@type\":\"BreadcrumbList\",\"@id\":\"https:\\\/\\\/www.bellunopress.it\\\/2020\\\/12\\\/27\\\/previste-nevicate-in-tutta-la-provincia-divieto-di-circolazione-dei-mezzi-pesanti\\\/#breadcrumb\",\"itemListElement\":[{\"@type\":\"ListItem\",\"position\":1,\"name\":\"Home\",\"item\":\"https:\\\/\\\/www.bellunopress.it\\\/\"},{\"@type\":\"ListItem\",\"position\":2,\"name\":\"Previste nevicate in tutta la provincia. Luned\u00ec divieto di circolazione dei mezzi pesanti\"}]},{\"@type\":\"WebSite\",\"@id\":\"https:\\\/\\\/www.bellunopress.it\\\/#website\",\"url\":\"https:\\\/\\\/www.bellunopress.it\\\/\",\"name\":\"Bellunopress - Dolomiti\",\"description\":\"e-mail: redazione@bellunopress.it\",\"publisher\":{\"@id\":\"https:\\\/\\\/www.bellunopress.it\\\/#organization\"},\"potentialAction\":[{\"@type\":\"SearchAction\",\"target\":{\"@type\":\"EntryPoint\",\"urlTemplate\":\"https:\\\/\\\/www.bellunopress.it\\\/?s={search_term_string}\"},\"query-input\":{\"@type\":\"PropertyValueSpecification\",\"valueRequired\":true,\"valueName\":\"search_term_string\"}}],\"inLanguage\":\"fr-FR\"},{\"@type\":\"Organization\",\"@id\":\"https:\\\/\\\/www.bellunopress.it\\\/#organization\",\"name\":\"Bellunopress\",\"url\":\"https:\\\/\\\/www.bellunopress.it\\\/\",\"logo\":{\"@type\":\"ImageObject\",\"inLanguage\":\"fr-FR\",\"@id\":\"https:\\\/\\\/www.bellunopress.it\\\/#\\\/schema\\\/logo\\\/image\\\/\",\"url\":\"https:\\\/\\\/www.bellunopress.it\\\/wp-content\\\/uploads\\\/2011\\\/05\\\/cropped-logo-bellunopress-.jpg\",\"contentUrl\":\"https:\\\/\\\/www.bellunopress.it\\\/wp-content\\\/uploads\\\/2011\\\/05\\\/cropped-logo-bellunopress-.jpg\",\"width\":512,\"height\":512,\"caption\":\"Bellunopress\"},\"image\":{\"@id\":\"https:\\\/\\\/www.bellunopress.it\\\/#\\\/schema\\\/logo\\\/image\\\/\"},\"sameAs\":[\"https:\\\/\\\/www.facebook.com\\\/profile.php?id=100008943462799\",\"https:\\\/\\\/x.com\\\/bellunopress\",\"https:\\\/\\\/www.linkedin.com\\\/hp\\\/?dnr=JBzUWaJfMUw8vbXJJ2tVW5-I3jZKvC4wsoxE&amp;amp;amp;amp;amp;amp;trk=nav_responsive_tab_home\",\"https:\\\/\\\/www.youtube.com\\\/channel\\\/UCxL0wu1uN0_3_7hGG0306cw\"]},{\"@type\":\"Person\",\"@id\":\"https:\\\/\\\/www.bellunopress.it\\\/#\\\/schema\\\/person\\\/79bb06722b37ece1c03d3e94beb30d73\",\"name\":\"redazione\",\"image\":{\"@type\":\"ImageObject\",\"inLanguage\":\"fr-FR\",\"@id\":\"https:\\\/\\\/secure.gravatar.com\\\/avatar\\\/37d968a2e67a6fd04c169c4bdef102d0bc5d31b2546345219e348575eb80e9a0?s=96&d=mm&r=g\",\"url\":\"https:\\\/\\\/secure.gravatar.com\\\/avatar\\\/37d968a2e67a6fd04c169c4bdef102d0bc5d31b2546345219e348575eb80e9a0?s=96&d=mm&r=g\",\"contentUrl\":\"https:\\\/\\\/secure.gravatar.com\\\/avatar\\\/37d968a2e67a6fd04c169c4bdef102d0bc5d31b2546345219e348575eb80e9a0?s=96&d=mm&r=g\",\"caption\":\"redazione\"},\"sameAs\":[\"http:\\\/\\\/www.bellunopress.it\",\"https:\\\/\\\/x.com\\\/bellunopress\"],\"url\":\"https:\\\/\\\/www.bellunopress.it\\\/fr\\\/author\\\/redazione\\\/\"}]}<\/script>\n<!-- \/ Yoast SEO plugin. -->","yoast_head_json":{"title":"Previste nevicate in tutta la provincia. Luned\u00ec divieto di circolazione dei mezzi pesanti - Bellunopress - Dolomiti","robots":{"index":"index","follow":"follow","max-snippet":"max-snippet:-1","max-image-preview":"max-image-preview:large","max-video-preview":"max-video-preview:-1"},"canonical":"https:\/\/www.bellunopress.it\/fr\/2020\/12\/27\/previste-nevicate-in-tutta-la-provincia-divieto-di-circolazione-dei-mezzi-pesanti\/","og_locale":"fr_FR","og_type":"article","og_title":"Previste nevicate in tutta la provincia. Luned\u00ec divieto di circolazione dei mezzi pesanti - Bellunopress - Dolomiti","og_description":"Belluno, 27 dicembre 2020 &#8211; Il Centro Funzionale Decentrato della Regione Veneto ha comunicato che, nella giornata di domani, luned\u00ec 28 dicembre, l\u2019intero territorio provinciale sar\u00e0 interessato da una perturbazione che porter\u00e0 nevicate in tutta la provincia con accumuli significativi anche nei fondovalle. In considerazione di ci\u00f2, il prefetto di Belluno, Adriana Cogode, ha disposto [&hellip;]","og_url":"https:\/\/www.bellunopress.it\/fr\/2020\/12\/27\/previste-nevicate-in-tutta-la-provincia-divieto-di-circolazione-dei-mezzi-pesanti\/","og_site_name":"Bellunopress - Dolomiti","article_publisher":"https:\/\/www.facebook.com\/profile.php?id=100008943462799","article_published_time":"2020-12-27T13:37:22+00:00","article_modified_time":"2020-12-27T13:39:27+00:00","og_image":[{"width":667,"height":1000,"url":"https:\/\/www.bellunopress.it\/wp-content\/uploads\/2020\/02\/prefettura-005.jpg","type":"image\/jpeg"}],"author":"redazione","twitter_card":"summary_large_image","twitter_creator":"@bellunopress","twitter_site":"@bellunopress","twitter_misc":{"\u00c9crit par":"redazione","Dur\u00e9e de lecture estim\u00e9e":"1 minute"},"schema":{"@context":"https:\/\/schema.org","@graph":[{"@type":"Article","@id":"https:\/\/www.bellunopress.it\/2020\/12\/27\/previste-nevicate-in-tutta-la-provincia-divieto-di-circolazione-dei-mezzi-pesanti\/#article","isPartOf":{"@id":"https:\/\/www.bellunopress.it\/2020\/12\/27\/previste-nevicate-in-tutta-la-provincia-divieto-di-circolazione-dei-mezzi-pesanti\/"},"author":{"name":"redazione","@id":"https:\/\/www.bellunopress.it\/#\/schema\/person\/79bb06722b37ece1c03d3e94beb30d73"},"headline":"Previste nevicate in tutta la provincia. Luned\u00ec divieto di circolazione dei mezzi pesanti","datePublished":"2020-12-27T13:37:22+00:00","dateModified":"2020-12-27T13:39:27+00:00","mainEntityOfPage":{"@id":"https:\/\/www.bellunopress.it\/2020\/12\/27\/previste-nevicate-in-tutta-la-provincia-divieto-di-circolazione-dei-mezzi-pesanti\/"},"wordCount":132,"publisher":{"@id":"https:\/\/www.bellunopress.it\/#organization"},"image":{"@id":"https:\/\/www.bellunopress.it\/2020\/12\/27\/previste-nevicate-in-tutta-la-provincia-divieto-di-circolazione-dei-mezzi-pesanti\/#primaryimage"},"thumbnailUrl":"https:\/\/www.bellunopress.it\/wp-content\/uploads\/2020\/02\/prefettura-005.jpg","articleSection":["Prima Pagina","Societ\u00e0, Associazioni, Istituzioni"],"inLanguage":"fr-FR"},{"@type":"WebPage","@id":"https:\/\/www.bellunopress.it\/2020\/12\/27\/previste-nevicate-in-tutta-la-provincia-divieto-di-circolazione-dei-mezzi-pesanti\/","url":"https:\/\/www.bellunopress.it\/2020\/12\/27\/previste-nevicate-in-tutta-la-provincia-divieto-di-circolazione-dei-mezzi-pesanti\/","name":"Previste nevicate in tutta la provincia. Luned\u00ec divieto di circolazione dei mezzi pesanti - Bellunopress - Dolomiti","isPartOf":{"@id":"https:\/\/www.bellunopress.it\/#website"},"primaryImageOfPage":{"@id":"https:\/\/www.bellunopress.it\/2020\/12\/27\/previste-nevicate-in-tutta-la-provincia-divieto-di-circolazione-dei-mezzi-pesanti\/#primaryimage"},"image":{"@id":"https:\/\/www.bellunopress.it\/2020\/12\/27\/previste-nevicate-in-tutta-la-provincia-divieto-di-circolazione-dei-mezzi-pesanti\/#primaryimage"},"thumbnailUrl":"https:\/\/www.bellunopress.it\/wp-content\/uploads\/2020\/02\/prefettura-005.jpg","datePublished":"2020-12-27T13:37:22+00:00","dateModified":"2020-12-27T13:39:27+00:00","breadcrumb":{"@id":"https:\/\/www.bellunopress.it\/2020\/12\/27\/previste-nevicate-in-tutta-la-provincia-divieto-di-circolazione-dei-mezzi-pesanti\/#breadcrumb"},"inLanguage":"fr-FR","potentialAction":[{"@type":"ReadAction","target":["https:\/\/www.bellunopress.it\/2020\/12\/27\/previste-nevicate-in-tutta-la-provincia-divieto-di-circolazione-dei-mezzi-pesanti\/"]}]},{"@type":"ImageObject","inLanguage":"fr-FR","@id":"https:\/\/www.bellunopress.it\/2020\/12\/27\/previste-nevicate-in-tutta-la-provincia-divieto-di-circolazione-dei-mezzi-pesanti\/#primaryimage","url":"https:\/\/www.bellunopress.it\/wp-content\/uploads\/2020\/02\/prefettura-005.jpg","contentUrl":"https:\/\/www.bellunopress.it\/wp-content\/uploads\/2020\/02\/prefettura-005.jpg","width":667,"height":1000,"caption":"Prefettura di Belluno"},{"@type":"BreadcrumbList","@id":"https:\/\/www.bellunopress.it\/2020\/12\/27\/previste-nevicate-in-tutta-la-provincia-divieto-di-circolazione-dei-mezzi-pesanti\/#breadcrumb","itemListElement":[{"@type":"ListItem","position":1,"name":"Home","item":"https:\/\/www.bellunopress.it\/"},{"@type":"ListItem","position":2,"name":"Previste nevicate in tutta la provincia. Luned\u00ec divieto di circolazione dei mezzi pesanti"}]},{"@type":"WebSite","@id":"https:\/\/www.bellunopress.it\/#website","url":"https:\/\/www.bellunopress.it\/","name":"Bellunopress - Dolomiti","description":"e-mail: redazione@bellunopress.it","publisher":{"@id":"https:\/\/www.bellunopress.it\/#organization"},"potentialAction":[{"@type":"SearchAction","target":{"@type":"EntryPoint","urlTemplate":"https:\/\/www.bellunopress.it\/?s={search_term_string}"},"query-input":{"@type":"PropertyValueSpecification","valueRequired":true,"valueName":"search_term_string"}}],"inLanguage":"fr-FR"},{"@type":"Organization","@id":"https:\/\/www.bellunopress.it\/#organization","name":"Bellunopress","url":"https:\/\/www.bellunopress.it\/","logo":{"@type":"ImageObject","inLanguage":"fr-FR","@id":"https:\/\/www.bellunopress.it\/#\/schema\/logo\/image\/","url":"https:\/\/www.bellunopress.it\/wp-content\/uploads\/2011\/05\/cropped-logo-bellunopress-.jpg","contentUrl":"https:\/\/www.bellunopress.it\/wp-content\/uploads\/2011\/05\/cropped-logo-bellunopress-.jpg","width":512,"height":512,"caption":"Bellunopress"},"image":{"@id":"https:\/\/www.bellunopress.it\/#\/schema\/logo\/image\/"},"sameAs":["https:\/\/www.facebook.com\/profile.php?id=100008943462799","https:\/\/x.com\/bellunopress","https:\/\/www.linkedin.com\/hp\/?dnr=JBzUWaJfMUw8vbXJJ2tVW5-I3jZKvC4wsoxE&amp;amp;amp;amp;amp;amp;trk=nav_responsive_tab_home","https:\/\/www.youtube.com\/channel\/UCxL0wu1uN0_3_7hGG0306cw"]},{"@type":"Person","@id":"https:\/\/www.bellunopress.it\/#\/schema\/person\/79bb06722b37ece1c03d3e94beb30d73","name":"r\u00e9daction","image":{"@type":"ImageObject","inLanguage":"fr-FR","@id":"https:\/\/secure.gravatar.com\/avatar\/37d968a2e67a6fd04c169c4bdef102d0bc5d31b2546345219e348575eb80e9a0?s=96&d=mm&r=g","url":"https:\/\/secure.gravatar.com\/avatar\/37d968a2e67a6fd04c169c4bdef102d0bc5d31b2546345219e348575eb80e9a0?s=96&d=mm&r=g","contentUrl":"https:\/\/secure.gravatar.com\/avatar\/37d968a2e67a6fd04c169c4bdef102d0bc5d31b2546345219e348575eb80e9a0?s=96&d=mm&r=g","caption":"redazione"},"sameAs":["http:\/\/www.bellunopress.it","https:\/\/x.com\/bellunopress"],"url":"https:\/\/www.bellunopress.it\/fr\/author\/redazione\/"}]}},"_links":{"self":[{"href":"https:\/\/www.bellunopress.it\/fr\/wp-json\/wp\/v2\/posts\/120417","targetHints":{"allow":["GET"]}}],"collection":[{"href":"https:\/\/www.bellunopress.it\/fr\/wp-json\/wp\/v2\/posts"}],"about":[{"href":"https:\/\/www.bellunopress.it\/fr\/wp-json\/wp\/v2\/types\/post"}],"author":[{"embeddable":true,"href":"https:\/\/www.bellunopress.it\/fr\/wp-json\/wp\/v2\/users\/2"}],"replies":[{"embeddable":true,"href":"https:\/\/www.bellunopress.it\/fr\/wp-json\/wp\/v2\/comments?post=120417"}],"version-history":[{"count":3,"href":"https:\/\/www.bellunopress.it\/fr\/wp-json\/wp\/v2\/posts\/120417\/revisions"}],"predecessor-version":[{"id":120420,"href":"https:\/\/www.bellunopress.it\/fr\/wp-json\/wp\/v2\/posts\/120417\/revisions\/120420"}],"wp:featuredmedia":[{"embeddable":true,"href":"https:\/\/www.bellunopress.it\/fr\/wp-json\/wp\/v2\/media\/112541"}],"wp:attachment":[{"href":"https:\/\/www.bellunopress.it\/fr\/wp-json\/wp\/v2\/media?parent=120417"}],"wp:term":[{"taxonomy":"category","embeddable":true,"href":"https:\/\/www.bellunopress.it\/fr\/wp-json\/wp\/v2\/categories?post=120417"},{"taxonomy":"post_tag","embeddable":true,"href":"https:\/\/www.bellunopress.it\/fr\/wp-json\/wp\/v2\/tags?post=120417"}],"curies":[{"name":"wp","href":"https:\/\/api.w.org\/{rel}","templated":true}]}}