{"id":120415,"date":"2020-12-27T09:47:45","date_gmt":"2020-12-27T08:47:45","guid":{"rendered":"http:\/\/www.bellunopress.it\/?p=120415"},"modified":"2020-12-26T22:52:42","modified_gmt":"2020-12-26T21:52:42","slug":"attentato-a-napoleone-iii-la-sorella-di-carlo-de-rudio-sostiene-che-il-fratello-partecipo-alla-spedizione-dei-mille-ma-viene-smentita","status":"publish","type":"post","link":"https:\/\/www.bellunopress.it\/fr\/2020\/12\/27\/attentato-a-napoleone-iii-la-sorella-di-carlo-de-rudio-sostiene-che-il-fratello-partecipo-alla-spedizione-dei-mille-ma-viene-smentita\/","title":{"rendered":"Attentato a Napoleone III\u00b0. La sorella di Carlo de Rudio sostiene che il fratello partecip\u00f2 alla Spedizione dei Mille. Ma viene smentita"},"content":{"rendered":"<figure id=\"attachment_115274\" aria-describedby=\"caption-attachment-115274\" style=\"width: 595px\" class=\"wp-caption alignleft\"><a href=\"http:\/\/www.bellunopress.it\/fr\/2020\/06\/25\/little-bighorn-25-giugno-1876-la-storia-del-conte-bellunese-carlo-di-rudio-che-144-anni-fa-combatte-con-custer-di-pietro-bonenti\/villa-rudio_edited\/\" rel=\"attachment wp-att-115274\"><img loading=\"lazy\" decoding=\"async\" class=\"size-full wp-image-115274\" src=\"http:\/\/www.bellunopress.it\/wp-content\/uploads\/2020\/06\/villa-Rudio_edited.jpg\" alt=\"\" width=\"595\" height=\"519\" srcset=\"https:\/\/www.bellunopress.it\/wp-content\/uploads\/2020\/06\/villa-Rudio_edited.jpg 595w, https:\/\/www.bellunopress.it\/wp-content\/uploads\/2020\/06\/villa-Rudio_edited-500x436.jpg 500w, https:\/\/www.bellunopress.it\/wp-content\/uploads\/2020\/06\/villa-Rudio_edited-482x420.jpg 482w\" sizes=\"auto, (max-width: 595px) 100vw, 595px\" \/><\/a><figcaption id=\"caption-attachment-115274\" class=\"wp-caption-text\">Villa Rudio a Cusighe (Belluno)<\/figcaption><\/figure>\n<p>Alessandro Luzio, giornalista e storico del Risorgimento, non doveva avere molta stima di Carlo di Rudio. Perch\u00e9 defin\u00ec le <a href=\"https:\/\/www.bellunopress.it\/fr\/2020\/12\/26\/attentato-a-napoleone-iii-il-nipote-di-crispi-smentisce-avvalorato-dallo-scritto-del-mayor-aveva-un-animo-troppo-gentile-per-un-atto-individuale-di-strage\/\">rivelazioni del nobile bellunese<\/a>, che facevano intendere la partecipazione attiva del Crispi all\u2019attentato del 1859 contro Napoleone III\u00b0, come \u201cmateria di estiva discussione alla stampa sfaccendata\u201d.<\/p>\n<p>A sostegno di Carlo di Rudio interviene la sorella Luigia sulla Gazzetta di Venezia con un articolo poi ripreso dal Corriere della Sera di mercoled\u00ec 19 agosto 1908, per cancellare l\u2019impressione indotta dal Luzio su una frase del presidente delle Assise della Senna durante lo storico processo ai congiurati.<\/p>\n<p>\u201cSe mio fratello \u2013 scrive Luigia de Rudio alla Gazzetta di Venezia \u2013 allora privo di mezzi, appartenendo a una famiglia che, per fanatismo patriottico, era ormai ridotta a mal partito, ha avuto bisogno di denari per recarsi a Parigi, non per questo diventa un assassino mercenario. La sua difesa in quella triste occasione, a quanto pare, non fu abile, ma ci\u00f2 si spiega quando si pensi che egli era allora giovanissimo e che, per di pi\u00f9, non conosceva perfettamente la preparazione del complotto, obbedendo solo ciecamente all\u2019Orsini, il quale anzi, dopo la condanna, implor\u00f2 la grazia per mio fratello. L\u2019Orsini, in quel momento, ricord\u00f2 certamente nostro padre, il quale, trovandosi prigioniero nel 1855 al castello di Mantova insieme a me, contrasse amicizia con lui, quando fu messo in una camera comune con l\u2019avvocato Bonati di Cremona, col Banfi di Milano, con Ambrogio Correnti e altri. E se anche mio fratello implor\u00f2 la clemenza dei giudici, \u00e8 bene si sappia che egli era sposo da poco pi\u00f9 di un anno e padre da un mese\u201d! Luigia de Rudio prosegue la sua lettera dicendo che il fratello Carlo, per la causa nazionale, non si limita al triste episodio dell\u2019attentato. \u201cInfatti, nel 1848, quando era scoppiata la rivoluzione a Milano, egli si trovava in quel collegio militare, fu mandato sotto scorta con altri suoi compagni a Gratz e da l\u00ec fugg\u00ec a Venezia, arruolandosi nella legione di Pier Fortunato Calvi. L\u2019anno dopo fu a Roma con Garibaldi, quindi dovette rifugiarsi a Londra, da dove nel 1853 venne di nascosto in Italia, con quanto disagio io lo so, per portarvi i proclami del Mazzini ed infine, dopo la sua fuga dalla Cajenna dov\u2019era stato incarcerato a seguito la condanna di Parigi, egli, ricercato, proscritto, prima di abbandonare la patria per recarsi in una terra ospitale, volle ancora una volta portare il suo contributo di ardore giovanile al Risorgimento italiano e, sotto il nome di Carlo Rodi, prese parte alla storica spedizione in Sicilia, meritandosi da Garibaldi, all\u2019assedio di Palermo, il grado di capitano\u201d.<\/p>\n<p>Ma c\u2019\u00e8 un lettore, che si firma Guido Silva dei Mille, che in relazione alle affermazioni di Luigia de Rudio, il 19 agosto 1908 scrive al Corriere della Sera e dice: \u201cGiova ricordare come il conte Carlo Rudio, nato a Belluno nel 1833 avesse 25 anni all\u2019epoca dell\u2019attentato di Felice Orsini nel 1858 e perci\u00f2 ne doveva avere 27 nel 1860, anno della Spedizione dei Mille. Dall\u2019elenco 1864 e dal successivo e definitivo elenco ufficiale 1878 risulta che tra i Mille c\u2019era un unico Carlo Rodi fu Vincenzo nato a Bosco Marengo nel 1801 e morto a Fresconara il 22 febbraio 1862. Il Carlo Rudio \u00e8 tutt\u2019ora vivente all\u2019et\u00e0 di 75 anni circa. Si confrontino ora questi dati e si giudichi del valore delle affermazioni defensionali della signora Rudio\u201d.<\/p>\n<p>Anche Alessandro Luzio interviene successivamente, sul Corriere della Sera del 23 agosto 1908, confermando che Carlo Rodi era uno dei vecchi seguaci di Garibaldi in America notissimo perch\u00e9 mutilato. I moncherini del Rodi sono ora posseduti da Ximenes nel suo vecchio Museo dei Mille. E anche l\u2019Abba nelle sue \u201cNoterelle d\u2019uno dei Mille\u201d, a pag.143 parla di \u201cRodi mutilato antico\u201d. Dunque niente in comune con il Rudio.<br \/>\n(rdn)<\/p>\n<p>4 &#8211; continua<\/p>\n<p>Fonte: archivio Corriere della Sera<\/p>\n<p>&nbsp;<\/p>","protected":false},"excerpt":{"rendered":"<p>Alessandro Luzio, giornalista e storico del Risorgimento, non doveva avere molta stima di Carlo di Rudio. Perch\u00e9 defin\u00ec le rivelazioni del nobile bellunese, che facevano intendere la partecipazione attiva del Crispi all\u2019attentato del 1859 contro Napoleone III\u00b0, come \u201cmateria di estiva discussione alla stampa sfaccendata\u201d. A sostegno di Carlo di Rudio interviene la sorella Luigia [&hellip;]<\/p>\n","protected":false},"author":2,"featured_media":115274,"comment_status":"closed","ping_status":"open","sticky":false,"template":"","format":"standard","meta":{"footnotes":""},"categories":[3,26],"tags":[],"class_list":["post-120415","post","type-post","status-publish","format-standard","has-post-thumbnail","category-arte-cultura-spettacoli-scienza-archivi","category-prima-pagina"],"yoast_head":"<!-- This site is optimized with the Yoast SEO plugin v28.4 - https:\/\/yoast.com\/product\/yoast-seo-wordpress\/ -->\n<title>Attentato a Napoleone III\u00b0. La sorella di Carlo de Rudio sostiene che il fratello partecip\u00f2 alla Spedizione dei Mille. Ma viene smentita - Bellunopress - Dolomiti<\/title>\n<meta name=\"robots\" content=\"index, follow, max-snippet:-1, max-image-preview:large, max-video-preview:-1\" \/>\n<link rel=\"canonical\" href=\"https:\/\/www.bellunopress.it\/fr\/2020\/12\/27\/attentato-a-napoleone-iii-la-sorella-di-carlo-de-rudio-sostiene-che-il-fratello-partecipo-alla-spedizione-dei-mille-ma-viene-smentita\/\" \/>\n<meta property=\"og:locale\" content=\"fr_FR\" \/>\n<meta property=\"og:type\" content=\"article\" \/>\n<meta property=\"og:title\" content=\"Attentato a Napoleone III\u00b0. La sorella di Carlo de Rudio sostiene che il fratello partecip\u00f2 alla Spedizione dei Mille. Ma viene smentita - Bellunopress - Dolomiti\" \/>\n<meta property=\"og:description\" content=\"Alessandro Luzio, giornalista e storico del Risorgimento, non doveva avere molta stima di Carlo di Rudio. Perch\u00e9 defin\u00ec le rivelazioni del nobile bellunese, che facevano intendere la partecipazione attiva del Crispi all\u2019attentato del 1859 contro Napoleone III\u00b0, come \u201cmateria di estiva discussione alla stampa sfaccendata\u201d. A sostegno di Carlo di Rudio interviene la sorella Luigia [&hellip;]\" \/>\n<meta property=\"og:url\" content=\"https:\/\/www.bellunopress.it\/fr\/2020\/12\/27\/attentato-a-napoleone-iii-la-sorella-di-carlo-de-rudio-sostiene-che-il-fratello-partecipo-alla-spedizione-dei-mille-ma-viene-smentita\/\" \/>\n<meta property=\"og:site_name\" content=\"Bellunopress - Dolomiti\" \/>\n<meta property=\"article:publisher\" content=\"https:\/\/www.facebook.com\/profile.php?id=100008943462799\" \/>\n<meta property=\"article:published_time\" content=\"2020-12-27T08:47:45+00:00\" \/>\n<meta property=\"og:image\" content=\"https:\/\/www.bellunopress.it\/wp-content\/uploads\/2020\/06\/villa-Rudio_edited.jpg\" \/>\n\t<meta property=\"og:image:width\" content=\"595\" \/>\n\t<meta property=\"og:image:height\" content=\"519\" \/>\n\t<meta property=\"og:image:type\" content=\"image\/jpeg\" \/>\n<meta name=\"author\" content=\"redazione\" \/>\n<meta name=\"twitter:card\" content=\"summary_large_image\" \/>\n<meta name=\"twitter:creator\" content=\"@bellunopress\" \/>\n<meta name=\"twitter:site\" content=\"@bellunopress\" \/>\n<meta name=\"twitter:label1\" content=\"\u00c9crit par\" \/>\n\t<meta name=\"twitter:data1\" content=\"redazione\" \/>\n\t<meta name=\"twitter:label2\" content=\"Dur\u00e9e de lecture estim\u00e9e\" \/>\n\t<meta name=\"twitter:data2\" content=\"3 minutes\" \/>\n<script type=\"application\/ld+json\" class=\"yoast-schema-graph\">{\"@context\":\"https:\\\/\\\/schema.org\",\"@graph\":[{\"@type\":\"Article\",\"@id\":\"https:\\\/\\\/www.bellunopress.it\\\/2020\\\/12\\\/27\\\/attentato-a-napoleone-iii-la-sorella-di-carlo-de-rudio-sostiene-che-il-fratello-partecipo-alla-spedizione-dei-mille-ma-viene-smentita\\\/#article\",\"isPartOf\":{\"@id\":\"https:\\\/\\\/www.bellunopress.it\\\/2020\\\/12\\\/27\\\/attentato-a-napoleone-iii-la-sorella-di-carlo-de-rudio-sostiene-che-il-fratello-partecipo-alla-spedizione-dei-mille-ma-viene-smentita\\\/\"},\"author\":{\"name\":\"redazione\",\"@id\":\"https:\\\/\\\/www.bellunopress.it\\\/#\\\/schema\\\/person\\\/79bb06722b37ece1c03d3e94beb30d73\"},\"headline\":\"Attentato a Napoleone III\u00b0. La sorella di Carlo de Rudio sostiene che il fratello partecip\u00f2 alla Spedizione dei Mille. Ma viene smentita\",\"datePublished\":\"2020-12-27T08:47:45+00:00\",\"mainEntityOfPage\":{\"@id\":\"https:\\\/\\\/www.bellunopress.it\\\/2020\\\/12\\\/27\\\/attentato-a-napoleone-iii-la-sorella-di-carlo-de-rudio-sostiene-che-il-fratello-partecipo-alla-spedizione-dei-mille-ma-viene-smentita\\\/\"},\"wordCount\":665,\"publisher\":{\"@id\":\"https:\\\/\\\/www.bellunopress.it\\\/#organization\"},\"image\":{\"@id\":\"https:\\\/\\\/www.bellunopress.it\\\/2020\\\/12\\\/27\\\/attentato-a-napoleone-iii-la-sorella-di-carlo-de-rudio-sostiene-che-il-fratello-partecipo-alla-spedizione-dei-mille-ma-viene-smentita\\\/#primaryimage\"},\"thumbnailUrl\":\"https:\\\/\\\/www.bellunopress.it\\\/wp-content\\\/uploads\\\/2020\\\/06\\\/villa-Rudio_edited.jpg\",\"articleSection\":[\"Arte, Cultura, Spettacoli, Scienza\",\"Prima Pagina\"],\"inLanguage\":\"fr-FR\"},{\"@type\":\"WebPage\",\"@id\":\"https:\\\/\\\/www.bellunopress.it\\\/2020\\\/12\\\/27\\\/attentato-a-napoleone-iii-la-sorella-di-carlo-de-rudio-sostiene-che-il-fratello-partecipo-alla-spedizione-dei-mille-ma-viene-smentita\\\/\",\"url\":\"https:\\\/\\\/www.bellunopress.it\\\/2020\\\/12\\\/27\\\/attentato-a-napoleone-iii-la-sorella-di-carlo-de-rudio-sostiene-che-il-fratello-partecipo-alla-spedizione-dei-mille-ma-viene-smentita\\\/\",\"name\":\"Attentato a Napoleone III\u00b0. La sorella di Carlo de Rudio sostiene che il fratello partecip\u00f2 alla Spedizione dei Mille. Ma viene smentita - Bellunopress - Dolomiti\",\"isPartOf\":{\"@id\":\"https:\\\/\\\/www.bellunopress.it\\\/#website\"},\"primaryImageOfPage\":{\"@id\":\"https:\\\/\\\/www.bellunopress.it\\\/2020\\\/12\\\/27\\\/attentato-a-napoleone-iii-la-sorella-di-carlo-de-rudio-sostiene-che-il-fratello-partecipo-alla-spedizione-dei-mille-ma-viene-smentita\\\/#primaryimage\"},\"image\":{\"@id\":\"https:\\\/\\\/www.bellunopress.it\\\/2020\\\/12\\\/27\\\/attentato-a-napoleone-iii-la-sorella-di-carlo-de-rudio-sostiene-che-il-fratello-partecipo-alla-spedizione-dei-mille-ma-viene-smentita\\\/#primaryimage\"},\"thumbnailUrl\":\"https:\\\/\\\/www.bellunopress.it\\\/wp-content\\\/uploads\\\/2020\\\/06\\\/villa-Rudio_edited.jpg\",\"datePublished\":\"2020-12-27T08:47:45+00:00\",\"breadcrumb\":{\"@id\":\"https:\\\/\\\/www.bellunopress.it\\\/2020\\\/12\\\/27\\\/attentato-a-napoleone-iii-la-sorella-di-carlo-de-rudio-sostiene-che-il-fratello-partecipo-alla-spedizione-dei-mille-ma-viene-smentita\\\/#breadcrumb\"},\"inLanguage\":\"fr-FR\",\"potentialAction\":[{\"@type\":\"ReadAction\",\"target\":[\"https:\\\/\\\/www.bellunopress.it\\\/2020\\\/12\\\/27\\\/attentato-a-napoleone-iii-la-sorella-di-carlo-de-rudio-sostiene-che-il-fratello-partecipo-alla-spedizione-dei-mille-ma-viene-smentita\\\/\"]}]},{\"@type\":\"ImageObject\",\"inLanguage\":\"fr-FR\",\"@id\":\"https:\\\/\\\/www.bellunopress.it\\\/2020\\\/12\\\/27\\\/attentato-a-napoleone-iii-la-sorella-di-carlo-de-rudio-sostiene-che-il-fratello-partecipo-alla-spedizione-dei-mille-ma-viene-smentita\\\/#primaryimage\",\"url\":\"https:\\\/\\\/www.bellunopress.it\\\/wp-content\\\/uploads\\\/2020\\\/06\\\/villa-Rudio_edited.jpg\",\"contentUrl\":\"https:\\\/\\\/www.bellunopress.it\\\/wp-content\\\/uploads\\\/2020\\\/06\\\/villa-Rudio_edited.jpg\",\"width\":595,\"height\":519,\"caption\":\"Villa Rudio a Cusighe (Belluno)\"},{\"@type\":\"BreadcrumbList\",\"@id\":\"https:\\\/\\\/www.bellunopress.it\\\/2020\\\/12\\\/27\\\/attentato-a-napoleone-iii-la-sorella-di-carlo-de-rudio-sostiene-che-il-fratello-partecipo-alla-spedizione-dei-mille-ma-viene-smentita\\\/#breadcrumb\",\"itemListElement\":[{\"@type\":\"ListItem\",\"position\":1,\"name\":\"Home\",\"item\":\"https:\\\/\\\/www.bellunopress.it\\\/\"},{\"@type\":\"ListItem\",\"position\":2,\"name\":\"Attentato a Napoleone III\u00b0. La sorella di Carlo de Rudio sostiene che il fratello partecip\u00f2 alla Spedizione dei Mille. Ma viene smentita\"}]},{\"@type\":\"WebSite\",\"@id\":\"https:\\\/\\\/www.bellunopress.it\\\/#website\",\"url\":\"https:\\\/\\\/www.bellunopress.it\\\/\",\"name\":\"Bellunopress - Dolomiti\",\"description\":\"e-mail: redazione@bellunopress.it\",\"publisher\":{\"@id\":\"https:\\\/\\\/www.bellunopress.it\\\/#organization\"},\"potentialAction\":[{\"@type\":\"SearchAction\",\"target\":{\"@type\":\"EntryPoint\",\"urlTemplate\":\"https:\\\/\\\/www.bellunopress.it\\\/?s={search_term_string}\"},\"query-input\":{\"@type\":\"PropertyValueSpecification\",\"valueRequired\":true,\"valueName\":\"search_term_string\"}}],\"inLanguage\":\"fr-FR\"},{\"@type\":\"Organization\",\"@id\":\"https:\\\/\\\/www.bellunopress.it\\\/#organization\",\"name\":\"Bellunopress\",\"url\":\"https:\\\/\\\/www.bellunopress.it\\\/\",\"logo\":{\"@type\":\"ImageObject\",\"inLanguage\":\"fr-FR\",\"@id\":\"https:\\\/\\\/www.bellunopress.it\\\/#\\\/schema\\\/logo\\\/image\\\/\",\"url\":\"https:\\\/\\\/www.bellunopress.it\\\/wp-content\\\/uploads\\\/2011\\\/05\\\/cropped-logo-bellunopress-.jpg\",\"contentUrl\":\"https:\\\/\\\/www.bellunopress.it\\\/wp-content\\\/uploads\\\/2011\\\/05\\\/cropped-logo-bellunopress-.jpg\",\"width\":512,\"height\":512,\"caption\":\"Bellunopress\"},\"image\":{\"@id\":\"https:\\\/\\\/www.bellunopress.it\\\/#\\\/schema\\\/logo\\\/image\\\/\"},\"sameAs\":[\"https:\\\/\\\/www.facebook.com\\\/profile.php?id=100008943462799\",\"https:\\\/\\\/x.com\\\/bellunopress\",\"https:\\\/\\\/www.linkedin.com\\\/hp\\\/?dnr=JBzUWaJfMUw8vbXJJ2tVW5-I3jZKvC4wsoxE&amp;amp;amp;amp;amp;amp;trk=nav_responsive_tab_home\",\"https:\\\/\\\/www.youtube.com\\\/channel\\\/UCxL0wu1uN0_3_7hGG0306cw\"]},{\"@type\":\"Person\",\"@id\":\"https:\\\/\\\/www.bellunopress.it\\\/#\\\/schema\\\/person\\\/79bb06722b37ece1c03d3e94beb30d73\",\"name\":\"redazione\",\"image\":{\"@type\":\"ImageObject\",\"inLanguage\":\"fr-FR\",\"@id\":\"https:\\\/\\\/secure.gravatar.com\\\/avatar\\\/37d968a2e67a6fd04c169c4bdef102d0bc5d31b2546345219e348575eb80e9a0?s=96&d=mm&r=g\",\"url\":\"https:\\\/\\\/secure.gravatar.com\\\/avatar\\\/37d968a2e67a6fd04c169c4bdef102d0bc5d31b2546345219e348575eb80e9a0?s=96&d=mm&r=g\",\"contentUrl\":\"https:\\\/\\\/secure.gravatar.com\\\/avatar\\\/37d968a2e67a6fd04c169c4bdef102d0bc5d31b2546345219e348575eb80e9a0?s=96&d=mm&r=g\",\"caption\":\"redazione\"},\"sameAs\":[\"http:\\\/\\\/www.bellunopress.it\",\"https:\\\/\\\/x.com\\\/bellunopress\"],\"url\":\"https:\\\/\\\/www.bellunopress.it\\\/fr\\\/author\\\/redazione\\\/\"}]}<\/script>\n<!-- \/ Yoast SEO plugin. -->","yoast_head_json":{"title":"Attentato a Napoleone III\u00b0. La sorella di Carlo de Rudio sostiene che il fratello partecip\u00f2 alla Spedizione dei Mille. Ma viene smentita - Bellunopress - Dolomiti","robots":{"index":"index","follow":"follow","max-snippet":"max-snippet:-1","max-image-preview":"max-image-preview:large","max-video-preview":"max-video-preview:-1"},"canonical":"https:\/\/www.bellunopress.it\/fr\/2020\/12\/27\/attentato-a-napoleone-iii-la-sorella-di-carlo-de-rudio-sostiene-che-il-fratello-partecipo-alla-spedizione-dei-mille-ma-viene-smentita\/","og_locale":"fr_FR","og_type":"article","og_title":"Attentato a Napoleone III\u00b0. La sorella di Carlo de Rudio sostiene che il fratello partecip\u00f2 alla Spedizione dei Mille. Ma viene smentita - Bellunopress - Dolomiti","og_description":"Alessandro Luzio, giornalista e storico del Risorgimento, non doveva avere molta stima di Carlo di Rudio. Perch\u00e9 defin\u00ec le rivelazioni del nobile bellunese, che facevano intendere la partecipazione attiva del Crispi all\u2019attentato del 1859 contro Napoleone III\u00b0, come \u201cmateria di estiva discussione alla stampa sfaccendata\u201d. A sostegno di Carlo di Rudio interviene la sorella Luigia [&hellip;]","og_url":"https:\/\/www.bellunopress.it\/fr\/2020\/12\/27\/attentato-a-napoleone-iii-la-sorella-di-carlo-de-rudio-sostiene-che-il-fratello-partecipo-alla-spedizione-dei-mille-ma-viene-smentita\/","og_site_name":"Bellunopress - Dolomiti","article_publisher":"https:\/\/www.facebook.com\/profile.php?id=100008943462799","article_published_time":"2020-12-27T08:47:45+00:00","og_image":[{"width":595,"height":519,"url":"https:\/\/www.bellunopress.it\/wp-content\/uploads\/2020\/06\/villa-Rudio_edited.jpg","type":"image\/jpeg"}],"author":"redazione","twitter_card":"summary_large_image","twitter_creator":"@bellunopress","twitter_site":"@bellunopress","twitter_misc":{"\u00c9crit par":"redazione","Dur\u00e9e de lecture estim\u00e9e":"3 minutes"},"schema":{"@context":"https:\/\/schema.org","@graph":[{"@type":"Article","@id":"https:\/\/www.bellunopress.it\/2020\/12\/27\/attentato-a-napoleone-iii-la-sorella-di-carlo-de-rudio-sostiene-che-il-fratello-partecipo-alla-spedizione-dei-mille-ma-viene-smentita\/#article","isPartOf":{"@id":"https:\/\/www.bellunopress.it\/2020\/12\/27\/attentato-a-napoleone-iii-la-sorella-di-carlo-de-rudio-sostiene-che-il-fratello-partecipo-alla-spedizione-dei-mille-ma-viene-smentita\/"},"author":{"name":"redazione","@id":"https:\/\/www.bellunopress.it\/#\/schema\/person\/79bb06722b37ece1c03d3e94beb30d73"},"headline":"Attentato a Napoleone III\u00b0. La sorella di Carlo de Rudio sostiene che il fratello partecip\u00f2 alla Spedizione dei Mille. Ma viene smentita","datePublished":"2020-12-27T08:47:45+00:00","mainEntityOfPage":{"@id":"https:\/\/www.bellunopress.it\/2020\/12\/27\/attentato-a-napoleone-iii-la-sorella-di-carlo-de-rudio-sostiene-che-il-fratello-partecipo-alla-spedizione-dei-mille-ma-viene-smentita\/"},"wordCount":665,"publisher":{"@id":"https:\/\/www.bellunopress.it\/#organization"},"image":{"@id":"https:\/\/www.bellunopress.it\/2020\/12\/27\/attentato-a-napoleone-iii-la-sorella-di-carlo-de-rudio-sostiene-che-il-fratello-partecipo-alla-spedizione-dei-mille-ma-viene-smentita\/#primaryimage"},"thumbnailUrl":"https:\/\/www.bellunopress.it\/wp-content\/uploads\/2020\/06\/villa-Rudio_edited.jpg","articleSection":["Arte, Cultura, Spettacoli, Scienza","Prima Pagina"],"inLanguage":"fr-FR"},{"@type":"WebPage","@id":"https:\/\/www.bellunopress.it\/2020\/12\/27\/attentato-a-napoleone-iii-la-sorella-di-carlo-de-rudio-sostiene-che-il-fratello-partecipo-alla-spedizione-dei-mille-ma-viene-smentita\/","url":"https:\/\/www.bellunopress.it\/2020\/12\/27\/attentato-a-napoleone-iii-la-sorella-di-carlo-de-rudio-sostiene-che-il-fratello-partecipo-alla-spedizione-dei-mille-ma-viene-smentita\/","name":"Attentato a Napoleone III\u00b0. La sorella di Carlo de Rudio sostiene che il fratello partecip\u00f2 alla Spedizione dei Mille. Ma viene smentita - Bellunopress - Dolomiti","isPartOf":{"@id":"https:\/\/www.bellunopress.it\/#website"},"primaryImageOfPage":{"@id":"https:\/\/www.bellunopress.it\/2020\/12\/27\/attentato-a-napoleone-iii-la-sorella-di-carlo-de-rudio-sostiene-che-il-fratello-partecipo-alla-spedizione-dei-mille-ma-viene-smentita\/#primaryimage"},"image":{"@id":"https:\/\/www.bellunopress.it\/2020\/12\/27\/attentato-a-napoleone-iii-la-sorella-di-carlo-de-rudio-sostiene-che-il-fratello-partecipo-alla-spedizione-dei-mille-ma-viene-smentita\/#primaryimage"},"thumbnailUrl":"https:\/\/www.bellunopress.it\/wp-content\/uploads\/2020\/06\/villa-Rudio_edited.jpg","datePublished":"2020-12-27T08:47:45+00:00","breadcrumb":{"@id":"https:\/\/www.bellunopress.it\/2020\/12\/27\/attentato-a-napoleone-iii-la-sorella-di-carlo-de-rudio-sostiene-che-il-fratello-partecipo-alla-spedizione-dei-mille-ma-viene-smentita\/#breadcrumb"},"inLanguage":"fr-FR","potentialAction":[{"@type":"ReadAction","target":["https:\/\/www.bellunopress.it\/2020\/12\/27\/attentato-a-napoleone-iii-la-sorella-di-carlo-de-rudio-sostiene-che-il-fratello-partecipo-alla-spedizione-dei-mille-ma-viene-smentita\/"]}]},{"@type":"ImageObject","inLanguage":"fr-FR","@id":"https:\/\/www.bellunopress.it\/2020\/12\/27\/attentato-a-napoleone-iii-la-sorella-di-carlo-de-rudio-sostiene-che-il-fratello-partecipo-alla-spedizione-dei-mille-ma-viene-smentita\/#primaryimage","url":"https:\/\/www.bellunopress.it\/wp-content\/uploads\/2020\/06\/villa-Rudio_edited.jpg","contentUrl":"https:\/\/www.bellunopress.it\/wp-content\/uploads\/2020\/06\/villa-Rudio_edited.jpg","width":595,"height":519,"caption":"Villa Rudio a Cusighe (Belluno)"},{"@type":"BreadcrumbList","@id":"https:\/\/www.bellunopress.it\/2020\/12\/27\/attentato-a-napoleone-iii-la-sorella-di-carlo-de-rudio-sostiene-che-il-fratello-partecipo-alla-spedizione-dei-mille-ma-viene-smentita\/#breadcrumb","itemListElement":[{"@type":"ListItem","position":1,"name":"Home","item":"https:\/\/www.bellunopress.it\/"},{"@type":"ListItem","position":2,"name":"Attentato a Napoleone III\u00b0. La sorella di Carlo de Rudio sostiene che il fratello partecip\u00f2 alla Spedizione dei Mille. Ma viene smentita"}]},{"@type":"WebSite","@id":"https:\/\/www.bellunopress.it\/#website","url":"https:\/\/www.bellunopress.it\/","name":"Bellunopress - Dolomiti","description":"e-mail: redazione@bellunopress.it","publisher":{"@id":"https:\/\/www.bellunopress.it\/#organization"},"potentialAction":[{"@type":"SearchAction","target":{"@type":"EntryPoint","urlTemplate":"https:\/\/www.bellunopress.it\/?s={search_term_string}"},"query-input":{"@type":"PropertyValueSpecification","valueRequired":true,"valueName":"search_term_string"}}],"inLanguage":"fr-FR"},{"@type":"Organization","@id":"https:\/\/www.bellunopress.it\/#organization","name":"Bellunopress","url":"https:\/\/www.bellunopress.it\/","logo":{"@type":"ImageObject","inLanguage":"fr-FR","@id":"https:\/\/www.bellunopress.it\/#\/schema\/logo\/image\/","url":"https:\/\/www.bellunopress.it\/wp-content\/uploads\/2011\/05\/cropped-logo-bellunopress-.jpg","contentUrl":"https:\/\/www.bellunopress.it\/wp-content\/uploads\/2011\/05\/cropped-logo-bellunopress-.jpg","width":512,"height":512,"caption":"Bellunopress"},"image":{"@id":"https:\/\/www.bellunopress.it\/#\/schema\/logo\/image\/"},"sameAs":["https:\/\/www.facebook.com\/profile.php?id=100008943462799","https:\/\/x.com\/bellunopress","https:\/\/www.linkedin.com\/hp\/?dnr=JBzUWaJfMUw8vbXJJ2tVW5-I3jZKvC4wsoxE&amp;amp;amp;amp;amp;amp;trk=nav_responsive_tab_home","https:\/\/www.youtube.com\/channel\/UCxL0wu1uN0_3_7hGG0306cw"]},{"@type":"Person","@id":"https:\/\/www.bellunopress.it\/#\/schema\/person\/79bb06722b37ece1c03d3e94beb30d73","name":"r\u00e9daction","image":{"@type":"ImageObject","inLanguage":"fr-FR","@id":"https:\/\/secure.gravatar.com\/avatar\/37d968a2e67a6fd04c169c4bdef102d0bc5d31b2546345219e348575eb80e9a0?s=96&d=mm&r=g","url":"https:\/\/secure.gravatar.com\/avatar\/37d968a2e67a6fd04c169c4bdef102d0bc5d31b2546345219e348575eb80e9a0?s=96&d=mm&r=g","contentUrl":"https:\/\/secure.gravatar.com\/avatar\/37d968a2e67a6fd04c169c4bdef102d0bc5d31b2546345219e348575eb80e9a0?s=96&d=mm&r=g","caption":"redazione"},"sameAs":["http:\/\/www.bellunopress.it","https:\/\/x.com\/bellunopress"],"url":"https:\/\/www.bellunopress.it\/fr\/author\/redazione\/"}]}},"_links":{"self":[{"href":"https:\/\/www.bellunopress.it\/fr\/wp-json\/wp\/v2\/posts\/120415","targetHints":{"allow":["GET"]}}],"collection":[{"href":"https:\/\/www.bellunopress.it\/fr\/wp-json\/wp\/v2\/posts"}],"about":[{"href":"https:\/\/www.bellunopress.it\/fr\/wp-json\/wp\/v2\/types\/post"}],"author":[{"embeddable":true,"href":"https:\/\/www.bellunopress.it\/fr\/wp-json\/wp\/v2\/users\/2"}],"replies":[{"embeddable":true,"href":"https:\/\/www.bellunopress.it\/fr\/wp-json\/wp\/v2\/comments?post=120415"}],"version-history":[{"count":1,"href":"https:\/\/www.bellunopress.it\/fr\/wp-json\/wp\/v2\/posts\/120415\/revisions"}],"predecessor-version":[{"id":120416,"href":"https:\/\/www.bellunopress.it\/fr\/wp-json\/wp\/v2\/posts\/120415\/revisions\/120416"}],"wp:featuredmedia":[{"embeddable":true,"href":"https:\/\/www.bellunopress.it\/fr\/wp-json\/wp\/v2\/media\/115274"}],"wp:attachment":[{"href":"https:\/\/www.bellunopress.it\/fr\/wp-json\/wp\/v2\/media?parent=120415"}],"wp:term":[{"taxonomy":"category","embeddable":true,"href":"https:\/\/www.bellunopress.it\/fr\/wp-json\/wp\/v2\/categories?post=120415"},{"taxonomy":"post_tag","embeddable":true,"href":"https:\/\/www.bellunopress.it\/fr\/wp-json\/wp\/v2\/tags?post=120415"}],"curies":[{"name":"wp","href":"https:\/\/api.w.org\/{rel}","templated":true}]}}