{"id":120411,"date":"2020-12-26T21:10:48","date_gmt":"2020-12-26T20:10:48","guid":{"rendered":"http:\/\/www.bellunopress.it\/?p=120411"},"modified":"2020-12-26T21:10:48","modified_gmt":"2020-12-26T20:10:48","slug":"covid-rotta-in-veneto-situazione-grave-zaia-riconosca-il-suo-fallimento-noi-siamo-pronti-a-dare-una-mano","status":"publish","type":"post","link":"https:\/\/www.bellunopress.it\/fr\/2020\/12\/26\/covid-rotta-in-veneto-situazione-grave-zaia-riconosca-il-suo-fallimento-noi-siamo-pronti-a-dare-una-mano\/","title":{"rendered":"Covid. Rotta: &#8220;In Veneto situazione grave. Zaia riconosca il suo fallimento, noi siamo pronti a dare una mano&#8221;"},"content":{"rendered":"<figure id=\"attachment_120147\" aria-describedby=\"caption-attachment-120147\" style=\"width: 225px\" class=\"wp-caption alignleft\"><a href=\"http:\/\/www.bellunopress.it\/fr\/2020\/12\/15\/covid-rotta-zaia-autonomista-solo-a-parole\/alessia-rotta-pd\/\" rel=\"attachment wp-att-120147\"><img loading=\"lazy\" decoding=\"async\" class=\"size-full wp-image-120147\" src=\"http:\/\/www.bellunopress.it\/wp-content\/uploads\/2020\/12\/Alessia-Rotta-Pd.jpeg\" alt=\"\" width=\"225\" height=\"225\" \/><\/a><figcaption id=\"caption-attachment-120147\" class=\"wp-caption-text\">Alessia Rotta, deputato<\/figcaption><\/figure>\n<p>Roma, 26 dicembre 2020 &#8220;Adesso basta conferenze stampa su letalit\u00e0, validit\u00e0 dei test e adattamento del virus, ma soluzioni per contenere il dilagare dell&#8217;epidemia, migliorare la situazione, fermare la crescita dei decessi, delle sofferenze, liberare reparti per assistere i malati non COVID e proposte per sostenere la vita economica e sociale della nostra comunit\u00e0&#8221; Questo l&#8217;appello lanciato su Facebook della deputata Alessia Rotta, presidente della commissione Ambiente della Camera, al presidente del Veneto Luca Zaia.<\/p>\n<p>&#8220;Il tasso di positivit\u00e0 in Veneto \u00e8 schizzato oltre il 36% &#8211; fa notare Rotta &#8211; . Una percentuale straordinariamente alta se confrontata con quella nazionale, che \u00e8 al 12,50%, siamo quindi a un livello tre volte pi\u00f9 alto rispetto alla media nazionale. In questa seconda ondata in Veneto abbiamo il doppio dei morti rispetto alla Lombardia che ha, tuttavia, il doppio della popolazione. Il dato dei ricoveri per Covid continua a crescere, mentre nel resto d&#8217;Italia la curva \u00e8 in discesa. Il Veneto inoltre \u00e8 stata la regione che ha visto entrare il maggior numero di persone in terapia intensiva (36), con un ampio distacco rispetto alla seconda, la Lombardia, dove ne sono entrati 20. In Veneto \u00e8 positivo anche il saldo dei ricoverati con sintomi nei reparti di medicina Covid, dove in 24 ore i ricoverati sono aumentati di 38 unit\u00e0. Ma soprattutto ci sono 94 deceduti in un solo giorno, un numero ancora spaventosamente alto. Ma intanto manca personale per far funzionare le terapie intensive&#8221;.<\/p>\n<p>&#8220;Tra 10 giorni riapriranno le scuole \u2013 spiega la presidente Rotta -. Con il periodo di incubazione post Natale potremmo diventare la Wuhan d&#8217;Italia. Non \u00e8 mai esistito un modello Zaia, ma un modello Crisanti che \u00e8 stato allontanato perch\u00e9 oscurava la popolarit\u00e0 del Presidente in periodo pre elettorale. In Veneto \u00e8 stato dimostrato, contro ogni possibile evidenza scientifica, che le centinaia di ore di dirette televisive di Zaia non sono servite a fermare il Covid, ma solo ad aumentare la popolarit\u00e0 del governatore tuttofare. Il presidente \u00e8 sempre bravo a trovare alibi, adesso \u00e8 la variante inglese, invece di riconoscere l&#8217;amara verit\u00e0: in Veneto c&#8217;\u00e8 stata una gestione scriteriata e sciatta del virus. Nessun modello di efficienza e prevenzione. Nessuno vietava a Zaia, come ha fatto ad esempio il presidente dell&#8217;Emilia Romagna Stefano Bonaccini, di inasprire le disposizioni del Governo e imporre le zone rosse dove fosse servito. Invece, ha scelto la via di blande ordinanze che non hanno sortito alcun effetto. \u00c8 del tutto evidente che cos\u00ec non si salva neppure il tessuto produttivo, perch\u00e9 prima si esce dalla pandemia e prima risolveremo anche i problemi dell&#8217;economia. Cos\u00ec, invece, non si tutelano n\u00e9 salute n\u00e9 attivit\u00e0 produttive&#8221;.<\/p>\n<p>&#8220;Noi vogliamo dare una mano al presidente \u2013 conclude Rotta -, ma lui deve riconoscere il suo fallimento e dare il via a una nuova stagione di collaborazione che tiri fuori il Veneto da questa tragedia&#8221;.<\/p>","protected":false},"excerpt":{"rendered":"<p>Roma, 26 dicembre 2020 &#8220;Adesso basta conferenze stampa su letalit\u00e0, validit\u00e0 dei test e adattamento del virus, ma soluzioni per contenere il dilagare dell&#8217;epidemia, migliorare la situazione, fermare la crescita dei decessi, delle sofferenze, liberare reparti per assistere i malati non COVID e proposte per sostenere la vita economica e sociale della nostra comunit\u00e0&#8221; Questo [&hellip;]<\/p>\n","protected":false},"author":2,"featured_media":120147,"comment_status":"closed","ping_status":"open","sticky":false,"template":"","format":"standard","meta":{"footnotes":""},"categories":[5,26],"tags":[],"class_list":["post-120411","post","type-post","status-publish","format-standard","has-post-thumbnail","category-cronaca","category-prima-pagina"],"yoast_head":"<!-- This site is optimized with the Yoast SEO plugin v28.4 - https:\/\/yoast.com\/product\/yoast-seo-wordpress\/ -->\n<title>Covid. Rotta: &quot;In Veneto situazione grave. Zaia riconosca il suo fallimento, noi siamo pronti a dare una mano&quot; - Bellunopress - Dolomiti<\/title>\n<meta name=\"robots\" content=\"index, follow, max-snippet:-1, max-image-preview:large, max-video-preview:-1\" \/>\n<link rel=\"canonical\" href=\"https:\/\/www.bellunopress.it\/fr\/2020\/12\/26\/covid-rotta-in-veneto-situazione-grave-zaia-riconosca-il-suo-fallimento-noi-siamo-pronti-a-dare-una-mano\/\" \/>\n<meta property=\"og:locale\" content=\"fr_FR\" \/>\n<meta property=\"og:type\" content=\"article\" \/>\n<meta property=\"og:title\" content=\"Covid. Rotta: &quot;In Veneto situazione grave. Zaia riconosca il suo fallimento, noi siamo pronti a dare una mano&quot; - Bellunopress - Dolomiti\" \/>\n<meta property=\"og:description\" content=\"Roma, 26 dicembre 2020 &#8220;Adesso basta conferenze stampa su letalit\u00e0, validit\u00e0 dei test e adattamento del virus, ma soluzioni per contenere il dilagare dell&#8217;epidemia, migliorare la situazione, fermare la crescita dei decessi, delle sofferenze, liberare reparti per assistere i malati non COVID e proposte per sostenere la vita economica e sociale della nostra comunit\u00e0&#8221; Questo [&hellip;]\" \/>\n<meta property=\"og:url\" content=\"https:\/\/www.bellunopress.it\/fr\/2020\/12\/26\/covid-rotta-in-veneto-situazione-grave-zaia-riconosca-il-suo-fallimento-noi-siamo-pronti-a-dare-una-mano\/\" \/>\n<meta property=\"og:site_name\" content=\"Bellunopress - Dolomiti\" \/>\n<meta property=\"article:publisher\" content=\"https:\/\/www.facebook.com\/profile.php?id=100008943462799\" \/>\n<meta property=\"article:published_time\" content=\"2020-12-26T20:10:48+00:00\" \/>\n<meta property=\"og:image\" content=\"https:\/\/www.bellunopress.it\/wp-content\/uploads\/2020\/12\/Alessia-Rotta-Pd.jpeg\" \/>\n\t<meta property=\"og:image:width\" content=\"225\" \/>\n\t<meta property=\"og:image:height\" content=\"225\" \/>\n\t<meta property=\"og:image:type\" content=\"image\/jpeg\" \/>\n<meta name=\"author\" content=\"redazione\" \/>\n<meta name=\"twitter:card\" content=\"summary_large_image\" \/>\n<meta name=\"twitter:creator\" content=\"@bellunopress\" \/>\n<meta name=\"twitter:site\" content=\"@bellunopress\" \/>\n<meta name=\"twitter:label1\" content=\"\u00c9crit par\" \/>\n\t<meta name=\"twitter:data1\" content=\"redazione\" \/>\n\t<meta name=\"twitter:label2\" content=\"Dur\u00e9e de lecture estim\u00e9e\" \/>\n\t<meta name=\"twitter:data2\" content=\"2 minutes\" \/>\n<script type=\"application\/ld+json\" class=\"yoast-schema-graph\">{\"@context\":\"https:\\\/\\\/schema.org\",\"@graph\":[{\"@type\":\"Article\",\"@id\":\"https:\\\/\\\/www.bellunopress.it\\\/2020\\\/12\\\/26\\\/covid-rotta-in-veneto-situazione-grave-zaia-riconosca-il-suo-fallimento-noi-siamo-pronti-a-dare-una-mano\\\/#article\",\"isPartOf\":{\"@id\":\"https:\\\/\\\/www.bellunopress.it\\\/2020\\\/12\\\/26\\\/covid-rotta-in-veneto-situazione-grave-zaia-riconosca-il-suo-fallimento-noi-siamo-pronti-a-dare-una-mano\\\/\"},\"author\":{\"name\":\"redazione\",\"@id\":\"https:\\\/\\\/www.bellunopress.it\\\/#\\\/schema\\\/person\\\/79bb06722b37ece1c03d3e94beb30d73\"},\"headline\":\"Covid. Rotta: &#8220;In Veneto situazione grave. Zaia riconosca il suo fallimento, noi siamo pronti a dare una mano&#8221;\",\"datePublished\":\"2020-12-26T20:10:48+00:00\",\"mainEntityOfPage\":{\"@id\":\"https:\\\/\\\/www.bellunopress.it\\\/2020\\\/12\\\/26\\\/covid-rotta-in-veneto-situazione-grave-zaia-riconosca-il-suo-fallimento-noi-siamo-pronti-a-dare-una-mano\\\/\"},\"wordCount\":489,\"publisher\":{\"@id\":\"https:\\\/\\\/www.bellunopress.it\\\/#organization\"},\"image\":{\"@id\":\"https:\\\/\\\/www.bellunopress.it\\\/2020\\\/12\\\/26\\\/covid-rotta-in-veneto-situazione-grave-zaia-riconosca-il-suo-fallimento-noi-siamo-pronti-a-dare-una-mano\\\/#primaryimage\"},\"thumbnailUrl\":\"https:\\\/\\\/www.bellunopress.it\\\/wp-content\\\/uploads\\\/2020\\\/12\\\/Alessia-Rotta-Pd.jpeg\",\"articleSection\":[\"Cronaca\\\/Politica\",\"Prima Pagina\"],\"inLanguage\":\"fr-FR\"},{\"@type\":\"WebPage\",\"@id\":\"https:\\\/\\\/www.bellunopress.it\\\/2020\\\/12\\\/26\\\/covid-rotta-in-veneto-situazione-grave-zaia-riconosca-il-suo-fallimento-noi-siamo-pronti-a-dare-una-mano\\\/\",\"url\":\"https:\\\/\\\/www.bellunopress.it\\\/2020\\\/12\\\/26\\\/covid-rotta-in-veneto-situazione-grave-zaia-riconosca-il-suo-fallimento-noi-siamo-pronti-a-dare-una-mano\\\/\",\"name\":\"Covid. Rotta: \\\"In Veneto situazione grave. Zaia riconosca il suo fallimento, noi siamo pronti a dare una mano\\\" - Bellunopress - Dolomiti\",\"isPartOf\":{\"@id\":\"https:\\\/\\\/www.bellunopress.it\\\/#website\"},\"primaryImageOfPage\":{\"@id\":\"https:\\\/\\\/www.bellunopress.it\\\/2020\\\/12\\\/26\\\/covid-rotta-in-veneto-situazione-grave-zaia-riconosca-il-suo-fallimento-noi-siamo-pronti-a-dare-una-mano\\\/#primaryimage\"},\"image\":{\"@id\":\"https:\\\/\\\/www.bellunopress.it\\\/2020\\\/12\\\/26\\\/covid-rotta-in-veneto-situazione-grave-zaia-riconosca-il-suo-fallimento-noi-siamo-pronti-a-dare-una-mano\\\/#primaryimage\"},\"thumbnailUrl\":\"https:\\\/\\\/www.bellunopress.it\\\/wp-content\\\/uploads\\\/2020\\\/12\\\/Alessia-Rotta-Pd.jpeg\",\"datePublished\":\"2020-12-26T20:10:48+00:00\",\"breadcrumb\":{\"@id\":\"https:\\\/\\\/www.bellunopress.it\\\/2020\\\/12\\\/26\\\/covid-rotta-in-veneto-situazione-grave-zaia-riconosca-il-suo-fallimento-noi-siamo-pronti-a-dare-una-mano\\\/#breadcrumb\"},\"inLanguage\":\"fr-FR\",\"potentialAction\":[{\"@type\":\"ReadAction\",\"target\":[\"https:\\\/\\\/www.bellunopress.it\\\/2020\\\/12\\\/26\\\/covid-rotta-in-veneto-situazione-grave-zaia-riconosca-il-suo-fallimento-noi-siamo-pronti-a-dare-una-mano\\\/\"]}]},{\"@type\":\"ImageObject\",\"inLanguage\":\"fr-FR\",\"@id\":\"https:\\\/\\\/www.bellunopress.it\\\/2020\\\/12\\\/26\\\/covid-rotta-in-veneto-situazione-grave-zaia-riconosca-il-suo-fallimento-noi-siamo-pronti-a-dare-una-mano\\\/#primaryimage\",\"url\":\"https:\\\/\\\/www.bellunopress.it\\\/wp-content\\\/uploads\\\/2020\\\/12\\\/Alessia-Rotta-Pd.jpeg\",\"contentUrl\":\"https:\\\/\\\/www.bellunopress.it\\\/wp-content\\\/uploads\\\/2020\\\/12\\\/Alessia-Rotta-Pd.jpeg\",\"width\":225,\"height\":225,\"caption\":\"Alessia Rotta, deputato\"},{\"@type\":\"BreadcrumbList\",\"@id\":\"https:\\\/\\\/www.bellunopress.it\\\/2020\\\/12\\\/26\\\/covid-rotta-in-veneto-situazione-grave-zaia-riconosca-il-suo-fallimento-noi-siamo-pronti-a-dare-una-mano\\\/#breadcrumb\",\"itemListElement\":[{\"@type\":\"ListItem\",\"position\":1,\"name\":\"Home\",\"item\":\"https:\\\/\\\/www.bellunopress.it\\\/\"},{\"@type\":\"ListItem\",\"position\":2,\"name\":\"Covid. Rotta: &#8220;In Veneto situazione grave. Zaia riconosca il suo fallimento, noi siamo pronti a dare una mano&#8221;\"}]},{\"@type\":\"WebSite\",\"@id\":\"https:\\\/\\\/www.bellunopress.it\\\/#website\",\"url\":\"https:\\\/\\\/www.bellunopress.it\\\/\",\"name\":\"Bellunopress - Dolomiti\",\"description\":\"e-mail: redazione@bellunopress.it\",\"publisher\":{\"@id\":\"https:\\\/\\\/www.bellunopress.it\\\/#organization\"},\"potentialAction\":[{\"@type\":\"SearchAction\",\"target\":{\"@type\":\"EntryPoint\",\"urlTemplate\":\"https:\\\/\\\/www.bellunopress.it\\\/?s={search_term_string}\"},\"query-input\":{\"@type\":\"PropertyValueSpecification\",\"valueRequired\":true,\"valueName\":\"search_term_string\"}}],\"inLanguage\":\"fr-FR\"},{\"@type\":\"Organization\",\"@id\":\"https:\\\/\\\/www.bellunopress.it\\\/#organization\",\"name\":\"Bellunopress\",\"url\":\"https:\\\/\\\/www.bellunopress.it\\\/\",\"logo\":{\"@type\":\"ImageObject\",\"inLanguage\":\"fr-FR\",\"@id\":\"https:\\\/\\\/www.bellunopress.it\\\/#\\\/schema\\\/logo\\\/image\\\/\",\"url\":\"https:\\\/\\\/www.bellunopress.it\\\/wp-content\\\/uploads\\\/2011\\\/05\\\/cropped-logo-bellunopress-.jpg\",\"contentUrl\":\"https:\\\/\\\/www.bellunopress.it\\\/wp-content\\\/uploads\\\/2011\\\/05\\\/cropped-logo-bellunopress-.jpg\",\"width\":512,\"height\":512,\"caption\":\"Bellunopress\"},\"image\":{\"@id\":\"https:\\\/\\\/www.bellunopress.it\\\/#\\\/schema\\\/logo\\\/image\\\/\"},\"sameAs\":[\"https:\\\/\\\/www.facebook.com\\\/profile.php?id=100008943462799\",\"https:\\\/\\\/x.com\\\/bellunopress\",\"https:\\\/\\\/www.linkedin.com\\\/hp\\\/?dnr=JBzUWaJfMUw8vbXJJ2tVW5-I3jZKvC4wsoxE&amp;amp;amp;amp;amp;amp;trk=nav_responsive_tab_home\",\"https:\\\/\\\/www.youtube.com\\\/channel\\\/UCxL0wu1uN0_3_7hGG0306cw\"]},{\"@type\":\"Person\",\"@id\":\"https:\\\/\\\/www.bellunopress.it\\\/#\\\/schema\\\/person\\\/79bb06722b37ece1c03d3e94beb30d73\",\"name\":\"redazione\",\"image\":{\"@type\":\"ImageObject\",\"inLanguage\":\"fr-FR\",\"@id\":\"https:\\\/\\\/secure.gravatar.com\\\/avatar\\\/37d968a2e67a6fd04c169c4bdef102d0bc5d31b2546345219e348575eb80e9a0?s=96&d=mm&r=g\",\"url\":\"https:\\\/\\\/secure.gravatar.com\\\/avatar\\\/37d968a2e67a6fd04c169c4bdef102d0bc5d31b2546345219e348575eb80e9a0?s=96&d=mm&r=g\",\"contentUrl\":\"https:\\\/\\\/secure.gravatar.com\\\/avatar\\\/37d968a2e67a6fd04c169c4bdef102d0bc5d31b2546345219e348575eb80e9a0?s=96&d=mm&r=g\",\"caption\":\"redazione\"},\"sameAs\":[\"http:\\\/\\\/www.bellunopress.it\",\"https:\\\/\\\/x.com\\\/bellunopress\"],\"url\":\"https:\\\/\\\/www.bellunopress.it\\\/fr\\\/author\\\/redazione\\\/\"}]}<\/script>\n<!-- \/ Yoast SEO plugin. -->","yoast_head_json":{"title":"Covid. Rotta: \"In Veneto situazione grave. Zaia riconosca il suo fallimento, noi siamo pronti a dare una mano\" - Bellunopress - Dolomiti","robots":{"index":"index","follow":"follow","max-snippet":"max-snippet:-1","max-image-preview":"max-image-preview:large","max-video-preview":"max-video-preview:-1"},"canonical":"https:\/\/www.bellunopress.it\/fr\/2020\/12\/26\/covid-rotta-in-veneto-situazione-grave-zaia-riconosca-il-suo-fallimento-noi-siamo-pronti-a-dare-una-mano\/","og_locale":"fr_FR","og_type":"article","og_title":"Covid. Rotta: \"In Veneto situazione grave. Zaia riconosca il suo fallimento, noi siamo pronti a dare una mano\" - Bellunopress - Dolomiti","og_description":"Roma, 26 dicembre 2020 &#8220;Adesso basta conferenze stampa su letalit\u00e0, validit\u00e0 dei test e adattamento del virus, ma soluzioni per contenere il dilagare dell&#8217;epidemia, migliorare la situazione, fermare la crescita dei decessi, delle sofferenze, liberare reparti per assistere i malati non COVID e proposte per sostenere la vita economica e sociale della nostra comunit\u00e0&#8221; Questo [&hellip;]","og_url":"https:\/\/www.bellunopress.it\/fr\/2020\/12\/26\/covid-rotta-in-veneto-situazione-grave-zaia-riconosca-il-suo-fallimento-noi-siamo-pronti-a-dare-una-mano\/","og_site_name":"Bellunopress - Dolomiti","article_publisher":"https:\/\/www.facebook.com\/profile.php?id=100008943462799","article_published_time":"2020-12-26T20:10:48+00:00","og_image":[{"width":225,"height":225,"url":"https:\/\/www.bellunopress.it\/wp-content\/uploads\/2020\/12\/Alessia-Rotta-Pd.jpeg","type":"image\/jpeg"}],"author":"redazione","twitter_card":"summary_large_image","twitter_creator":"@bellunopress","twitter_site":"@bellunopress","twitter_misc":{"\u00c9crit par":"redazione","Dur\u00e9e de lecture estim\u00e9e":"2 minutes"},"schema":{"@context":"https:\/\/schema.org","@graph":[{"@type":"Article","@id":"https:\/\/www.bellunopress.it\/2020\/12\/26\/covid-rotta-in-veneto-situazione-grave-zaia-riconosca-il-suo-fallimento-noi-siamo-pronti-a-dare-una-mano\/#article","isPartOf":{"@id":"https:\/\/www.bellunopress.it\/2020\/12\/26\/covid-rotta-in-veneto-situazione-grave-zaia-riconosca-il-suo-fallimento-noi-siamo-pronti-a-dare-una-mano\/"},"author":{"name":"redazione","@id":"https:\/\/www.bellunopress.it\/#\/schema\/person\/79bb06722b37ece1c03d3e94beb30d73"},"headline":"Covid. Rotta: &#8220;In Veneto situazione grave. Zaia riconosca il suo fallimento, noi siamo pronti a dare una mano&#8221;","datePublished":"2020-12-26T20:10:48+00:00","mainEntityOfPage":{"@id":"https:\/\/www.bellunopress.it\/2020\/12\/26\/covid-rotta-in-veneto-situazione-grave-zaia-riconosca-il-suo-fallimento-noi-siamo-pronti-a-dare-una-mano\/"},"wordCount":489,"publisher":{"@id":"https:\/\/www.bellunopress.it\/#organization"},"image":{"@id":"https:\/\/www.bellunopress.it\/2020\/12\/26\/covid-rotta-in-veneto-situazione-grave-zaia-riconosca-il-suo-fallimento-noi-siamo-pronti-a-dare-una-mano\/#primaryimage"},"thumbnailUrl":"https:\/\/www.bellunopress.it\/wp-content\/uploads\/2020\/12\/Alessia-Rotta-Pd.jpeg","articleSection":["Cronaca\/Politica","Prima Pagina"],"inLanguage":"fr-FR"},{"@type":"WebPage","@id":"https:\/\/www.bellunopress.it\/2020\/12\/26\/covid-rotta-in-veneto-situazione-grave-zaia-riconosca-il-suo-fallimento-noi-siamo-pronti-a-dare-una-mano\/","url":"https:\/\/www.bellunopress.it\/2020\/12\/26\/covid-rotta-in-veneto-situazione-grave-zaia-riconosca-il-suo-fallimento-noi-siamo-pronti-a-dare-una-mano\/","name":"Covid. Rotta: \"In Veneto situazione grave. Zaia riconosca il suo fallimento, noi siamo pronti a dare una mano\" - Bellunopress - Dolomiti","isPartOf":{"@id":"https:\/\/www.bellunopress.it\/#website"},"primaryImageOfPage":{"@id":"https:\/\/www.bellunopress.it\/2020\/12\/26\/covid-rotta-in-veneto-situazione-grave-zaia-riconosca-il-suo-fallimento-noi-siamo-pronti-a-dare-una-mano\/#primaryimage"},"image":{"@id":"https:\/\/www.bellunopress.it\/2020\/12\/26\/covid-rotta-in-veneto-situazione-grave-zaia-riconosca-il-suo-fallimento-noi-siamo-pronti-a-dare-una-mano\/#primaryimage"},"thumbnailUrl":"https:\/\/www.bellunopress.it\/wp-content\/uploads\/2020\/12\/Alessia-Rotta-Pd.jpeg","datePublished":"2020-12-26T20:10:48+00:00","breadcrumb":{"@id":"https:\/\/www.bellunopress.it\/2020\/12\/26\/covid-rotta-in-veneto-situazione-grave-zaia-riconosca-il-suo-fallimento-noi-siamo-pronti-a-dare-una-mano\/#breadcrumb"},"inLanguage":"fr-FR","potentialAction":[{"@type":"ReadAction","target":["https:\/\/www.bellunopress.it\/2020\/12\/26\/covid-rotta-in-veneto-situazione-grave-zaia-riconosca-il-suo-fallimento-noi-siamo-pronti-a-dare-una-mano\/"]}]},{"@type":"ImageObject","inLanguage":"fr-FR","@id":"https:\/\/www.bellunopress.it\/2020\/12\/26\/covid-rotta-in-veneto-situazione-grave-zaia-riconosca-il-suo-fallimento-noi-siamo-pronti-a-dare-una-mano\/#primaryimage","url":"https:\/\/www.bellunopress.it\/wp-content\/uploads\/2020\/12\/Alessia-Rotta-Pd.jpeg","contentUrl":"https:\/\/www.bellunopress.it\/wp-content\/uploads\/2020\/12\/Alessia-Rotta-Pd.jpeg","width":225,"height":225,"caption":"Alessia Rotta, deputato"},{"@type":"BreadcrumbList","@id":"https:\/\/www.bellunopress.it\/2020\/12\/26\/covid-rotta-in-veneto-situazione-grave-zaia-riconosca-il-suo-fallimento-noi-siamo-pronti-a-dare-una-mano\/#breadcrumb","itemListElement":[{"@type":"ListItem","position":1,"name":"Home","item":"https:\/\/www.bellunopress.it\/"},{"@type":"ListItem","position":2,"name":"Covid. Rotta: &#8220;In Veneto situazione grave. Zaia riconosca il suo fallimento, noi siamo pronti a dare una mano&#8221;"}]},{"@type":"WebSite","@id":"https:\/\/www.bellunopress.it\/#website","url":"https:\/\/www.bellunopress.it\/","name":"Bellunopress - Dolomiti","description":"e-mail: redazione@bellunopress.it","publisher":{"@id":"https:\/\/www.bellunopress.it\/#organization"},"potentialAction":[{"@type":"SearchAction","target":{"@type":"EntryPoint","urlTemplate":"https:\/\/www.bellunopress.it\/?s={search_term_string}"},"query-input":{"@type":"PropertyValueSpecification","valueRequired":true,"valueName":"search_term_string"}}],"inLanguage":"fr-FR"},{"@type":"Organization","@id":"https:\/\/www.bellunopress.it\/#organization","name":"Bellunopress","url":"https:\/\/www.bellunopress.it\/","logo":{"@type":"ImageObject","inLanguage":"fr-FR","@id":"https:\/\/www.bellunopress.it\/#\/schema\/logo\/image\/","url":"https:\/\/www.bellunopress.it\/wp-content\/uploads\/2011\/05\/cropped-logo-bellunopress-.jpg","contentUrl":"https:\/\/www.bellunopress.it\/wp-content\/uploads\/2011\/05\/cropped-logo-bellunopress-.jpg","width":512,"height":512,"caption":"Bellunopress"},"image":{"@id":"https:\/\/www.bellunopress.it\/#\/schema\/logo\/image\/"},"sameAs":["https:\/\/www.facebook.com\/profile.php?id=100008943462799","https:\/\/x.com\/bellunopress","https:\/\/www.linkedin.com\/hp\/?dnr=JBzUWaJfMUw8vbXJJ2tVW5-I3jZKvC4wsoxE&amp;amp;amp;amp;amp;amp;trk=nav_responsive_tab_home","https:\/\/www.youtube.com\/channel\/UCxL0wu1uN0_3_7hGG0306cw"]},{"@type":"Person","@id":"https:\/\/www.bellunopress.it\/#\/schema\/person\/79bb06722b37ece1c03d3e94beb30d73","name":"r\u00e9daction","image":{"@type":"ImageObject","inLanguage":"fr-FR","@id":"https:\/\/secure.gravatar.com\/avatar\/37d968a2e67a6fd04c169c4bdef102d0bc5d31b2546345219e348575eb80e9a0?s=96&d=mm&r=g","url":"https:\/\/secure.gravatar.com\/avatar\/37d968a2e67a6fd04c169c4bdef102d0bc5d31b2546345219e348575eb80e9a0?s=96&d=mm&r=g","contentUrl":"https:\/\/secure.gravatar.com\/avatar\/37d968a2e67a6fd04c169c4bdef102d0bc5d31b2546345219e348575eb80e9a0?s=96&d=mm&r=g","caption":"redazione"},"sameAs":["http:\/\/www.bellunopress.it","https:\/\/x.com\/bellunopress"],"url":"https:\/\/www.bellunopress.it\/fr\/author\/redazione\/"}]}},"_links":{"self":[{"href":"https:\/\/www.bellunopress.it\/fr\/wp-json\/wp\/v2\/posts\/120411","targetHints":{"allow":["GET"]}}],"collection":[{"href":"https:\/\/www.bellunopress.it\/fr\/wp-json\/wp\/v2\/posts"}],"about":[{"href":"https:\/\/www.bellunopress.it\/fr\/wp-json\/wp\/v2\/types\/post"}],"author":[{"embeddable":true,"href":"https:\/\/www.bellunopress.it\/fr\/wp-json\/wp\/v2\/users\/2"}],"replies":[{"embeddable":true,"href":"https:\/\/www.bellunopress.it\/fr\/wp-json\/wp\/v2\/comments?post=120411"}],"version-history":[{"count":1,"href":"https:\/\/www.bellunopress.it\/fr\/wp-json\/wp\/v2\/posts\/120411\/revisions"}],"predecessor-version":[{"id":120412,"href":"https:\/\/www.bellunopress.it\/fr\/wp-json\/wp\/v2\/posts\/120411\/revisions\/120412"}],"wp:featuredmedia":[{"embeddable":true,"href":"https:\/\/www.bellunopress.it\/fr\/wp-json\/wp\/v2\/media\/120147"}],"wp:attachment":[{"href":"https:\/\/www.bellunopress.it\/fr\/wp-json\/wp\/v2\/media?parent=120411"}],"wp:term":[{"taxonomy":"category","embeddable":true,"href":"https:\/\/www.bellunopress.it\/fr\/wp-json\/wp\/v2\/categories?post=120411"},{"taxonomy":"post_tag","embeddable":true,"href":"https:\/\/www.bellunopress.it\/fr\/wp-json\/wp\/v2\/tags?post=120411"}],"curies":[{"name":"wp","href":"https:\/\/api.w.org\/{rel}","templated":true}]}}