{"id":120404,"date":"2020-12-26T14:42:18","date_gmt":"2020-12-26T13:42:18","guid":{"rendered":"http:\/\/www.bellunopress.it\/?p=120404"},"modified":"2020-12-26T14:42:51","modified_gmt":"2020-12-26T13:42:51","slug":"attentato-a-napoleone-iii-il-nipote-di-crispi-smentisce-avvalorato-dallo-scritto-del-mayor-aveva-un-animo-troppo-gentile-per-un-atto-individuale-di-strage","status":"publish","type":"post","link":"https:\/\/www.bellunopress.it\/fr\/2020\/12\/26\/attentato-a-napoleone-iii-il-nipote-di-crispi-smentisce-avvalorato-dallo-scritto-del-mayor-aveva-un-animo-troppo-gentile-per-un-atto-individuale-di-strage\/","title":{"rendered":"Attentato a Napoleone III\u00b0. Il nipote di Crispi smentisce, avvalorato dallo scritto del Mayor: \u201cAveva un animo troppo gentile per un atto individuale di strage\u201d"},"content":{"rendered":"<figure id=\"attachment_120405\" aria-describedby=\"caption-attachment-120405\" style=\"width: 512px\" class=\"wp-caption alignleft\"><a href=\"http:\/\/www.bellunopress.it\/fr\/2020\/12\/26\/attentato-a-napoleone-iii-il-nipote-di-crispi-smentisce-avvalorato-dallo-scritto-del-mayor-aveva-un-animo-troppo-gentile-per-un-atto-individuale-di-strage\/attentato-a-napoleone-iii\/\" rel=\"attachment wp-att-120405\"><img loading=\"lazy\" decoding=\"async\" class=\"size-full wp-image-120405\" src=\"http:\/\/www.bellunopress.it\/wp-content\/uploads\/2020\/12\/attentato-a-Napoleone-III.jpg\" alt=\"\" width=\"512\" height=\"329\" srcset=\"https:\/\/www.bellunopress.it\/wp-content\/uploads\/2020\/12\/attentato-a-Napoleone-III.jpg 512w, https:\/\/www.bellunopress.it\/wp-content\/uploads\/2020\/12\/attentato-a-Napoleone-III-500x321.jpg 500w\" sizes=\"auto, (max-width: 512px) 100vw, 512px\" \/><\/a><figcaption id=\"caption-attachment-120405\" class=\"wp-caption-text\">Attentato a Napoleone III\u00b0<\/figcaption><\/figure>\n<p>Il 17 agosto 1908 interviene il nipote di Francesco Crispi sul Messaggero per smentire la <a href=\"https:\/\/www.bellunopress.it\/fr\/2020\/12\/25\/fu-crispi-a-lanciare-la-terza-bomba-contro-napoleone-iii-oppure-linglese-ogger\/\">partecipazione attiva dello zio all\u2019attentato contro Napoleone III\u00b0<\/a>. L\u2019ex deputato Palamenghi-Crispi sostiene che \u201cl\u2019ipotesi di partecipazione del Crispi a quell\u2019atroce attentato \u00e8 inammissibile, perch\u00e9 partecipazione non vi fu. <a href=\"https:\/\/www.bellunopress.it\/fr\/2020\/12\/24\/lattentato-di-orsini-a-napoleone-iii-e-la-testimonianza-del-conte-bellunese-carlo-di-rudio\/\">Di Rudio racconta una fiaba<\/a> dicendo d\u2019aver veduto Crispi la sera dell\u2019attentato. Fra le carte che religiosamente mio zio raccolse e custodiva, e ora attendono non so quale mercato, vi sono documenti del 1858 sull\u2019argomento. Non potendo citare quelli, giova riferire una pagina della biografia di Crispi che Edmondo Mayor (Francesco Luigi Edmondo Mayor Des Planches, barone, diplomatico e politico italiano ndr), attuale ambasciatore d\u2019Italia a Washington, cominci\u00f2 e non fin\u00ec negli anni che con Francesco Crispi ministro degli esteri, ebbe consuetudini quotidiane alla Consulta. Il Mayor, profittando dei momenti di riposo a tavola o in ferrovia, interrogava o scriveva. Cos\u00ec, molti racconti da lui raccolti, hanno il suggello dell\u2019autenticit\u00e0\u201d. Cos\u00ec riferisce Palamenghi-Crispi ci\u00f2 che gli disse Mayor: \u201cIl 14 gennaio 1858 aveva luogo l\u2019attentato di Felice Orsini contro Napoleone III\u00b0. Francesco Crispi allora abitava al Boulevard Pigalle, presso la barriera di Clichy, un quartiere di emigranti. V\u2019andavano verso le 8, conversavano soprattutto di politica, poich\u00e9 questa non cessava d\u2019occupare gli spiriti. Si scambiavano le notizie che venivano da fuori, ciascuno avendo i propri corrispondenti, e si facevano progetti per l\u2019avvenire. Inutile dire che i pi\u00f9 assidui a tale riunione, erano tutti pi\u00f9 o meno sospetti alla polizia francese. La sera dell\u2019attentato Crispi, che secondo la sua abitudine aveva cenato frugalmente in casa, attese invano i suoi consueti visitatori. Il tempo era assai freddo e non invitava a venire da lontano in un quartiere eccentrico. Nessuno comparve. Crispi lavor\u00f2 fino a una data ora. Un nipote, che divideva il suo modesto appartamento, era rincasato. Era tardi e andarono a letto. Crispi aveva conosciuto Orsini a Londra nel 1855. Conosciuto \u00e8 dir troppo: l\u2019aveva trovato dal Mazzini, ma non aveva stretto nessuna relazione con lui. Si sentiva poco attratto verso un personaggio che gli sembrava troppo indisciplinato per ben difendere una buona causa. Nel momento in cui si preparava l\u2019attentato in via Le Peletier, Crispi ignorava che Felice Orsini fosse a Parigi. Tutto era quieto presso l\u2019esule italiano, quando, verso la mezzanotte, colpi violenti all\u2019uscio di casa lo svegliarono di soprassalto. Polizia, aprite in nome della legge\u201d. Segue la perquisizione, il sequestro delle carte e la traduzione del Crispi in Prefettura, cos\u00ec descritta dal Mayor. \u201cAlla Prefettura di polizia il Crispi non rimase che poche ore. Il commissario che l\u2019aveva arrestato fece il suo rapporto. Le carte sequestrate furono esaminate. Seduto nell\u2019anticamera di Pietri, il prefetto di polizia, Crispi assisteva silenziosamente all\u2019andirivieni degli agenti. Del resto, si erano raccolte in suo favore delle deposizioni concludenti. Era provato che non aveva messo piede fuori casa in tutta la serata. Non poteva dunque avere avuto una parte diretta nell\u2019attentato e nulla dal canto suo aveva tradito la minima conoscenza del fatto. Le risposte erano state chiare e perentorie. Crispi fu messo in libert\u00e0 verso le 4 del mattino. E le sue carte gli furono restituite dopo alcuni giorni\u201d. \u201cCrispi \u2013 conclude il nipote Palamenghi-Crispi, commentando lo scritto del Mayor &#8211; fu un audace cospiratore, lo dimostr\u00f2 nei due viaggi che, travestito, fece nel 1859 in Sicilia, dove pesava su di lui una condanna capitale. Ma il suo animo era troppo gentile per un atto individuale di strage\u201d.<\/p>\n<p>(rdn)<\/p>\n<p>fonte: archivio Corriere della Sera<\/p>\n<p>3-continua<\/p>\n<p>&nbsp;<\/p>","protected":false},"excerpt":{"rendered":"<p>Il 17 agosto 1908 interviene il nipote di Francesco Crispi sul Messaggero per smentire la partecipazione attiva dello zio all\u2019attentato contro Napoleone III\u00b0. L\u2019ex deputato Palamenghi-Crispi sostiene che \u201cl\u2019ipotesi di partecipazione del Crispi a quell\u2019atroce attentato \u00e8 inammissibile, perch\u00e9 partecipazione non vi fu. Di Rudio racconta una fiaba dicendo d\u2019aver veduto Crispi la sera dell\u2019attentato. [&hellip;]<\/p>\n","protected":false},"author":2,"featured_media":120405,"comment_status":"closed","ping_status":"open","sticky":false,"template":"","format":"standard","meta":{"footnotes":""},"categories":[3,26],"tags":[],"class_list":["post-120404","post","type-post","status-publish","format-standard","has-post-thumbnail","category-arte-cultura-spettacoli-scienza-archivi","category-prima-pagina"],"yoast_head":"<!-- This site is optimized with the Yoast SEO plugin v28.4 - https:\/\/yoast.com\/product\/yoast-seo-wordpress\/ -->\n<title>Attentato a Napoleone III\u00b0. Il nipote di Crispi smentisce, avvalorato dallo scritto del Mayor: \u201cAveva un animo troppo gentile per un atto individuale di strage\u201d - Bellunopress - Dolomiti<\/title>\n<meta name=\"robots\" content=\"index, follow, max-snippet:-1, max-image-preview:large, max-video-preview:-1\" \/>\n<link rel=\"canonical\" href=\"https:\/\/www.bellunopress.it\/fr\/2020\/12\/26\/attentato-a-napoleone-iii-il-nipote-di-crispi-smentisce-avvalorato-dallo-scritto-del-mayor-aveva-un-animo-troppo-gentile-per-un-atto-individuale-di-strage\/\" \/>\n<meta property=\"og:locale\" content=\"fr_FR\" \/>\n<meta property=\"og:type\" content=\"article\" \/>\n<meta property=\"og:title\" content=\"Attentato a Napoleone III\u00b0. Il nipote di Crispi smentisce, avvalorato dallo scritto del Mayor: \u201cAveva un animo troppo gentile per un atto individuale di strage\u201d - Bellunopress - Dolomiti\" \/>\n<meta property=\"og:description\" content=\"Il 17 agosto 1908 interviene il nipote di Francesco Crispi sul Messaggero per smentire la partecipazione attiva dello zio all\u2019attentato contro Napoleone III\u00b0. L\u2019ex deputato Palamenghi-Crispi sostiene che \u201cl\u2019ipotesi di partecipazione del Crispi a quell\u2019atroce attentato \u00e8 inammissibile, perch\u00e9 partecipazione non vi fu. Di Rudio racconta una fiaba dicendo d\u2019aver veduto Crispi la sera dell\u2019attentato. [&hellip;]\" \/>\n<meta property=\"og:url\" content=\"https:\/\/www.bellunopress.it\/fr\/2020\/12\/26\/attentato-a-napoleone-iii-il-nipote-di-crispi-smentisce-avvalorato-dallo-scritto-del-mayor-aveva-un-animo-troppo-gentile-per-un-atto-individuale-di-strage\/\" \/>\n<meta property=\"og:site_name\" content=\"Bellunopress - Dolomiti\" \/>\n<meta property=\"article:publisher\" content=\"https:\/\/www.facebook.com\/profile.php?id=100008943462799\" \/>\n<meta property=\"article:published_time\" content=\"2020-12-26T13:42:18+00:00\" \/>\n<meta property=\"article:modified_time\" content=\"2020-12-26T13:42:51+00:00\" \/>\n<meta property=\"og:image\" content=\"https:\/\/www.bellunopress.it\/wp-content\/uploads\/2020\/12\/attentato-a-Napoleone-III.jpg\" \/>\n\t<meta property=\"og:image:width\" content=\"512\" \/>\n\t<meta property=\"og:image:height\" content=\"329\" \/>\n\t<meta property=\"og:image:type\" content=\"image\/jpeg\" \/>\n<meta name=\"author\" content=\"redazione\" \/>\n<meta name=\"twitter:card\" content=\"summary_large_image\" \/>\n<meta name=\"twitter:creator\" content=\"@bellunopress\" \/>\n<meta name=\"twitter:site\" content=\"@bellunopress\" \/>\n<meta name=\"twitter:label1\" content=\"\u00c9crit par\" \/>\n\t<meta name=\"twitter:data1\" content=\"redazione\" \/>\n\t<meta name=\"twitter:label2\" content=\"Dur\u00e9e de lecture estim\u00e9e\" \/>\n\t<meta name=\"twitter:data2\" content=\"3 minutes\" \/>\n<script type=\"application\/ld+json\" class=\"yoast-schema-graph\">{\"@context\":\"https:\\\/\\\/schema.org\",\"@graph\":[{\"@type\":\"Article\",\"@id\":\"https:\\\/\\\/www.bellunopress.it\\\/2020\\\/12\\\/26\\\/attentato-a-napoleone-iii-il-nipote-di-crispi-smentisce-avvalorato-dallo-scritto-del-mayor-aveva-un-animo-troppo-gentile-per-un-atto-individuale-di-strage\\\/#article\",\"isPartOf\":{\"@id\":\"https:\\\/\\\/www.bellunopress.it\\\/2020\\\/12\\\/26\\\/attentato-a-napoleone-iii-il-nipote-di-crispi-smentisce-avvalorato-dallo-scritto-del-mayor-aveva-un-animo-troppo-gentile-per-un-atto-individuale-di-strage\\\/\"},\"author\":{\"name\":\"redazione\",\"@id\":\"https:\\\/\\\/www.bellunopress.it\\\/#\\\/schema\\\/person\\\/79bb06722b37ece1c03d3e94beb30d73\"},\"headline\":\"Attentato a Napoleone III\u00b0. Il nipote di Crispi smentisce, avvalorato dallo scritto del Mayor: \u201cAveva un animo troppo gentile per un atto individuale di strage\u201d\",\"datePublished\":\"2020-12-26T13:42:18+00:00\",\"dateModified\":\"2020-12-26T13:42:51+00:00\",\"mainEntityOfPage\":{\"@id\":\"https:\\\/\\\/www.bellunopress.it\\\/2020\\\/12\\\/26\\\/attentato-a-napoleone-iii-il-nipote-di-crispi-smentisce-avvalorato-dallo-scritto-del-mayor-aveva-un-animo-troppo-gentile-per-un-atto-individuale-di-strage\\\/\"},\"wordCount\":621,\"publisher\":{\"@id\":\"https:\\\/\\\/www.bellunopress.it\\\/#organization\"},\"image\":{\"@id\":\"https:\\\/\\\/www.bellunopress.it\\\/2020\\\/12\\\/26\\\/attentato-a-napoleone-iii-il-nipote-di-crispi-smentisce-avvalorato-dallo-scritto-del-mayor-aveva-un-animo-troppo-gentile-per-un-atto-individuale-di-strage\\\/#primaryimage\"},\"thumbnailUrl\":\"https:\\\/\\\/www.bellunopress.it\\\/wp-content\\\/uploads\\\/2020\\\/12\\\/attentato-a-Napoleone-III.jpg\",\"articleSection\":[\"Arte, Cultura, Spettacoli, Scienza\",\"Prima Pagina\"],\"inLanguage\":\"fr-FR\"},{\"@type\":\"WebPage\",\"@id\":\"https:\\\/\\\/www.bellunopress.it\\\/2020\\\/12\\\/26\\\/attentato-a-napoleone-iii-il-nipote-di-crispi-smentisce-avvalorato-dallo-scritto-del-mayor-aveva-un-animo-troppo-gentile-per-un-atto-individuale-di-strage\\\/\",\"url\":\"https:\\\/\\\/www.bellunopress.it\\\/2020\\\/12\\\/26\\\/attentato-a-napoleone-iii-il-nipote-di-crispi-smentisce-avvalorato-dallo-scritto-del-mayor-aveva-un-animo-troppo-gentile-per-un-atto-individuale-di-strage\\\/\",\"name\":\"Attentato a Napoleone III\u00b0. Il nipote di Crispi smentisce, avvalorato dallo scritto del Mayor: \u201cAveva un animo troppo gentile per un atto individuale di strage\u201d - Bellunopress - Dolomiti\",\"isPartOf\":{\"@id\":\"https:\\\/\\\/www.bellunopress.it\\\/#website\"},\"primaryImageOfPage\":{\"@id\":\"https:\\\/\\\/www.bellunopress.it\\\/2020\\\/12\\\/26\\\/attentato-a-napoleone-iii-il-nipote-di-crispi-smentisce-avvalorato-dallo-scritto-del-mayor-aveva-un-animo-troppo-gentile-per-un-atto-individuale-di-strage\\\/#primaryimage\"},\"image\":{\"@id\":\"https:\\\/\\\/www.bellunopress.it\\\/2020\\\/12\\\/26\\\/attentato-a-napoleone-iii-il-nipote-di-crispi-smentisce-avvalorato-dallo-scritto-del-mayor-aveva-un-animo-troppo-gentile-per-un-atto-individuale-di-strage\\\/#primaryimage\"},\"thumbnailUrl\":\"https:\\\/\\\/www.bellunopress.it\\\/wp-content\\\/uploads\\\/2020\\\/12\\\/attentato-a-Napoleone-III.jpg\",\"datePublished\":\"2020-12-26T13:42:18+00:00\",\"dateModified\":\"2020-12-26T13:42:51+00:00\",\"breadcrumb\":{\"@id\":\"https:\\\/\\\/www.bellunopress.it\\\/2020\\\/12\\\/26\\\/attentato-a-napoleone-iii-il-nipote-di-crispi-smentisce-avvalorato-dallo-scritto-del-mayor-aveva-un-animo-troppo-gentile-per-un-atto-individuale-di-strage\\\/#breadcrumb\"},\"inLanguage\":\"fr-FR\",\"potentialAction\":[{\"@type\":\"ReadAction\",\"target\":[\"https:\\\/\\\/www.bellunopress.it\\\/2020\\\/12\\\/26\\\/attentato-a-napoleone-iii-il-nipote-di-crispi-smentisce-avvalorato-dallo-scritto-del-mayor-aveva-un-animo-troppo-gentile-per-un-atto-individuale-di-strage\\\/\"]}]},{\"@type\":\"ImageObject\",\"inLanguage\":\"fr-FR\",\"@id\":\"https:\\\/\\\/www.bellunopress.it\\\/2020\\\/12\\\/26\\\/attentato-a-napoleone-iii-il-nipote-di-crispi-smentisce-avvalorato-dallo-scritto-del-mayor-aveva-un-animo-troppo-gentile-per-un-atto-individuale-di-strage\\\/#primaryimage\",\"url\":\"https:\\\/\\\/www.bellunopress.it\\\/wp-content\\\/uploads\\\/2020\\\/12\\\/attentato-a-Napoleone-III.jpg\",\"contentUrl\":\"https:\\\/\\\/www.bellunopress.it\\\/wp-content\\\/uploads\\\/2020\\\/12\\\/attentato-a-Napoleone-III.jpg\",\"width\":512,\"height\":329,\"caption\":\"Attentato a Napoleone III\u00b0\"},{\"@type\":\"BreadcrumbList\",\"@id\":\"https:\\\/\\\/www.bellunopress.it\\\/2020\\\/12\\\/26\\\/attentato-a-napoleone-iii-il-nipote-di-crispi-smentisce-avvalorato-dallo-scritto-del-mayor-aveva-un-animo-troppo-gentile-per-un-atto-individuale-di-strage\\\/#breadcrumb\",\"itemListElement\":[{\"@type\":\"ListItem\",\"position\":1,\"name\":\"Home\",\"item\":\"https:\\\/\\\/www.bellunopress.it\\\/\"},{\"@type\":\"ListItem\",\"position\":2,\"name\":\"Attentato a Napoleone III\u00b0. Il nipote di Crispi smentisce, avvalorato dallo scritto del Mayor: \u201cAveva un animo troppo gentile per un atto individuale di strage\u201d\"}]},{\"@type\":\"WebSite\",\"@id\":\"https:\\\/\\\/www.bellunopress.it\\\/#website\",\"url\":\"https:\\\/\\\/www.bellunopress.it\\\/\",\"name\":\"Bellunopress - Dolomiti\",\"description\":\"e-mail: redazione@bellunopress.it\",\"publisher\":{\"@id\":\"https:\\\/\\\/www.bellunopress.it\\\/#organization\"},\"potentialAction\":[{\"@type\":\"SearchAction\",\"target\":{\"@type\":\"EntryPoint\",\"urlTemplate\":\"https:\\\/\\\/www.bellunopress.it\\\/?s={search_term_string}\"},\"query-input\":{\"@type\":\"PropertyValueSpecification\",\"valueRequired\":true,\"valueName\":\"search_term_string\"}}],\"inLanguage\":\"fr-FR\"},{\"@type\":\"Organization\",\"@id\":\"https:\\\/\\\/www.bellunopress.it\\\/#organization\",\"name\":\"Bellunopress\",\"url\":\"https:\\\/\\\/www.bellunopress.it\\\/\",\"logo\":{\"@type\":\"ImageObject\",\"inLanguage\":\"fr-FR\",\"@id\":\"https:\\\/\\\/www.bellunopress.it\\\/#\\\/schema\\\/logo\\\/image\\\/\",\"url\":\"https:\\\/\\\/www.bellunopress.it\\\/wp-content\\\/uploads\\\/2011\\\/05\\\/cropped-logo-bellunopress-.jpg\",\"contentUrl\":\"https:\\\/\\\/www.bellunopress.it\\\/wp-content\\\/uploads\\\/2011\\\/05\\\/cropped-logo-bellunopress-.jpg\",\"width\":512,\"height\":512,\"caption\":\"Bellunopress\"},\"image\":{\"@id\":\"https:\\\/\\\/www.bellunopress.it\\\/#\\\/schema\\\/logo\\\/image\\\/\"},\"sameAs\":[\"https:\\\/\\\/www.facebook.com\\\/profile.php?id=100008943462799\",\"https:\\\/\\\/x.com\\\/bellunopress\",\"https:\\\/\\\/www.linkedin.com\\\/hp\\\/?dnr=JBzUWaJfMUw8vbXJJ2tVW5-I3jZKvC4wsoxE&amp;amp;amp;amp;amp;amp;trk=nav_responsive_tab_home\",\"https:\\\/\\\/www.youtube.com\\\/channel\\\/UCxL0wu1uN0_3_7hGG0306cw\"]},{\"@type\":\"Person\",\"@id\":\"https:\\\/\\\/www.bellunopress.it\\\/#\\\/schema\\\/person\\\/79bb06722b37ece1c03d3e94beb30d73\",\"name\":\"redazione\",\"image\":{\"@type\":\"ImageObject\",\"inLanguage\":\"fr-FR\",\"@id\":\"https:\\\/\\\/secure.gravatar.com\\\/avatar\\\/37d968a2e67a6fd04c169c4bdef102d0bc5d31b2546345219e348575eb80e9a0?s=96&d=mm&r=g\",\"url\":\"https:\\\/\\\/secure.gravatar.com\\\/avatar\\\/37d968a2e67a6fd04c169c4bdef102d0bc5d31b2546345219e348575eb80e9a0?s=96&d=mm&r=g\",\"contentUrl\":\"https:\\\/\\\/secure.gravatar.com\\\/avatar\\\/37d968a2e67a6fd04c169c4bdef102d0bc5d31b2546345219e348575eb80e9a0?s=96&d=mm&r=g\",\"caption\":\"redazione\"},\"sameAs\":[\"http:\\\/\\\/www.bellunopress.it\",\"https:\\\/\\\/x.com\\\/bellunopress\"],\"url\":\"https:\\\/\\\/www.bellunopress.it\\\/fr\\\/author\\\/redazione\\\/\"}]}<\/script>\n<!-- \/ Yoast SEO plugin. -->","yoast_head_json":{"title":"Attentato a Napoleone III\u00b0. Il nipote di Crispi smentisce, avvalorato dallo scritto del Mayor: \u201cAveva un animo troppo gentile per un atto individuale di strage\u201d - Bellunopress - Dolomiti","robots":{"index":"index","follow":"follow","max-snippet":"max-snippet:-1","max-image-preview":"max-image-preview:large","max-video-preview":"max-video-preview:-1"},"canonical":"https:\/\/www.bellunopress.it\/fr\/2020\/12\/26\/attentato-a-napoleone-iii-il-nipote-di-crispi-smentisce-avvalorato-dallo-scritto-del-mayor-aveva-un-animo-troppo-gentile-per-un-atto-individuale-di-strage\/","og_locale":"fr_FR","og_type":"article","og_title":"Attentato a Napoleone III\u00b0. Il nipote di Crispi smentisce, avvalorato dallo scritto del Mayor: \u201cAveva un animo troppo gentile per un atto individuale di strage\u201d - Bellunopress - Dolomiti","og_description":"Il 17 agosto 1908 interviene il nipote di Francesco Crispi sul Messaggero per smentire la partecipazione attiva dello zio all\u2019attentato contro Napoleone III\u00b0. L\u2019ex deputato Palamenghi-Crispi sostiene che \u201cl\u2019ipotesi di partecipazione del Crispi a quell\u2019atroce attentato \u00e8 inammissibile, perch\u00e9 partecipazione non vi fu. Di Rudio racconta una fiaba dicendo d\u2019aver veduto Crispi la sera dell\u2019attentato. [&hellip;]","og_url":"https:\/\/www.bellunopress.it\/fr\/2020\/12\/26\/attentato-a-napoleone-iii-il-nipote-di-crispi-smentisce-avvalorato-dallo-scritto-del-mayor-aveva-un-animo-troppo-gentile-per-un-atto-individuale-di-strage\/","og_site_name":"Bellunopress - Dolomiti","article_publisher":"https:\/\/www.facebook.com\/profile.php?id=100008943462799","article_published_time":"2020-12-26T13:42:18+00:00","article_modified_time":"2020-12-26T13:42:51+00:00","og_image":[{"width":512,"height":329,"url":"https:\/\/www.bellunopress.it\/wp-content\/uploads\/2020\/12\/attentato-a-Napoleone-III.jpg","type":"image\/jpeg"}],"author":"redazione","twitter_card":"summary_large_image","twitter_creator":"@bellunopress","twitter_site":"@bellunopress","twitter_misc":{"\u00c9crit par":"redazione","Dur\u00e9e de lecture estim\u00e9e":"3 minutes"},"schema":{"@context":"https:\/\/schema.org","@graph":[{"@type":"Article","@id":"https:\/\/www.bellunopress.it\/2020\/12\/26\/attentato-a-napoleone-iii-il-nipote-di-crispi-smentisce-avvalorato-dallo-scritto-del-mayor-aveva-un-animo-troppo-gentile-per-un-atto-individuale-di-strage\/#article","isPartOf":{"@id":"https:\/\/www.bellunopress.it\/2020\/12\/26\/attentato-a-napoleone-iii-il-nipote-di-crispi-smentisce-avvalorato-dallo-scritto-del-mayor-aveva-un-animo-troppo-gentile-per-un-atto-individuale-di-strage\/"},"author":{"name":"redazione","@id":"https:\/\/www.bellunopress.it\/#\/schema\/person\/79bb06722b37ece1c03d3e94beb30d73"},"headline":"Attentato a Napoleone III\u00b0. Il nipote di Crispi smentisce, avvalorato dallo scritto del Mayor: \u201cAveva un animo troppo gentile per un atto individuale di strage\u201d","datePublished":"2020-12-26T13:42:18+00:00","dateModified":"2020-12-26T13:42:51+00:00","mainEntityOfPage":{"@id":"https:\/\/www.bellunopress.it\/2020\/12\/26\/attentato-a-napoleone-iii-il-nipote-di-crispi-smentisce-avvalorato-dallo-scritto-del-mayor-aveva-un-animo-troppo-gentile-per-un-atto-individuale-di-strage\/"},"wordCount":621,"publisher":{"@id":"https:\/\/www.bellunopress.it\/#organization"},"image":{"@id":"https:\/\/www.bellunopress.it\/2020\/12\/26\/attentato-a-napoleone-iii-il-nipote-di-crispi-smentisce-avvalorato-dallo-scritto-del-mayor-aveva-un-animo-troppo-gentile-per-un-atto-individuale-di-strage\/#primaryimage"},"thumbnailUrl":"https:\/\/www.bellunopress.it\/wp-content\/uploads\/2020\/12\/attentato-a-Napoleone-III.jpg","articleSection":["Arte, Cultura, Spettacoli, Scienza","Prima Pagina"],"inLanguage":"fr-FR"},{"@type":"WebPage","@id":"https:\/\/www.bellunopress.it\/2020\/12\/26\/attentato-a-napoleone-iii-il-nipote-di-crispi-smentisce-avvalorato-dallo-scritto-del-mayor-aveva-un-animo-troppo-gentile-per-un-atto-individuale-di-strage\/","url":"https:\/\/www.bellunopress.it\/2020\/12\/26\/attentato-a-napoleone-iii-il-nipote-di-crispi-smentisce-avvalorato-dallo-scritto-del-mayor-aveva-un-animo-troppo-gentile-per-un-atto-individuale-di-strage\/","name":"Attentato a Napoleone III\u00b0. Il nipote di Crispi smentisce, avvalorato dallo scritto del Mayor: \u201cAveva un animo troppo gentile per un atto individuale di strage\u201d - Bellunopress - Dolomiti","isPartOf":{"@id":"https:\/\/www.bellunopress.it\/#website"},"primaryImageOfPage":{"@id":"https:\/\/www.bellunopress.it\/2020\/12\/26\/attentato-a-napoleone-iii-il-nipote-di-crispi-smentisce-avvalorato-dallo-scritto-del-mayor-aveva-un-animo-troppo-gentile-per-un-atto-individuale-di-strage\/#primaryimage"},"image":{"@id":"https:\/\/www.bellunopress.it\/2020\/12\/26\/attentato-a-napoleone-iii-il-nipote-di-crispi-smentisce-avvalorato-dallo-scritto-del-mayor-aveva-un-animo-troppo-gentile-per-un-atto-individuale-di-strage\/#primaryimage"},"thumbnailUrl":"https:\/\/www.bellunopress.it\/wp-content\/uploads\/2020\/12\/attentato-a-Napoleone-III.jpg","datePublished":"2020-12-26T13:42:18+00:00","dateModified":"2020-12-26T13:42:51+00:00","breadcrumb":{"@id":"https:\/\/www.bellunopress.it\/2020\/12\/26\/attentato-a-napoleone-iii-il-nipote-di-crispi-smentisce-avvalorato-dallo-scritto-del-mayor-aveva-un-animo-troppo-gentile-per-un-atto-individuale-di-strage\/#breadcrumb"},"inLanguage":"fr-FR","potentialAction":[{"@type":"ReadAction","target":["https:\/\/www.bellunopress.it\/2020\/12\/26\/attentato-a-napoleone-iii-il-nipote-di-crispi-smentisce-avvalorato-dallo-scritto-del-mayor-aveva-un-animo-troppo-gentile-per-un-atto-individuale-di-strage\/"]}]},{"@type":"ImageObject","inLanguage":"fr-FR","@id":"https:\/\/www.bellunopress.it\/2020\/12\/26\/attentato-a-napoleone-iii-il-nipote-di-crispi-smentisce-avvalorato-dallo-scritto-del-mayor-aveva-un-animo-troppo-gentile-per-un-atto-individuale-di-strage\/#primaryimage","url":"https:\/\/www.bellunopress.it\/wp-content\/uploads\/2020\/12\/attentato-a-Napoleone-III.jpg","contentUrl":"https:\/\/www.bellunopress.it\/wp-content\/uploads\/2020\/12\/attentato-a-Napoleone-III.jpg","width":512,"height":329,"caption":"Attentato a Napoleone III\u00b0"},{"@type":"BreadcrumbList","@id":"https:\/\/www.bellunopress.it\/2020\/12\/26\/attentato-a-napoleone-iii-il-nipote-di-crispi-smentisce-avvalorato-dallo-scritto-del-mayor-aveva-un-animo-troppo-gentile-per-un-atto-individuale-di-strage\/#breadcrumb","itemListElement":[{"@type":"ListItem","position":1,"name":"Home","item":"https:\/\/www.bellunopress.it\/"},{"@type":"ListItem","position":2,"name":"Attentato a Napoleone III\u00b0. Il nipote di Crispi smentisce, avvalorato dallo scritto del Mayor: \u201cAveva un animo troppo gentile per un atto individuale di strage\u201d"}]},{"@type":"WebSite","@id":"https:\/\/www.bellunopress.it\/#website","url":"https:\/\/www.bellunopress.it\/","name":"Bellunopress - Dolomiti","description":"e-mail: redazione@bellunopress.it","publisher":{"@id":"https:\/\/www.bellunopress.it\/#organization"},"potentialAction":[{"@type":"SearchAction","target":{"@type":"EntryPoint","urlTemplate":"https:\/\/www.bellunopress.it\/?s={search_term_string}"},"query-input":{"@type":"PropertyValueSpecification","valueRequired":true,"valueName":"search_term_string"}}],"inLanguage":"fr-FR"},{"@type":"Organization","@id":"https:\/\/www.bellunopress.it\/#organization","name":"Bellunopress","url":"https:\/\/www.bellunopress.it\/","logo":{"@type":"ImageObject","inLanguage":"fr-FR","@id":"https:\/\/www.bellunopress.it\/#\/schema\/logo\/image\/","url":"https:\/\/www.bellunopress.it\/wp-content\/uploads\/2011\/05\/cropped-logo-bellunopress-.jpg","contentUrl":"https:\/\/www.bellunopress.it\/wp-content\/uploads\/2011\/05\/cropped-logo-bellunopress-.jpg","width":512,"height":512,"caption":"Bellunopress"},"image":{"@id":"https:\/\/www.bellunopress.it\/#\/schema\/logo\/image\/"},"sameAs":["https:\/\/www.facebook.com\/profile.php?id=100008943462799","https:\/\/x.com\/bellunopress","https:\/\/www.linkedin.com\/hp\/?dnr=JBzUWaJfMUw8vbXJJ2tVW5-I3jZKvC4wsoxE&amp;amp;amp;amp;amp;amp;trk=nav_responsive_tab_home","https:\/\/www.youtube.com\/channel\/UCxL0wu1uN0_3_7hGG0306cw"]},{"@type":"Person","@id":"https:\/\/www.bellunopress.it\/#\/schema\/person\/79bb06722b37ece1c03d3e94beb30d73","name":"r\u00e9daction","image":{"@type":"ImageObject","inLanguage":"fr-FR","@id":"https:\/\/secure.gravatar.com\/avatar\/37d968a2e67a6fd04c169c4bdef102d0bc5d31b2546345219e348575eb80e9a0?s=96&d=mm&r=g","url":"https:\/\/secure.gravatar.com\/avatar\/37d968a2e67a6fd04c169c4bdef102d0bc5d31b2546345219e348575eb80e9a0?s=96&d=mm&r=g","contentUrl":"https:\/\/secure.gravatar.com\/avatar\/37d968a2e67a6fd04c169c4bdef102d0bc5d31b2546345219e348575eb80e9a0?s=96&d=mm&r=g","caption":"redazione"},"sameAs":["http:\/\/www.bellunopress.it","https:\/\/x.com\/bellunopress"],"url":"https:\/\/www.bellunopress.it\/fr\/author\/redazione\/"}]}},"_links":{"self":[{"href":"https:\/\/www.bellunopress.it\/fr\/wp-json\/wp\/v2\/posts\/120404","targetHints":{"allow":["GET"]}}],"collection":[{"href":"https:\/\/www.bellunopress.it\/fr\/wp-json\/wp\/v2\/posts"}],"about":[{"href":"https:\/\/www.bellunopress.it\/fr\/wp-json\/wp\/v2\/types\/post"}],"author":[{"embeddable":true,"href":"https:\/\/www.bellunopress.it\/fr\/wp-json\/wp\/v2\/users\/2"}],"replies":[{"embeddable":true,"href":"https:\/\/www.bellunopress.it\/fr\/wp-json\/wp\/v2\/comments?post=120404"}],"version-history":[{"count":3,"href":"https:\/\/www.bellunopress.it\/fr\/wp-json\/wp\/v2\/posts\/120404\/revisions"}],"predecessor-version":[{"id":120408,"href":"https:\/\/www.bellunopress.it\/fr\/wp-json\/wp\/v2\/posts\/120404\/revisions\/120408"}],"wp:featuredmedia":[{"embeddable":true,"href":"https:\/\/www.bellunopress.it\/fr\/wp-json\/wp\/v2\/media\/120405"}],"wp:attachment":[{"href":"https:\/\/www.bellunopress.it\/fr\/wp-json\/wp\/v2\/media?parent=120404"}],"wp:term":[{"taxonomy":"category","embeddable":true,"href":"https:\/\/www.bellunopress.it\/fr\/wp-json\/wp\/v2\/categories?post=120404"},{"taxonomy":"post_tag","embeddable":true,"href":"https:\/\/www.bellunopress.it\/fr\/wp-json\/wp\/v2\/tags?post=120404"}],"curies":[{"name":"wp","href":"https:\/\/api.w.org\/{rel}","templated":true}]}}