{"id":120390,"date":"2020-12-25T17:05:07","date_gmt":"2020-12-25T16:05:07","guid":{"rendered":"http:\/\/www.bellunopress.it\/?p=120390"},"modified":"2020-12-25T18:15:07","modified_gmt":"2020-12-25T17:15:07","slug":"fu-crispi-a-lanciare-la-terza-bomba-contro-napoleone-iii-oppure-linglese-ogger","status":"publish","type":"post","link":"https:\/\/www.bellunopress.it\/fr\/2020\/12\/25\/fu-crispi-a-lanciare-la-terza-bomba-contro-napoleone-iii-oppure-linglese-ogger\/","title":{"rendered":"Fu Crispi a lanciare la terza bomba contro Napoleone III\u00b0, oppure l\u2019inglese Ogger?"},"content":{"rendered":"<figure id=\"attachment_120391\" aria-describedby=\"caption-attachment-120391\" style=\"width: 198px\" class=\"wp-caption alignleft\"><a href=\"http:\/\/www.bellunopress.it\/fr\/2020\/12\/25\/fu-crispi-a-lanciare-la-terza-bomba-contro-napoleone-iii-oppure-linglese-ogger\/francesco-crispi\/\" rel=\"attachment wp-att-120391\"><img loading=\"lazy\" decoding=\"async\" class=\"size-full wp-image-120391\" src=\"http:\/\/www.bellunopress.it\/wp-content\/uploads\/2020\/12\/Francesco-Crispi.jpg\" alt=\"\" width=\"198\" height=\"280\" \/><\/a><figcaption id=\"caption-attachment-120391\" class=\"wp-caption-text\">Francesco Crispi<\/figcaption><\/figure>\n<p>Le rivelazioni del conte Carlo de Rudio sull\u2019attentato all\u2019imperatore Napoleone III\u00b0 del 14 gennaio 1858, pubblicate sul Resto del Carlino e sul <a href=\"https:\/\/www.bellunopress.it\/fr\/2020\/12\/24\/lattentato-di-orsini-a-napoleone-iii-e-la-testimonianza-del-conte-bellunese-carlo-di-rudio\/\">Corriere della Sera l\u20198 agosto 1908<\/a>, dove lascia intendere il coinvolgimento di Frencesco Crispi, suscitano l\u2019intervento di Enrico Comitti, referendario della Reale Corte dei Conti e amico del fratello di Felice Orsini. Comitti, sul Corriere d\u2019Italia del 13 agosto 1908, dichiara quanto segue.<\/p>\n<p>\u201cMolti anni or sono, 20 o 25, ero legato da cordiale amicizia con Cesare Orsini, fratello di Felice, che i romani ricordano certamente, non tanto per averlo avuto in Parlamento, quanto per l\u2019entusiasmo con cui durante alcuni ani vagheggi\u00f2 e propugn\u00f2 l\u2019idea di una esposizione mondiale a Roma. Conversando in quel tempo con Cesare Orsini di argomenti storici e patriottici, che erano il fondo abituale dei nostri discorsi, mi accadde pi\u00f9 di una volta d\u2019interrogarlo sul contegno del fratello Felice, persuaso com\u2019ero che egli dovesse possedere molti documenti interessanti che avrei avuto desiderio di conoscere e di illustrare. Ma Cesare Orsini non si lasciava trascinare che di malavoglia a discorrere di questo argomento. Non amava entrare in alcun particolare di esso e si limitava tutt\u2019al pi\u00f9 alla vaga affermazione che \u2018non tutto era stato detto e scritto in proposito\u2019. Un giorno, tuttavia, le mie insistenze ottennero un risultato. \u2018Quando si potranno pubblicare tutti i documenti sull\u2019attentato contro Napoleone III\u00b0 &#8211; egli mi disse \u2013 si vedr\u00e0 che la storia vera di esso \u00e8 assai diversa da quella fino ad oggi conosciuta. Questo, intanto, ti posso dire: che mio fratello, che aveva la mitezza e la gentilezza d\u2019animo di una fanciulla, se \u00e8 moralmente da mettere fra i pi\u00f9 responsabili di quell\u2019attentato, materialmente non vi ebbe alcuna parte. Egli no ha gettato alcuna bomba\u2019. E siccome io, profondamente impressionato da queste rivelazioni che sconvolgevano tutte le mie nozioni su quel fatto storico, lo incitavo a sottopormi, nell\u2019interesse non soltanto della storia, ma anche della fama fraterna, i documenti che egli doveva certamente possedere, Cesare Orsini mi rispose: \u2018Posseggo infatti molti e preziosi documenti in proposito e un giorno o l\u2019altro spero di pubblicarli. Ora non posso farlo. Ho promesso a Crispi di non pubblicarli n\u00e9 comunicarli ad alcuno se non dopo la sua morte\u2019. Anche queste parole fecero su di me molta impressione, e mi convinsero fin d\u2019allora che Francesco Crispi doveva avere avuto parte in quella congiura. Ci\u00f2 che la recente narrazione del de Rudio viene appunto a confermare. Oggi per\u00f2, mi sembra che si possa andare anche pi\u00f9 in l\u00e0, e alla domanda rivolta dal de Rudio agli storici meticolosi \u2018Chi dunque lanci\u00f2 la terza bomba?\u2019 non sia eccessivamente arbitrario rispondere facendo il nome di Francesco Crispi, che il de Rudio afferma di aver visto a colloquio con l\u2019Orsini mezz\u2019ora prima dell\u2019attentato. Cos\u00ec, e soltanto cos\u00ec, troverebbe giustificazione plausibile il patto corso tra Cesare Orsini e Francesco Crispi, di non dare pubblicit\u00e0 ai documenti posseduti da quello, prima della morte di questo. Mentre, tale patto non avrebbe avuto ragione di sussistere se la partecipazione del Crispi alla congiura fosse stata semplicemente platonica. Cesare Orsini, tormentato dal diabete e dalla nefrite, precedette di alcuni anni Francesco Crespi nella tomba. Che ne \u00e8 avvenuto dei documenti, molti e preziosi, relativi non soltanto all\u2019attentato contro Napoleone III\u00b0, ma anche ad altri fatti e momenti della nostra storia contemporanea da lui posseduti? Sarebbe interessante saperlo. Per la cronaca occorre per\u00f2 ricordare che nei giorni scorsi alcuni giornali affermarono, sulla fede di una persona che fu lungamente a Londra ed ebbe rapporti intimi con gli emigrati e conosce molto bene il conte de Rudio, che la terza bomba contro la carrozza di Napoleone III\u00b0 venne lanciata dall\u2019inglese Ogger, morto da alcuni anni. L\u2019ignoto autorevole aggiunse, deve la sua salvezza al fatto di essere inglese, perch\u00e9 alla stazione dopo l\u2019attentato, non lasciavano partire che gl\u2019inglesi\u201d.<br \/>\n(rdn) 2 &#8211; continua<br \/>\n(Fonte: Archivio Corriere della Sera)<\/p>","protected":false},"excerpt":{"rendered":"<p>Le rivelazioni del conte Carlo de Rudio sull\u2019attentato all\u2019imperatore Napoleone III\u00b0 del 14 gennaio 1858, pubblicate sul Resto del Carlino e sul Corriere della Sera l\u20198 agosto 1908, dove lascia intendere il coinvolgimento di Frencesco Crispi, suscitano l\u2019intervento di Enrico Comitti, referendario della Reale Corte dei Conti e amico del fratello di Felice Orsini. Comitti, [&hellip;]<\/p>\n","protected":false},"author":2,"featured_media":120394,"comment_status":"closed","ping_status":"open","sticky":false,"template":"","format":"standard","meta":{"footnotes":""},"categories":[3,26],"tags":[],"class_list":["post-120390","post","type-post","status-publish","format-standard","has-post-thumbnail","category-arte-cultura-spettacoli-scienza-archivi","category-prima-pagina"],"yoast_head":"<!-- This site is optimized with the Yoast SEO plugin v28.4 - https:\/\/yoast.com\/product\/yoast-seo-wordpress\/ -->\n<title>Fu Crispi a lanciare la terza bomba contro Napoleone III\u00b0, oppure l\u2019inglese Ogger? - Bellunopress - Dolomiti<\/title>\n<meta name=\"robots\" content=\"index, follow, max-snippet:-1, max-image-preview:large, max-video-preview:-1\" \/>\n<link rel=\"canonical\" href=\"https:\/\/www.bellunopress.it\/fr\/2020\/12\/25\/fu-crispi-a-lanciare-la-terza-bomba-contro-napoleone-iii-oppure-linglese-ogger\/\" \/>\n<meta property=\"og:locale\" content=\"fr_FR\" \/>\n<meta property=\"og:type\" content=\"article\" \/>\n<meta property=\"og:title\" content=\"Fu Crispi a lanciare la terza bomba contro Napoleone III\u00b0, oppure l\u2019inglese Ogger? - Bellunopress - Dolomiti\" \/>\n<meta property=\"og:description\" content=\"Le rivelazioni del conte Carlo de Rudio sull\u2019attentato all\u2019imperatore Napoleone III\u00b0 del 14 gennaio 1858, pubblicate sul Resto del Carlino e sul Corriere della Sera l\u20198 agosto 1908, dove lascia intendere il coinvolgimento di Frencesco Crispi, suscitano l\u2019intervento di Enrico Comitti, referendario della Reale Corte dei Conti e amico del fratello di Felice Orsini. Comitti, [&hellip;]\" \/>\n<meta property=\"og:url\" content=\"https:\/\/www.bellunopress.it\/fr\/2020\/12\/25\/fu-crispi-a-lanciare-la-terza-bomba-contro-napoleone-iii-oppure-linglese-ogger\/\" \/>\n<meta property=\"og:site_name\" content=\"Bellunopress - Dolomiti\" \/>\n<meta property=\"article:publisher\" content=\"https:\/\/www.facebook.com\/profile.php?id=100008943462799\" \/>\n<meta property=\"article:published_time\" content=\"2020-12-25T16:05:07+00:00\" \/>\n<meta property=\"article:modified_time\" content=\"2020-12-25T17:15:07+00:00\" \/>\n<meta property=\"og:image\" content=\"https:\/\/www.bellunopress.it\/wp-content\/uploads\/2020\/12\/Francesco_Crispi.jpg\" \/>\n\t<meta property=\"og:image:width\" content=\"491\" \/>\n\t<meta property=\"og:image:height\" content=\"668\" \/>\n\t<meta property=\"og:image:type\" content=\"image\/jpeg\" \/>\n<meta name=\"author\" content=\"redazione\" \/>\n<meta name=\"twitter:card\" content=\"summary_large_image\" \/>\n<meta name=\"twitter:creator\" content=\"@bellunopress\" \/>\n<meta name=\"twitter:site\" content=\"@bellunopress\" \/>\n<meta name=\"twitter:label1\" content=\"\u00c9crit par\" \/>\n\t<meta name=\"twitter:data1\" content=\"redazione\" \/>\n\t<meta name=\"twitter:label2\" content=\"Dur\u00e9e de lecture estim\u00e9e\" \/>\n\t<meta name=\"twitter:data2\" content=\"3 minutes\" \/>\n<script type=\"application\/ld+json\" class=\"yoast-schema-graph\">{\"@context\":\"https:\\\/\\\/schema.org\",\"@graph\":[{\"@type\":\"Article\",\"@id\":\"https:\\\/\\\/www.bellunopress.it\\\/2020\\\/12\\\/25\\\/fu-crispi-a-lanciare-la-terza-bomba-contro-napoleone-iii-oppure-linglese-ogger\\\/#article\",\"isPartOf\":{\"@id\":\"https:\\\/\\\/www.bellunopress.it\\\/2020\\\/12\\\/25\\\/fu-crispi-a-lanciare-la-terza-bomba-contro-napoleone-iii-oppure-linglese-ogger\\\/\"},\"author\":{\"name\":\"redazione\",\"@id\":\"https:\\\/\\\/www.bellunopress.it\\\/#\\\/schema\\\/person\\\/79bb06722b37ece1c03d3e94beb30d73\"},\"headline\":\"Fu Crispi a lanciare la terza bomba contro Napoleone III\u00b0, oppure l\u2019inglese Ogger?\",\"datePublished\":\"2020-12-25T16:05:07+00:00\",\"dateModified\":\"2020-12-25T17:15:07+00:00\",\"mainEntityOfPage\":{\"@id\":\"https:\\\/\\\/www.bellunopress.it\\\/2020\\\/12\\\/25\\\/fu-crispi-a-lanciare-la-terza-bomba-contro-napoleone-iii-oppure-linglese-ogger\\\/\"},\"wordCount\":678,\"publisher\":{\"@id\":\"https:\\\/\\\/www.bellunopress.it\\\/#organization\"},\"image\":{\"@id\":\"https:\\\/\\\/www.bellunopress.it\\\/2020\\\/12\\\/25\\\/fu-crispi-a-lanciare-la-terza-bomba-contro-napoleone-iii-oppure-linglese-ogger\\\/#primaryimage\"},\"thumbnailUrl\":\"https:\\\/\\\/www.bellunopress.it\\\/wp-content\\\/uploads\\\/2020\\\/12\\\/Francesco_Crispi.jpg\",\"articleSection\":[\"Arte, Cultura, Spettacoli, Scienza\",\"Prima Pagina\"],\"inLanguage\":\"fr-FR\"},{\"@type\":\"WebPage\",\"@id\":\"https:\\\/\\\/www.bellunopress.it\\\/2020\\\/12\\\/25\\\/fu-crispi-a-lanciare-la-terza-bomba-contro-napoleone-iii-oppure-linglese-ogger\\\/\",\"url\":\"https:\\\/\\\/www.bellunopress.it\\\/2020\\\/12\\\/25\\\/fu-crispi-a-lanciare-la-terza-bomba-contro-napoleone-iii-oppure-linglese-ogger\\\/\",\"name\":\"Fu Crispi a lanciare la terza bomba contro Napoleone III\u00b0, oppure l\u2019inglese Ogger? - Bellunopress - Dolomiti\",\"isPartOf\":{\"@id\":\"https:\\\/\\\/www.bellunopress.it\\\/#website\"},\"primaryImageOfPage\":{\"@id\":\"https:\\\/\\\/www.bellunopress.it\\\/2020\\\/12\\\/25\\\/fu-crispi-a-lanciare-la-terza-bomba-contro-napoleone-iii-oppure-linglese-ogger\\\/#primaryimage\"},\"image\":{\"@id\":\"https:\\\/\\\/www.bellunopress.it\\\/2020\\\/12\\\/25\\\/fu-crispi-a-lanciare-la-terza-bomba-contro-napoleone-iii-oppure-linglese-ogger\\\/#primaryimage\"},\"thumbnailUrl\":\"https:\\\/\\\/www.bellunopress.it\\\/wp-content\\\/uploads\\\/2020\\\/12\\\/Francesco_Crispi.jpg\",\"datePublished\":\"2020-12-25T16:05:07+00:00\",\"dateModified\":\"2020-12-25T17:15:07+00:00\",\"breadcrumb\":{\"@id\":\"https:\\\/\\\/www.bellunopress.it\\\/2020\\\/12\\\/25\\\/fu-crispi-a-lanciare-la-terza-bomba-contro-napoleone-iii-oppure-linglese-ogger\\\/#breadcrumb\"},\"inLanguage\":\"fr-FR\",\"potentialAction\":[{\"@type\":\"ReadAction\",\"target\":[\"https:\\\/\\\/www.bellunopress.it\\\/2020\\\/12\\\/25\\\/fu-crispi-a-lanciare-la-terza-bomba-contro-napoleone-iii-oppure-linglese-ogger\\\/\"]}]},{\"@type\":\"ImageObject\",\"inLanguage\":\"fr-FR\",\"@id\":\"https:\\\/\\\/www.bellunopress.it\\\/2020\\\/12\\\/25\\\/fu-crispi-a-lanciare-la-terza-bomba-contro-napoleone-iii-oppure-linglese-ogger\\\/#primaryimage\",\"url\":\"https:\\\/\\\/www.bellunopress.it\\\/wp-content\\\/uploads\\\/2020\\\/12\\\/Francesco_Crispi.jpg\",\"contentUrl\":\"https:\\\/\\\/www.bellunopress.it\\\/wp-content\\\/uploads\\\/2020\\\/12\\\/Francesco_Crispi.jpg\",\"width\":491,\"height\":668},{\"@type\":\"BreadcrumbList\",\"@id\":\"https:\\\/\\\/www.bellunopress.it\\\/2020\\\/12\\\/25\\\/fu-crispi-a-lanciare-la-terza-bomba-contro-napoleone-iii-oppure-linglese-ogger\\\/#breadcrumb\",\"itemListElement\":[{\"@type\":\"ListItem\",\"position\":1,\"name\":\"Home\",\"item\":\"https:\\\/\\\/www.bellunopress.it\\\/\"},{\"@type\":\"ListItem\",\"position\":2,\"name\":\"Fu Crispi a lanciare la terza bomba contro Napoleone III\u00b0, oppure l\u2019inglese Ogger?\"}]},{\"@type\":\"WebSite\",\"@id\":\"https:\\\/\\\/www.bellunopress.it\\\/#website\",\"url\":\"https:\\\/\\\/www.bellunopress.it\\\/\",\"name\":\"Bellunopress - Dolomiti\",\"description\":\"e-mail: redazione@bellunopress.it\",\"publisher\":{\"@id\":\"https:\\\/\\\/www.bellunopress.it\\\/#organization\"},\"potentialAction\":[{\"@type\":\"SearchAction\",\"target\":{\"@type\":\"EntryPoint\",\"urlTemplate\":\"https:\\\/\\\/www.bellunopress.it\\\/?s={search_term_string}\"},\"query-input\":{\"@type\":\"PropertyValueSpecification\",\"valueRequired\":true,\"valueName\":\"search_term_string\"}}],\"inLanguage\":\"fr-FR\"},{\"@type\":\"Organization\",\"@id\":\"https:\\\/\\\/www.bellunopress.it\\\/#organization\",\"name\":\"Bellunopress\",\"url\":\"https:\\\/\\\/www.bellunopress.it\\\/\",\"logo\":{\"@type\":\"ImageObject\",\"inLanguage\":\"fr-FR\",\"@id\":\"https:\\\/\\\/www.bellunopress.it\\\/#\\\/schema\\\/logo\\\/image\\\/\",\"url\":\"https:\\\/\\\/www.bellunopress.it\\\/wp-content\\\/uploads\\\/2011\\\/05\\\/cropped-logo-bellunopress-.jpg\",\"contentUrl\":\"https:\\\/\\\/www.bellunopress.it\\\/wp-content\\\/uploads\\\/2011\\\/05\\\/cropped-logo-bellunopress-.jpg\",\"width\":512,\"height\":512,\"caption\":\"Bellunopress\"},\"image\":{\"@id\":\"https:\\\/\\\/www.bellunopress.it\\\/#\\\/schema\\\/logo\\\/image\\\/\"},\"sameAs\":[\"https:\\\/\\\/www.facebook.com\\\/profile.php?id=100008943462799\",\"https:\\\/\\\/x.com\\\/bellunopress\",\"https:\\\/\\\/www.linkedin.com\\\/hp\\\/?dnr=JBzUWaJfMUw8vbXJJ2tVW5-I3jZKvC4wsoxE&amp;amp;amp;amp;amp;amp;trk=nav_responsive_tab_home\",\"https:\\\/\\\/www.youtube.com\\\/channel\\\/UCxL0wu1uN0_3_7hGG0306cw\"]},{\"@type\":\"Person\",\"@id\":\"https:\\\/\\\/www.bellunopress.it\\\/#\\\/schema\\\/person\\\/79bb06722b37ece1c03d3e94beb30d73\",\"name\":\"redazione\",\"image\":{\"@type\":\"ImageObject\",\"inLanguage\":\"fr-FR\",\"@id\":\"https:\\\/\\\/secure.gravatar.com\\\/avatar\\\/37d968a2e67a6fd04c169c4bdef102d0bc5d31b2546345219e348575eb80e9a0?s=96&d=mm&r=g\",\"url\":\"https:\\\/\\\/secure.gravatar.com\\\/avatar\\\/37d968a2e67a6fd04c169c4bdef102d0bc5d31b2546345219e348575eb80e9a0?s=96&d=mm&r=g\",\"contentUrl\":\"https:\\\/\\\/secure.gravatar.com\\\/avatar\\\/37d968a2e67a6fd04c169c4bdef102d0bc5d31b2546345219e348575eb80e9a0?s=96&d=mm&r=g\",\"caption\":\"redazione\"},\"sameAs\":[\"http:\\\/\\\/www.bellunopress.it\",\"https:\\\/\\\/x.com\\\/bellunopress\"],\"url\":\"https:\\\/\\\/www.bellunopress.it\\\/fr\\\/author\\\/redazione\\\/\"}]}<\/script>\n<!-- \/ Yoast SEO plugin. -->","yoast_head_json":{"title":"Fu Crispi a lanciare la terza bomba contro Napoleone III\u00b0, oppure l\u2019inglese Ogger? - Bellunopress - Dolomiti","robots":{"index":"index","follow":"follow","max-snippet":"max-snippet:-1","max-image-preview":"max-image-preview:large","max-video-preview":"max-video-preview:-1"},"canonical":"https:\/\/www.bellunopress.it\/fr\/2020\/12\/25\/fu-crispi-a-lanciare-la-terza-bomba-contro-napoleone-iii-oppure-linglese-ogger\/","og_locale":"fr_FR","og_type":"article","og_title":"Fu Crispi a lanciare la terza bomba contro Napoleone III\u00b0, oppure l\u2019inglese Ogger? - Bellunopress - Dolomiti","og_description":"Le rivelazioni del conte Carlo de Rudio sull\u2019attentato all\u2019imperatore Napoleone III\u00b0 del 14 gennaio 1858, pubblicate sul Resto del Carlino e sul Corriere della Sera l\u20198 agosto 1908, dove lascia intendere il coinvolgimento di Frencesco Crispi, suscitano l\u2019intervento di Enrico Comitti, referendario della Reale Corte dei Conti e amico del fratello di Felice Orsini. Comitti, [&hellip;]","og_url":"https:\/\/www.bellunopress.it\/fr\/2020\/12\/25\/fu-crispi-a-lanciare-la-terza-bomba-contro-napoleone-iii-oppure-linglese-ogger\/","og_site_name":"Bellunopress - Dolomiti","article_publisher":"https:\/\/www.facebook.com\/profile.php?id=100008943462799","article_published_time":"2020-12-25T16:05:07+00:00","article_modified_time":"2020-12-25T17:15:07+00:00","og_image":[{"width":491,"height":668,"url":"https:\/\/www.bellunopress.it\/wp-content\/uploads\/2020\/12\/Francesco_Crispi.jpg","type":"image\/jpeg"}],"author":"redazione","twitter_card":"summary_large_image","twitter_creator":"@bellunopress","twitter_site":"@bellunopress","twitter_misc":{"\u00c9crit par":"redazione","Dur\u00e9e de lecture estim\u00e9e":"3 minutes"},"schema":{"@context":"https:\/\/schema.org","@graph":[{"@type":"Article","@id":"https:\/\/www.bellunopress.it\/2020\/12\/25\/fu-crispi-a-lanciare-la-terza-bomba-contro-napoleone-iii-oppure-linglese-ogger\/#article","isPartOf":{"@id":"https:\/\/www.bellunopress.it\/2020\/12\/25\/fu-crispi-a-lanciare-la-terza-bomba-contro-napoleone-iii-oppure-linglese-ogger\/"},"author":{"name":"redazione","@id":"https:\/\/www.bellunopress.it\/#\/schema\/person\/79bb06722b37ece1c03d3e94beb30d73"},"headline":"Fu Crispi a lanciare la terza bomba contro Napoleone III\u00b0, oppure l\u2019inglese Ogger?","datePublished":"2020-12-25T16:05:07+00:00","dateModified":"2020-12-25T17:15:07+00:00","mainEntityOfPage":{"@id":"https:\/\/www.bellunopress.it\/2020\/12\/25\/fu-crispi-a-lanciare-la-terza-bomba-contro-napoleone-iii-oppure-linglese-ogger\/"},"wordCount":678,"publisher":{"@id":"https:\/\/www.bellunopress.it\/#organization"},"image":{"@id":"https:\/\/www.bellunopress.it\/2020\/12\/25\/fu-crispi-a-lanciare-la-terza-bomba-contro-napoleone-iii-oppure-linglese-ogger\/#primaryimage"},"thumbnailUrl":"https:\/\/www.bellunopress.it\/wp-content\/uploads\/2020\/12\/Francesco_Crispi.jpg","articleSection":["Arte, Cultura, Spettacoli, Scienza","Prima Pagina"],"inLanguage":"fr-FR"},{"@type":"WebPage","@id":"https:\/\/www.bellunopress.it\/2020\/12\/25\/fu-crispi-a-lanciare-la-terza-bomba-contro-napoleone-iii-oppure-linglese-ogger\/","url":"https:\/\/www.bellunopress.it\/2020\/12\/25\/fu-crispi-a-lanciare-la-terza-bomba-contro-napoleone-iii-oppure-linglese-ogger\/","name":"Fu Crispi a lanciare la terza bomba contro Napoleone III\u00b0, oppure l\u2019inglese Ogger? - Bellunopress - Dolomiti","isPartOf":{"@id":"https:\/\/www.bellunopress.it\/#website"},"primaryImageOfPage":{"@id":"https:\/\/www.bellunopress.it\/2020\/12\/25\/fu-crispi-a-lanciare-la-terza-bomba-contro-napoleone-iii-oppure-linglese-ogger\/#primaryimage"},"image":{"@id":"https:\/\/www.bellunopress.it\/2020\/12\/25\/fu-crispi-a-lanciare-la-terza-bomba-contro-napoleone-iii-oppure-linglese-ogger\/#primaryimage"},"thumbnailUrl":"https:\/\/www.bellunopress.it\/wp-content\/uploads\/2020\/12\/Francesco_Crispi.jpg","datePublished":"2020-12-25T16:05:07+00:00","dateModified":"2020-12-25T17:15:07+00:00","breadcrumb":{"@id":"https:\/\/www.bellunopress.it\/2020\/12\/25\/fu-crispi-a-lanciare-la-terza-bomba-contro-napoleone-iii-oppure-linglese-ogger\/#breadcrumb"},"inLanguage":"fr-FR","potentialAction":[{"@type":"ReadAction","target":["https:\/\/www.bellunopress.it\/2020\/12\/25\/fu-crispi-a-lanciare-la-terza-bomba-contro-napoleone-iii-oppure-linglese-ogger\/"]}]},{"@type":"ImageObject","inLanguage":"fr-FR","@id":"https:\/\/www.bellunopress.it\/2020\/12\/25\/fu-crispi-a-lanciare-la-terza-bomba-contro-napoleone-iii-oppure-linglese-ogger\/#primaryimage","url":"https:\/\/www.bellunopress.it\/wp-content\/uploads\/2020\/12\/Francesco_Crispi.jpg","contentUrl":"https:\/\/www.bellunopress.it\/wp-content\/uploads\/2020\/12\/Francesco_Crispi.jpg","width":491,"height":668},{"@type":"BreadcrumbList","@id":"https:\/\/www.bellunopress.it\/2020\/12\/25\/fu-crispi-a-lanciare-la-terza-bomba-contro-napoleone-iii-oppure-linglese-ogger\/#breadcrumb","itemListElement":[{"@type":"ListItem","position":1,"name":"Home","item":"https:\/\/www.bellunopress.it\/"},{"@type":"ListItem","position":2,"name":"Fu Crispi a lanciare la terza bomba contro Napoleone III\u00b0, oppure l\u2019inglese Ogger?"}]},{"@type":"WebSite","@id":"https:\/\/www.bellunopress.it\/#website","url":"https:\/\/www.bellunopress.it\/","name":"Bellunopress - Dolomiti","description":"e-mail: redazione@bellunopress.it","publisher":{"@id":"https:\/\/www.bellunopress.it\/#organization"},"potentialAction":[{"@type":"SearchAction","target":{"@type":"EntryPoint","urlTemplate":"https:\/\/www.bellunopress.it\/?s={search_term_string}"},"query-input":{"@type":"PropertyValueSpecification","valueRequired":true,"valueName":"search_term_string"}}],"inLanguage":"fr-FR"},{"@type":"Organization","@id":"https:\/\/www.bellunopress.it\/#organization","name":"Bellunopress","url":"https:\/\/www.bellunopress.it\/","logo":{"@type":"ImageObject","inLanguage":"fr-FR","@id":"https:\/\/www.bellunopress.it\/#\/schema\/logo\/image\/","url":"https:\/\/www.bellunopress.it\/wp-content\/uploads\/2011\/05\/cropped-logo-bellunopress-.jpg","contentUrl":"https:\/\/www.bellunopress.it\/wp-content\/uploads\/2011\/05\/cropped-logo-bellunopress-.jpg","width":512,"height":512,"caption":"Bellunopress"},"image":{"@id":"https:\/\/www.bellunopress.it\/#\/schema\/logo\/image\/"},"sameAs":["https:\/\/www.facebook.com\/profile.php?id=100008943462799","https:\/\/x.com\/bellunopress","https:\/\/www.linkedin.com\/hp\/?dnr=JBzUWaJfMUw8vbXJJ2tVW5-I3jZKvC4wsoxE&amp;amp;amp;amp;amp;amp;trk=nav_responsive_tab_home","https:\/\/www.youtube.com\/channel\/UCxL0wu1uN0_3_7hGG0306cw"]},{"@type":"Person","@id":"https:\/\/www.bellunopress.it\/#\/schema\/person\/79bb06722b37ece1c03d3e94beb30d73","name":"r\u00e9daction","image":{"@type":"ImageObject","inLanguage":"fr-FR","@id":"https:\/\/secure.gravatar.com\/avatar\/37d968a2e67a6fd04c169c4bdef102d0bc5d31b2546345219e348575eb80e9a0?s=96&d=mm&r=g","url":"https:\/\/secure.gravatar.com\/avatar\/37d968a2e67a6fd04c169c4bdef102d0bc5d31b2546345219e348575eb80e9a0?s=96&d=mm&r=g","contentUrl":"https:\/\/secure.gravatar.com\/avatar\/37d968a2e67a6fd04c169c4bdef102d0bc5d31b2546345219e348575eb80e9a0?s=96&d=mm&r=g","caption":"redazione"},"sameAs":["http:\/\/www.bellunopress.it","https:\/\/x.com\/bellunopress"],"url":"https:\/\/www.bellunopress.it\/fr\/author\/redazione\/"}]}},"_links":{"self":[{"href":"https:\/\/www.bellunopress.it\/fr\/wp-json\/wp\/v2\/posts\/120390","targetHints":{"allow":["GET"]}}],"collection":[{"href":"https:\/\/www.bellunopress.it\/fr\/wp-json\/wp\/v2\/posts"}],"about":[{"href":"https:\/\/www.bellunopress.it\/fr\/wp-json\/wp\/v2\/types\/post"}],"author":[{"embeddable":true,"href":"https:\/\/www.bellunopress.it\/fr\/wp-json\/wp\/v2\/users\/2"}],"replies":[{"embeddable":true,"href":"https:\/\/www.bellunopress.it\/fr\/wp-json\/wp\/v2\/comments?post=120390"}],"version-history":[{"count":3,"href":"https:\/\/www.bellunopress.it\/fr\/wp-json\/wp\/v2\/posts\/120390\/revisions"}],"predecessor-version":[{"id":120395,"href":"https:\/\/www.bellunopress.it\/fr\/wp-json\/wp\/v2\/posts\/120390\/revisions\/120395"}],"wp:featuredmedia":[{"embeddable":true,"href":"https:\/\/www.bellunopress.it\/fr\/wp-json\/wp\/v2\/media\/120394"}],"wp:attachment":[{"href":"https:\/\/www.bellunopress.it\/fr\/wp-json\/wp\/v2\/media?parent=120390"}],"wp:term":[{"taxonomy":"category","embeddable":true,"href":"https:\/\/www.bellunopress.it\/fr\/wp-json\/wp\/v2\/categories?post=120390"},{"taxonomy":"post_tag","embeddable":true,"href":"https:\/\/www.bellunopress.it\/fr\/wp-json\/wp\/v2\/tags?post=120390"}],"curies":[{"name":"wp","href":"https:\/\/api.w.org\/{rel}","templated":true}]}}