{"id":120386,"date":"2020-12-25T09:21:35","date_gmt":"2020-12-25T08:21:35","guid":{"rendered":"http:\/\/www.bellunopress.it\/?p=120386"},"modified":"2020-12-25T09:21:35","modified_gmt":"2020-12-25T08:21:35","slug":"comune-di-borgo-valbelluna-bando-da-50mila-euro-per-gli-operatori-economici-colpiti-dalla-pandemia","status":"publish","type":"post","link":"https:\/\/www.bellunopress.it\/fr\/2020\/12\/25\/comune-di-borgo-valbelluna-bando-da-50mila-euro-per-gli-operatori-economici-colpiti-dalla-pandemia\/","title":{"rendered":"Comune di Borgo Valbelluna. Bando da 50mila euro per gli operatori economici colpiti dalla pandemia"},"content":{"rendered":"<p><a href=\"http:\/\/www.bellunopress.it\/fr\/2019\/12\/09\/danni-alluvionali-di-meta-novembre-2019-le-segnalazioni-al-comune-di-borgo-valbelluna-entro-il-12-dicembre\/comune-borgo-valbelluna\/\" rel=\"attachment wp-att-110295\"><img loading=\"lazy\" decoding=\"async\" class=\"alignleft size-full wp-image-110295\" src=\"http:\/\/www.bellunopress.it\/wp-content\/uploads\/2019\/12\/comune-borgo-valbelluna.jpg\" alt=\"\" width=\"174\" height=\"190\" \/><\/a>Nel Comune di Borgo Valbelluna, nella seduta di Giunta Comunale di fine anno, approvazione di una manovra straordinaria di bilancio con la messa a disposizione di circa 50.000 euro per un bando che prevede la concessione di sostegni a fondo perduto a favore degli operatori economici, con attivit\u00e0 nel Comune, maggiormente colpiti dalla pandemia da Coronavirus.<\/p>\n<p>Questo ultimo intervento va a sommarsi ad altre misure adottate, nel corso d&#8217;anno, dalla stessa Amministrazione Comunale quali: l&#8217;esonero per la tassa sui rifiuti Tari nei quattro mesi primaverili di chiusura delle attivit\u00e0 imposte dai vari DPCM, l&#8217;esenzione dell&#8217;occupazione suolo pubblico TOSAP per tutto l&#8217;anno per i bar e ristoranti con plateatici, l&#8217;erogazione a privati cittadini di contributi per l&#8217;ammontare complessivo di 55.000 euro per lo sfalcio prati nella forma di voucher spendibile esclusivamente nelle attivit\u00e0 commerciali del Comune, l&#8217;innovativa iniziativa &#8220;Natale in Borgo Valbelluna&#8221;, che ha riscosso uno straordinario successo, con l&#8217;emissione di buoni regalo in un ottica di sostegno all&#8217;economia locale, tutte le iniziative di animazione estiva rese possibili grazie alla disponibilit\u00e0 del straordinario mondo del volontariato nonch\u00e9 una costante promozione del territorio ai fini turistici, i cui effetti si potranno sicuramente apprezzare nel corso dei prossimi anni (Linea Verde, S\u00ec Viaggiare, Piccola Grande Italia, Borghi Magazine, ecc.)<\/p>\n<p>Il sostegno erogato attraverso questo bando \u00e8 rivolto in via prioritaria alle attivit\u00e0, in esercizio alla data odierna e con codice ATECO che contempli la ristorazione, gli alberghi, la gestione di palestre, le agenzie viaggio. A queste attivit\u00e0 \u00e8 riservato un contributo a fondo perduto di 1.200 euro.<br \/>\nIl bando \u00e8 rivolto anche alle gelaterie e pasticcerie, bar, affittacamere, case ed appartamenti per vacanze, bed and breakfast, ecc. a cui viene destinato un contributo di 500 euro.<\/p>\n<p>Gli interessati potranno trovare tutte le informazioni necessarie sul sito del comune di Borgo Valbelluna oppure sulla pagina Facebook del Comune o ancora sull&#8217;App Municipium e dovranno inviare il modulo di adesione adeguatamente compilato e corredato di tutta la documentazione necessaria entro e non oltre le ore 12,00 del 30 dicembre 2020 all&#8217;indirizzo di posta certificata PEC del Comune borgovalbelluna.bl@cert.ip-veneto.net.<\/p>\n<p>Le domande pervenute nei termini previsti saranno finanziate fino a esaurimento dei fondi disponibili. Le eventuali domande ammissibili a contributo ma non finanziate per esaurimento risorse, potranno trovare accoglimento, con scorrimento di graduatoria, in fase di approvazione del bilancio di previsione per l&#8217;anno 2021.<\/p>\n<figure id=\"attachment_113212\" aria-describedby=\"caption-attachment-113212\" style=\"width: 559px\" class=\"wp-caption alignleft\"><a href=\"http:\/\/www.bellunopress.it\/fr\/2020\/03\/21\/una-grande-rotatoria-a-mulin-novo-di-lentiai\/stefano-cesa-sindaco-borgo-valbelluna_edited\/\" rel=\"attachment wp-att-113212\"><img loading=\"lazy\" decoding=\"async\" class=\"size-full wp-image-113212\" src=\"http:\/\/www.bellunopress.it\/wp-content\/uploads\/2020\/03\/Stefano-Cesa-sindaco-Borgo-Valbelluna_edited.jpg\" alt=\"\" width=\"559\" height=\"745\" srcset=\"https:\/\/www.bellunopress.it\/wp-content\/uploads\/2020\/03\/Stefano-Cesa-sindaco-Borgo-Valbelluna_edited.jpg 559w, https:\/\/www.bellunopress.it\/wp-content\/uploads\/2020\/03\/Stefano-Cesa-sindaco-Borgo-Valbelluna_edited-375x500.jpg 375w, https:\/\/www.bellunopress.it\/wp-content\/uploads\/2020\/03\/Stefano-Cesa-sindaco-Borgo-Valbelluna_edited-315x420.jpg 315w\" sizes=\"auto, (max-width: 559px) 100vw, 559px\" \/><\/a><figcaption id=\"caption-attachment-113212\" class=\"wp-caption-text\">Stefano Cesa<\/figcaption><\/figure>\n<p>&#8220;Con quest&#8217;ultima misura \u2013 dichiara il Sindaco Stefano Cesa \u2013 consci anche del supporto che lo Stato e la Regione del Veneto hanno messo in campo, abbiamo voluto dare un ulteriore segnale, come Amministrazione Comunale, di vicinanza e sostegno alle attivit\u00e0 che maggiormente sono state penalizzate dagli effetti di questa pandemia. L&#8217;augurio \u00e8 quello che durante il nuovo anno vi possa una normalizzazione della vita sociale ed economica con un&#8217;auspicata ripresa di tutte le nostre attivit\u00e0 e servizi. Siamo anche consapevoli che vi sono molte altre attivit\u00e0 che hanno subito effetti negativi e per le quali ci riserviamo di valutare ulteriori misure di sostegno nei mesi avvenire.&#8221;<\/p>","protected":false},"excerpt":{"rendered":"<p>Nel Comune di Borgo Valbelluna, nella seduta di Giunta Comunale di fine anno, approvazione di una manovra straordinaria di bilancio con la messa a disposizione di circa 50.000 euro per un bando che prevede la concessione di sostegni a fondo perduto a favore degli operatori economici, con attivit\u00e0 nel Comune, maggiormente colpiti dalla pandemia da [&hellip;]<\/p>\n","protected":false},"author":2,"featured_media":113212,"comment_status":"closed","ping_status":"open","sticky":false,"template":"","format":"standard","meta":{"footnotes":""},"categories":[36,26],"tags":[],"class_list":["post-120386","post","type-post","status-publish","format-standard","has-post-thumbnail","category-lavoro-economia","category-prima-pagina"],"yoast_head":"<!-- This site is optimized with the Yoast SEO plugin v28.4 - https:\/\/yoast.com\/product\/yoast-seo-wordpress\/ -->\n<title>Comune di Borgo Valbelluna. Bando da 50mila euro per gli operatori economici colpiti dalla pandemia - Bellunopress - Dolomiti<\/title>\n<meta name=\"robots\" content=\"index, follow, max-snippet:-1, max-image-preview:large, max-video-preview:-1\" \/>\n<link rel=\"canonical\" href=\"https:\/\/www.bellunopress.it\/fr\/2020\/12\/25\/comune-di-borgo-valbelluna-bando-da-50mila-euro-per-gli-operatori-economici-colpiti-dalla-pandemia\/\" \/>\n<meta property=\"og:locale\" content=\"fr_FR\" \/>\n<meta property=\"og:type\" content=\"article\" \/>\n<meta property=\"og:title\" content=\"Comune di Borgo Valbelluna. Bando da 50mila euro per gli operatori economici colpiti dalla pandemia - Bellunopress - Dolomiti\" \/>\n<meta property=\"og:description\" content=\"Nel Comune di Borgo Valbelluna, nella seduta di Giunta Comunale di fine anno, approvazione di una manovra straordinaria di bilancio con la messa a disposizione di circa 50.000 euro per un bando che prevede la concessione di sostegni a fondo perduto a favore degli operatori economici, con attivit\u00e0 nel Comune, maggiormente colpiti dalla pandemia da [&hellip;]\" \/>\n<meta property=\"og:url\" content=\"https:\/\/www.bellunopress.it\/fr\/2020\/12\/25\/comune-di-borgo-valbelluna-bando-da-50mila-euro-per-gli-operatori-economici-colpiti-dalla-pandemia\/\" \/>\n<meta property=\"og:site_name\" content=\"Bellunopress - Dolomiti\" \/>\n<meta property=\"article:publisher\" content=\"https:\/\/www.facebook.com\/profile.php?id=100008943462799\" \/>\n<meta property=\"article:published_time\" content=\"2020-12-25T08:21:35+00:00\" \/>\n<meta property=\"og:image\" content=\"https:\/\/www.bellunopress.it\/wp-content\/uploads\/2020\/03\/Stefano-Cesa-sindaco-Borgo-Valbelluna_edited.jpg\" \/>\n\t<meta property=\"og:image:width\" content=\"559\" \/>\n\t<meta property=\"og:image:height\" content=\"745\" \/>\n\t<meta property=\"og:image:type\" content=\"image\/jpeg\" \/>\n<meta name=\"author\" content=\"redazione\" \/>\n<meta name=\"twitter:card\" content=\"summary_large_image\" \/>\n<meta name=\"twitter:creator\" content=\"@bellunopress\" \/>\n<meta name=\"twitter:site\" content=\"@bellunopress\" \/>\n<meta name=\"twitter:label1\" content=\"\u00c9crit par\" \/>\n\t<meta name=\"twitter:data1\" content=\"redazione\" \/>\n\t<meta name=\"twitter:label2\" content=\"Dur\u00e9e de lecture estim\u00e9e\" \/>\n\t<meta name=\"twitter:data2\" content=\"2 minutes\" \/>\n<script type=\"application\/ld+json\" class=\"yoast-schema-graph\">{\"@context\":\"https:\\\/\\\/schema.org\",\"@graph\":[{\"@type\":\"Article\",\"@id\":\"https:\\\/\\\/www.bellunopress.it\\\/2020\\\/12\\\/25\\\/comune-di-borgo-valbelluna-bando-da-50mila-euro-per-gli-operatori-economici-colpiti-dalla-pandemia\\\/#article\",\"isPartOf\":{\"@id\":\"https:\\\/\\\/www.bellunopress.it\\\/2020\\\/12\\\/25\\\/comune-di-borgo-valbelluna-bando-da-50mila-euro-per-gli-operatori-economici-colpiti-dalla-pandemia\\\/\"},\"author\":{\"name\":\"redazione\",\"@id\":\"https:\\\/\\\/www.bellunopress.it\\\/#\\\/schema\\\/person\\\/79bb06722b37ece1c03d3e94beb30d73\"},\"headline\":\"Comune di Borgo Valbelluna. Bando da 50mila euro per gli operatori economici colpiti dalla pandemia\",\"datePublished\":\"2020-12-25T08:21:35+00:00\",\"mainEntityOfPage\":{\"@id\":\"https:\\\/\\\/www.bellunopress.it\\\/2020\\\/12\\\/25\\\/comune-di-borgo-valbelluna-bando-da-50mila-euro-per-gli-operatori-economici-colpiti-dalla-pandemia\\\/\"},\"wordCount\":524,\"publisher\":{\"@id\":\"https:\\\/\\\/www.bellunopress.it\\\/#organization\"},\"image\":{\"@id\":\"https:\\\/\\\/www.bellunopress.it\\\/2020\\\/12\\\/25\\\/comune-di-borgo-valbelluna-bando-da-50mila-euro-per-gli-operatori-economici-colpiti-dalla-pandemia\\\/#primaryimage\"},\"thumbnailUrl\":\"https:\\\/\\\/www.bellunopress.it\\\/wp-content\\\/uploads\\\/2020\\\/03\\\/Stefano-Cesa-sindaco-Borgo-Valbelluna_edited.jpg\",\"articleSection\":[\"Lavoro, Economia, Turismo\",\"Prima Pagina\"],\"inLanguage\":\"fr-FR\"},{\"@type\":\"WebPage\",\"@id\":\"https:\\\/\\\/www.bellunopress.it\\\/2020\\\/12\\\/25\\\/comune-di-borgo-valbelluna-bando-da-50mila-euro-per-gli-operatori-economici-colpiti-dalla-pandemia\\\/\",\"url\":\"https:\\\/\\\/www.bellunopress.it\\\/2020\\\/12\\\/25\\\/comune-di-borgo-valbelluna-bando-da-50mila-euro-per-gli-operatori-economici-colpiti-dalla-pandemia\\\/\",\"name\":\"Comune di Borgo Valbelluna. Bando da 50mila euro per gli operatori economici colpiti dalla pandemia - Bellunopress - Dolomiti\",\"isPartOf\":{\"@id\":\"https:\\\/\\\/www.bellunopress.it\\\/#website\"},\"primaryImageOfPage\":{\"@id\":\"https:\\\/\\\/www.bellunopress.it\\\/2020\\\/12\\\/25\\\/comune-di-borgo-valbelluna-bando-da-50mila-euro-per-gli-operatori-economici-colpiti-dalla-pandemia\\\/#primaryimage\"},\"image\":{\"@id\":\"https:\\\/\\\/www.bellunopress.it\\\/2020\\\/12\\\/25\\\/comune-di-borgo-valbelluna-bando-da-50mila-euro-per-gli-operatori-economici-colpiti-dalla-pandemia\\\/#primaryimage\"},\"thumbnailUrl\":\"https:\\\/\\\/www.bellunopress.it\\\/wp-content\\\/uploads\\\/2020\\\/03\\\/Stefano-Cesa-sindaco-Borgo-Valbelluna_edited.jpg\",\"datePublished\":\"2020-12-25T08:21:35+00:00\",\"breadcrumb\":{\"@id\":\"https:\\\/\\\/www.bellunopress.it\\\/2020\\\/12\\\/25\\\/comune-di-borgo-valbelluna-bando-da-50mila-euro-per-gli-operatori-economici-colpiti-dalla-pandemia\\\/#breadcrumb\"},\"inLanguage\":\"fr-FR\",\"potentialAction\":[{\"@type\":\"ReadAction\",\"target\":[\"https:\\\/\\\/www.bellunopress.it\\\/2020\\\/12\\\/25\\\/comune-di-borgo-valbelluna-bando-da-50mila-euro-per-gli-operatori-economici-colpiti-dalla-pandemia\\\/\"]}]},{\"@type\":\"ImageObject\",\"inLanguage\":\"fr-FR\",\"@id\":\"https:\\\/\\\/www.bellunopress.it\\\/2020\\\/12\\\/25\\\/comune-di-borgo-valbelluna-bando-da-50mila-euro-per-gli-operatori-economici-colpiti-dalla-pandemia\\\/#primaryimage\",\"url\":\"https:\\\/\\\/www.bellunopress.it\\\/wp-content\\\/uploads\\\/2020\\\/03\\\/Stefano-Cesa-sindaco-Borgo-Valbelluna_edited.jpg\",\"contentUrl\":\"https:\\\/\\\/www.bellunopress.it\\\/wp-content\\\/uploads\\\/2020\\\/03\\\/Stefano-Cesa-sindaco-Borgo-Valbelluna_edited.jpg\",\"width\":559,\"height\":745,\"caption\":\"Stefano Cesa, presidente Unione Montana Valbelluna e sindaco di Borgo Valbelluna\"},{\"@type\":\"BreadcrumbList\",\"@id\":\"https:\\\/\\\/www.bellunopress.it\\\/2020\\\/12\\\/25\\\/comune-di-borgo-valbelluna-bando-da-50mila-euro-per-gli-operatori-economici-colpiti-dalla-pandemia\\\/#breadcrumb\",\"itemListElement\":[{\"@type\":\"ListItem\",\"position\":1,\"name\":\"Home\",\"item\":\"https:\\\/\\\/www.bellunopress.it\\\/\"},{\"@type\":\"ListItem\",\"position\":2,\"name\":\"Comune di Borgo Valbelluna. Bando da 50mila euro per gli operatori economici colpiti dalla pandemia\"}]},{\"@type\":\"WebSite\",\"@id\":\"https:\\\/\\\/www.bellunopress.it\\\/#website\",\"url\":\"https:\\\/\\\/www.bellunopress.it\\\/\",\"name\":\"Bellunopress - Dolomiti\",\"description\":\"e-mail: redazione@bellunopress.it\",\"publisher\":{\"@id\":\"https:\\\/\\\/www.bellunopress.it\\\/#organization\"},\"potentialAction\":[{\"@type\":\"SearchAction\",\"target\":{\"@type\":\"EntryPoint\",\"urlTemplate\":\"https:\\\/\\\/www.bellunopress.it\\\/?s={search_term_string}\"},\"query-input\":{\"@type\":\"PropertyValueSpecification\",\"valueRequired\":true,\"valueName\":\"search_term_string\"}}],\"inLanguage\":\"fr-FR\"},{\"@type\":\"Organization\",\"@id\":\"https:\\\/\\\/www.bellunopress.it\\\/#organization\",\"name\":\"Bellunopress\",\"url\":\"https:\\\/\\\/www.bellunopress.it\\\/\",\"logo\":{\"@type\":\"ImageObject\",\"inLanguage\":\"fr-FR\",\"@id\":\"https:\\\/\\\/www.bellunopress.it\\\/#\\\/schema\\\/logo\\\/image\\\/\",\"url\":\"https:\\\/\\\/www.bellunopress.it\\\/wp-content\\\/uploads\\\/2011\\\/05\\\/cropped-logo-bellunopress-.jpg\",\"contentUrl\":\"https:\\\/\\\/www.bellunopress.it\\\/wp-content\\\/uploads\\\/2011\\\/05\\\/cropped-logo-bellunopress-.jpg\",\"width\":512,\"height\":512,\"caption\":\"Bellunopress\"},\"image\":{\"@id\":\"https:\\\/\\\/www.bellunopress.it\\\/#\\\/schema\\\/logo\\\/image\\\/\"},\"sameAs\":[\"https:\\\/\\\/www.facebook.com\\\/profile.php?id=100008943462799\",\"https:\\\/\\\/x.com\\\/bellunopress\",\"https:\\\/\\\/www.linkedin.com\\\/hp\\\/?dnr=JBzUWaJfMUw8vbXJJ2tVW5-I3jZKvC4wsoxE&amp;amp;amp;amp;amp;amp;trk=nav_responsive_tab_home\",\"https:\\\/\\\/www.youtube.com\\\/channel\\\/UCxL0wu1uN0_3_7hGG0306cw\"]},{\"@type\":\"Person\",\"@id\":\"https:\\\/\\\/www.bellunopress.it\\\/#\\\/schema\\\/person\\\/79bb06722b37ece1c03d3e94beb30d73\",\"name\":\"redazione\",\"image\":{\"@type\":\"ImageObject\",\"inLanguage\":\"fr-FR\",\"@id\":\"https:\\\/\\\/secure.gravatar.com\\\/avatar\\\/37d968a2e67a6fd04c169c4bdef102d0bc5d31b2546345219e348575eb80e9a0?s=96&d=mm&r=g\",\"url\":\"https:\\\/\\\/secure.gravatar.com\\\/avatar\\\/37d968a2e67a6fd04c169c4bdef102d0bc5d31b2546345219e348575eb80e9a0?s=96&d=mm&r=g\",\"contentUrl\":\"https:\\\/\\\/secure.gravatar.com\\\/avatar\\\/37d968a2e67a6fd04c169c4bdef102d0bc5d31b2546345219e348575eb80e9a0?s=96&d=mm&r=g\",\"caption\":\"redazione\"},\"sameAs\":[\"http:\\\/\\\/www.bellunopress.it\",\"https:\\\/\\\/x.com\\\/bellunopress\"],\"url\":\"https:\\\/\\\/www.bellunopress.it\\\/fr\\\/author\\\/redazione\\\/\"}]}<\/script>\n<!-- \/ Yoast SEO plugin. -->","yoast_head_json":{"title":"Comune di Borgo Valbelluna. Bando da 50mila euro per gli operatori economici colpiti dalla pandemia - Bellunopress - Dolomiti","robots":{"index":"index","follow":"follow","max-snippet":"max-snippet:-1","max-image-preview":"max-image-preview:large","max-video-preview":"max-video-preview:-1"},"canonical":"https:\/\/www.bellunopress.it\/fr\/2020\/12\/25\/comune-di-borgo-valbelluna-bando-da-50mila-euro-per-gli-operatori-economici-colpiti-dalla-pandemia\/","og_locale":"fr_FR","og_type":"article","og_title":"Comune di Borgo Valbelluna. Bando da 50mila euro per gli operatori economici colpiti dalla pandemia - Bellunopress - Dolomiti","og_description":"Nel Comune di Borgo Valbelluna, nella seduta di Giunta Comunale di fine anno, approvazione di una manovra straordinaria di bilancio con la messa a disposizione di circa 50.000 euro per un bando che prevede la concessione di sostegni a fondo perduto a favore degli operatori economici, con attivit\u00e0 nel Comune, maggiormente colpiti dalla pandemia da [&hellip;]","og_url":"https:\/\/www.bellunopress.it\/fr\/2020\/12\/25\/comune-di-borgo-valbelluna-bando-da-50mila-euro-per-gli-operatori-economici-colpiti-dalla-pandemia\/","og_site_name":"Bellunopress - Dolomiti","article_publisher":"https:\/\/www.facebook.com\/profile.php?id=100008943462799","article_published_time":"2020-12-25T08:21:35+00:00","og_image":[{"width":559,"height":745,"url":"https:\/\/www.bellunopress.it\/wp-content\/uploads\/2020\/03\/Stefano-Cesa-sindaco-Borgo-Valbelluna_edited.jpg","type":"image\/jpeg"}],"author":"redazione","twitter_card":"summary_large_image","twitter_creator":"@bellunopress","twitter_site":"@bellunopress","twitter_misc":{"\u00c9crit par":"redazione","Dur\u00e9e de lecture estim\u00e9e":"2 minutes"},"schema":{"@context":"https:\/\/schema.org","@graph":[{"@type":"Article","@id":"https:\/\/www.bellunopress.it\/2020\/12\/25\/comune-di-borgo-valbelluna-bando-da-50mila-euro-per-gli-operatori-economici-colpiti-dalla-pandemia\/#article","isPartOf":{"@id":"https:\/\/www.bellunopress.it\/2020\/12\/25\/comune-di-borgo-valbelluna-bando-da-50mila-euro-per-gli-operatori-economici-colpiti-dalla-pandemia\/"},"author":{"name":"redazione","@id":"https:\/\/www.bellunopress.it\/#\/schema\/person\/79bb06722b37ece1c03d3e94beb30d73"},"headline":"Comune di Borgo Valbelluna. Bando da 50mila euro per gli operatori economici colpiti dalla pandemia","datePublished":"2020-12-25T08:21:35+00:00","mainEntityOfPage":{"@id":"https:\/\/www.bellunopress.it\/2020\/12\/25\/comune-di-borgo-valbelluna-bando-da-50mila-euro-per-gli-operatori-economici-colpiti-dalla-pandemia\/"},"wordCount":524,"publisher":{"@id":"https:\/\/www.bellunopress.it\/#organization"},"image":{"@id":"https:\/\/www.bellunopress.it\/2020\/12\/25\/comune-di-borgo-valbelluna-bando-da-50mila-euro-per-gli-operatori-economici-colpiti-dalla-pandemia\/#primaryimage"},"thumbnailUrl":"https:\/\/www.bellunopress.it\/wp-content\/uploads\/2020\/03\/Stefano-Cesa-sindaco-Borgo-Valbelluna_edited.jpg","articleSection":["Lavoro, Economia, Turismo","Prima Pagina"],"inLanguage":"fr-FR"},{"@type":"WebPage","@id":"https:\/\/www.bellunopress.it\/2020\/12\/25\/comune-di-borgo-valbelluna-bando-da-50mila-euro-per-gli-operatori-economici-colpiti-dalla-pandemia\/","url":"https:\/\/www.bellunopress.it\/2020\/12\/25\/comune-di-borgo-valbelluna-bando-da-50mila-euro-per-gli-operatori-economici-colpiti-dalla-pandemia\/","name":"Comune di Borgo Valbelluna. Bando da 50mila euro per gli operatori economici colpiti dalla pandemia - Bellunopress - Dolomiti","isPartOf":{"@id":"https:\/\/www.bellunopress.it\/#website"},"primaryImageOfPage":{"@id":"https:\/\/www.bellunopress.it\/2020\/12\/25\/comune-di-borgo-valbelluna-bando-da-50mila-euro-per-gli-operatori-economici-colpiti-dalla-pandemia\/#primaryimage"},"image":{"@id":"https:\/\/www.bellunopress.it\/2020\/12\/25\/comune-di-borgo-valbelluna-bando-da-50mila-euro-per-gli-operatori-economici-colpiti-dalla-pandemia\/#primaryimage"},"thumbnailUrl":"https:\/\/www.bellunopress.it\/wp-content\/uploads\/2020\/03\/Stefano-Cesa-sindaco-Borgo-Valbelluna_edited.jpg","datePublished":"2020-12-25T08:21:35+00:00","breadcrumb":{"@id":"https:\/\/www.bellunopress.it\/2020\/12\/25\/comune-di-borgo-valbelluna-bando-da-50mila-euro-per-gli-operatori-economici-colpiti-dalla-pandemia\/#breadcrumb"},"inLanguage":"fr-FR","potentialAction":[{"@type":"ReadAction","target":["https:\/\/www.bellunopress.it\/2020\/12\/25\/comune-di-borgo-valbelluna-bando-da-50mila-euro-per-gli-operatori-economici-colpiti-dalla-pandemia\/"]}]},{"@type":"ImageObject","inLanguage":"fr-FR","@id":"https:\/\/www.bellunopress.it\/2020\/12\/25\/comune-di-borgo-valbelluna-bando-da-50mila-euro-per-gli-operatori-economici-colpiti-dalla-pandemia\/#primaryimage","url":"https:\/\/www.bellunopress.it\/wp-content\/uploads\/2020\/03\/Stefano-Cesa-sindaco-Borgo-Valbelluna_edited.jpg","contentUrl":"https:\/\/www.bellunopress.it\/wp-content\/uploads\/2020\/03\/Stefano-Cesa-sindaco-Borgo-Valbelluna_edited.jpg","width":559,"height":745,"caption":"Stefano Cesa, presidente Unione Montana Valbelluna e sindaco di Borgo Valbelluna"},{"@type":"BreadcrumbList","@id":"https:\/\/www.bellunopress.it\/2020\/12\/25\/comune-di-borgo-valbelluna-bando-da-50mila-euro-per-gli-operatori-economici-colpiti-dalla-pandemia\/#breadcrumb","itemListElement":[{"@type":"ListItem","position":1,"name":"Home","item":"https:\/\/www.bellunopress.it\/"},{"@type":"ListItem","position":2,"name":"Comune di Borgo Valbelluna. Bando da 50mila euro per gli operatori economici colpiti dalla pandemia"}]},{"@type":"WebSite","@id":"https:\/\/www.bellunopress.it\/#website","url":"https:\/\/www.bellunopress.it\/","name":"Bellunopress - Dolomiti","description":"e-mail: redazione@bellunopress.it","publisher":{"@id":"https:\/\/www.bellunopress.it\/#organization"},"potentialAction":[{"@type":"SearchAction","target":{"@type":"EntryPoint","urlTemplate":"https:\/\/www.bellunopress.it\/?s={search_term_string}"},"query-input":{"@type":"PropertyValueSpecification","valueRequired":true,"valueName":"search_term_string"}}],"inLanguage":"fr-FR"},{"@type":"Organization","@id":"https:\/\/www.bellunopress.it\/#organization","name":"Bellunopress","url":"https:\/\/www.bellunopress.it\/","logo":{"@type":"ImageObject","inLanguage":"fr-FR","@id":"https:\/\/www.bellunopress.it\/#\/schema\/logo\/image\/","url":"https:\/\/www.bellunopress.it\/wp-content\/uploads\/2011\/05\/cropped-logo-bellunopress-.jpg","contentUrl":"https:\/\/www.bellunopress.it\/wp-content\/uploads\/2011\/05\/cropped-logo-bellunopress-.jpg","width":512,"height":512,"caption":"Bellunopress"},"image":{"@id":"https:\/\/www.bellunopress.it\/#\/schema\/logo\/image\/"},"sameAs":["https:\/\/www.facebook.com\/profile.php?id=100008943462799","https:\/\/x.com\/bellunopress","https:\/\/www.linkedin.com\/hp\/?dnr=JBzUWaJfMUw8vbXJJ2tVW5-I3jZKvC4wsoxE&amp;amp;amp;amp;amp;amp;trk=nav_responsive_tab_home","https:\/\/www.youtube.com\/channel\/UCxL0wu1uN0_3_7hGG0306cw"]},{"@type":"Person","@id":"https:\/\/www.bellunopress.it\/#\/schema\/person\/79bb06722b37ece1c03d3e94beb30d73","name":"r\u00e9daction","image":{"@type":"ImageObject","inLanguage":"fr-FR","@id":"https:\/\/secure.gravatar.com\/avatar\/37d968a2e67a6fd04c169c4bdef102d0bc5d31b2546345219e348575eb80e9a0?s=96&d=mm&r=g","url":"https:\/\/secure.gravatar.com\/avatar\/37d968a2e67a6fd04c169c4bdef102d0bc5d31b2546345219e348575eb80e9a0?s=96&d=mm&r=g","contentUrl":"https:\/\/secure.gravatar.com\/avatar\/37d968a2e67a6fd04c169c4bdef102d0bc5d31b2546345219e348575eb80e9a0?s=96&d=mm&r=g","caption":"redazione"},"sameAs":["http:\/\/www.bellunopress.it","https:\/\/x.com\/bellunopress"],"url":"https:\/\/www.bellunopress.it\/fr\/author\/redazione\/"}]}},"_links":{"self":[{"href":"https:\/\/www.bellunopress.it\/fr\/wp-json\/wp\/v2\/posts\/120386","targetHints":{"allow":["GET"]}}],"collection":[{"href":"https:\/\/www.bellunopress.it\/fr\/wp-json\/wp\/v2\/posts"}],"about":[{"href":"https:\/\/www.bellunopress.it\/fr\/wp-json\/wp\/v2\/types\/post"}],"author":[{"embeddable":true,"href":"https:\/\/www.bellunopress.it\/fr\/wp-json\/wp\/v2\/users\/2"}],"replies":[{"embeddable":true,"href":"https:\/\/www.bellunopress.it\/fr\/wp-json\/wp\/v2\/comments?post=120386"}],"version-history":[{"count":1,"href":"https:\/\/www.bellunopress.it\/fr\/wp-json\/wp\/v2\/posts\/120386\/revisions"}],"predecessor-version":[{"id":120387,"href":"https:\/\/www.bellunopress.it\/fr\/wp-json\/wp\/v2\/posts\/120386\/revisions\/120387"}],"wp:featuredmedia":[{"embeddable":true,"href":"https:\/\/www.bellunopress.it\/fr\/wp-json\/wp\/v2\/media\/113212"}],"wp:attachment":[{"href":"https:\/\/www.bellunopress.it\/fr\/wp-json\/wp\/v2\/media?parent=120386"}],"wp:term":[{"taxonomy":"category","embeddable":true,"href":"https:\/\/www.bellunopress.it\/fr\/wp-json\/wp\/v2\/categories?post=120386"},{"taxonomy":"post_tag","embeddable":true,"href":"https:\/\/www.bellunopress.it\/fr\/wp-json\/wp\/v2\/tags?post=120386"}],"curies":[{"name":"wp","href":"https:\/\/api.w.org\/{rel}","templated":true}]}}