{"id":120384,"date":"2020-12-24T18:00:14","date_gmt":"2020-12-24T17:00:14","guid":{"rendered":"http:\/\/www.bellunopress.it\/?p=120384"},"modified":"2020-12-25T08:53:40","modified_gmt":"2020-12-25T07:53:40","slug":"il-decreto-cancella-natale","status":"publish","type":"post","link":"https:\/\/www.bellunopress.it\/fr\/2020\/12\/24\/il-decreto-cancella-natale\/","title":{"rendered":"Il Decreto &#8220;Cancella Natale&#8221;"},"content":{"rendered":"<p><a href=\"http:\/\/www.bellunopress.it\/fr\/2017\/10\/17\/referendum-non-provo-vergogna-nellastenermi-di-giovanni-selmo\/lettera-2\/\" rel=\"attachment wp-att-90002\"><img loading=\"lazy\" decoding=\"async\" class=\"alignleft size-full wp-image-90002\" src=\"http:\/\/www.bellunopress.it\/wp-content\/uploads\/2017\/10\/lettera.jpg\" alt=\"\" width=\"257\" height=\"176\" \/><\/a>Il decreto-legge 18 dicembre 2020, n. 172 (c.d. decreto &#8220;Natale&#8221;), pur essendo in vigore dal 19, produce i suoi effetti dal 24 dicembre 2020 al 06 gennaio 2021, introducendo misure di contenimento proprie delle zone rosse nei giorni prefestivi e festivi e delle zone arancioni nelle altre giornate. Al di l\u00e1 delle deroghe espressamente introdotte (visite a parenti o amici una sola volta al giorno), il provvedimento governativo richiama anche le eccezioni al divieto di libert\u00e1 di circolazione di cui all&#8217;art. 1, comma 2, del decreto-legge 02 dicembre 2020, n. 158. In particolare, oltre alle esigenze di natura lavorativa, sono inclusi i motivi di salute e le situazioni di necessit\u00e1. Il problema che si pone \u00e9 il seguente: che cosa rientra tra le fattispecie che perfezionano la necessit\u00e1 e la salute? Recarsi, ad esempio, in un altro Comune ove risiede un parente o un amico che necessita di essere medicato costituisce una ragione di salute tale da consentire lo spostamento? Oppure i motivi di salute concernono unicamente ed esclusivamente il soggetto agente? E le situazioni di necessit\u00e1 quali sarebbero? Non siamo, forse, in presenza di un concetto ampio, riempibile di qualunque contenuto, con il rischio che chi si muove pu\u00f3 ritenere il proprio spostamento necessario diversamente dall&#8217;agente delle forze dell&#8217;ordine che potrebbe invece non includerlo in questa categoria? Bisogna allora fare opposizione avverso la sanzione amministrativa davanti ad un giudice di pace per sapere se per lui (terza interpretazione) l&#8217;uscita dal proprio Comune \u00e9 ricompresa nella deroghe consentite dal decreto-legge n. 158\/2020? La Corte costituzionale, con la &#8220;storica&#8221; sentenza n. 22\/2012, ha precisato come il requisito della specificit\u00e1, della omogeneit\u00e1 e della immediata applicabilit\u00e1 dei provvedimenti provvisori aventi forza di legge, sebbene non rappresenti parametro di legittimit\u00e1 costituzionale in s\u00e9 (\u00e9 previsto, infatti, dall&#8217;art. 15, comma 3, della legge ordinaria dello Stato 23 agosto 1988, n. 400), &#8220;costituisce esplicitazione della ratio implicita nel secondo comma dell\u2019art. 77 Cost., il quale impone il collegamento dell\u2019intero decreto-legge al cas straordinario di necessit\u00e0 e urgenza che ha indotto il Governo ad avvalersi dell\u2019eccezionale potere di esercitare la funzione legislativa senza previa delegazione da parte del Parlamento&#8221;.<\/p>\n<p>Dobbiamo rimettere ogni risposta a FAQ o circolari a riprova della poca chiarezza del legislatore d&#8217;urgenza e della stessa formulazione linguistica delle disposizioni? Era proprio cos\u00ed difficile tipizzare in modo puntuale e preciso i casi? Era complicato coinvolgere, mediante la presentazione di un disegno di legge formale, il Parlamento attraverso il procedimento in Commissione deliberante o legislativa che accelera l&#8217;iter parlamentare? Forse s\u00ed per questa maggioranza.<\/p>\n<p>Prof. Avv. Augusto Sinagra (Ordinario di Diritto dell&#8217;Unione Europea presso l&#8217;Universit\u00e1 &#8220;La Sapienza&#8221; di Roma. Direttore della Rivista (fascia A) della Cooperazione giuridica internazionale. Avvocato del Foro di Roma)<\/p>\n<p>Prof. Carlo Vivaldi Forti (Ordinario di Sociologia presso la Libera Accademia degli Studi di Bellinzona (Svizzera)\/Centro Studi Superiore INDEF)<\/p>\n<p>Matteo Castagna (Presidente dell&#8217;Associazione Christus Rex Traditio. Giornalista pubblicista)<\/p>\n<p>Avv. Chiara Frare (Avvocato del Foro di Venezia)<\/p>\n<p>Massimo Navatta (Imprenditore presso Navatta Group)<\/p>\n<p>Prof. ssa Francesca Ferrazza (Coordinatrice didattica di Unidolomiti-Belluno)<\/p>\n<p>Prof. ssa Adriana Bisirri (Presidente di Astrambiente)<\/p>\n<p>Dott. ssa Paola De Pin (senatrice nella XVII legislatura e imprenditrice)<\/p>\n<p>Dott. Michele Toaldo (Assessore ai Lavori pubblici e all&#8217;Edilizia scolastica del Comune di Montebelluna (Treviso))<\/p>\n<p>Michele Balen (Consigliere comunale di opposizione-Comune di Feltre (Belluno))<\/p>\n<p>Dott. Fabio Marino (Storico del Diritto Romano presso l&#8217;Universit\u00e1 degli Studi di Padova)<\/p>\n<p>Prof. Daniele Trabucco (Associato di Diritto Costituzionale italiano e comparato e Dottrina dello Stato presso la Libera Accademia degli Studi di Bellinzona (Svizzera)\/Centro Studi Superiore INDEF. Dottore di Ricerca in Istituzioni di Diritto Pubblico)<\/p>\n<p>Avv. Andrea Sartori (Avvocato del Foro di Verona)<\/p>\n<p>Avv. Roberto Gallo (Avvocato)<\/p>\n<p>Gloria Callarelli (giornalista)<\/p>\n<p>Lorenzo Damiano (Presidente PDP)<\/p>\n<p>Prof. Avv. Michele Borgato (Professore universitario a contratto di Istituzioni di Diritto Pubblico presso la SSML\/Istituto ad Ordinamento universitario &#8220;Unicollege&#8221; di Mantova. Avvocato del Foro di Padova)<\/p>\n<p>Dott. ssa Camilla Della Giustina (Cultrice della Materia in Diritto Costituzionale presso l&#8217;Universit\u00e1 degli Studi di Padova-sede di Treviso e presso la Libera Accademia degli Studi di Bellinzona (Svizzera)\/Centro Studi Superiore INDEF)<\/p>\n<p>Jurgen Ismaili (lavoratore dipendente)<\/p>\n<p>Luciano Gallina (Agente di commercio)<\/p>\n<p>Davide Picelli (Libero professionista)<\/p>\n<p>Paolo Suine (non occupato)<\/p>\n<p>Giuseppe De Cet (Imprenditore)<\/p>\n<p>Sandra Rossini (Networker)<\/p>\n<p>Andrea Cavallini (Impiegato)<\/p>\n<p>Carlo Maria Vivenza (Impiegato comunale)<\/p>\n<p>Lillo Romano (infermiere).<\/p>","protected":false},"excerpt":{"rendered":"<p>Il decreto-legge 18 dicembre 2020, n. 172 (c.d. decreto &#8220;Natale&#8221;), pur essendo in vigore dal 19, produce i suoi effetti dal 24 dicembre 2020 al 06 gennaio 2021, introducendo misure di contenimento proprie delle zone rosse nei giorni prefestivi e festivi e delle zone arancioni nelle altre giornate. Al di l\u00e1 delle deroghe espressamente introdotte [&hellip;]<\/p>\n","protected":false},"author":2,"featured_media":90002,"comment_status":"closed","ping_status":"open","sticky":false,"template":"","format":"standard","meta":{"footnotes":""},"categories":[1],"tags":[],"class_list":["post-120384","post","type-post","status-publish","format-standard","has-post-thumbnail","category-leo"],"yoast_head":"<!-- This site is optimized with the Yoast SEO plugin v28.4 - https:\/\/yoast.com\/product\/yoast-seo-wordpress\/ -->\n<title>Il Decreto &quot;Cancella Natale&quot; - Bellunopress - Dolomiti<\/title>\n<meta name=\"robots\" content=\"index, follow, max-snippet:-1, max-image-preview:large, max-video-preview:-1\" \/>\n<link rel=\"canonical\" href=\"https:\/\/www.bellunopress.it\/fr\/2020\/12\/24\/il-decreto-cancella-natale\/\" \/>\n<meta property=\"og:locale\" content=\"fr_FR\" \/>\n<meta property=\"og:type\" content=\"article\" \/>\n<meta property=\"og:title\" content=\"Il Decreto &quot;Cancella Natale&quot; - Bellunopress - Dolomiti\" \/>\n<meta property=\"og:description\" content=\"Il decreto-legge 18 dicembre 2020, n. 172 (c.d. decreto &#8220;Natale&#8221;), pur essendo in vigore dal 19, produce i suoi effetti dal 24 dicembre 2020 al 06 gennaio 2021, introducendo misure di contenimento proprie delle zone rosse nei giorni prefestivi e festivi e delle zone arancioni nelle altre giornate. Al di l\u00e1 delle deroghe espressamente introdotte [&hellip;]\" \/>\n<meta property=\"og:url\" content=\"https:\/\/www.bellunopress.it\/fr\/2020\/12\/24\/il-decreto-cancella-natale\/\" \/>\n<meta property=\"og:site_name\" content=\"Bellunopress - Dolomiti\" \/>\n<meta property=\"article:publisher\" content=\"https:\/\/www.facebook.com\/profile.php?id=100008943462799\" \/>\n<meta property=\"article:published_time\" content=\"2020-12-24T17:00:14+00:00\" \/>\n<meta property=\"article:modified_time\" content=\"2020-12-25T07:53:40+00:00\" \/>\n<meta property=\"og:image\" content=\"https:\/\/www.bellunopress.it\/wp-content\/uploads\/2017\/10\/lettera.jpg\" \/>\n\t<meta property=\"og:image:width\" content=\"257\" \/>\n\t<meta property=\"og:image:height\" content=\"176\" \/>\n\t<meta property=\"og:image:type\" content=\"image\/jpeg\" \/>\n<meta name=\"author\" content=\"redazione\" \/>\n<meta name=\"twitter:card\" content=\"summary_large_image\" \/>\n<meta name=\"twitter:creator\" content=\"@bellunopress\" \/>\n<meta name=\"twitter:site\" content=\"@bellunopress\" \/>\n<meta name=\"twitter:label1\" content=\"Written by\" \/>\n\t<meta name=\"twitter:data1\" content=\"redazione\" \/>\n\t<meta name=\"twitter:label2\" content=\"Est. reading time\" \/>\n\t<meta name=\"twitter:data2\" content=\"3 minutes\" \/>\n<script type=\"application\/ld+json\" class=\"yoast-schema-graph\">{\"@context\":\"https:\\\/\\\/schema.org\",\"@graph\":[{\"@type\":\"Article\",\"@id\":\"https:\\\/\\\/www.bellunopress.it\\\/2020\\\/12\\\/24\\\/il-decreto-cancella-natale\\\/#article\",\"isPartOf\":{\"@id\":\"https:\\\/\\\/www.bellunopress.it\\\/2020\\\/12\\\/24\\\/il-decreto-cancella-natale\\\/\"},\"author\":{\"name\":\"redazione\",\"@id\":\"https:\\\/\\\/www.bellunopress.it\\\/#\\\/schema\\\/person\\\/79bb06722b37ece1c03d3e94beb30d73\"},\"headline\":\"Il Decreto &#8220;Cancella Natale&#8221;\",\"datePublished\":\"2020-12-24T17:00:14+00:00\",\"dateModified\":\"2020-12-25T07:53:40+00:00\",\"mainEntityOfPage\":{\"@id\":\"https:\\\/\\\/www.bellunopress.it\\\/2020\\\/12\\\/24\\\/il-decreto-cancella-natale\\\/\"},\"wordCount\":701,\"publisher\":{\"@id\":\"https:\\\/\\\/www.bellunopress.it\\\/#organization\"},\"image\":{\"@id\":\"https:\\\/\\\/www.bellunopress.it\\\/2020\\\/12\\\/24\\\/il-decreto-cancella-natale\\\/#primaryimage\"},\"thumbnailUrl\":\"https:\\\/\\\/www.bellunopress.it\\\/wp-content\\\/uploads\\\/2017\\\/10\\\/lettera.jpg\",\"articleSection\":[\"Lettere Opinioni\"],\"inLanguage\":\"fr-FR\"},{\"@type\":\"WebPage\",\"@id\":\"https:\\\/\\\/www.bellunopress.it\\\/2020\\\/12\\\/24\\\/il-decreto-cancella-natale\\\/\",\"url\":\"https:\\\/\\\/www.bellunopress.it\\\/2020\\\/12\\\/24\\\/il-decreto-cancella-natale\\\/\",\"name\":\"Il Decreto \\\"Cancella Natale\\\" - Bellunopress - Dolomiti\",\"isPartOf\":{\"@id\":\"https:\\\/\\\/www.bellunopress.it\\\/#website\"},\"primaryImageOfPage\":{\"@id\":\"https:\\\/\\\/www.bellunopress.it\\\/2020\\\/12\\\/24\\\/il-decreto-cancella-natale\\\/#primaryimage\"},\"image\":{\"@id\":\"https:\\\/\\\/www.bellunopress.it\\\/2020\\\/12\\\/24\\\/il-decreto-cancella-natale\\\/#primaryimage\"},\"thumbnailUrl\":\"https:\\\/\\\/www.bellunopress.it\\\/wp-content\\\/uploads\\\/2017\\\/10\\\/lettera.jpg\",\"datePublished\":\"2020-12-24T17:00:14+00:00\",\"dateModified\":\"2020-12-25T07:53:40+00:00\",\"breadcrumb\":{\"@id\":\"https:\\\/\\\/www.bellunopress.it\\\/2020\\\/12\\\/24\\\/il-decreto-cancella-natale\\\/#breadcrumb\"},\"inLanguage\":\"fr-FR\",\"potentialAction\":[{\"@type\":\"ReadAction\",\"target\":[\"https:\\\/\\\/www.bellunopress.it\\\/2020\\\/12\\\/24\\\/il-decreto-cancella-natale\\\/\"]}]},{\"@type\":\"ImageObject\",\"inLanguage\":\"fr-FR\",\"@id\":\"https:\\\/\\\/www.bellunopress.it\\\/2020\\\/12\\\/24\\\/il-decreto-cancella-natale\\\/#primaryimage\",\"url\":\"https:\\\/\\\/www.bellunopress.it\\\/wp-content\\\/uploads\\\/2017\\\/10\\\/lettera.jpg\",\"contentUrl\":\"https:\\\/\\\/www.bellunopress.it\\\/wp-content\\\/uploads\\\/2017\\\/10\\\/lettera.jpg\",\"width\":257,\"height\":176},{\"@type\":\"BreadcrumbList\",\"@id\":\"https:\\\/\\\/www.bellunopress.it\\\/2020\\\/12\\\/24\\\/il-decreto-cancella-natale\\\/#breadcrumb\",\"itemListElement\":[{\"@type\":\"ListItem\",\"position\":1,\"name\":\"Home\",\"item\":\"https:\\\/\\\/www.bellunopress.it\\\/\"},{\"@type\":\"ListItem\",\"position\":2,\"name\":\"Il Decreto &#8220;Cancella Natale&#8221;\"}]},{\"@type\":\"WebSite\",\"@id\":\"https:\\\/\\\/www.bellunopress.it\\\/#website\",\"url\":\"https:\\\/\\\/www.bellunopress.it\\\/\",\"name\":\"Bellunopress - Dolomiti\",\"description\":\"e-mail: redazione@bellunopress.it\",\"publisher\":{\"@id\":\"https:\\\/\\\/www.bellunopress.it\\\/#organization\"},\"potentialAction\":[{\"@type\":\"SearchAction\",\"target\":{\"@type\":\"EntryPoint\",\"urlTemplate\":\"https:\\\/\\\/www.bellunopress.it\\\/?s={search_term_string}\"},\"query-input\":{\"@type\":\"PropertyValueSpecification\",\"valueRequired\":true,\"valueName\":\"search_term_string\"}}],\"inLanguage\":\"fr-FR\"},{\"@type\":\"Organization\",\"@id\":\"https:\\\/\\\/www.bellunopress.it\\\/#organization\",\"name\":\"Bellunopress\",\"url\":\"https:\\\/\\\/www.bellunopress.it\\\/\",\"logo\":{\"@type\":\"ImageObject\",\"inLanguage\":\"fr-FR\",\"@id\":\"https:\\\/\\\/www.bellunopress.it\\\/#\\\/schema\\\/logo\\\/image\\\/\",\"url\":\"https:\\\/\\\/www.bellunopress.it\\\/wp-content\\\/uploads\\\/2011\\\/05\\\/cropped-logo-bellunopress-.jpg\",\"contentUrl\":\"https:\\\/\\\/www.bellunopress.it\\\/wp-content\\\/uploads\\\/2011\\\/05\\\/cropped-logo-bellunopress-.jpg\",\"width\":512,\"height\":512,\"caption\":\"Bellunopress\"},\"image\":{\"@id\":\"https:\\\/\\\/www.bellunopress.it\\\/#\\\/schema\\\/logo\\\/image\\\/\"},\"sameAs\":[\"https:\\\/\\\/www.facebook.com\\\/profile.php?id=100008943462799\",\"https:\\\/\\\/x.com\\\/bellunopress\",\"https:\\\/\\\/www.linkedin.com\\\/hp\\\/?dnr=JBzUWaJfMUw8vbXJJ2tVW5-I3jZKvC4wsoxE&amp;amp;amp;amp;amp;amp;trk=nav_responsive_tab_home\",\"https:\\\/\\\/www.youtube.com\\\/channel\\\/UCxL0wu1uN0_3_7hGG0306cw\"]},{\"@type\":\"Person\",\"@id\":\"https:\\\/\\\/www.bellunopress.it\\\/#\\\/schema\\\/person\\\/79bb06722b37ece1c03d3e94beb30d73\",\"name\":\"redazione\",\"image\":{\"@type\":\"ImageObject\",\"inLanguage\":\"fr-FR\",\"@id\":\"https:\\\/\\\/secure.gravatar.com\\\/avatar\\\/37d968a2e67a6fd04c169c4bdef102d0bc5d31b2546345219e348575eb80e9a0?s=96&d=mm&r=g\",\"url\":\"https:\\\/\\\/secure.gravatar.com\\\/avatar\\\/37d968a2e67a6fd04c169c4bdef102d0bc5d31b2546345219e348575eb80e9a0?s=96&d=mm&r=g\",\"contentUrl\":\"https:\\\/\\\/secure.gravatar.com\\\/avatar\\\/37d968a2e67a6fd04c169c4bdef102d0bc5d31b2546345219e348575eb80e9a0?s=96&d=mm&r=g\",\"caption\":\"redazione\"},\"sameAs\":[\"http:\\\/\\\/www.bellunopress.it\",\"https:\\\/\\\/x.com\\\/bellunopress\"],\"url\":\"https:\\\/\\\/www.bellunopress.it\\\/fr\\\/author\\\/redazione\\\/\"}]}<\/script>\n<!-- \/ Yoast SEO plugin. -->","yoast_head_json":{"title":"Il Decreto \"Cancella Natale\" - Bellunopress - Dolomiti","robots":{"index":"index","follow":"follow","max-snippet":"max-snippet:-1","max-image-preview":"max-image-preview:large","max-video-preview":"max-video-preview:-1"},"canonical":"https:\/\/www.bellunopress.it\/fr\/2020\/12\/24\/il-decreto-cancella-natale\/","og_locale":"fr_FR","og_type":"article","og_title":"Il Decreto \"Cancella Natale\" - Bellunopress - Dolomiti","og_description":"Il decreto-legge 18 dicembre 2020, n. 172 (c.d. decreto &#8220;Natale&#8221;), pur essendo in vigore dal 19, produce i suoi effetti dal 24 dicembre 2020 al 06 gennaio 2021, introducendo misure di contenimento proprie delle zone rosse nei giorni prefestivi e festivi e delle zone arancioni nelle altre giornate. Al di l\u00e1 delle deroghe espressamente introdotte [&hellip;]","og_url":"https:\/\/www.bellunopress.it\/fr\/2020\/12\/24\/il-decreto-cancella-natale\/","og_site_name":"Bellunopress - Dolomiti","article_publisher":"https:\/\/www.facebook.com\/profile.php?id=100008943462799","article_published_time":"2020-12-24T17:00:14+00:00","article_modified_time":"2020-12-25T07:53:40+00:00","og_image":[{"width":257,"height":176,"url":"https:\/\/www.bellunopress.it\/wp-content\/uploads\/2017\/10\/lettera.jpg","type":"image\/jpeg"}],"author":"redazione","twitter_card":"summary_large_image","twitter_creator":"@bellunopress","twitter_site":"@bellunopress","twitter_misc":{"Written by":"redazione","Est. reading time":"3 minutes"},"schema":{"@context":"https:\/\/schema.org","@graph":[{"@type":"Article","@id":"https:\/\/www.bellunopress.it\/2020\/12\/24\/il-decreto-cancella-natale\/#article","isPartOf":{"@id":"https:\/\/www.bellunopress.it\/2020\/12\/24\/il-decreto-cancella-natale\/"},"author":{"name":"redazione","@id":"https:\/\/www.bellunopress.it\/#\/schema\/person\/79bb06722b37ece1c03d3e94beb30d73"},"headline":"Il Decreto &#8220;Cancella Natale&#8221;","datePublished":"2020-12-24T17:00:14+00:00","dateModified":"2020-12-25T07:53:40+00:00","mainEntityOfPage":{"@id":"https:\/\/www.bellunopress.it\/2020\/12\/24\/il-decreto-cancella-natale\/"},"wordCount":701,"publisher":{"@id":"https:\/\/www.bellunopress.it\/#organization"},"image":{"@id":"https:\/\/www.bellunopress.it\/2020\/12\/24\/il-decreto-cancella-natale\/#primaryimage"},"thumbnailUrl":"https:\/\/www.bellunopress.it\/wp-content\/uploads\/2017\/10\/lettera.jpg","articleSection":["Lettere Opinioni"],"inLanguage":"fr-FR"},{"@type":"WebPage","@id":"https:\/\/www.bellunopress.it\/2020\/12\/24\/il-decreto-cancella-natale\/","url":"https:\/\/www.bellunopress.it\/2020\/12\/24\/il-decreto-cancella-natale\/","name":"Il Decreto \"Cancella Natale\" - Bellunopress - Dolomiti","isPartOf":{"@id":"https:\/\/www.bellunopress.it\/#website"},"primaryImageOfPage":{"@id":"https:\/\/www.bellunopress.it\/2020\/12\/24\/il-decreto-cancella-natale\/#primaryimage"},"image":{"@id":"https:\/\/www.bellunopress.it\/2020\/12\/24\/il-decreto-cancella-natale\/#primaryimage"},"thumbnailUrl":"https:\/\/www.bellunopress.it\/wp-content\/uploads\/2017\/10\/lettera.jpg","datePublished":"2020-12-24T17:00:14+00:00","dateModified":"2020-12-25T07:53:40+00:00","breadcrumb":{"@id":"https:\/\/www.bellunopress.it\/2020\/12\/24\/il-decreto-cancella-natale\/#breadcrumb"},"inLanguage":"fr-FR","potentialAction":[{"@type":"ReadAction","target":["https:\/\/www.bellunopress.it\/2020\/12\/24\/il-decreto-cancella-natale\/"]}]},{"@type":"ImageObject","inLanguage":"fr-FR","@id":"https:\/\/www.bellunopress.it\/2020\/12\/24\/il-decreto-cancella-natale\/#primaryimage","url":"https:\/\/www.bellunopress.it\/wp-content\/uploads\/2017\/10\/lettera.jpg","contentUrl":"https:\/\/www.bellunopress.it\/wp-content\/uploads\/2017\/10\/lettera.jpg","width":257,"height":176},{"@type":"BreadcrumbList","@id":"https:\/\/www.bellunopress.it\/2020\/12\/24\/il-decreto-cancella-natale\/#breadcrumb","itemListElement":[{"@type":"ListItem","position":1,"name":"Home","item":"https:\/\/www.bellunopress.it\/"},{"@type":"ListItem","position":2,"name":"Il Decreto &#8220;Cancella Natale&#8221;"}]},{"@type":"WebSite","@id":"https:\/\/www.bellunopress.it\/#website","url":"https:\/\/www.bellunopress.it\/","name":"Bellunopress - Dolomiti","description":"e-mail: redazione@bellunopress.it","publisher":{"@id":"https:\/\/www.bellunopress.it\/#organization"},"potentialAction":[{"@type":"SearchAction","target":{"@type":"EntryPoint","urlTemplate":"https:\/\/www.bellunopress.it\/?s={search_term_string}"},"query-input":{"@type":"PropertyValueSpecification","valueRequired":true,"valueName":"search_term_string"}}],"inLanguage":"fr-FR"},{"@type":"Organization","@id":"https:\/\/www.bellunopress.it\/#organization","name":"Bellunopress","url":"https:\/\/www.bellunopress.it\/","logo":{"@type":"ImageObject","inLanguage":"fr-FR","@id":"https:\/\/www.bellunopress.it\/#\/schema\/logo\/image\/","url":"https:\/\/www.bellunopress.it\/wp-content\/uploads\/2011\/05\/cropped-logo-bellunopress-.jpg","contentUrl":"https:\/\/www.bellunopress.it\/wp-content\/uploads\/2011\/05\/cropped-logo-bellunopress-.jpg","width":512,"height":512,"caption":"Bellunopress"},"image":{"@id":"https:\/\/www.bellunopress.it\/#\/schema\/logo\/image\/"},"sameAs":["https:\/\/www.facebook.com\/profile.php?id=100008943462799","https:\/\/x.com\/bellunopress","https:\/\/www.linkedin.com\/hp\/?dnr=JBzUWaJfMUw8vbXJJ2tVW5-I3jZKvC4wsoxE&amp;amp;amp;amp;amp;amp;trk=nav_responsive_tab_home","https:\/\/www.youtube.com\/channel\/UCxL0wu1uN0_3_7hGG0306cw"]},{"@type":"Person","@id":"https:\/\/www.bellunopress.it\/#\/schema\/person\/79bb06722b37ece1c03d3e94beb30d73","name":"r\u00e9daction","image":{"@type":"ImageObject","inLanguage":"fr-FR","@id":"https:\/\/secure.gravatar.com\/avatar\/37d968a2e67a6fd04c169c4bdef102d0bc5d31b2546345219e348575eb80e9a0?s=96&d=mm&r=g","url":"https:\/\/secure.gravatar.com\/avatar\/37d968a2e67a6fd04c169c4bdef102d0bc5d31b2546345219e348575eb80e9a0?s=96&d=mm&r=g","contentUrl":"https:\/\/secure.gravatar.com\/avatar\/37d968a2e67a6fd04c169c4bdef102d0bc5d31b2546345219e348575eb80e9a0?s=96&d=mm&r=g","caption":"redazione"},"sameAs":["http:\/\/www.bellunopress.it","https:\/\/x.com\/bellunopress"],"url":"https:\/\/www.bellunopress.it\/fr\/author\/redazione\/"}]}},"_links":{"self":[{"href":"https:\/\/www.bellunopress.it\/fr\/wp-json\/wp\/v2\/posts\/120384","targetHints":{"allow":["GET"]}}],"collection":[{"href":"https:\/\/www.bellunopress.it\/fr\/wp-json\/wp\/v2\/posts"}],"about":[{"href":"https:\/\/www.bellunopress.it\/fr\/wp-json\/wp\/v2\/types\/post"}],"author":[{"embeddable":true,"href":"https:\/\/www.bellunopress.it\/fr\/wp-json\/wp\/v2\/users\/2"}],"replies":[{"embeddable":true,"href":"https:\/\/www.bellunopress.it\/fr\/wp-json\/wp\/v2\/comments?post=120384"}],"version-history":[{"count":1,"href":"https:\/\/www.bellunopress.it\/fr\/wp-json\/wp\/v2\/posts\/120384\/revisions"}],"predecessor-version":[{"id":120385,"href":"https:\/\/www.bellunopress.it\/fr\/wp-json\/wp\/v2\/posts\/120384\/revisions\/120385"}],"wp:featuredmedia":[{"embeddable":true,"href":"https:\/\/www.bellunopress.it\/fr\/wp-json\/wp\/v2\/media\/90002"}],"wp:attachment":[{"href":"https:\/\/www.bellunopress.it\/fr\/wp-json\/wp\/v2\/media?parent=120384"}],"wp:term":[{"taxonomy":"category","embeddable":true,"href":"https:\/\/www.bellunopress.it\/fr\/wp-json\/wp\/v2\/categories?post=120384"},{"taxonomy":"post_tag","embeddable":true,"href":"https:\/\/www.bellunopress.it\/fr\/wp-json\/wp\/v2\/tags?post=120384"}],"curies":[{"name":"wp","href":"https:\/\/api.w.org\/{rel}","templated":true}]}}