{"id":12038,"date":"2010-02-01T10:21:30","date_gmt":"2010-02-01T09:21:30","guid":{"rendered":"http:\/\/www.bellunopress.it\/?p=12038"},"modified":"2010-02-01T10:23:52","modified_gmt":"2010-02-01T09:23:52","slug":"i-carabinieri-di-belluno-incontrano-gli-studenti-per-sostenere-la-cultura-della-legalita","status":"publish","type":"post","link":"https:\/\/www.bellunopress.it\/fr\/2010\/02\/01\/i-carabinieri-di-belluno-incontrano-gli-studenti-per-sostenere-la-cultura-della-legalita\/","title":{"rendered":"I Carabinieri di Belluno incontrano gli studenti per sostenere la cultura della legalit\u00e0"},"content":{"rendered":"<p>Anche per l\u2019anno scolastico in corso, il Comando Provinciale Carabinieri di Belluno, al fine di offrire un contributo educativo alla formazione della Cultura della Legalit\u00e0, ha programmato una serie di incontri con gli studenti delle Scuole Medie Superiori ed Inferiori della Provincia, con l\u2019eventuale possibilit\u00e0 di effettuare anche visite presso i reparti dell&#8217;Arma.<br \/>\nGli incontri, che saranno tenuti dagli Ufficiali effettivi a questo Comando, con l\u2019ausilio di personale specializzato e che si avvarr\u00e0 anche di proiezioni video Istituzionali,\u00a0 verteranno, oltre che su nozioni conoscitive dell\u2019Arma dei Carabinieri,\u00a0 sui\u00a0 seguenti argomenti:<br \/>\n* stalking;<br \/>\n* pedopornografia;<br \/>\n* bullismo;<br \/>\n* circolazione stradale;<br \/>\n* diritti umani;<br \/>\n* interessi diffusi (ambiente, salute, lavoro, patrimonio culturale);<br \/>\n* argomenti di attualit\u00e0 legati alla realt\u00e0 locale;<br \/>\n* tecniche di comunicazione;<br \/>\n* accesso ad Internet e rischi connessi.<br \/>\nGli incontri termineranno prevedendo un \u201cQUESTION TIME\u201d al fine di rispondere alle domande che saranno poste al relatore dagli studenti.<br \/>\nLa pianificazione di tale attivit\u00e0, che avr\u00e0 inizio nel mese in corso e si protrarr\u00e0 fino al prossimo mese di aprile,\u00a0 \u00e8 stata realizzata in collaborazione con\u00a0 l\u2019Ufficio Scolastico Provinciale di Belluno, che ne ha curato la calendarizzazione in tutta la Provincia,\u00a0 accogliendo anche richieste di trattazione di tematiche specifiche, provenienti dagli studenti medesimi, nell\u2019ambito del suddetto programma.<br \/>\nLe eventuali visite ai Comandi Territoriali della Provincia, avranno la finalit\u00e0 di avvicinare, ulteriormente sul piano pratico, gli studenti alle tematiche trattate nelle conferenze presso i\u00a0 rispettivi Istituti nelle settimane precedenti.<br \/>\nAlla fine del ciclo di incontri, sar\u00e0\u00a0 redatta una sintesi delle attivit\u00e0 svolte, corredata da un servizio fotografico.<\/p>","protected":false},"excerpt":{"rendered":"<p>Anche per l\u2019anno scolastico in corso, il Comando Provinciale Carabinieri di Belluno, al fine di offrire un contributo educativo alla formazione della Cultura della Legalit\u00e0, ha programmato una serie di incontri con gli studenti delle Scuole Medie Superiori ed Inferiori della Provincia, con l\u2019eventuale possibilit\u00e0 di effettuare anche visite presso i reparti dell&#8217;Arma. Gli incontri, [&hellip;]<\/p>\n","protected":false},"author":2,"featured_media":0,"comment_status":"closed","ping_status":"open","sticky":false,"template":"","format":"standard","meta":{"footnotes":""},"categories":[5,26,15],"tags":[139],"class_list":["post-12038","post","type-post","status-publish","format-standard","category-cronaca","category-prima-pagina","category-scuola","tag-belluno"],"yoast_head":"<!-- This site is optimized with the Yoast SEO plugin v28.4 - https:\/\/yoast.com\/product\/yoast-seo-wordpress\/ -->\n<title>I Carabinieri di Belluno incontrano gli studenti per sostenere la cultura della legalit\u00e0 - Bellunopress - Dolomiti<\/title>\n<meta name=\"robots\" content=\"index, follow, max-snippet:-1, max-image-preview:large, max-video-preview:-1\" \/>\n<link rel=\"canonical\" href=\"https:\/\/www.bellunopress.it\/fr\/2010\/02\/01\/i-carabinieri-di-belluno-incontrano-gli-studenti-per-sostenere-la-cultura-della-legalita\/\" \/>\n<meta property=\"og:locale\" content=\"fr_FR\" \/>\n<meta property=\"og:type\" content=\"article\" \/>\n<meta property=\"og:title\" content=\"I Carabinieri di Belluno incontrano gli studenti per sostenere la cultura della legalit\u00e0 - Bellunopress - Dolomiti\" \/>\n<meta property=\"og:description\" content=\"Anche per l\u2019anno scolastico in corso, il Comando Provinciale Carabinieri di Belluno, al fine di offrire un contributo educativo alla formazione della Cultura della Legalit\u00e0, ha programmato una serie di incontri con gli studenti delle Scuole Medie Superiori ed Inferiori della Provincia, con l\u2019eventuale possibilit\u00e0 di effettuare anche visite presso i reparti dell&#8217;Arma. Gli incontri, [&hellip;]\" \/>\n<meta property=\"og:url\" content=\"https:\/\/www.bellunopress.it\/fr\/2010\/02\/01\/i-carabinieri-di-belluno-incontrano-gli-studenti-per-sostenere-la-cultura-della-legalita\/\" \/>\n<meta property=\"og:site_name\" content=\"Bellunopress - Dolomiti\" \/>\n<meta property=\"article:publisher\" content=\"https:\/\/www.facebook.com\/profile.php?id=100008943462799\" \/>\n<meta property=\"article:published_time\" content=\"2010-02-01T09:21:30+00:00\" \/>\n<meta property=\"article:modified_time\" content=\"2010-02-01T09:23:52+00:00\" \/>\n<meta property=\"og:image\" content=\"http:\/\/www.bellunopress.it\/wp-content\/uploads\/2012\/07\/logo-bellunopress-250x250-2012.jpg\" \/>\n<meta name=\"author\" content=\"redazione\" \/>\n<meta name=\"twitter:card\" content=\"summary_large_image\" \/>\n<meta name=\"twitter:creator\" content=\"@bellunopress\" \/>\n<meta name=\"twitter:site\" content=\"@bellunopress\" \/>\n<meta name=\"twitter:label1\" content=\"\u00c9crit par\" \/>\n\t<meta name=\"twitter:data1\" content=\"redazione\" \/>\n\t<meta name=\"twitter:label2\" content=\"Dur\u00e9e de lecture estim\u00e9e\" \/>\n\t<meta name=\"twitter:data2\" content=\"1 minute\" \/>\n<script type=\"application\/ld+json\" class=\"yoast-schema-graph\">{\"@context\":\"https:\\\/\\\/schema.org\",\"@graph\":[{\"@type\":\"Article\",\"@id\":\"https:\\\/\\\/www.bellunopress.it\\\/2010\\\/02\\\/01\\\/i-carabinieri-di-belluno-incontrano-gli-studenti-per-sostenere-la-cultura-della-legalita\\\/#article\",\"isPartOf\":{\"@id\":\"https:\\\/\\\/www.bellunopress.it\\\/2010\\\/02\\\/01\\\/i-carabinieri-di-belluno-incontrano-gli-studenti-per-sostenere-la-cultura-della-legalita\\\/\"},\"author\":{\"name\":\"redazione\",\"@id\":\"https:\\\/\\\/www.bellunopress.it\\\/#\\\/schema\\\/person\\\/79bb06722b37ece1c03d3e94beb30d73\"},\"headline\":\"I Carabinieri di Belluno incontrano gli studenti per sostenere la cultura della legalit\u00e0\",\"datePublished\":\"2010-02-01T09:21:30+00:00\",\"dateModified\":\"2010-02-01T09:23:52+00:00\",\"mainEntityOfPage\":{\"@id\":\"https:\\\/\\\/www.bellunopress.it\\\/2010\\\/02\\\/01\\\/i-carabinieri-di-belluno-incontrano-gli-studenti-per-sostenere-la-cultura-della-legalita\\\/\"},\"wordCount\":266,\"publisher\":{\"@id\":\"https:\\\/\\\/www.bellunopress.it\\\/#organization\"},\"keywords\":[\"Belluno\"],\"articleSection\":[\"Cronaca\\\/Politica\",\"Prima Pagina\",\"Scuola\"],\"inLanguage\":\"fr-FR\"},{\"@type\":\"WebPage\",\"@id\":\"https:\\\/\\\/www.bellunopress.it\\\/2010\\\/02\\\/01\\\/i-carabinieri-di-belluno-incontrano-gli-studenti-per-sostenere-la-cultura-della-legalita\\\/\",\"url\":\"https:\\\/\\\/www.bellunopress.it\\\/2010\\\/02\\\/01\\\/i-carabinieri-di-belluno-incontrano-gli-studenti-per-sostenere-la-cultura-della-legalita\\\/\",\"name\":\"I Carabinieri di Belluno incontrano gli studenti per sostenere la cultura della legalit\u00e0 - Bellunopress - Dolomiti\",\"isPartOf\":{\"@id\":\"https:\\\/\\\/www.bellunopress.it\\\/#website\"},\"datePublished\":\"2010-02-01T09:21:30+00:00\",\"dateModified\":\"2010-02-01T09:23:52+00:00\",\"breadcrumb\":{\"@id\":\"https:\\\/\\\/www.bellunopress.it\\\/2010\\\/02\\\/01\\\/i-carabinieri-di-belluno-incontrano-gli-studenti-per-sostenere-la-cultura-della-legalita\\\/#breadcrumb\"},\"inLanguage\":\"fr-FR\",\"potentialAction\":[{\"@type\":\"ReadAction\",\"target\":[\"https:\\\/\\\/www.bellunopress.it\\\/2010\\\/02\\\/01\\\/i-carabinieri-di-belluno-incontrano-gli-studenti-per-sostenere-la-cultura-della-legalita\\\/\"]}]},{\"@type\":\"BreadcrumbList\",\"@id\":\"https:\\\/\\\/www.bellunopress.it\\\/2010\\\/02\\\/01\\\/i-carabinieri-di-belluno-incontrano-gli-studenti-per-sostenere-la-cultura-della-legalita\\\/#breadcrumb\",\"itemListElement\":[{\"@type\":\"ListItem\",\"position\":1,\"name\":\"Home\",\"item\":\"https:\\\/\\\/www.bellunopress.it\\\/\"},{\"@type\":\"ListItem\",\"position\":2,\"name\":\"I Carabinieri di Belluno incontrano gli studenti per sostenere la cultura della legalit\u00e0\"}]},{\"@type\":\"WebSite\",\"@id\":\"https:\\\/\\\/www.bellunopress.it\\\/#website\",\"url\":\"https:\\\/\\\/www.bellunopress.it\\\/\",\"name\":\"Bellunopress - Dolomiti\",\"description\":\"e-mail: redazione@bellunopress.it\",\"publisher\":{\"@id\":\"https:\\\/\\\/www.bellunopress.it\\\/#organization\"},\"potentialAction\":[{\"@type\":\"SearchAction\",\"target\":{\"@type\":\"EntryPoint\",\"urlTemplate\":\"https:\\\/\\\/www.bellunopress.it\\\/?s={search_term_string}\"},\"query-input\":{\"@type\":\"PropertyValueSpecification\",\"valueRequired\":true,\"valueName\":\"search_term_string\"}}],\"inLanguage\":\"fr-FR\"},{\"@type\":\"Organization\",\"@id\":\"https:\\\/\\\/www.bellunopress.it\\\/#organization\",\"name\":\"Bellunopress\",\"url\":\"https:\\\/\\\/www.bellunopress.it\\\/\",\"logo\":{\"@type\":\"ImageObject\",\"inLanguage\":\"fr-FR\",\"@id\":\"https:\\\/\\\/www.bellunopress.it\\\/#\\\/schema\\\/logo\\\/image\\\/\",\"url\":\"https:\\\/\\\/www.bellunopress.it\\\/wp-content\\\/uploads\\\/2011\\\/05\\\/cropped-logo-bellunopress-.jpg\",\"contentUrl\":\"https:\\\/\\\/www.bellunopress.it\\\/wp-content\\\/uploads\\\/2011\\\/05\\\/cropped-logo-bellunopress-.jpg\",\"width\":512,\"height\":512,\"caption\":\"Bellunopress\"},\"image\":{\"@id\":\"https:\\\/\\\/www.bellunopress.it\\\/#\\\/schema\\\/logo\\\/image\\\/\"},\"sameAs\":[\"https:\\\/\\\/www.facebook.com\\\/profile.php?id=100008943462799\",\"https:\\\/\\\/x.com\\\/bellunopress\",\"https:\\\/\\\/www.linkedin.com\\\/hp\\\/?dnr=JBzUWaJfMUw8vbXJJ2tVW5-I3jZKvC4wsoxE&amp;amp;amp;amp;amp;amp;trk=nav_responsive_tab_home\",\"https:\\\/\\\/www.youtube.com\\\/channel\\\/UCxL0wu1uN0_3_7hGG0306cw\"]},{\"@type\":\"Person\",\"@id\":\"https:\\\/\\\/www.bellunopress.it\\\/#\\\/schema\\\/person\\\/79bb06722b37ece1c03d3e94beb30d73\",\"name\":\"redazione\",\"image\":{\"@type\":\"ImageObject\",\"inLanguage\":\"fr-FR\",\"@id\":\"https:\\\/\\\/secure.gravatar.com\\\/avatar\\\/37d968a2e67a6fd04c169c4bdef102d0bc5d31b2546345219e348575eb80e9a0?s=96&d=mm&r=g\",\"url\":\"https:\\\/\\\/secure.gravatar.com\\\/avatar\\\/37d968a2e67a6fd04c169c4bdef102d0bc5d31b2546345219e348575eb80e9a0?s=96&d=mm&r=g\",\"contentUrl\":\"https:\\\/\\\/secure.gravatar.com\\\/avatar\\\/37d968a2e67a6fd04c169c4bdef102d0bc5d31b2546345219e348575eb80e9a0?s=96&d=mm&r=g\",\"caption\":\"redazione\"},\"sameAs\":[\"http:\\\/\\\/www.bellunopress.it\",\"https:\\\/\\\/x.com\\\/bellunopress\"],\"url\":\"https:\\\/\\\/www.bellunopress.it\\\/fr\\\/author\\\/redazione\\\/\"}]}<\/script>\n<!-- \/ Yoast SEO plugin. -->","yoast_head_json":{"title":"I Carabinieri di Belluno incontrano gli studenti per sostenere la cultura della legalit\u00e0 - Bellunopress - Dolomiti","robots":{"index":"index","follow":"follow","max-snippet":"max-snippet:-1","max-image-preview":"max-image-preview:large","max-video-preview":"max-video-preview:-1"},"canonical":"https:\/\/www.bellunopress.it\/fr\/2010\/02\/01\/i-carabinieri-di-belluno-incontrano-gli-studenti-per-sostenere-la-cultura-della-legalita\/","og_locale":"fr_FR","og_type":"article","og_title":"I Carabinieri di Belluno incontrano gli studenti per sostenere la cultura della legalit\u00e0 - Bellunopress - Dolomiti","og_description":"Anche per l\u2019anno scolastico in corso, il Comando Provinciale Carabinieri di Belluno, al fine di offrire un contributo educativo alla formazione della Cultura della Legalit\u00e0, ha programmato una serie di incontri con gli studenti delle Scuole Medie Superiori ed Inferiori della Provincia, con l\u2019eventuale possibilit\u00e0 di effettuare anche visite presso i reparti dell&#8217;Arma. Gli incontri, [&hellip;]","og_url":"https:\/\/www.bellunopress.it\/fr\/2010\/02\/01\/i-carabinieri-di-belluno-incontrano-gli-studenti-per-sostenere-la-cultura-della-legalita\/","og_site_name":"Bellunopress - Dolomiti","article_publisher":"https:\/\/www.facebook.com\/profile.php?id=100008943462799","article_published_time":"2010-02-01T09:21:30+00:00","article_modified_time":"2010-02-01T09:23:52+00:00","og_image":[{"url":"http:\/\/www.bellunopress.it\/wp-content\/uploads\/2012\/07\/logo-bellunopress-250x250-2012.jpg","type":"","width":"","height":""}],"author":"redazione","twitter_card":"summary_large_image","twitter_creator":"@bellunopress","twitter_site":"@bellunopress","twitter_misc":{"\u00c9crit par":"redazione","Dur\u00e9e de lecture estim\u00e9e":"1 minute"},"schema":{"@context":"https:\/\/schema.org","@graph":[{"@type":"Article","@id":"https:\/\/www.bellunopress.it\/2010\/02\/01\/i-carabinieri-di-belluno-incontrano-gli-studenti-per-sostenere-la-cultura-della-legalita\/#article","isPartOf":{"@id":"https:\/\/www.bellunopress.it\/2010\/02\/01\/i-carabinieri-di-belluno-incontrano-gli-studenti-per-sostenere-la-cultura-della-legalita\/"},"author":{"name":"redazione","@id":"https:\/\/www.bellunopress.it\/#\/schema\/person\/79bb06722b37ece1c03d3e94beb30d73"},"headline":"I Carabinieri di Belluno incontrano gli studenti per sostenere la cultura della legalit\u00e0","datePublished":"2010-02-01T09:21:30+00:00","dateModified":"2010-02-01T09:23:52+00:00","mainEntityOfPage":{"@id":"https:\/\/www.bellunopress.it\/2010\/02\/01\/i-carabinieri-di-belluno-incontrano-gli-studenti-per-sostenere-la-cultura-della-legalita\/"},"wordCount":266,"publisher":{"@id":"https:\/\/www.bellunopress.it\/#organization"},"keywords":["Belluno"],"articleSection":["Cronaca\/Politica","Prima Pagina","Scuola"],"inLanguage":"fr-FR"},{"@type":"WebPage","@id":"https:\/\/www.bellunopress.it\/2010\/02\/01\/i-carabinieri-di-belluno-incontrano-gli-studenti-per-sostenere-la-cultura-della-legalita\/","url":"https:\/\/www.bellunopress.it\/2010\/02\/01\/i-carabinieri-di-belluno-incontrano-gli-studenti-per-sostenere-la-cultura-della-legalita\/","name":"I Carabinieri di Belluno incontrano gli studenti per sostenere la cultura della legalit\u00e0 - Bellunopress - Dolomiti","isPartOf":{"@id":"https:\/\/www.bellunopress.it\/#website"},"datePublished":"2010-02-01T09:21:30+00:00","dateModified":"2010-02-01T09:23:52+00:00","breadcrumb":{"@id":"https:\/\/www.bellunopress.it\/2010\/02\/01\/i-carabinieri-di-belluno-incontrano-gli-studenti-per-sostenere-la-cultura-della-legalita\/#breadcrumb"},"inLanguage":"fr-FR","potentialAction":[{"@type":"ReadAction","target":["https:\/\/www.bellunopress.it\/2010\/02\/01\/i-carabinieri-di-belluno-incontrano-gli-studenti-per-sostenere-la-cultura-della-legalita\/"]}]},{"@type":"BreadcrumbList","@id":"https:\/\/www.bellunopress.it\/2010\/02\/01\/i-carabinieri-di-belluno-incontrano-gli-studenti-per-sostenere-la-cultura-della-legalita\/#breadcrumb","itemListElement":[{"@type":"ListItem","position":1,"name":"Home","item":"https:\/\/www.bellunopress.it\/"},{"@type":"ListItem","position":2,"name":"I Carabinieri di Belluno incontrano gli studenti per sostenere la cultura della legalit\u00e0"}]},{"@type":"WebSite","@id":"https:\/\/www.bellunopress.it\/#website","url":"https:\/\/www.bellunopress.it\/","name":"Bellunopress - Dolomiti","description":"e-mail: redazione@bellunopress.it","publisher":{"@id":"https:\/\/www.bellunopress.it\/#organization"},"potentialAction":[{"@type":"SearchAction","target":{"@type":"EntryPoint","urlTemplate":"https:\/\/www.bellunopress.it\/?s={search_term_string}"},"query-input":{"@type":"PropertyValueSpecification","valueRequired":true,"valueName":"search_term_string"}}],"inLanguage":"fr-FR"},{"@type":"Organization","@id":"https:\/\/www.bellunopress.it\/#organization","name":"Bellunopress","url":"https:\/\/www.bellunopress.it\/","logo":{"@type":"ImageObject","inLanguage":"fr-FR","@id":"https:\/\/www.bellunopress.it\/#\/schema\/logo\/image\/","url":"https:\/\/www.bellunopress.it\/wp-content\/uploads\/2011\/05\/cropped-logo-bellunopress-.jpg","contentUrl":"https:\/\/www.bellunopress.it\/wp-content\/uploads\/2011\/05\/cropped-logo-bellunopress-.jpg","width":512,"height":512,"caption":"Bellunopress"},"image":{"@id":"https:\/\/www.bellunopress.it\/#\/schema\/logo\/image\/"},"sameAs":["https:\/\/www.facebook.com\/profile.php?id=100008943462799","https:\/\/x.com\/bellunopress","https:\/\/www.linkedin.com\/hp\/?dnr=JBzUWaJfMUw8vbXJJ2tVW5-I3jZKvC4wsoxE&amp;amp;amp;amp;amp;amp;trk=nav_responsive_tab_home","https:\/\/www.youtube.com\/channel\/UCxL0wu1uN0_3_7hGG0306cw"]},{"@type":"Person","@id":"https:\/\/www.bellunopress.it\/#\/schema\/person\/79bb06722b37ece1c03d3e94beb30d73","name":"r\u00e9daction","image":{"@type":"ImageObject","inLanguage":"fr-FR","@id":"https:\/\/secure.gravatar.com\/avatar\/37d968a2e67a6fd04c169c4bdef102d0bc5d31b2546345219e348575eb80e9a0?s=96&d=mm&r=g","url":"https:\/\/secure.gravatar.com\/avatar\/37d968a2e67a6fd04c169c4bdef102d0bc5d31b2546345219e348575eb80e9a0?s=96&d=mm&r=g","contentUrl":"https:\/\/secure.gravatar.com\/avatar\/37d968a2e67a6fd04c169c4bdef102d0bc5d31b2546345219e348575eb80e9a0?s=96&d=mm&r=g","caption":"redazione"},"sameAs":["http:\/\/www.bellunopress.it","https:\/\/x.com\/bellunopress"],"url":"https:\/\/www.bellunopress.it\/fr\/author\/redazione\/"}]}},"_links":{"self":[{"href":"https:\/\/www.bellunopress.it\/fr\/wp-json\/wp\/v2\/posts\/12038","targetHints":{"allow":["GET"]}}],"collection":[{"href":"https:\/\/www.bellunopress.it\/fr\/wp-json\/wp\/v2\/posts"}],"about":[{"href":"https:\/\/www.bellunopress.it\/fr\/wp-json\/wp\/v2\/types\/post"}],"author":[{"embeddable":true,"href":"https:\/\/www.bellunopress.it\/fr\/wp-json\/wp\/v2\/users\/2"}],"replies":[{"embeddable":true,"href":"https:\/\/www.bellunopress.it\/fr\/wp-json\/wp\/v2\/comments?post=12038"}],"version-history":[{"count":2,"href":"https:\/\/www.bellunopress.it\/fr\/wp-json\/wp\/v2\/posts\/12038\/revisions"}],"predecessor-version":[{"id":12040,"href":"https:\/\/www.bellunopress.it\/fr\/wp-json\/wp\/v2\/posts\/12038\/revisions\/12040"}],"wp:attachment":[{"href":"https:\/\/www.bellunopress.it\/fr\/wp-json\/wp\/v2\/media?parent=12038"}],"wp:term":[{"taxonomy":"category","embeddable":true,"href":"https:\/\/www.bellunopress.it\/fr\/wp-json\/wp\/v2\/categories?post=12038"},{"taxonomy":"post_tag","embeddable":true,"href":"https:\/\/www.bellunopress.it\/fr\/wp-json\/wp\/v2\/tags?post=12038"}],"curies":[{"name":"wp","href":"https:\/\/api.w.org\/{rel}","templated":true}]}}