{"id":120379,"date":"2020-12-24T19:58:09","date_gmt":"2020-12-24T18:58:09","guid":{"rendered":"http:\/\/www.bellunopress.it\/?p=120379"},"modified":"2020-12-24T20:02:58","modified_gmt":"2020-12-24T19:02:58","slug":"lattentato-di-orsini-a-napoleone-iii-e-la-testimonianza-del-conte-bellunese-carlo-di-rudio","status":"publish","type":"post","link":"https:\/\/www.bellunopress.it\/fr\/2020\/12\/24\/lattentato-di-orsini-a-napoleone-iii-e-la-testimonianza-del-conte-bellunese-carlo-di-rudio\/","title":{"rendered":"L\u2019attentato di Orsini a Napoleone III\u00b0 e la testimonianza del conte bellunese Carlo di Rudio"},"content":{"rendered":"<figure id=\"attachment_115273\" aria-describedby=\"caption-attachment-115273\" style=\"width: 736px\" class=\"wp-caption alignleft\"><a href=\"http:\/\/www.bellunopress.it\/fr\/2020\/06\/25\/little-bighorn-25-giugno-1876-la-storia-del-conte-bellunese-carlo-di-rudio-che-144-anni-fa-combatte-con-custer-di-pietro-bonenti\/carlo-di-rudio_edited\/\" rel=\"attachment wp-att-115273\"><img loading=\"lazy\" decoding=\"async\" class=\"size-full wp-image-115273\" src=\"http:\/\/www.bellunopress.it\/wp-content\/uploads\/2020\/06\/Carlo-di-Rudio_edited.jpg\" alt=\"\" width=\"736\" height=\"800\" srcset=\"https:\/\/www.bellunopress.it\/wp-content\/uploads\/2020\/06\/Carlo-di-Rudio_edited.jpg 736w, https:\/\/www.bellunopress.it\/wp-content\/uploads\/2020\/06\/Carlo-di-Rudio_edited-460x500.jpg 460w, https:\/\/www.bellunopress.it\/wp-content\/uploads\/2020\/06\/Carlo-di-Rudio_edited-696x757.jpg 696w, https:\/\/www.bellunopress.it\/wp-content\/uploads\/2020\/06\/Carlo-di-Rudio_edited-386x420.jpg 386w\" sizes=\"auto, (max-width: 736px) 100vw, 736px\" \/><\/a><figcaption id=\"caption-attachment-115273\" class=\"wp-caption-text\">Carlo di Rudio<\/figcaption><\/figure>\n<p>La sera del 14 gennaio 1858 verso le 20:30 a Parigi, tre bombe con innesco a fulminato di mercurio, riempite con chiodi e pezzi di ferro colpiscono la carrozza dell\u2019imperatore Napoleone III in avvicinamento tra la folla all&#8217;ingresso dell&#8217;Op\u00e9ra Le Peletier, dove va in scena l&#8217;opera lirica Guglielmo Tell di Gioachino Rossini. L\u2019attentato provoca una carneficina: 12 morti e 156 feriti. La carrozza dell\u2019imperatore \u00e8 blindata, Napoleone III rimane illeso. Anche l\u2019imperatrice Eugenia \u00e8 salva, bench\u00e9 sbalzata a terra e coperta dal sangue delle vittime. A lanciare le tre bombe, secondo la storia ufficiale, sono nell\u2019ordine Antonio Gomez, Carlo di Rudio e Felice Orsini. A guidare il gruppo di congiurati \u00e8 Felice Orsini, che sar\u00e0 ghigliottinato alle sette del mattino del 13 marzo 1858 nella piazza della Roquette di Parigi dal boia Jean-Fran\u00e7ois Heidenreich, dopo del Pieri, il quarto uomo che non partecip\u00f2 materialmente all\u2019attentato perch\u00e9 era stato arrestato e identificato come clandestino dalla polizia. di Rudio e Gomez vennero condannati all&#8217;ergastolo, e rinchiusi alla Caienna. Carlo di Rudio, sfuggito alla ghigliottina grazie all\u2019influenze della sua famiglia nobile, riuscir\u00e0 ad evadere dal carcere e proseguir\u00e0 la sua vita avventurosa. A Gomez venne risparmiata la vita perch\u00e9 rese piena confessione, consentendo la cattura dei responsabili.<br \/>\nDopo le sue straordinarie avventure, raccontate nel <a href=\"https:\/\/www.bellunopress.it\/fr\/2010\/10\/30\/le-straordinarie-avventure-del-conte-bellunese-carlo-rudio-cadetto-austriaco-bombarolo-evaso-ed-ufficiale-del-7mo-reggimento-cavalleria-del-generale-custer\/\">libro di Cesare Marino\u00a0<\/a><br \/>\nIl conte Carlo di Rudio, che ha conseguito il grado di maggiore dell&#8217;Esercito federale degli Stati Uniti, torna a far parlare di s\u00e9 con una lettera da San Francisco in California dove abita, al Resto del Carlino e al Corriere della Sera del 10 agosto 1908. La sua testimonianza, come si legger\u00e0, mette in dubbio la versione ufficiale dei fatti. A provocare questa lettera \u00e8 uno studioso, il notaio Paolo Mastri di Meldola (Forl\u00ec) che chiede a di Rudio i particolari della congiura.<br \/>\nEcco cosa scrive di Rudio, nel 1908, ultimo testimone in vita dell\u2019attentato a Napoleone III\u00b0 del 1858.<\/p>\n<p><strong>La vasta congiura e il piano d\u2019azione<\/strong><br \/>\n\u201cL\u2019aberrazione mentale di Felice Orsini \u2013 scrive di Rudio \u2013 era condivisa dalla maggioranza dei repubblicani francesi e dai pi\u00f9 noti agitatori d\u2019Europa. Accenner\u00f2 solo, per amore di brevit\u00e0, a Kossuth, a Ledru Rollin e a Giuseppe Mazzini, capi del Comitato rivoluzionario europeo. Radunatisi costoro a Londra, convennero tutti che una insurrezione europea era destinata a soccombere, quando la Francia non ne pigliasse l\u2019iniziativa, e che in Francia il tentare novit\u00e0 era impossibile fin quando non si fosse tolto di mezzo Napoleone III\u00b0. Felice Orsini seppe dei risultati di quel convegno e si decise ad agire. Io conoscevo da parecchi anni Felice Orsini e fui anche suo compagno nello sfortunato tentativo di Maloggia. Ci\u00f2 che per\u00f2 lo decise a farmi compartecipe della congiura fu una mia lettera scritta sin dal 1854 da Parigi al Mazzini che trovavasi a Londra. In essa io domandavo al Maestro il suo consiglio, appunto sopra un attentato contro Napoleone III\u00b0 che io mi proponevo di compere da solo. Giuseppe Mazzini mi rispose, pel tramite di Pianciani che i tempi non erano maturi. Felice Orsini, intimo allora del Mazzini, ebbe sentore di quella mia lettera e avuto il mio indirizzo, mi scrisse chiedendomi un abboccamento. Il progetto primitivo fu di procurarci, con certo mezzo a nostra portata, un invito a un ballo di Corte e di sbarazzare il mondo con armi silenziose tra l\u2019una e l\u2019altra danza. Si pens\u00f2 poi che i sostenitori dell\u2019impero avrebbero potuto chiudere le porte delle Tuileries e impedire il divulgare dell\u2019accaduto, quel tanto che bastasse alla Reggenza per prevenire qualsiasi tentativo insurrezionale. Si concret\u00f2 quindi il piano gi\u00e0 noto. Io pero dubitavo, nel mio intimo, dell\u2019abilit\u00e0 di Felice Orsini nel suscitare, per propria influenza, un moto che completasse l\u2019opera nostra e divisai di farne parola a Giuseppe Mazzini. Avvicinarsi al Mazzini allora, era pi\u00f9 difficile che non ottenere un abboccamento con la regina d\u2019Inghilterra. Volle per\u00f2 il caso che io lo incontrassi per via. Lo fermai, ma non era solo, e dovetti accontentarmi di dirgli che desideravo parlargli per affari urgenti della massima importanza. Mi rispose che il \u2026.. mi avrebbe indicato il giorno, l\u2019ora, e il luogo preciso dove avremmo potuto abboccarci senza terzi incomodi. Ora, il \u2026.. era un uomo inviso, reo di furto e sospettato di spionaggio, cosicch\u00e9 con Mazzini io non ebbi pi\u00f9, se non dopo la mia fuga dai lavori forzati, abboccamento alcuno; n\u00e9 da lui mi pervenne invito di sorta\u201d.<\/p>\n<p><strong>Crispi sapeva?<\/strong><br \/>\n\u201cLe bombe che servirono all\u2019attentato, furono fabbricate non a Londra, come generalmente si crede, ma nella fonderia Taylor a Birmingham e sono dovute all\u2019ingegno inventivo di un ex colonnello dell\u2019artiglieria austriaca Egassy barone di Torocfalda. Tra i patti ben stabiliti della congiura c\u2019era questo: Orsini doveva conoscere tutti i congiurati, ma i congiurati non dovevano in modo assoluto conoscersi l\u2019un l\u2019altro. L\u2019Orsini, pi\u00f9 coraggioso che prudente, manc\u00f2 a questo patto e mi present\u00f2 liberamente al Pieri e al Gomez. Compresi subito la gravit\u00e0 dell\u2019imprudenza e, non trovandovi altro rimedio, proposi all\u2019Orsini di non arrischiare inutilmente tante vite e di lasciarmi compiere l\u2019attentato da solo. Mia intenzione era quella di procurarmi una uniforme da sergent de ville, di mischiarmi al momento propizio alle guardie delegate alla difesa di Napoleone, di aprire io stesso, come comportava la costumanza, lo sportello della carrozza imperiale e di compiere l\u2019attentato nel punto in cui l\u2019imperatore metteva, per scendere, il piede sul predellino. Ma Orsini non accett\u00f2. Mezz\u2019ora prima dell\u2019attentato, e precisamente mentre io e l\u2019Orsini si scantonava in via Le Pelletier, un uomo dai lunghi baffi, fattosi a noi d\u2019appresso, domand\u00f2 sottovoce all\u2019Orsini: \u201ccome va la faccenda? Tutto bene\u201d? \u201cTutto bene\u201d! rispose l\u2019Orsini non meno sottovoce. L\u2019uomo dai lunghi baffi gli strinse la mano e frettolosamente s\u2019allontan\u00f2. \u201cQuello \u00e8 Francesco Crispi!\u201d, osservai all\u2019Orsini. Ed egli, con una leggera tinta di contrariet\u00e0 in viso \u201cDiamine &#8211; disse &#8211; credevo che tu non lo conoscessi\u201d! La congiura era pi\u00f9 vasta di quanto accennino le storie, e parecchie altre persone, oltre a quelle cui si narra, erano appostate. Le bombe preparate erano dodici. Tre sole vennero lanciate. La prima fu quella del Gomez, scoppiata lontano dal segno in cui doveva essere diretta. Essa uccise un buon numero di soldati che facevano cordone lungo il marciapiede, dinanzi al posto ove eravamo l\u2019Orsini ed io. L\u2019Orsini ne rimase ferito sopra l\u2019occhio, e come il sangue colando l\u2019accecava, egli per asciugarsi pos\u00f2 a terra la sua bomba che era avvolta in un fazzoletto. Fu trovata la sera stessa da un viandante che per poco, con un calcio, non la fece scoppiare. Egli la consegn\u00f2 alle autorit\u00e0. Io passai sui cadaveri tra il cordone scompaginato. Mi feci presso la carrozza imperiale e gettai la seconda bomba. Fu quella che sconquass\u00f2 il veicolo, uccise i cavalli e qualche ciambellano. L\u2019imperatrice rimase leggerissimamente ferita. Pieri, arrestato prima dell\u2019attentato, in quei terribili momenti era al sicuro, in carcere. Chi dunque lanci\u00f2 la terza bomba? Lascio questa incognita all\u2019indagine degli storici meticolosi\u201d.<\/p>\n<p><strong>La grazia ai piedi del patibolo<\/strong><br \/>\n\u201cLessi su pi\u00f9 di un volume che la Corte d\u2019Assise della Senna condannava l\u2019Orsini e il Pieri alla pena di morte; il di Rudio alla deportazione a perpetuit\u00e0; il Gomez alla galera a vita. La verit\u00e0 \u00e8 che tra i condannati alla ghigliottina, quel tribunale includeva anche me. Io debbo la mia vita a mia moglie. Elisa Booth, una inglese tutt\u2019ora vivente, la quale riusc\u00ec ad interessare alla mia sorte il Times di Londra. L\u2019influenza di quel potente giornale indusse la regina Vittoria ad adoprarsi per ottenere la mia grazia all\u2019imperatrice Eugenia. Io pure subii la toilette che precedette l\u2019esecuzione. Pieri, in quella tragica circostanza, volle specchiarsi. Egli rimarc\u00f2 sorridendo che l\u2019avevano conciato \u201ccome una vecchia prostituta francese\u201d. Felice Orsini, durante la prigionia, incanut\u00ec completamente. Si procedette verso il patibolo. Pieri doveva essere giustiziato per primo, io per secondo, e l\u2019Orsini reputato il maggior colpevole, doveva assistere al nostro supplizio ed essere decapitato per ultimo. Avevamo le mani legate dietro le reni, e vincolate anche ai piedi, portavamo la camicia scollata, pioveva e nevicava ad un tempo. Io fumavo una pipa. Non appena il lugubre corteo sbuc\u00f2 dal portone del carcere, da un gruppo di persone nereggianti sul tetto di una casa fiancheggiante la piazza della Rocchetta, part\u00ec una gran voce: \u201cPopolo gi\u00f9 il cappello! Vengono tratti alla morte tre eroi\u201d! Successe un po\u2019 di parapiglia. Frattanto, da un altro lato della piazza si era penosamente avanzato a cavallo un personaggio con il petto coperto di decorazioni. Con viva sorpresa mi venne vicino. La neve cadendomi sulle spalle nude mi metteva i brividi. Egli mi domand\u00f2 cortesemente se avevo freddo. \u201cPiuttosto\u201d gli risposi \u201cma non mi lasceranno il tempo di pigliare un raffreddore\u201d. Egli parl\u00f2 all\u2019orecchio del capo-guardia e immediatamente mi condussero verso il portone del carcere. In quel momento il Pieri, salita la scala del patibolo, era giunto sul palco. Felice Orsini mi passava allora d\u2019accanto. Mi disse \u201cChe \u00e8 questo\u201d? Risposi che l\u2019ignoravo. Ed egli: \u201cMeglio in due che in tre\u201d! Furono le ultime parole che ci fu dato di scambiarci. Ed oggi ancora, dopo mezzo secolo, fremo pensando alla fallacia della giustizia umana. Felice Orsini e Giuseppe Pieri, i due pi\u00f9 severamente puniti, i due decapitati, erano fra i quattro processati i soli che non avessero gettato bombe, che non avessero sparso sangue\u201d.<br \/>\nMa non finisce qui. (1 &#8211; continua)<\/p>\n<p>Roberto De Nart<\/p>\n<p>(Fonte: Archivio del Corriere della Sera)<\/p>","protected":false},"excerpt":{"rendered":"<p>La sera del 14 gennaio 1858 verso le 20:30 a Parigi, tre bombe con innesco a fulminato di mercurio, riempite con chiodi e pezzi di ferro colpiscono la carrozza dell\u2019imperatore Napoleone III in avvicinamento tra la folla all&#8217;ingresso dell&#8217;Op\u00e9ra Le Peletier, dove va in scena l&#8217;opera lirica Guglielmo Tell di Gioachino Rossini. L\u2019attentato provoca una [&hellip;]<\/p>\n","protected":false},"author":2,"featured_media":115273,"comment_status":"closed","ping_status":"open","sticky":false,"template":"","format":"standard","meta":{"footnotes":""},"categories":[3,26],"tags":[3475,3477,3476],"class_list":["post-120379","post","type-post","status-publish","format-standard","has-post-thumbnail","category-arte-cultura-spettacoli-scienza-archivi","category-prima-pagina","tag-carlo-di-rudio","tag-napoleone-iii","tag-orsini"],"yoast_head":"<!-- This site is optimized with the Yoast SEO plugin v28.4 - https:\/\/yoast.com\/product\/yoast-seo-wordpress\/ -->\n<title>L\u2019attentato di Orsini a Napoleone III\u00b0 e la testimonianza del conte bellunese Carlo di Rudio - Bellunopress - Dolomiti<\/title>\n<meta name=\"robots\" content=\"index, follow, max-snippet:-1, max-image-preview:large, max-video-preview:-1\" \/>\n<link rel=\"canonical\" href=\"https:\/\/www.bellunopress.it\/fr\/2020\/12\/24\/lattentato-di-orsini-a-napoleone-iii-e-la-testimonianza-del-conte-bellunese-carlo-di-rudio\/\" \/>\n<meta property=\"og:locale\" content=\"fr_FR\" \/>\n<meta property=\"og:type\" content=\"article\" \/>\n<meta property=\"og:title\" content=\"L\u2019attentato di Orsini a Napoleone III\u00b0 e la testimonianza del conte bellunese Carlo di Rudio - Bellunopress - Dolomiti\" \/>\n<meta property=\"og:description\" content=\"La sera del 14 gennaio 1858 verso le 20:30 a Parigi, tre bombe con innesco a fulminato di mercurio, riempite con chiodi e pezzi di ferro colpiscono la carrozza dell\u2019imperatore Napoleone III in avvicinamento tra la folla all&#8217;ingresso dell&#8217;Op\u00e9ra Le Peletier, dove va in scena l&#8217;opera lirica Guglielmo Tell di Gioachino Rossini. L\u2019attentato provoca una [&hellip;]\" \/>\n<meta property=\"og:url\" content=\"https:\/\/www.bellunopress.it\/fr\/2020\/12\/24\/lattentato-di-orsini-a-napoleone-iii-e-la-testimonianza-del-conte-bellunese-carlo-di-rudio\/\" \/>\n<meta property=\"og:site_name\" content=\"Bellunopress - Dolomiti\" \/>\n<meta property=\"article:publisher\" content=\"https:\/\/www.facebook.com\/profile.php?id=100008943462799\" \/>\n<meta property=\"article:published_time\" content=\"2020-12-24T18:58:09+00:00\" \/>\n<meta property=\"article:modified_time\" content=\"2020-12-24T19:02:58+00:00\" \/>\n<meta property=\"og:image\" content=\"https:\/\/www.bellunopress.it\/wp-content\/uploads\/2020\/06\/Carlo-di-Rudio_edited.jpg\" \/>\n\t<meta property=\"og:image:width\" content=\"736\" \/>\n\t<meta property=\"og:image:height\" content=\"800\" \/>\n\t<meta property=\"og:image:type\" content=\"image\/jpeg\" \/>\n<meta name=\"author\" content=\"redazione\" \/>\n<meta name=\"twitter:card\" content=\"summary_large_image\" \/>\n<meta name=\"twitter:creator\" content=\"@bellunopress\" \/>\n<meta name=\"twitter:site\" content=\"@bellunopress\" \/>\n<meta name=\"twitter:label1\" content=\"Written by\" \/>\n\t<meta name=\"twitter:data1\" content=\"redazione\" \/>\n\t<meta name=\"twitter:label2\" content=\"Est. reading time\" \/>\n\t<meta name=\"twitter:data2\" content=\"8 minutes\" \/>\n<script type=\"application\/ld+json\" class=\"yoast-schema-graph\">{\"@context\":\"https:\\\/\\\/schema.org\",\"@graph\":[{\"@type\":\"Article\",\"@id\":\"https:\\\/\\\/www.bellunopress.it\\\/2020\\\/12\\\/24\\\/lattentato-di-orsini-a-napoleone-iii-e-la-testimonianza-del-conte-bellunese-carlo-di-rudio\\\/#article\",\"isPartOf\":{\"@id\":\"https:\\\/\\\/www.bellunopress.it\\\/2020\\\/12\\\/24\\\/lattentato-di-orsini-a-napoleone-iii-e-la-testimonianza-del-conte-bellunese-carlo-di-rudio\\\/\"},\"author\":{\"name\":\"redazione\",\"@id\":\"https:\\\/\\\/www.bellunopress.it\\\/#\\\/schema\\\/person\\\/79bb06722b37ece1c03d3e94beb30d73\"},\"headline\":\"L\u2019attentato di Orsini a Napoleone III\u00b0 e la testimonianza del conte bellunese Carlo di Rudio\",\"datePublished\":\"2020-12-24T18:58:09+00:00\",\"dateModified\":\"2020-12-24T19:02:58+00:00\",\"mainEntityOfPage\":{\"@id\":\"https:\\\/\\\/www.bellunopress.it\\\/2020\\\/12\\\/24\\\/lattentato-di-orsini-a-napoleone-iii-e-la-testimonianza-del-conte-bellunese-carlo-di-rudio\\\/\"},\"wordCount\":1621,\"publisher\":{\"@id\":\"https:\\\/\\\/www.bellunopress.it\\\/#organization\"},\"image\":{\"@id\":\"https:\\\/\\\/www.bellunopress.it\\\/2020\\\/12\\\/24\\\/lattentato-di-orsini-a-napoleone-iii-e-la-testimonianza-del-conte-bellunese-carlo-di-rudio\\\/#primaryimage\"},\"thumbnailUrl\":\"https:\\\/\\\/www.bellunopress.it\\\/wp-content\\\/uploads\\\/2020\\\/06\\\/Carlo-di-Rudio_edited.jpg\",\"keywords\":[\"Carlo di Rudio\",\"Napoleone III\",\"Orsini\"],\"articleSection\":[\"Arte, Cultura, Spettacoli, Scienza\",\"Prima Pagina\"],\"inLanguage\":\"fr-FR\"},{\"@type\":\"WebPage\",\"@id\":\"https:\\\/\\\/www.bellunopress.it\\\/2020\\\/12\\\/24\\\/lattentato-di-orsini-a-napoleone-iii-e-la-testimonianza-del-conte-bellunese-carlo-di-rudio\\\/\",\"url\":\"https:\\\/\\\/www.bellunopress.it\\\/2020\\\/12\\\/24\\\/lattentato-di-orsini-a-napoleone-iii-e-la-testimonianza-del-conte-bellunese-carlo-di-rudio\\\/\",\"name\":\"L\u2019attentato di Orsini a Napoleone III\u00b0 e la testimonianza del conte bellunese Carlo di Rudio - Bellunopress - Dolomiti\",\"isPartOf\":{\"@id\":\"https:\\\/\\\/www.bellunopress.it\\\/#website\"},\"primaryImageOfPage\":{\"@id\":\"https:\\\/\\\/www.bellunopress.it\\\/2020\\\/12\\\/24\\\/lattentato-di-orsini-a-napoleone-iii-e-la-testimonianza-del-conte-bellunese-carlo-di-rudio\\\/#primaryimage\"},\"image\":{\"@id\":\"https:\\\/\\\/www.bellunopress.it\\\/2020\\\/12\\\/24\\\/lattentato-di-orsini-a-napoleone-iii-e-la-testimonianza-del-conte-bellunese-carlo-di-rudio\\\/#primaryimage\"},\"thumbnailUrl\":\"https:\\\/\\\/www.bellunopress.it\\\/wp-content\\\/uploads\\\/2020\\\/06\\\/Carlo-di-Rudio_edited.jpg\",\"datePublished\":\"2020-12-24T18:58:09+00:00\",\"dateModified\":\"2020-12-24T19:02:58+00:00\",\"breadcrumb\":{\"@id\":\"https:\\\/\\\/www.bellunopress.it\\\/2020\\\/12\\\/24\\\/lattentato-di-orsini-a-napoleone-iii-e-la-testimonianza-del-conte-bellunese-carlo-di-rudio\\\/#breadcrumb\"},\"inLanguage\":\"fr-FR\",\"potentialAction\":[{\"@type\":\"ReadAction\",\"target\":[\"https:\\\/\\\/www.bellunopress.it\\\/2020\\\/12\\\/24\\\/lattentato-di-orsini-a-napoleone-iii-e-la-testimonianza-del-conte-bellunese-carlo-di-rudio\\\/\"]}]},{\"@type\":\"ImageObject\",\"inLanguage\":\"fr-FR\",\"@id\":\"https:\\\/\\\/www.bellunopress.it\\\/2020\\\/12\\\/24\\\/lattentato-di-orsini-a-napoleone-iii-e-la-testimonianza-del-conte-bellunese-carlo-di-rudio\\\/#primaryimage\",\"url\":\"https:\\\/\\\/www.bellunopress.it\\\/wp-content\\\/uploads\\\/2020\\\/06\\\/Carlo-di-Rudio_edited.jpg\",\"contentUrl\":\"https:\\\/\\\/www.bellunopress.it\\\/wp-content\\\/uploads\\\/2020\\\/06\\\/Carlo-di-Rudio_edited.jpg\",\"width\":736,\"height\":800,\"caption\":\"Carlo di Rudio\"},{\"@type\":\"BreadcrumbList\",\"@id\":\"https:\\\/\\\/www.bellunopress.it\\\/2020\\\/12\\\/24\\\/lattentato-di-orsini-a-napoleone-iii-e-la-testimonianza-del-conte-bellunese-carlo-di-rudio\\\/#breadcrumb\",\"itemListElement\":[{\"@type\":\"ListItem\",\"position\":1,\"name\":\"Home\",\"item\":\"https:\\\/\\\/www.bellunopress.it\\\/\"},{\"@type\":\"ListItem\",\"position\":2,\"name\":\"L\u2019attentato di Orsini a Napoleone III\u00b0 e la testimonianza del conte bellunese Carlo di Rudio\"}]},{\"@type\":\"WebSite\",\"@id\":\"https:\\\/\\\/www.bellunopress.it\\\/#website\",\"url\":\"https:\\\/\\\/www.bellunopress.it\\\/\",\"name\":\"Bellunopress - Dolomiti\",\"description\":\"e-mail: redazione@bellunopress.it\",\"publisher\":{\"@id\":\"https:\\\/\\\/www.bellunopress.it\\\/#organization\"},\"potentialAction\":[{\"@type\":\"SearchAction\",\"target\":{\"@type\":\"EntryPoint\",\"urlTemplate\":\"https:\\\/\\\/www.bellunopress.it\\\/?s={search_term_string}\"},\"query-input\":{\"@type\":\"PropertyValueSpecification\",\"valueRequired\":true,\"valueName\":\"search_term_string\"}}],\"inLanguage\":\"fr-FR\"},{\"@type\":\"Organization\",\"@id\":\"https:\\\/\\\/www.bellunopress.it\\\/#organization\",\"name\":\"Bellunopress\",\"url\":\"https:\\\/\\\/www.bellunopress.it\\\/\",\"logo\":{\"@type\":\"ImageObject\",\"inLanguage\":\"fr-FR\",\"@id\":\"https:\\\/\\\/www.bellunopress.it\\\/#\\\/schema\\\/logo\\\/image\\\/\",\"url\":\"https:\\\/\\\/www.bellunopress.it\\\/wp-content\\\/uploads\\\/2011\\\/05\\\/cropped-logo-bellunopress-.jpg\",\"contentUrl\":\"https:\\\/\\\/www.bellunopress.it\\\/wp-content\\\/uploads\\\/2011\\\/05\\\/cropped-logo-bellunopress-.jpg\",\"width\":512,\"height\":512,\"caption\":\"Bellunopress\"},\"image\":{\"@id\":\"https:\\\/\\\/www.bellunopress.it\\\/#\\\/schema\\\/logo\\\/image\\\/\"},\"sameAs\":[\"https:\\\/\\\/www.facebook.com\\\/profile.php?id=100008943462799\",\"https:\\\/\\\/x.com\\\/bellunopress\",\"https:\\\/\\\/www.linkedin.com\\\/hp\\\/?dnr=JBzUWaJfMUw8vbXJJ2tVW5-I3jZKvC4wsoxE&amp;amp;amp;amp;amp;amp;trk=nav_responsive_tab_home\",\"https:\\\/\\\/www.youtube.com\\\/channel\\\/UCxL0wu1uN0_3_7hGG0306cw\"]},{\"@type\":\"Person\",\"@id\":\"https:\\\/\\\/www.bellunopress.it\\\/#\\\/schema\\\/person\\\/79bb06722b37ece1c03d3e94beb30d73\",\"name\":\"redazione\",\"image\":{\"@type\":\"ImageObject\",\"inLanguage\":\"fr-FR\",\"@id\":\"https:\\\/\\\/secure.gravatar.com\\\/avatar\\\/37d968a2e67a6fd04c169c4bdef102d0bc5d31b2546345219e348575eb80e9a0?s=96&d=mm&r=g\",\"url\":\"https:\\\/\\\/secure.gravatar.com\\\/avatar\\\/37d968a2e67a6fd04c169c4bdef102d0bc5d31b2546345219e348575eb80e9a0?s=96&d=mm&r=g\",\"contentUrl\":\"https:\\\/\\\/secure.gravatar.com\\\/avatar\\\/37d968a2e67a6fd04c169c4bdef102d0bc5d31b2546345219e348575eb80e9a0?s=96&d=mm&r=g\",\"caption\":\"redazione\"},\"sameAs\":[\"http:\\\/\\\/www.bellunopress.it\",\"https:\\\/\\\/x.com\\\/bellunopress\"],\"url\":\"https:\\\/\\\/www.bellunopress.it\\\/fr\\\/author\\\/redazione\\\/\"}]}<\/script>\n<!-- \/ Yoast SEO plugin. -->","yoast_head_json":{"title":"L\u2019attentato di Orsini a Napoleone III\u00b0 e la testimonianza del conte bellunese Carlo di Rudio - Bellunopress - Dolomiti","robots":{"index":"index","follow":"follow","max-snippet":"max-snippet:-1","max-image-preview":"max-image-preview:large","max-video-preview":"max-video-preview:-1"},"canonical":"https:\/\/www.bellunopress.it\/fr\/2020\/12\/24\/lattentato-di-orsini-a-napoleone-iii-e-la-testimonianza-del-conte-bellunese-carlo-di-rudio\/","og_locale":"fr_FR","og_type":"article","og_title":"L\u2019attentato di Orsini a Napoleone III\u00b0 e la testimonianza del conte bellunese Carlo di Rudio - Bellunopress - Dolomiti","og_description":"La sera del 14 gennaio 1858 verso le 20:30 a Parigi, tre bombe con innesco a fulminato di mercurio, riempite con chiodi e pezzi di ferro colpiscono la carrozza dell\u2019imperatore Napoleone III in avvicinamento tra la folla all&#8217;ingresso dell&#8217;Op\u00e9ra Le Peletier, dove va in scena l&#8217;opera lirica Guglielmo Tell di Gioachino Rossini. L\u2019attentato provoca una [&hellip;]","og_url":"https:\/\/www.bellunopress.it\/fr\/2020\/12\/24\/lattentato-di-orsini-a-napoleone-iii-e-la-testimonianza-del-conte-bellunese-carlo-di-rudio\/","og_site_name":"Bellunopress - Dolomiti","article_publisher":"https:\/\/www.facebook.com\/profile.php?id=100008943462799","article_published_time":"2020-12-24T18:58:09+00:00","article_modified_time":"2020-12-24T19:02:58+00:00","og_image":[{"width":736,"height":800,"url":"https:\/\/www.bellunopress.it\/wp-content\/uploads\/2020\/06\/Carlo-di-Rudio_edited.jpg","type":"image\/jpeg"}],"author":"redazione","twitter_card":"summary_large_image","twitter_creator":"@bellunopress","twitter_site":"@bellunopress","twitter_misc":{"Written by":"redazione","Est. reading time":"8 minutes"},"schema":{"@context":"https:\/\/schema.org","@graph":[{"@type":"Article","@id":"https:\/\/www.bellunopress.it\/2020\/12\/24\/lattentato-di-orsini-a-napoleone-iii-e-la-testimonianza-del-conte-bellunese-carlo-di-rudio\/#article","isPartOf":{"@id":"https:\/\/www.bellunopress.it\/2020\/12\/24\/lattentato-di-orsini-a-napoleone-iii-e-la-testimonianza-del-conte-bellunese-carlo-di-rudio\/"},"author":{"name":"redazione","@id":"https:\/\/www.bellunopress.it\/#\/schema\/person\/79bb06722b37ece1c03d3e94beb30d73"},"headline":"L\u2019attentato di Orsini a Napoleone III\u00b0 e la testimonianza del conte bellunese Carlo di Rudio","datePublished":"2020-12-24T18:58:09+00:00","dateModified":"2020-12-24T19:02:58+00:00","mainEntityOfPage":{"@id":"https:\/\/www.bellunopress.it\/2020\/12\/24\/lattentato-di-orsini-a-napoleone-iii-e-la-testimonianza-del-conte-bellunese-carlo-di-rudio\/"},"wordCount":1621,"publisher":{"@id":"https:\/\/www.bellunopress.it\/#organization"},"image":{"@id":"https:\/\/www.bellunopress.it\/2020\/12\/24\/lattentato-di-orsini-a-napoleone-iii-e-la-testimonianza-del-conte-bellunese-carlo-di-rudio\/#primaryimage"},"thumbnailUrl":"https:\/\/www.bellunopress.it\/wp-content\/uploads\/2020\/06\/Carlo-di-Rudio_edited.jpg","keywords":["Carlo di Rudio","Napoleone III","Orsini"],"articleSection":["Arte, Cultura, Spettacoli, Scienza","Prima Pagina"],"inLanguage":"fr-FR"},{"@type":"WebPage","@id":"https:\/\/www.bellunopress.it\/2020\/12\/24\/lattentato-di-orsini-a-napoleone-iii-e-la-testimonianza-del-conte-bellunese-carlo-di-rudio\/","url":"https:\/\/www.bellunopress.it\/2020\/12\/24\/lattentato-di-orsini-a-napoleone-iii-e-la-testimonianza-del-conte-bellunese-carlo-di-rudio\/","name":"L\u2019attentato di Orsini a Napoleone III\u00b0 e la testimonianza del conte bellunese Carlo di Rudio - Bellunopress - Dolomiti","isPartOf":{"@id":"https:\/\/www.bellunopress.it\/#website"},"primaryImageOfPage":{"@id":"https:\/\/www.bellunopress.it\/2020\/12\/24\/lattentato-di-orsini-a-napoleone-iii-e-la-testimonianza-del-conte-bellunese-carlo-di-rudio\/#primaryimage"},"image":{"@id":"https:\/\/www.bellunopress.it\/2020\/12\/24\/lattentato-di-orsini-a-napoleone-iii-e-la-testimonianza-del-conte-bellunese-carlo-di-rudio\/#primaryimage"},"thumbnailUrl":"https:\/\/www.bellunopress.it\/wp-content\/uploads\/2020\/06\/Carlo-di-Rudio_edited.jpg","datePublished":"2020-12-24T18:58:09+00:00","dateModified":"2020-12-24T19:02:58+00:00","breadcrumb":{"@id":"https:\/\/www.bellunopress.it\/2020\/12\/24\/lattentato-di-orsini-a-napoleone-iii-e-la-testimonianza-del-conte-bellunese-carlo-di-rudio\/#breadcrumb"},"inLanguage":"fr-FR","potentialAction":[{"@type":"ReadAction","target":["https:\/\/www.bellunopress.it\/2020\/12\/24\/lattentato-di-orsini-a-napoleone-iii-e-la-testimonianza-del-conte-bellunese-carlo-di-rudio\/"]}]},{"@type":"ImageObject","inLanguage":"fr-FR","@id":"https:\/\/www.bellunopress.it\/2020\/12\/24\/lattentato-di-orsini-a-napoleone-iii-e-la-testimonianza-del-conte-bellunese-carlo-di-rudio\/#primaryimage","url":"https:\/\/www.bellunopress.it\/wp-content\/uploads\/2020\/06\/Carlo-di-Rudio_edited.jpg","contentUrl":"https:\/\/www.bellunopress.it\/wp-content\/uploads\/2020\/06\/Carlo-di-Rudio_edited.jpg","width":736,"height":800,"caption":"Carlo di Rudio"},{"@type":"BreadcrumbList","@id":"https:\/\/www.bellunopress.it\/2020\/12\/24\/lattentato-di-orsini-a-napoleone-iii-e-la-testimonianza-del-conte-bellunese-carlo-di-rudio\/#breadcrumb","itemListElement":[{"@type":"ListItem","position":1,"name":"Home","item":"https:\/\/www.bellunopress.it\/"},{"@type":"ListItem","position":2,"name":"L\u2019attentato di Orsini a Napoleone III\u00b0 e la testimonianza del conte bellunese Carlo di Rudio"}]},{"@type":"WebSite","@id":"https:\/\/www.bellunopress.it\/#website","url":"https:\/\/www.bellunopress.it\/","name":"Bellunopress - Dolomiti","description":"e-mail: redazione@bellunopress.it","publisher":{"@id":"https:\/\/www.bellunopress.it\/#organization"},"potentialAction":[{"@type":"SearchAction","target":{"@type":"EntryPoint","urlTemplate":"https:\/\/www.bellunopress.it\/?s={search_term_string}"},"query-input":{"@type":"PropertyValueSpecification","valueRequired":true,"valueName":"search_term_string"}}],"inLanguage":"fr-FR"},{"@type":"Organization","@id":"https:\/\/www.bellunopress.it\/#organization","name":"Bellunopress","url":"https:\/\/www.bellunopress.it\/","logo":{"@type":"ImageObject","inLanguage":"fr-FR","@id":"https:\/\/www.bellunopress.it\/#\/schema\/logo\/image\/","url":"https:\/\/www.bellunopress.it\/wp-content\/uploads\/2011\/05\/cropped-logo-bellunopress-.jpg","contentUrl":"https:\/\/www.bellunopress.it\/wp-content\/uploads\/2011\/05\/cropped-logo-bellunopress-.jpg","width":512,"height":512,"caption":"Bellunopress"},"image":{"@id":"https:\/\/www.bellunopress.it\/#\/schema\/logo\/image\/"},"sameAs":["https:\/\/www.facebook.com\/profile.php?id=100008943462799","https:\/\/x.com\/bellunopress","https:\/\/www.linkedin.com\/hp\/?dnr=JBzUWaJfMUw8vbXJJ2tVW5-I3jZKvC4wsoxE&amp;amp;amp;amp;amp;amp;trk=nav_responsive_tab_home","https:\/\/www.youtube.com\/channel\/UCxL0wu1uN0_3_7hGG0306cw"]},{"@type":"Person","@id":"https:\/\/www.bellunopress.it\/#\/schema\/person\/79bb06722b37ece1c03d3e94beb30d73","name":"r\u00e9daction","image":{"@type":"ImageObject","inLanguage":"fr-FR","@id":"https:\/\/secure.gravatar.com\/avatar\/37d968a2e67a6fd04c169c4bdef102d0bc5d31b2546345219e348575eb80e9a0?s=96&d=mm&r=g","url":"https:\/\/secure.gravatar.com\/avatar\/37d968a2e67a6fd04c169c4bdef102d0bc5d31b2546345219e348575eb80e9a0?s=96&d=mm&r=g","contentUrl":"https:\/\/secure.gravatar.com\/avatar\/37d968a2e67a6fd04c169c4bdef102d0bc5d31b2546345219e348575eb80e9a0?s=96&d=mm&r=g","caption":"redazione"},"sameAs":["http:\/\/www.bellunopress.it","https:\/\/x.com\/bellunopress"],"url":"https:\/\/www.bellunopress.it\/fr\/author\/redazione\/"}]}},"_links":{"self":[{"href":"https:\/\/www.bellunopress.it\/fr\/wp-json\/wp\/v2\/posts\/120379","targetHints":{"allow":["GET"]}}],"collection":[{"href":"https:\/\/www.bellunopress.it\/fr\/wp-json\/wp\/v2\/posts"}],"about":[{"href":"https:\/\/www.bellunopress.it\/fr\/wp-json\/wp\/v2\/types\/post"}],"author":[{"embeddable":true,"href":"https:\/\/www.bellunopress.it\/fr\/wp-json\/wp\/v2\/users\/2"}],"replies":[{"embeddable":true,"href":"https:\/\/www.bellunopress.it\/fr\/wp-json\/wp\/v2\/comments?post=120379"}],"version-history":[{"count":2,"href":"https:\/\/www.bellunopress.it\/fr\/wp-json\/wp\/v2\/posts\/120379\/revisions"}],"predecessor-version":[{"id":120381,"href":"https:\/\/www.bellunopress.it\/fr\/wp-json\/wp\/v2\/posts\/120379\/revisions\/120381"}],"wp:featuredmedia":[{"embeddable":true,"href":"https:\/\/www.bellunopress.it\/fr\/wp-json\/wp\/v2\/media\/115273"}],"wp:attachment":[{"href":"https:\/\/www.bellunopress.it\/fr\/wp-json\/wp\/v2\/media?parent=120379"}],"wp:term":[{"taxonomy":"category","embeddable":true,"href":"https:\/\/www.bellunopress.it\/fr\/wp-json\/wp\/v2\/categories?post=120379"},{"taxonomy":"post_tag","embeddable":true,"href":"https:\/\/www.bellunopress.it\/fr\/wp-json\/wp\/v2\/tags?post=120379"}],"curies":[{"name":"wp","href":"https:\/\/api.w.org\/{rel}","templated":true}]}}