{"id":120371,"date":"2020-12-24T11:01:03","date_gmt":"2020-12-24T10:01:03","guid":{"rendered":"http:\/\/www.bellunopress.it\/?p=120371"},"modified":"2020-12-24T11:01:04","modified_gmt":"2020-12-24T10:01:04","slug":"un-gesto-di-solidarieta-tra-le-famiglie-in-rete-per-sentirsi-vicini","status":"publish","type":"post","link":"https:\/\/www.bellunopress.it\/fr\/2020\/12\/24\/un-gesto-di-solidarieta-tra-le-famiglie-in-rete-per-sentirsi-vicini\/","title":{"rendered":"Un gesto di solidariet\u00e0 tra le Famiglie in Rete per sentirsi vicini"},"content":{"rendered":"<p><a href=\"http:\/\/www.bellunopress.it\/fr\/2020\/12\/24\/un-gesto-di-solidarieta-tra-le-famiglie-in-rete-per-sentirsi-vicini\/natale-a-feltre_edited\/\" rel=\"attachment wp-att-120372\"><img loading=\"lazy\" decoding=\"async\" class=\"alignleft size-full wp-image-120372\" src=\"http:\/\/www.bellunopress.it\/wp-content\/uploads\/2020\/12\/Natale-a-Feltre_edited.jpg\" alt=\"\" width=\"800\" height=\"571\" srcset=\"https:\/\/www.bellunopress.it\/wp-content\/uploads\/2020\/12\/Natale-a-Feltre_edited.jpg 800w, https:\/\/www.bellunopress.it\/wp-content\/uploads\/2020\/12\/Natale-a-Feltre_edited-500x357.jpg 500w, https:\/\/www.bellunopress.it\/wp-content\/uploads\/2020\/12\/Natale-a-Feltre_edited-696x497.jpg 696w, https:\/\/www.bellunopress.it\/wp-content\/uploads\/2020\/12\/Natale-a-Feltre_edited-588x420.jpg 588w, https:\/\/www.bellunopress.it\/wp-content\/uploads\/2020\/12\/Natale-a-Feltre_edited-100x70.jpg 100w\" sizes=\"auto, (max-width: 800px) 100vw, 800px\" \/><\/a>Le famiglie in rete, in questo particolare Natale, hanno voluto tenersi in contatto con un gesto di solidariet\u00e0.<\/p>\n<p>Nel distretto di Feltre sono presenti sette reti di famiglie solidali, nei comuni di Alano-Quero Vas, Cesiomaggiore, Feltre, Lamon, Lentiai, Mel-Trichiana, Sedico-Sospirolo, che coinvolgono in tutto settantasei persone, che in epoca pre-covid si incontravano mensilmente per offrire il proprio aiuto ad altre famiglie con minori, in temporanea difficolt\u00e0. Nel 2019 sono state accolti dalle famiglie in rete trenta bambini, per un paio di ore la settimana, sollevando le loro famiglie da alcune incombenze, come l\u2019andare a prendere un pomeriggio a scuola il bambino, accompagnarlo a fare logopedia o portare un ragazzo adolescente a fare una passeggiata o altre attivit\u00e0.<\/p>\n<p>Anche durante il COVID le sette reti di famiglie solidali sono rimaste e continuano a trovarsi in modalit\u00e0 online, cercando ognuno come pu\u00f2 e nel rispetto delle restrizioni imposte dalla pandemia di dare il proprio contributo in favore della comunit\u00e0, secondo la filosofia del progetto che ci\u00f2 che ci rende ricchi non \u00e8 il denaro, ma la quantit\u00e0 di relazioni.<\/p>\n<p>In questo spirito, \u00e8 nata l\u2019iniziativa \u201cun gesto di solidariet\u00e0\u201d proposta dalle famiglie in rete di Sedico Sospirolo, composta da dieci persone dei due comuni e guidata da Carla Boz, educatore azienda Ulss 1 Dolomiti e da Eleonora Ganelli, psicologa della Sedico Servizi. Ogni componente del gruppo si \u00e8 attivato per la preparazione di pacchi regalo, da donare ai 10 bambini accolti nell\u2019ultimo periodo dalle famiglie in rete dei comuni di Sedico e Sospirolo: chi ha pensato al biglietto per augurare buone feste, chi ha prodotto il logo delle famiglie che verr\u00e0 inserito nel biglietto, chi ha confezionato degli alberelli all\u2019uncinetto. Fondamentale \u00e8 stato il contributo degli assessori di Sedico Gloria Candaten e di Sospirolo Giulia Cappellari che hanno finanziato l&#8217;acquisto di biscotti e giochi per riempire il pacchetto finale.<\/p>","protected":false},"excerpt":{"rendered":"<p>Le famiglie in rete, in questo particolare Natale, hanno voluto tenersi in contatto con un gesto di solidariet\u00e0. Nel distretto di Feltre sono presenti sette reti di famiglie solidali, nei comuni di Alano-Quero Vas, Cesiomaggiore, Feltre, Lamon, Lentiai, Mel-Trichiana, Sedico-Sospirolo, che coinvolgono in tutto settantasei persone, che in epoca pre-covid si incontravano mensilmente per offrire [&hellip;]<\/p>\n","protected":false},"author":2,"featured_media":120372,"comment_status":"closed","ping_status":"open","sticky":false,"template":"","format":"standard","meta":{"footnotes":""},"categories":[26,8],"tags":[],"class_list":["post-120371","post","type-post","status-publish","format-standard","has-post-thumbnail","category-prima-pagina","category-societa-istituzioni"],"yoast_head":"<!-- This site is optimized with the Yoast SEO plugin v28.4 - https:\/\/yoast.com\/product\/yoast-seo-wordpress\/ -->\n<title>Un gesto di solidariet\u00e0 tra le Famiglie in Rete per sentirsi vicini - Bellunopress - Dolomiti<\/title>\n<meta name=\"robots\" content=\"index, follow, max-snippet:-1, max-image-preview:large, max-video-preview:-1\" \/>\n<link rel=\"canonical\" href=\"https:\/\/www.bellunopress.it\/fr\/2020\/12\/24\/un-gesto-di-solidarieta-tra-le-famiglie-in-rete-per-sentirsi-vicini\/\" \/>\n<meta property=\"og:locale\" content=\"fr_FR\" \/>\n<meta property=\"og:type\" content=\"article\" \/>\n<meta property=\"og:title\" content=\"Un gesto di solidariet\u00e0 tra le Famiglie in Rete per sentirsi vicini - Bellunopress - Dolomiti\" \/>\n<meta property=\"og:description\" content=\"Le famiglie in rete, in questo particolare Natale, hanno voluto tenersi in contatto con un gesto di solidariet\u00e0. Nel distretto di Feltre sono presenti sette reti di famiglie solidali, nei comuni di Alano-Quero Vas, Cesiomaggiore, Feltre, Lamon, Lentiai, Mel-Trichiana, Sedico-Sospirolo, che coinvolgono in tutto settantasei persone, che in epoca pre-covid si incontravano mensilmente per offrire [&hellip;]\" \/>\n<meta property=\"og:url\" content=\"https:\/\/www.bellunopress.it\/fr\/2020\/12\/24\/un-gesto-di-solidarieta-tra-le-famiglie-in-rete-per-sentirsi-vicini\/\" \/>\n<meta property=\"og:site_name\" content=\"Bellunopress - Dolomiti\" \/>\n<meta property=\"article:publisher\" content=\"https:\/\/www.facebook.com\/profile.php?id=100008943462799\" \/>\n<meta property=\"article:published_time\" content=\"2020-12-24T10:01:03+00:00\" \/>\n<meta property=\"article:modified_time\" content=\"2020-12-24T10:01:04+00:00\" \/>\n<meta property=\"og:image\" content=\"https:\/\/www.bellunopress.it\/wp-content\/uploads\/2020\/12\/Natale-a-Feltre_edited.jpg\" \/>\n\t<meta property=\"og:image:width\" content=\"800\" \/>\n\t<meta property=\"og:image:height\" content=\"571\" \/>\n\t<meta property=\"og:image:type\" content=\"image\/jpeg\" \/>\n<meta name=\"author\" content=\"redazione\" \/>\n<meta name=\"twitter:card\" content=\"summary_large_image\" \/>\n<meta name=\"twitter:creator\" content=\"@bellunopress\" \/>\n<meta name=\"twitter:site\" content=\"@bellunopress\" \/>\n<meta name=\"twitter:label1\" content=\"Written by\" \/>\n\t<meta name=\"twitter:data1\" content=\"redazione\" \/>\n\t<meta name=\"twitter:label2\" content=\"Est. reading time\" \/>\n\t<meta name=\"twitter:data2\" content=\"2 minutes\" \/>\n<script type=\"application\/ld+json\" class=\"yoast-schema-graph\">{\"@context\":\"https:\\\/\\\/schema.org\",\"@graph\":[{\"@type\":\"Article\",\"@id\":\"https:\\\/\\\/www.bellunopress.it\\\/2020\\\/12\\\/24\\\/un-gesto-di-solidarieta-tra-le-famiglie-in-rete-per-sentirsi-vicini\\\/#article\",\"isPartOf\":{\"@id\":\"https:\\\/\\\/www.bellunopress.it\\\/2020\\\/12\\\/24\\\/un-gesto-di-solidarieta-tra-le-famiglie-in-rete-per-sentirsi-vicini\\\/\"},\"author\":{\"name\":\"redazione\",\"@id\":\"https:\\\/\\\/www.bellunopress.it\\\/#\\\/schema\\\/person\\\/79bb06722b37ece1c03d3e94beb30d73\"},\"headline\":\"Un gesto di solidariet\u00e0 tra le Famiglie in Rete per sentirsi vicini\",\"datePublished\":\"2020-12-24T10:01:03+00:00\",\"dateModified\":\"2020-12-24T10:01:04+00:00\",\"mainEntityOfPage\":{\"@id\":\"https:\\\/\\\/www.bellunopress.it\\\/2020\\\/12\\\/24\\\/un-gesto-di-solidarieta-tra-le-famiglie-in-rete-per-sentirsi-vicini\\\/\"},\"wordCount\":317,\"publisher\":{\"@id\":\"https:\\\/\\\/www.bellunopress.it\\\/#organization\"},\"image\":{\"@id\":\"https:\\\/\\\/www.bellunopress.it\\\/2020\\\/12\\\/24\\\/un-gesto-di-solidarieta-tra-le-famiglie-in-rete-per-sentirsi-vicini\\\/#primaryimage\"},\"thumbnailUrl\":\"https:\\\/\\\/www.bellunopress.it\\\/wp-content\\\/uploads\\\/2020\\\/12\\\/Natale-a-Feltre_edited.jpg\",\"articleSection\":[\"Prima Pagina\",\"Societ\u00e0, Associazioni, Istituzioni\"],\"inLanguage\":\"fr-FR\"},{\"@type\":\"WebPage\",\"@id\":\"https:\\\/\\\/www.bellunopress.it\\\/2020\\\/12\\\/24\\\/un-gesto-di-solidarieta-tra-le-famiglie-in-rete-per-sentirsi-vicini\\\/\",\"url\":\"https:\\\/\\\/www.bellunopress.it\\\/2020\\\/12\\\/24\\\/un-gesto-di-solidarieta-tra-le-famiglie-in-rete-per-sentirsi-vicini\\\/\",\"name\":\"Un gesto di solidariet\u00e0 tra le Famiglie in Rete per sentirsi vicini - Bellunopress - Dolomiti\",\"isPartOf\":{\"@id\":\"https:\\\/\\\/www.bellunopress.it\\\/#website\"},\"primaryImageOfPage\":{\"@id\":\"https:\\\/\\\/www.bellunopress.it\\\/2020\\\/12\\\/24\\\/un-gesto-di-solidarieta-tra-le-famiglie-in-rete-per-sentirsi-vicini\\\/#primaryimage\"},\"image\":{\"@id\":\"https:\\\/\\\/www.bellunopress.it\\\/2020\\\/12\\\/24\\\/un-gesto-di-solidarieta-tra-le-famiglie-in-rete-per-sentirsi-vicini\\\/#primaryimage\"},\"thumbnailUrl\":\"https:\\\/\\\/www.bellunopress.it\\\/wp-content\\\/uploads\\\/2020\\\/12\\\/Natale-a-Feltre_edited.jpg\",\"datePublished\":\"2020-12-24T10:01:03+00:00\",\"dateModified\":\"2020-12-24T10:01:04+00:00\",\"breadcrumb\":{\"@id\":\"https:\\\/\\\/www.bellunopress.it\\\/2020\\\/12\\\/24\\\/un-gesto-di-solidarieta-tra-le-famiglie-in-rete-per-sentirsi-vicini\\\/#breadcrumb\"},\"inLanguage\":\"fr-FR\",\"potentialAction\":[{\"@type\":\"ReadAction\",\"target\":[\"https:\\\/\\\/www.bellunopress.it\\\/2020\\\/12\\\/24\\\/un-gesto-di-solidarieta-tra-le-famiglie-in-rete-per-sentirsi-vicini\\\/\"]}]},{\"@type\":\"ImageObject\",\"inLanguage\":\"fr-FR\",\"@id\":\"https:\\\/\\\/www.bellunopress.it\\\/2020\\\/12\\\/24\\\/un-gesto-di-solidarieta-tra-le-famiglie-in-rete-per-sentirsi-vicini\\\/#primaryimage\",\"url\":\"https:\\\/\\\/www.bellunopress.it\\\/wp-content\\\/uploads\\\/2020\\\/12\\\/Natale-a-Feltre_edited.jpg\",\"contentUrl\":\"https:\\\/\\\/www.bellunopress.it\\\/wp-content\\\/uploads\\\/2020\\\/12\\\/Natale-a-Feltre_edited.jpg\",\"width\":800,\"height\":571},{\"@type\":\"BreadcrumbList\",\"@id\":\"https:\\\/\\\/www.bellunopress.it\\\/2020\\\/12\\\/24\\\/un-gesto-di-solidarieta-tra-le-famiglie-in-rete-per-sentirsi-vicini\\\/#breadcrumb\",\"itemListElement\":[{\"@type\":\"ListItem\",\"position\":1,\"name\":\"Home\",\"item\":\"https:\\\/\\\/www.bellunopress.it\\\/\"},{\"@type\":\"ListItem\",\"position\":2,\"name\":\"Un gesto di solidariet\u00e0 tra le Famiglie in Rete per sentirsi vicini\"}]},{\"@type\":\"WebSite\",\"@id\":\"https:\\\/\\\/www.bellunopress.it\\\/#website\",\"url\":\"https:\\\/\\\/www.bellunopress.it\\\/\",\"name\":\"Bellunopress - Dolomiti\",\"description\":\"e-mail: redazione@bellunopress.it\",\"publisher\":{\"@id\":\"https:\\\/\\\/www.bellunopress.it\\\/#organization\"},\"potentialAction\":[{\"@type\":\"SearchAction\",\"target\":{\"@type\":\"EntryPoint\",\"urlTemplate\":\"https:\\\/\\\/www.bellunopress.it\\\/?s={search_term_string}\"},\"query-input\":{\"@type\":\"PropertyValueSpecification\",\"valueRequired\":true,\"valueName\":\"search_term_string\"}}],\"inLanguage\":\"fr-FR\"},{\"@type\":\"Organization\",\"@id\":\"https:\\\/\\\/www.bellunopress.it\\\/#organization\",\"name\":\"Bellunopress\",\"url\":\"https:\\\/\\\/www.bellunopress.it\\\/\",\"logo\":{\"@type\":\"ImageObject\",\"inLanguage\":\"fr-FR\",\"@id\":\"https:\\\/\\\/www.bellunopress.it\\\/#\\\/schema\\\/logo\\\/image\\\/\",\"url\":\"https:\\\/\\\/www.bellunopress.it\\\/wp-content\\\/uploads\\\/2011\\\/05\\\/cropped-logo-bellunopress-.jpg\",\"contentUrl\":\"https:\\\/\\\/www.bellunopress.it\\\/wp-content\\\/uploads\\\/2011\\\/05\\\/cropped-logo-bellunopress-.jpg\",\"width\":512,\"height\":512,\"caption\":\"Bellunopress\"},\"image\":{\"@id\":\"https:\\\/\\\/www.bellunopress.it\\\/#\\\/schema\\\/logo\\\/image\\\/\"},\"sameAs\":[\"https:\\\/\\\/www.facebook.com\\\/profile.php?id=100008943462799\",\"https:\\\/\\\/x.com\\\/bellunopress\",\"https:\\\/\\\/www.linkedin.com\\\/hp\\\/?dnr=JBzUWaJfMUw8vbXJJ2tVW5-I3jZKvC4wsoxE&amp;amp;amp;amp;amp;amp;trk=nav_responsive_tab_home\",\"https:\\\/\\\/www.youtube.com\\\/channel\\\/UCxL0wu1uN0_3_7hGG0306cw\"]},{\"@type\":\"Person\",\"@id\":\"https:\\\/\\\/www.bellunopress.it\\\/#\\\/schema\\\/person\\\/79bb06722b37ece1c03d3e94beb30d73\",\"name\":\"redazione\",\"image\":{\"@type\":\"ImageObject\",\"inLanguage\":\"fr-FR\",\"@id\":\"https:\\\/\\\/secure.gravatar.com\\\/avatar\\\/37d968a2e67a6fd04c169c4bdef102d0bc5d31b2546345219e348575eb80e9a0?s=96&d=mm&r=g\",\"url\":\"https:\\\/\\\/secure.gravatar.com\\\/avatar\\\/37d968a2e67a6fd04c169c4bdef102d0bc5d31b2546345219e348575eb80e9a0?s=96&d=mm&r=g\",\"contentUrl\":\"https:\\\/\\\/secure.gravatar.com\\\/avatar\\\/37d968a2e67a6fd04c169c4bdef102d0bc5d31b2546345219e348575eb80e9a0?s=96&d=mm&r=g\",\"caption\":\"redazione\"},\"sameAs\":[\"http:\\\/\\\/www.bellunopress.it\",\"https:\\\/\\\/x.com\\\/bellunopress\"],\"url\":\"https:\\\/\\\/www.bellunopress.it\\\/fr\\\/author\\\/redazione\\\/\"}]}<\/script>\n<!-- \/ Yoast SEO plugin. -->","yoast_head_json":{"title":"Un gesto di solidariet\u00e0 tra le Famiglie in Rete per sentirsi vicini - Bellunopress - Dolomiti","robots":{"index":"index","follow":"follow","max-snippet":"max-snippet:-1","max-image-preview":"max-image-preview:large","max-video-preview":"max-video-preview:-1"},"canonical":"https:\/\/www.bellunopress.it\/fr\/2020\/12\/24\/un-gesto-di-solidarieta-tra-le-famiglie-in-rete-per-sentirsi-vicini\/","og_locale":"fr_FR","og_type":"article","og_title":"Un gesto di solidariet\u00e0 tra le Famiglie in Rete per sentirsi vicini - Bellunopress - Dolomiti","og_description":"Le famiglie in rete, in questo particolare Natale, hanno voluto tenersi in contatto con un gesto di solidariet\u00e0. Nel distretto di Feltre sono presenti sette reti di famiglie solidali, nei comuni di Alano-Quero Vas, Cesiomaggiore, Feltre, Lamon, Lentiai, Mel-Trichiana, Sedico-Sospirolo, che coinvolgono in tutto settantasei persone, che in epoca pre-covid si incontravano mensilmente per offrire [&hellip;]","og_url":"https:\/\/www.bellunopress.it\/fr\/2020\/12\/24\/un-gesto-di-solidarieta-tra-le-famiglie-in-rete-per-sentirsi-vicini\/","og_site_name":"Bellunopress - Dolomiti","article_publisher":"https:\/\/www.facebook.com\/profile.php?id=100008943462799","article_published_time":"2020-12-24T10:01:03+00:00","article_modified_time":"2020-12-24T10:01:04+00:00","og_image":[{"width":800,"height":571,"url":"https:\/\/www.bellunopress.it\/wp-content\/uploads\/2020\/12\/Natale-a-Feltre_edited.jpg","type":"image\/jpeg"}],"author":"redazione","twitter_card":"summary_large_image","twitter_creator":"@bellunopress","twitter_site":"@bellunopress","twitter_misc":{"Written by":"redazione","Est. reading time":"2 minutes"},"schema":{"@context":"https:\/\/schema.org","@graph":[{"@type":"Article","@id":"https:\/\/www.bellunopress.it\/2020\/12\/24\/un-gesto-di-solidarieta-tra-le-famiglie-in-rete-per-sentirsi-vicini\/#article","isPartOf":{"@id":"https:\/\/www.bellunopress.it\/2020\/12\/24\/un-gesto-di-solidarieta-tra-le-famiglie-in-rete-per-sentirsi-vicini\/"},"author":{"name":"redazione","@id":"https:\/\/www.bellunopress.it\/#\/schema\/person\/79bb06722b37ece1c03d3e94beb30d73"},"headline":"Un gesto di solidariet\u00e0 tra le Famiglie in Rete per sentirsi vicini","datePublished":"2020-12-24T10:01:03+00:00","dateModified":"2020-12-24T10:01:04+00:00","mainEntityOfPage":{"@id":"https:\/\/www.bellunopress.it\/2020\/12\/24\/un-gesto-di-solidarieta-tra-le-famiglie-in-rete-per-sentirsi-vicini\/"},"wordCount":317,"publisher":{"@id":"https:\/\/www.bellunopress.it\/#organization"},"image":{"@id":"https:\/\/www.bellunopress.it\/2020\/12\/24\/un-gesto-di-solidarieta-tra-le-famiglie-in-rete-per-sentirsi-vicini\/#primaryimage"},"thumbnailUrl":"https:\/\/www.bellunopress.it\/wp-content\/uploads\/2020\/12\/Natale-a-Feltre_edited.jpg","articleSection":["Prima Pagina","Societ\u00e0, Associazioni, Istituzioni"],"inLanguage":"fr-FR"},{"@type":"WebPage","@id":"https:\/\/www.bellunopress.it\/2020\/12\/24\/un-gesto-di-solidarieta-tra-le-famiglie-in-rete-per-sentirsi-vicini\/","url":"https:\/\/www.bellunopress.it\/2020\/12\/24\/un-gesto-di-solidarieta-tra-le-famiglie-in-rete-per-sentirsi-vicini\/","name":"Un gesto di solidariet\u00e0 tra le Famiglie in Rete per sentirsi vicini - Bellunopress - Dolomiti","isPartOf":{"@id":"https:\/\/www.bellunopress.it\/#website"},"primaryImageOfPage":{"@id":"https:\/\/www.bellunopress.it\/2020\/12\/24\/un-gesto-di-solidarieta-tra-le-famiglie-in-rete-per-sentirsi-vicini\/#primaryimage"},"image":{"@id":"https:\/\/www.bellunopress.it\/2020\/12\/24\/un-gesto-di-solidarieta-tra-le-famiglie-in-rete-per-sentirsi-vicini\/#primaryimage"},"thumbnailUrl":"https:\/\/www.bellunopress.it\/wp-content\/uploads\/2020\/12\/Natale-a-Feltre_edited.jpg","datePublished":"2020-12-24T10:01:03+00:00","dateModified":"2020-12-24T10:01:04+00:00","breadcrumb":{"@id":"https:\/\/www.bellunopress.it\/2020\/12\/24\/un-gesto-di-solidarieta-tra-le-famiglie-in-rete-per-sentirsi-vicini\/#breadcrumb"},"inLanguage":"fr-FR","potentialAction":[{"@type":"ReadAction","target":["https:\/\/www.bellunopress.it\/2020\/12\/24\/un-gesto-di-solidarieta-tra-le-famiglie-in-rete-per-sentirsi-vicini\/"]}]},{"@type":"ImageObject","inLanguage":"fr-FR","@id":"https:\/\/www.bellunopress.it\/2020\/12\/24\/un-gesto-di-solidarieta-tra-le-famiglie-in-rete-per-sentirsi-vicini\/#primaryimage","url":"https:\/\/www.bellunopress.it\/wp-content\/uploads\/2020\/12\/Natale-a-Feltre_edited.jpg","contentUrl":"https:\/\/www.bellunopress.it\/wp-content\/uploads\/2020\/12\/Natale-a-Feltre_edited.jpg","width":800,"height":571},{"@type":"BreadcrumbList","@id":"https:\/\/www.bellunopress.it\/2020\/12\/24\/un-gesto-di-solidarieta-tra-le-famiglie-in-rete-per-sentirsi-vicini\/#breadcrumb","itemListElement":[{"@type":"ListItem","position":1,"name":"Home","item":"https:\/\/www.bellunopress.it\/"},{"@type":"ListItem","position":2,"name":"Un gesto di solidariet\u00e0 tra le Famiglie in Rete per sentirsi vicini"}]},{"@type":"WebSite","@id":"https:\/\/www.bellunopress.it\/#website","url":"https:\/\/www.bellunopress.it\/","name":"Bellunopress - Dolomiti","description":"e-mail: redazione@bellunopress.it","publisher":{"@id":"https:\/\/www.bellunopress.it\/#organization"},"potentialAction":[{"@type":"SearchAction","target":{"@type":"EntryPoint","urlTemplate":"https:\/\/www.bellunopress.it\/?s={search_term_string}"},"query-input":{"@type":"PropertyValueSpecification","valueRequired":true,"valueName":"search_term_string"}}],"inLanguage":"fr-FR"},{"@type":"Organization","@id":"https:\/\/www.bellunopress.it\/#organization","name":"Bellunopress","url":"https:\/\/www.bellunopress.it\/","logo":{"@type":"ImageObject","inLanguage":"fr-FR","@id":"https:\/\/www.bellunopress.it\/#\/schema\/logo\/image\/","url":"https:\/\/www.bellunopress.it\/wp-content\/uploads\/2011\/05\/cropped-logo-bellunopress-.jpg","contentUrl":"https:\/\/www.bellunopress.it\/wp-content\/uploads\/2011\/05\/cropped-logo-bellunopress-.jpg","width":512,"height":512,"caption":"Bellunopress"},"image":{"@id":"https:\/\/www.bellunopress.it\/#\/schema\/logo\/image\/"},"sameAs":["https:\/\/www.facebook.com\/profile.php?id=100008943462799","https:\/\/x.com\/bellunopress","https:\/\/www.linkedin.com\/hp\/?dnr=JBzUWaJfMUw8vbXJJ2tVW5-I3jZKvC4wsoxE&amp;amp;amp;amp;amp;amp;trk=nav_responsive_tab_home","https:\/\/www.youtube.com\/channel\/UCxL0wu1uN0_3_7hGG0306cw"]},{"@type":"Person","@id":"https:\/\/www.bellunopress.it\/#\/schema\/person\/79bb06722b37ece1c03d3e94beb30d73","name":"r\u00e9daction","image":{"@type":"ImageObject","inLanguage":"fr-FR","@id":"https:\/\/secure.gravatar.com\/avatar\/37d968a2e67a6fd04c169c4bdef102d0bc5d31b2546345219e348575eb80e9a0?s=96&d=mm&r=g","url":"https:\/\/secure.gravatar.com\/avatar\/37d968a2e67a6fd04c169c4bdef102d0bc5d31b2546345219e348575eb80e9a0?s=96&d=mm&r=g","contentUrl":"https:\/\/secure.gravatar.com\/avatar\/37d968a2e67a6fd04c169c4bdef102d0bc5d31b2546345219e348575eb80e9a0?s=96&d=mm&r=g","caption":"redazione"},"sameAs":["http:\/\/www.bellunopress.it","https:\/\/x.com\/bellunopress"],"url":"https:\/\/www.bellunopress.it\/fr\/author\/redazione\/"}]}},"_links":{"self":[{"href":"https:\/\/www.bellunopress.it\/fr\/wp-json\/wp\/v2\/posts\/120371","targetHints":{"allow":["GET"]}}],"collection":[{"href":"https:\/\/www.bellunopress.it\/fr\/wp-json\/wp\/v2\/posts"}],"about":[{"href":"https:\/\/www.bellunopress.it\/fr\/wp-json\/wp\/v2\/types\/post"}],"author":[{"embeddable":true,"href":"https:\/\/www.bellunopress.it\/fr\/wp-json\/wp\/v2\/users\/2"}],"replies":[{"embeddable":true,"href":"https:\/\/www.bellunopress.it\/fr\/wp-json\/wp\/v2\/comments?post=120371"}],"version-history":[{"count":2,"href":"https:\/\/www.bellunopress.it\/fr\/wp-json\/wp\/v2\/posts\/120371\/revisions"}],"predecessor-version":[{"id":120374,"href":"https:\/\/www.bellunopress.it\/fr\/wp-json\/wp\/v2\/posts\/120371\/revisions\/120374"}],"wp:featuredmedia":[{"embeddable":true,"href":"https:\/\/www.bellunopress.it\/fr\/wp-json\/wp\/v2\/media\/120372"}],"wp:attachment":[{"href":"https:\/\/www.bellunopress.it\/fr\/wp-json\/wp\/v2\/media?parent=120371"}],"wp:term":[{"taxonomy":"category","embeddable":true,"href":"https:\/\/www.bellunopress.it\/fr\/wp-json\/wp\/v2\/categories?post=120371"},{"taxonomy":"post_tag","embeddable":true,"href":"https:\/\/www.bellunopress.it\/fr\/wp-json\/wp\/v2\/tags?post=120371"}],"curies":[{"name":"wp","href":"https:\/\/api.w.org\/{rel}","templated":true}]}}