{"id":120369,"date":"2020-12-24T09:17:30","date_gmt":"2020-12-24T08:17:30","guid":{"rendered":"http:\/\/www.bellunopress.it\/?p=120369"},"modified":"2020-12-24T09:17:30","modified_gmt":"2020-12-24T08:17:30","slug":"walter-de-cassan-federalberghi-il-turismo-vale-il-13-del-pil-ma-appena-l15-di-risorse-sul-recovery-fund","status":"publish","type":"post","link":"https:\/\/www.bellunopress.it\/fr\/2020\/12\/24\/walter-de-cassan-federalberghi-il-turismo-vale-il-13-del-pil-ma-appena-l15-di-risorse-sul-recovery-fund\/","title":{"rendered":"Walter De Cassan (Federalberghi): \u00abIl turismo vale il 13% del Pil ma appena l&#8217;1,5% di risorse sul Recovery Fund\u00bb"},"content":{"rendered":"<figure id=\"attachment_103029\" aria-describedby=\"caption-attachment-103029\" style=\"width: 180px\" class=\"wp-caption alignleft\"><a href=\"http:\/\/www.bellunopress.it\/fr\/2019\/03\/20\/cortina-2026-de-cassan-federalberghi-belluno-dolomiti-migliaia-di-camere-per-rendere-forte-la-candidatura-olimpica\/walter-de-cassan\/\" rel=\"attachment wp-att-103029\"><img loading=\"lazy\" decoding=\"async\" class=\"size-full wp-image-103029\" src=\"http:\/\/www.bellunopress.it\/wp-content\/uploads\/2019\/03\/Walter-De-Cassan.jpg\" alt=\"\" width=\"180\" height=\"280\" \/><\/a><figcaption id=\"caption-attachment-103029\" class=\"wp-caption-text\">Walter De Cassan<\/figcaption><\/figure>\n<p>\u00abCon gli effetti dell&#8217;ultimo Decreto Legge sulle vacanze Natalizie\u00bb, afferma De Cassan per Federalberghi Belluno Dolomiti \u00abla filiera del turismo chiuder\u00e0 un anno con dati drammatici sul fronte delle presenze turistiche e dei fatturati. La ricettivit\u00e0 alberghiera ed extralberghiera professionale in tutto ci\u00f2 ne uscir\u00e0 con danni enormi le cui conseguenze si sentiranno per anni. E purtroppo le prospettive sono ancora preoccupanti ed assolutamente incerte\u00bb.<br \/>\n\u00abRaccolgo dai colleghi un grande senso di responsabilit\u00e0 e consapevolezza sul fronte delle criticit\u00e0 sanitarie ma uno sconforto sempre pi\u00f9 marcato rispetto al futuro. La percezione \u00e8 che il turismo non ottenga a livello governativo l&#8217;attenzione che merita in rapporto al valore del PIL che genera (parliamo del 13 %). Ancora una volta chiedo ai nostri rappresentanti politici nazionali, Ministro D&#8217;Inc\u00e0 e parlamentari, di essere portavoce efficaci delle enormi difficolt\u00e0 che stanno vivendo le imprese ricettive bellunesi. Un appello per poterci incontrare ed approfondire la situazione; un invito, anche attraverso specifici incontri, a toccare con mano la drammaticit\u00e0 del comparto nel nostro territorio. Su questo fronte Federalberghi Belluno Dolomiti si dichiara ancora una volta pronta a qualsiasi livello di confronto per il bene di un comparto che nel 2020 ha perso oltre 1,2 milioni di presenze turistiche\u00bb.<br \/>\n\u00abPer restare sui numeri\u00bb, continua De Cassan \u00abgli effetti del Dpcm e del Decreto Legge di dicembre si ripercuoteranno, per il periodo 1 dicembre &#8211; 6 gennaio, in una perdita di fatturato di almeno 60 milioni di euro a carico solo delle imprese ricettive alberghiere della provincia. Una cifra impressionante! Per contro, a fronte di un&#8217;incidenza sul PIL pari al 13% risulta che, a favore del turismo nazionale (tra l&#8217;altro insieme alla cultura) il Recovery Fund dovrebbe destinare 3,5 miliardi di euro&#8230; l&#8217;1,5% del totale. Troppo poco. Francia e Germania, nei propri piani nazionali di \u201cripartenza\u201d prevedono stanziamenti rispettivamente di 15 e 35 miliardi. L&#8217;ennesima dimostrazione che la politica italiana non considera il turismo per il motore economico che realmente rappresenta!\u00bb<br \/>\n\u00abLe imprese turistiche vogliono voltare pagina, comprendono le priorit\u00e0 di carattere sanitario, stanno disincentivando la gente a venire in montagna, stanno gi\u00e0 sviluppando le strategie per il dopo pandemia. Ma ora chiedono rispetto, attenzione per i propri collaboratori; chiedono di poter avere un futuro ed adeguati sostegni economici: non l&#8217;elemosina di poche centinaia di euro calcolate su parametri che nulla c&#8217;azzeccano con le dinamiche di mercato del turismo montano\u00bb.<br \/>\n\u00abLa ricettivit\u00e0 bellunese\u00bb, conclude De Cassan \u00abchiede risposte, certezze normative, attenzione e strategie a lungo termine sul fronte di ristori, defiscalizzazione, credito, sostegno ed incentivi alla ripartenza. Da parte nostra la disponibilit\u00e0 al confronto \u00e8 sempre aperta\u00bb.<\/p>","protected":false},"excerpt":{"rendered":"<p>\u00abCon gli effetti dell&#8217;ultimo Decreto Legge sulle vacanze Natalizie\u00bb, afferma De Cassan per Federalberghi Belluno Dolomiti \u00abla filiera del turismo chiuder\u00e0 un anno con dati drammatici sul fronte delle presenze turistiche e dei fatturati. La ricettivit\u00e0 alberghiera ed extralberghiera professionale in tutto ci\u00f2 ne uscir\u00e0 con danni enormi le cui conseguenze si sentiranno per anni. [&hellip;]<\/p>\n","protected":false},"author":2,"featured_media":103029,"comment_status":"closed","ping_status":"open","sticky":false,"template":"","format":"standard","meta":{"footnotes":""},"categories":[36,26],"tags":[],"class_list":["post-120369","post","type-post","status-publish","format-standard","has-post-thumbnail","category-lavoro-economia","category-prima-pagina"],"yoast_head":"<!-- This site is optimized with the Yoast SEO plugin v28.4 - https:\/\/yoast.com\/product\/yoast-seo-wordpress\/ -->\n<title>Walter De Cassan (Federalberghi): \u00abIl turismo vale il 13% del Pil ma appena l&#039;1,5% di risorse sul Recovery Fund\u00bb - Bellunopress - Dolomiti<\/title>\n<meta name=\"robots\" content=\"index, follow, max-snippet:-1, max-image-preview:large, max-video-preview:-1\" \/>\n<link rel=\"canonical\" href=\"https:\/\/www.bellunopress.it\/fr\/2020\/12\/24\/walter-de-cassan-federalberghi-il-turismo-vale-il-13-del-pil-ma-appena-l15-di-risorse-sul-recovery-fund\/\" \/>\n<meta property=\"og:locale\" content=\"fr_FR\" \/>\n<meta property=\"og:type\" content=\"article\" \/>\n<meta property=\"og:title\" content=\"Walter De Cassan (Federalberghi): \u00abIl turismo vale il 13% del Pil ma appena l&#039;1,5% di risorse sul Recovery Fund\u00bb - Bellunopress - Dolomiti\" \/>\n<meta property=\"og:description\" content=\"\u00abCon gli effetti dell&#8217;ultimo Decreto Legge sulle vacanze Natalizie\u00bb, afferma De Cassan per Federalberghi Belluno Dolomiti \u00abla filiera del turismo chiuder\u00e0 un anno con dati drammatici sul fronte delle presenze turistiche e dei fatturati. La ricettivit\u00e0 alberghiera ed extralberghiera professionale in tutto ci\u00f2 ne uscir\u00e0 con danni enormi le cui conseguenze si sentiranno per anni. [&hellip;]\" \/>\n<meta property=\"og:url\" content=\"https:\/\/www.bellunopress.it\/fr\/2020\/12\/24\/walter-de-cassan-federalberghi-il-turismo-vale-il-13-del-pil-ma-appena-l15-di-risorse-sul-recovery-fund\/\" \/>\n<meta property=\"og:site_name\" content=\"Bellunopress - Dolomiti\" \/>\n<meta property=\"article:publisher\" content=\"https:\/\/www.facebook.com\/profile.php?id=100008943462799\" \/>\n<meta property=\"article:published_time\" content=\"2020-12-24T08:17:30+00:00\" \/>\n<meta property=\"og:image\" content=\"https:\/\/www.bellunopress.it\/wp-content\/uploads\/2019\/03\/Walter-De-Cassan.jpg\" \/>\n\t<meta property=\"og:image:width\" content=\"180\" \/>\n\t<meta property=\"og:image:height\" content=\"280\" \/>\n\t<meta property=\"og:image:type\" content=\"image\/jpeg\" \/>\n<meta name=\"author\" content=\"redazione\" \/>\n<meta name=\"twitter:card\" content=\"summary_large_image\" \/>\n<meta name=\"twitter:creator\" content=\"@bellunopress\" \/>\n<meta name=\"twitter:site\" content=\"@bellunopress\" \/>\n<meta name=\"twitter:label1\" content=\"Written by\" \/>\n\t<meta name=\"twitter:data1\" content=\"redazione\" \/>\n\t<meta name=\"twitter:label2\" content=\"Est. reading time\" \/>\n\t<meta name=\"twitter:data2\" content=\"2 minutes\" \/>\n<script type=\"application\/ld+json\" class=\"yoast-schema-graph\">{\"@context\":\"https:\\\/\\\/schema.org\",\"@graph\":[{\"@type\":\"Article\",\"@id\":\"https:\\\/\\\/www.bellunopress.it\\\/2020\\\/12\\\/24\\\/walter-de-cassan-federalberghi-il-turismo-vale-il-13-del-pil-ma-appena-l15-di-risorse-sul-recovery-fund\\\/#article\",\"isPartOf\":{\"@id\":\"https:\\\/\\\/www.bellunopress.it\\\/2020\\\/12\\\/24\\\/walter-de-cassan-federalberghi-il-turismo-vale-il-13-del-pil-ma-appena-l15-di-risorse-sul-recovery-fund\\\/\"},\"author\":{\"name\":\"redazione\",\"@id\":\"https:\\\/\\\/www.bellunopress.it\\\/#\\\/schema\\\/person\\\/79bb06722b37ece1c03d3e94beb30d73\"},\"headline\":\"Walter De Cassan (Federalberghi): \u00abIl turismo vale il 13% del Pil ma appena l&#8217;1,5% di risorse sul Recovery Fund\u00bb\",\"datePublished\":\"2020-12-24T08:17:30+00:00\",\"mainEntityOfPage\":{\"@id\":\"https:\\\/\\\/www.bellunopress.it\\\/2020\\\/12\\\/24\\\/walter-de-cassan-federalberghi-il-turismo-vale-il-13-del-pil-ma-appena-l15-di-risorse-sul-recovery-fund\\\/\"},\"wordCount\":452,\"publisher\":{\"@id\":\"https:\\\/\\\/www.bellunopress.it\\\/#organization\"},\"image\":{\"@id\":\"https:\\\/\\\/www.bellunopress.it\\\/2020\\\/12\\\/24\\\/walter-de-cassan-federalberghi-il-turismo-vale-il-13-del-pil-ma-appena-l15-di-risorse-sul-recovery-fund\\\/#primaryimage\"},\"thumbnailUrl\":\"https:\\\/\\\/www.bellunopress.it\\\/wp-content\\\/uploads\\\/2019\\\/03\\\/Walter-De-Cassan.jpg\",\"articleSection\":[\"Lavoro, Economia, Turismo\",\"Prima Pagina\"],\"inLanguage\":\"fr-FR\"},{\"@type\":\"WebPage\",\"@id\":\"https:\\\/\\\/www.bellunopress.it\\\/2020\\\/12\\\/24\\\/walter-de-cassan-federalberghi-il-turismo-vale-il-13-del-pil-ma-appena-l15-di-risorse-sul-recovery-fund\\\/\",\"url\":\"https:\\\/\\\/www.bellunopress.it\\\/2020\\\/12\\\/24\\\/walter-de-cassan-federalberghi-il-turismo-vale-il-13-del-pil-ma-appena-l15-di-risorse-sul-recovery-fund\\\/\",\"name\":\"Walter De Cassan (Federalberghi): \u00abIl turismo vale il 13% del Pil ma appena l'1,5% di risorse sul Recovery Fund\u00bb - Bellunopress - Dolomiti\",\"isPartOf\":{\"@id\":\"https:\\\/\\\/www.bellunopress.it\\\/#website\"},\"primaryImageOfPage\":{\"@id\":\"https:\\\/\\\/www.bellunopress.it\\\/2020\\\/12\\\/24\\\/walter-de-cassan-federalberghi-il-turismo-vale-il-13-del-pil-ma-appena-l15-di-risorse-sul-recovery-fund\\\/#primaryimage\"},\"image\":{\"@id\":\"https:\\\/\\\/www.bellunopress.it\\\/2020\\\/12\\\/24\\\/walter-de-cassan-federalberghi-il-turismo-vale-il-13-del-pil-ma-appena-l15-di-risorse-sul-recovery-fund\\\/#primaryimage\"},\"thumbnailUrl\":\"https:\\\/\\\/www.bellunopress.it\\\/wp-content\\\/uploads\\\/2019\\\/03\\\/Walter-De-Cassan.jpg\",\"datePublished\":\"2020-12-24T08:17:30+00:00\",\"breadcrumb\":{\"@id\":\"https:\\\/\\\/www.bellunopress.it\\\/2020\\\/12\\\/24\\\/walter-de-cassan-federalberghi-il-turismo-vale-il-13-del-pil-ma-appena-l15-di-risorse-sul-recovery-fund\\\/#breadcrumb\"},\"inLanguage\":\"fr-FR\",\"potentialAction\":[{\"@type\":\"ReadAction\",\"target\":[\"https:\\\/\\\/www.bellunopress.it\\\/2020\\\/12\\\/24\\\/walter-de-cassan-federalberghi-il-turismo-vale-il-13-del-pil-ma-appena-l15-di-risorse-sul-recovery-fund\\\/\"]}]},{\"@type\":\"ImageObject\",\"inLanguage\":\"fr-FR\",\"@id\":\"https:\\\/\\\/www.bellunopress.it\\\/2020\\\/12\\\/24\\\/walter-de-cassan-federalberghi-il-turismo-vale-il-13-del-pil-ma-appena-l15-di-risorse-sul-recovery-fund\\\/#primaryimage\",\"url\":\"https:\\\/\\\/www.bellunopress.it\\\/wp-content\\\/uploads\\\/2019\\\/03\\\/Walter-De-Cassan.jpg\",\"contentUrl\":\"https:\\\/\\\/www.bellunopress.it\\\/wp-content\\\/uploads\\\/2019\\\/03\\\/Walter-De-Cassan.jpg\",\"width\":180,\"height\":280,\"caption\":\"Walter De Cassan, presidente Federalberghi Belluno Dolomiti\"},{\"@type\":\"BreadcrumbList\",\"@id\":\"https:\\\/\\\/www.bellunopress.it\\\/2020\\\/12\\\/24\\\/walter-de-cassan-federalberghi-il-turismo-vale-il-13-del-pil-ma-appena-l15-di-risorse-sul-recovery-fund\\\/#breadcrumb\",\"itemListElement\":[{\"@type\":\"ListItem\",\"position\":1,\"name\":\"Home\",\"item\":\"https:\\\/\\\/www.bellunopress.it\\\/\"},{\"@type\":\"ListItem\",\"position\":2,\"name\":\"Walter De Cassan (Federalberghi): \u00abIl turismo vale il 13% del Pil ma appena l&#8217;1,5% di risorse sul Recovery Fund\u00bb\"}]},{\"@type\":\"WebSite\",\"@id\":\"https:\\\/\\\/www.bellunopress.it\\\/#website\",\"url\":\"https:\\\/\\\/www.bellunopress.it\\\/\",\"name\":\"Bellunopress - Dolomiti\",\"description\":\"e-mail: redazione@bellunopress.it\",\"publisher\":{\"@id\":\"https:\\\/\\\/www.bellunopress.it\\\/#organization\"},\"potentialAction\":[{\"@type\":\"SearchAction\",\"target\":{\"@type\":\"EntryPoint\",\"urlTemplate\":\"https:\\\/\\\/www.bellunopress.it\\\/?s={search_term_string}\"},\"query-input\":{\"@type\":\"PropertyValueSpecification\",\"valueRequired\":true,\"valueName\":\"search_term_string\"}}],\"inLanguage\":\"fr-FR\"},{\"@type\":\"Organization\",\"@id\":\"https:\\\/\\\/www.bellunopress.it\\\/#organization\",\"name\":\"Bellunopress\",\"url\":\"https:\\\/\\\/www.bellunopress.it\\\/\",\"logo\":{\"@type\":\"ImageObject\",\"inLanguage\":\"fr-FR\",\"@id\":\"https:\\\/\\\/www.bellunopress.it\\\/#\\\/schema\\\/logo\\\/image\\\/\",\"url\":\"https:\\\/\\\/www.bellunopress.it\\\/wp-content\\\/uploads\\\/2011\\\/05\\\/cropped-logo-bellunopress-.jpg\",\"contentUrl\":\"https:\\\/\\\/www.bellunopress.it\\\/wp-content\\\/uploads\\\/2011\\\/05\\\/cropped-logo-bellunopress-.jpg\",\"width\":512,\"height\":512,\"caption\":\"Bellunopress\"},\"image\":{\"@id\":\"https:\\\/\\\/www.bellunopress.it\\\/#\\\/schema\\\/logo\\\/image\\\/\"},\"sameAs\":[\"https:\\\/\\\/www.facebook.com\\\/profile.php?id=100008943462799\",\"https:\\\/\\\/x.com\\\/bellunopress\",\"https:\\\/\\\/www.linkedin.com\\\/hp\\\/?dnr=JBzUWaJfMUw8vbXJJ2tVW5-I3jZKvC4wsoxE&amp;amp;amp;amp;amp;amp;trk=nav_responsive_tab_home\",\"https:\\\/\\\/www.youtube.com\\\/channel\\\/UCxL0wu1uN0_3_7hGG0306cw\"]},{\"@type\":\"Person\",\"@id\":\"https:\\\/\\\/www.bellunopress.it\\\/#\\\/schema\\\/person\\\/79bb06722b37ece1c03d3e94beb30d73\",\"name\":\"redazione\",\"image\":{\"@type\":\"ImageObject\",\"inLanguage\":\"fr-FR\",\"@id\":\"https:\\\/\\\/secure.gravatar.com\\\/avatar\\\/37d968a2e67a6fd04c169c4bdef102d0bc5d31b2546345219e348575eb80e9a0?s=96&d=mm&r=g\",\"url\":\"https:\\\/\\\/secure.gravatar.com\\\/avatar\\\/37d968a2e67a6fd04c169c4bdef102d0bc5d31b2546345219e348575eb80e9a0?s=96&d=mm&r=g\",\"contentUrl\":\"https:\\\/\\\/secure.gravatar.com\\\/avatar\\\/37d968a2e67a6fd04c169c4bdef102d0bc5d31b2546345219e348575eb80e9a0?s=96&d=mm&r=g\",\"caption\":\"redazione\"},\"sameAs\":[\"http:\\\/\\\/www.bellunopress.it\",\"https:\\\/\\\/x.com\\\/bellunopress\"],\"url\":\"https:\\\/\\\/www.bellunopress.it\\\/fr\\\/author\\\/redazione\\\/\"}]}<\/script>\n<!-- \/ Yoast SEO plugin. -->","yoast_head_json":{"title":"Walter De Cassan (Federalberghi): \u00abIl turismo vale il 13% del Pil ma appena l'1,5% di risorse sul Recovery Fund\u00bb - Bellunopress - Dolomiti","robots":{"index":"index","follow":"follow","max-snippet":"max-snippet:-1","max-image-preview":"max-image-preview:large","max-video-preview":"max-video-preview:-1"},"canonical":"https:\/\/www.bellunopress.it\/fr\/2020\/12\/24\/walter-de-cassan-federalberghi-il-turismo-vale-il-13-del-pil-ma-appena-l15-di-risorse-sul-recovery-fund\/","og_locale":"fr_FR","og_type":"article","og_title":"Walter De Cassan (Federalberghi): \u00abIl turismo vale il 13% del Pil ma appena l'1,5% di risorse sul Recovery Fund\u00bb - Bellunopress - Dolomiti","og_description":"\u00abCon gli effetti dell&#8217;ultimo Decreto Legge sulle vacanze Natalizie\u00bb, afferma De Cassan per Federalberghi Belluno Dolomiti \u00abla filiera del turismo chiuder\u00e0 un anno con dati drammatici sul fronte delle presenze turistiche e dei fatturati. La ricettivit\u00e0 alberghiera ed extralberghiera professionale in tutto ci\u00f2 ne uscir\u00e0 con danni enormi le cui conseguenze si sentiranno per anni. [&hellip;]","og_url":"https:\/\/www.bellunopress.it\/fr\/2020\/12\/24\/walter-de-cassan-federalberghi-il-turismo-vale-il-13-del-pil-ma-appena-l15-di-risorse-sul-recovery-fund\/","og_site_name":"Bellunopress - Dolomiti","article_publisher":"https:\/\/www.facebook.com\/profile.php?id=100008943462799","article_published_time":"2020-12-24T08:17:30+00:00","og_image":[{"width":180,"height":280,"url":"https:\/\/www.bellunopress.it\/wp-content\/uploads\/2019\/03\/Walter-De-Cassan.jpg","type":"image\/jpeg"}],"author":"redazione","twitter_card":"summary_large_image","twitter_creator":"@bellunopress","twitter_site":"@bellunopress","twitter_misc":{"Written by":"redazione","Est. reading time":"2 minutes"},"schema":{"@context":"https:\/\/schema.org","@graph":[{"@type":"Article","@id":"https:\/\/www.bellunopress.it\/2020\/12\/24\/walter-de-cassan-federalberghi-il-turismo-vale-il-13-del-pil-ma-appena-l15-di-risorse-sul-recovery-fund\/#article","isPartOf":{"@id":"https:\/\/www.bellunopress.it\/2020\/12\/24\/walter-de-cassan-federalberghi-il-turismo-vale-il-13-del-pil-ma-appena-l15-di-risorse-sul-recovery-fund\/"},"author":{"name":"redazione","@id":"https:\/\/www.bellunopress.it\/#\/schema\/person\/79bb06722b37ece1c03d3e94beb30d73"},"headline":"Walter De Cassan (Federalberghi): \u00abIl turismo vale il 13% del Pil ma appena l&#8217;1,5% di risorse sul Recovery Fund\u00bb","datePublished":"2020-12-24T08:17:30+00:00","mainEntityOfPage":{"@id":"https:\/\/www.bellunopress.it\/2020\/12\/24\/walter-de-cassan-federalberghi-il-turismo-vale-il-13-del-pil-ma-appena-l15-di-risorse-sul-recovery-fund\/"},"wordCount":452,"publisher":{"@id":"https:\/\/www.bellunopress.it\/#organization"},"image":{"@id":"https:\/\/www.bellunopress.it\/2020\/12\/24\/walter-de-cassan-federalberghi-il-turismo-vale-il-13-del-pil-ma-appena-l15-di-risorse-sul-recovery-fund\/#primaryimage"},"thumbnailUrl":"https:\/\/www.bellunopress.it\/wp-content\/uploads\/2019\/03\/Walter-De-Cassan.jpg","articleSection":["Lavoro, Economia, Turismo","Prima Pagina"],"inLanguage":"fr-FR"},{"@type":"WebPage","@id":"https:\/\/www.bellunopress.it\/2020\/12\/24\/walter-de-cassan-federalberghi-il-turismo-vale-il-13-del-pil-ma-appena-l15-di-risorse-sul-recovery-fund\/","url":"https:\/\/www.bellunopress.it\/2020\/12\/24\/walter-de-cassan-federalberghi-il-turismo-vale-il-13-del-pil-ma-appena-l15-di-risorse-sul-recovery-fund\/","name":"Walter De Cassan (Federalberghi): \u00abIl turismo vale il 13% del Pil ma appena l'1,5% di risorse sul Recovery Fund\u00bb - Bellunopress - Dolomiti","isPartOf":{"@id":"https:\/\/www.bellunopress.it\/#website"},"primaryImageOfPage":{"@id":"https:\/\/www.bellunopress.it\/2020\/12\/24\/walter-de-cassan-federalberghi-il-turismo-vale-il-13-del-pil-ma-appena-l15-di-risorse-sul-recovery-fund\/#primaryimage"},"image":{"@id":"https:\/\/www.bellunopress.it\/2020\/12\/24\/walter-de-cassan-federalberghi-il-turismo-vale-il-13-del-pil-ma-appena-l15-di-risorse-sul-recovery-fund\/#primaryimage"},"thumbnailUrl":"https:\/\/www.bellunopress.it\/wp-content\/uploads\/2019\/03\/Walter-De-Cassan.jpg","datePublished":"2020-12-24T08:17:30+00:00","breadcrumb":{"@id":"https:\/\/www.bellunopress.it\/2020\/12\/24\/walter-de-cassan-federalberghi-il-turismo-vale-il-13-del-pil-ma-appena-l15-di-risorse-sul-recovery-fund\/#breadcrumb"},"inLanguage":"fr-FR","potentialAction":[{"@type":"ReadAction","target":["https:\/\/www.bellunopress.it\/2020\/12\/24\/walter-de-cassan-federalberghi-il-turismo-vale-il-13-del-pil-ma-appena-l15-di-risorse-sul-recovery-fund\/"]}]},{"@type":"ImageObject","inLanguage":"fr-FR","@id":"https:\/\/www.bellunopress.it\/2020\/12\/24\/walter-de-cassan-federalberghi-il-turismo-vale-il-13-del-pil-ma-appena-l15-di-risorse-sul-recovery-fund\/#primaryimage","url":"https:\/\/www.bellunopress.it\/wp-content\/uploads\/2019\/03\/Walter-De-Cassan.jpg","contentUrl":"https:\/\/www.bellunopress.it\/wp-content\/uploads\/2019\/03\/Walter-De-Cassan.jpg","width":180,"height":280,"caption":"Walter De Cassan, presidente Federalberghi Belluno Dolomiti"},{"@type":"BreadcrumbList","@id":"https:\/\/www.bellunopress.it\/2020\/12\/24\/walter-de-cassan-federalberghi-il-turismo-vale-il-13-del-pil-ma-appena-l15-di-risorse-sul-recovery-fund\/#breadcrumb","itemListElement":[{"@type":"ListItem","position":1,"name":"Home","item":"https:\/\/www.bellunopress.it\/"},{"@type":"ListItem","position":2,"name":"Walter De Cassan (Federalberghi): \u00abIl turismo vale il 13% del Pil ma appena l&#8217;1,5% di risorse sul Recovery Fund\u00bb"}]},{"@type":"WebSite","@id":"https:\/\/www.bellunopress.it\/#website","url":"https:\/\/www.bellunopress.it\/","name":"Bellunopress - Dolomiti","description":"e-mail: redazione@bellunopress.it","publisher":{"@id":"https:\/\/www.bellunopress.it\/#organization"},"potentialAction":[{"@type":"SearchAction","target":{"@type":"EntryPoint","urlTemplate":"https:\/\/www.bellunopress.it\/?s={search_term_string}"},"query-input":{"@type":"PropertyValueSpecification","valueRequired":true,"valueName":"search_term_string"}}],"inLanguage":"fr-FR"},{"@type":"Organization","@id":"https:\/\/www.bellunopress.it\/#organization","name":"Bellunopress","url":"https:\/\/www.bellunopress.it\/","logo":{"@type":"ImageObject","inLanguage":"fr-FR","@id":"https:\/\/www.bellunopress.it\/#\/schema\/logo\/image\/","url":"https:\/\/www.bellunopress.it\/wp-content\/uploads\/2011\/05\/cropped-logo-bellunopress-.jpg","contentUrl":"https:\/\/www.bellunopress.it\/wp-content\/uploads\/2011\/05\/cropped-logo-bellunopress-.jpg","width":512,"height":512,"caption":"Bellunopress"},"image":{"@id":"https:\/\/www.bellunopress.it\/#\/schema\/logo\/image\/"},"sameAs":["https:\/\/www.facebook.com\/profile.php?id=100008943462799","https:\/\/x.com\/bellunopress","https:\/\/www.linkedin.com\/hp\/?dnr=JBzUWaJfMUw8vbXJJ2tVW5-I3jZKvC4wsoxE&amp;amp;amp;amp;amp;amp;trk=nav_responsive_tab_home","https:\/\/www.youtube.com\/channel\/UCxL0wu1uN0_3_7hGG0306cw"]},{"@type":"Person","@id":"https:\/\/www.bellunopress.it\/#\/schema\/person\/79bb06722b37ece1c03d3e94beb30d73","name":"r\u00e9daction","image":{"@type":"ImageObject","inLanguage":"fr-FR","@id":"https:\/\/secure.gravatar.com\/avatar\/37d968a2e67a6fd04c169c4bdef102d0bc5d31b2546345219e348575eb80e9a0?s=96&d=mm&r=g","url":"https:\/\/secure.gravatar.com\/avatar\/37d968a2e67a6fd04c169c4bdef102d0bc5d31b2546345219e348575eb80e9a0?s=96&d=mm&r=g","contentUrl":"https:\/\/secure.gravatar.com\/avatar\/37d968a2e67a6fd04c169c4bdef102d0bc5d31b2546345219e348575eb80e9a0?s=96&d=mm&r=g","caption":"redazione"},"sameAs":["http:\/\/www.bellunopress.it","https:\/\/x.com\/bellunopress"],"url":"https:\/\/www.bellunopress.it\/fr\/author\/redazione\/"}]}},"_links":{"self":[{"href":"https:\/\/www.bellunopress.it\/fr\/wp-json\/wp\/v2\/posts\/120369","targetHints":{"allow":["GET"]}}],"collection":[{"href":"https:\/\/www.bellunopress.it\/fr\/wp-json\/wp\/v2\/posts"}],"about":[{"href":"https:\/\/www.bellunopress.it\/fr\/wp-json\/wp\/v2\/types\/post"}],"author":[{"embeddable":true,"href":"https:\/\/www.bellunopress.it\/fr\/wp-json\/wp\/v2\/users\/2"}],"replies":[{"embeddable":true,"href":"https:\/\/www.bellunopress.it\/fr\/wp-json\/wp\/v2\/comments?post=120369"}],"version-history":[{"count":1,"href":"https:\/\/www.bellunopress.it\/fr\/wp-json\/wp\/v2\/posts\/120369\/revisions"}],"predecessor-version":[{"id":120370,"href":"https:\/\/www.bellunopress.it\/fr\/wp-json\/wp\/v2\/posts\/120369\/revisions\/120370"}],"wp:featuredmedia":[{"embeddable":true,"href":"https:\/\/www.bellunopress.it\/fr\/wp-json\/wp\/v2\/media\/103029"}],"wp:attachment":[{"href":"https:\/\/www.bellunopress.it\/fr\/wp-json\/wp\/v2\/media?parent=120369"}],"wp:term":[{"taxonomy":"category","embeddable":true,"href":"https:\/\/www.bellunopress.it\/fr\/wp-json\/wp\/v2\/categories?post=120369"},{"taxonomy":"post_tag","embeddable":true,"href":"https:\/\/www.bellunopress.it\/fr\/wp-json\/wp\/v2\/tags?post=120369"}],"curies":[{"name":"wp","href":"https:\/\/api.w.org\/{rel}","templated":true}]}}