{"id":120361,"date":"2020-12-23T21:11:16","date_gmt":"2020-12-23T20:11:16","guid":{"rendered":"http:\/\/www.bellunopress.it\/?p=120361"},"modified":"2020-12-23T21:11:17","modified_gmt":"2020-12-23T20:11:17","slug":"il-questore-di-milano-sergio-bracco-sara-il-nuovo-prefetto-di-belluno-subentra-ad-adriana-cogode-che-sara-prefetto-a-prato","status":"publish","type":"post","link":"https:\/\/www.bellunopress.it\/fr\/2020\/12\/23\/il-questore-di-milano-sergio-bracco-sara-il-nuovo-prefetto-di-belluno-subentra-ad-adriana-cogode-che-sara-prefetto-a-prato\/","title":{"rendered":"Il questore di Milano Sergio Bracco sar\u00e0 il nuovo prefetto di Belluno. Subentra ad Adriana Cogode che sar\u00e0 prefetto a Prato"},"content":{"rendered":"<p><a href=\"http:\/\/www.bellunopress.it\/fr\/2020\/12\/23\/il-questore-di-milano-sergio-bracco-sara-il-nuovo-prefetto-di-belluno-subentra-ad-adriana-cogode-che-sara-prefetto-a-prato\/sergio-bracco_edited\/\" rel=\"attachment wp-att-120362\"><img loading=\"lazy\" decoding=\"async\" class=\"alignleft size-full wp-image-120362\" src=\"http:\/\/www.bellunopress.it\/wp-content\/uploads\/2020\/12\/Sergio-Bracco_edited.jpg\" alt=\"\" width=\"426\" height=\"409\" \/><\/a>Sergio Bracco 60 anni, originario di Napoli, sar\u00e0 il nuovo prefetto di Belluno. Subentra alla dottoressa Adriana Cogode che ricoprir\u00e0 l&#8217;incarico a Prato. Il dottor Bracco, attualmente questore a Milano e prima questore a Genova, ha passato buona parte della sua carriera a Bologna. E&#8217; entrato in polizia nel 1983 ed ha ricoperto vari incarichi di prestigio tra cui quello di capo della Squadra mobile di Rovigo, vice comandante del Reparto mobile di Bologna e questore di Avellino. Dal 2015 \u00e8 dirigente generale di Pubblica Sicurezza.<\/p>","protected":false},"excerpt":{"rendered":"<p>Sergio Bracco 60 anni, originario di Napoli, sar\u00e0 il nuovo prefetto di Belluno. Subentra alla dottoressa Adriana Cogode che ricoprir\u00e0 l&#8217;incarico a Prato. Il dottor Bracco, attualmente questore a Milano e prima questore a Genova, ha passato buona parte della sua carriera a Bologna. E&#8217; entrato in polizia nel 1983 ed ha ricoperto vari incarichi [&hellip;]<\/p>\n","protected":false},"author":2,"featured_media":120362,"comment_status":"closed","ping_status":"open","sticky":false,"template":"","format":"standard","meta":{"footnotes":""},"categories":[49,26,8],"tags":[],"class_list":["post-120361","post","type-post","status-publish","format-standard","has-post-thumbnail","category-speciali","category-prima-pagina","category-societa-istituzioni"],"yoast_head":"<!-- This site is optimized with the Yoast SEO plugin v28.4 - https:\/\/yoast.com\/product\/yoast-seo-wordpress\/ -->\n<title>Il questore di Milano Sergio Bracco sar\u00e0 il nuovo prefetto di Belluno. Subentra ad Adriana Cogode che sar\u00e0 prefetto a Prato - Bellunopress - Dolomiti<\/title>\n<meta name=\"robots\" content=\"index, follow, max-snippet:-1, max-image-preview:large, max-video-preview:-1\" \/>\n<link rel=\"canonical\" href=\"https:\/\/www.bellunopress.it\/fr\/2020\/12\/23\/il-questore-di-milano-sergio-bracco-sara-il-nuovo-prefetto-di-belluno-subentra-ad-adriana-cogode-che-sara-prefetto-a-prato\/\" \/>\n<meta property=\"og:locale\" content=\"fr_FR\" \/>\n<meta property=\"og:type\" content=\"article\" \/>\n<meta property=\"og:title\" content=\"Il questore di Milano Sergio Bracco sar\u00e0 il nuovo prefetto di Belluno. Subentra ad Adriana Cogode che sar\u00e0 prefetto a Prato - Bellunopress - Dolomiti\" \/>\n<meta property=\"og:description\" content=\"Sergio Bracco 60 anni, originario di Napoli, sar\u00e0 il nuovo prefetto di Belluno. Subentra alla dottoressa Adriana Cogode che ricoprir\u00e0 l&#8217;incarico a Prato. Il dottor Bracco, attualmente questore a Milano e prima questore a Genova, ha passato buona parte della sua carriera a Bologna. E&#8217; entrato in polizia nel 1983 ed ha ricoperto vari incarichi [&hellip;]\" \/>\n<meta property=\"og:url\" content=\"https:\/\/www.bellunopress.it\/fr\/2020\/12\/23\/il-questore-di-milano-sergio-bracco-sara-il-nuovo-prefetto-di-belluno-subentra-ad-adriana-cogode-che-sara-prefetto-a-prato\/\" \/>\n<meta property=\"og:site_name\" content=\"Bellunopress - Dolomiti\" \/>\n<meta property=\"article:publisher\" content=\"https:\/\/www.facebook.com\/profile.php?id=100008943462799\" \/>\n<meta property=\"article:published_time\" content=\"2020-12-23T20:11:16+00:00\" \/>\n<meta property=\"article:modified_time\" content=\"2020-12-23T20:11:17+00:00\" \/>\n<meta property=\"og:image\" content=\"https:\/\/www.bellunopress.it\/wp-content\/uploads\/2020\/12\/Sergio-Bracco_edited.jpg\" \/>\n\t<meta property=\"og:image:width\" content=\"426\" \/>\n\t<meta property=\"og:image:height\" content=\"409\" \/>\n\t<meta property=\"og:image:type\" content=\"image\/jpeg\" \/>\n<meta name=\"author\" content=\"redazione\" \/>\n<meta name=\"twitter:card\" content=\"summary_large_image\" \/>\n<meta name=\"twitter:creator\" content=\"@bellunopress\" \/>\n<meta name=\"twitter:site\" content=\"@bellunopress\" \/>\n<meta name=\"twitter:label1\" content=\"Written by\" \/>\n\t<meta name=\"twitter:data1\" content=\"redazione\" \/>\n<script type=\"application\/ld+json\" class=\"yoast-schema-graph\">{\"@context\":\"https:\\\/\\\/schema.org\",\"@graph\":[{\"@type\":\"Article\",\"@id\":\"https:\\\/\\\/www.bellunopress.it\\\/2020\\\/12\\\/23\\\/il-questore-di-milano-sergio-bracco-sara-il-nuovo-prefetto-di-belluno-subentra-ad-adriana-cogode-che-sara-prefetto-a-prato\\\/#article\",\"isPartOf\":{\"@id\":\"https:\\\/\\\/www.bellunopress.it\\\/2020\\\/12\\\/23\\\/il-questore-di-milano-sergio-bracco-sara-il-nuovo-prefetto-di-belluno-subentra-ad-adriana-cogode-che-sara-prefetto-a-prato\\\/\"},\"author\":{\"name\":\"redazione\",\"@id\":\"https:\\\/\\\/www.bellunopress.it\\\/#\\\/schema\\\/person\\\/79bb06722b37ece1c03d3e94beb30d73\"},\"headline\":\"Il questore di Milano Sergio Bracco sar\u00e0 il nuovo prefetto di Belluno. Subentra ad Adriana Cogode che sar\u00e0 prefetto a Prato\",\"datePublished\":\"2020-12-23T20:11:16+00:00\",\"dateModified\":\"2020-12-23T20:11:17+00:00\",\"mainEntityOfPage\":{\"@id\":\"https:\\\/\\\/www.bellunopress.it\\\/2020\\\/12\\\/23\\\/il-questore-di-milano-sergio-bracco-sara-il-nuovo-prefetto-di-belluno-subentra-ad-adriana-cogode-che-sara-prefetto-a-prato\\\/\"},\"wordCount\":104,\"publisher\":{\"@id\":\"https:\\\/\\\/www.bellunopress.it\\\/#organization\"},\"image\":{\"@id\":\"https:\\\/\\\/www.bellunopress.it\\\/2020\\\/12\\\/23\\\/il-questore-di-milano-sergio-bracco-sara-il-nuovo-prefetto-di-belluno-subentra-ad-adriana-cogode-che-sara-prefetto-a-prato\\\/#primaryimage\"},\"thumbnailUrl\":\"https:\\\/\\\/www.bellunopress.it\\\/wp-content\\\/uploads\\\/2020\\\/12\\\/Sergio-Bracco_edited.jpg\",\"articleSection\":[\"Gli speciali di Bellunopress\",\"Prima Pagina\",\"Societ\u00e0, Associazioni, Istituzioni\"],\"inLanguage\":\"fr-FR\"},{\"@type\":\"WebPage\",\"@id\":\"https:\\\/\\\/www.bellunopress.it\\\/2020\\\/12\\\/23\\\/il-questore-di-milano-sergio-bracco-sara-il-nuovo-prefetto-di-belluno-subentra-ad-adriana-cogode-che-sara-prefetto-a-prato\\\/\",\"url\":\"https:\\\/\\\/www.bellunopress.it\\\/2020\\\/12\\\/23\\\/il-questore-di-milano-sergio-bracco-sara-il-nuovo-prefetto-di-belluno-subentra-ad-adriana-cogode-che-sara-prefetto-a-prato\\\/\",\"name\":\"Il questore di Milano Sergio Bracco sar\u00e0 il nuovo prefetto di Belluno. Subentra ad Adriana Cogode che sar\u00e0 prefetto a Prato - Bellunopress - Dolomiti\",\"isPartOf\":{\"@id\":\"https:\\\/\\\/www.bellunopress.it\\\/#website\"},\"primaryImageOfPage\":{\"@id\":\"https:\\\/\\\/www.bellunopress.it\\\/2020\\\/12\\\/23\\\/il-questore-di-milano-sergio-bracco-sara-il-nuovo-prefetto-di-belluno-subentra-ad-adriana-cogode-che-sara-prefetto-a-prato\\\/#primaryimage\"},\"image\":{\"@id\":\"https:\\\/\\\/www.bellunopress.it\\\/2020\\\/12\\\/23\\\/il-questore-di-milano-sergio-bracco-sara-il-nuovo-prefetto-di-belluno-subentra-ad-adriana-cogode-che-sara-prefetto-a-prato\\\/#primaryimage\"},\"thumbnailUrl\":\"https:\\\/\\\/www.bellunopress.it\\\/wp-content\\\/uploads\\\/2020\\\/12\\\/Sergio-Bracco_edited.jpg\",\"datePublished\":\"2020-12-23T20:11:16+00:00\",\"dateModified\":\"2020-12-23T20:11:17+00:00\",\"breadcrumb\":{\"@id\":\"https:\\\/\\\/www.bellunopress.it\\\/2020\\\/12\\\/23\\\/il-questore-di-milano-sergio-bracco-sara-il-nuovo-prefetto-di-belluno-subentra-ad-adriana-cogode-che-sara-prefetto-a-prato\\\/#breadcrumb\"},\"inLanguage\":\"fr-FR\",\"potentialAction\":[{\"@type\":\"ReadAction\",\"target\":[\"https:\\\/\\\/www.bellunopress.it\\\/2020\\\/12\\\/23\\\/il-questore-di-milano-sergio-bracco-sara-il-nuovo-prefetto-di-belluno-subentra-ad-adriana-cogode-che-sara-prefetto-a-prato\\\/\"]}]},{\"@type\":\"ImageObject\",\"inLanguage\":\"fr-FR\",\"@id\":\"https:\\\/\\\/www.bellunopress.it\\\/2020\\\/12\\\/23\\\/il-questore-di-milano-sergio-bracco-sara-il-nuovo-prefetto-di-belluno-subentra-ad-adriana-cogode-che-sara-prefetto-a-prato\\\/#primaryimage\",\"url\":\"https:\\\/\\\/www.bellunopress.it\\\/wp-content\\\/uploads\\\/2020\\\/12\\\/Sergio-Bracco_edited.jpg\",\"contentUrl\":\"https:\\\/\\\/www.bellunopress.it\\\/wp-content\\\/uploads\\\/2020\\\/12\\\/Sergio-Bracco_edited.jpg\",\"width\":426,\"height\":409,\"caption\":\"Sergio Bracco - Prefetto\"},{\"@type\":\"BreadcrumbList\",\"@id\":\"https:\\\/\\\/www.bellunopress.it\\\/2020\\\/12\\\/23\\\/il-questore-di-milano-sergio-bracco-sara-il-nuovo-prefetto-di-belluno-subentra-ad-adriana-cogode-che-sara-prefetto-a-prato\\\/#breadcrumb\",\"itemListElement\":[{\"@type\":\"ListItem\",\"position\":1,\"name\":\"Home\",\"item\":\"https:\\\/\\\/www.bellunopress.it\\\/\"},{\"@type\":\"ListItem\",\"position\":2,\"name\":\"Il questore di Milano Sergio Bracco sar\u00e0 il nuovo prefetto di Belluno. Subentra ad Adriana Cogode che sar\u00e0 prefetto a Prato\"}]},{\"@type\":\"WebSite\",\"@id\":\"https:\\\/\\\/www.bellunopress.it\\\/#website\",\"url\":\"https:\\\/\\\/www.bellunopress.it\\\/\",\"name\":\"Bellunopress - Dolomiti\",\"description\":\"e-mail: redazione@bellunopress.it\",\"publisher\":{\"@id\":\"https:\\\/\\\/www.bellunopress.it\\\/#organization\"},\"potentialAction\":[{\"@type\":\"SearchAction\",\"target\":{\"@type\":\"EntryPoint\",\"urlTemplate\":\"https:\\\/\\\/www.bellunopress.it\\\/?s={search_term_string}\"},\"query-input\":{\"@type\":\"PropertyValueSpecification\",\"valueRequired\":true,\"valueName\":\"search_term_string\"}}],\"inLanguage\":\"fr-FR\"},{\"@type\":\"Organization\",\"@id\":\"https:\\\/\\\/www.bellunopress.it\\\/#organization\",\"name\":\"Bellunopress\",\"url\":\"https:\\\/\\\/www.bellunopress.it\\\/\",\"logo\":{\"@type\":\"ImageObject\",\"inLanguage\":\"fr-FR\",\"@id\":\"https:\\\/\\\/www.bellunopress.it\\\/#\\\/schema\\\/logo\\\/image\\\/\",\"url\":\"https:\\\/\\\/www.bellunopress.it\\\/wp-content\\\/uploads\\\/2011\\\/05\\\/cropped-logo-bellunopress-.jpg\",\"contentUrl\":\"https:\\\/\\\/www.bellunopress.it\\\/wp-content\\\/uploads\\\/2011\\\/05\\\/cropped-logo-bellunopress-.jpg\",\"width\":512,\"height\":512,\"caption\":\"Bellunopress\"},\"image\":{\"@id\":\"https:\\\/\\\/www.bellunopress.it\\\/#\\\/schema\\\/logo\\\/image\\\/\"},\"sameAs\":[\"https:\\\/\\\/www.facebook.com\\\/profile.php?id=100008943462799\",\"https:\\\/\\\/x.com\\\/bellunopress\",\"https:\\\/\\\/www.linkedin.com\\\/hp\\\/?dnr=JBzUWaJfMUw8vbXJJ2tVW5-I3jZKvC4wsoxE&amp;amp;amp;amp;amp;amp;trk=nav_responsive_tab_home\",\"https:\\\/\\\/www.youtube.com\\\/channel\\\/UCxL0wu1uN0_3_7hGG0306cw\"]},{\"@type\":\"Person\",\"@id\":\"https:\\\/\\\/www.bellunopress.it\\\/#\\\/schema\\\/person\\\/79bb06722b37ece1c03d3e94beb30d73\",\"name\":\"redazione\",\"image\":{\"@type\":\"ImageObject\",\"inLanguage\":\"fr-FR\",\"@id\":\"https:\\\/\\\/secure.gravatar.com\\\/avatar\\\/37d968a2e67a6fd04c169c4bdef102d0bc5d31b2546345219e348575eb80e9a0?s=96&d=mm&r=g\",\"url\":\"https:\\\/\\\/secure.gravatar.com\\\/avatar\\\/37d968a2e67a6fd04c169c4bdef102d0bc5d31b2546345219e348575eb80e9a0?s=96&d=mm&r=g\",\"contentUrl\":\"https:\\\/\\\/secure.gravatar.com\\\/avatar\\\/37d968a2e67a6fd04c169c4bdef102d0bc5d31b2546345219e348575eb80e9a0?s=96&d=mm&r=g\",\"caption\":\"redazione\"},\"sameAs\":[\"http:\\\/\\\/www.bellunopress.it\",\"https:\\\/\\\/x.com\\\/bellunopress\"],\"url\":\"https:\\\/\\\/www.bellunopress.it\\\/fr\\\/author\\\/redazione\\\/\"}]}<\/script>\n<!-- \/ Yoast SEO plugin. -->","yoast_head_json":{"title":"Il questore di Milano Sergio Bracco sar\u00e0 il nuovo prefetto di Belluno. Subentra ad Adriana Cogode che sar\u00e0 prefetto a Prato - Bellunopress - Dolomiti","robots":{"index":"index","follow":"follow","max-snippet":"max-snippet:-1","max-image-preview":"max-image-preview:large","max-video-preview":"max-video-preview:-1"},"canonical":"https:\/\/www.bellunopress.it\/fr\/2020\/12\/23\/il-questore-di-milano-sergio-bracco-sara-il-nuovo-prefetto-di-belluno-subentra-ad-adriana-cogode-che-sara-prefetto-a-prato\/","og_locale":"fr_FR","og_type":"article","og_title":"Il questore di Milano Sergio Bracco sar\u00e0 il nuovo prefetto di Belluno. Subentra ad Adriana Cogode che sar\u00e0 prefetto a Prato - Bellunopress - Dolomiti","og_description":"Sergio Bracco 60 anni, originario di Napoli, sar\u00e0 il nuovo prefetto di Belluno. Subentra alla dottoressa Adriana Cogode che ricoprir\u00e0 l&#8217;incarico a Prato. Il dottor Bracco, attualmente questore a Milano e prima questore a Genova, ha passato buona parte della sua carriera a Bologna. E&#8217; entrato in polizia nel 1983 ed ha ricoperto vari incarichi [&hellip;]","og_url":"https:\/\/www.bellunopress.it\/fr\/2020\/12\/23\/il-questore-di-milano-sergio-bracco-sara-il-nuovo-prefetto-di-belluno-subentra-ad-adriana-cogode-che-sara-prefetto-a-prato\/","og_site_name":"Bellunopress - Dolomiti","article_publisher":"https:\/\/www.facebook.com\/profile.php?id=100008943462799","article_published_time":"2020-12-23T20:11:16+00:00","article_modified_time":"2020-12-23T20:11:17+00:00","og_image":[{"width":426,"height":409,"url":"https:\/\/www.bellunopress.it\/wp-content\/uploads\/2020\/12\/Sergio-Bracco_edited.jpg","type":"image\/jpeg"}],"author":"redazione","twitter_card":"summary_large_image","twitter_creator":"@bellunopress","twitter_site":"@bellunopress","twitter_misc":{"Written by":"redazione"},"schema":{"@context":"https:\/\/schema.org","@graph":[{"@type":"Article","@id":"https:\/\/www.bellunopress.it\/2020\/12\/23\/il-questore-di-milano-sergio-bracco-sara-il-nuovo-prefetto-di-belluno-subentra-ad-adriana-cogode-che-sara-prefetto-a-prato\/#article","isPartOf":{"@id":"https:\/\/www.bellunopress.it\/2020\/12\/23\/il-questore-di-milano-sergio-bracco-sara-il-nuovo-prefetto-di-belluno-subentra-ad-adriana-cogode-che-sara-prefetto-a-prato\/"},"author":{"name":"redazione","@id":"https:\/\/www.bellunopress.it\/#\/schema\/person\/79bb06722b37ece1c03d3e94beb30d73"},"headline":"Il questore di Milano Sergio Bracco sar\u00e0 il nuovo prefetto di Belluno. Subentra ad Adriana Cogode che sar\u00e0 prefetto a Prato","datePublished":"2020-12-23T20:11:16+00:00","dateModified":"2020-12-23T20:11:17+00:00","mainEntityOfPage":{"@id":"https:\/\/www.bellunopress.it\/2020\/12\/23\/il-questore-di-milano-sergio-bracco-sara-il-nuovo-prefetto-di-belluno-subentra-ad-adriana-cogode-che-sara-prefetto-a-prato\/"},"wordCount":104,"publisher":{"@id":"https:\/\/www.bellunopress.it\/#organization"},"image":{"@id":"https:\/\/www.bellunopress.it\/2020\/12\/23\/il-questore-di-milano-sergio-bracco-sara-il-nuovo-prefetto-di-belluno-subentra-ad-adriana-cogode-che-sara-prefetto-a-prato\/#primaryimage"},"thumbnailUrl":"https:\/\/www.bellunopress.it\/wp-content\/uploads\/2020\/12\/Sergio-Bracco_edited.jpg","articleSection":["Gli speciali di Bellunopress","Prima Pagina","Societ\u00e0, Associazioni, Istituzioni"],"inLanguage":"fr-FR"},{"@type":"WebPage","@id":"https:\/\/www.bellunopress.it\/2020\/12\/23\/il-questore-di-milano-sergio-bracco-sara-il-nuovo-prefetto-di-belluno-subentra-ad-adriana-cogode-che-sara-prefetto-a-prato\/","url":"https:\/\/www.bellunopress.it\/2020\/12\/23\/il-questore-di-milano-sergio-bracco-sara-il-nuovo-prefetto-di-belluno-subentra-ad-adriana-cogode-che-sara-prefetto-a-prato\/","name":"Il questore di Milano Sergio Bracco sar\u00e0 il nuovo prefetto di Belluno. Subentra ad Adriana Cogode che sar\u00e0 prefetto a Prato - Bellunopress - Dolomiti","isPartOf":{"@id":"https:\/\/www.bellunopress.it\/#website"},"primaryImageOfPage":{"@id":"https:\/\/www.bellunopress.it\/2020\/12\/23\/il-questore-di-milano-sergio-bracco-sara-il-nuovo-prefetto-di-belluno-subentra-ad-adriana-cogode-che-sara-prefetto-a-prato\/#primaryimage"},"image":{"@id":"https:\/\/www.bellunopress.it\/2020\/12\/23\/il-questore-di-milano-sergio-bracco-sara-il-nuovo-prefetto-di-belluno-subentra-ad-adriana-cogode-che-sara-prefetto-a-prato\/#primaryimage"},"thumbnailUrl":"https:\/\/www.bellunopress.it\/wp-content\/uploads\/2020\/12\/Sergio-Bracco_edited.jpg","datePublished":"2020-12-23T20:11:16+00:00","dateModified":"2020-12-23T20:11:17+00:00","breadcrumb":{"@id":"https:\/\/www.bellunopress.it\/2020\/12\/23\/il-questore-di-milano-sergio-bracco-sara-il-nuovo-prefetto-di-belluno-subentra-ad-adriana-cogode-che-sara-prefetto-a-prato\/#breadcrumb"},"inLanguage":"fr-FR","potentialAction":[{"@type":"ReadAction","target":["https:\/\/www.bellunopress.it\/2020\/12\/23\/il-questore-di-milano-sergio-bracco-sara-il-nuovo-prefetto-di-belluno-subentra-ad-adriana-cogode-che-sara-prefetto-a-prato\/"]}]},{"@type":"ImageObject","inLanguage":"fr-FR","@id":"https:\/\/www.bellunopress.it\/2020\/12\/23\/il-questore-di-milano-sergio-bracco-sara-il-nuovo-prefetto-di-belluno-subentra-ad-adriana-cogode-che-sara-prefetto-a-prato\/#primaryimage","url":"https:\/\/www.bellunopress.it\/wp-content\/uploads\/2020\/12\/Sergio-Bracco_edited.jpg","contentUrl":"https:\/\/www.bellunopress.it\/wp-content\/uploads\/2020\/12\/Sergio-Bracco_edited.jpg","width":426,"height":409,"caption":"Sergio Bracco - Prefetto"},{"@type":"BreadcrumbList","@id":"https:\/\/www.bellunopress.it\/2020\/12\/23\/il-questore-di-milano-sergio-bracco-sara-il-nuovo-prefetto-di-belluno-subentra-ad-adriana-cogode-che-sara-prefetto-a-prato\/#breadcrumb","itemListElement":[{"@type":"ListItem","position":1,"name":"Home","item":"https:\/\/www.bellunopress.it\/"},{"@type":"ListItem","position":2,"name":"Il questore di Milano Sergio Bracco sar\u00e0 il nuovo prefetto di Belluno. Subentra ad Adriana Cogode che sar\u00e0 prefetto a Prato"}]},{"@type":"WebSite","@id":"https:\/\/www.bellunopress.it\/#website","url":"https:\/\/www.bellunopress.it\/","name":"Bellunopress - Dolomiti","description":"e-mail: redazione@bellunopress.it","publisher":{"@id":"https:\/\/www.bellunopress.it\/#organization"},"potentialAction":[{"@type":"SearchAction","target":{"@type":"EntryPoint","urlTemplate":"https:\/\/www.bellunopress.it\/?s={search_term_string}"},"query-input":{"@type":"PropertyValueSpecification","valueRequired":true,"valueName":"search_term_string"}}],"inLanguage":"fr-FR"},{"@type":"Organization","@id":"https:\/\/www.bellunopress.it\/#organization","name":"Bellunopress","url":"https:\/\/www.bellunopress.it\/","logo":{"@type":"ImageObject","inLanguage":"fr-FR","@id":"https:\/\/www.bellunopress.it\/#\/schema\/logo\/image\/","url":"https:\/\/www.bellunopress.it\/wp-content\/uploads\/2011\/05\/cropped-logo-bellunopress-.jpg","contentUrl":"https:\/\/www.bellunopress.it\/wp-content\/uploads\/2011\/05\/cropped-logo-bellunopress-.jpg","width":512,"height":512,"caption":"Bellunopress"},"image":{"@id":"https:\/\/www.bellunopress.it\/#\/schema\/logo\/image\/"},"sameAs":["https:\/\/www.facebook.com\/profile.php?id=100008943462799","https:\/\/x.com\/bellunopress","https:\/\/www.linkedin.com\/hp\/?dnr=JBzUWaJfMUw8vbXJJ2tVW5-I3jZKvC4wsoxE&amp;amp;amp;amp;amp;amp;trk=nav_responsive_tab_home","https:\/\/www.youtube.com\/channel\/UCxL0wu1uN0_3_7hGG0306cw"]},{"@type":"Person","@id":"https:\/\/www.bellunopress.it\/#\/schema\/person\/79bb06722b37ece1c03d3e94beb30d73","name":"r\u00e9daction","image":{"@type":"ImageObject","inLanguage":"fr-FR","@id":"https:\/\/secure.gravatar.com\/avatar\/37d968a2e67a6fd04c169c4bdef102d0bc5d31b2546345219e348575eb80e9a0?s=96&d=mm&r=g","url":"https:\/\/secure.gravatar.com\/avatar\/37d968a2e67a6fd04c169c4bdef102d0bc5d31b2546345219e348575eb80e9a0?s=96&d=mm&r=g","contentUrl":"https:\/\/secure.gravatar.com\/avatar\/37d968a2e67a6fd04c169c4bdef102d0bc5d31b2546345219e348575eb80e9a0?s=96&d=mm&r=g","caption":"redazione"},"sameAs":["http:\/\/www.bellunopress.it","https:\/\/x.com\/bellunopress"],"url":"https:\/\/www.bellunopress.it\/fr\/author\/redazione\/"}]}},"_links":{"self":[{"href":"https:\/\/www.bellunopress.it\/fr\/wp-json\/wp\/v2\/posts\/120361","targetHints":{"allow":["GET"]}}],"collection":[{"href":"https:\/\/www.bellunopress.it\/fr\/wp-json\/wp\/v2\/posts"}],"about":[{"href":"https:\/\/www.bellunopress.it\/fr\/wp-json\/wp\/v2\/types\/post"}],"author":[{"embeddable":true,"href":"https:\/\/www.bellunopress.it\/fr\/wp-json\/wp\/v2\/users\/2"}],"replies":[{"embeddable":true,"href":"https:\/\/www.bellunopress.it\/fr\/wp-json\/wp\/v2\/comments?post=120361"}],"version-history":[{"count":2,"href":"https:\/\/www.bellunopress.it\/fr\/wp-json\/wp\/v2\/posts\/120361\/revisions"}],"predecessor-version":[{"id":120364,"href":"https:\/\/www.bellunopress.it\/fr\/wp-json\/wp\/v2\/posts\/120361\/revisions\/120364"}],"wp:featuredmedia":[{"embeddable":true,"href":"https:\/\/www.bellunopress.it\/fr\/wp-json\/wp\/v2\/media\/120362"}],"wp:attachment":[{"href":"https:\/\/www.bellunopress.it\/fr\/wp-json\/wp\/v2\/media?parent=120361"}],"wp:term":[{"taxonomy":"category","embeddable":true,"href":"https:\/\/www.bellunopress.it\/fr\/wp-json\/wp\/v2\/categories?post=120361"},{"taxonomy":"post_tag","embeddable":true,"href":"https:\/\/www.bellunopress.it\/fr\/wp-json\/wp\/v2\/tags?post=120361"}],"curies":[{"name":"wp","href":"https:\/\/api.w.org\/{rel}","templated":true}]}}