{"id":120356,"date":"2020-12-23T19:26:01","date_gmt":"2020-12-23T18:26:01","guid":{"rendered":"http:\/\/www.bellunopress.it\/?p=120356"},"modified":"2020-12-23T19:26:01","modified_gmt":"2020-12-23T18:26:01","slug":"gli-auguri-dal-presidente-della-provincia-roberto-padrin-dobbiamo-stare-distanziati-ma-non-per-questo-sara-meno-natale","status":"publish","type":"post","link":"https:\/\/www.bellunopress.it\/fr\/2020\/12\/23\/gli-auguri-dal-presidente-della-provincia-roberto-padrin-dobbiamo-stare-distanziati-ma-non-per-questo-sara-meno-natale\/","title":{"rendered":"Gli auguri dal presidente della Provincia Roberto Padrin: &#8220;Dobbiamo stare distanziati. Ma non per questo sar\u00e0 meno Natale&#8221;"},"content":{"rendered":"<figure id=\"attachment_114481\" aria-describedby=\"caption-attachment-114481\" style=\"width: 800px\" class=\"wp-caption alignleft\"><a href=\"http:\/\/www.bellunopress.it\/fr\/2020\/05\/17\/fase-2-bis-padrin-la-provincia-puo-fare-da-collettore-di-tutte-le-esigenze-e-le-idee-che-emergono-dal-nostro-territorio\/roberto-padrin_edited-2\/\" rel=\"attachment wp-att-114481\"><img loading=\"lazy\" decoding=\"async\" class=\"size-full wp-image-114481\" src=\"http:\/\/www.bellunopress.it\/wp-content\/uploads\/2020\/05\/roberto-padrin_edited-1.jpg\" alt=\"\" width=\"800\" height=\"595\" srcset=\"https:\/\/www.bellunopress.it\/wp-content\/uploads\/2020\/05\/roberto-padrin_edited-1.jpg 800w, https:\/\/www.bellunopress.it\/wp-content\/uploads\/2020\/05\/roberto-padrin_edited-1-500x372.jpg 500w, https:\/\/www.bellunopress.it\/wp-content\/uploads\/2020\/05\/roberto-padrin_edited-1-485x360.jpg 485w, https:\/\/www.bellunopress.it\/wp-content\/uploads\/2020\/05\/roberto-padrin_edited-1-696x518.jpg 696w, https:\/\/www.bellunopress.it\/wp-content\/uploads\/2020\/05\/roberto-padrin_edited-1-565x420.jpg 565w, https:\/\/www.bellunopress.it\/wp-content\/uploads\/2020\/05\/roberto-padrin_edited-1-80x60.jpg 80w, https:\/\/www.bellunopress.it\/wp-content\/uploads\/2020\/05\/roberto-padrin_edited-1-265x198.jpg 265w\" sizes=\"auto, (max-width: 800px) 100vw, 800px\" \/><\/a><figcaption id=\"caption-attachment-114481\" class=\"wp-caption-text\">Roberto Padrin &#8211; Presidente della Provincia<\/figcaption><\/figure>\n<p>Non ci saremmo aspettati un Natale in &#8220;zona rossa&#8221;. Ci saremmo augurati di poter celebrare le festivit\u00e0 senza troppe restrizioni, in una condizione di normalit\u00e0, lontani da questo maledetto virus che da quasi un anno condiziona le nostre vite. Invece dobbiamo limitare gli spostamenti e mantenere il distanziamento: siamo costretti a qualche sacrificio e qualche rinuncia. Ma dobbiamo essere consapevoli che si tratta di una necessit\u00e0 utile. Se proprio non ci va gi\u00f9, cerchiamo di pensarlo come un regalo di Natale a medici, infermieri, operatori sanitari e lavoratori delle case di riposo; per loro saranno festivit\u00e0 molto pi\u00f9 difficili che per noi, alle prese con situazioni critiche e complicate. Ecco, a questi &#8220;angeli&#8221; va il nostro augurio pi\u00f9 grande, con la speranza che il nuovo anno porti salute e serenit\u00e0: ne hanno e ne abbiamo tutti bisogno.<\/p>\n<p>Un pensiero va a chi in questi giorni sta soffrendo, costretto sul letto di un ospedale, a casa ammalato; a chi ha subito lutti importanti in questi mesi e a chi non pu\u00f2 abbracciare i propri famigliari. E poi a chi si trova in difficolt\u00e0, perch\u00e9 ha perso o ha visto ridursi il lavoro, penso in particolare al settore del turismo, che per il nostro territorio significa indotto allargato a migliaia di attivit\u00e0, per le quali torneremo a chiedere indennizzi, come abbiamo fatto pi\u00f9 volte negli ultimi tempi.<\/p>\n<p>Il 2020 che ci lasciamo alle spalle non sar\u00e0 certo ricordato come un anno memorabile. Ma anche dalle situazioni pi\u00f9 buie \u00e8 possibile imparare qualcosa. In questi mesi abbiamo imparato il senso della comunit\u00e0, solidale nel momento del bisogno. Abbiamo apprezzato una volta di pi\u00f9 il valore del volontariato, sempre presente nelle nostre comunit\u00e0 bellunesi. E abbiamo capito che il piccolo sforzo di ciascuno \u00e8 fondamentale per il bene di tutti: una lezione che dovr\u00e0 tornarci utile dopo che avremo archiviato il Covid, perch\u00e9 il nostro territorio ha bisogno di un impegno collettivo per superare la crisi e lo spopolamento.<br \/>\nBuon Natale a tutti,<\/p>\n<p>Roberto Padrin<br \/>\nPresidente Provincia di Belluno<\/p>","protected":false},"excerpt":{"rendered":"<p>Non ci saremmo aspettati un Natale in &#8220;zona rossa&#8221;. Ci saremmo augurati di poter celebrare le festivit\u00e0 senza troppe restrizioni, in una condizione di normalit\u00e0, lontani da questo maledetto virus che da quasi un anno condiziona le nostre vite. Invece dobbiamo limitare gli spostamenti e mantenere il distanziamento: siamo costretti a qualche sacrificio e qualche [&hellip;]<\/p>\n","protected":false},"author":2,"featured_media":114481,"comment_status":"closed","ping_status":"open","sticky":false,"template":"","format":"standard","meta":{"footnotes":""},"categories":[1],"tags":[],"class_list":["post-120356","post","type-post","status-publish","format-standard","has-post-thumbnail","category-leo"],"yoast_head":"<!-- This site is optimized with the Yoast SEO plugin v28.4 - https:\/\/yoast.com\/product\/yoast-seo-wordpress\/ -->\n<title>Gli auguri dal presidente della Provincia Roberto Padrin: &quot;Dobbiamo stare distanziati. Ma non per questo sar\u00e0 meno Natale&quot; - Bellunopress - Dolomiti<\/title>\n<meta name=\"robots\" content=\"index, follow, max-snippet:-1, max-image-preview:large, max-video-preview:-1\" \/>\n<link rel=\"canonical\" href=\"https:\/\/www.bellunopress.it\/fr\/2020\/12\/23\/gli-auguri-dal-presidente-della-provincia-roberto-padrin-dobbiamo-stare-distanziati-ma-non-per-questo-sara-meno-natale\/\" \/>\n<meta property=\"og:locale\" content=\"fr_FR\" \/>\n<meta property=\"og:type\" content=\"article\" \/>\n<meta property=\"og:title\" content=\"Gli auguri dal presidente della Provincia Roberto Padrin: &quot;Dobbiamo stare distanziati. Ma non per questo sar\u00e0 meno Natale&quot; - Bellunopress - Dolomiti\" \/>\n<meta property=\"og:description\" content=\"Non ci saremmo aspettati un Natale in &#8220;zona rossa&#8221;. Ci saremmo augurati di poter celebrare le festivit\u00e0 senza troppe restrizioni, in una condizione di normalit\u00e0, lontani da questo maledetto virus che da quasi un anno condiziona le nostre vite. Invece dobbiamo limitare gli spostamenti e mantenere il distanziamento: siamo costretti a qualche sacrificio e qualche [&hellip;]\" \/>\n<meta property=\"og:url\" content=\"https:\/\/www.bellunopress.it\/fr\/2020\/12\/23\/gli-auguri-dal-presidente-della-provincia-roberto-padrin-dobbiamo-stare-distanziati-ma-non-per-questo-sara-meno-natale\/\" \/>\n<meta property=\"og:site_name\" content=\"Bellunopress - Dolomiti\" \/>\n<meta property=\"article:publisher\" content=\"https:\/\/www.facebook.com\/profile.php?id=100008943462799\" \/>\n<meta property=\"article:published_time\" content=\"2020-12-23T18:26:01+00:00\" \/>\n<meta property=\"og:image\" content=\"https:\/\/www.bellunopress.it\/wp-content\/uploads\/2020\/05\/roberto-padrin_edited-1.jpg\" \/>\n\t<meta property=\"og:image:width\" content=\"800\" \/>\n\t<meta property=\"og:image:height\" content=\"595\" \/>\n\t<meta property=\"og:image:type\" content=\"image\/jpeg\" \/>\n<meta name=\"author\" content=\"redazione\" \/>\n<meta name=\"twitter:card\" content=\"summary_large_image\" \/>\n<meta name=\"twitter:creator\" content=\"@bellunopress\" \/>\n<meta name=\"twitter:site\" content=\"@bellunopress\" \/>\n<meta name=\"twitter:label1\" content=\"Written by\" \/>\n\t<meta name=\"twitter:data1\" content=\"redazione\" \/>\n\t<meta name=\"twitter:label2\" content=\"Est. reading time\" \/>\n\t<meta name=\"twitter:data2\" content=\"2 minutes\" \/>\n<script type=\"application\/ld+json\" class=\"yoast-schema-graph\">{\"@context\":\"https:\\\/\\\/schema.org\",\"@graph\":[{\"@type\":\"Article\",\"@id\":\"https:\\\/\\\/www.bellunopress.it\\\/2020\\\/12\\\/23\\\/gli-auguri-dal-presidente-della-provincia-roberto-padrin-dobbiamo-stare-distanziati-ma-non-per-questo-sara-meno-natale\\\/#article\",\"isPartOf\":{\"@id\":\"https:\\\/\\\/www.bellunopress.it\\\/2020\\\/12\\\/23\\\/gli-auguri-dal-presidente-della-provincia-roberto-padrin-dobbiamo-stare-distanziati-ma-non-per-questo-sara-meno-natale\\\/\"},\"author\":{\"name\":\"redazione\",\"@id\":\"https:\\\/\\\/www.bellunopress.it\\\/#\\\/schema\\\/person\\\/79bb06722b37ece1c03d3e94beb30d73\"},\"headline\":\"Gli auguri dal presidente della Provincia Roberto Padrin: &#8220;Dobbiamo stare distanziati. Ma non per questo sar\u00e0 meno Natale&#8221;\",\"datePublished\":\"2020-12-23T18:26:01+00:00\",\"mainEntityOfPage\":{\"@id\":\"https:\\\/\\\/www.bellunopress.it\\\/2020\\\/12\\\/23\\\/gli-auguri-dal-presidente-della-provincia-roberto-padrin-dobbiamo-stare-distanziati-ma-non-per-questo-sara-meno-natale\\\/\"},\"wordCount\":363,\"publisher\":{\"@id\":\"https:\\\/\\\/www.bellunopress.it\\\/#organization\"},\"image\":{\"@id\":\"https:\\\/\\\/www.bellunopress.it\\\/2020\\\/12\\\/23\\\/gli-auguri-dal-presidente-della-provincia-roberto-padrin-dobbiamo-stare-distanziati-ma-non-per-questo-sara-meno-natale\\\/#primaryimage\"},\"thumbnailUrl\":\"https:\\\/\\\/www.bellunopress.it\\\/wp-content\\\/uploads\\\/2020\\\/05\\\/roberto-padrin_edited-1.jpg\",\"articleSection\":[\"Lettere Opinioni\"],\"inLanguage\":\"fr-FR\"},{\"@type\":\"WebPage\",\"@id\":\"https:\\\/\\\/www.bellunopress.it\\\/2020\\\/12\\\/23\\\/gli-auguri-dal-presidente-della-provincia-roberto-padrin-dobbiamo-stare-distanziati-ma-non-per-questo-sara-meno-natale\\\/\",\"url\":\"https:\\\/\\\/www.bellunopress.it\\\/2020\\\/12\\\/23\\\/gli-auguri-dal-presidente-della-provincia-roberto-padrin-dobbiamo-stare-distanziati-ma-non-per-questo-sara-meno-natale\\\/\",\"name\":\"Gli auguri dal presidente della Provincia Roberto Padrin: \\\"Dobbiamo stare distanziati. Ma non per questo sar\u00e0 meno Natale\\\" - Bellunopress - Dolomiti\",\"isPartOf\":{\"@id\":\"https:\\\/\\\/www.bellunopress.it\\\/#website\"},\"primaryImageOfPage\":{\"@id\":\"https:\\\/\\\/www.bellunopress.it\\\/2020\\\/12\\\/23\\\/gli-auguri-dal-presidente-della-provincia-roberto-padrin-dobbiamo-stare-distanziati-ma-non-per-questo-sara-meno-natale\\\/#primaryimage\"},\"image\":{\"@id\":\"https:\\\/\\\/www.bellunopress.it\\\/2020\\\/12\\\/23\\\/gli-auguri-dal-presidente-della-provincia-roberto-padrin-dobbiamo-stare-distanziati-ma-non-per-questo-sara-meno-natale\\\/#primaryimage\"},\"thumbnailUrl\":\"https:\\\/\\\/www.bellunopress.it\\\/wp-content\\\/uploads\\\/2020\\\/05\\\/roberto-padrin_edited-1.jpg\",\"datePublished\":\"2020-12-23T18:26:01+00:00\",\"breadcrumb\":{\"@id\":\"https:\\\/\\\/www.bellunopress.it\\\/2020\\\/12\\\/23\\\/gli-auguri-dal-presidente-della-provincia-roberto-padrin-dobbiamo-stare-distanziati-ma-non-per-questo-sara-meno-natale\\\/#breadcrumb\"},\"inLanguage\":\"fr-FR\",\"potentialAction\":[{\"@type\":\"ReadAction\",\"target\":[\"https:\\\/\\\/www.bellunopress.it\\\/2020\\\/12\\\/23\\\/gli-auguri-dal-presidente-della-provincia-roberto-padrin-dobbiamo-stare-distanziati-ma-non-per-questo-sara-meno-natale\\\/\"]}]},{\"@type\":\"ImageObject\",\"inLanguage\":\"fr-FR\",\"@id\":\"https:\\\/\\\/www.bellunopress.it\\\/2020\\\/12\\\/23\\\/gli-auguri-dal-presidente-della-provincia-roberto-padrin-dobbiamo-stare-distanziati-ma-non-per-questo-sara-meno-natale\\\/#primaryimage\",\"url\":\"https:\\\/\\\/www.bellunopress.it\\\/wp-content\\\/uploads\\\/2020\\\/05\\\/roberto-padrin_edited-1.jpg\",\"contentUrl\":\"https:\\\/\\\/www.bellunopress.it\\\/wp-content\\\/uploads\\\/2020\\\/05\\\/roberto-padrin_edited-1.jpg\",\"width\":800,\"height\":595,\"caption\":\"Roberto Padrin - Presidente della Provincia\"},{\"@type\":\"BreadcrumbList\",\"@id\":\"https:\\\/\\\/www.bellunopress.it\\\/2020\\\/12\\\/23\\\/gli-auguri-dal-presidente-della-provincia-roberto-padrin-dobbiamo-stare-distanziati-ma-non-per-questo-sara-meno-natale\\\/#breadcrumb\",\"itemListElement\":[{\"@type\":\"ListItem\",\"position\":1,\"name\":\"Home\",\"item\":\"https:\\\/\\\/www.bellunopress.it\\\/\"},{\"@type\":\"ListItem\",\"position\":2,\"name\":\"Gli auguri dal presidente della Provincia Roberto Padrin: &#8220;Dobbiamo stare distanziati. Ma non per questo sar\u00e0 meno Natale&#8221;\"}]},{\"@type\":\"WebSite\",\"@id\":\"https:\\\/\\\/www.bellunopress.it\\\/#website\",\"url\":\"https:\\\/\\\/www.bellunopress.it\\\/\",\"name\":\"Bellunopress - Dolomiti\",\"description\":\"e-mail: redazione@bellunopress.it\",\"publisher\":{\"@id\":\"https:\\\/\\\/www.bellunopress.it\\\/#organization\"},\"potentialAction\":[{\"@type\":\"SearchAction\",\"target\":{\"@type\":\"EntryPoint\",\"urlTemplate\":\"https:\\\/\\\/www.bellunopress.it\\\/?s={search_term_string}\"},\"query-input\":{\"@type\":\"PropertyValueSpecification\",\"valueRequired\":true,\"valueName\":\"search_term_string\"}}],\"inLanguage\":\"fr-FR\"},{\"@type\":\"Organization\",\"@id\":\"https:\\\/\\\/www.bellunopress.it\\\/#organization\",\"name\":\"Bellunopress\",\"url\":\"https:\\\/\\\/www.bellunopress.it\\\/\",\"logo\":{\"@type\":\"ImageObject\",\"inLanguage\":\"fr-FR\",\"@id\":\"https:\\\/\\\/www.bellunopress.it\\\/#\\\/schema\\\/logo\\\/image\\\/\",\"url\":\"https:\\\/\\\/www.bellunopress.it\\\/wp-content\\\/uploads\\\/2011\\\/05\\\/cropped-logo-bellunopress-.jpg\",\"contentUrl\":\"https:\\\/\\\/www.bellunopress.it\\\/wp-content\\\/uploads\\\/2011\\\/05\\\/cropped-logo-bellunopress-.jpg\",\"width\":512,\"height\":512,\"caption\":\"Bellunopress\"},\"image\":{\"@id\":\"https:\\\/\\\/www.bellunopress.it\\\/#\\\/schema\\\/logo\\\/image\\\/\"},\"sameAs\":[\"https:\\\/\\\/www.facebook.com\\\/profile.php?id=100008943462799\",\"https:\\\/\\\/x.com\\\/bellunopress\",\"https:\\\/\\\/www.linkedin.com\\\/hp\\\/?dnr=JBzUWaJfMUw8vbXJJ2tVW5-I3jZKvC4wsoxE&amp;amp;amp;amp;amp;amp;trk=nav_responsive_tab_home\",\"https:\\\/\\\/www.youtube.com\\\/channel\\\/UCxL0wu1uN0_3_7hGG0306cw\"]},{\"@type\":\"Person\",\"@id\":\"https:\\\/\\\/www.bellunopress.it\\\/#\\\/schema\\\/person\\\/79bb06722b37ece1c03d3e94beb30d73\",\"name\":\"redazione\",\"image\":{\"@type\":\"ImageObject\",\"inLanguage\":\"fr-FR\",\"@id\":\"https:\\\/\\\/secure.gravatar.com\\\/avatar\\\/37d968a2e67a6fd04c169c4bdef102d0bc5d31b2546345219e348575eb80e9a0?s=96&d=mm&r=g\",\"url\":\"https:\\\/\\\/secure.gravatar.com\\\/avatar\\\/37d968a2e67a6fd04c169c4bdef102d0bc5d31b2546345219e348575eb80e9a0?s=96&d=mm&r=g\",\"contentUrl\":\"https:\\\/\\\/secure.gravatar.com\\\/avatar\\\/37d968a2e67a6fd04c169c4bdef102d0bc5d31b2546345219e348575eb80e9a0?s=96&d=mm&r=g\",\"caption\":\"redazione\"},\"sameAs\":[\"http:\\\/\\\/www.bellunopress.it\",\"https:\\\/\\\/x.com\\\/bellunopress\"],\"url\":\"https:\\\/\\\/www.bellunopress.it\\\/fr\\\/author\\\/redazione\\\/\"}]}<\/script>\n<!-- \/ Yoast SEO plugin. -->","yoast_head_json":{"title":"Gli auguri dal presidente della Provincia Roberto Padrin: \"Dobbiamo stare distanziati. Ma non per questo sar\u00e0 meno Natale\" - Bellunopress - Dolomiti","robots":{"index":"index","follow":"follow","max-snippet":"max-snippet:-1","max-image-preview":"max-image-preview:large","max-video-preview":"max-video-preview:-1"},"canonical":"https:\/\/www.bellunopress.it\/fr\/2020\/12\/23\/gli-auguri-dal-presidente-della-provincia-roberto-padrin-dobbiamo-stare-distanziati-ma-non-per-questo-sara-meno-natale\/","og_locale":"fr_FR","og_type":"article","og_title":"Gli auguri dal presidente della Provincia Roberto Padrin: \"Dobbiamo stare distanziati. Ma non per questo sar\u00e0 meno Natale\" - Bellunopress - Dolomiti","og_description":"Non ci saremmo aspettati un Natale in &#8220;zona rossa&#8221;. Ci saremmo augurati di poter celebrare le festivit\u00e0 senza troppe restrizioni, in una condizione di normalit\u00e0, lontani da questo maledetto virus che da quasi un anno condiziona le nostre vite. Invece dobbiamo limitare gli spostamenti e mantenere il distanziamento: siamo costretti a qualche sacrificio e qualche [&hellip;]","og_url":"https:\/\/www.bellunopress.it\/fr\/2020\/12\/23\/gli-auguri-dal-presidente-della-provincia-roberto-padrin-dobbiamo-stare-distanziati-ma-non-per-questo-sara-meno-natale\/","og_site_name":"Bellunopress - Dolomiti","article_publisher":"https:\/\/www.facebook.com\/profile.php?id=100008943462799","article_published_time":"2020-12-23T18:26:01+00:00","og_image":[{"width":800,"height":595,"url":"https:\/\/www.bellunopress.it\/wp-content\/uploads\/2020\/05\/roberto-padrin_edited-1.jpg","type":"image\/jpeg"}],"author":"redazione","twitter_card":"summary_large_image","twitter_creator":"@bellunopress","twitter_site":"@bellunopress","twitter_misc":{"Written by":"redazione","Est. reading time":"2 minutes"},"schema":{"@context":"https:\/\/schema.org","@graph":[{"@type":"Article","@id":"https:\/\/www.bellunopress.it\/2020\/12\/23\/gli-auguri-dal-presidente-della-provincia-roberto-padrin-dobbiamo-stare-distanziati-ma-non-per-questo-sara-meno-natale\/#article","isPartOf":{"@id":"https:\/\/www.bellunopress.it\/2020\/12\/23\/gli-auguri-dal-presidente-della-provincia-roberto-padrin-dobbiamo-stare-distanziati-ma-non-per-questo-sara-meno-natale\/"},"author":{"name":"redazione","@id":"https:\/\/www.bellunopress.it\/#\/schema\/person\/79bb06722b37ece1c03d3e94beb30d73"},"headline":"Gli auguri dal presidente della Provincia Roberto Padrin: &#8220;Dobbiamo stare distanziati. Ma non per questo sar\u00e0 meno Natale&#8221;","datePublished":"2020-12-23T18:26:01+00:00","mainEntityOfPage":{"@id":"https:\/\/www.bellunopress.it\/2020\/12\/23\/gli-auguri-dal-presidente-della-provincia-roberto-padrin-dobbiamo-stare-distanziati-ma-non-per-questo-sara-meno-natale\/"},"wordCount":363,"publisher":{"@id":"https:\/\/www.bellunopress.it\/#organization"},"image":{"@id":"https:\/\/www.bellunopress.it\/2020\/12\/23\/gli-auguri-dal-presidente-della-provincia-roberto-padrin-dobbiamo-stare-distanziati-ma-non-per-questo-sara-meno-natale\/#primaryimage"},"thumbnailUrl":"https:\/\/www.bellunopress.it\/wp-content\/uploads\/2020\/05\/roberto-padrin_edited-1.jpg","articleSection":["Lettere Opinioni"],"inLanguage":"fr-FR"},{"@type":"WebPage","@id":"https:\/\/www.bellunopress.it\/2020\/12\/23\/gli-auguri-dal-presidente-della-provincia-roberto-padrin-dobbiamo-stare-distanziati-ma-non-per-questo-sara-meno-natale\/","url":"https:\/\/www.bellunopress.it\/2020\/12\/23\/gli-auguri-dal-presidente-della-provincia-roberto-padrin-dobbiamo-stare-distanziati-ma-non-per-questo-sara-meno-natale\/","name":"Gli auguri dal presidente della Provincia Roberto Padrin: \"Dobbiamo stare distanziati. Ma non per questo sar\u00e0 meno Natale\" - Bellunopress - Dolomiti","isPartOf":{"@id":"https:\/\/www.bellunopress.it\/#website"},"primaryImageOfPage":{"@id":"https:\/\/www.bellunopress.it\/2020\/12\/23\/gli-auguri-dal-presidente-della-provincia-roberto-padrin-dobbiamo-stare-distanziati-ma-non-per-questo-sara-meno-natale\/#primaryimage"},"image":{"@id":"https:\/\/www.bellunopress.it\/2020\/12\/23\/gli-auguri-dal-presidente-della-provincia-roberto-padrin-dobbiamo-stare-distanziati-ma-non-per-questo-sara-meno-natale\/#primaryimage"},"thumbnailUrl":"https:\/\/www.bellunopress.it\/wp-content\/uploads\/2020\/05\/roberto-padrin_edited-1.jpg","datePublished":"2020-12-23T18:26:01+00:00","breadcrumb":{"@id":"https:\/\/www.bellunopress.it\/2020\/12\/23\/gli-auguri-dal-presidente-della-provincia-roberto-padrin-dobbiamo-stare-distanziati-ma-non-per-questo-sara-meno-natale\/#breadcrumb"},"inLanguage":"fr-FR","potentialAction":[{"@type":"ReadAction","target":["https:\/\/www.bellunopress.it\/2020\/12\/23\/gli-auguri-dal-presidente-della-provincia-roberto-padrin-dobbiamo-stare-distanziati-ma-non-per-questo-sara-meno-natale\/"]}]},{"@type":"ImageObject","inLanguage":"fr-FR","@id":"https:\/\/www.bellunopress.it\/2020\/12\/23\/gli-auguri-dal-presidente-della-provincia-roberto-padrin-dobbiamo-stare-distanziati-ma-non-per-questo-sara-meno-natale\/#primaryimage","url":"https:\/\/www.bellunopress.it\/wp-content\/uploads\/2020\/05\/roberto-padrin_edited-1.jpg","contentUrl":"https:\/\/www.bellunopress.it\/wp-content\/uploads\/2020\/05\/roberto-padrin_edited-1.jpg","width":800,"height":595,"caption":"Roberto Padrin - Presidente della Provincia"},{"@type":"BreadcrumbList","@id":"https:\/\/www.bellunopress.it\/2020\/12\/23\/gli-auguri-dal-presidente-della-provincia-roberto-padrin-dobbiamo-stare-distanziati-ma-non-per-questo-sara-meno-natale\/#breadcrumb","itemListElement":[{"@type":"ListItem","position":1,"name":"Home","item":"https:\/\/www.bellunopress.it\/"},{"@type":"ListItem","position":2,"name":"Gli auguri dal presidente della Provincia Roberto Padrin: &#8220;Dobbiamo stare distanziati. Ma non per questo sar\u00e0 meno Natale&#8221;"}]},{"@type":"WebSite","@id":"https:\/\/www.bellunopress.it\/#website","url":"https:\/\/www.bellunopress.it\/","name":"Bellunopress - Dolomiti","description":"e-mail: redazione@bellunopress.it","publisher":{"@id":"https:\/\/www.bellunopress.it\/#organization"},"potentialAction":[{"@type":"SearchAction","target":{"@type":"EntryPoint","urlTemplate":"https:\/\/www.bellunopress.it\/?s={search_term_string}"},"query-input":{"@type":"PropertyValueSpecification","valueRequired":true,"valueName":"search_term_string"}}],"inLanguage":"fr-FR"},{"@type":"Organization","@id":"https:\/\/www.bellunopress.it\/#organization","name":"Bellunopress","url":"https:\/\/www.bellunopress.it\/","logo":{"@type":"ImageObject","inLanguage":"fr-FR","@id":"https:\/\/www.bellunopress.it\/#\/schema\/logo\/image\/","url":"https:\/\/www.bellunopress.it\/wp-content\/uploads\/2011\/05\/cropped-logo-bellunopress-.jpg","contentUrl":"https:\/\/www.bellunopress.it\/wp-content\/uploads\/2011\/05\/cropped-logo-bellunopress-.jpg","width":512,"height":512,"caption":"Bellunopress"},"image":{"@id":"https:\/\/www.bellunopress.it\/#\/schema\/logo\/image\/"},"sameAs":["https:\/\/www.facebook.com\/profile.php?id=100008943462799","https:\/\/x.com\/bellunopress","https:\/\/www.linkedin.com\/hp\/?dnr=JBzUWaJfMUw8vbXJJ2tVW5-I3jZKvC4wsoxE&amp;amp;amp;amp;amp;amp;trk=nav_responsive_tab_home","https:\/\/www.youtube.com\/channel\/UCxL0wu1uN0_3_7hGG0306cw"]},{"@type":"Person","@id":"https:\/\/www.bellunopress.it\/#\/schema\/person\/79bb06722b37ece1c03d3e94beb30d73","name":"r\u00e9daction","image":{"@type":"ImageObject","inLanguage":"fr-FR","@id":"https:\/\/secure.gravatar.com\/avatar\/37d968a2e67a6fd04c169c4bdef102d0bc5d31b2546345219e348575eb80e9a0?s=96&d=mm&r=g","url":"https:\/\/secure.gravatar.com\/avatar\/37d968a2e67a6fd04c169c4bdef102d0bc5d31b2546345219e348575eb80e9a0?s=96&d=mm&r=g","contentUrl":"https:\/\/secure.gravatar.com\/avatar\/37d968a2e67a6fd04c169c4bdef102d0bc5d31b2546345219e348575eb80e9a0?s=96&d=mm&r=g","caption":"redazione"},"sameAs":["http:\/\/www.bellunopress.it","https:\/\/x.com\/bellunopress"],"url":"https:\/\/www.bellunopress.it\/fr\/author\/redazione\/"}]}},"_links":{"self":[{"href":"https:\/\/www.bellunopress.it\/fr\/wp-json\/wp\/v2\/posts\/120356","targetHints":{"allow":["GET"]}}],"collection":[{"href":"https:\/\/www.bellunopress.it\/fr\/wp-json\/wp\/v2\/posts"}],"about":[{"href":"https:\/\/www.bellunopress.it\/fr\/wp-json\/wp\/v2\/types\/post"}],"author":[{"embeddable":true,"href":"https:\/\/www.bellunopress.it\/fr\/wp-json\/wp\/v2\/users\/2"}],"replies":[{"embeddable":true,"href":"https:\/\/www.bellunopress.it\/fr\/wp-json\/wp\/v2\/comments?post=120356"}],"version-history":[{"count":1,"href":"https:\/\/www.bellunopress.it\/fr\/wp-json\/wp\/v2\/posts\/120356\/revisions"}],"predecessor-version":[{"id":120357,"href":"https:\/\/www.bellunopress.it\/fr\/wp-json\/wp\/v2\/posts\/120356\/revisions\/120357"}],"wp:featuredmedia":[{"embeddable":true,"href":"https:\/\/www.bellunopress.it\/fr\/wp-json\/wp\/v2\/media\/114481"}],"wp:attachment":[{"href":"https:\/\/www.bellunopress.it\/fr\/wp-json\/wp\/v2\/media?parent=120356"}],"wp:term":[{"taxonomy":"category","embeddable":true,"href":"https:\/\/www.bellunopress.it\/fr\/wp-json\/wp\/v2\/categories?post=120356"},{"taxonomy":"post_tag","embeddable":true,"href":"https:\/\/www.bellunopress.it\/fr\/wp-json\/wp\/v2\/tags?post=120356"}],"curies":[{"name":"wp","href":"https:\/\/api.w.org\/{rel}","templated":true}]}}