{"id":120176,"date":"2020-12-16T18:51:28","date_gmt":"2020-12-16T17:51:28","guid":{"rendered":"http:\/\/www.bellunopress.it\/?p=120176"},"modified":"2025-02-06T20:42:32","modified_gmt":"2025-02-06T19:42:32","slug":"marta-kusch-linda-cimetta-e-silvia-da-pont-tre-storie-drammatiche-del-secolo-scorso-nei-libri-di-roberto-de-nart","status":"publish","type":"post","link":"https:\/\/www.bellunopress.it\/fr\/2020\/12\/16\/marta-kusch-linda-cimetta-e-silvia-da-pont-tre-storie-drammatiche-del-secolo-scorso-nei-libri-di-roberto-de-nart\/","title":{"rendered":"Marta Kusch, Linda Cimetta e Silvia Da Pont, tre storie drammatiche del secolo scorso nei libri di Roberto De Nart"},"content":{"rendered":"<p><a href=\"http:\/\/www.bellunopress.it\/fr\/2020\/12\/16\/marta-kusch-linda-cimetta-e-silvia-da-pont-tre-storie-drammatiche-del-secolo-scorso-nei-libri-di-roberto-de-nart\/3-libri_edited\/\" rel=\"attachment wp-att-120177\"><img loading=\"lazy\" decoding=\"async\" class=\"alignleft size-full wp-image-120177\" src=\"http:\/\/www.bellunopress.it\/wp-content\/uploads\/2020\/12\/3-libri_edited.jpg\" alt=\"\" width=\"800\" height=\"410\" srcset=\"https:\/\/www.bellunopress.it\/wp-content\/uploads\/2020\/12\/3-libri_edited.jpg 800w, https:\/\/www.bellunopress.it\/wp-content\/uploads\/2020\/12\/3-libri_edited-500x256.jpg 500w, https:\/\/www.bellunopress.it\/wp-content\/uploads\/2020\/12\/3-libri_edited-696x357.jpg 696w\" sizes=\"auto, (max-width: 800px) 100vw, 800px\" \/><\/a>Tre libri che raccontano la tragica fine di tre donne indifese, vittime della violenza dell&#8217;uomo. Tre storie realmente accadute ricostruite attraverso gli atti processuali e gli archivi dei giornali da <a href=\"http:\/\/www.robertodenart.com\">Roberto De Nart<\/a>. \u201c<a href=\"https:\/\/www.amazon.it\/soldi-della-contessa-Sequestro-omicidio\/dp\/1981005625\/ref=sxts_sxwds-bia-wc-drs1_0?__mk_it_IT=%C3%85M%C3%85%C5%BD%C3%95%C3%91&amp;cv_ct_cx=I+soldi+della+contessa&amp;dchild=1&amp;keywords=I+soldi+della+contessa&amp;pd_rd_i=1981005625&amp;pd_rd_r=ba0e5fa9-ebd0-4c8e-bb7e-e2076263463c&amp;pd_rd_w=RziIW&amp;pd_rd_wg=5Jnmi&amp;pf_rd_p=273b467a-b4cd-4b87-afb2-3db170a9d3a2&amp;pf_rd_r=A1DWMPQZ5K1SD7AFNH6A&amp;psc=1&amp;qid=1608140810&amp;sr=1-1-69f2aa40-4718-4485-ba0d-6c4119696677\">I soldi della Contessa<\/a>\u201d rivela i particolari dell\u2019omicidio di Marta Kusch, avvenuto a Pedavena nel maggio del 1945, a guerra finita, compiuto da alcuni partigiani per impossessarsi del denaro. Una grossa somma, secondo quanto detto dagli imputati sarebbero 4 milioni di vecchie lire di allora, equivalenti circa a 1 milione di euro di oggi. Ma i soldi potrebbero essere stati molti di pi\u00f9, transitati in Venezuela attraverso le banche. Marta Kusch disponeva di quei soldi per pagare gli stipendi a 800 operai che lavoravano nel Feltrino nella realizzazione delle fortificazioni per conto dell\u2019organizzazione tedesca Todt. Un fatto di sangue e soldi, tratto dagli atti processuali del 1950 esaminati dall\u2019autore all\u2019Archivio di Stato di Venezia. Marta Kusch, conosciuta come \u201cla Contessa\u201d viene uccisa senza un interrogatorio e senza un processo. Solo per chiuderle la bocca per sempre, perch\u00e9 se avesse potuto testimoniare avrebbe detto di esser stata depredata di tutto ci\u00f2 che aveva dai partigiani. Sul caso caler\u00e0 poi \u201cl\u2019ingiustizia di Stato\u201d della cosiddetta \u201cAmnistia Togliatti\u201d, in forza della quale gli imputati vengono poi scarcerati, poich\u00e9 non punibili per fatti di guerra accaduti tra l&#8217;8 settembre del 1943 e il 18 giugno del 1946. Il secondo libro, riguarda l\u2019uccisione di Linda Cimetta, titolare del Caff\u00e8 Vittoria di Belluno. Anche in questo caso, il movente sono i soldi che la donna aveva con s\u00e9 per acquistare le sigarette di contrabbando a Venezia che poi rivendeva ai suoi clienti del bar. Nel maggio 1947, al largo de Ca\u2019 La Bricola a Venezia la rete di un pescatore si incaglia e riemerge un baule legato a due macigni ,che contiene il corpo della donna. La raccapricciante vicenda, anch&#8217;essa tratta dagli atti processuali conservati all\u2019Archivio di Stato di Venezia, \u00e8 raccontata in tutti i suoi dettagli nel libro dal titolo \u201c<a href=\"https:\/\/www.amazon.it\/delitto-Cimetta-Lomicidio-processuali-dellArchivio\/dp\/1707779813\/ref=sr_1_1?__mk_it_IT=%C3%85M%C3%85%C5%BD%C3%95%C3%91&amp;dchild=1&amp;keywords=il+delitto+cimetta&amp;qid=1608140871&amp;s=books&amp;sr=1-1\">Il delitto Cimetta<\/a>\u201d. I due responsabili del delitto vengono immediatamente identificati dalla Squadra mobile di Venezia. Per Bartolomeo Toma, commesso di tabaccheria e il gondoliere Luigi Sardi inizia cos\u00ec una lunga vicenda giudiziaria di cui se ne occup\u00f2 nell\u2019ordine, il Tribunale militare straordinario di Padova nel \u201847, la Cassazione nel \u201849, la Corte d\u2019Assise di Venezia nel \u201850, ancora la Cassazione nel \u201951, la Corte d\u2019Assise d\u2019Appello di Venezia nel \u201852, ancora la Cassazione nel \u201953, la Corte d\u2019Assise d\u2019Appello nel \u201955 e la Cassazione nel \u201858. La verit\u00e0 processuale \u00e8 chiara, i due complici sono colpevoli. Ma ci sono due colpi di scena degni di un noir nascosti tra le carte esaminate dall\u2019autore. L\u2019epilogo della storia, inoltre, non fa che rafforzare il mistero. Toma, con una condanna all\u2019ergastolo confermata nei vari gradi di giudizio, nel 1960 evade dal penitenziario dell\u2019Isola di Santo Stefano e di lui non si sapr\u00e0 pi\u00f9 nulla. Sardi, che ottiene uno sconto di pena per seminfermit\u00e0 mentale e si proclamer\u00e0 sempre innocente. Quando esce dal carcere nel 1980 uccide il maresciallo di polizia Senisi e sar\u00e0 nuovamente rinchiuso. Morir\u00e0 nel 1983 fuori di senno continuando a ripetere \u201cero innocente\u201d. Il terzo libro, \u201c<a href=\"https:\/\/www.amazon.it\/delitto-Busto-Arsizio-Cesiomaggiore-Candiani\/dp\/B08P3H15L1\/ref=tmm_pap_swatch_0?_encoding=UTF8&amp;qid=1608140999&amp;sr=8-1\">Il delitto di Busto Arsizio<\/a>\u201d \u00e8 un caso che fece molto scalpore negli anni \u201950 quando accadde. Se ne occuparono abbondantemente i grandi giornali come il Corriere d&#8217;Informazione (poi Corriere della Sera) e La Stampa che seguirono tutte le fasi processuali fino alla Cassazione. E anche i periodici come Tempo, Oggi, La settimana illustrata, dedicarono ampi servizi alla tragica fine di Silvia Da Pont, la ragazza 21enne di Cesiomaggiore trovata morta nell\u2019ottobre del 1951 in un a villetta di Busto Arsizio, dove lavorava come domestica. Di questa povera ragazza conosciamo i dettagli dalla testimonianza resa al processo dai suoi familiari. Sar\u00e0 la sorella maggiore, Maria, babysitter a Zurigo, a dare impulso alle indagini poi condotte dal capitano Mongelli, comandante dei carabinieri di Busto Arsizio, che porteranno alla sbarra il cavalier Carlo Candiani, 70enne, due volte vedovo, ex commerciante di macchine per cotonifici, appassionato di farmacologia, che abitava nella villetta di via Galilei di sua propriet\u00e0. Dell&#8217;orco di Busto Arsizio, come lo definirono i quotidiani dell&#8217;epoca, Dino Buzzati scriver\u00e0 che l\u2019ha \u201ctenuta nascosta, come una sorta di bambola vivente tutta per s\u00e9 per oltre un mese e mezzo alimentandola solo con qualche cucchiaino di vino e latte\u201d. Il Candiani, firmer\u00e0 due confessioni, che poi ritratter\u00e0 in tutti i gradi di giudizio. Sar\u00e0 condannato a 25 anni in Assise, poi ridotti a 14 in Appello e a 13 in Cassazione, e morir\u00e0 nel carcere di Parma nel 1957. L\u2019omicida, dunque, in questo caso \u00e8 il signore della porta accanto, un uomo distinto, ritenuto perbene, che per salvare la propria reputazione decide di lasciar morire la ragazza, che avrebbe potuto avere salva la vita.<\/p>\n<p><iframe loading=\"lazy\" title=\"The Countess\u2019s Money: The process. From the declassified Italian archives. State Archives of Venice (English Edition)\" type=\"text\/html\" width=\"696\" height=\"550\" frameborder=\"0\" allowfullscreen style=\"max-width:100%\" src=\"https:\/\/leggi.amazon.it\/kp\/card?preview=inline&#038;linkCode=kpd&#038;ref_=k4w_oembed_t5ZQyCXi7L66wW&#038;asin=B0DW9BYWV8&#038;tag=kpembed-20\"><\/iframe><\/p>","protected":false},"excerpt":{"rendered":"<p>Tre libri che raccontano la tragica fine di tre donne indifese, vittime della violenza dell&#8217;uomo. Tre storie realmente accadute ricostruite attraverso gli atti processuali e gli archivi dei giornali da Roberto De Nart. \u201cI soldi della Contessa\u201d rivela i particolari dell\u2019omicidio di Marta Kusch, avvenuto a Pedavena nel maggio del 1945, a guerra finita, compiuto [&hellip;]<\/p>\n","protected":false},"author":2,"featured_media":120177,"comment_status":"closed","ping_status":"open","sticky":false,"template":"","format":"standard","meta":{"footnotes":""},"categories":[3,3446,25],"tags":[3440,3450,3472,100],"class_list":["post-120176","post","type-post","status-publish","format-standard","has-post-thumbnail","category-arte-cultura-spettacoli-scienza-archivi","category-featured","category-pausa-caffe","tag-i-soldi-della-contessa","tag-il-delitto-cimetta","tag-il-delitto-di-busto-arsizio","tag-roberto-de-nart"],"yoast_head":"<!-- This site is optimized with the Yoast SEO plugin v28.4 - https:\/\/yoast.com\/product\/yoast-seo-wordpress\/ -->\n<title>Marta Kusch, Linda Cimetta e Silvia Da Pont, tre storie drammatiche del secolo scorso nei libri di Roberto De Nart - Bellunopress - Dolomiti<\/title>\n<meta name=\"robots\" content=\"index, follow, max-snippet:-1, max-image-preview:large, max-video-preview:-1\" \/>\n<link rel=\"canonical\" href=\"https:\/\/www.bellunopress.it\/fr\/2020\/12\/16\/marta-kusch-linda-cimetta-e-silvia-da-pont-tre-storie-drammatiche-del-secolo-scorso-nei-libri-di-roberto-de-nart\/\" \/>\n<meta property=\"og:locale\" content=\"fr_FR\" \/>\n<meta property=\"og:type\" content=\"article\" \/>\n<meta property=\"og:title\" content=\"Marta Kusch, Linda Cimetta e Silvia Da Pont, tre storie drammatiche del secolo scorso nei libri di Roberto De Nart - Bellunopress - Dolomiti\" \/>\n<meta property=\"og:description\" content=\"Tre libri che raccontano la tragica fine di tre donne indifese, vittime della violenza dell&#8217;uomo. Tre storie realmente accadute ricostruite attraverso gli atti processuali e gli archivi dei giornali da Roberto De Nart. \u201cI soldi della Contessa\u201d rivela i particolari dell\u2019omicidio di Marta Kusch, avvenuto a Pedavena nel maggio del 1945, a guerra finita, compiuto [&hellip;]\" \/>\n<meta property=\"og:url\" content=\"https:\/\/www.bellunopress.it\/fr\/2020\/12\/16\/marta-kusch-linda-cimetta-e-silvia-da-pont-tre-storie-drammatiche-del-secolo-scorso-nei-libri-di-roberto-de-nart\/\" \/>\n<meta property=\"og:site_name\" content=\"Bellunopress - Dolomiti\" \/>\n<meta property=\"article:publisher\" content=\"https:\/\/www.facebook.com\/profile.php?id=100008943462799\" \/>\n<meta property=\"article:published_time\" content=\"2020-12-16T17:51:28+00:00\" \/>\n<meta property=\"article:modified_time\" content=\"2025-02-06T19:42:32+00:00\" \/>\n<meta property=\"og:image\" content=\"https:\/\/www.bellunopress.it\/wp-content\/uploads\/2020\/12\/3-libri_edited.jpg\" \/>\n\t<meta property=\"og:image:width\" content=\"800\" \/>\n\t<meta property=\"og:image:height\" content=\"410\" \/>\n\t<meta property=\"og:image:type\" content=\"image\/jpeg\" \/>\n<meta name=\"author\" content=\"redazione\" \/>\n<meta name=\"twitter:card\" content=\"summary_large_image\" \/>\n<meta name=\"twitter:creator\" content=\"@bellunopress\" \/>\n<meta name=\"twitter:site\" content=\"@bellunopress\" \/>\n<meta name=\"twitter:label1\" content=\"\u00c9crit par\" \/>\n\t<meta name=\"twitter:data1\" content=\"redazione\" \/>\n\t<meta name=\"twitter:label2\" content=\"Dur\u00e9e de lecture estim\u00e9e\" \/>\n\t<meta name=\"twitter:data2\" content=\"4 minutes\" \/>\n<script type=\"application\/ld+json\" class=\"yoast-schema-graph\">{\"@context\":\"https:\\\/\\\/schema.org\",\"@graph\":[{\"@type\":\"Article\",\"@id\":\"https:\\\/\\\/www.bellunopress.it\\\/2020\\\/12\\\/16\\\/marta-kusch-linda-cimetta-e-silvia-da-pont-tre-storie-drammatiche-del-secolo-scorso-nei-libri-di-roberto-de-nart\\\/#article\",\"isPartOf\":{\"@id\":\"https:\\\/\\\/www.bellunopress.it\\\/2020\\\/12\\\/16\\\/marta-kusch-linda-cimetta-e-silvia-da-pont-tre-storie-drammatiche-del-secolo-scorso-nei-libri-di-roberto-de-nart\\\/\"},\"author\":{\"name\":\"redazione\",\"@id\":\"https:\\\/\\\/www.bellunopress.it\\\/#\\\/schema\\\/person\\\/79bb06722b37ece1c03d3e94beb30d73\"},\"headline\":\"Marta Kusch, Linda Cimetta e Silvia Da Pont, tre storie drammatiche del secolo scorso nei libri di Roberto De Nart\",\"datePublished\":\"2020-12-16T17:51:28+00:00\",\"dateModified\":\"2025-02-06T19:42:32+00:00\",\"mainEntityOfPage\":{\"@id\":\"https:\\\/\\\/www.bellunopress.it\\\/2020\\\/12\\\/16\\\/marta-kusch-linda-cimetta-e-silvia-da-pont-tre-storie-drammatiche-del-secolo-scorso-nei-libri-di-roberto-de-nart\\\/\"},\"wordCount\":896,\"publisher\":{\"@id\":\"https:\\\/\\\/www.bellunopress.it\\\/#organization\"},\"image\":{\"@id\":\"https:\\\/\\\/www.bellunopress.it\\\/2020\\\/12\\\/16\\\/marta-kusch-linda-cimetta-e-silvia-da-pont-tre-storie-drammatiche-del-secolo-scorso-nei-libri-di-roberto-de-nart\\\/#primaryimage\"},\"thumbnailUrl\":\"https:\\\/\\\/www.bellunopress.it\\\/wp-content\\\/uploads\\\/2020\\\/12\\\/3-libri_edited.jpg\",\"keywords\":[\"I soldi della contessa\",\"Il delitto Cimetta\",\"Il delitto di Busto Arsizio\",\"Roberto De Nart\"],\"articleSection\":[\"Arte, Cultura, Spettacoli, Scienza\",\"Featured\",\"Pausa Caff\u00e8\"],\"inLanguage\":\"fr-FR\"},{\"@type\":\"WebPage\",\"@id\":\"https:\\\/\\\/www.bellunopress.it\\\/2020\\\/12\\\/16\\\/marta-kusch-linda-cimetta-e-silvia-da-pont-tre-storie-drammatiche-del-secolo-scorso-nei-libri-di-roberto-de-nart\\\/\",\"url\":\"https:\\\/\\\/www.bellunopress.it\\\/2020\\\/12\\\/16\\\/marta-kusch-linda-cimetta-e-silvia-da-pont-tre-storie-drammatiche-del-secolo-scorso-nei-libri-di-roberto-de-nart\\\/\",\"name\":\"Marta Kusch, Linda Cimetta e Silvia Da Pont, tre storie drammatiche del secolo scorso nei libri di Roberto De Nart - Bellunopress - Dolomiti\",\"isPartOf\":{\"@id\":\"https:\\\/\\\/www.bellunopress.it\\\/#website\"},\"primaryImageOfPage\":{\"@id\":\"https:\\\/\\\/www.bellunopress.it\\\/2020\\\/12\\\/16\\\/marta-kusch-linda-cimetta-e-silvia-da-pont-tre-storie-drammatiche-del-secolo-scorso-nei-libri-di-roberto-de-nart\\\/#primaryimage\"},\"image\":{\"@id\":\"https:\\\/\\\/www.bellunopress.it\\\/2020\\\/12\\\/16\\\/marta-kusch-linda-cimetta-e-silvia-da-pont-tre-storie-drammatiche-del-secolo-scorso-nei-libri-di-roberto-de-nart\\\/#primaryimage\"},\"thumbnailUrl\":\"https:\\\/\\\/www.bellunopress.it\\\/wp-content\\\/uploads\\\/2020\\\/12\\\/3-libri_edited.jpg\",\"datePublished\":\"2020-12-16T17:51:28+00:00\",\"dateModified\":\"2025-02-06T19:42:32+00:00\",\"breadcrumb\":{\"@id\":\"https:\\\/\\\/www.bellunopress.it\\\/2020\\\/12\\\/16\\\/marta-kusch-linda-cimetta-e-silvia-da-pont-tre-storie-drammatiche-del-secolo-scorso-nei-libri-di-roberto-de-nart\\\/#breadcrumb\"},\"inLanguage\":\"fr-FR\",\"potentialAction\":[{\"@type\":\"ReadAction\",\"target\":[\"https:\\\/\\\/www.bellunopress.it\\\/2020\\\/12\\\/16\\\/marta-kusch-linda-cimetta-e-silvia-da-pont-tre-storie-drammatiche-del-secolo-scorso-nei-libri-di-roberto-de-nart\\\/\"]}]},{\"@type\":\"ImageObject\",\"inLanguage\":\"fr-FR\",\"@id\":\"https:\\\/\\\/www.bellunopress.it\\\/2020\\\/12\\\/16\\\/marta-kusch-linda-cimetta-e-silvia-da-pont-tre-storie-drammatiche-del-secolo-scorso-nei-libri-di-roberto-de-nart\\\/#primaryimage\",\"url\":\"https:\\\/\\\/www.bellunopress.it\\\/wp-content\\\/uploads\\\/2020\\\/12\\\/3-libri_edited.jpg\",\"contentUrl\":\"https:\\\/\\\/www.bellunopress.it\\\/wp-content\\\/uploads\\\/2020\\\/12\\\/3-libri_edited.jpg\",\"width\":800,\"height\":410},{\"@type\":\"BreadcrumbList\",\"@id\":\"https:\\\/\\\/www.bellunopress.it\\\/2020\\\/12\\\/16\\\/marta-kusch-linda-cimetta-e-silvia-da-pont-tre-storie-drammatiche-del-secolo-scorso-nei-libri-di-roberto-de-nart\\\/#breadcrumb\",\"itemListElement\":[{\"@type\":\"ListItem\",\"position\":1,\"name\":\"Home\",\"item\":\"https:\\\/\\\/www.bellunopress.it\\\/\"},{\"@type\":\"ListItem\",\"position\":2,\"name\":\"Marta Kusch, Linda Cimetta e Silvia Da Pont, tre storie drammatiche del secolo scorso nei libri di Roberto De Nart\"}]},{\"@type\":\"WebSite\",\"@id\":\"https:\\\/\\\/www.bellunopress.it\\\/#website\",\"url\":\"https:\\\/\\\/www.bellunopress.it\\\/\",\"name\":\"Bellunopress - Dolomiti\",\"description\":\"e-mail: redazione@bellunopress.it\",\"publisher\":{\"@id\":\"https:\\\/\\\/www.bellunopress.it\\\/#organization\"},\"potentialAction\":[{\"@type\":\"SearchAction\",\"target\":{\"@type\":\"EntryPoint\",\"urlTemplate\":\"https:\\\/\\\/www.bellunopress.it\\\/?s={search_term_string}\"},\"query-input\":{\"@type\":\"PropertyValueSpecification\",\"valueRequired\":true,\"valueName\":\"search_term_string\"}}],\"inLanguage\":\"fr-FR\"},{\"@type\":\"Organization\",\"@id\":\"https:\\\/\\\/www.bellunopress.it\\\/#organization\",\"name\":\"Bellunopress\",\"url\":\"https:\\\/\\\/www.bellunopress.it\\\/\",\"logo\":{\"@type\":\"ImageObject\",\"inLanguage\":\"fr-FR\",\"@id\":\"https:\\\/\\\/www.bellunopress.it\\\/#\\\/schema\\\/logo\\\/image\\\/\",\"url\":\"https:\\\/\\\/www.bellunopress.it\\\/wp-content\\\/uploads\\\/2011\\\/05\\\/cropped-logo-bellunopress-.jpg\",\"contentUrl\":\"https:\\\/\\\/www.bellunopress.it\\\/wp-content\\\/uploads\\\/2011\\\/05\\\/cropped-logo-bellunopress-.jpg\",\"width\":512,\"height\":512,\"caption\":\"Bellunopress\"},\"image\":{\"@id\":\"https:\\\/\\\/www.bellunopress.it\\\/#\\\/schema\\\/logo\\\/image\\\/\"},\"sameAs\":[\"https:\\\/\\\/www.facebook.com\\\/profile.php?id=100008943462799\",\"https:\\\/\\\/x.com\\\/bellunopress\",\"https:\\\/\\\/www.linkedin.com\\\/hp\\\/?dnr=JBzUWaJfMUw8vbXJJ2tVW5-I3jZKvC4wsoxE&amp;amp;amp;amp;amp;amp;trk=nav_responsive_tab_home\",\"https:\\\/\\\/www.youtube.com\\\/channel\\\/UCxL0wu1uN0_3_7hGG0306cw\"]},{\"@type\":\"Person\",\"@id\":\"https:\\\/\\\/www.bellunopress.it\\\/#\\\/schema\\\/person\\\/79bb06722b37ece1c03d3e94beb30d73\",\"name\":\"redazione\",\"image\":{\"@type\":\"ImageObject\",\"inLanguage\":\"fr-FR\",\"@id\":\"https:\\\/\\\/secure.gravatar.com\\\/avatar\\\/37d968a2e67a6fd04c169c4bdef102d0bc5d31b2546345219e348575eb80e9a0?s=96&d=mm&r=g\",\"url\":\"https:\\\/\\\/secure.gravatar.com\\\/avatar\\\/37d968a2e67a6fd04c169c4bdef102d0bc5d31b2546345219e348575eb80e9a0?s=96&d=mm&r=g\",\"contentUrl\":\"https:\\\/\\\/secure.gravatar.com\\\/avatar\\\/37d968a2e67a6fd04c169c4bdef102d0bc5d31b2546345219e348575eb80e9a0?s=96&d=mm&r=g\",\"caption\":\"redazione\"},\"sameAs\":[\"http:\\\/\\\/www.bellunopress.it\",\"https:\\\/\\\/x.com\\\/bellunopress\"],\"url\":\"https:\\\/\\\/www.bellunopress.it\\\/fr\\\/author\\\/redazione\\\/\"}]}<\/script>\n<!-- \/ Yoast SEO plugin. -->","yoast_head_json":{"title":"Marta Kusch, Linda Cimetta e Silvia Da Pont, tre storie drammatiche del secolo scorso nei libri di Roberto De Nart - Bellunopress - Dolomiti","robots":{"index":"index","follow":"follow","max-snippet":"max-snippet:-1","max-image-preview":"max-image-preview:large","max-video-preview":"max-video-preview:-1"},"canonical":"https:\/\/www.bellunopress.it\/fr\/2020\/12\/16\/marta-kusch-linda-cimetta-e-silvia-da-pont-tre-storie-drammatiche-del-secolo-scorso-nei-libri-di-roberto-de-nart\/","og_locale":"fr_FR","og_type":"article","og_title":"Marta Kusch, Linda Cimetta e Silvia Da Pont, tre storie drammatiche del secolo scorso nei libri di Roberto De Nart - Bellunopress - Dolomiti","og_description":"Tre libri che raccontano la tragica fine di tre donne indifese, vittime della violenza dell&#8217;uomo. Tre storie realmente accadute ricostruite attraverso gli atti processuali e gli archivi dei giornali da Roberto De Nart. \u201cI soldi della Contessa\u201d rivela i particolari dell\u2019omicidio di Marta Kusch, avvenuto a Pedavena nel maggio del 1945, a guerra finita, compiuto [&hellip;]","og_url":"https:\/\/www.bellunopress.it\/fr\/2020\/12\/16\/marta-kusch-linda-cimetta-e-silvia-da-pont-tre-storie-drammatiche-del-secolo-scorso-nei-libri-di-roberto-de-nart\/","og_site_name":"Bellunopress - Dolomiti","article_publisher":"https:\/\/www.facebook.com\/profile.php?id=100008943462799","article_published_time":"2020-12-16T17:51:28+00:00","article_modified_time":"2025-02-06T19:42:32+00:00","og_image":[{"width":800,"height":410,"url":"https:\/\/www.bellunopress.it\/wp-content\/uploads\/2020\/12\/3-libri_edited.jpg","type":"image\/jpeg"}],"author":"redazione","twitter_card":"summary_large_image","twitter_creator":"@bellunopress","twitter_site":"@bellunopress","twitter_misc":{"\u00c9crit par":"redazione","Dur\u00e9e de lecture estim\u00e9e":"4 minutes"},"schema":{"@context":"https:\/\/schema.org","@graph":[{"@type":"Article","@id":"https:\/\/www.bellunopress.it\/2020\/12\/16\/marta-kusch-linda-cimetta-e-silvia-da-pont-tre-storie-drammatiche-del-secolo-scorso-nei-libri-di-roberto-de-nart\/#article","isPartOf":{"@id":"https:\/\/www.bellunopress.it\/2020\/12\/16\/marta-kusch-linda-cimetta-e-silvia-da-pont-tre-storie-drammatiche-del-secolo-scorso-nei-libri-di-roberto-de-nart\/"},"author":{"name":"redazione","@id":"https:\/\/www.bellunopress.it\/#\/schema\/person\/79bb06722b37ece1c03d3e94beb30d73"},"headline":"Marta Kusch, Linda Cimetta e Silvia Da Pont, tre storie drammatiche del secolo scorso nei libri di Roberto De Nart","datePublished":"2020-12-16T17:51:28+00:00","dateModified":"2025-02-06T19:42:32+00:00","mainEntityOfPage":{"@id":"https:\/\/www.bellunopress.it\/2020\/12\/16\/marta-kusch-linda-cimetta-e-silvia-da-pont-tre-storie-drammatiche-del-secolo-scorso-nei-libri-di-roberto-de-nart\/"},"wordCount":896,"publisher":{"@id":"https:\/\/www.bellunopress.it\/#organization"},"image":{"@id":"https:\/\/www.bellunopress.it\/2020\/12\/16\/marta-kusch-linda-cimetta-e-silvia-da-pont-tre-storie-drammatiche-del-secolo-scorso-nei-libri-di-roberto-de-nart\/#primaryimage"},"thumbnailUrl":"https:\/\/www.bellunopress.it\/wp-content\/uploads\/2020\/12\/3-libri_edited.jpg","keywords":["I soldi della contessa","Il delitto Cimetta","Il delitto di Busto Arsizio","Roberto De Nart"],"articleSection":["Arte, Cultura, Spettacoli, Scienza","Featured","Pausa Caff\u00e8"],"inLanguage":"fr-FR"},{"@type":"WebPage","@id":"https:\/\/www.bellunopress.it\/2020\/12\/16\/marta-kusch-linda-cimetta-e-silvia-da-pont-tre-storie-drammatiche-del-secolo-scorso-nei-libri-di-roberto-de-nart\/","url":"https:\/\/www.bellunopress.it\/2020\/12\/16\/marta-kusch-linda-cimetta-e-silvia-da-pont-tre-storie-drammatiche-del-secolo-scorso-nei-libri-di-roberto-de-nart\/","name":"Marta Kusch, Linda Cimetta e Silvia Da Pont, tre storie drammatiche del secolo scorso nei libri di Roberto De Nart - Bellunopress - Dolomiti","isPartOf":{"@id":"https:\/\/www.bellunopress.it\/#website"},"primaryImageOfPage":{"@id":"https:\/\/www.bellunopress.it\/2020\/12\/16\/marta-kusch-linda-cimetta-e-silvia-da-pont-tre-storie-drammatiche-del-secolo-scorso-nei-libri-di-roberto-de-nart\/#primaryimage"},"image":{"@id":"https:\/\/www.bellunopress.it\/2020\/12\/16\/marta-kusch-linda-cimetta-e-silvia-da-pont-tre-storie-drammatiche-del-secolo-scorso-nei-libri-di-roberto-de-nart\/#primaryimage"},"thumbnailUrl":"https:\/\/www.bellunopress.it\/wp-content\/uploads\/2020\/12\/3-libri_edited.jpg","datePublished":"2020-12-16T17:51:28+00:00","dateModified":"2025-02-06T19:42:32+00:00","breadcrumb":{"@id":"https:\/\/www.bellunopress.it\/2020\/12\/16\/marta-kusch-linda-cimetta-e-silvia-da-pont-tre-storie-drammatiche-del-secolo-scorso-nei-libri-di-roberto-de-nart\/#breadcrumb"},"inLanguage":"fr-FR","potentialAction":[{"@type":"ReadAction","target":["https:\/\/www.bellunopress.it\/2020\/12\/16\/marta-kusch-linda-cimetta-e-silvia-da-pont-tre-storie-drammatiche-del-secolo-scorso-nei-libri-di-roberto-de-nart\/"]}]},{"@type":"ImageObject","inLanguage":"fr-FR","@id":"https:\/\/www.bellunopress.it\/2020\/12\/16\/marta-kusch-linda-cimetta-e-silvia-da-pont-tre-storie-drammatiche-del-secolo-scorso-nei-libri-di-roberto-de-nart\/#primaryimage","url":"https:\/\/www.bellunopress.it\/wp-content\/uploads\/2020\/12\/3-libri_edited.jpg","contentUrl":"https:\/\/www.bellunopress.it\/wp-content\/uploads\/2020\/12\/3-libri_edited.jpg","width":800,"height":410},{"@type":"BreadcrumbList","@id":"https:\/\/www.bellunopress.it\/2020\/12\/16\/marta-kusch-linda-cimetta-e-silvia-da-pont-tre-storie-drammatiche-del-secolo-scorso-nei-libri-di-roberto-de-nart\/#breadcrumb","itemListElement":[{"@type":"ListItem","position":1,"name":"Home","item":"https:\/\/www.bellunopress.it\/"},{"@type":"ListItem","position":2,"name":"Marta Kusch, Linda Cimetta e Silvia Da Pont, tre storie drammatiche del secolo scorso nei libri di Roberto De Nart"}]},{"@type":"WebSite","@id":"https:\/\/www.bellunopress.it\/#website","url":"https:\/\/www.bellunopress.it\/","name":"Bellunopress - Dolomiti","description":"e-mail: redazione@bellunopress.it","publisher":{"@id":"https:\/\/www.bellunopress.it\/#organization"},"potentialAction":[{"@type":"SearchAction","target":{"@type":"EntryPoint","urlTemplate":"https:\/\/www.bellunopress.it\/?s={search_term_string}"},"query-input":{"@type":"PropertyValueSpecification","valueRequired":true,"valueName":"search_term_string"}}],"inLanguage":"fr-FR"},{"@type":"Organization","@id":"https:\/\/www.bellunopress.it\/#organization","name":"Bellunopress","url":"https:\/\/www.bellunopress.it\/","logo":{"@type":"ImageObject","inLanguage":"fr-FR","@id":"https:\/\/www.bellunopress.it\/#\/schema\/logo\/image\/","url":"https:\/\/www.bellunopress.it\/wp-content\/uploads\/2011\/05\/cropped-logo-bellunopress-.jpg","contentUrl":"https:\/\/www.bellunopress.it\/wp-content\/uploads\/2011\/05\/cropped-logo-bellunopress-.jpg","width":512,"height":512,"caption":"Bellunopress"},"image":{"@id":"https:\/\/www.bellunopress.it\/#\/schema\/logo\/image\/"},"sameAs":["https:\/\/www.facebook.com\/profile.php?id=100008943462799","https:\/\/x.com\/bellunopress","https:\/\/www.linkedin.com\/hp\/?dnr=JBzUWaJfMUw8vbXJJ2tVW5-I3jZKvC4wsoxE&amp;amp;amp;amp;amp;amp;trk=nav_responsive_tab_home","https:\/\/www.youtube.com\/channel\/UCxL0wu1uN0_3_7hGG0306cw"]},{"@type":"Person","@id":"https:\/\/www.bellunopress.it\/#\/schema\/person\/79bb06722b37ece1c03d3e94beb30d73","name":"r\u00e9daction","image":{"@type":"ImageObject","inLanguage":"fr-FR","@id":"https:\/\/secure.gravatar.com\/avatar\/37d968a2e67a6fd04c169c4bdef102d0bc5d31b2546345219e348575eb80e9a0?s=96&d=mm&r=g","url":"https:\/\/secure.gravatar.com\/avatar\/37d968a2e67a6fd04c169c4bdef102d0bc5d31b2546345219e348575eb80e9a0?s=96&d=mm&r=g","contentUrl":"https:\/\/secure.gravatar.com\/avatar\/37d968a2e67a6fd04c169c4bdef102d0bc5d31b2546345219e348575eb80e9a0?s=96&d=mm&r=g","caption":"redazione"},"sameAs":["http:\/\/www.bellunopress.it","https:\/\/x.com\/bellunopress"],"url":"https:\/\/www.bellunopress.it\/fr\/author\/redazione\/"}]}},"_links":{"self":[{"href":"https:\/\/www.bellunopress.it\/fr\/wp-json\/wp\/v2\/posts\/120176","targetHints":{"allow":["GET"]}}],"collection":[{"href":"https:\/\/www.bellunopress.it\/fr\/wp-json\/wp\/v2\/posts"}],"about":[{"href":"https:\/\/www.bellunopress.it\/fr\/wp-json\/wp\/v2\/types\/post"}],"author":[{"embeddable":true,"href":"https:\/\/www.bellunopress.it\/fr\/wp-json\/wp\/v2\/users\/2"}],"replies":[{"embeddable":true,"href":"https:\/\/www.bellunopress.it\/fr\/wp-json\/wp\/v2\/comments?post=120176"}],"version-history":[{"count":4,"href":"https:\/\/www.bellunopress.it\/fr\/wp-json\/wp\/v2\/posts\/120176\/revisions"}],"predecessor-version":[{"id":157711,"href":"https:\/\/www.bellunopress.it\/fr\/wp-json\/wp\/v2\/posts\/120176\/revisions\/157711"}],"wp:featuredmedia":[{"embeddable":true,"href":"https:\/\/www.bellunopress.it\/fr\/wp-json\/wp\/v2\/media\/120177"}],"wp:attachment":[{"href":"https:\/\/www.bellunopress.it\/fr\/wp-json\/wp\/v2\/media?parent=120176"}],"wp:term":[{"taxonomy":"category","embeddable":true,"href":"https:\/\/www.bellunopress.it\/fr\/wp-json\/wp\/v2\/categories?post=120176"},{"taxonomy":"post_tag","embeddable":true,"href":"https:\/\/www.bellunopress.it\/fr\/wp-json\/wp\/v2\/tags?post=120176"}],"curies":[{"name":"wp","href":"https:\/\/api.w.org\/{rel}","templated":true}]}}